{"id":10793,"date":"2026-09-03T10:48:11","date_gmt":"2026-09-03T10:48:11","guid":{"rendered":"https:\/\/jpevlogistics.com\/?p=10793"},"modified":"2026-09-03T10:48:14","modified_gmt":"2026-09-03T10:48:14","slug":"un-corredor-que-se-corta-y-una-cadena-que-se-frena","status":"publish","type":"post","link":"https:\/\/jpevlogistics.com\/en\/un-corredor-que-se-corta-y-una-cadena-que-se-frena\/","title":{"rendered":"Un corredor que se corta y una cadena que se frena"},"content":{"rendered":"<p class=\"wp-block-paragraph\">03\/09\/26 &#8211; Nuevamente el cierre del paso Cristo Redentor Chile &#8211; Argentina <\/p>\n\n\n\n<p class=\"wp-block-paragraph\">El Sistema Integrado Cristo Redentor cerr\u00f3 preventivamente el mi\u00e9rcoles 2 de septiembre a las 17:00 de Chile (18:00 de Argentina), con corte de barreras en Guardia Vieja y Uspallata desde media tarde. La restricci\u00f3n se mantiene durante este jueves 3, mientras el Comit\u00e9 Binacional eval\u00faa nuevamente las condiciones. <br>El motivo es el de siempre en esta \u00e9poca: nevadas, bajas temperaturas, formaci\u00f3n de hielo y r\u00e1fagas de viento que no permiten garantizar una transitabilidad segura en alta monta\u00f1a.<\/p>\n\n\n\n<p class=\"wp-block-paragraph\"><br>Lo que hace particular este cierre es el contexto. El corredor reci\u00e9n hab\u00eda recuperado la circulaci\u00f3n plena el martes 1 de septiembre, despu\u00e9s de casi dos meses de cierres, reaperturas parciales y restricciones. Antes de eso hubo un cierre r\u00e9cord de 34 d\u00edas consecutivos, con m\u00e1s de 3.400 camiones acumulados en Mendoza que debieron salir en convoyes escoltados por Gendarmer\u00eda.<\/p>\n\n\n\n<p class=\"wp-block-paragraph\"><br>Veinticuatro horas de circulaci\u00f3n normal. Despu\u00e9s, otra vez la barrera baja.<br>El costo de un cami\u00f3n que no se mueve<br>Un cami\u00f3n detenido no es un cami\u00f3n que \u201cno gana\u201d. Es un cami\u00f3n que pierde todos los d\u00edas.<br><\/p>\n\n\n\n<p class=\"wp-block-paragraph\">Seg\u00fan estimaciones de la Asociaci\u00f3n Propietarios de Camiones Mendoza (Aprocam), mantener una unidad inmovilizada cuesta alrededor de 450 d\u00f3lares diarios entre salarios, seguros, mantenimiento, patentes, combustible y dem\u00e1s gastos operativos que corren aunque el veh\u00edculo est\u00e9 parado. Otras estimaciones difundidas en Mendoza ubican esa cifra cerca de los 600 d\u00f3lares por d\u00eda y por unidad.<\/p>\n\n\n\n<p class=\"wp-block-paragraph\"><br>Multiplicado por los miles de camiones que quedan varados en cada episodio, el resultado es una p\u00e9rdida diaria que ronda el mill\u00f3n y medio de d\u00f3lares. Durante el cierre de 21 d\u00edas de agosto, Aprocam calcul\u00f3 un perjuicio acumulado cercano a los 18 millones de d\u00f3lares solo para el transporte de cargas. <\/p>\n\n\n\n<p class=\"wp-block-paragraph\">La C\u00e1mara de Comercio Exterior de C\u00f3rdoba estim\u00f3, por su parte, p\u00e9rdidas directas de aproximadamente 1,5 millones de d\u00f3lares por d\u00eda para las empresas con cargas demoradas, a lo que hay que sumar las distorsiones de toda la cadena: el cami\u00f3n detenido no puede tomar carga nueva y el contenedor no completa su circuito.<\/p>\n\n\n\n<p class=\"wp-block-paragraph\"><br>Conviene subrayar algo que suele quedar afuera del titular: el transportista no factura, pero sus obligaciones no se suspenden. El sueldo del chofer se paga igual. La cuota del equipo se debita igual. El seguro, la patente y el impuesto vencen igual. Y cuando el paso reabre, el mismo transportista enfrenta d\u00edas de congesti\u00f3n y circulaci\u00f3n en un solo sentido antes de volver a un ritmo normal de facturaci\u00f3n. El agujero no se cierra el d\u00eda que se levanta la barrera: se arrastra durante semanas.<\/p>\n\n\n\n<p class=\"wp-block-paragraph\"><br>Del otro lado del contenedor: la pyme que no puede fabricar<br>El impacto no termina en el transporte. Termina \u2014o m\u00e1s bien empieza\u2014 en la planta que espera.<br>Buena parte de lo que cruza por el Cristo Redentor no es producto terminado para g\u00f3ndola: son insumos, componentes, repuestos y materias primas que alimentan l\u00edneas de producci\u00f3n argentinas. Cuando ese contenedor queda varado en alta monta\u00f1a, la pyme que lo espera no tiene un problema log\u00edstico. Tiene un problema productivo.<br>La secuencia es conocida por cualquiera que fabrique en el pa\u00eds:<br>\u2022 La l\u00ednea se frena por falta de un componente que representa una fracci\u00f3n m\u00ednima del costo total del producto.<br>\u2022 El personal sigue en planta, con su costo intacto y sin producci\u00f3n que lo justifique.<br>\u2022 Se incumplen entregas ya comprometidas, con penalidades o p\u00e9rdida de clientes.<br>\u2022 Se compra el faltante en el mercado local a precio de urgencia, si es que existe, y el margen del lote desaparece.<br>\u2022 El financiamiento del stock inmovilizado sigue corriendo mientras la mercader\u00eda no genera un peso.<br>Para una empresa grande esto es un dolor de cabeza. Para una pyme con capital de trabajo ajustado, dos semanas de l\u00ednea frenada pueden comprometer el trimestre entero.<br>A eso se suma un efecto menos visible pero igual de caro: la incertidumbre. Cuando el corredor deja de ser previsible, todos los actores empiezan a sobrestockear \u201cpor las dudas\u201d. Ese stock defensivo es capital inmovilizado, y en un contexto de tasas altas ese seguro cuesta caro.<br>Qu\u00e9 se puede hacer, con honestidad<br>No hay soluci\u00f3n m\u00e1gica: el clima en alta monta\u00f1a no se negocia. Pero hay decisiones que reducen la exposici\u00f3n, y la mayor\u00eda se toman antes del cierre, no durante.<br>Planificar la temporada, no el embarque. Entre junio y septiembre el corredor tiene cierres previsibles en frecuencia, aunque no en fecha. La programaci\u00f3n de compras de invierno deber\u00eda contemplar ese riesgo desde el inicio, no descubrirlo cuando el cami\u00f3n ya est\u00e1 en Uspallata.<br>Trabajar con alternativas evaluadas de antemano. Existen otros pasos y otras combinaciones modales. Ninguna reemplaza al Cristo Redentor en volumen ni en costo, y esa es la verdad: la alternativa casi siempre es m\u00e1s cara o m\u00e1s lenta. Pero tener el an\u00e1lisis hecho \u2014costo, tiempo, restricciones de carga\u2014 permite decidir en horas y no en d\u00edas.<br>Segmentar la carga por criticidad. No todo lo que viaja tiene el mismo costo de demora. Identificar cu\u00e1les son los insumos que frenan la l\u00ednea de producci\u00f3n permite darles un tratamiento distinto: adelantar embarques, dividir lotes o pagar una alternativa m\u00e1s cara solo para lo que realmente lo justifica.<br>Informaci\u00f3n temprana y decisiones tempranas. La diferencia entre reprogramar una salida con 24 horas de anticipaci\u00f3n y tener la unidad varada cinco d\u00edas en la cordillera son varios miles de d\u00f3lares. Esa diferencia se juega en el seguimiento diario del corredor, no en el reclamo posterior.<br>Nuestra posici\u00f3n<br>En JPEV Logistics operamos transporte terrestre propio en los corredores de Chile, Brasil y Uruguay. No somos intermediarios que esperan que un tercero avise: monitoreamos el estado del paso todos los d\u00edas y decidimos sobre nuestras propias unidades, lo que nos permite reprogramar antes de que el cami\u00f3n quede atrapado y avisarle al cliente cuando todav\u00eda hay margen para hacer algo.<br>Tambi\u00e9n creemos que hay una conversaci\u00f3n pendiente a nivel pa\u00eds. Un corredor por el que sale una porci\u00f3n decisiva del comercio con Chile y con Asia no puede depender de una infraestructura que se interrumpe semanas enteras cada invierno. Mientras tanto, el sector privado hace lo que puede: planificar mejor, informar antes y absorber un costo que no gener\u00f3.<\/p>\n\n\n\n<figure class=\"wp-block-image size-large\"><img fetchpriority=\"high\" decoding=\"async\" width=\"1024\" height=\"586\" src=\"https:\/\/jpevlogistics.com\/wp-content\/uploads\/2026\/09\/IMG_3783-1024x586.jpeg\" alt=\"\" class=\"wp-image-10794\" srcset=\"https:\/\/jpevlogistics.com\/wp-content\/uploads\/2026\/09\/IMG_3783-1024x586.jpeg 1024w, https:\/\/jpevlogistics.com\/wp-content\/uploads\/2026\/09\/IMG_3783-300x172.jpeg 300w, https:\/\/jpevlogistics.com\/wp-content\/uploads\/2026\/09\/IMG_3783-768x439.jpeg 768w, https:\/\/jpevlogistics.com\/wp-content\/uploads\/2026\/09\/IMG_3783-18x10.jpeg 18w, https:\/\/jpevlogistics.com\/wp-content\/uploads\/2026\/09\/IMG_3783.jpeg 1320w\" sizes=\"(max-width: 1024px) 100vw, 1024px\" \/><figcaption class=\"wp-element-caption\">Screenshot<\/figcaption><\/figure>","protected":false},"excerpt":{"rendered":"<p>03\/09\/26 &#8211; Nuevamente el cierre del paso Cristo Redentor Chile &#8211; Argentina El Sistema Integrado Cristo Redentor cerr\u00f3 preventivamente el mi\u00e9rcoles 2 de septiembre a las 17:00 de Chile (18:00 de Argentina), con corte de barreras en Guardia Vieja y Uspallata desde media tarde. La restricci\u00f3n se mantiene durante este jueves 3, mientras el Comit\u00e9 [&hellip;]<\/p>\n","protected":false},"author":4,"featured_media":10794,"comment_status":"open","ping_status":"open","sticky":false,"template":"","format":"standard","meta":{"footnotes":""},"categories":[1],"tags":[],"class_list":["post-10793","post","type-post","status-publish","format-standard","has-post-thumbnail","hentry","category-sin-categoria"],"yoast_head":"<!-- This site is optimized with the Yoast SEO plugin v28.4 - https:\/\/yoast.com\/product\/yoast-seo-wordpress\/ -->\n<title>Un corredor que se corta y una cadena que se frena - JPEV Logistics<\/title>\n<meta name=\"robots\" content=\"index, follow, max-snippet:-1, max-image-preview:large, max-video-preview:-1\" \/>\n<link rel=\"canonical\" href=\"https:\/\/jpevlogistics.com\/en\/un-corredor-que-se-corta-y-una-cadena-que-se-frena\/\" \/>\n<meta property=\"og:locale\" content=\"en_US\" \/>\n<meta property=\"og:type\" content=\"article\" \/>\n<meta property=\"og:title\" content=\"Un corredor que se corta y una cadena que se frena - JPEV Logistics\" \/>\n<meta property=\"og:description\" content=\"03\/09\/26 &#8211; Nuevamente el cierre del paso Cristo Redentor Chile &#8211; Argentina El Sistema Integrado Cristo Redentor cerr\u00f3 preventivamente el mi\u00e9rcoles 2 de septiembre a las 17:00 de Chile (18:00 de Argentina), con corte de barreras en Guardia Vieja y Uspallata desde media tarde. La restricci\u00f3n se mantiene durante este jueves 3, mientras el Comit\u00e9 [&hellip;]\" \/>\n<meta property=\"og:url\" content=\"https:\/\/jpevlogistics.com\/en\/un-corredor-que-se-corta-y-una-cadena-que-se-frena\/\" \/>\n<meta property=\"og:site_name\" content=\"JPEV Logistics\" \/>\n<meta property=\"article:published_time\" content=\"2026-09-03T10:48:11+00:00\" \/>\n<meta property=\"article:modified_time\" content=\"2026-09-03T10:48:14+00:00\" \/>\n<meta property=\"og:image\" content=\"https:\/\/jpevlogistics.com\/wp-content\/uploads\/2026\/09\/IMG_3783.jpeg\" \/>\n\t<meta property=\"og:image:width\" content=\"1320\" \/>\n\t<meta property=\"og:image:height\" content=\"755\" \/>\n\t<meta property=\"og:image:type\" content=\"image\/jpeg\" \/>\n<meta name=\"author\" content=\"horacio\" \/>\n<meta name=\"twitter:card\" content=\"summary_large_image\" \/>\n<meta name=\"twitter:label1\" content=\"Written by\" \/>\n\t<meta name=\"twitter:data1\" content=\"horacio\" \/>\n\t<meta name=\"twitter:label2\" content=\"Est. reading time\" \/>\n\t<meta name=\"twitter:data2\" content=\"6 minutes\" \/>\n<script type=\"application\/ld+json\" class=\"yoast-schema-graph\">{\"@context\":\"https:\\\/\\\/schema.org\",\"@graph\":[{\"@type\":\"Article\",\"@id\":\"https:\\\/\\\/jpevlogistics.com\\\/un-corredor-que-se-corta-y-una-cadena-que-se-frena\\\/#article\",\"isPartOf\":{\"@id\":\"https:\\\/\\\/jpevlogistics.com\\\/un-corredor-que-se-corta-y-una-cadena-que-se-frena\\\/\"},\"author\":{\"name\":\"horacio\",\"@id\":\"https:\\\/\\\/jpevlogistics.com\\\/#\\\/schema\\\/person\\\/5cb83ed90e4ad10651470058bc190e62\"},\"headline\":\"Un corredor que se corta y una cadena que se frena\",\"datePublished\":\"2026-09-03T10:48:11+00:00\",\"dateModified\":\"2026-09-03T10:48:14+00:00\",\"mainEntityOfPage\":{\"@id\":\"https:\\\/\\\/jpevlogistics.com\\\/un-corredor-que-se-corta-y-una-cadena-que-se-frena\\\/\"},\"wordCount\":1110,\"commentCount\":0,\"publisher\":{\"@id\":\"https:\\\/\\\/jpevlogistics.com\\\/#organization\"},\"image\":{\"@id\":\"https:\\\/\\\/jpevlogistics.com\\\/un-corredor-que-se-corta-y-una-cadena-que-se-frena\\\/#primaryimage\"},\"thumbnailUrl\":\"https:\\\/\\\/jpevlogistics.com\\\/wp-content\\\/uploads\\\/2026\\\/09\\\/IMG_3783.jpeg\",\"articleSection\":[\"Sin categor\u00eda\"],\"inLanguage\":\"en-US\",\"potentialAction\":[{\"@type\":\"CommentAction\",\"name\":\"Comment\",\"target\":[\"https:\\\/\\\/jpevlogistics.com\\\/un-corredor-que-se-corta-y-una-cadena-que-se-frena\\\/#respond\"]}]},{\"@type\":\"WebPage\",\"@id\":\"https:\\\/\\\/jpevlogistics.com\\\/un-corredor-que-se-corta-y-una-cadena-que-se-frena\\\/\",\"url\":\"https:\\\/\\\/jpevlogistics.com\\\/un-corredor-que-se-corta-y-una-cadena-que-se-frena\\\/\",\"name\":\"Un corredor que se corta y una cadena que se frena - JPEV Logistics\",\"isPartOf\":{\"@id\":\"https:\\\/\\\/jpevlogistics.com\\\/#website\"},\"primaryImageOfPage\":{\"@id\":\"https:\\\/\\\/jpevlogistics.com\\\/un-corredor-que-se-corta-y-una-cadena-que-se-frena\\\/#primaryimage\"},\"image\":{\"@id\":\"https:\\\/\\\/jpevlogistics.com\\\/un-corredor-que-se-corta-y-una-cadena-que-se-frena\\\/#primaryimage\"},\"thumbnailUrl\":\"https:\\\/\\\/jpevlogistics.com\\\/wp-content\\\/uploads\\\/2026\\\/09\\\/IMG_3783.jpeg\",\"datePublished\":\"2026-09-03T10:48:11+00:00\",\"dateModified\":\"2026-09-03T10:48:14+00:00\",\"breadcrumb\":{\"@id\":\"https:\\\/\\\/jpevlogistics.com\\\/un-corredor-que-se-corta-y-una-cadena-que-se-frena\\\/#breadcrumb\"},\"inLanguage\":\"en-US\",\"potentialAction\":[{\"@type\":\"ReadAction\",\"target\":[\"https:\\\/\\\/jpevlogistics.com\\\/un-corredor-que-se-corta-y-una-cadena-que-se-frena\\\/\"]}]},{\"@type\":\"ImageObject\",\"inLanguage\":\"en-US\",\"@id\":\"https:\\\/\\\/jpevlogistics.com\\\/un-corredor-que-se-corta-y-una-cadena-que-se-frena\\\/#primaryimage\",\"url\":\"https:\\\/\\\/jpevlogistics.com\\\/wp-content\\\/uploads\\\/2026\\\/09\\\/IMG_3783.jpeg\",\"contentUrl\":\"https:\\\/\\\/jpevlogistics.com\\\/wp-content\\\/uploads\\\/2026\\\/09\\\/IMG_3783.jpeg\",\"width\":1320,\"height\":755,\"caption\":\"Screenshot\"},{\"@type\":\"BreadcrumbList\",\"@id\":\"https:\\\/\\\/jpevlogistics.com\\\/un-corredor-que-se-corta-y-una-cadena-que-se-frena\\\/#breadcrumb\",\"itemListElement\":[{\"@type\":\"ListItem\",\"position\":1,\"name\":\"Portada\",\"item\":\"https:\\\/\\\/jpevlogistics.com\\\/\"},{\"@type\":\"ListItem\",\"position\":2,\"name\":\"Un corredor que se corta y una cadena que se frena\"}]},{\"@type\":\"WebSite\",\"@id\":\"https:\\\/\\\/jpevlogistics.com\\\/#website\",\"url\":\"https:\\\/\\\/jpevlogistics.com\\\/\",\"name\":\"JPEV Logistics\",\"description\":\"\",\"publisher\":{\"@id\":\"https:\\\/\\\/jpevlogistics.com\\\/#organization\"},\"potentialAction\":[{\"@type\":\"SearchAction\",\"target\":{\"@type\":\"EntryPoint\",\"urlTemplate\":\"https:\\\/\\\/jpevlogistics.com\\\/?s={search_term_string}\"},\"query-input\":{\"@type\":\"PropertyValueSpecification\",\"valueRequired\":true,\"valueName\":\"search_term_string\"}}],\"inLanguage\":\"en-US\"},{\"@type\":\"Organization\",\"@id\":\"https:\\\/\\\/jpevlogistics.com\\\/#organization\",\"name\":\"JPEV Logistics\",\"url\":\"https:\\\/\\\/jpevlogistics.com\\\/\",\"logo\":{\"@type\":\"ImageObject\",\"inLanguage\":\"en-US\",\"@id\":\"https:\\\/\\\/jpevlogistics.com\\\/#\\\/schema\\\/logo\\\/image\\\/\",\"url\":\"https:\\\/\\\/jpevlogistics.com\\\/wp-content\\\/uploads\\\/2020\\\/07\\\/logo.png\",\"contentUrl\":\"https:\\\/\\\/jpevlogistics.com\\\/wp-content\\\/uploads\\\/2020\\\/07\\\/logo.png\",\"width\":214,\"height\":81,\"caption\":\"JPEV Logistics\"},\"image\":{\"@id\":\"https:\\\/\\\/jpevlogistics.com\\\/#\\\/schema\\\/logo\\\/image\\\/\"},\"sameAs\":[\"https:\\\/\\\/www.instagram.com\\\/jpevlogistics\\\/\",\"https:\\\/\\\/www.linkedin.com\\\/company\\\/jpev-logistics\\\/\"]},{\"@type\":\"Person\",\"@id\":\"https:\\\/\\\/jpevlogistics.com\\\/#\\\/schema\\\/person\\\/5cb83ed90e4ad10651470058bc190e62\",\"name\":\"horacio\",\"image\":{\"@type\":\"ImageObject\",\"inLanguage\":\"en-US\",\"@id\":\"https:\\\/\\\/secure.gravatar.com\\\/avatar\\\/49ba85a39487c51406dba7224109c3b2296f15c3dd1931dd024e3f540b12ea7d?s=96&d=mm&r=g\",\"url\":\"https:\\\/\\\/secure.gravatar.com\\\/avatar\\\/49ba85a39487c51406dba7224109c3b2296f15c3dd1931dd024e3f540b12ea7d?s=96&d=mm&r=g\",\"contentUrl\":\"https:\\\/\\\/secure.gravatar.com\\\/avatar\\\/49ba85a39487c51406dba7224109c3b2296f15c3dd1931dd024e3f540b12ea7d?s=96&d=mm&r=g\",\"caption\":\"horacio\"},\"url\":\"https:\\\/\\\/jpevlogistics.com\\\/en\\\/author\\\/horacio\\\/\"}]}<\/script>\n<!-- \/ Yoast SEO plugin. -->","yoast_head_json":{"title":"Un corredor que se corta y una cadena que se frena - JPEV Logistics","robots":{"index":"index","follow":"follow","max-snippet":"max-snippet:-1","max-image-preview":"max-image-preview:large","max-video-preview":"max-video-preview:-1"},"canonical":"https:\/\/jpevlogistics.com\/en\/un-corredor-que-se-corta-y-una-cadena-que-se-frena\/","og_locale":"en_US","og_type":"article","og_title":"Un corredor que se corta y una cadena que se frena - JPEV Logistics","og_description":"03\/09\/26 &#8211; Nuevamente el cierre del paso Cristo Redentor Chile &#8211; Argentina El Sistema Integrado Cristo Redentor cerr\u00f3 preventivamente el mi\u00e9rcoles 2 de septiembre a las 17:00 de Chile (18:00 de Argentina), con corte de barreras en Guardia Vieja y Uspallata desde media tarde. La restricci\u00f3n se mantiene durante este jueves 3, mientras el Comit\u00e9 [&hellip;]","og_url":"https:\/\/jpevlogistics.com\/en\/un-corredor-que-se-corta-y-una-cadena-que-se-frena\/","og_site_name":"JPEV Logistics","article_published_time":"2026-09-03T10:48:11+00:00","article_modified_time":"2026-09-03T10:48:14+00:00","og_image":[{"width":1320,"height":755,"url":"https:\/\/jpevlogistics.com\/wp-content\/uploads\/2026\/09\/IMG_3783.jpeg","type":"image\/jpeg"}],"author":"horacio","twitter_card":"summary_large_image","twitter_misc":{"Written by":"horacio","Est. reading time":"6 minutes"},"schema":{"@context":"https:\/\/schema.org","@graph":[{"@type":"Article","@id":"https:\/\/jpevlogistics.com\/un-corredor-que-se-corta-y-una-cadena-que-se-frena\/#article","isPartOf":{"@id":"https:\/\/jpevlogistics.com\/un-corredor-que-se-corta-y-una-cadena-que-se-frena\/"},"author":{"name":"horacio","@id":"https:\/\/jpevlogistics.com\/#\/schema\/person\/5cb83ed90e4ad10651470058bc190e62"},"headline":"Un corredor que se corta y una cadena que se frena","datePublished":"2026-09-03T10:48:11+00:00","dateModified":"2026-09-03T10:48:14+00:00","mainEntityOfPage":{"@id":"https:\/\/jpevlogistics.com\/un-corredor-que-se-corta-y-una-cadena-que-se-frena\/"},"wordCount":1110,"commentCount":0,"publisher":{"@id":"https:\/\/jpevlogistics.com\/#organization"},"image":{"@id":"https:\/\/jpevlogistics.com\/un-corredor-que-se-corta-y-una-cadena-que-se-frena\/#primaryimage"},"thumbnailUrl":"https:\/\/jpevlogistics.com\/wp-content\/uploads\/2026\/09\/IMG_3783.jpeg","articleSection":["Sin categor\u00eda"],"inLanguage":"en-US","potentialAction":[{"@type":"CommentAction","name":"Comment","target":["https:\/\/jpevlogistics.com\/un-corredor-que-se-corta-y-una-cadena-que-se-frena\/#respond"]}]},{"@type":"WebPage","@id":"https:\/\/jpevlogistics.com\/un-corredor-que-se-corta-y-una-cadena-que-se-frena\/","url":"https:\/\/jpevlogistics.com\/un-corredor-que-se-corta-y-una-cadena-que-se-frena\/","name":"Un corredor que se corta y una cadena que se frena - JPEV Logistics","isPartOf":{"@id":"https:\/\/jpevlogistics.com\/#website"},"primaryImageOfPage":{"@id":"https:\/\/jpevlogistics.com\/un-corredor-que-se-corta-y-una-cadena-que-se-frena\/#primaryimage"},"image":{"@id":"https:\/\/jpevlogistics.com\/un-corredor-que-se-corta-y-una-cadena-que-se-frena\/#primaryimage"},"thumbnailUrl":"https:\/\/jpevlogistics.com\/wp-content\/uploads\/2026\/09\/IMG_3783.jpeg","datePublished":"2026-09-03T10:48:11+00:00","dateModified":"2026-09-03T10:48:14+00:00","breadcrumb":{"@id":"https:\/\/jpevlogistics.com\/un-corredor-que-se-corta-y-una-cadena-que-se-frena\/#breadcrumb"},"inLanguage":"en-US","potentialAction":[{"@type":"ReadAction","target":["https:\/\/jpevlogistics.com\/un-corredor-que-se-corta-y-una-cadena-que-se-frena\/"]}]},{"@type":"ImageObject","inLanguage":"en-US","@id":"https:\/\/jpevlogistics.com\/un-corredor-que-se-corta-y-una-cadena-que-se-frena\/#primaryimage","url":"https:\/\/jpevlogistics.com\/wp-content\/uploads\/2026\/09\/IMG_3783.jpeg","contentUrl":"https:\/\/jpevlogistics.com\/wp-content\/uploads\/2026\/09\/IMG_3783.jpeg","width":1320,"height":755,"caption":"Screenshot"},{"@type":"BreadcrumbList","@id":"https:\/\/jpevlogistics.com\/un-corredor-que-se-corta-y-una-cadena-que-se-frena\/#breadcrumb","itemListElement":[{"@type":"ListItem","position":1,"name":"Portada","item":"https:\/\/jpevlogistics.com\/"},{"@type":"ListItem","position":2,"name":"Un corredor que se corta y una cadena que se frena"}]},{"@type":"WebSite","@id":"https:\/\/jpevlogistics.com\/#website","url":"https:\/\/jpevlogistics.com\/","name":"JPEV Logistics","description":"","publisher":{"@id":"https:\/\/jpevlogistics.com\/#organization"},"potentialAction":[{"@type":"SearchAction","target":{"@type":"EntryPoint","urlTemplate":"https:\/\/jpevlogistics.com\/?s={search_term_string}"},"query-input":{"@type":"PropertyValueSpecification","valueRequired":true,"valueName":"search_term_string"}}],"inLanguage":"en-US"},{"@type":"Organization","@id":"https:\/\/jpevlogistics.com\/#organization","name":"JPEV Logistics","url":"https:\/\/jpevlogistics.com\/","logo":{"@type":"ImageObject","inLanguage":"en-US","@id":"https:\/\/jpevlogistics.com\/#\/schema\/logo\/image\/","url":"https:\/\/jpevlogistics.com\/wp-content\/uploads\/2020\/07\/logo.png","contentUrl":"https:\/\/jpevlogistics.com\/wp-content\/uploads\/2020\/07\/logo.png","width":214,"height":81,"caption":"JPEV Logistics"},"image":{"@id":"https:\/\/jpevlogistics.com\/#\/schema\/logo\/image\/"},"sameAs":["https:\/\/www.instagram.com\/jpevlogistics\/","https:\/\/www.linkedin.com\/company\/jpev-logistics\/"]},{"@type":"Person","@id":"https:\/\/jpevlogistics.com\/#\/schema\/person\/5cb83ed90e4ad10651470058bc190e62","name":"horacio","image":{"@type":"ImageObject","inLanguage":"en-US","@id":"https:\/\/secure.gravatar.com\/avatar\/49ba85a39487c51406dba7224109c3b2296f15c3dd1931dd024e3f540b12ea7d?s=96&d=mm&r=g","url":"https:\/\/secure.gravatar.com\/avatar\/49ba85a39487c51406dba7224109c3b2296f15c3dd1931dd024e3f540b12ea7d?s=96&d=mm&r=g","contentUrl":"https:\/\/secure.gravatar.com\/avatar\/49ba85a39487c51406dba7224109c3b2296f15c3dd1931dd024e3f540b12ea7d?s=96&d=mm&r=g","caption":"horacio"},"url":"https:\/\/jpevlogistics.com\/en\/author\/horacio\/"}]}},"_links":{"self":[{"href":"https:\/\/jpevlogistics.com\/en\/wp-json\/wp\/v2\/posts\/10793","targetHints":{"allow":["GET"]}}],"collection":[{"href":"https:\/\/jpevlogistics.com\/en\/wp-json\/wp\/v2\/posts"}],"about":[{"href":"https:\/\/jpevlogistics.com\/en\/wp-json\/wp\/v2\/types\/post"}],"author":[{"embeddable":true,"href":"https:\/\/jpevlogistics.com\/en\/wp-json\/wp\/v2\/users\/4"}],"replies":[{"embeddable":true,"href":"https:\/\/jpevlogistics.com\/en\/wp-json\/wp\/v2\/comments?post=10793"}],"version-history":[{"count":1,"href":"https:\/\/jpevlogistics.com\/en\/wp-json\/wp\/v2\/posts\/10793\/revisions"}],"predecessor-version":[{"id":10795,"href":"https:\/\/jpevlogistics.com\/en\/wp-json\/wp\/v2\/posts\/10793\/revisions\/10795"}],"wp:featuredmedia":[{"embeddable":true,"href":"https:\/\/jpevlogistics.com\/en\/wp-json\/wp\/v2\/media\/10794"}],"wp:attachment":[{"href":"https:\/\/jpevlogistics.com\/en\/wp-json\/wp\/v2\/media?parent=10793"}],"wp:term":[{"taxonomy":"category","embeddable":true,"href":"https:\/\/jpevlogistics.com\/en\/wp-json\/wp\/v2\/categories?post=10793"},{"taxonomy":"post_tag","embeddable":true,"href":"https:\/\/jpevlogistics.com\/en\/wp-json\/wp\/v2\/tags?post=10793"}],"curies":[{"name":"wp","href":"https:\/\/api.w.org\/{rel}","templated":true}]}}