{"id":10800,"date":"2026-09-04T01:16:40","date_gmt":"2026-09-04T01:16:40","guid":{"rendered":"https:\/\/jpevlogistics.com\/?p=10800"},"modified":"2026-09-04T01:20:35","modified_gmt":"2026-09-04T01:20:35","slug":"%f0%9f%9a%a2-brasil-%e2%86%92-chile-que-esta-pasando-con-el-transporte-maritimo","status":"publish","type":"post","link":"https:\/\/jpevlogistics.com\/en\/%f0%9f%9a%a2-brasil-%e2%86%92-chile-que-esta-pasando-con-el-transporte-maritimo\/","title":{"rendered":"\ud83d\udea2\u00a0Brasil \u2192 Chile: \u00bfqu\u00e9 est\u00e1 pasando con el transporte mar\u00edtimo?"},"content":{"rendered":"<p class=\"wp-block-paragraph\">03\/09\/26 &#8211; Cambios fuertes en las rutas entre Brasil y Chile . Fuertes cambios se avecinan.<\/p>\n\n\n\n<p class=\"wp-block-paragraph\"><\/p>\n\n\n\n<p class=\"wp-block-paragraph\">En las \u00faltimas semanas estamos observando una situaci\u00f3n que merece especial atenci\u00f3n en el corredor mar\u00edtimo&nbsp;<strong>Brasil \u2192 Chile<\/strong>.<\/p>\n\n\n\n<p class=\"wp-block-paragraph\">La disponibilidad de espacios se est\u00e1 reduciendo considerablemente. En algunos casos, las navieras est\u00e1n ofreciendo pr\u00f3ximas fechas de embarque con varias semanas de espera, mientras que, al mismo tiempo, estamos viendo incrementos muy fuertes en las tarifas para octubre.<\/p>\n\n\n\n<p class=\"wp-block-paragraph\">Un ejemplo concreto es\u00a0<strong>Hapag-Lloyd<\/strong>, que anunci\u00f3 un nuevo incremento de\u00a0<strong>USD 1.500 por contenedor seco a partir del 1\u00b0 de octubre<\/strong>\u00a0para cargas desde la Costa Este de Sudam\u00e9rica hacia la Costa Oeste, dentro de su servicio CON.<\/p>\n\n\n\n<figure class=\"wp-block-image size-full\"><img fetchpriority=\"high\" decoding=\"async\" width=\"768\" height=\"907\" src=\"https:\/\/jpevlogistics.com\/wp-content\/uploads\/2026\/09\/WhatsApp-Image-2026-09-03-at-22.18.00-1.jpeg\" alt=\"\" class=\"wp-image-10805\" srcset=\"https:\/\/jpevlogistics.com\/wp-content\/uploads\/2026\/09\/WhatsApp-Image-2026-09-03-at-22.18.00-1.jpeg 768w, https:\/\/jpevlogistics.com\/wp-content\/uploads\/2026\/09\/WhatsApp-Image-2026-09-03-at-22.18.00-1-254x300.jpeg 254w, https:\/\/jpevlogistics.com\/wp-content\/uploads\/2026\/09\/WhatsApp-Image-2026-09-03-at-22.18.00-1-10x12.jpeg 10w\" sizes=\"(max-width: 768px) 100vw, 768px\" \/><\/figure>\n\n\n\n<p class=\"wp-block-paragraph\">Entonces surge la pregunta:<\/p>\n\n\n\n<h3 class=\"wp-block-heading\">\u00bfEstamos frente a una falta real de capacidad o a una estrategia de administraci\u00f3n de espacios?<\/h3>\n\n\n\n<p class=\"wp-block-paragraph\">La realidad parece estar en una combinaci\u00f3n de factores:<\/p>\n\n\n\n<p class=\"wp-block-paragraph\">\ud83d\udd39 Capacidad limitada en el corredor Brasil \u2192 Costa Oeste de Sudam\u00e9rica.<br>\ud83d\udd39 Administraci\u00f3n de allocations y espacios por parte de las navieras.<br>\ud83d\udd39 Ajustes y modificaciones en las redes de servicio.<br>\ud83d\udd39 Presi\u00f3n operativa en algunos puertos de Brasil y Chile.<br>\ud83d\udd39 Mayor sensibilidad del mercado ante cualquier reducci\u00f3n de capacidad.<br>\ud83d\udd39 Y, finalmente, una oportunidad para los carriers de recuperar rentabilidad mediante aumentos de tarifas.<\/p>\n\n\n\n<p class=\"wp-block-paragraph\">Lo interesante es que&nbsp;<strong>tener barcos operando no necesariamente significa tener espacio disponible para todos los clientes<\/strong>.<\/p>\n\n\n\n<p class=\"wp-block-paragraph\">Las navieras pueden administrar cuidadosamente la cantidad de bookings, equipos y allocations que aceptan para cada origen\/destino.<\/p>\n\n\n\n<p class=\"wp-block-paragraph\">Y esto genera una situaci\u00f3n que estamos viendo cada vez m\u00e1s:<\/p>\n\n\n\n<p class=\"wp-block-paragraph\"><strong>&#8220;Hay servicio, pero no hay espacio.&#8221;<\/strong><\/p>\n\n\n\n<h3 class=\"wp-block-heading\">\u00bfQu\u00e9 significa esto para los importadores y exportadores?<\/h3>\n\n\n\n<p class=\"wp-block-paragraph\">Que hoy el precio del flete no deber\u00eda ser el \u00fanico indicador a analizar.<\/p>\n\n\n\n<p class=\"wp-block-paragraph\">La pregunta pasa a ser:<\/p>\n\n\n\n<p class=\"wp-block-paragraph\"><strong>\u00bfCu\u00e1ndo puedo embarcar y qu\u00e9 nivel de confiabilidad tengo sobre ese espacio?<\/strong><\/p>\n\n\n\n<p class=\"wp-block-paragraph\">Un flete m\u00e1s barato que no consigue espacio durante tres semanas puede terminar siendo mucho m\u00e1s caro que una alternativa ligeramente superior que permita embarcar inmediatamente.<\/p>\n\n\n\n<p class=\"wp-block-paragraph\">Por eso, desde nuestra perspectiva, para los pr\u00f3ximos meses ser\u00e1 fundamental trabajar con:<\/p>\n\n\n\n<p class=\"wp-block-paragraph\">\ud83d\udccc planificaci\u00f3n anticipada de bookings<br>\ud83d\udccc comparaci\u00f3n entre diferentes carriers<br>\ud83d\udccc an\u00e1lisis de rutas alternativas<br>\ud83d\udccc seguimiento de los GRI y recargos<br>\ud83d\udccc control de disponibilidad de equipos<br>\ud83d\udccc y, sobre todo, una estrategia de compra de capacidad.<\/p>\n\n\n\n<p class=\"wp-block-paragraph\"><strong>Brasil \u2192 Chile puede estar entrando en un per\u00edodo de mayor presi\u00f3n sobre espacio y tarifas.<\/strong><\/p>\n\n\n\n<p class=\"wp-block-paragraph\">La gran inc\u00f3gnita es cu\u00e1nto durar\u00e1 esta situaci\u00f3n y si los aumentos anunciados para octubre ser\u00e1n acompa\u00f1ados por el resto de las navieras.<\/p>\n\n\n\n<p class=\"wp-block-paragraph\">En JPEV Logistics creemos que en estos escenarios la log\u00edstica deja de ser simplemente una cuesti\u00f3n de&nbsp;<strong>&#8220;conseguir un precio&#8221;<\/strong>.<\/p>\n\n\n\n<p class=\"wp-block-paragraph\">Pasa a ser una cuesti\u00f3n de&nbsp;<strong>conseguir capacidad, previsibilidad y una soluci\u00f3n log\u00edstica confiable<\/strong>.<\/p>\n\n\n\n<p class=\"wp-block-paragraph\">\ud83d\udea2&nbsp;<strong>El desaf\u00edo para los pr\u00f3ximos meses no ser\u00e1 solamente cu\u00e1nto cuesta transportar un contenedor, sino cu\u00e1ndo podemos garantizar que ese contenedor se embarque.<\/strong><\/p>\n\n\n\n<p class=\"wp-block-paragraph\">#Logistica #Shipping #MaritimeTransport #Brasil #Chile #FreightForwarding #OceanFreight #SupplyChain #ComercioExterior #JPEVLogistics<\/p>\n\n\n\n<p class=\"wp-block-paragraph\"><\/p>\n\n\n\n<p class=\"wp-block-paragraph\"><\/p>","protected":false},"excerpt":{"rendered":"<p>03\/09\/26 &#8211; Cambios fuertes en las rutas entre Brasil y Chile . Fuertes cambios se avecinan. En las \u00faltimas semanas estamos observando una situaci\u00f3n que merece especial atenci\u00f3n en el corredor mar\u00edtimo&nbsp;Brasil \u2192 Chile. La disponibilidad de espacios se est\u00e1 reduciendo considerablemente. En algunos casos, las navieras est\u00e1n ofreciendo pr\u00f3ximas fechas de embarque con varias [&hellip;]<\/p>\n","protected":false},"author":4,"featured_media":10804,"comment_status":"open","ping_status":"open","sticky":false,"template":"","format":"standard","meta":{"footnotes":""},"categories":[1],"tags":[],"class_list":["post-10800","post","type-post","status-publish","format-standard","has-post-thumbnail","hentry","category-sin-categoria"],"yoast_head":"<!-- This site is optimized with the Yoast SEO plugin v28.4 - https:\/\/yoast.com\/product\/yoast-seo-wordpress\/ -->\n<title>\ud83d\udea2\u00a0Brasil \u2192 Chile: \u00bfqu\u00e9 est\u00e1 pasando con el transporte mar\u00edtimo? - JPEV Logistics<\/title>\n<meta name=\"robots\" content=\"index, follow, max-snippet:-1, max-image-preview:large, max-video-preview:-1\" \/>\n<link rel=\"canonical\" href=\"https:\/\/jpevlogistics.com\/en\/\ud83d\udea2-brasil-\u2192-chile-que-esta-pasando-con-el-transporte-maritimo\/\" \/>\n<meta property=\"og:locale\" content=\"en_US\" \/>\n<meta property=\"og:type\" content=\"article\" \/>\n<meta property=\"og:title\" content=\"\ud83d\udea2\u00a0Brasil \u2192 Chile: \u00bfqu\u00e9 est\u00e1 pasando con el transporte mar\u00edtimo? - JPEV Logistics\" \/>\n<meta property=\"og:description\" content=\"03\/09\/26 &#8211; Cambios fuertes en las rutas entre Brasil y Chile . Fuertes cambios se avecinan. En las \u00faltimas semanas estamos observando una situaci\u00f3n que merece especial atenci\u00f3n en el corredor mar\u00edtimo&nbsp;Brasil \u2192 Chile. La disponibilidad de espacios se est\u00e1 reduciendo considerablemente. En algunos casos, las navieras est\u00e1n ofreciendo pr\u00f3ximas fechas de embarque con varias [&hellip;]\" \/>\n<meta property=\"og:url\" content=\"https:\/\/jpevlogistics.com\/en\/\ud83d\udea2-brasil-\u2192-chile-que-esta-pasando-con-el-transporte-maritimo\/\" \/>\n<meta property=\"og:site_name\" content=\"JPEV Logistics\" \/>\n<meta property=\"article:published_time\" content=\"2026-09-04T01:16:40+00:00\" \/>\n<meta property=\"article:modified_time\" content=\"2026-09-04T01:20:35+00:00\" \/>\n<meta property=\"og:image\" content=\"https:\/\/jpevlogistics.com\/wp-content\/uploads\/2026\/09\/WhatsApp-Image-2026-09-03-at-22.18.00.jpeg\" \/>\n\t<meta property=\"og:image:width\" content=\"768\" \/>\n\t<meta property=\"og:image:height\" content=\"907\" \/>\n\t<meta property=\"og:image:type\" content=\"image\/jpeg\" \/>\n<meta name=\"author\" content=\"horacio\" \/>\n<meta name=\"twitter:card\" content=\"summary_large_image\" \/>\n<meta name=\"twitter:label1\" content=\"Written by\" \/>\n\t<meta name=\"twitter:data1\" content=\"horacio\" \/>\n\t<meta name=\"twitter:label2\" content=\"Est. reading time\" \/>\n\t<meta name=\"twitter:data2\" content=\"3 minutes\" \/>\n<script type=\"application\/ld+json\" class=\"yoast-schema-graph\">{\"@context\":\"https:\\\/\\\/schema.org\",\"@graph\":[{\"@type\":\"Article\",\"@id\":\"https:\\\/\\\/jpevlogistics.com\\\/%f0%9f%9a%a2-brasil-%e2%86%92-chile-que-esta-pasando-con-el-transporte-maritimo\\\/#article\",\"isPartOf\":{\"@id\":\"https:\\\/\\\/jpevlogistics.com\\\/%f0%9f%9a%a2-brasil-%e2%86%92-chile-que-esta-pasando-con-el-transporte-maritimo\\\/\"},\"author\":{\"name\":\"horacio\",\"@id\":\"https:\\\/\\\/jpevlogistics.com\\\/#\\\/schema\\\/person\\\/5cb83ed90e4ad10651470058bc190e62\"},\"headline\":\"\ud83d\udea2\u00a0Brasil \u2192 Chile: \u00bfqu\u00e9 est\u00e1 pasando con el transporte mar\u00edtimo?\",\"datePublished\":\"2026-09-04T01:16:40+00:00\",\"dateModified\":\"2026-09-04T01:20:35+00:00\",\"mainEntityOfPage\":{\"@id\":\"https:\\\/\\\/jpevlogistics.com\\\/%f0%9f%9a%a2-brasil-%e2%86%92-chile-que-esta-pasando-con-el-transporte-maritimo\\\/\"},\"wordCount\":517,\"commentCount\":0,\"publisher\":{\"@id\":\"https:\\\/\\\/jpevlogistics.com\\\/#organization\"},\"image\":{\"@id\":\"https:\\\/\\\/jpevlogistics.com\\\/%f0%9f%9a%a2-brasil-%e2%86%92-chile-que-esta-pasando-con-el-transporte-maritimo\\\/#primaryimage\"},\"thumbnailUrl\":\"https:\\\/\\\/jpevlogistics.com\\\/wp-content\\\/uploads\\\/2026\\\/09\\\/WhatsApp-Image-2026-09-03-at-22.18.00.jpeg\",\"articleSection\":[\"Sin categor\u00eda\"],\"inLanguage\":\"en-US\",\"potentialAction\":[{\"@type\":\"CommentAction\",\"name\":\"Comment\",\"target\":[\"https:\\\/\\\/jpevlogistics.com\\\/%f0%9f%9a%a2-brasil-%e2%86%92-chile-que-esta-pasando-con-el-transporte-maritimo\\\/#respond\"]}]},{\"@type\":\"WebPage\",\"@id\":\"https:\\\/\\\/jpevlogistics.com\\\/%f0%9f%9a%a2-brasil-%e2%86%92-chile-que-esta-pasando-con-el-transporte-maritimo\\\/\",\"url\":\"https:\\\/\\\/jpevlogistics.com\\\/%f0%9f%9a%a2-brasil-%e2%86%92-chile-que-esta-pasando-con-el-transporte-maritimo\\\/\",\"name\":\"\ud83d\udea2\u00a0Brasil \u2192 Chile: \u00bfqu\u00e9 est\u00e1 pasando con el transporte mar\u00edtimo? - JPEV Logistics\",\"isPartOf\":{\"@id\":\"https:\\\/\\\/jpevlogistics.com\\\/#website\"},\"primaryImageOfPage\":{\"@id\":\"https:\\\/\\\/jpevlogistics.com\\\/%f0%9f%9a%a2-brasil-%e2%86%92-chile-que-esta-pasando-con-el-transporte-maritimo\\\/#primaryimage\"},\"image\":{\"@id\":\"https:\\\/\\\/jpevlogistics.com\\\/%f0%9f%9a%a2-brasil-%e2%86%92-chile-que-esta-pasando-con-el-transporte-maritimo\\\/#primaryimage\"},\"thumbnailUrl\":\"https:\\\/\\\/jpevlogistics.com\\\/wp-content\\\/uploads\\\/2026\\\/09\\\/WhatsApp-Image-2026-09-03-at-22.18.00.jpeg\",\"datePublished\":\"2026-09-04T01:16:40+00:00\",\"dateModified\":\"2026-09-04T01:20:35+00:00\",\"breadcrumb\":{\"@id\":\"https:\\\/\\\/jpevlogistics.com\\\/%f0%9f%9a%a2-brasil-%e2%86%92-chile-que-esta-pasando-con-el-transporte-maritimo\\\/#breadcrumb\"},\"inLanguage\":\"en-US\",\"potentialAction\":[{\"@type\":\"ReadAction\",\"target\":[\"https:\\\/\\\/jpevlogistics.com\\\/%f0%9f%9a%a2-brasil-%e2%86%92-chile-que-esta-pasando-con-el-transporte-maritimo\\\/\"]}]},{\"@type\":\"ImageObject\",\"inLanguage\":\"en-US\",\"@id\":\"https:\\\/\\\/jpevlogistics.com\\\/%f0%9f%9a%a2-brasil-%e2%86%92-chile-que-esta-pasando-con-el-transporte-maritimo\\\/#primaryimage\",\"url\":\"https:\\\/\\\/jpevlogistics.com\\\/wp-content\\\/uploads\\\/2026\\\/09\\\/WhatsApp-Image-2026-09-03-at-22.18.00.jpeg\",\"contentUrl\":\"https:\\\/\\\/jpevlogistics.com\\\/wp-content\\\/uploads\\\/2026\\\/09\\\/WhatsApp-Image-2026-09-03-at-22.18.00.jpeg\",\"width\":768,\"height\":907},{\"@type\":\"BreadcrumbList\",\"@id\":\"https:\\\/\\\/jpevlogistics.com\\\/%f0%9f%9a%a2-brasil-%e2%86%92-chile-que-esta-pasando-con-el-transporte-maritimo\\\/#breadcrumb\",\"itemListElement\":[{\"@type\":\"ListItem\",\"position\":1,\"name\":\"Portada\",\"item\":\"https:\\\/\\\/jpevlogistics.com\\\/\"},{\"@type\":\"ListItem\",\"position\":2,\"name\":\"\ud83d\udea2\u00a0Brasil \u2192 Chile: \u00bfqu\u00e9 est\u00e1 pasando con el transporte mar\u00edtimo?\"}]},{\"@type\":\"WebSite\",\"@id\":\"https:\\\/\\\/jpevlogistics.com\\\/#website\",\"url\":\"https:\\\/\\\/jpevlogistics.com\\\/\",\"name\":\"JPEV Logistics\",\"description\":\"\",\"publisher\":{\"@id\":\"https:\\\/\\\/jpevlogistics.com\\\/#organization\"},\"potentialAction\":[{\"@type\":\"SearchAction\",\"target\":{\"@type\":\"EntryPoint\",\"urlTemplate\":\"https:\\\/\\\/jpevlogistics.com\\\/?s={search_term_string}\"},\"query-input\":{\"@type\":\"PropertyValueSpecification\",\"valueRequired\":true,\"valueName\":\"search_term_string\"}}],\"inLanguage\":\"en-US\"},{\"@type\":\"Organization\",\"@id\":\"https:\\\/\\\/jpevlogistics.com\\\/#organization\",\"name\":\"JPEV Logistics\",\"url\":\"https:\\\/\\\/jpevlogistics.com\\\/\",\"logo\":{\"@type\":\"ImageObject\",\"inLanguage\":\"en-US\",\"@id\":\"https:\\\/\\\/jpevlogistics.com\\\/#\\\/schema\\\/logo\\\/image\\\/\",\"url\":\"https:\\\/\\\/jpevlogistics.com\\\/wp-content\\\/uploads\\\/2020\\\/07\\\/logo.png\",\"contentUrl\":\"https:\\\/\\\/jpevlogistics.com\\\/wp-content\\\/uploads\\\/2020\\\/07\\\/logo.png\",\"width\":214,\"height\":81,\"caption\":\"JPEV Logistics\"},\"image\":{\"@id\":\"https:\\\/\\\/jpevlogistics.com\\\/#\\\/schema\\\/logo\\\/image\\\/\"},\"sameAs\":[\"https:\\\/\\\/www.instagram.com\\\/jpevlogistics\\\/\",\"https:\\\/\\\/www.linkedin.com\\\/company\\\/jpev-logistics\\\/\"]},{\"@type\":\"Person\",\"@id\":\"https:\\\/\\\/jpevlogistics.com\\\/#\\\/schema\\\/person\\\/5cb83ed90e4ad10651470058bc190e62\",\"name\":\"horacio\",\"image\":{\"@type\":\"ImageObject\",\"inLanguage\":\"en-US\",\"@id\":\"https:\\\/\\\/secure.gravatar.com\\\/avatar\\\/49ba85a39487c51406dba7224109c3b2296f15c3dd1931dd024e3f540b12ea7d?s=96&d=mm&r=g\",\"url\":\"https:\\\/\\\/secure.gravatar.com\\\/avatar\\\/49ba85a39487c51406dba7224109c3b2296f15c3dd1931dd024e3f540b12ea7d?s=96&d=mm&r=g\",\"contentUrl\":\"https:\\\/\\\/secure.gravatar.com\\\/avatar\\\/49ba85a39487c51406dba7224109c3b2296f15c3dd1931dd024e3f540b12ea7d?s=96&d=mm&r=g\",\"caption\":\"horacio\"},\"url\":\"https:\\\/\\\/jpevlogistics.com\\\/en\\\/author\\\/horacio\\\/\"}]}<\/script>\n<!-- \/ Yoast SEO plugin. -->","yoast_head_json":{"title":"\ud83d\udea2\u00a0Brasil \u2192 Chile: \u00bfqu\u00e9 est\u00e1 pasando con el transporte mar\u00edtimo? - JPEV Logistics","robots":{"index":"index","follow":"follow","max-snippet":"max-snippet:-1","max-image-preview":"max-image-preview:large","max-video-preview":"max-video-preview:-1"},"canonical":"https:\/\/jpevlogistics.com\/en\/\ud83d\udea2-brasil-\u2192-chile-que-esta-pasando-con-el-transporte-maritimo\/","og_locale":"en_US","og_type":"article","og_title":"\ud83d\udea2\u00a0Brasil \u2192 Chile: \u00bfqu\u00e9 est\u00e1 pasando con el transporte mar\u00edtimo? - JPEV Logistics","og_description":"03\/09\/26 &#8211; Cambios fuertes en las rutas entre Brasil y Chile . Fuertes cambios se avecinan. En las \u00faltimas semanas estamos observando una situaci\u00f3n que merece especial atenci\u00f3n en el corredor mar\u00edtimo&nbsp;Brasil \u2192 Chile. La disponibilidad de espacios se est\u00e1 reduciendo considerablemente. En algunos casos, las navieras est\u00e1n ofreciendo pr\u00f3ximas fechas de embarque con varias [&hellip;]","og_url":"https:\/\/jpevlogistics.com\/en\/\ud83d\udea2-brasil-\u2192-chile-que-esta-pasando-con-el-transporte-maritimo\/","og_site_name":"JPEV Logistics","article_published_time":"2026-09-04T01:16:40+00:00","article_modified_time":"2026-09-04T01:20:35+00:00","og_image":[{"width":768,"height":907,"url":"https:\/\/jpevlogistics.com\/wp-content\/uploads\/2026\/09\/WhatsApp-Image-2026-09-03-at-22.18.00.jpeg","type":"image\/jpeg"}],"author":"horacio","twitter_card":"summary_large_image","twitter_misc":{"Written by":"horacio","Est. reading time":"3 minutes"},"schema":{"@context":"https:\/\/schema.org","@graph":[{"@type":"Article","@id":"https:\/\/jpevlogistics.com\/%f0%9f%9a%a2-brasil-%e2%86%92-chile-que-esta-pasando-con-el-transporte-maritimo\/#article","isPartOf":{"@id":"https:\/\/jpevlogistics.com\/%f0%9f%9a%a2-brasil-%e2%86%92-chile-que-esta-pasando-con-el-transporte-maritimo\/"},"author":{"name":"horacio","@id":"https:\/\/jpevlogistics.com\/#\/schema\/person\/5cb83ed90e4ad10651470058bc190e62"},"headline":"\ud83d\udea2\u00a0Brasil \u2192 Chile: \u00bfqu\u00e9 est\u00e1 pasando con el transporte mar\u00edtimo?","datePublished":"2026-09-04T01:16:40+00:00","dateModified":"2026-09-04T01:20:35+00:00","mainEntityOfPage":{"@id":"https:\/\/jpevlogistics.com\/%f0%9f%9a%a2-brasil-%e2%86%92-chile-que-esta-pasando-con-el-transporte-maritimo\/"},"wordCount":517,"commentCount":0,"publisher":{"@id":"https:\/\/jpevlogistics.com\/#organization"},"image":{"@id":"https:\/\/jpevlogistics.com\/%f0%9f%9a%a2-brasil-%e2%86%92-chile-que-esta-pasando-con-el-transporte-maritimo\/#primaryimage"},"thumbnailUrl":"https:\/\/jpevlogistics.com\/wp-content\/uploads\/2026\/09\/WhatsApp-Image-2026-09-03-at-22.18.00.jpeg","articleSection":["Sin categor\u00eda"],"inLanguage":"en-US","potentialAction":[{"@type":"CommentAction","name":"Comment","target":["https:\/\/jpevlogistics.com\/%f0%9f%9a%a2-brasil-%e2%86%92-chile-que-esta-pasando-con-el-transporte-maritimo\/#respond"]}]},{"@type":"WebPage","@id":"https:\/\/jpevlogistics.com\/%f0%9f%9a%a2-brasil-%e2%86%92-chile-que-esta-pasando-con-el-transporte-maritimo\/","url":"https:\/\/jpevlogistics.com\/%f0%9f%9a%a2-brasil-%e2%86%92-chile-que-esta-pasando-con-el-transporte-maritimo\/","name":"\ud83d\udea2\u00a0Brasil \u2192 Chile: \u00bfqu\u00e9 est\u00e1 pasando con el transporte mar\u00edtimo? - JPEV Logistics","isPartOf":{"@id":"https:\/\/jpevlogistics.com\/#website"},"primaryImageOfPage":{"@id":"https:\/\/jpevlogistics.com\/%f0%9f%9a%a2-brasil-%e2%86%92-chile-que-esta-pasando-con-el-transporte-maritimo\/#primaryimage"},"image":{"@id":"https:\/\/jpevlogistics.com\/%f0%9f%9a%a2-brasil-%e2%86%92-chile-que-esta-pasando-con-el-transporte-maritimo\/#primaryimage"},"thumbnailUrl":"https:\/\/jpevlogistics.com\/wp-content\/uploads\/2026\/09\/WhatsApp-Image-2026-09-03-at-22.18.00.jpeg","datePublished":"2026-09-04T01:16:40+00:00","dateModified":"2026-09-04T01:20:35+00:00","breadcrumb":{"@id":"https:\/\/jpevlogistics.com\/%f0%9f%9a%a2-brasil-%e2%86%92-chile-que-esta-pasando-con-el-transporte-maritimo\/#breadcrumb"},"inLanguage":"en-US","potentialAction":[{"@type":"ReadAction","target":["https:\/\/jpevlogistics.com\/%f0%9f%9a%a2-brasil-%e2%86%92-chile-que-esta-pasando-con-el-transporte-maritimo\/"]}]},{"@type":"ImageObject","inLanguage":"en-US","@id":"https:\/\/jpevlogistics.com\/%f0%9f%9a%a2-brasil-%e2%86%92-chile-que-esta-pasando-con-el-transporte-maritimo\/#primaryimage","url":"https:\/\/jpevlogistics.com\/wp-content\/uploads\/2026\/09\/WhatsApp-Image-2026-09-03-at-22.18.00.jpeg","contentUrl":"https:\/\/jpevlogistics.com\/wp-content\/uploads\/2026\/09\/WhatsApp-Image-2026-09-03-at-22.18.00.jpeg","width":768,"height":907},{"@type":"BreadcrumbList","@id":"https:\/\/jpevlogistics.com\/%f0%9f%9a%a2-brasil-%e2%86%92-chile-que-esta-pasando-con-el-transporte-maritimo\/#breadcrumb","itemListElement":[{"@type":"ListItem","position":1,"name":"Portada","item":"https:\/\/jpevlogistics.com\/"},{"@type":"ListItem","position":2,"name":"\ud83d\udea2\u00a0Brasil \u2192 Chile: \u00bfqu\u00e9 est\u00e1 pasando con el transporte mar\u00edtimo?"}]},{"@type":"WebSite","@id":"https:\/\/jpevlogistics.com\/#website","url":"https:\/\/jpevlogistics.com\/","name":"JPEV Logistics","description":"","publisher":{"@id":"https:\/\/jpevlogistics.com\/#organization"},"potentialAction":[{"@type":"SearchAction","target":{"@type":"EntryPoint","urlTemplate":"https:\/\/jpevlogistics.com\/?s={search_term_string}"},"query-input":{"@type":"PropertyValueSpecification","valueRequired":true,"valueName":"search_term_string"}}],"inLanguage":"en-US"},{"@type":"Organization","@id":"https:\/\/jpevlogistics.com\/#organization","name":"JPEV Logistics","url":"https:\/\/jpevlogistics.com\/","logo":{"@type":"ImageObject","inLanguage":"en-US","@id":"https:\/\/jpevlogistics.com\/#\/schema\/logo\/image\/","url":"https:\/\/jpevlogistics.com\/wp-content\/uploads\/2020\/07\/logo.png","contentUrl":"https:\/\/jpevlogistics.com\/wp-content\/uploads\/2020\/07\/logo.png","width":214,"height":81,"caption":"JPEV Logistics"},"image":{"@id":"https:\/\/jpevlogistics.com\/#\/schema\/logo\/image\/"},"sameAs":["https:\/\/www.instagram.com\/jpevlogistics\/","https:\/\/www.linkedin.com\/company\/jpev-logistics\/"]},{"@type":"Person","@id":"https:\/\/jpevlogistics.com\/#\/schema\/person\/5cb83ed90e4ad10651470058bc190e62","name":"horacio","image":{"@type":"ImageObject","inLanguage":"en-US","@id":"https:\/\/secure.gravatar.com\/avatar\/49ba85a39487c51406dba7224109c3b2296f15c3dd1931dd024e3f540b12ea7d?s=96&d=mm&r=g","url":"https:\/\/secure.gravatar.com\/avatar\/49ba85a39487c51406dba7224109c3b2296f15c3dd1931dd024e3f540b12ea7d?s=96&d=mm&r=g","contentUrl":"https:\/\/secure.gravatar.com\/avatar\/49ba85a39487c51406dba7224109c3b2296f15c3dd1931dd024e3f540b12ea7d?s=96&d=mm&r=g","caption":"horacio"},"url":"https:\/\/jpevlogistics.com\/en\/author\/horacio\/"}]}},"_links":{"self":[{"href":"https:\/\/jpevlogistics.com\/en\/wp-json\/wp\/v2\/posts\/10800","targetHints":{"allow":["GET"]}}],"collection":[{"href":"https:\/\/jpevlogistics.com\/en\/wp-json\/wp\/v2\/posts"}],"about":[{"href":"https:\/\/jpevlogistics.com\/en\/wp-json\/wp\/v2\/types\/post"}],"author":[{"embeddable":true,"href":"https:\/\/jpevlogistics.com\/en\/wp-json\/wp\/v2\/users\/4"}],"replies":[{"embeddable":true,"href":"https:\/\/jpevlogistics.com\/en\/wp-json\/wp\/v2\/comments?post=10800"}],"version-history":[{"count":2,"href":"https:\/\/jpevlogistics.com\/en\/wp-json\/wp\/v2\/posts\/10800\/revisions"}],"predecessor-version":[{"id":10806,"href":"https:\/\/jpevlogistics.com\/en\/wp-json\/wp\/v2\/posts\/10800\/revisions\/10806"}],"wp:featuredmedia":[{"embeddable":true,"href":"https:\/\/jpevlogistics.com\/en\/wp-json\/wp\/v2\/media\/10804"}],"wp:attachment":[{"href":"https:\/\/jpevlogistics.com\/en\/wp-json\/wp\/v2\/media?parent=10800"}],"wp:term":[{"taxonomy":"category","embeddable":true,"href":"https:\/\/jpevlogistics.com\/en\/wp-json\/wp\/v2\/categories?post=10800"},{"taxonomy":"post_tag","embeddable":true,"href":"https:\/\/jpevlogistics.com\/en\/wp-json\/wp\/v2\/tags?post=10800"}],"curies":[{"name":"wp","href":"https:\/\/api.w.org\/{rel}","templated":true}]}}