{"id":1351,"date":"2021-04-25T21:44:16","date_gmt":"2021-04-25T21:44:16","guid":{"rendered":"https:\/\/jpevlogistics.com\/?p=1351"},"modified":"2021-04-30T18:40:20","modified_gmt":"2021-04-30T18:40:20","slug":"el-impacto-de-la-pandemia-en-el-transporte-maritimo-de-carga","status":"publish","type":"post","link":"https:\/\/jpevlogistics.com\/en\/el-impacto-de-la-pandemia-en-el-transporte-maritimo-de-carga\/","title":{"rendered":"EL IMPACTO DE LA PANDEMIA EN EL TRANSPORTE MAR\u00cdTIMO DE CARGA"},"content":{"rendered":"<p>El comercio internacional, el transporte mar\u00edtimo y las operaciones portuarias han venido desempe\u00f1ando un rol determinante desde el inicio de la pandemia.&nbsp;Entre otros aspectos, han permitido que los bienes e insumos&nbsp;esenciales y m\u00e9dicos&nbsp;puedan seguir siendo transportados para llegar a su destino final. Sin embargo, la pandemia&nbsp;ha afectado a dichos sectores&nbsp;tanto a nivel internacional como&nbsp;nacional.<\/p>\n\n\n\n<p>La Organizaci\u00f3n Mundial del Comercio (OMC) ha proyectado una ca\u00edda del 9,2 % del volumen del comercio mundial de bienes para el 2020&nbsp;y un crecimiento del 7,2 % en 2021, pero con una tendencia de crecimiento mucho menor a la que se ten\u00eda antes de la crisis. En este panorama son de considerar las cifras de la Comisi\u00f3n Econ\u00f3mica para Am\u00e9rica Latina y el Caribe (CEPAL)&nbsp;que detallan que&nbsp;en&nbsp;2020 el valor de las exportaciones regionales de bienes cay\u00f3&nbsp;un 13 %&nbsp;y el de las importaciones en&nbsp;20 %.<\/p>\n\n\n\n<figure class=\"wp-block-image\"><img decoding=\"async\" src=\"https:\/\/lexlatin.com\/portal\/sites\/default\/files\/2021-03\/container_jeromemonta_unsplash.jpg\" alt=\"\"\/><\/figure>\n\n\n\n<p>Con relaci\u00f3n al transporte mar\u00edtimo y el sector portuario, a nivel internacional&nbsp;se establecieron&nbsp;diversas medidas sanitarias con la finalidad de&nbsp;controlar mejor las entradas y arribos de los barcos, as\u00ed como las operaciones portuarias.&nbsp;Esto origin\u00f3, entre otros efectos, que las navieras cancelaran&nbsp;viajes o traves\u00edas&nbsp;adem\u00e1s de&nbsp;problemas con&nbsp;embarques y desembarques de la gente de mar y que las escalas portuarias, los movimientos de carga&nbsp;y las cadenas de suministro se vieran gravemente afectados.<\/p>","protected":false},"excerpt":{"rendered":"<p>El comercio internacional, el transporte mar\u00edtimo y las operaciones portuarias han venido desempe\u00f1ando un rol determinante desde el inicio de la pandemia.&nbsp;Entre otros aspectos, han permitido que los bienes e insumos&nbsp;esenciales y m\u00e9dicos&nbsp;puedan seguir siendo transportados para llegar a su destino final. Sin embargo, la pandemia&nbsp;ha afectado a dichos sectores&nbsp;tanto a nivel internacional como&nbsp;nacional. La [&hellip;]<\/p>\n","protected":false},"author":4,"featured_media":1172,"comment_status":"open","ping_status":"open","sticky":false,"template":"","format":"standard","meta":{"footnotes":""},"categories":[1],"tags":[],"class_list":["post-1351","post","type-post","status-publish","format-standard","has-post-thumbnail","hentry","category-sin-categoria"],"yoast_head":"<!-- This site is optimized with the Yoast SEO plugin v27.4 - https:\/\/yoast.com\/product\/yoast-seo-wordpress\/ -->\n<title>EL IMPACTO DE LA PANDEMIA EN EL TRANSPORTE MAR\u00cdTIMO DE CARGA - JPEV Logistics<\/title>\n<meta name=\"robots\" content=\"index, follow, max-snippet:-1, max-image-preview:large, max-video-preview:-1\" \/>\n<link rel=\"canonical\" href=\"https:\/\/jpevlogistics.com\/en\/el-impacto-de-la-pandemia-en-el-transporte-maritimo-de-carga\/\" \/>\n<meta property=\"og:locale\" content=\"en_US\" \/>\n<meta property=\"og:type\" content=\"article\" \/>\n<meta property=\"og:title\" content=\"EL IMPACTO DE LA PANDEMIA EN EL TRANSPORTE MAR\u00cdTIMO DE CARGA - JPEV Logistics\" \/>\n<meta property=\"og:description\" content=\"El comercio internacional, el transporte mar\u00edtimo y las operaciones portuarias han venido desempe\u00f1ando un rol determinante desde el inicio de la pandemia.&nbsp;Entre otros aspectos, han permitido que los bienes e insumos&nbsp;esenciales y m\u00e9dicos&nbsp;puedan seguir siendo transportados para llegar a su destino final. Sin embargo, la pandemia&nbsp;ha afectado a dichos sectores&nbsp;tanto a nivel internacional como&nbsp;nacional. La [&hellip;]\" \/>\n<meta property=\"og:url\" content=\"https:\/\/jpevlogistics.com\/en\/el-impacto-de-la-pandemia-en-el-transporte-maritimo-de-carga\/\" \/>\n<meta property=\"og:site_name\" content=\"JPEV Logistics\" \/>\n<meta property=\"article:published_time\" content=\"2021-04-25T21:44:16+00:00\" \/>\n<meta property=\"article:modified_time\" content=\"2021-04-30T18:40:20+00:00\" \/>\n<meta property=\"og:image\" content=\"https:\/\/jpevlogistics.com\/wp-content\/uploads\/2020\/07\/home-01.jpg\" \/>\n\t<meta property=\"og:image:width\" content=\"1920\" \/>\n\t<meta property=\"og:image:height\" content=\"650\" \/>\n\t<meta property=\"og:image:type\" content=\"image\/jpeg\" \/>\n<meta name=\"author\" content=\"horacio\" \/>\n<meta name=\"twitter:card\" content=\"summary_large_image\" \/>\n<meta name=\"twitter:label1\" content=\"Written by\" \/>\n\t<meta name=\"twitter:data1\" content=\"horacio\" \/>\n\t<meta name=\"twitter:label2\" content=\"Est. reading time\" \/>\n\t<meta name=\"twitter:data2\" content=\"2 minutes\" \/>\n<script type=\"application\/ld+json\" class=\"yoast-schema-graph\">{\"@context\":\"https:\\\/\\\/schema.org\",\"@graph\":[{\"@type\":\"Article\",\"@id\":\"https:\\\/\\\/jpevlogistics.com\\\/el-impacto-de-la-pandemia-en-el-transporte-maritimo-de-carga\\\/#article\",\"isPartOf\":{\"@id\":\"https:\\\/\\\/jpevlogistics.com\\\/el-impacto-de-la-pandemia-en-el-transporte-maritimo-de-carga\\\/\"},\"author\":{\"name\":\"horacio\",\"@id\":\"https:\\\/\\\/jpevlogistics.com\\\/#\\\/schema\\\/person\\\/5cb83ed90e4ad10651470058bc190e62\"},\"headline\":\"EL IMPACTO DE LA PANDEMIA EN EL TRANSPORTE MAR\u00cdTIMO DE CARGA\",\"datePublished\":\"2021-04-25T21:44:16+00:00\",\"dateModified\":\"2021-04-30T18:40:20+00:00\",\"mainEntityOfPage\":{\"@id\":\"https:\\\/\\\/jpevlogistics.com\\\/el-impacto-de-la-pandemia-en-el-transporte-maritimo-de-carga\\\/\"},\"wordCount\":265,\"commentCount\":0,\"publisher\":{\"@id\":\"https:\\\/\\\/jpevlogistics.com\\\/#organization\"},\"image\":{\"@id\":\"https:\\\/\\\/jpevlogistics.com\\\/el-impacto-de-la-pandemia-en-el-transporte-maritimo-de-carga\\\/#primaryimage\"},\"thumbnailUrl\":\"https:\\\/\\\/jpevlogistics.com\\\/wp-content\\\/uploads\\\/2020\\\/07\\\/home-01.jpg\",\"articleSection\":[\"Sin categor\u00eda\"],\"inLanguage\":\"en-US\",\"potentialAction\":[{\"@type\":\"CommentAction\",\"name\":\"Comment\",\"target\":[\"https:\\\/\\\/jpevlogistics.com\\\/el-impacto-de-la-pandemia-en-el-transporte-maritimo-de-carga\\\/#respond\"]}]},{\"@type\":\"WebPage\",\"@id\":\"https:\\\/\\\/jpevlogistics.com\\\/el-impacto-de-la-pandemia-en-el-transporte-maritimo-de-carga\\\/\",\"url\":\"https:\\\/\\\/jpevlogistics.com\\\/el-impacto-de-la-pandemia-en-el-transporte-maritimo-de-carga\\\/\",\"name\":\"EL IMPACTO DE LA PANDEMIA EN EL TRANSPORTE MAR\u00cdTIMO DE CARGA - JPEV Logistics\",\"isPartOf\":{\"@id\":\"https:\\\/\\\/jpevlogistics.com\\\/#website\"},\"primaryImageOfPage\":{\"@id\":\"https:\\\/\\\/jpevlogistics.com\\\/el-impacto-de-la-pandemia-en-el-transporte-maritimo-de-carga\\\/#primaryimage\"},\"image\":{\"@id\":\"https:\\\/\\\/jpevlogistics.com\\\/el-impacto-de-la-pandemia-en-el-transporte-maritimo-de-carga\\\/#primaryimage\"},\"thumbnailUrl\":\"https:\\\/\\\/jpevlogistics.com\\\/wp-content\\\/uploads\\\/2020\\\/07\\\/home-01.jpg\",\"datePublished\":\"2021-04-25T21:44:16+00:00\",\"dateModified\":\"2021-04-30T18:40:20+00:00\",\"breadcrumb\":{\"@id\":\"https:\\\/\\\/jpevlogistics.com\\\/el-impacto-de-la-pandemia-en-el-transporte-maritimo-de-carga\\\/#breadcrumb\"},\"inLanguage\":\"en-US\",\"potentialAction\":[{\"@type\":\"ReadAction\",\"target\":[\"https:\\\/\\\/jpevlogistics.com\\\/el-impacto-de-la-pandemia-en-el-transporte-maritimo-de-carga\\\/\"]}]},{\"@type\":\"ImageObject\",\"inLanguage\":\"en-US\",\"@id\":\"https:\\\/\\\/jpevlogistics.com\\\/el-impacto-de-la-pandemia-en-el-transporte-maritimo-de-carga\\\/#primaryimage\",\"url\":\"https:\\\/\\\/jpevlogistics.com\\\/wp-content\\\/uploads\\\/2020\\\/07\\\/home-01.jpg\",\"contentUrl\":\"https:\\\/\\\/jpevlogistics.com\\\/wp-content\\\/uploads\\\/2020\\\/07\\\/home-01.jpg\",\"width\":1920,\"height\":650},{\"@type\":\"BreadcrumbList\",\"@id\":\"https:\\\/\\\/jpevlogistics.com\\\/el-impacto-de-la-pandemia-en-el-transporte-maritimo-de-carga\\\/#breadcrumb\",\"itemListElement\":[{\"@type\":\"ListItem\",\"position\":1,\"name\":\"Portada\",\"item\":\"https:\\\/\\\/jpevlogistics.com\\\/\"},{\"@type\":\"ListItem\",\"position\":2,\"name\":\"EL IMPACTO DE LA PANDEMIA EN EL TRANSPORTE MAR\u00cdTIMO DE CARGA\"}]},{\"@type\":\"WebSite\",\"@id\":\"https:\\\/\\\/jpevlogistics.com\\\/#website\",\"url\":\"https:\\\/\\\/jpevlogistics.com\\\/\",\"name\":\"JPEV Logistics\",\"description\":\"\",\"publisher\":{\"@id\":\"https:\\\/\\\/jpevlogistics.com\\\/#organization\"},\"potentialAction\":[{\"@type\":\"SearchAction\",\"target\":{\"@type\":\"EntryPoint\",\"urlTemplate\":\"https:\\\/\\\/jpevlogistics.com\\\/?s={search_term_string}\"},\"query-input\":{\"@type\":\"PropertyValueSpecification\",\"valueRequired\":true,\"valueName\":\"search_term_string\"}}],\"inLanguage\":\"en-US\"},{\"@type\":\"Organization\",\"@id\":\"https:\\\/\\\/jpevlogistics.com\\\/#organization\",\"name\":\"JPEV Logistics\",\"url\":\"https:\\\/\\\/jpevlogistics.com\\\/\",\"logo\":{\"@type\":\"ImageObject\",\"inLanguage\":\"en-US\",\"@id\":\"https:\\\/\\\/jpevlogistics.com\\\/#\\\/schema\\\/logo\\\/image\\\/\",\"url\":\"https:\\\/\\\/jpevlogistics.com\\\/wp-content\\\/uploads\\\/2020\\\/07\\\/logo.png\",\"contentUrl\":\"https:\\\/\\\/jpevlogistics.com\\\/wp-content\\\/uploads\\\/2020\\\/07\\\/logo.png\",\"width\":214,\"height\":81,\"caption\":\"JPEV Logistics\"},\"image\":{\"@id\":\"https:\\\/\\\/jpevlogistics.com\\\/#\\\/schema\\\/logo\\\/image\\\/\"},\"sameAs\":[\"https:\\\/\\\/www.instagram.com\\\/jpevlogistics\\\/\",\"https:\\\/\\\/www.linkedin.com\\\/company\\\/jpev-logistics\\\/\"]},{\"@type\":\"Person\",\"@id\":\"https:\\\/\\\/jpevlogistics.com\\\/#\\\/schema\\\/person\\\/5cb83ed90e4ad10651470058bc190e62\",\"name\":\"horacio\",\"image\":{\"@type\":\"ImageObject\",\"inLanguage\":\"en-US\",\"@id\":\"https:\\\/\\\/secure.gravatar.com\\\/avatar\\\/49ba85a39487c51406dba7224109c3b2296f15c3dd1931dd024e3f540b12ea7d?s=96&d=mm&r=g\",\"url\":\"https:\\\/\\\/secure.gravatar.com\\\/avatar\\\/49ba85a39487c51406dba7224109c3b2296f15c3dd1931dd024e3f540b12ea7d?s=96&d=mm&r=g\",\"contentUrl\":\"https:\\\/\\\/secure.gravatar.com\\\/avatar\\\/49ba85a39487c51406dba7224109c3b2296f15c3dd1931dd024e3f540b12ea7d?s=96&d=mm&r=g\",\"caption\":\"horacio\"},\"url\":\"https:\\\/\\\/jpevlogistics.com\\\/en\\\/author\\\/horacio\\\/\"}]}<\/script>\n<!-- \/ Yoast SEO plugin. -->","yoast_head_json":{"title":"EL IMPACTO DE LA PANDEMIA EN EL TRANSPORTE MAR\u00cdTIMO DE CARGA - JPEV Logistics","robots":{"index":"index","follow":"follow","max-snippet":"max-snippet:-1","max-image-preview":"max-image-preview:large","max-video-preview":"max-video-preview:-1"},"canonical":"https:\/\/jpevlogistics.com\/en\/el-impacto-de-la-pandemia-en-el-transporte-maritimo-de-carga\/","og_locale":"en_US","og_type":"article","og_title":"EL IMPACTO DE LA PANDEMIA EN EL TRANSPORTE MAR\u00cdTIMO DE CARGA - JPEV Logistics","og_description":"El comercio internacional, el transporte mar\u00edtimo y las operaciones portuarias han venido desempe\u00f1ando un rol determinante desde el inicio de la pandemia.&nbsp;Entre otros aspectos, han permitido que los bienes e insumos&nbsp;esenciales y m\u00e9dicos&nbsp;puedan seguir siendo transportados para llegar a su destino final. Sin embargo, la pandemia&nbsp;ha afectado a dichos sectores&nbsp;tanto a nivel internacional como&nbsp;nacional. La [&hellip;]","og_url":"https:\/\/jpevlogistics.com\/en\/el-impacto-de-la-pandemia-en-el-transporte-maritimo-de-carga\/","og_site_name":"JPEV Logistics","article_published_time":"2021-04-25T21:44:16+00:00","article_modified_time":"2021-04-30T18:40:20+00:00","og_image":[{"width":1920,"height":650,"url":"https:\/\/jpevlogistics.com\/wp-content\/uploads\/2020\/07\/home-01.jpg","type":"image\/jpeg"}],"author":"horacio","twitter_card":"summary_large_image","twitter_misc":{"Written by":"horacio","Est. reading time":"2 minutes"},"schema":{"@context":"https:\/\/schema.org","@graph":[{"@type":"Article","@id":"https:\/\/jpevlogistics.com\/el-impacto-de-la-pandemia-en-el-transporte-maritimo-de-carga\/#article","isPartOf":{"@id":"https:\/\/jpevlogistics.com\/el-impacto-de-la-pandemia-en-el-transporte-maritimo-de-carga\/"},"author":{"name":"horacio","@id":"https:\/\/jpevlogistics.com\/#\/schema\/person\/5cb83ed90e4ad10651470058bc190e62"},"headline":"EL IMPACTO DE LA PANDEMIA EN EL TRANSPORTE MAR\u00cdTIMO DE CARGA","datePublished":"2021-04-25T21:44:16+00:00","dateModified":"2021-04-30T18:40:20+00:00","mainEntityOfPage":{"@id":"https:\/\/jpevlogistics.com\/el-impacto-de-la-pandemia-en-el-transporte-maritimo-de-carga\/"},"wordCount":265,"commentCount":0,"publisher":{"@id":"https:\/\/jpevlogistics.com\/#organization"},"image":{"@id":"https:\/\/jpevlogistics.com\/el-impacto-de-la-pandemia-en-el-transporte-maritimo-de-carga\/#primaryimage"},"thumbnailUrl":"https:\/\/jpevlogistics.com\/wp-content\/uploads\/2020\/07\/home-01.jpg","articleSection":["Sin categor\u00eda"],"inLanguage":"en-US","potentialAction":[{"@type":"CommentAction","name":"Comment","target":["https:\/\/jpevlogistics.com\/el-impacto-de-la-pandemia-en-el-transporte-maritimo-de-carga\/#respond"]}]},{"@type":"WebPage","@id":"https:\/\/jpevlogistics.com\/el-impacto-de-la-pandemia-en-el-transporte-maritimo-de-carga\/","url":"https:\/\/jpevlogistics.com\/el-impacto-de-la-pandemia-en-el-transporte-maritimo-de-carga\/","name":"EL IMPACTO DE LA PANDEMIA EN EL TRANSPORTE MAR\u00cdTIMO DE CARGA - JPEV Logistics","isPartOf":{"@id":"https:\/\/jpevlogistics.com\/#website"},"primaryImageOfPage":{"@id":"https:\/\/jpevlogistics.com\/el-impacto-de-la-pandemia-en-el-transporte-maritimo-de-carga\/#primaryimage"},"image":{"@id":"https:\/\/jpevlogistics.com\/el-impacto-de-la-pandemia-en-el-transporte-maritimo-de-carga\/#primaryimage"},"thumbnailUrl":"https:\/\/jpevlogistics.com\/wp-content\/uploads\/2020\/07\/home-01.jpg","datePublished":"2021-04-25T21:44:16+00:00","dateModified":"2021-04-30T18:40:20+00:00","breadcrumb":{"@id":"https:\/\/jpevlogistics.com\/el-impacto-de-la-pandemia-en-el-transporte-maritimo-de-carga\/#breadcrumb"},"inLanguage":"en-US","potentialAction":[{"@type":"ReadAction","target":["https:\/\/jpevlogistics.com\/el-impacto-de-la-pandemia-en-el-transporte-maritimo-de-carga\/"]}]},{"@type":"ImageObject","inLanguage":"en-US","@id":"https:\/\/jpevlogistics.com\/el-impacto-de-la-pandemia-en-el-transporte-maritimo-de-carga\/#primaryimage","url":"https:\/\/jpevlogistics.com\/wp-content\/uploads\/2020\/07\/home-01.jpg","contentUrl":"https:\/\/jpevlogistics.com\/wp-content\/uploads\/2020\/07\/home-01.jpg","width":1920,"height":650},{"@type":"BreadcrumbList","@id":"https:\/\/jpevlogistics.com\/el-impacto-de-la-pandemia-en-el-transporte-maritimo-de-carga\/#breadcrumb","itemListElement":[{"@type":"ListItem","position":1,"name":"Portada","item":"https:\/\/jpevlogistics.com\/"},{"@type":"ListItem","position":2,"name":"EL IMPACTO DE LA PANDEMIA EN EL TRANSPORTE MAR\u00cdTIMO DE CARGA"}]},{"@type":"WebSite","@id":"https:\/\/jpevlogistics.com\/#website","url":"https:\/\/jpevlogistics.com\/","name":"JPEV Logistics","description":"","publisher":{"@id":"https:\/\/jpevlogistics.com\/#organization"},"potentialAction":[{"@type":"SearchAction","target":{"@type":"EntryPoint","urlTemplate":"https:\/\/jpevlogistics.com\/?s={search_term_string}"},"query-input":{"@type":"PropertyValueSpecification","valueRequired":true,"valueName":"search_term_string"}}],"inLanguage":"en-US"},{"@type":"Organization","@id":"https:\/\/jpevlogistics.com\/#organization","name":"JPEV Logistics","url":"https:\/\/jpevlogistics.com\/","logo":{"@type":"ImageObject","inLanguage":"en-US","@id":"https:\/\/jpevlogistics.com\/#\/schema\/logo\/image\/","url":"https:\/\/jpevlogistics.com\/wp-content\/uploads\/2020\/07\/logo.png","contentUrl":"https:\/\/jpevlogistics.com\/wp-content\/uploads\/2020\/07\/logo.png","width":214,"height":81,"caption":"JPEV Logistics"},"image":{"@id":"https:\/\/jpevlogistics.com\/#\/schema\/logo\/image\/"},"sameAs":["https:\/\/www.instagram.com\/jpevlogistics\/","https:\/\/www.linkedin.com\/company\/jpev-logistics\/"]},{"@type":"Person","@id":"https:\/\/jpevlogistics.com\/#\/schema\/person\/5cb83ed90e4ad10651470058bc190e62","name":"horacio","image":{"@type":"ImageObject","inLanguage":"en-US","@id":"https:\/\/secure.gravatar.com\/avatar\/49ba85a39487c51406dba7224109c3b2296f15c3dd1931dd024e3f540b12ea7d?s=96&d=mm&r=g","url":"https:\/\/secure.gravatar.com\/avatar\/49ba85a39487c51406dba7224109c3b2296f15c3dd1931dd024e3f540b12ea7d?s=96&d=mm&r=g","contentUrl":"https:\/\/secure.gravatar.com\/avatar\/49ba85a39487c51406dba7224109c3b2296f15c3dd1931dd024e3f540b12ea7d?s=96&d=mm&r=g","caption":"horacio"},"url":"https:\/\/jpevlogistics.com\/en\/author\/horacio\/"}]}},"_links":{"self":[{"href":"https:\/\/jpevlogistics.com\/en\/wp-json\/wp\/v2\/posts\/1351","targetHints":{"allow":["GET"]}}],"collection":[{"href":"https:\/\/jpevlogistics.com\/en\/wp-json\/wp\/v2\/posts"}],"about":[{"href":"https:\/\/jpevlogistics.com\/en\/wp-json\/wp\/v2\/types\/post"}],"author":[{"embeddable":true,"href":"https:\/\/jpevlogistics.com\/en\/wp-json\/wp\/v2\/users\/4"}],"replies":[{"embeddable":true,"href":"https:\/\/jpevlogistics.com\/en\/wp-json\/wp\/v2\/comments?post=1351"}],"version-history":[{"count":1,"href":"https:\/\/jpevlogistics.com\/en\/wp-json\/wp\/v2\/posts\/1351\/revisions"}],"predecessor-version":[{"id":1352,"href":"https:\/\/jpevlogistics.com\/en\/wp-json\/wp\/v2\/posts\/1351\/revisions\/1352"}],"wp:featuredmedia":[{"embeddable":true,"href":"https:\/\/jpevlogistics.com\/en\/wp-json\/wp\/v2\/media\/1172"}],"wp:attachment":[{"href":"https:\/\/jpevlogistics.com\/en\/wp-json\/wp\/v2\/media?parent=1351"}],"wp:term":[{"taxonomy":"category","embeddable":true,"href":"https:\/\/jpevlogistics.com\/en\/wp-json\/wp\/v2\/categories?post=1351"},{"taxonomy":"post_tag","embeddable":true,"href":"https:\/\/jpevlogistics.com\/en\/wp-json\/wp\/v2\/tags?post=1351"}],"curies":[{"name":"wp","href":"https:\/\/api.w.org\/{rel}","templated":true}]}}