{"id":1353,"date":"2021-04-26T19:51:42","date_gmt":"2021-04-26T19:51:42","guid":{"rendered":"https:\/\/jpevlogistics.com\/?p=1353"},"modified":"2021-04-26T19:51:42","modified_gmt":"2021-04-26T19:51:42","slug":"paso-de-los-libres-uruguayana","status":"publish","type":"post","link":"https:\/\/jpevlogistics.com\/en\/paso-de-los-libres-uruguayana\/","title":{"rendered":"PASO DE LOS LIBRES-URUGUAYANA"},"content":{"rendered":"<h1 class=\"wp-block-heading\">Cierre de frontera: suspenden el tr\u00e1nsito de camiones con Brasil<\/h1>\n\n\n\n<p>Se&nbsp;suspende el tr\u00e1nsito de camiones por la frontera Paso de los Libres-Uruguayana por seguridad, informaron este mi\u00e9rcoles fuentes oficiales.<\/p>\n\n\n\n<p>La medida se dispuso debido a que &#8220;no est\u00e1n dadas las condiciones de seguridad para que los choferes de nacionalidad argentina puedan llegar a la Terminal Aduanera BR290&#8221;, indicaron desde el Ministerio del Interior de la Naci\u00f3n.<\/p>\n\n\n\n<figure class=\"wp-block-image size-large is-style-default\"><img decoding=\"async\" src=\"https:\/\/www.ellitoral.com.ar\" alt=\"\"\/><\/figure>\n\n\n\n<p>En este sentido, se determin\u00f3 la suspensi\u00f3n del &#8220;env\u00edo hacia la Rep\u00fablica Federativa del Brasil de los medios de transportes internacional como as\u00ed tambi\u00e9n la recepci\u00f3n e ingreso al Complejo Terminal de Cargas de los provenientes de ese pa\u00eds&#8221;, por lo que se solicit\u00f3 no liberar ni permitir&nbsp;&#8220;egresar camiones hacia la Argentina&#8221;, comunicaron.<\/p>","protected":false},"excerpt":{"rendered":"<p>Cierre de frontera: suspenden el tr\u00e1nsito de camiones con Brasil Se&nbsp;suspende el tr\u00e1nsito de camiones por la frontera Paso de los Libres-Uruguayana por seguridad, informaron este mi\u00e9rcoles fuentes oficiales. La medida se dispuso debido a que &#8220;no est\u00e1n dadas las condiciones de seguridad para que los choferes de nacionalidad argentina puedan llegar a la Terminal [&hellip;]<\/p>\n","protected":false},"author":4,"featured_media":1354,"comment_status":"open","ping_status":"open","sticky":false,"template":"","format":"standard","meta":{"footnotes":""},"categories":[1],"tags":[],"class_list":["post-1353","post","type-post","status-publish","format-standard","has-post-thumbnail","hentry","category-sin-categoria"],"yoast_head":"<!-- This site is optimized with the Yoast SEO plugin v27.4 - https:\/\/yoast.com\/product\/yoast-seo-wordpress\/ -->\n<title>PASO DE LOS LIBRES-URUGUAYANA - JPEV Logistics<\/title>\n<meta name=\"robots\" content=\"index, follow, max-snippet:-1, max-image-preview:large, max-video-preview:-1\" \/>\n<link rel=\"canonical\" href=\"https:\/\/jpevlogistics.com\/en\/paso-de-los-libres-uruguayana\/\" \/>\n<meta property=\"og:locale\" content=\"en_US\" \/>\n<meta property=\"og:type\" content=\"article\" \/>\n<meta property=\"og:title\" content=\"PASO DE LOS LIBRES-URUGUAYANA - JPEV Logistics\" \/>\n<meta property=\"og:description\" content=\"Cierre de frontera: suspenden el tr\u00e1nsito de camiones con Brasil Se&nbsp;suspende el tr\u00e1nsito de camiones por la frontera Paso de los Libres-Uruguayana por seguridad, informaron este mi\u00e9rcoles fuentes oficiales. La medida se dispuso debido a que &#8220;no est\u00e1n dadas las condiciones de seguridad para que los choferes de nacionalidad argentina puedan llegar a la Terminal [&hellip;]\" \/>\n<meta property=\"og:url\" content=\"https:\/\/jpevlogistics.com\/en\/paso-de-los-libres-uruguayana\/\" \/>\n<meta property=\"og:site_name\" content=\"JPEV Logistics\" \/>\n<meta property=\"article:published_time\" content=\"2021-04-26T19:51:42+00:00\" \/>\n<meta property=\"og:image\" content=\"https:\/\/jpevlogistics.com\/wp-content\/uploads\/2021\/04\/camion-2.jpg\" \/>\n\t<meta property=\"og:image:width\" content=\"1119\" \/>\n\t<meta property=\"og:image:height\" content=\"746\" \/>\n\t<meta property=\"og:image:type\" content=\"image\/jpeg\" \/>\n<meta name=\"author\" content=\"horacio\" \/>\n<meta name=\"twitter:card\" content=\"summary_large_image\" \/>\n<meta name=\"twitter:label1\" content=\"Written by\" \/>\n\t<meta name=\"twitter:data1\" content=\"horacio\" \/>\n\t<meta name=\"twitter:label2\" content=\"Est. reading time\" \/>\n\t<meta name=\"twitter:data2\" content=\"1 minute\" \/>\n<script type=\"application\/ld+json\" class=\"yoast-schema-graph\">{\"@context\":\"https:\\\/\\\/schema.org\",\"@graph\":[{\"@type\":\"Article\",\"@id\":\"https:\\\/\\\/jpevlogistics.com\\\/paso-de-los-libres-uruguayana\\\/#article\",\"isPartOf\":{\"@id\":\"https:\\\/\\\/jpevlogistics.com\\\/paso-de-los-libres-uruguayana\\\/\"},\"author\":{\"name\":\"horacio\",\"@id\":\"https:\\\/\\\/jpevlogistics.com\\\/#\\\/schema\\\/person\\\/5cb83ed90e4ad10651470058bc190e62\"},\"headline\":\"PASO DE LOS LIBRES-URUGUAYANA\",\"datePublished\":\"2021-04-26T19:51:42+00:00\",\"mainEntityOfPage\":{\"@id\":\"https:\\\/\\\/jpevlogistics.com\\\/paso-de-los-libres-uruguayana\\\/\"},\"wordCount\":138,\"commentCount\":0,\"publisher\":{\"@id\":\"https:\\\/\\\/jpevlogistics.com\\\/#organization\"},\"image\":{\"@id\":\"https:\\\/\\\/jpevlogistics.com\\\/paso-de-los-libres-uruguayana\\\/#primaryimage\"},\"thumbnailUrl\":\"https:\\\/\\\/jpevlogistics.com\\\/wp-content\\\/uploads\\\/2021\\\/04\\\/camion-2.jpg\",\"articleSection\":[\"Sin categor\u00eda\"],\"inLanguage\":\"en-US\",\"potentialAction\":[{\"@type\":\"CommentAction\",\"name\":\"Comment\",\"target\":[\"https:\\\/\\\/jpevlogistics.com\\\/paso-de-los-libres-uruguayana\\\/#respond\"]}]},{\"@type\":\"WebPage\",\"@id\":\"https:\\\/\\\/jpevlogistics.com\\\/paso-de-los-libres-uruguayana\\\/\",\"url\":\"https:\\\/\\\/jpevlogistics.com\\\/paso-de-los-libres-uruguayana\\\/\",\"name\":\"PASO DE LOS LIBRES-URUGUAYANA - JPEV Logistics\",\"isPartOf\":{\"@id\":\"https:\\\/\\\/jpevlogistics.com\\\/#website\"},\"primaryImageOfPage\":{\"@id\":\"https:\\\/\\\/jpevlogistics.com\\\/paso-de-los-libres-uruguayana\\\/#primaryimage\"},\"image\":{\"@id\":\"https:\\\/\\\/jpevlogistics.com\\\/paso-de-los-libres-uruguayana\\\/#primaryimage\"},\"thumbnailUrl\":\"https:\\\/\\\/jpevlogistics.com\\\/wp-content\\\/uploads\\\/2021\\\/04\\\/camion-2.jpg\",\"datePublished\":\"2021-04-26T19:51:42+00:00\",\"breadcrumb\":{\"@id\":\"https:\\\/\\\/jpevlogistics.com\\\/paso-de-los-libres-uruguayana\\\/#breadcrumb\"},\"inLanguage\":\"en-US\",\"potentialAction\":[{\"@type\":\"ReadAction\",\"target\":[\"https:\\\/\\\/jpevlogistics.com\\\/paso-de-los-libres-uruguayana\\\/\"]}]},{\"@type\":\"ImageObject\",\"inLanguage\":\"en-US\",\"@id\":\"https:\\\/\\\/jpevlogistics.com\\\/paso-de-los-libres-uruguayana\\\/#primaryimage\",\"url\":\"https:\\\/\\\/jpevlogistics.com\\\/wp-content\\\/uploads\\\/2021\\\/04\\\/camion-2.jpg\",\"contentUrl\":\"https:\\\/\\\/jpevlogistics.com\\\/wp-content\\\/uploads\\\/2021\\\/04\\\/camion-2.jpg\",\"width\":1119,\"height\":746},{\"@type\":\"BreadcrumbList\",\"@id\":\"https:\\\/\\\/jpevlogistics.com\\\/paso-de-los-libres-uruguayana\\\/#breadcrumb\",\"itemListElement\":[{\"@type\":\"ListItem\",\"position\":1,\"name\":\"Portada\",\"item\":\"https:\\\/\\\/jpevlogistics.com\\\/\"},{\"@type\":\"ListItem\",\"position\":2,\"name\":\"PASO DE LOS LIBRES-URUGUAYANA\"}]},{\"@type\":\"WebSite\",\"@id\":\"https:\\\/\\\/jpevlogistics.com\\\/#website\",\"url\":\"https:\\\/\\\/jpevlogistics.com\\\/\",\"name\":\"JPEV Logistics\",\"description\":\"\",\"publisher\":{\"@id\":\"https:\\\/\\\/jpevlogistics.com\\\/#organization\"},\"potentialAction\":[{\"@type\":\"SearchAction\",\"target\":{\"@type\":\"EntryPoint\",\"urlTemplate\":\"https:\\\/\\\/jpevlogistics.com\\\/?s={search_term_string}\"},\"query-input\":{\"@type\":\"PropertyValueSpecification\",\"valueRequired\":true,\"valueName\":\"search_term_string\"}}],\"inLanguage\":\"en-US\"},{\"@type\":\"Organization\",\"@id\":\"https:\\\/\\\/jpevlogistics.com\\\/#organization\",\"name\":\"JPEV Logistics\",\"url\":\"https:\\\/\\\/jpevlogistics.com\\\/\",\"logo\":{\"@type\":\"ImageObject\",\"inLanguage\":\"en-US\",\"@id\":\"https:\\\/\\\/jpevlogistics.com\\\/#\\\/schema\\\/logo\\\/image\\\/\",\"url\":\"https:\\\/\\\/jpevlogistics.com\\\/wp-content\\\/uploads\\\/2020\\\/07\\\/logo.png\",\"contentUrl\":\"https:\\\/\\\/jpevlogistics.com\\\/wp-content\\\/uploads\\\/2020\\\/07\\\/logo.png\",\"width\":214,\"height\":81,\"caption\":\"JPEV Logistics\"},\"image\":{\"@id\":\"https:\\\/\\\/jpevlogistics.com\\\/#\\\/schema\\\/logo\\\/image\\\/\"},\"sameAs\":[\"https:\\\/\\\/www.instagram.com\\\/jpevlogistics\\\/\",\"https:\\\/\\\/www.linkedin.com\\\/company\\\/jpev-logistics\\\/\"]},{\"@type\":\"Person\",\"@id\":\"https:\\\/\\\/jpevlogistics.com\\\/#\\\/schema\\\/person\\\/5cb83ed90e4ad10651470058bc190e62\",\"name\":\"horacio\",\"image\":{\"@type\":\"ImageObject\",\"inLanguage\":\"en-US\",\"@id\":\"https:\\\/\\\/secure.gravatar.com\\\/avatar\\\/49ba85a39487c51406dba7224109c3b2296f15c3dd1931dd024e3f540b12ea7d?s=96&d=mm&r=g\",\"url\":\"https:\\\/\\\/secure.gravatar.com\\\/avatar\\\/49ba85a39487c51406dba7224109c3b2296f15c3dd1931dd024e3f540b12ea7d?s=96&d=mm&r=g\",\"contentUrl\":\"https:\\\/\\\/secure.gravatar.com\\\/avatar\\\/49ba85a39487c51406dba7224109c3b2296f15c3dd1931dd024e3f540b12ea7d?s=96&d=mm&r=g\",\"caption\":\"horacio\"},\"url\":\"https:\\\/\\\/jpevlogistics.com\\\/en\\\/author\\\/horacio\\\/\"}]}<\/script>\n<!-- \/ Yoast SEO plugin. -->","yoast_head_json":{"title":"PASO DE LOS LIBRES-URUGUAYANA - JPEV Logistics","robots":{"index":"index","follow":"follow","max-snippet":"max-snippet:-1","max-image-preview":"max-image-preview:large","max-video-preview":"max-video-preview:-1"},"canonical":"https:\/\/jpevlogistics.com\/en\/paso-de-los-libres-uruguayana\/","og_locale":"en_US","og_type":"article","og_title":"PASO DE LOS LIBRES-URUGUAYANA - JPEV Logistics","og_description":"Cierre de frontera: suspenden el tr\u00e1nsito de camiones con Brasil Se&nbsp;suspende el tr\u00e1nsito de camiones por la frontera Paso de los Libres-Uruguayana por seguridad, informaron este mi\u00e9rcoles fuentes oficiales. La medida se dispuso debido a que &#8220;no est\u00e1n dadas las condiciones de seguridad para que los choferes de nacionalidad argentina puedan llegar a la Terminal [&hellip;]","og_url":"https:\/\/jpevlogistics.com\/en\/paso-de-los-libres-uruguayana\/","og_site_name":"JPEV Logistics","article_published_time":"2021-04-26T19:51:42+00:00","og_image":[{"width":1119,"height":746,"url":"https:\/\/jpevlogistics.com\/wp-content\/uploads\/2021\/04\/camion-2.jpg","type":"image\/jpeg"}],"author":"horacio","twitter_card":"summary_large_image","twitter_misc":{"Written by":"horacio","Est. reading time":"1 minute"},"schema":{"@context":"https:\/\/schema.org","@graph":[{"@type":"Article","@id":"https:\/\/jpevlogistics.com\/paso-de-los-libres-uruguayana\/#article","isPartOf":{"@id":"https:\/\/jpevlogistics.com\/paso-de-los-libres-uruguayana\/"},"author":{"name":"horacio","@id":"https:\/\/jpevlogistics.com\/#\/schema\/person\/5cb83ed90e4ad10651470058bc190e62"},"headline":"PASO DE LOS LIBRES-URUGUAYANA","datePublished":"2021-04-26T19:51:42+00:00","mainEntityOfPage":{"@id":"https:\/\/jpevlogistics.com\/paso-de-los-libres-uruguayana\/"},"wordCount":138,"commentCount":0,"publisher":{"@id":"https:\/\/jpevlogistics.com\/#organization"},"image":{"@id":"https:\/\/jpevlogistics.com\/paso-de-los-libres-uruguayana\/#primaryimage"},"thumbnailUrl":"https:\/\/jpevlogistics.com\/wp-content\/uploads\/2021\/04\/camion-2.jpg","articleSection":["Sin categor\u00eda"],"inLanguage":"en-US","potentialAction":[{"@type":"CommentAction","name":"Comment","target":["https:\/\/jpevlogistics.com\/paso-de-los-libres-uruguayana\/#respond"]}]},{"@type":"WebPage","@id":"https:\/\/jpevlogistics.com\/paso-de-los-libres-uruguayana\/","url":"https:\/\/jpevlogistics.com\/paso-de-los-libres-uruguayana\/","name":"PASO DE LOS LIBRES-URUGUAYANA - JPEV Logistics","isPartOf":{"@id":"https:\/\/jpevlogistics.com\/#website"},"primaryImageOfPage":{"@id":"https:\/\/jpevlogistics.com\/paso-de-los-libres-uruguayana\/#primaryimage"},"image":{"@id":"https:\/\/jpevlogistics.com\/paso-de-los-libres-uruguayana\/#primaryimage"},"thumbnailUrl":"https:\/\/jpevlogistics.com\/wp-content\/uploads\/2021\/04\/camion-2.jpg","datePublished":"2021-04-26T19:51:42+00:00","breadcrumb":{"@id":"https:\/\/jpevlogistics.com\/paso-de-los-libres-uruguayana\/#breadcrumb"},"inLanguage":"en-US","potentialAction":[{"@type":"ReadAction","target":["https:\/\/jpevlogistics.com\/paso-de-los-libres-uruguayana\/"]}]},{"@type":"ImageObject","inLanguage":"en-US","@id":"https:\/\/jpevlogistics.com\/paso-de-los-libres-uruguayana\/#primaryimage","url":"https:\/\/jpevlogistics.com\/wp-content\/uploads\/2021\/04\/camion-2.jpg","contentUrl":"https:\/\/jpevlogistics.com\/wp-content\/uploads\/2021\/04\/camion-2.jpg","width":1119,"height":746},{"@type":"BreadcrumbList","@id":"https:\/\/jpevlogistics.com\/paso-de-los-libres-uruguayana\/#breadcrumb","itemListElement":[{"@type":"ListItem","position":1,"name":"Portada","item":"https:\/\/jpevlogistics.com\/"},{"@type":"ListItem","position":2,"name":"PASO DE LOS LIBRES-URUGUAYANA"}]},{"@type":"WebSite","@id":"https:\/\/jpevlogistics.com\/#website","url":"https:\/\/jpevlogistics.com\/","name":"JPEV Logistics","description":"","publisher":{"@id":"https:\/\/jpevlogistics.com\/#organization"},"potentialAction":[{"@type":"SearchAction","target":{"@type":"EntryPoint","urlTemplate":"https:\/\/jpevlogistics.com\/?s={search_term_string}"},"query-input":{"@type":"PropertyValueSpecification","valueRequired":true,"valueName":"search_term_string"}}],"inLanguage":"en-US"},{"@type":"Organization","@id":"https:\/\/jpevlogistics.com\/#organization","name":"JPEV Logistics","url":"https:\/\/jpevlogistics.com\/","logo":{"@type":"ImageObject","inLanguage":"en-US","@id":"https:\/\/jpevlogistics.com\/#\/schema\/logo\/image\/","url":"https:\/\/jpevlogistics.com\/wp-content\/uploads\/2020\/07\/logo.png","contentUrl":"https:\/\/jpevlogistics.com\/wp-content\/uploads\/2020\/07\/logo.png","width":214,"height":81,"caption":"JPEV Logistics"},"image":{"@id":"https:\/\/jpevlogistics.com\/#\/schema\/logo\/image\/"},"sameAs":["https:\/\/www.instagram.com\/jpevlogistics\/","https:\/\/www.linkedin.com\/company\/jpev-logistics\/"]},{"@type":"Person","@id":"https:\/\/jpevlogistics.com\/#\/schema\/person\/5cb83ed90e4ad10651470058bc190e62","name":"horacio","image":{"@type":"ImageObject","inLanguage":"en-US","@id":"https:\/\/secure.gravatar.com\/avatar\/49ba85a39487c51406dba7224109c3b2296f15c3dd1931dd024e3f540b12ea7d?s=96&d=mm&r=g","url":"https:\/\/secure.gravatar.com\/avatar\/49ba85a39487c51406dba7224109c3b2296f15c3dd1931dd024e3f540b12ea7d?s=96&d=mm&r=g","contentUrl":"https:\/\/secure.gravatar.com\/avatar\/49ba85a39487c51406dba7224109c3b2296f15c3dd1931dd024e3f540b12ea7d?s=96&d=mm&r=g","caption":"horacio"},"url":"https:\/\/jpevlogistics.com\/en\/author\/horacio\/"}]}},"_links":{"self":[{"href":"https:\/\/jpevlogistics.com\/en\/wp-json\/wp\/v2\/posts\/1353","targetHints":{"allow":["GET"]}}],"collection":[{"href":"https:\/\/jpevlogistics.com\/en\/wp-json\/wp\/v2\/posts"}],"about":[{"href":"https:\/\/jpevlogistics.com\/en\/wp-json\/wp\/v2\/types\/post"}],"author":[{"embeddable":true,"href":"https:\/\/jpevlogistics.com\/en\/wp-json\/wp\/v2\/users\/4"}],"replies":[{"embeddable":true,"href":"https:\/\/jpevlogistics.com\/en\/wp-json\/wp\/v2\/comments?post=1353"}],"version-history":[{"count":1,"href":"https:\/\/jpevlogistics.com\/en\/wp-json\/wp\/v2\/posts\/1353\/revisions"}],"predecessor-version":[{"id":1355,"href":"https:\/\/jpevlogistics.com\/en\/wp-json\/wp\/v2\/posts\/1353\/revisions\/1355"}],"wp:featuredmedia":[{"embeddable":true,"href":"https:\/\/jpevlogistics.com\/en\/wp-json\/wp\/v2\/media\/1354"}],"wp:attachment":[{"href":"https:\/\/jpevlogistics.com\/en\/wp-json\/wp\/v2\/media?parent=1353"}],"wp:term":[{"taxonomy":"category","embeddable":true,"href":"https:\/\/jpevlogistics.com\/en\/wp-json\/wp\/v2\/categories?post=1353"},{"taxonomy":"post_tag","embeddable":true,"href":"https:\/\/jpevlogistics.com\/en\/wp-json\/wp\/v2\/tags?post=1353"}],"curies":[{"name":"wp","href":"https:\/\/api.w.org\/{rel}","templated":true}]}}