{"id":1358,"date":"2021-04-29T15:32:17","date_gmt":"2021-04-29T15:32:17","guid":{"rendered":"https:\/\/jpevlogistics.com\/?p=1358"},"modified":"2021-04-29T15:37:55","modified_gmt":"2021-04-29T15:37:55","slug":"el-mercado-frances-de-la-banana-ha-aumentado-considerablemente-su-tonelaje-estos-ultimos-anos","status":"publish","type":"post","link":"https:\/\/jpevlogistics.com\/en\/el-mercado-frances-de-la-banana-ha-aumentado-considerablemente-su-tonelaje-estos-ultimos-anos\/","title":{"rendered":"&#8220;El mercado franc\u00e9s de la banana ha aumentado considerablemente su tonelaje estos \u00faltimos a\u00f1os&#8221;"},"content":{"rendered":"<p><a href=\"https:\/\/www.freshplaza.es\/click\/43304\/\" rel=\"noreferrer noopener\" target=\"_blank\"><\/a><a href=\"https:\/\/www.freshplaza.es\/click\/43994\/\" rel=\"noreferrer noopener\" target=\"_blank\"><\/a><\/p>\n\n\n\n<h1 class=\"wp-block-heading\">&#8220;El mercado franc\u00e9s de la banana ha aumentado considerablemente su tonelaje estos \u00faltimos a\u00f1os&#8221;<\/h1>\n\n\n\n<p>Aunque el mercado de la banana, y m\u00e1s concretamente el de Rungis, no es todo lo bueno que debiera en esta \u00e9poca del a\u00f1o, &#8220;sigue siendo correcto&#8221;, seg\u00fan Alain Alarc\u00f3n, presidente de Banagrumes, empresa multiespecialista en frutas con sede en el MIN de Rungis. &#8220;El mercado de la banana est\u00e1 bastante disputado en estos momentos, porque el mercado franc\u00e9s ha aumentado considerablemente su tonelaje en los \u00faltimos a\u00f1os&#8221;. Actualmente no hay escasez de mercanc\u00eda y se han anunciado precios m\u00e1s bajos para esta semana. &#8220;El origen africano est\u00e1 en el punto \u00e1lgido de su producci\u00f3n y el origen de las Antillas tambi\u00e9n se intensifica. Ecuador, por su parte, ha expedido numerosas mercanc\u00edas estas \u00faltimas semanas&#8221;. &nbsp;<\/p>\n\n\n\n<p>La empresa, que abastece a los minoristas de la regi\u00f3n de Isla de Francia y a los mayoristas de la regi\u00f3n parisina y de las provincias, comercializa entre el 70 y el 75 % de las bananas antillanas francesas y madura el 1% del mercado franc\u00e9s, el equivalente a 7.000 toneladas.<\/p>\n\n\n\n<p><strong>La banana de Colombia se une a la gama Orlana<\/strong><br>Tras el mango, el aguacate, la granada y el kiwi, ahora es el turno de la banana de unirse a la familia Orlana, la segunda marca propia de la empresa lanzada a finales de septiembre. As\u00ed, Banagrumes ampl\u00eda su gama y ofrece bananas de comercio justo de origen colombiano, que responden al deseo de los consumidores de consumir de forma m\u00e1s comprometida. &#8220;En febrero, introdujimos la banana Fairtrade Orlana, de comercio justo originaria de Colombia, anticip\u00e1ndonos a la creciente demanda de una banana m\u00e1s virtuosa y sostenible por parte de los consumidores&#8221;.<\/p>\n\n\n\n<p><\/p>\n\n\n\n<p>En cuanto a la elecci\u00f3n del origen, Alain Alarc\u00f3n explica: &#8220;Es un origen que est\u00e1 bastante cerca de las Antillas francesas, lo que ahorra unos d\u00edas de viaje en transporte mar\u00edtimo en comparaci\u00f3n con otra banana sudamericana, y desde el punto de vista del sabor, est\u00e1 muy cerca de la banana de las Antillas. Otro argumento de peso para la empresa, que cuenta con su propia instalaci\u00f3n de maduraci\u00f3n, es que las bananas colombianas requieren el mismo tiempo y las mismas t\u00e9cnicas de maduraci\u00f3n artesanal que sus primas antillanas. Adem\u00e1s, una vez madurada, &#8220;evoluciona muy bien en las mesas de los comerciantes&#8221;.&nbsp;<br><br>&#8220;Tambi\u00e9n tenemos otros desarrollos relativamente recientes en Colombia en materia ecol\u00f3gica que poco a poco van cobrando protagonismo&#8221;, concluye Alain Alarc\u00f3n.&nbsp;<\/p>","protected":false},"excerpt":{"rendered":"<p>&#8220;El mercado franc\u00e9s de la banana ha aumentado considerablemente su tonelaje estos \u00faltimos a\u00f1os&#8221; Aunque el mercado de la banana, y m\u00e1s concretamente el de Rungis, no es todo lo bueno que debiera en esta \u00e9poca del a\u00f1o, &#8220;sigue siendo correcto&#8221;, seg\u00fan Alain Alarc\u00f3n, presidente de Banagrumes, empresa multiespecialista en frutas con sede en el [&hellip;]<\/p>\n","protected":false},"author":4,"featured_media":1359,"comment_status":"open","ping_status":"open","sticky":false,"template":"","format":"standard","meta":{"footnotes":""},"categories":[1],"tags":[],"class_list":["post-1358","post","type-post","status-publish","format-standard","has-post-thumbnail","hentry","category-sin-categoria"],"yoast_head":"<!-- This site is optimized with the Yoast SEO plugin v27.4 - https:\/\/yoast.com\/product\/yoast-seo-wordpress\/ -->\n<title>&quot;El mercado franc\u00e9s de la banana ha aumentado considerablemente su tonelaje estos \u00faltimos a\u00f1os&quot; - JPEV Logistics<\/title>\n<meta name=\"robots\" content=\"index, follow, max-snippet:-1, max-image-preview:large, max-video-preview:-1\" \/>\n<link rel=\"canonical\" href=\"https:\/\/jpevlogistics.com\/en\/el-mercado-frances-de-la-banana-ha-aumentado-considerablemente-su-tonelaje-estos-ultimos-anos\/\" \/>\n<meta property=\"og:locale\" content=\"en_US\" \/>\n<meta property=\"og:type\" content=\"article\" \/>\n<meta property=\"og:title\" content=\"&quot;El mercado franc\u00e9s de la banana ha aumentado considerablemente su tonelaje estos \u00faltimos a\u00f1os&quot; - JPEV Logistics\" \/>\n<meta property=\"og:description\" content=\"&#8220;El mercado franc\u00e9s de la banana ha aumentado considerablemente su tonelaje estos \u00faltimos a\u00f1os&#8221; Aunque el mercado de la banana, y m\u00e1s concretamente el de Rungis, no es todo lo bueno que debiera en esta \u00e9poca del a\u00f1o, &#8220;sigue siendo correcto&#8221;, seg\u00fan Alain Alarc\u00f3n, presidente de Banagrumes, empresa multiespecialista en frutas con sede en el [&hellip;]\" \/>\n<meta property=\"og:url\" content=\"https:\/\/jpevlogistics.com\/en\/el-mercado-frances-de-la-banana-ha-aumentado-considerablemente-su-tonelaje-estos-ultimos-anos\/\" \/>\n<meta property=\"og:site_name\" content=\"JPEV Logistics\" \/>\n<meta property=\"article:published_time\" content=\"2021-04-29T15:32:17+00:00\" \/>\n<meta property=\"article:modified_time\" content=\"2021-04-29T15:37:55+00:00\" \/>\n<meta property=\"og:image\" content=\"https:\/\/jpevlogistics.com\/wp-content\/uploads\/2021\/04\/Bananas.png\" \/>\n\t<meta property=\"og:image:width\" content=\"653\" \/>\n\t<meta property=\"og:image:height\" content=\"538\" \/>\n\t<meta property=\"og:image:type\" content=\"image\/png\" \/>\n<meta name=\"author\" content=\"horacio\" \/>\n<meta name=\"twitter:card\" content=\"summary_large_image\" \/>\n<meta name=\"twitter:label1\" content=\"Written by\" \/>\n\t<meta name=\"twitter:data1\" content=\"horacio\" \/>\n\t<meta name=\"twitter:label2\" content=\"Est. reading time\" \/>\n\t<meta name=\"twitter:data2\" content=\"2 minutes\" \/>\n<script type=\"application\/ld+json\" class=\"yoast-schema-graph\">{\"@context\":\"https:\\\/\\\/schema.org\",\"@graph\":[{\"@type\":\"Article\",\"@id\":\"https:\\\/\\\/jpevlogistics.com\\\/el-mercado-frances-de-la-banana-ha-aumentado-considerablemente-su-tonelaje-estos-ultimos-anos\\\/#article\",\"isPartOf\":{\"@id\":\"https:\\\/\\\/jpevlogistics.com\\\/el-mercado-frances-de-la-banana-ha-aumentado-considerablemente-su-tonelaje-estos-ultimos-anos\\\/\"},\"author\":{\"name\":\"horacio\",\"@id\":\"https:\\\/\\\/jpevlogistics.com\\\/#\\\/schema\\\/person\\\/5cb83ed90e4ad10651470058bc190e62\"},\"headline\":\"&#8220;El mercado franc\u00e9s de la banana ha aumentado considerablemente su tonelaje estos \u00faltimos a\u00f1os&#8221;\",\"datePublished\":\"2021-04-29T15:32:17+00:00\",\"dateModified\":\"2021-04-29T15:37:55+00:00\",\"mainEntityOfPage\":{\"@id\":\"https:\\\/\\\/jpevlogistics.com\\\/el-mercado-frances-de-la-banana-ha-aumentado-considerablemente-su-tonelaje-estos-ultimos-anos\\\/\"},\"wordCount\":452,\"commentCount\":0,\"publisher\":{\"@id\":\"https:\\\/\\\/jpevlogistics.com\\\/#organization\"},\"image\":{\"@id\":\"https:\\\/\\\/jpevlogistics.com\\\/el-mercado-frances-de-la-banana-ha-aumentado-considerablemente-su-tonelaje-estos-ultimos-anos\\\/#primaryimage\"},\"thumbnailUrl\":\"https:\\\/\\\/jpevlogistics.com\\\/wp-content\\\/uploads\\\/2021\\\/04\\\/Bananas.png\",\"articleSection\":[\"Sin categor\u00eda\"],\"inLanguage\":\"en-US\",\"potentialAction\":[{\"@type\":\"CommentAction\",\"name\":\"Comment\",\"target\":[\"https:\\\/\\\/jpevlogistics.com\\\/el-mercado-frances-de-la-banana-ha-aumentado-considerablemente-su-tonelaje-estos-ultimos-anos\\\/#respond\"]}]},{\"@type\":\"WebPage\",\"@id\":\"https:\\\/\\\/jpevlogistics.com\\\/el-mercado-frances-de-la-banana-ha-aumentado-considerablemente-su-tonelaje-estos-ultimos-anos\\\/\",\"url\":\"https:\\\/\\\/jpevlogistics.com\\\/el-mercado-frances-de-la-banana-ha-aumentado-considerablemente-su-tonelaje-estos-ultimos-anos\\\/\",\"name\":\"\\\"El mercado franc\u00e9s de la banana ha aumentado considerablemente su tonelaje estos \u00faltimos a\u00f1os\\\" - JPEV Logistics\",\"isPartOf\":{\"@id\":\"https:\\\/\\\/jpevlogistics.com\\\/#website\"},\"primaryImageOfPage\":{\"@id\":\"https:\\\/\\\/jpevlogistics.com\\\/el-mercado-frances-de-la-banana-ha-aumentado-considerablemente-su-tonelaje-estos-ultimos-anos\\\/#primaryimage\"},\"image\":{\"@id\":\"https:\\\/\\\/jpevlogistics.com\\\/el-mercado-frances-de-la-banana-ha-aumentado-considerablemente-su-tonelaje-estos-ultimos-anos\\\/#primaryimage\"},\"thumbnailUrl\":\"https:\\\/\\\/jpevlogistics.com\\\/wp-content\\\/uploads\\\/2021\\\/04\\\/Bananas.png\",\"datePublished\":\"2021-04-29T15:32:17+00:00\",\"dateModified\":\"2021-04-29T15:37:55+00:00\",\"breadcrumb\":{\"@id\":\"https:\\\/\\\/jpevlogistics.com\\\/el-mercado-frances-de-la-banana-ha-aumentado-considerablemente-su-tonelaje-estos-ultimos-anos\\\/#breadcrumb\"},\"inLanguage\":\"en-US\",\"potentialAction\":[{\"@type\":\"ReadAction\",\"target\":[\"https:\\\/\\\/jpevlogistics.com\\\/el-mercado-frances-de-la-banana-ha-aumentado-considerablemente-su-tonelaje-estos-ultimos-anos\\\/\"]}]},{\"@type\":\"ImageObject\",\"inLanguage\":\"en-US\",\"@id\":\"https:\\\/\\\/jpevlogistics.com\\\/el-mercado-frances-de-la-banana-ha-aumentado-considerablemente-su-tonelaje-estos-ultimos-anos\\\/#primaryimage\",\"url\":\"https:\\\/\\\/jpevlogistics.com\\\/wp-content\\\/uploads\\\/2021\\\/04\\\/Bananas.png\",\"contentUrl\":\"https:\\\/\\\/jpevlogistics.com\\\/wp-content\\\/uploads\\\/2021\\\/04\\\/Bananas.png\",\"width\":653,\"height\":538},{\"@type\":\"BreadcrumbList\",\"@id\":\"https:\\\/\\\/jpevlogistics.com\\\/el-mercado-frances-de-la-banana-ha-aumentado-considerablemente-su-tonelaje-estos-ultimos-anos\\\/#breadcrumb\",\"itemListElement\":[{\"@type\":\"ListItem\",\"position\":1,\"name\":\"Portada\",\"item\":\"https:\\\/\\\/jpevlogistics.com\\\/\"},{\"@type\":\"ListItem\",\"position\":2,\"name\":\"\u00abEl mercado franc\u00e9s de la banana ha aumentado considerablemente su tonelaje estos \u00faltimos a\u00f1os\u00bb\"}]},{\"@type\":\"WebSite\",\"@id\":\"https:\\\/\\\/jpevlogistics.com\\\/#website\",\"url\":\"https:\\\/\\\/jpevlogistics.com\\\/\",\"name\":\"JPEV Logistics\",\"description\":\"\",\"publisher\":{\"@id\":\"https:\\\/\\\/jpevlogistics.com\\\/#organization\"},\"potentialAction\":[{\"@type\":\"SearchAction\",\"target\":{\"@type\":\"EntryPoint\",\"urlTemplate\":\"https:\\\/\\\/jpevlogistics.com\\\/?s={search_term_string}\"},\"query-input\":{\"@type\":\"PropertyValueSpecification\",\"valueRequired\":true,\"valueName\":\"search_term_string\"}}],\"inLanguage\":\"en-US\"},{\"@type\":\"Organization\",\"@id\":\"https:\\\/\\\/jpevlogistics.com\\\/#organization\",\"name\":\"JPEV Logistics\",\"url\":\"https:\\\/\\\/jpevlogistics.com\\\/\",\"logo\":{\"@type\":\"ImageObject\",\"inLanguage\":\"en-US\",\"@id\":\"https:\\\/\\\/jpevlogistics.com\\\/#\\\/schema\\\/logo\\\/image\\\/\",\"url\":\"https:\\\/\\\/jpevlogistics.com\\\/wp-content\\\/uploads\\\/2020\\\/07\\\/logo.png\",\"contentUrl\":\"https:\\\/\\\/jpevlogistics.com\\\/wp-content\\\/uploads\\\/2020\\\/07\\\/logo.png\",\"width\":214,\"height\":81,\"caption\":\"JPEV Logistics\"},\"image\":{\"@id\":\"https:\\\/\\\/jpevlogistics.com\\\/#\\\/schema\\\/logo\\\/image\\\/\"},\"sameAs\":[\"https:\\\/\\\/www.instagram.com\\\/jpevlogistics\\\/\",\"https:\\\/\\\/www.linkedin.com\\\/company\\\/jpev-logistics\\\/\"]},{\"@type\":\"Person\",\"@id\":\"https:\\\/\\\/jpevlogistics.com\\\/#\\\/schema\\\/person\\\/5cb83ed90e4ad10651470058bc190e62\",\"name\":\"horacio\",\"image\":{\"@type\":\"ImageObject\",\"inLanguage\":\"en-US\",\"@id\":\"https:\\\/\\\/secure.gravatar.com\\\/avatar\\\/49ba85a39487c51406dba7224109c3b2296f15c3dd1931dd024e3f540b12ea7d?s=96&d=mm&r=g\",\"url\":\"https:\\\/\\\/secure.gravatar.com\\\/avatar\\\/49ba85a39487c51406dba7224109c3b2296f15c3dd1931dd024e3f540b12ea7d?s=96&d=mm&r=g\",\"contentUrl\":\"https:\\\/\\\/secure.gravatar.com\\\/avatar\\\/49ba85a39487c51406dba7224109c3b2296f15c3dd1931dd024e3f540b12ea7d?s=96&d=mm&r=g\",\"caption\":\"horacio\"},\"url\":\"https:\\\/\\\/jpevlogistics.com\\\/en\\\/author\\\/horacio\\\/\"}]}<\/script>\n<!-- \/ Yoast SEO plugin. -->","yoast_head_json":{"title":"\"El mercado franc\u00e9s de la banana ha aumentado considerablemente su tonelaje estos \u00faltimos a\u00f1os\" - JPEV Logistics","robots":{"index":"index","follow":"follow","max-snippet":"max-snippet:-1","max-image-preview":"max-image-preview:large","max-video-preview":"max-video-preview:-1"},"canonical":"https:\/\/jpevlogistics.com\/en\/el-mercado-frances-de-la-banana-ha-aumentado-considerablemente-su-tonelaje-estos-ultimos-anos\/","og_locale":"en_US","og_type":"article","og_title":"\"El mercado franc\u00e9s de la banana ha aumentado considerablemente su tonelaje estos \u00faltimos a\u00f1os\" - JPEV Logistics","og_description":"&#8220;El mercado franc\u00e9s de la banana ha aumentado considerablemente su tonelaje estos \u00faltimos a\u00f1os&#8221; Aunque el mercado de la banana, y m\u00e1s concretamente el de Rungis, no es todo lo bueno que debiera en esta \u00e9poca del a\u00f1o, &#8220;sigue siendo correcto&#8221;, seg\u00fan Alain Alarc\u00f3n, presidente de Banagrumes, empresa multiespecialista en frutas con sede en el [&hellip;]","og_url":"https:\/\/jpevlogistics.com\/en\/el-mercado-frances-de-la-banana-ha-aumentado-considerablemente-su-tonelaje-estos-ultimos-anos\/","og_site_name":"JPEV Logistics","article_published_time":"2021-04-29T15:32:17+00:00","article_modified_time":"2021-04-29T15:37:55+00:00","og_image":[{"width":653,"height":538,"url":"https:\/\/jpevlogistics.com\/wp-content\/uploads\/2021\/04\/Bananas.png","type":"image\/png"}],"author":"horacio","twitter_card":"summary_large_image","twitter_misc":{"Written by":"horacio","Est. reading time":"2 minutes"},"schema":{"@context":"https:\/\/schema.org","@graph":[{"@type":"Article","@id":"https:\/\/jpevlogistics.com\/el-mercado-frances-de-la-banana-ha-aumentado-considerablemente-su-tonelaje-estos-ultimos-anos\/#article","isPartOf":{"@id":"https:\/\/jpevlogistics.com\/el-mercado-frances-de-la-banana-ha-aumentado-considerablemente-su-tonelaje-estos-ultimos-anos\/"},"author":{"name":"horacio","@id":"https:\/\/jpevlogistics.com\/#\/schema\/person\/5cb83ed90e4ad10651470058bc190e62"},"headline":"&#8220;El mercado franc\u00e9s de la banana ha aumentado considerablemente su tonelaje estos \u00faltimos a\u00f1os&#8221;","datePublished":"2021-04-29T15:32:17+00:00","dateModified":"2021-04-29T15:37:55+00:00","mainEntityOfPage":{"@id":"https:\/\/jpevlogistics.com\/el-mercado-frances-de-la-banana-ha-aumentado-considerablemente-su-tonelaje-estos-ultimos-anos\/"},"wordCount":452,"commentCount":0,"publisher":{"@id":"https:\/\/jpevlogistics.com\/#organization"},"image":{"@id":"https:\/\/jpevlogistics.com\/el-mercado-frances-de-la-banana-ha-aumentado-considerablemente-su-tonelaje-estos-ultimos-anos\/#primaryimage"},"thumbnailUrl":"https:\/\/jpevlogistics.com\/wp-content\/uploads\/2021\/04\/Bananas.png","articleSection":["Sin categor\u00eda"],"inLanguage":"en-US","potentialAction":[{"@type":"CommentAction","name":"Comment","target":["https:\/\/jpevlogistics.com\/el-mercado-frances-de-la-banana-ha-aumentado-considerablemente-su-tonelaje-estos-ultimos-anos\/#respond"]}]},{"@type":"WebPage","@id":"https:\/\/jpevlogistics.com\/el-mercado-frances-de-la-banana-ha-aumentado-considerablemente-su-tonelaje-estos-ultimos-anos\/","url":"https:\/\/jpevlogistics.com\/el-mercado-frances-de-la-banana-ha-aumentado-considerablemente-su-tonelaje-estos-ultimos-anos\/","name":"\"El mercado franc\u00e9s de la banana ha aumentado considerablemente su tonelaje estos \u00faltimos a\u00f1os\" - JPEV Logistics","isPartOf":{"@id":"https:\/\/jpevlogistics.com\/#website"},"primaryImageOfPage":{"@id":"https:\/\/jpevlogistics.com\/el-mercado-frances-de-la-banana-ha-aumentado-considerablemente-su-tonelaje-estos-ultimos-anos\/#primaryimage"},"image":{"@id":"https:\/\/jpevlogistics.com\/el-mercado-frances-de-la-banana-ha-aumentado-considerablemente-su-tonelaje-estos-ultimos-anos\/#primaryimage"},"thumbnailUrl":"https:\/\/jpevlogistics.com\/wp-content\/uploads\/2021\/04\/Bananas.png","datePublished":"2021-04-29T15:32:17+00:00","dateModified":"2021-04-29T15:37:55+00:00","breadcrumb":{"@id":"https:\/\/jpevlogistics.com\/el-mercado-frances-de-la-banana-ha-aumentado-considerablemente-su-tonelaje-estos-ultimos-anos\/#breadcrumb"},"inLanguage":"en-US","potentialAction":[{"@type":"ReadAction","target":["https:\/\/jpevlogistics.com\/el-mercado-frances-de-la-banana-ha-aumentado-considerablemente-su-tonelaje-estos-ultimos-anos\/"]}]},{"@type":"ImageObject","inLanguage":"en-US","@id":"https:\/\/jpevlogistics.com\/el-mercado-frances-de-la-banana-ha-aumentado-considerablemente-su-tonelaje-estos-ultimos-anos\/#primaryimage","url":"https:\/\/jpevlogistics.com\/wp-content\/uploads\/2021\/04\/Bananas.png","contentUrl":"https:\/\/jpevlogistics.com\/wp-content\/uploads\/2021\/04\/Bananas.png","width":653,"height":538},{"@type":"BreadcrumbList","@id":"https:\/\/jpevlogistics.com\/el-mercado-frances-de-la-banana-ha-aumentado-considerablemente-su-tonelaje-estos-ultimos-anos\/#breadcrumb","itemListElement":[{"@type":"ListItem","position":1,"name":"Portada","item":"https:\/\/jpevlogistics.com\/"},{"@type":"ListItem","position":2,"name":"\u00abEl mercado franc\u00e9s de la banana ha aumentado considerablemente su tonelaje estos \u00faltimos a\u00f1os\u00bb"}]},{"@type":"WebSite","@id":"https:\/\/jpevlogistics.com\/#website","url":"https:\/\/jpevlogistics.com\/","name":"JPEV Logistics","description":"","publisher":{"@id":"https:\/\/jpevlogistics.com\/#organization"},"potentialAction":[{"@type":"SearchAction","target":{"@type":"EntryPoint","urlTemplate":"https:\/\/jpevlogistics.com\/?s={search_term_string}"},"query-input":{"@type":"PropertyValueSpecification","valueRequired":true,"valueName":"search_term_string"}}],"inLanguage":"en-US"},{"@type":"Organization","@id":"https:\/\/jpevlogistics.com\/#organization","name":"JPEV Logistics","url":"https:\/\/jpevlogistics.com\/","logo":{"@type":"ImageObject","inLanguage":"en-US","@id":"https:\/\/jpevlogistics.com\/#\/schema\/logo\/image\/","url":"https:\/\/jpevlogistics.com\/wp-content\/uploads\/2020\/07\/logo.png","contentUrl":"https:\/\/jpevlogistics.com\/wp-content\/uploads\/2020\/07\/logo.png","width":214,"height":81,"caption":"JPEV Logistics"},"image":{"@id":"https:\/\/jpevlogistics.com\/#\/schema\/logo\/image\/"},"sameAs":["https:\/\/www.instagram.com\/jpevlogistics\/","https:\/\/www.linkedin.com\/company\/jpev-logistics\/"]},{"@type":"Person","@id":"https:\/\/jpevlogistics.com\/#\/schema\/person\/5cb83ed90e4ad10651470058bc190e62","name":"horacio","image":{"@type":"ImageObject","inLanguage":"en-US","@id":"https:\/\/secure.gravatar.com\/avatar\/49ba85a39487c51406dba7224109c3b2296f15c3dd1931dd024e3f540b12ea7d?s=96&d=mm&r=g","url":"https:\/\/secure.gravatar.com\/avatar\/49ba85a39487c51406dba7224109c3b2296f15c3dd1931dd024e3f540b12ea7d?s=96&d=mm&r=g","contentUrl":"https:\/\/secure.gravatar.com\/avatar\/49ba85a39487c51406dba7224109c3b2296f15c3dd1931dd024e3f540b12ea7d?s=96&d=mm&r=g","caption":"horacio"},"url":"https:\/\/jpevlogistics.com\/en\/author\/horacio\/"}]}},"_links":{"self":[{"href":"https:\/\/jpevlogistics.com\/en\/wp-json\/wp\/v2\/posts\/1358","targetHints":{"allow":["GET"]}}],"collection":[{"href":"https:\/\/jpevlogistics.com\/en\/wp-json\/wp\/v2\/posts"}],"about":[{"href":"https:\/\/jpevlogistics.com\/en\/wp-json\/wp\/v2\/types\/post"}],"author":[{"embeddable":true,"href":"https:\/\/jpevlogistics.com\/en\/wp-json\/wp\/v2\/users\/4"}],"replies":[{"embeddable":true,"href":"https:\/\/jpevlogistics.com\/en\/wp-json\/wp\/v2\/comments?post=1358"}],"version-history":[{"count":3,"href":"https:\/\/jpevlogistics.com\/en\/wp-json\/wp\/v2\/posts\/1358\/revisions"}],"predecessor-version":[{"id":1362,"href":"https:\/\/jpevlogistics.com\/en\/wp-json\/wp\/v2\/posts\/1358\/revisions\/1362"}],"wp:featuredmedia":[{"embeddable":true,"href":"https:\/\/jpevlogistics.com\/en\/wp-json\/wp\/v2\/media\/1359"}],"wp:attachment":[{"href":"https:\/\/jpevlogistics.com\/en\/wp-json\/wp\/v2\/media?parent=1358"}],"wp:term":[{"taxonomy":"category","embeddable":true,"href":"https:\/\/jpevlogistics.com\/en\/wp-json\/wp\/v2\/categories?post=1358"},{"taxonomy":"post_tag","embeddable":true,"href":"https:\/\/jpevlogistics.com\/en\/wp-json\/wp\/v2\/tags?post=1358"}],"curies":[{"name":"wp","href":"https:\/\/api.w.org\/{rel}","templated":true}]}}