{"id":1376,"date":"2021-05-07T19:32:31","date_gmt":"2021-05-07T19:32:31","guid":{"rendered":"https:\/\/jpevlogistics.com\/?p=1376"},"modified":"2021-05-07T19:32:32","modified_gmt":"2021-05-07T19:32:32","slug":"impacto-por-cierre-del-canal-de-suez-incrementa-la-escasez-de-contenedores-en-hubs-europeos","status":"publish","type":"post","link":"https:\/\/jpevlogistics.com\/en\/impacto-por-cierre-del-canal-de-suez-incrementa-la-escasez-de-contenedores-en-hubs-europeos\/","title":{"rendered":"Impacto por cierre del Canal de Suez incrementa la escasez de contenedores en hubs europeos"},"content":{"rendered":"<p>Las lecturas del \u00cdndice de Disponibilidad de Contenedores (CAx) aumentan a\u00fan m\u00e1s en los principales puertos de contenedores de Europa. Los exportadores europeos tienen dificultades para encontrar equipos, ya que las l\u00edneas navieras dan prioridad al transporte rumbo a China de las unidades vac\u00edas, reporta&nbsp;<em>Container<\/em>&nbsp;x<em>Change<\/em>.<\/p>\n\n\n\n<p>La esperada escasez de contenedores en los puertos europeos tras el cierre del Canal de Suez a finales de marzo ha sido menos grave de lo previsto. Sin embargo, los principales hubs de distribuci\u00f3n de contenedores de Europa siguen recibiendo muchos m\u00e1s equipos de los que salen. La lectura media de la CAx de los contenedores dry de 20 pies entrantes en tres de los mayores puertos europeos -R\u00f3terdam, Amberes y Hamburgo- subi\u00f3 s\u00f3lo un 3% en la semana 17 en comparaci\u00f3n con la anterior.<\/p>\n\n\n\n<p>En R\u00f3terdam, el aumento de los contenedores dry de 20 pies fue m\u00e1s marcado, con un aumento del 3,75% en el n\u00famero de contenedores entre semanas. En Amberes el aumento semanal fue del +3,5%, mientras que en Hamburgo fue del +2,2%.<\/p>\n\n\n\n<p>En los tres puertos el ingreso de contenedores ha sido intenso desde marzo. En el \u00cdndice de Disponibilidad de Contenedores (CAx) de&nbsp;<em>Container xChange<\/em>, una lectura del \u00edndice inferior a 0,5 significa que salen m\u00e1s contenedores de un puerto en comparaci\u00f3n con el n\u00famero que entran. Por encima de 0,5 significa que entran m\u00e1s contenedores en el puerto.<\/p>\n\n\n\n<p>Hamburgo ha registrado una lectura del CAx superior a 0,8 desde la semana 9 de este a\u00f1o. En la semana 17, el CAx fue de 0,93, frente al 0,48 de la semana 1.<\/p>\n\n\n\n<p>La lectura del CAx de R\u00f3terdam tambi\u00e9n ha aumentado de forma constante en 2021, pasando de 0,65 en la semana 1 a 0,74 en la 9 y hasta 0,83 en la 17.<\/p>\n\n\n\n<p>Amberes, por su parte, registr\u00f3 un CAx de 0,38 a principios de a\u00f1o, 0,78 en la semana 9 y 0,9 en la 17.<\/p>\n\n\n\n<p>En cambio, la situaci\u00f3n de Felixstowe, muy congestionada, ha sido nefasta durante todo el a\u00f1o. El CAx m\u00e1s bajo de este a\u00f1o fue de 0,87 en la tercera semana. En la semana 17 registr\u00f3 un CAx de 0,95, frente al 0,94 de la semana 16.<\/p>\n\n\n\n<p>Johannes Schlingmeier, director general y fundador de&nbsp;<em>Container xChange<\/em>, coment\u00f3: &#8220;Las principales terminales de contenedores de Europa han estado luchando para mantener la congesti\u00f3n a raya, con contenedores entrantes que superan a los salientes durante gran parte de 2021. El cierre del Canal de Suez parece haber empeorado ligeramente la situaci\u00f3n de los contenedores en los hubs europeos.<\/p>\n\n\n\n<p>&#8220;Lo que o\u00edmos de nuestros miembros que arriendan y comercian con contenedores, es que les resulta cada vez m\u00e1s dif\u00edcil reservar contenedores de exportaci\u00f3n con las l\u00edneas de toda Europa. Parece que las navieras est\u00e1n dando prioridad a los contenedores vac\u00edos para trasladarlos de vuelta a China lo m\u00e1s r\u00e1pido posible&#8221;.<\/p>","protected":false},"excerpt":{"rendered":"<p>Las lecturas del \u00cdndice de Disponibilidad de Contenedores (CAx) aumentan a\u00fan m\u00e1s en los principales puertos de contenedores de Europa. Los exportadores europeos tienen dificultades para encontrar equipos, ya que las l\u00edneas navieras dan prioridad al transporte rumbo a China de las unidades vac\u00edas, reporta&nbsp;Container&nbsp;xChange. La esperada escasez de contenedores en los puertos europeos tras [&hellip;]<\/p>\n","protected":false},"author":4,"featured_media":1222,"comment_status":"open","ping_status":"open","sticky":false,"template":"","format":"standard","meta":{"footnotes":""},"categories":[1],"tags":[],"class_list":["post-1376","post","type-post","status-publish","format-standard","has-post-thumbnail","hentry","category-sin-categoria"],"yoast_head":"<!-- This site is optimized with the Yoast SEO plugin v27.4 - https:\/\/yoast.com\/product\/yoast-seo-wordpress\/ -->\n<title>Impacto por cierre del Canal de Suez incrementa la escasez de contenedores en hubs europeos - JPEV Logistics<\/title>\n<meta name=\"robots\" content=\"index, follow, max-snippet:-1, max-image-preview:large, max-video-preview:-1\" \/>\n<link rel=\"canonical\" href=\"https:\/\/jpevlogistics.com\/en\/impacto-por-cierre-del-canal-de-suez-incrementa-la-escasez-de-contenedores-en-hubs-europeos\/\" \/>\n<meta property=\"og:locale\" content=\"en_US\" \/>\n<meta property=\"og:type\" content=\"article\" \/>\n<meta property=\"og:title\" content=\"Impacto por cierre del Canal de Suez incrementa la escasez de contenedores en hubs europeos - JPEV Logistics\" \/>\n<meta property=\"og:description\" content=\"Las lecturas del \u00cdndice de Disponibilidad de Contenedores (CAx) aumentan a\u00fan m\u00e1s en los principales puertos de contenedores de Europa. Los exportadores europeos tienen dificultades para encontrar equipos, ya que las l\u00edneas navieras dan prioridad al transporte rumbo a China de las unidades vac\u00edas, reporta&nbsp;Container&nbsp;xChange. La esperada escasez de contenedores en los puertos europeos tras [&hellip;]\" \/>\n<meta property=\"og:url\" content=\"https:\/\/jpevlogistics.com\/en\/impacto-por-cierre-del-canal-de-suez-incrementa-la-escasez-de-contenedores-en-hubs-europeos\/\" \/>\n<meta property=\"og:site_name\" content=\"JPEV Logistics\" \/>\n<meta property=\"article:published_time\" content=\"2021-05-07T19:32:31+00:00\" \/>\n<meta property=\"article:modified_time\" content=\"2021-05-07T19:32:32+00:00\" \/>\n<meta property=\"og:image\" content=\"https:\/\/jpevlogistics.com\/wp-content\/uploads\/2020\/07\/home-03.jpg\" \/>\n\t<meta property=\"og:image:width\" content=\"1920\" \/>\n\t<meta property=\"og:image:height\" content=\"650\" \/>\n\t<meta property=\"og:image:type\" content=\"image\/jpeg\" \/>\n<meta name=\"author\" content=\"horacio\" \/>\n<meta name=\"twitter:card\" content=\"summary_large_image\" \/>\n<meta name=\"twitter:label1\" content=\"Written by\" \/>\n\t<meta name=\"twitter:data1\" content=\"horacio\" \/>\n\t<meta name=\"twitter:label2\" content=\"Est. reading time\" \/>\n\t<meta name=\"twitter:data2\" content=\"3 minutes\" \/>\n<script type=\"application\/ld+json\" class=\"yoast-schema-graph\">{\"@context\":\"https:\\\/\\\/schema.org\",\"@graph\":[{\"@type\":\"Article\",\"@id\":\"https:\\\/\\\/jpevlogistics.com\\\/impacto-por-cierre-del-canal-de-suez-incrementa-la-escasez-de-contenedores-en-hubs-europeos\\\/#article\",\"isPartOf\":{\"@id\":\"https:\\\/\\\/jpevlogistics.com\\\/impacto-por-cierre-del-canal-de-suez-incrementa-la-escasez-de-contenedores-en-hubs-europeos\\\/\"},\"author\":{\"name\":\"horacio\",\"@id\":\"https:\\\/\\\/jpevlogistics.com\\\/#\\\/schema\\\/person\\\/5cb83ed90e4ad10651470058bc190e62\"},\"headline\":\"Impacto por cierre del Canal de Suez incrementa la escasez de contenedores en hubs europeos\",\"datePublished\":\"2021-05-07T19:32:31+00:00\",\"dateModified\":\"2021-05-07T19:32:32+00:00\",\"mainEntityOfPage\":{\"@id\":\"https:\\\/\\\/jpevlogistics.com\\\/impacto-por-cierre-del-canal-de-suez-incrementa-la-escasez-de-contenedores-en-hubs-europeos\\\/\"},\"wordCount\":494,\"commentCount\":0,\"publisher\":{\"@id\":\"https:\\\/\\\/jpevlogistics.com\\\/#organization\"},\"image\":{\"@id\":\"https:\\\/\\\/jpevlogistics.com\\\/impacto-por-cierre-del-canal-de-suez-incrementa-la-escasez-de-contenedores-en-hubs-europeos\\\/#primaryimage\"},\"thumbnailUrl\":\"https:\\\/\\\/jpevlogistics.com\\\/wp-content\\\/uploads\\\/2020\\\/07\\\/home-03.jpg\",\"articleSection\":[\"Sin categor\u00eda\"],\"inLanguage\":\"en-US\",\"potentialAction\":[{\"@type\":\"CommentAction\",\"name\":\"Comment\",\"target\":[\"https:\\\/\\\/jpevlogistics.com\\\/impacto-por-cierre-del-canal-de-suez-incrementa-la-escasez-de-contenedores-en-hubs-europeos\\\/#respond\"]}]},{\"@type\":\"WebPage\",\"@id\":\"https:\\\/\\\/jpevlogistics.com\\\/impacto-por-cierre-del-canal-de-suez-incrementa-la-escasez-de-contenedores-en-hubs-europeos\\\/\",\"url\":\"https:\\\/\\\/jpevlogistics.com\\\/impacto-por-cierre-del-canal-de-suez-incrementa-la-escasez-de-contenedores-en-hubs-europeos\\\/\",\"name\":\"Impacto por cierre del Canal de Suez incrementa la escasez de contenedores en hubs europeos - JPEV Logistics\",\"isPartOf\":{\"@id\":\"https:\\\/\\\/jpevlogistics.com\\\/#website\"},\"primaryImageOfPage\":{\"@id\":\"https:\\\/\\\/jpevlogistics.com\\\/impacto-por-cierre-del-canal-de-suez-incrementa-la-escasez-de-contenedores-en-hubs-europeos\\\/#primaryimage\"},\"image\":{\"@id\":\"https:\\\/\\\/jpevlogistics.com\\\/impacto-por-cierre-del-canal-de-suez-incrementa-la-escasez-de-contenedores-en-hubs-europeos\\\/#primaryimage\"},\"thumbnailUrl\":\"https:\\\/\\\/jpevlogistics.com\\\/wp-content\\\/uploads\\\/2020\\\/07\\\/home-03.jpg\",\"datePublished\":\"2021-05-07T19:32:31+00:00\",\"dateModified\":\"2021-05-07T19:32:32+00:00\",\"breadcrumb\":{\"@id\":\"https:\\\/\\\/jpevlogistics.com\\\/impacto-por-cierre-del-canal-de-suez-incrementa-la-escasez-de-contenedores-en-hubs-europeos\\\/#breadcrumb\"},\"inLanguage\":\"en-US\",\"potentialAction\":[{\"@type\":\"ReadAction\",\"target\":[\"https:\\\/\\\/jpevlogistics.com\\\/impacto-por-cierre-del-canal-de-suez-incrementa-la-escasez-de-contenedores-en-hubs-europeos\\\/\"]}]},{\"@type\":\"ImageObject\",\"inLanguage\":\"en-US\",\"@id\":\"https:\\\/\\\/jpevlogistics.com\\\/impacto-por-cierre-del-canal-de-suez-incrementa-la-escasez-de-contenedores-en-hubs-europeos\\\/#primaryimage\",\"url\":\"https:\\\/\\\/jpevlogistics.com\\\/wp-content\\\/uploads\\\/2020\\\/07\\\/home-03.jpg\",\"contentUrl\":\"https:\\\/\\\/jpevlogistics.com\\\/wp-content\\\/uploads\\\/2020\\\/07\\\/home-03.jpg\",\"width\":1920,\"height\":650},{\"@type\":\"BreadcrumbList\",\"@id\":\"https:\\\/\\\/jpevlogistics.com\\\/impacto-por-cierre-del-canal-de-suez-incrementa-la-escasez-de-contenedores-en-hubs-europeos\\\/#breadcrumb\",\"itemListElement\":[{\"@type\":\"ListItem\",\"position\":1,\"name\":\"Portada\",\"item\":\"https:\\\/\\\/jpevlogistics.com\\\/\"},{\"@type\":\"ListItem\",\"position\":2,\"name\":\"Impacto por cierre del Canal de Suez incrementa la escasez de contenedores en hubs europeos\"}]},{\"@type\":\"WebSite\",\"@id\":\"https:\\\/\\\/jpevlogistics.com\\\/#website\",\"url\":\"https:\\\/\\\/jpevlogistics.com\\\/\",\"name\":\"JPEV Logistics\",\"description\":\"\",\"publisher\":{\"@id\":\"https:\\\/\\\/jpevlogistics.com\\\/#organization\"},\"potentialAction\":[{\"@type\":\"SearchAction\",\"target\":{\"@type\":\"EntryPoint\",\"urlTemplate\":\"https:\\\/\\\/jpevlogistics.com\\\/?s={search_term_string}\"},\"query-input\":{\"@type\":\"PropertyValueSpecification\",\"valueRequired\":true,\"valueName\":\"search_term_string\"}}],\"inLanguage\":\"en-US\"},{\"@type\":\"Organization\",\"@id\":\"https:\\\/\\\/jpevlogistics.com\\\/#organization\",\"name\":\"JPEV Logistics\",\"url\":\"https:\\\/\\\/jpevlogistics.com\\\/\",\"logo\":{\"@type\":\"ImageObject\",\"inLanguage\":\"en-US\",\"@id\":\"https:\\\/\\\/jpevlogistics.com\\\/#\\\/schema\\\/logo\\\/image\\\/\",\"url\":\"https:\\\/\\\/jpevlogistics.com\\\/wp-content\\\/uploads\\\/2020\\\/07\\\/logo.png\",\"contentUrl\":\"https:\\\/\\\/jpevlogistics.com\\\/wp-content\\\/uploads\\\/2020\\\/07\\\/logo.png\",\"width\":214,\"height\":81,\"caption\":\"JPEV Logistics\"},\"image\":{\"@id\":\"https:\\\/\\\/jpevlogistics.com\\\/#\\\/schema\\\/logo\\\/image\\\/\"},\"sameAs\":[\"https:\\\/\\\/www.instagram.com\\\/jpevlogistics\\\/\",\"https:\\\/\\\/www.linkedin.com\\\/company\\\/jpev-logistics\\\/\"]},{\"@type\":\"Person\",\"@id\":\"https:\\\/\\\/jpevlogistics.com\\\/#\\\/schema\\\/person\\\/5cb83ed90e4ad10651470058bc190e62\",\"name\":\"horacio\",\"image\":{\"@type\":\"ImageObject\",\"inLanguage\":\"en-US\",\"@id\":\"https:\\\/\\\/secure.gravatar.com\\\/avatar\\\/49ba85a39487c51406dba7224109c3b2296f15c3dd1931dd024e3f540b12ea7d?s=96&d=mm&r=g\",\"url\":\"https:\\\/\\\/secure.gravatar.com\\\/avatar\\\/49ba85a39487c51406dba7224109c3b2296f15c3dd1931dd024e3f540b12ea7d?s=96&d=mm&r=g\",\"contentUrl\":\"https:\\\/\\\/secure.gravatar.com\\\/avatar\\\/49ba85a39487c51406dba7224109c3b2296f15c3dd1931dd024e3f540b12ea7d?s=96&d=mm&r=g\",\"caption\":\"horacio\"},\"url\":\"https:\\\/\\\/jpevlogistics.com\\\/en\\\/author\\\/horacio\\\/\"}]}<\/script>\n<!-- \/ Yoast SEO plugin. -->","yoast_head_json":{"title":"Impacto por cierre del Canal de Suez incrementa la escasez de contenedores en hubs europeos - JPEV Logistics","robots":{"index":"index","follow":"follow","max-snippet":"max-snippet:-1","max-image-preview":"max-image-preview:large","max-video-preview":"max-video-preview:-1"},"canonical":"https:\/\/jpevlogistics.com\/en\/impacto-por-cierre-del-canal-de-suez-incrementa-la-escasez-de-contenedores-en-hubs-europeos\/","og_locale":"en_US","og_type":"article","og_title":"Impacto por cierre del Canal de Suez incrementa la escasez de contenedores en hubs europeos - JPEV Logistics","og_description":"Las lecturas del \u00cdndice de Disponibilidad de Contenedores (CAx) aumentan a\u00fan m\u00e1s en los principales puertos de contenedores de Europa. Los exportadores europeos tienen dificultades para encontrar equipos, ya que las l\u00edneas navieras dan prioridad al transporte rumbo a China de las unidades vac\u00edas, reporta&nbsp;Container&nbsp;xChange. La esperada escasez de contenedores en los puertos europeos tras [&hellip;]","og_url":"https:\/\/jpevlogistics.com\/en\/impacto-por-cierre-del-canal-de-suez-incrementa-la-escasez-de-contenedores-en-hubs-europeos\/","og_site_name":"JPEV Logistics","article_published_time":"2021-05-07T19:32:31+00:00","article_modified_time":"2021-05-07T19:32:32+00:00","og_image":[{"width":1920,"height":650,"url":"https:\/\/jpevlogistics.com\/wp-content\/uploads\/2020\/07\/home-03.jpg","type":"image\/jpeg"}],"author":"horacio","twitter_card":"summary_large_image","twitter_misc":{"Written by":"horacio","Est. reading time":"3 minutes"},"schema":{"@context":"https:\/\/schema.org","@graph":[{"@type":"Article","@id":"https:\/\/jpevlogistics.com\/impacto-por-cierre-del-canal-de-suez-incrementa-la-escasez-de-contenedores-en-hubs-europeos\/#article","isPartOf":{"@id":"https:\/\/jpevlogistics.com\/impacto-por-cierre-del-canal-de-suez-incrementa-la-escasez-de-contenedores-en-hubs-europeos\/"},"author":{"name":"horacio","@id":"https:\/\/jpevlogistics.com\/#\/schema\/person\/5cb83ed90e4ad10651470058bc190e62"},"headline":"Impacto por cierre del Canal de Suez incrementa la escasez de contenedores en hubs europeos","datePublished":"2021-05-07T19:32:31+00:00","dateModified":"2021-05-07T19:32:32+00:00","mainEntityOfPage":{"@id":"https:\/\/jpevlogistics.com\/impacto-por-cierre-del-canal-de-suez-incrementa-la-escasez-de-contenedores-en-hubs-europeos\/"},"wordCount":494,"commentCount":0,"publisher":{"@id":"https:\/\/jpevlogistics.com\/#organization"},"image":{"@id":"https:\/\/jpevlogistics.com\/impacto-por-cierre-del-canal-de-suez-incrementa-la-escasez-de-contenedores-en-hubs-europeos\/#primaryimage"},"thumbnailUrl":"https:\/\/jpevlogistics.com\/wp-content\/uploads\/2020\/07\/home-03.jpg","articleSection":["Sin categor\u00eda"],"inLanguage":"en-US","potentialAction":[{"@type":"CommentAction","name":"Comment","target":["https:\/\/jpevlogistics.com\/impacto-por-cierre-del-canal-de-suez-incrementa-la-escasez-de-contenedores-en-hubs-europeos\/#respond"]}]},{"@type":"WebPage","@id":"https:\/\/jpevlogistics.com\/impacto-por-cierre-del-canal-de-suez-incrementa-la-escasez-de-contenedores-en-hubs-europeos\/","url":"https:\/\/jpevlogistics.com\/impacto-por-cierre-del-canal-de-suez-incrementa-la-escasez-de-contenedores-en-hubs-europeos\/","name":"Impacto por cierre del Canal de Suez incrementa la escasez de contenedores en hubs europeos - JPEV Logistics","isPartOf":{"@id":"https:\/\/jpevlogistics.com\/#website"},"primaryImageOfPage":{"@id":"https:\/\/jpevlogistics.com\/impacto-por-cierre-del-canal-de-suez-incrementa-la-escasez-de-contenedores-en-hubs-europeos\/#primaryimage"},"image":{"@id":"https:\/\/jpevlogistics.com\/impacto-por-cierre-del-canal-de-suez-incrementa-la-escasez-de-contenedores-en-hubs-europeos\/#primaryimage"},"thumbnailUrl":"https:\/\/jpevlogistics.com\/wp-content\/uploads\/2020\/07\/home-03.jpg","datePublished":"2021-05-07T19:32:31+00:00","dateModified":"2021-05-07T19:32:32+00:00","breadcrumb":{"@id":"https:\/\/jpevlogistics.com\/impacto-por-cierre-del-canal-de-suez-incrementa-la-escasez-de-contenedores-en-hubs-europeos\/#breadcrumb"},"inLanguage":"en-US","potentialAction":[{"@type":"ReadAction","target":["https:\/\/jpevlogistics.com\/impacto-por-cierre-del-canal-de-suez-incrementa-la-escasez-de-contenedores-en-hubs-europeos\/"]}]},{"@type":"ImageObject","inLanguage":"en-US","@id":"https:\/\/jpevlogistics.com\/impacto-por-cierre-del-canal-de-suez-incrementa-la-escasez-de-contenedores-en-hubs-europeos\/#primaryimage","url":"https:\/\/jpevlogistics.com\/wp-content\/uploads\/2020\/07\/home-03.jpg","contentUrl":"https:\/\/jpevlogistics.com\/wp-content\/uploads\/2020\/07\/home-03.jpg","width":1920,"height":650},{"@type":"BreadcrumbList","@id":"https:\/\/jpevlogistics.com\/impacto-por-cierre-del-canal-de-suez-incrementa-la-escasez-de-contenedores-en-hubs-europeos\/#breadcrumb","itemListElement":[{"@type":"ListItem","position":1,"name":"Portada","item":"https:\/\/jpevlogistics.com\/"},{"@type":"ListItem","position":2,"name":"Impacto por cierre del Canal de Suez incrementa la escasez de contenedores en hubs europeos"}]},{"@type":"WebSite","@id":"https:\/\/jpevlogistics.com\/#website","url":"https:\/\/jpevlogistics.com\/","name":"JPEV Logistics","description":"","publisher":{"@id":"https:\/\/jpevlogistics.com\/#organization"},"potentialAction":[{"@type":"SearchAction","target":{"@type":"EntryPoint","urlTemplate":"https:\/\/jpevlogistics.com\/?s={search_term_string}"},"query-input":{"@type":"PropertyValueSpecification","valueRequired":true,"valueName":"search_term_string"}}],"inLanguage":"en-US"},{"@type":"Organization","@id":"https:\/\/jpevlogistics.com\/#organization","name":"JPEV Logistics","url":"https:\/\/jpevlogistics.com\/","logo":{"@type":"ImageObject","inLanguage":"en-US","@id":"https:\/\/jpevlogistics.com\/#\/schema\/logo\/image\/","url":"https:\/\/jpevlogistics.com\/wp-content\/uploads\/2020\/07\/logo.png","contentUrl":"https:\/\/jpevlogistics.com\/wp-content\/uploads\/2020\/07\/logo.png","width":214,"height":81,"caption":"JPEV Logistics"},"image":{"@id":"https:\/\/jpevlogistics.com\/#\/schema\/logo\/image\/"},"sameAs":["https:\/\/www.instagram.com\/jpevlogistics\/","https:\/\/www.linkedin.com\/company\/jpev-logistics\/"]},{"@type":"Person","@id":"https:\/\/jpevlogistics.com\/#\/schema\/person\/5cb83ed90e4ad10651470058bc190e62","name":"horacio","image":{"@type":"ImageObject","inLanguage":"en-US","@id":"https:\/\/secure.gravatar.com\/avatar\/49ba85a39487c51406dba7224109c3b2296f15c3dd1931dd024e3f540b12ea7d?s=96&d=mm&r=g","url":"https:\/\/secure.gravatar.com\/avatar\/49ba85a39487c51406dba7224109c3b2296f15c3dd1931dd024e3f540b12ea7d?s=96&d=mm&r=g","contentUrl":"https:\/\/secure.gravatar.com\/avatar\/49ba85a39487c51406dba7224109c3b2296f15c3dd1931dd024e3f540b12ea7d?s=96&d=mm&r=g","caption":"horacio"},"url":"https:\/\/jpevlogistics.com\/en\/author\/horacio\/"}]}},"_links":{"self":[{"href":"https:\/\/jpevlogistics.com\/en\/wp-json\/wp\/v2\/posts\/1376","targetHints":{"allow":["GET"]}}],"collection":[{"href":"https:\/\/jpevlogistics.com\/en\/wp-json\/wp\/v2\/posts"}],"about":[{"href":"https:\/\/jpevlogistics.com\/en\/wp-json\/wp\/v2\/types\/post"}],"author":[{"embeddable":true,"href":"https:\/\/jpevlogistics.com\/en\/wp-json\/wp\/v2\/users\/4"}],"replies":[{"embeddable":true,"href":"https:\/\/jpevlogistics.com\/en\/wp-json\/wp\/v2\/comments?post=1376"}],"version-history":[{"count":1,"href":"https:\/\/jpevlogistics.com\/en\/wp-json\/wp\/v2\/posts\/1376\/revisions"}],"predecessor-version":[{"id":1377,"href":"https:\/\/jpevlogistics.com\/en\/wp-json\/wp\/v2\/posts\/1376\/revisions\/1377"}],"wp:featuredmedia":[{"embeddable":true,"href":"https:\/\/jpevlogistics.com\/en\/wp-json\/wp\/v2\/media\/1222"}],"wp:attachment":[{"href":"https:\/\/jpevlogistics.com\/en\/wp-json\/wp\/v2\/media?parent=1376"}],"wp:term":[{"taxonomy":"category","embeddable":true,"href":"https:\/\/jpevlogistics.com\/en\/wp-json\/wp\/v2\/categories?post=1376"},{"taxonomy":"post_tag","embeddable":true,"href":"https:\/\/jpevlogistics.com\/en\/wp-json\/wp\/v2\/tags?post=1376"}],"curies":[{"name":"wp","href":"https:\/\/api.w.org\/{rel}","templated":true}]}}