{"id":1393,"date":"2021-05-25T13:36:55","date_gmt":"2021-05-25T13:36:55","guid":{"rendered":"https:\/\/jpevlogistics.com\/?p=1393"},"modified":"2021-05-25T13:36:56","modified_gmt":"2021-05-25T13:36:56","slug":"suba-de-fletes-hasta-el-2023","status":"publish","type":"post","link":"https:\/\/jpevlogistics.com\/en\/suba-de-fletes-hasta-el-2023\/","title":{"rendered":"SUBA DE FLETES HASTA EL 2023"},"content":{"rendered":"<p>&#8220;Parece que los beneficios del primer trimestre de las l\u00edneas navieras van a batir todos los r\u00e9cords, con unos resultados que superan la totalidad de los del a\u00f1o pasado. Y, sin embargo, todo el mundo parece estar de acuerdo con que las tarifas se dupliquen y se dupliquen. El m\u00faltiplo es asombroso. S\u00ed, las l\u00edneas navieras pasaron muchos a\u00f1os en una posici\u00f3n de equilibrio o de p\u00e9rdidas. \u00bfPero qui\u00e9n tom\u00f3 esas decisiones? Ellas mismas persiguieron la cuota de mercado y fue una carrera hacia el fondo&#8221;, plantea el analista de la industria mar\u00edtima, portuaria y log\u00edstica&nbsp;<em>Jon Monroe&nbsp;<\/em>en su informe semanal.<\/p>\n\n\n\n<p><em>Monroe<\/em>&nbsp;manifiesta que &#8220;me alegr\u00e9 del anuncio de Soren Skou (CEO de Maersk) de que no iban a ordenar m\u00e1s buques&#8221;. Sin embargo, al reflexionar m\u00e1s hondamente sobre el punto, su sentimiento se desvaneci\u00f3: &#8220;Actualmente no hay suficientes buques para atender la demanda del comercio mundial. Parece que la capacidad no alcanzar\u00e1 a la demanda hasta 2023, cuando se entregue un gran n\u00famero de nuevos buques&#8221;, dejando impl\u00edcito el impulso que esto pude brindar a las tarifas.<\/p>\n\n\n\n<p>Seg\u00fan expone, el reciente informe de resultados de HMM de esta semana, correspondiente al primer trimestre de 2021, ha sido de lo m\u00e1s positivo. Obtuvo US$905 millones de beneficio operativo sobre US$2.100 millones de ventas. &#8220;Vaya, un margen del 43%&#8221;, apunta. Esto incluy\u00f3 un aumento del volumen del 6,7%. &#8220;Mientras que algunos atribuyen este crecimiento al mercado, yo creo que se debe m\u00e1s a su salida dl 2M&#8221;, estima&nbsp;<em>Monroe<\/em>.<\/p>\n\n\n\n<p>Del mismo modo, Zim en sus resultados del primer trimestre registr\u00f3 un aumento del 112% en sus ingresos de primera l\u00ednea, alcanzando los US$1.700 millones frente a los US$823 millones del primer trimestre de 2020. Tambi\u00e9n registr\u00f3 un beneficio neto de US$590 millones frente a una p\u00e9rdida de 12 millones en el 1T20. &#8220;\u00bfA qu\u00e9 se debe este cambio de suerte? Aparentemente, un enfoque en la excelencia operativa y la agilidad comercial&#8221;.<\/p>\n\n\n\n<p>En este punto&nbsp;<em>Monroe<\/em>&nbsp;cuestiona si esto puede hablar de excelencia, considerando los buques que no arriban a tiempo y con contenedores desperdigados por todo el mundo. Pese a todo, detalla, en muchos casos las tarifas ascienden a US$9.000 d\u00f3lares por contenedor de 40&#8217;HC y, en un momento dado, Zim Lines ofreci\u00f3 una tarifa de US$14.000 d\u00f3lares desde los puertos base de China hasta la USWC. &#8220;Zim ha revisado al alza sus previsiones de EBITDA para todo el a\u00f1o, situ\u00e1ndolas entre 2.500 y 2.800 millones de d\u00f3lares&#8221;, apunta.<\/p>\n\n\n\n<p><em>Monroe<\/em>&nbsp;advierte a los expedidores: &#8220;Acost\u00fambrese a ello. Las l\u00edneas navieras han cambiado su enfoque de obtener cuotas de mercado por beneficios&#8221; y agrega: &#8220;No puedo decir que les culpe, pero no tienen que renunciar al servicio por los beneficios. Y parece que han olvidado c\u00f3mo tratar a sus clientes. No hay vuelta atr\u00e1s&#8221;.<\/p>","protected":false},"excerpt":{"rendered":"<p>&#8220;Parece que los beneficios del primer trimestre de las l\u00edneas navieras van a batir todos los r\u00e9cords, con unos resultados que superan la totalidad de los del a\u00f1o pasado. Y, sin embargo, todo el mundo parece estar de acuerdo con que las tarifas se dupliquen y se dupliquen. El m\u00faltiplo es asombroso. S\u00ed, las l\u00edneas [&hellip;]<\/p>\n","protected":false},"author":4,"featured_media":1129,"comment_status":"open","ping_status":"open","sticky":false,"template":"","format":"standard","meta":{"footnotes":""},"categories":[1],"tags":[],"class_list":["post-1393","post","type-post","status-publish","format-standard","has-post-thumbnail","hentry","category-sin-categoria"],"yoast_head":"<!-- This site is optimized with the Yoast SEO plugin v27.4 - https:\/\/yoast.com\/product\/yoast-seo-wordpress\/ -->\n<title>SUBA DE FLETES HASTA EL 2023 - JPEV Logistics<\/title>\n<meta name=\"robots\" content=\"index, follow, max-snippet:-1, max-image-preview:large, max-video-preview:-1\" \/>\n<link rel=\"canonical\" href=\"https:\/\/jpevlogistics.com\/en\/suba-de-fletes-hasta-el-2023\/\" \/>\n<meta property=\"og:locale\" content=\"en_US\" \/>\n<meta property=\"og:type\" content=\"article\" \/>\n<meta property=\"og:title\" content=\"SUBA DE FLETES HASTA EL 2023 - JPEV Logistics\" \/>\n<meta property=\"og:description\" content=\"&#8220;Parece que los beneficios del primer trimestre de las l\u00edneas navieras van a batir todos los r\u00e9cords, con unos resultados que superan la totalidad de los del a\u00f1o pasado. Y, sin embargo, todo el mundo parece estar de acuerdo con que las tarifas se dupliquen y se dupliquen. El m\u00faltiplo es asombroso. S\u00ed, las l\u00edneas [&hellip;]\" \/>\n<meta property=\"og:url\" content=\"https:\/\/jpevlogistics.com\/en\/suba-de-fletes-hasta-el-2023\/\" \/>\n<meta property=\"og:site_name\" content=\"JPEV Logistics\" \/>\n<meta property=\"article:published_time\" content=\"2021-05-25T13:36:55+00:00\" \/>\n<meta property=\"article:modified_time\" content=\"2021-05-25T13:36:56+00:00\" \/>\n<meta property=\"og:image\" content=\"https:\/\/jpevlogistics.com\/wp-content\/uploads\/2020\/07\/maritimo-1.jpg\" \/>\n\t<meta property=\"og:image:width\" content=\"1920\" \/>\n\t<meta property=\"og:image:height\" content=\"533\" \/>\n\t<meta property=\"og:image:type\" content=\"image\/jpeg\" \/>\n<meta name=\"author\" content=\"horacio\" \/>\n<meta name=\"twitter:card\" content=\"summary_large_image\" \/>\n<meta name=\"twitter:label1\" content=\"Written by\" \/>\n\t<meta name=\"twitter:data1\" content=\"horacio\" \/>\n\t<meta name=\"twitter:label2\" content=\"Est. reading time\" \/>\n\t<meta name=\"twitter:data2\" content=\"3 minutes\" \/>\n<script type=\"application\/ld+json\" class=\"yoast-schema-graph\">{\"@context\":\"https:\\\/\\\/schema.org\",\"@graph\":[{\"@type\":\"Article\",\"@id\":\"https:\\\/\\\/jpevlogistics.com\\\/suba-de-fletes-hasta-el-2023\\\/#article\",\"isPartOf\":{\"@id\":\"https:\\\/\\\/jpevlogistics.com\\\/suba-de-fletes-hasta-el-2023\\\/\"},\"author\":{\"name\":\"horacio\",\"@id\":\"https:\\\/\\\/jpevlogistics.com\\\/#\\\/schema\\\/person\\\/5cb83ed90e4ad10651470058bc190e62\"},\"headline\":\"SUBA DE FLETES HASTA EL 2023\",\"datePublished\":\"2021-05-25T13:36:55+00:00\",\"dateModified\":\"2021-05-25T13:36:56+00:00\",\"mainEntityOfPage\":{\"@id\":\"https:\\\/\\\/jpevlogistics.com\\\/suba-de-fletes-hasta-el-2023\\\/\"},\"wordCount\":496,\"commentCount\":0,\"publisher\":{\"@id\":\"https:\\\/\\\/jpevlogistics.com\\\/#organization\"},\"image\":{\"@id\":\"https:\\\/\\\/jpevlogistics.com\\\/suba-de-fletes-hasta-el-2023\\\/#primaryimage\"},\"thumbnailUrl\":\"https:\\\/\\\/jpevlogistics.com\\\/wp-content\\\/uploads\\\/2020\\\/07\\\/maritimo-1.jpg\",\"articleSection\":[\"Sin categor\u00eda\"],\"inLanguage\":\"en-US\",\"potentialAction\":[{\"@type\":\"CommentAction\",\"name\":\"Comment\",\"target\":[\"https:\\\/\\\/jpevlogistics.com\\\/suba-de-fletes-hasta-el-2023\\\/#respond\"]}]},{\"@type\":\"WebPage\",\"@id\":\"https:\\\/\\\/jpevlogistics.com\\\/suba-de-fletes-hasta-el-2023\\\/\",\"url\":\"https:\\\/\\\/jpevlogistics.com\\\/suba-de-fletes-hasta-el-2023\\\/\",\"name\":\"SUBA DE FLETES HASTA EL 2023 - JPEV Logistics\",\"isPartOf\":{\"@id\":\"https:\\\/\\\/jpevlogistics.com\\\/#website\"},\"primaryImageOfPage\":{\"@id\":\"https:\\\/\\\/jpevlogistics.com\\\/suba-de-fletes-hasta-el-2023\\\/#primaryimage\"},\"image\":{\"@id\":\"https:\\\/\\\/jpevlogistics.com\\\/suba-de-fletes-hasta-el-2023\\\/#primaryimage\"},\"thumbnailUrl\":\"https:\\\/\\\/jpevlogistics.com\\\/wp-content\\\/uploads\\\/2020\\\/07\\\/maritimo-1.jpg\",\"datePublished\":\"2021-05-25T13:36:55+00:00\",\"dateModified\":\"2021-05-25T13:36:56+00:00\",\"breadcrumb\":{\"@id\":\"https:\\\/\\\/jpevlogistics.com\\\/suba-de-fletes-hasta-el-2023\\\/#breadcrumb\"},\"inLanguage\":\"en-US\",\"potentialAction\":[{\"@type\":\"ReadAction\",\"target\":[\"https:\\\/\\\/jpevlogistics.com\\\/suba-de-fletes-hasta-el-2023\\\/\"]}]},{\"@type\":\"ImageObject\",\"inLanguage\":\"en-US\",\"@id\":\"https:\\\/\\\/jpevlogistics.com\\\/suba-de-fletes-hasta-el-2023\\\/#primaryimage\",\"url\":\"https:\\\/\\\/jpevlogistics.com\\\/wp-content\\\/uploads\\\/2020\\\/07\\\/maritimo-1.jpg\",\"contentUrl\":\"https:\\\/\\\/jpevlogistics.com\\\/wp-content\\\/uploads\\\/2020\\\/07\\\/maritimo-1.jpg\",\"width\":1920,\"height\":533},{\"@type\":\"BreadcrumbList\",\"@id\":\"https:\\\/\\\/jpevlogistics.com\\\/suba-de-fletes-hasta-el-2023\\\/#breadcrumb\",\"itemListElement\":[{\"@type\":\"ListItem\",\"position\":1,\"name\":\"Portada\",\"item\":\"https:\\\/\\\/jpevlogistics.com\\\/\"},{\"@type\":\"ListItem\",\"position\":2,\"name\":\"SUBA DE FLETES HASTA EL 2023\"}]},{\"@type\":\"WebSite\",\"@id\":\"https:\\\/\\\/jpevlogistics.com\\\/#website\",\"url\":\"https:\\\/\\\/jpevlogistics.com\\\/\",\"name\":\"JPEV Logistics\",\"description\":\"\",\"publisher\":{\"@id\":\"https:\\\/\\\/jpevlogistics.com\\\/#organization\"},\"potentialAction\":[{\"@type\":\"SearchAction\",\"target\":{\"@type\":\"EntryPoint\",\"urlTemplate\":\"https:\\\/\\\/jpevlogistics.com\\\/?s={search_term_string}\"},\"query-input\":{\"@type\":\"PropertyValueSpecification\",\"valueRequired\":true,\"valueName\":\"search_term_string\"}}],\"inLanguage\":\"en-US\"},{\"@type\":\"Organization\",\"@id\":\"https:\\\/\\\/jpevlogistics.com\\\/#organization\",\"name\":\"JPEV Logistics\",\"url\":\"https:\\\/\\\/jpevlogistics.com\\\/\",\"logo\":{\"@type\":\"ImageObject\",\"inLanguage\":\"en-US\",\"@id\":\"https:\\\/\\\/jpevlogistics.com\\\/#\\\/schema\\\/logo\\\/image\\\/\",\"url\":\"https:\\\/\\\/jpevlogistics.com\\\/wp-content\\\/uploads\\\/2020\\\/07\\\/logo.png\",\"contentUrl\":\"https:\\\/\\\/jpevlogistics.com\\\/wp-content\\\/uploads\\\/2020\\\/07\\\/logo.png\",\"width\":214,\"height\":81,\"caption\":\"JPEV Logistics\"},\"image\":{\"@id\":\"https:\\\/\\\/jpevlogistics.com\\\/#\\\/schema\\\/logo\\\/image\\\/\"},\"sameAs\":[\"https:\\\/\\\/www.instagram.com\\\/jpevlogistics\\\/\",\"https:\\\/\\\/www.linkedin.com\\\/company\\\/jpev-logistics\\\/\"]},{\"@type\":\"Person\",\"@id\":\"https:\\\/\\\/jpevlogistics.com\\\/#\\\/schema\\\/person\\\/5cb83ed90e4ad10651470058bc190e62\",\"name\":\"horacio\",\"image\":{\"@type\":\"ImageObject\",\"inLanguage\":\"en-US\",\"@id\":\"https:\\\/\\\/secure.gravatar.com\\\/avatar\\\/49ba85a39487c51406dba7224109c3b2296f15c3dd1931dd024e3f540b12ea7d?s=96&d=mm&r=g\",\"url\":\"https:\\\/\\\/secure.gravatar.com\\\/avatar\\\/49ba85a39487c51406dba7224109c3b2296f15c3dd1931dd024e3f540b12ea7d?s=96&d=mm&r=g\",\"contentUrl\":\"https:\\\/\\\/secure.gravatar.com\\\/avatar\\\/49ba85a39487c51406dba7224109c3b2296f15c3dd1931dd024e3f540b12ea7d?s=96&d=mm&r=g\",\"caption\":\"horacio\"},\"url\":\"https:\\\/\\\/jpevlogistics.com\\\/en\\\/author\\\/horacio\\\/\"}]}<\/script>\n<!-- \/ Yoast SEO plugin. -->","yoast_head_json":{"title":"SUBA DE FLETES HASTA EL 2023 - JPEV Logistics","robots":{"index":"index","follow":"follow","max-snippet":"max-snippet:-1","max-image-preview":"max-image-preview:large","max-video-preview":"max-video-preview:-1"},"canonical":"https:\/\/jpevlogistics.com\/en\/suba-de-fletes-hasta-el-2023\/","og_locale":"en_US","og_type":"article","og_title":"SUBA DE FLETES HASTA EL 2023 - JPEV Logistics","og_description":"&#8220;Parece que los beneficios del primer trimestre de las l\u00edneas navieras van a batir todos los r\u00e9cords, con unos resultados que superan la totalidad de los del a\u00f1o pasado. Y, sin embargo, todo el mundo parece estar de acuerdo con que las tarifas se dupliquen y se dupliquen. El m\u00faltiplo es asombroso. S\u00ed, las l\u00edneas [&hellip;]","og_url":"https:\/\/jpevlogistics.com\/en\/suba-de-fletes-hasta-el-2023\/","og_site_name":"JPEV Logistics","article_published_time":"2021-05-25T13:36:55+00:00","article_modified_time":"2021-05-25T13:36:56+00:00","og_image":[{"width":1920,"height":533,"url":"https:\/\/jpevlogistics.com\/wp-content\/uploads\/2020\/07\/maritimo-1.jpg","type":"image\/jpeg"}],"author":"horacio","twitter_card":"summary_large_image","twitter_misc":{"Written by":"horacio","Est. reading time":"3 minutes"},"schema":{"@context":"https:\/\/schema.org","@graph":[{"@type":"Article","@id":"https:\/\/jpevlogistics.com\/suba-de-fletes-hasta-el-2023\/#article","isPartOf":{"@id":"https:\/\/jpevlogistics.com\/suba-de-fletes-hasta-el-2023\/"},"author":{"name":"horacio","@id":"https:\/\/jpevlogistics.com\/#\/schema\/person\/5cb83ed90e4ad10651470058bc190e62"},"headline":"SUBA DE FLETES HASTA EL 2023","datePublished":"2021-05-25T13:36:55+00:00","dateModified":"2021-05-25T13:36:56+00:00","mainEntityOfPage":{"@id":"https:\/\/jpevlogistics.com\/suba-de-fletes-hasta-el-2023\/"},"wordCount":496,"commentCount":0,"publisher":{"@id":"https:\/\/jpevlogistics.com\/#organization"},"image":{"@id":"https:\/\/jpevlogistics.com\/suba-de-fletes-hasta-el-2023\/#primaryimage"},"thumbnailUrl":"https:\/\/jpevlogistics.com\/wp-content\/uploads\/2020\/07\/maritimo-1.jpg","articleSection":["Sin categor\u00eda"],"inLanguage":"en-US","potentialAction":[{"@type":"CommentAction","name":"Comment","target":["https:\/\/jpevlogistics.com\/suba-de-fletes-hasta-el-2023\/#respond"]}]},{"@type":"WebPage","@id":"https:\/\/jpevlogistics.com\/suba-de-fletes-hasta-el-2023\/","url":"https:\/\/jpevlogistics.com\/suba-de-fletes-hasta-el-2023\/","name":"SUBA DE FLETES HASTA EL 2023 - JPEV Logistics","isPartOf":{"@id":"https:\/\/jpevlogistics.com\/#website"},"primaryImageOfPage":{"@id":"https:\/\/jpevlogistics.com\/suba-de-fletes-hasta-el-2023\/#primaryimage"},"image":{"@id":"https:\/\/jpevlogistics.com\/suba-de-fletes-hasta-el-2023\/#primaryimage"},"thumbnailUrl":"https:\/\/jpevlogistics.com\/wp-content\/uploads\/2020\/07\/maritimo-1.jpg","datePublished":"2021-05-25T13:36:55+00:00","dateModified":"2021-05-25T13:36:56+00:00","breadcrumb":{"@id":"https:\/\/jpevlogistics.com\/suba-de-fletes-hasta-el-2023\/#breadcrumb"},"inLanguage":"en-US","potentialAction":[{"@type":"ReadAction","target":["https:\/\/jpevlogistics.com\/suba-de-fletes-hasta-el-2023\/"]}]},{"@type":"ImageObject","inLanguage":"en-US","@id":"https:\/\/jpevlogistics.com\/suba-de-fletes-hasta-el-2023\/#primaryimage","url":"https:\/\/jpevlogistics.com\/wp-content\/uploads\/2020\/07\/maritimo-1.jpg","contentUrl":"https:\/\/jpevlogistics.com\/wp-content\/uploads\/2020\/07\/maritimo-1.jpg","width":1920,"height":533},{"@type":"BreadcrumbList","@id":"https:\/\/jpevlogistics.com\/suba-de-fletes-hasta-el-2023\/#breadcrumb","itemListElement":[{"@type":"ListItem","position":1,"name":"Portada","item":"https:\/\/jpevlogistics.com\/"},{"@type":"ListItem","position":2,"name":"SUBA DE FLETES HASTA EL 2023"}]},{"@type":"WebSite","@id":"https:\/\/jpevlogistics.com\/#website","url":"https:\/\/jpevlogistics.com\/","name":"JPEV Logistics","description":"","publisher":{"@id":"https:\/\/jpevlogistics.com\/#organization"},"potentialAction":[{"@type":"SearchAction","target":{"@type":"EntryPoint","urlTemplate":"https:\/\/jpevlogistics.com\/?s={search_term_string}"},"query-input":{"@type":"PropertyValueSpecification","valueRequired":true,"valueName":"search_term_string"}}],"inLanguage":"en-US"},{"@type":"Organization","@id":"https:\/\/jpevlogistics.com\/#organization","name":"JPEV Logistics","url":"https:\/\/jpevlogistics.com\/","logo":{"@type":"ImageObject","inLanguage":"en-US","@id":"https:\/\/jpevlogistics.com\/#\/schema\/logo\/image\/","url":"https:\/\/jpevlogistics.com\/wp-content\/uploads\/2020\/07\/logo.png","contentUrl":"https:\/\/jpevlogistics.com\/wp-content\/uploads\/2020\/07\/logo.png","width":214,"height":81,"caption":"JPEV Logistics"},"image":{"@id":"https:\/\/jpevlogistics.com\/#\/schema\/logo\/image\/"},"sameAs":["https:\/\/www.instagram.com\/jpevlogistics\/","https:\/\/www.linkedin.com\/company\/jpev-logistics\/"]},{"@type":"Person","@id":"https:\/\/jpevlogistics.com\/#\/schema\/person\/5cb83ed90e4ad10651470058bc190e62","name":"horacio","image":{"@type":"ImageObject","inLanguage":"en-US","@id":"https:\/\/secure.gravatar.com\/avatar\/49ba85a39487c51406dba7224109c3b2296f15c3dd1931dd024e3f540b12ea7d?s=96&d=mm&r=g","url":"https:\/\/secure.gravatar.com\/avatar\/49ba85a39487c51406dba7224109c3b2296f15c3dd1931dd024e3f540b12ea7d?s=96&d=mm&r=g","contentUrl":"https:\/\/secure.gravatar.com\/avatar\/49ba85a39487c51406dba7224109c3b2296f15c3dd1931dd024e3f540b12ea7d?s=96&d=mm&r=g","caption":"horacio"},"url":"https:\/\/jpevlogistics.com\/en\/author\/horacio\/"}]}},"_links":{"self":[{"href":"https:\/\/jpevlogistics.com\/en\/wp-json\/wp\/v2\/posts\/1393","targetHints":{"allow":["GET"]}}],"collection":[{"href":"https:\/\/jpevlogistics.com\/en\/wp-json\/wp\/v2\/posts"}],"about":[{"href":"https:\/\/jpevlogistics.com\/en\/wp-json\/wp\/v2\/types\/post"}],"author":[{"embeddable":true,"href":"https:\/\/jpevlogistics.com\/en\/wp-json\/wp\/v2\/users\/4"}],"replies":[{"embeddable":true,"href":"https:\/\/jpevlogistics.com\/en\/wp-json\/wp\/v2\/comments?post=1393"}],"version-history":[{"count":1,"href":"https:\/\/jpevlogistics.com\/en\/wp-json\/wp\/v2\/posts\/1393\/revisions"}],"predecessor-version":[{"id":1394,"href":"https:\/\/jpevlogistics.com\/en\/wp-json\/wp\/v2\/posts\/1393\/revisions\/1394"}],"wp:featuredmedia":[{"embeddable":true,"href":"https:\/\/jpevlogistics.com\/en\/wp-json\/wp\/v2\/media\/1129"}],"wp:attachment":[{"href":"https:\/\/jpevlogistics.com\/en\/wp-json\/wp\/v2\/media?parent=1393"}],"wp:term":[{"taxonomy":"category","embeddable":true,"href":"https:\/\/jpevlogistics.com\/en\/wp-json\/wp\/v2\/categories?post=1393"},{"taxonomy":"post_tag","embeddable":true,"href":"https:\/\/jpevlogistics.com\/en\/wp-json\/wp\/v2\/tags?post=1393"}],"curies":[{"name":"wp","href":"https:\/\/api.w.org\/{rel}","templated":true}]}}