{"id":1415,"date":"2021-07-20T00:53:54","date_gmt":"2021-07-20T00:53:54","guid":{"rendered":"https:\/\/jpevlogistics.com\/?p=1415"},"modified":"2021-07-20T00:53:54","modified_gmt":"2021-07-20T00:53:54","slug":"la-escasez-de-vacios-obliga-a-pelear-por-espacio-y-equipo-contenedor-a-contenedor","status":"publish","type":"post","link":"https:\/\/jpevlogistics.com\/en\/la-escasez-de-vacios-obliga-a-pelear-por-espacio-y-equipo-contenedor-a-contenedor\/","title":{"rendered":"La escasez de vac\u00edos obliga a pelear por espacio y equipo contenedor a contenedor"},"content":{"rendered":"<p>La baja disponibilidad de contenedores vac\u00edos que vive el transporte mar\u00edtimo mundial en la actualidad est\u00e1 provocando una gran dificultad operativa para los transitarios, \u201cporque hay que pelear por espacio y equipo contenedor a contenedor\u201d, han se\u00f1alado fuentes del operador log\u00edstico y transitario Tiba (Grupo Romeu). En este sentido, el presidente de la comisi\u00f3n Mar\u00edtima de la federaci\u00f3n espa\u00f1ola de transitarios (Feteia-Oltra), Agust\u00edn Montori, ha destacado que \u201cel tiempo dedicado a la gesti\u00f3n de cada embarque se multiplica por tres, por razones como la falta de equipo, de retrasos y cancelaciones que obliga a nuestros colaboradores a trabajar en continua situaci\u00f3n de estr\u00e9s\u201d.<\/p>\n\n\n\n<p>Montori ha se\u00f1alado que fruto de \u201ctodo este desajuste y, sobre todo, de la congesti\u00f3n en puertos de Estados Unidos, sigue faltando equipo. Hoy por hoy, el que llega a los recintos espa\u00f1oles no es suficiente para las necesidades de exportaci\u00f3n\u201d. El presidente de la comisi\u00f3n Mar\u00edtima de la federaci\u00f3n de empresas transitarias ha puesto como ejemplo \u201cel tr\u00e1fico de azulejos que se efect\u00faa desde Valencia con contenedores de 20 pies. No hay en Valencia suficiente equipo vac\u00edo para este servicio\u201d. \u201cEsto comporta un problema a\u00f1adido: \u00bfcu\u00e1l es el transporte del contenedor desde el puerto a Castell\u00f3n y vuelta lleno? En condiciones normales, los transportistas aspiran a realizar dos viajes al d\u00eda. Hoy, algunos de ellos no hacen ni un viaje diario\u201d, ha a\u00f1adido.<\/p>\n\n\n\n<p>A pesar de que el d\u00e9ficit de contenedores vac\u00edos es una problem\u00e1tica extendida, su incidencia difiere en funci\u00f3n de los pa\u00edses y puertos. En el caso de Espa\u00f1a, los tres grandes recintos por movimiento de contenedores, Valencia, Algeciras y Barcelona, han mostrado un comportamiento dispar en el primer trimestre de este a\u00f1o. En el caso de Valencia, los vac\u00edos de exportaci\u00f3n han ca\u00eddo el 2,8% con respecto al periodo entre enero y abril de 2020. En Algeciras, la ca\u00edda es a\u00fan m\u00e1s pronunciada, ya que se ha situado en el 39,7% en este mismo periodo. Sin embargo, el puerto de Barcelona ha registrado un incremento en la carga de equipo vac\u00edo del 14,7%. El enclave andaluz tambi\u00e9n registra un pronunciado descenso en el desembarque de contenedores vac\u00edos, que se ha situado en el 34,3% con respecto al primer trimestre de 2020. Por el contrario, tanto el puerto de Barcelona como el de Valencia han incrementado sus cifras en la descarga de este tipo de unidades, el 22,6% en el caso del puerto catal\u00e1n y el 8,6% en el de Valencia.<\/p>\n\n\n\n<p>\u00bfC\u00f3mo se ha llegado a esta situaci\u00f3n? Lamaignere ha apuntado que la suma de confinamientos a lo largo de Asia, Europa y Am\u00e9rica propici\u00f3 \u201cuna bajada de actividad a nivel mundial que no se recordaba en los \u00faltimos 50 a\u00f1os\u201d. \u201cCuando Europa encaraba su verano\u201d, ha a\u00f1adido la compa\u00f1\u00eda, \u201cy los confinamientos se iban levantando, se dio la circunstancia de una sobreproducci\u00f3n en China que provoc\u00f3 que muchas navieras no cargaran para rutas europeas o sudamericanas, debido a que les sal\u00eda m\u00e1s rentable mandar contenedores vac\u00edos a China y desde all\u00ed cargar y repartir al resto del mundo\u201d. Adem\u00e1s, Lamaignere ha subrayado que, principalmente en los Estados Unidos, \u201clos transportes por carretera multiplicaron por dos su tiempo de tr\u00e1nsito, y los contenedores se devolv\u00edan mucho m\u00e1s tarde de lo habitual debido a la falta de transportistas\u201d. La consecuencia inmediata de estos dos hechos para la compa\u00f1\u00eda fue \u201cla escasez de contenedores para cargar mercanc\u00eda en cualquier parte del mundo y tambi\u00e9n un&nbsp;<a href=\"https:\/\/elmercantil.com\/?s=fletes\">incremento del precio del transporte mar\u00edtimo<\/a>&nbsp;desde China debido a esta escasez de equipos\u201d.<\/p>\n\n\n\n<blockquote class=\"wp-block-quote is-layout-flow wp-block-quote-is-layout-flow\"><p>Los cargadores son los que m\u00e1s sufren esta situaci\u00f3n y esperan incluso semanas para cargar sus mercanc\u00edas<\/p><\/blockquote>\n\n\n\n<p>En este sentido, Tiba ha destacado que la exportaci\u00f3n desde Asia \u201cfue la primera en sufrir la escasez de contenedores y, luego, la falta de espacio en barcos\u201d. La compa\u00f1\u00eda ha se\u00f1alado que este factor \u201ctuvo un primer efecto contagio, en cuanto que las navieras prefer\u00edan devolver los contenedores vac\u00edos de vuelta a Asia, porque los pod\u00edan reutilizar m\u00e1s r\u00e1pido que si los enviaban llenos y prefer\u00edan perder el ingreso por el viaje de Espa\u00f1a a China solo por disponer all\u00ed del contenedor vac\u00edo m\u00e1s r\u00e1pidamente\u201d. Esta situaci\u00f3n, ha a\u00f1adido Tiba, \u201ctuvo un segundo efecto. Los importadores americanos y latinoamericanos, ante lo caro que era importar desde China, empezaron a comprar m\u00e1s en Europa, lo que a\u00f1adi\u00f3 demanda de transporte en la ruta trasatl\u00e1ntica\u201d. A este respecto, DSV ha indicado que la falta de equipo vac\u00edo \u201cprovoca que muchas cargas no se puedan transportar como se har\u00eda en circunstancias normales\u201d. \u201cEn algunos casos\u201d, ha continuado el grupo log\u00edstico, \u201cse ha llegado a la cancelaci\u00f3n del transporte y en otros a tener que sacar la mercanc\u00eda de otros puertos que, a priori, no ser\u00edan los m\u00e1s \u00f3ptimos para esos or\u00edgenes\u201d.<\/p>\n\n\n\n<p>\u201cQuienes m\u00e1s est\u00e1n sufriendo, sin duda, son los cargadores\u201d, han apuntado desde Tiba. \u201cHay mercanc\u00edas que no pueden soportar un incremento tal de sus costes log\u00edsticos y compa\u00f1\u00edas con contratos firmados que no prev\u00e9n repercutir ese incremento de costes\u201d. La compa\u00f1\u00eda del Grupo Romeu tambi\u00e9n ha se\u00f1alado \u201cel mal servicio que est\u00e1n dando las navieras. Con los barcos llenos, cuesta mucho encontrar espacio y hay cargadores que esperan semanas para poder embarcar a pesar de estar pagando cuatro o cinco veces lo que pagaban hace un a\u00f1o por el mismo servicio\u201d. \u201cLa situaci\u00f3n es cada vez m\u00e1s complicada y va a peor\u201d, ha reconocido el director de Cotransa, Rolando Mart\u00ednez, que ha a\u00f1adido que&nbsp;<a href=\"https:\/\/elmercantil.com\/2020\/11\/27\/cargadores-y-transitarios-europeos-acusan-a-las-navieras-de-aprovecharse-de-la-crisis\/\">las navieras \u201cimponen m\u00e1s recargos<\/a>&nbsp;en contenedores de importaci\u00f3n e, incluso si est\u00e1s dispuesto a pagarlo, sigues sin equipo\u201d.<\/p>\n\n\n\n<blockquote class=\"wp-block-quote is-layout-flow wp-block-quote-is-layout-flow\"><p><img decoding=\"async\" width=\"150\" height=\"150\" src=\"https:\/\/elmercantil.com\/wp-content\/uploads\/2021\/05\/rolando-scaled-e1621592501300-150x150.jpg\" alt=\"\">\u201cAunque est\u00e9s dispuesto a pagar los recargos, sigues sin contenedores en algunos casos\u201d<br><strong>Rolando Mart\u00ednez<\/strong>&nbsp;Director de Cotransa<\/p><\/blockquote>\n\n\n\n<p>Esta situaci\u00f3n de falta de equipo vac\u00edo est\u00e1 provocando retrasos en las cargas e incremento de los costes, \u201caunque quiz\u00e1 lo m\u00e1s relevante es c\u00f3mo afecta esto a los consumidores finales y a las familias\u201d, ha indicado Tiba. \u201cEn primer lugar\u201d, ha continuado el operador, \u201cvemos que los stocks est\u00e1n en niveles m\u00ednimos y, por tanto, hay cierta escasez de algunos productos\u201d. La compa\u00f1\u00eda del Grupo Romeu tambi\u00e9n ha resaltado qu<a href=\"https:\/\/elmercantil.com\/2021\/02\/19\/los-cargadores-ya-repercuten-en-sus-productos-la-escalada-de-los-costes-del-transporte\/\">e el incremento del coste del transporte \u201cacabar\u00e1, m\u00e1s pronto que tarde, impactando en la inflaci\u00f3n<\/a>, y esto es preocupante\u201d. La falta de espacio ha sido rese\u00f1ada tambi\u00e9n por la directora de JSV Logistic, Sonia Herzog, que ha manifestado que su compa\u00f1\u00eda \u201cno ha sufrido esta falta de contenedores al contar con servicios directos y de corta distancia, pero s\u00ed hemos visto una falta de espacio en los buques sobre todo en el comercio a larga distancia entre Asia y Europa\u201d.<\/p>\n\n\n\n<p>El incremento de los precios ha sido m\u00e1s que significativo, ha corroborado Lamaignere, que ha apuntado que cuando los precios \u201cempezaban, suavemente, a bajar, se produjo&nbsp;<a href=\"https:\/\/elmercantil.com\/?s=Ever+Given\">el incidente del buque \u2018Ever Given\u2019<\/a>, encallando en el Canal de Suez y provocando un nuevo terremoto en el transporte mar\u00edtimo internacional\u201d. \u201cLa consecuencia de este bloqueo nuevamente fue una escasez de equipos, y espacio en los barcos tambi\u00e9n, y un alza en los fletes mar\u00edtimos, que todav\u00eda en mayo siguen vigentes e incluso subiendo\u201d, ha manifestado la compa\u00f1\u00eda transitaria.&nbsp;<\/p>\n\n\n\n<blockquote class=\"wp-block-quote is-layout-flow wp-block-quote-is-layout-flow\"><p>Los transitarios no son muy optimistas en cuanto a la normalizaci\u00f3n de la situaci\u00f3n y el descenso de los fletes<\/p><\/blockquote>\n\n\n\n<p>Adem\u00e1s, Lamaignere ha apuntado que, a corto plazo, \u201cno se esperan cambios significativos, ya que empezamos a encarar el verano en Europa y esto suele venir ligado a un incremento en los precios de los fletes, por lo que no es esperable que los precios vayan a bajar al menos hasta septiembre de este mismo a\u00f1o\u201d. Los precios \u201ctardar\u00e1n probablemente m\u00e1s tiempo en llegar a esos niveles previos a la pandemia, si es que alg\u00fan d\u00eda llegan\u201d, ha vaticinado el operador transitario. En este sentido, Tiba ha se\u00f1alado que, a corto plazo, \u201ces muy probable que los fletes sigan en niveles muy altos y, posiblemente, bajen algo lo que queda de a\u00f1o, pero no mucho\u201d.<\/p>\n\n\n\n<p>Las compa\u00f1\u00edas no se muestran muy optimistas en cuanto a la normalizaci\u00f3n de la situaci\u00f3n, aunque apuntan que las inversiones de las navieras en adqusiici\u00f3n de nuevos equipos ayudar\u00e1. Seg\u00fan las previsiones de DSV, la situaci\u00f3n \u201cse va a normalizar durante 2021 y esperamos que, a finales de a\u00f1o, est\u00e9 totalmente restablecida. Las distintas&nbsp;<a href=\"https:\/\/elmercantil.com\/2021\/04\/15\/hapag-lloyd-incorporara-150-000-contenedores-a-su-flota-este-ano\/\">navieras est\u00e1n invirtiendo masivamente en la compra de nuevos contenedores<\/a>&nbsp;que se est\u00e1n ya introduciendo en el mercado\u201d. Por su parte, para el director de Cotransa, Rolando Mart\u00ednez, el mercado no mejorar\u00e1 \u201chasta septiembre en el caso de que lleguen estos<a href=\"https:\/\/elmercantil.com\/2021\/04\/20\/maersk-introducira-260-000-teus-durante-este-trimestre-para-paliar-la-escasez-de-contenedores\/\">&nbsp;nuevos equipos que est\u00e1n adquiriendo las navieras<\/a>\u201c. Tambi\u00e9n Lamaignere prev\u00e9 que la escasez \u201cde equipos y espacios va a seguir y, en la primavera de 2022 s\u00ed que se espera ya que el transporte mar\u00edtimo empiece a recobrar su funcionamiento tal y como era en 2019, con mayor disponibilidad de equipos y espacios en los buques\u201d.<\/p>","protected":false},"excerpt":{"rendered":"<p>La baja disponibilidad de contenedores vac\u00edos que vive el transporte mar\u00edtimo mundial en la actualidad est\u00e1 provocando una gran dificultad operativa para los transitarios, \u201cporque hay que pelear por espacio y equipo contenedor a contenedor\u201d, han se\u00f1alado fuentes del operador log\u00edstico y transitario Tiba (Grupo Romeu). En este sentido, el presidente de la comisi\u00f3n Mar\u00edtima [&hellip;]<\/p>\n","protected":false},"author":4,"featured_media":1416,"comment_status":"open","ping_status":"open","sticky":false,"template":"","format":"standard","meta":{"footnotes":""},"categories":[1],"tags":[],"class_list":["post-1415","post","type-post","status-publish","format-standard","has-post-thumbnail","hentry","category-sin-categoria"],"yoast_head":"<!-- This site is optimized with the Yoast SEO plugin v27.4 - https:\/\/yoast.com\/product\/yoast-seo-wordpress\/ -->\n<title>La escasez de vac\u00edos obliga a pelear por espacio y equipo contenedor a contenedor - JPEV Logistics<\/title>\n<meta name=\"robots\" content=\"index, follow, max-snippet:-1, max-image-preview:large, max-video-preview:-1\" \/>\n<link rel=\"canonical\" href=\"https:\/\/jpevlogistics.com\/en\/la-escasez-de-vacios-obliga-a-pelear-por-espacio-y-equipo-contenedor-a-contenedor\/\" \/>\n<meta property=\"og:locale\" content=\"en_US\" \/>\n<meta property=\"og:type\" content=\"article\" \/>\n<meta property=\"og:title\" content=\"La escasez de vac\u00edos obliga a pelear por espacio y equipo contenedor a contenedor - JPEV Logistics\" \/>\n<meta property=\"og:description\" content=\"La baja disponibilidad de contenedores vac\u00edos que vive el transporte mar\u00edtimo mundial en la actualidad est\u00e1 provocando una gran dificultad operativa para los transitarios, \u201cporque hay que pelear por espacio y equipo contenedor a contenedor\u201d, han se\u00f1alado fuentes del operador log\u00edstico y transitario Tiba (Grupo Romeu). En este sentido, el presidente de la comisi\u00f3n Mar\u00edtima [&hellip;]\" \/>\n<meta property=\"og:url\" content=\"https:\/\/jpevlogistics.com\/en\/la-escasez-de-vacios-obliga-a-pelear-por-espacio-y-equipo-contenedor-a-contenedor\/\" \/>\n<meta property=\"og:site_name\" content=\"JPEV Logistics\" \/>\n<meta property=\"article:published_time\" content=\"2021-07-20T00:53:54+00:00\" \/>\n<meta property=\"og:image\" content=\"https:\/\/jpevlogistics.com\/wp-content\/uploads\/2021\/07\/061C10EB-D19C-4930-938E-A46E3D5F03FC.jpeg\" \/>\n\t<meta property=\"og:image:width\" content=\"1200\" \/>\n\t<meta property=\"og:image:height\" content=\"675\" \/>\n\t<meta property=\"og:image:type\" content=\"image\/jpeg\" \/>\n<meta name=\"author\" content=\"horacio\" \/>\n<meta name=\"twitter:card\" content=\"summary_large_image\" \/>\n<meta name=\"twitter:label1\" content=\"Written by\" \/>\n\t<meta name=\"twitter:data1\" content=\"horacio\" \/>\n\t<meta name=\"twitter:label2\" content=\"Est. reading time\" \/>\n\t<meta name=\"twitter:data2\" content=\"7 minutes\" \/>\n<script type=\"application\/ld+json\" class=\"yoast-schema-graph\">{\"@context\":\"https:\\\/\\\/schema.org\",\"@graph\":[{\"@type\":\"Article\",\"@id\":\"https:\\\/\\\/jpevlogistics.com\\\/la-escasez-de-vacios-obliga-a-pelear-por-espacio-y-equipo-contenedor-a-contenedor\\\/#article\",\"isPartOf\":{\"@id\":\"https:\\\/\\\/jpevlogistics.com\\\/la-escasez-de-vacios-obliga-a-pelear-por-espacio-y-equipo-contenedor-a-contenedor\\\/\"},\"author\":{\"name\":\"horacio\",\"@id\":\"https:\\\/\\\/jpevlogistics.com\\\/#\\\/schema\\\/person\\\/5cb83ed90e4ad10651470058bc190e62\"},\"headline\":\"La escasez de vac\u00edos obliga a pelear por espacio y equipo contenedor a contenedor\",\"datePublished\":\"2021-07-20T00:53:54+00:00\",\"mainEntityOfPage\":{\"@id\":\"https:\\\/\\\/jpevlogistics.com\\\/la-escasez-de-vacios-obliga-a-pelear-por-espacio-y-equipo-contenedor-a-contenedor\\\/\"},\"wordCount\":1628,\"commentCount\":0,\"publisher\":{\"@id\":\"https:\\\/\\\/jpevlogistics.com\\\/#organization\"},\"image\":{\"@id\":\"https:\\\/\\\/jpevlogistics.com\\\/la-escasez-de-vacios-obliga-a-pelear-por-espacio-y-equipo-contenedor-a-contenedor\\\/#primaryimage\"},\"thumbnailUrl\":\"https:\\\/\\\/jpevlogistics.com\\\/wp-content\\\/uploads\\\/2021\\\/07\\\/061C10EB-D19C-4930-938E-A46E3D5F03FC.jpeg\",\"articleSection\":[\"Sin categor\u00eda\"],\"inLanguage\":\"en-US\",\"potentialAction\":[{\"@type\":\"CommentAction\",\"name\":\"Comment\",\"target\":[\"https:\\\/\\\/jpevlogistics.com\\\/la-escasez-de-vacios-obliga-a-pelear-por-espacio-y-equipo-contenedor-a-contenedor\\\/#respond\"]}]},{\"@type\":\"WebPage\",\"@id\":\"https:\\\/\\\/jpevlogistics.com\\\/la-escasez-de-vacios-obliga-a-pelear-por-espacio-y-equipo-contenedor-a-contenedor\\\/\",\"url\":\"https:\\\/\\\/jpevlogistics.com\\\/la-escasez-de-vacios-obliga-a-pelear-por-espacio-y-equipo-contenedor-a-contenedor\\\/\",\"name\":\"La escasez de vac\u00edos obliga a pelear por espacio y equipo contenedor a contenedor - JPEV Logistics\",\"isPartOf\":{\"@id\":\"https:\\\/\\\/jpevlogistics.com\\\/#website\"},\"primaryImageOfPage\":{\"@id\":\"https:\\\/\\\/jpevlogistics.com\\\/la-escasez-de-vacios-obliga-a-pelear-por-espacio-y-equipo-contenedor-a-contenedor\\\/#primaryimage\"},\"image\":{\"@id\":\"https:\\\/\\\/jpevlogistics.com\\\/la-escasez-de-vacios-obliga-a-pelear-por-espacio-y-equipo-contenedor-a-contenedor\\\/#primaryimage\"},\"thumbnailUrl\":\"https:\\\/\\\/jpevlogistics.com\\\/wp-content\\\/uploads\\\/2021\\\/07\\\/061C10EB-D19C-4930-938E-A46E3D5F03FC.jpeg\",\"datePublished\":\"2021-07-20T00:53:54+00:00\",\"breadcrumb\":{\"@id\":\"https:\\\/\\\/jpevlogistics.com\\\/la-escasez-de-vacios-obliga-a-pelear-por-espacio-y-equipo-contenedor-a-contenedor\\\/#breadcrumb\"},\"inLanguage\":\"en-US\",\"potentialAction\":[{\"@type\":\"ReadAction\",\"target\":[\"https:\\\/\\\/jpevlogistics.com\\\/la-escasez-de-vacios-obliga-a-pelear-por-espacio-y-equipo-contenedor-a-contenedor\\\/\"]}]},{\"@type\":\"ImageObject\",\"inLanguage\":\"en-US\",\"@id\":\"https:\\\/\\\/jpevlogistics.com\\\/la-escasez-de-vacios-obliga-a-pelear-por-espacio-y-equipo-contenedor-a-contenedor\\\/#primaryimage\",\"url\":\"https:\\\/\\\/jpevlogistics.com\\\/wp-content\\\/uploads\\\/2021\\\/07\\\/061C10EB-D19C-4930-938E-A46E3D5F03FC.jpeg\",\"contentUrl\":\"https:\\\/\\\/jpevlogistics.com\\\/wp-content\\\/uploads\\\/2021\\\/07\\\/061C10EB-D19C-4930-938E-A46E3D5F03FC.jpeg\",\"width\":1200,\"height\":675},{\"@type\":\"BreadcrumbList\",\"@id\":\"https:\\\/\\\/jpevlogistics.com\\\/la-escasez-de-vacios-obliga-a-pelear-por-espacio-y-equipo-contenedor-a-contenedor\\\/#breadcrumb\",\"itemListElement\":[{\"@type\":\"ListItem\",\"position\":1,\"name\":\"Portada\",\"item\":\"https:\\\/\\\/jpevlogistics.com\\\/\"},{\"@type\":\"ListItem\",\"position\":2,\"name\":\"La escasez de vac\u00edos obliga a pelear por espacio y equipo contenedor a contenedor\"}]},{\"@type\":\"WebSite\",\"@id\":\"https:\\\/\\\/jpevlogistics.com\\\/#website\",\"url\":\"https:\\\/\\\/jpevlogistics.com\\\/\",\"name\":\"JPEV Logistics\",\"description\":\"\",\"publisher\":{\"@id\":\"https:\\\/\\\/jpevlogistics.com\\\/#organization\"},\"potentialAction\":[{\"@type\":\"SearchAction\",\"target\":{\"@type\":\"EntryPoint\",\"urlTemplate\":\"https:\\\/\\\/jpevlogistics.com\\\/?s={search_term_string}\"},\"query-input\":{\"@type\":\"PropertyValueSpecification\",\"valueRequired\":true,\"valueName\":\"search_term_string\"}}],\"inLanguage\":\"en-US\"},{\"@type\":\"Organization\",\"@id\":\"https:\\\/\\\/jpevlogistics.com\\\/#organization\",\"name\":\"JPEV Logistics\",\"url\":\"https:\\\/\\\/jpevlogistics.com\\\/\",\"logo\":{\"@type\":\"ImageObject\",\"inLanguage\":\"en-US\",\"@id\":\"https:\\\/\\\/jpevlogistics.com\\\/#\\\/schema\\\/logo\\\/image\\\/\",\"url\":\"https:\\\/\\\/jpevlogistics.com\\\/wp-content\\\/uploads\\\/2020\\\/07\\\/logo.png\",\"contentUrl\":\"https:\\\/\\\/jpevlogistics.com\\\/wp-content\\\/uploads\\\/2020\\\/07\\\/logo.png\",\"width\":214,\"height\":81,\"caption\":\"JPEV Logistics\"},\"image\":{\"@id\":\"https:\\\/\\\/jpevlogistics.com\\\/#\\\/schema\\\/logo\\\/image\\\/\"},\"sameAs\":[\"https:\\\/\\\/www.instagram.com\\\/jpevlogistics\\\/\",\"https:\\\/\\\/www.linkedin.com\\\/company\\\/jpev-logistics\\\/\"]},{\"@type\":\"Person\",\"@id\":\"https:\\\/\\\/jpevlogistics.com\\\/#\\\/schema\\\/person\\\/5cb83ed90e4ad10651470058bc190e62\",\"name\":\"horacio\",\"image\":{\"@type\":\"ImageObject\",\"inLanguage\":\"en-US\",\"@id\":\"https:\\\/\\\/secure.gravatar.com\\\/avatar\\\/49ba85a39487c51406dba7224109c3b2296f15c3dd1931dd024e3f540b12ea7d?s=96&d=mm&r=g\",\"url\":\"https:\\\/\\\/secure.gravatar.com\\\/avatar\\\/49ba85a39487c51406dba7224109c3b2296f15c3dd1931dd024e3f540b12ea7d?s=96&d=mm&r=g\",\"contentUrl\":\"https:\\\/\\\/secure.gravatar.com\\\/avatar\\\/49ba85a39487c51406dba7224109c3b2296f15c3dd1931dd024e3f540b12ea7d?s=96&d=mm&r=g\",\"caption\":\"horacio\"},\"url\":\"https:\\\/\\\/jpevlogistics.com\\\/en\\\/author\\\/horacio\\\/\"}]}<\/script>\n<!-- \/ Yoast SEO plugin. -->","yoast_head_json":{"title":"La escasez de vac\u00edos obliga a pelear por espacio y equipo contenedor a contenedor - JPEV Logistics","robots":{"index":"index","follow":"follow","max-snippet":"max-snippet:-1","max-image-preview":"max-image-preview:large","max-video-preview":"max-video-preview:-1"},"canonical":"https:\/\/jpevlogistics.com\/en\/la-escasez-de-vacios-obliga-a-pelear-por-espacio-y-equipo-contenedor-a-contenedor\/","og_locale":"en_US","og_type":"article","og_title":"La escasez de vac\u00edos obliga a pelear por espacio y equipo contenedor a contenedor - JPEV Logistics","og_description":"La baja disponibilidad de contenedores vac\u00edos que vive el transporte mar\u00edtimo mundial en la actualidad est\u00e1 provocando una gran dificultad operativa para los transitarios, \u201cporque hay que pelear por espacio y equipo contenedor a contenedor\u201d, han se\u00f1alado fuentes del operador log\u00edstico y transitario Tiba (Grupo Romeu). En este sentido, el presidente de la comisi\u00f3n Mar\u00edtima [&hellip;]","og_url":"https:\/\/jpevlogistics.com\/en\/la-escasez-de-vacios-obliga-a-pelear-por-espacio-y-equipo-contenedor-a-contenedor\/","og_site_name":"JPEV Logistics","article_published_time":"2021-07-20T00:53:54+00:00","og_image":[{"width":1200,"height":675,"url":"https:\/\/jpevlogistics.com\/wp-content\/uploads\/2021\/07\/061C10EB-D19C-4930-938E-A46E3D5F03FC.jpeg","type":"image\/jpeg"}],"author":"horacio","twitter_card":"summary_large_image","twitter_misc":{"Written by":"horacio","Est. reading time":"7 minutes"},"schema":{"@context":"https:\/\/schema.org","@graph":[{"@type":"Article","@id":"https:\/\/jpevlogistics.com\/la-escasez-de-vacios-obliga-a-pelear-por-espacio-y-equipo-contenedor-a-contenedor\/#article","isPartOf":{"@id":"https:\/\/jpevlogistics.com\/la-escasez-de-vacios-obliga-a-pelear-por-espacio-y-equipo-contenedor-a-contenedor\/"},"author":{"name":"horacio","@id":"https:\/\/jpevlogistics.com\/#\/schema\/person\/5cb83ed90e4ad10651470058bc190e62"},"headline":"La escasez de vac\u00edos obliga a pelear por espacio y equipo contenedor a contenedor","datePublished":"2021-07-20T00:53:54+00:00","mainEntityOfPage":{"@id":"https:\/\/jpevlogistics.com\/la-escasez-de-vacios-obliga-a-pelear-por-espacio-y-equipo-contenedor-a-contenedor\/"},"wordCount":1628,"commentCount":0,"publisher":{"@id":"https:\/\/jpevlogistics.com\/#organization"},"image":{"@id":"https:\/\/jpevlogistics.com\/la-escasez-de-vacios-obliga-a-pelear-por-espacio-y-equipo-contenedor-a-contenedor\/#primaryimage"},"thumbnailUrl":"https:\/\/jpevlogistics.com\/wp-content\/uploads\/2021\/07\/061C10EB-D19C-4930-938E-A46E3D5F03FC.jpeg","articleSection":["Sin categor\u00eda"],"inLanguage":"en-US","potentialAction":[{"@type":"CommentAction","name":"Comment","target":["https:\/\/jpevlogistics.com\/la-escasez-de-vacios-obliga-a-pelear-por-espacio-y-equipo-contenedor-a-contenedor\/#respond"]}]},{"@type":"WebPage","@id":"https:\/\/jpevlogistics.com\/la-escasez-de-vacios-obliga-a-pelear-por-espacio-y-equipo-contenedor-a-contenedor\/","url":"https:\/\/jpevlogistics.com\/la-escasez-de-vacios-obliga-a-pelear-por-espacio-y-equipo-contenedor-a-contenedor\/","name":"La escasez de vac\u00edos obliga a pelear por espacio y equipo contenedor a contenedor - JPEV Logistics","isPartOf":{"@id":"https:\/\/jpevlogistics.com\/#website"},"primaryImageOfPage":{"@id":"https:\/\/jpevlogistics.com\/la-escasez-de-vacios-obliga-a-pelear-por-espacio-y-equipo-contenedor-a-contenedor\/#primaryimage"},"image":{"@id":"https:\/\/jpevlogistics.com\/la-escasez-de-vacios-obliga-a-pelear-por-espacio-y-equipo-contenedor-a-contenedor\/#primaryimage"},"thumbnailUrl":"https:\/\/jpevlogistics.com\/wp-content\/uploads\/2021\/07\/061C10EB-D19C-4930-938E-A46E3D5F03FC.jpeg","datePublished":"2021-07-20T00:53:54+00:00","breadcrumb":{"@id":"https:\/\/jpevlogistics.com\/la-escasez-de-vacios-obliga-a-pelear-por-espacio-y-equipo-contenedor-a-contenedor\/#breadcrumb"},"inLanguage":"en-US","potentialAction":[{"@type":"ReadAction","target":["https:\/\/jpevlogistics.com\/la-escasez-de-vacios-obliga-a-pelear-por-espacio-y-equipo-contenedor-a-contenedor\/"]}]},{"@type":"ImageObject","inLanguage":"en-US","@id":"https:\/\/jpevlogistics.com\/la-escasez-de-vacios-obliga-a-pelear-por-espacio-y-equipo-contenedor-a-contenedor\/#primaryimage","url":"https:\/\/jpevlogistics.com\/wp-content\/uploads\/2021\/07\/061C10EB-D19C-4930-938E-A46E3D5F03FC.jpeg","contentUrl":"https:\/\/jpevlogistics.com\/wp-content\/uploads\/2021\/07\/061C10EB-D19C-4930-938E-A46E3D5F03FC.jpeg","width":1200,"height":675},{"@type":"BreadcrumbList","@id":"https:\/\/jpevlogistics.com\/la-escasez-de-vacios-obliga-a-pelear-por-espacio-y-equipo-contenedor-a-contenedor\/#breadcrumb","itemListElement":[{"@type":"ListItem","position":1,"name":"Portada","item":"https:\/\/jpevlogistics.com\/"},{"@type":"ListItem","position":2,"name":"La escasez de vac\u00edos obliga a pelear por espacio y equipo contenedor a contenedor"}]},{"@type":"WebSite","@id":"https:\/\/jpevlogistics.com\/#website","url":"https:\/\/jpevlogistics.com\/","name":"JPEV Logistics","description":"","publisher":{"@id":"https:\/\/jpevlogistics.com\/#organization"},"potentialAction":[{"@type":"SearchAction","target":{"@type":"EntryPoint","urlTemplate":"https:\/\/jpevlogistics.com\/?s={search_term_string}"},"query-input":{"@type":"PropertyValueSpecification","valueRequired":true,"valueName":"search_term_string"}}],"inLanguage":"en-US"},{"@type":"Organization","@id":"https:\/\/jpevlogistics.com\/#organization","name":"JPEV Logistics","url":"https:\/\/jpevlogistics.com\/","logo":{"@type":"ImageObject","inLanguage":"en-US","@id":"https:\/\/jpevlogistics.com\/#\/schema\/logo\/image\/","url":"https:\/\/jpevlogistics.com\/wp-content\/uploads\/2020\/07\/logo.png","contentUrl":"https:\/\/jpevlogistics.com\/wp-content\/uploads\/2020\/07\/logo.png","width":214,"height":81,"caption":"JPEV Logistics"},"image":{"@id":"https:\/\/jpevlogistics.com\/#\/schema\/logo\/image\/"},"sameAs":["https:\/\/www.instagram.com\/jpevlogistics\/","https:\/\/www.linkedin.com\/company\/jpev-logistics\/"]},{"@type":"Person","@id":"https:\/\/jpevlogistics.com\/#\/schema\/person\/5cb83ed90e4ad10651470058bc190e62","name":"horacio","image":{"@type":"ImageObject","inLanguage":"en-US","@id":"https:\/\/secure.gravatar.com\/avatar\/49ba85a39487c51406dba7224109c3b2296f15c3dd1931dd024e3f540b12ea7d?s=96&d=mm&r=g","url":"https:\/\/secure.gravatar.com\/avatar\/49ba85a39487c51406dba7224109c3b2296f15c3dd1931dd024e3f540b12ea7d?s=96&d=mm&r=g","contentUrl":"https:\/\/secure.gravatar.com\/avatar\/49ba85a39487c51406dba7224109c3b2296f15c3dd1931dd024e3f540b12ea7d?s=96&d=mm&r=g","caption":"horacio"},"url":"https:\/\/jpevlogistics.com\/en\/author\/horacio\/"}]}},"_links":{"self":[{"href":"https:\/\/jpevlogistics.com\/en\/wp-json\/wp\/v2\/posts\/1415","targetHints":{"allow":["GET"]}}],"collection":[{"href":"https:\/\/jpevlogistics.com\/en\/wp-json\/wp\/v2\/posts"}],"about":[{"href":"https:\/\/jpevlogistics.com\/en\/wp-json\/wp\/v2\/types\/post"}],"author":[{"embeddable":true,"href":"https:\/\/jpevlogistics.com\/en\/wp-json\/wp\/v2\/users\/4"}],"replies":[{"embeddable":true,"href":"https:\/\/jpevlogistics.com\/en\/wp-json\/wp\/v2\/comments?post=1415"}],"version-history":[{"count":1,"href":"https:\/\/jpevlogistics.com\/en\/wp-json\/wp\/v2\/posts\/1415\/revisions"}],"predecessor-version":[{"id":1417,"href":"https:\/\/jpevlogistics.com\/en\/wp-json\/wp\/v2\/posts\/1415\/revisions\/1417"}],"wp:featuredmedia":[{"embeddable":true,"href":"https:\/\/jpevlogistics.com\/en\/wp-json\/wp\/v2\/media\/1416"}],"wp:attachment":[{"href":"https:\/\/jpevlogistics.com\/en\/wp-json\/wp\/v2\/media?parent=1415"}],"wp:term":[{"taxonomy":"category","embeddable":true,"href":"https:\/\/jpevlogistics.com\/en\/wp-json\/wp\/v2\/categories?post=1415"},{"taxonomy":"post_tag","embeddable":true,"href":"https:\/\/jpevlogistics.com\/en\/wp-json\/wp\/v2\/tags?post=1415"}],"curies":[{"name":"wp","href":"https:\/\/api.w.org\/{rel}","templated":true}]}}