{"id":1424,"date":"2021-12-10T20:51:37","date_gmt":"2021-12-10T20:51:37","guid":{"rendered":"https:\/\/jpevlogistics.com\/?p=1424"},"modified":"2021-12-10T20:51:38","modified_gmt":"2021-12-10T20:51:38","slug":"el-caos-en-el-transporte-maritimo-provoca-problemas-en-el-comercio-mundial-y-escasez-de-productos","status":"publish","type":"post","link":"https:\/\/jpevlogistics.com\/en\/el-caos-en-el-transporte-maritimo-provoca-problemas-en-el-comercio-mundial-y-escasez-de-productos\/","title":{"rendered":"El caos en el transporte mar\u00edtimo provoca problemas en el comercio mundial y escasez de productos"},"content":{"rendered":"\n<p>Una tormenta perfecta, un efecto domin\u00f3, de mariposa o de l\u00e1tigo. El transporte mar\u00edtimo, que supone el tr\u00e1nsito del 90% de las mercanc\u00edas que se mueven en el mundo, est\u00e1 en el foco en esta recta final de 2021 y trata de poner nombre a su propia situaci\u00f3n de caos. Un tablero donde las piezas, los barcos y los contenedores, no est\u00e1n donde se necesitan y la actividad en los puertos -principalmente en los de Estados Unidos y China- ha llegado al colapso. En el gigante asi\u00e1tico, adem\u00e1s, porque ha tenido que cerrar instalaciones por brotes de Covid y por los tifones que han golpeado al pa\u00eds en las \u00faltimas semanas.\u00a0<\/p>\n\n\n\n<p><\/p>\n\n\n\n<p><a href=\"https:\/\/www.eldiarioar.com\/economia\/navidad-no-encuentres-prendas-nike-adidas-buscas_1_8366013.html\"><img decoding=\"async\" src=\"\" alt=\"\u00bfPor qu\u00e9 esta Navidad puede que no encuentres las prendas de Nike o Adidas que buscas?\"><q>\u00bfPor qu\u00e9 esta Navidad puede que no encuentres las prendas de Nike o Adidas que buscas?<\/q>SABER M\u00c1S<\/a><\/p>\n\n\n\n<p>El resumen r\u00e1pido es que &#8220;el engranaje no funciona&#8221;, indica Oriol Montany\u00e0, profesor de log\u00edstica de UPF Barcelona School of Management.&nbsp;<strong>Existe un desequilibrio entre la oferta y la demanda de buques, faltan contenedores, los barcos se saltan escalas y, al mismo tiempo, hay puertos que no dan abasto. El de Los \u00c1ngeles, por ejemplo, ya opera 24 horas los siete d\u00edas de la semana.<\/strong><\/p>\n\n\n\n<p>&#8220;Esto es un &#8216;efecto l\u00e1tigo&#8217;. Cuando hay escasez, la gente compra mucho m\u00e1s&#8221;, define Jaume Hugas, profesor titular del departamento de Operaciones, Innovaci\u00f3n y &#8216;Data Sciences&#8217; de Esade.&nbsp;<\/p>\n\n\n\n<p>&#8220;Las empresas [de Europa o de EEUU] hicieron pedidos que van con retraso o no llegan. Como hay menos barcos y menos contenedores, estas empresas se est\u00e1n quedando sin stock, as\u00ed que piden m\u00e1s. Todo el mundo quiere almacenar y esto, lo que consigue, es agravar el problema. \u00bfTe acordas de lo que pas\u00f3 al principio de la pandemia con el papel higi\u00e9nico? Pues es lo mismo&#8221;, resume el profesor. Lo mismo, pero a escala global y con todo tipo de mercanc\u00edas. &#8220;Porque ese barco que no puede entrar el puerto de Los \u00c1ngeles, tiene que recoger soja de Iowa, que luego va a Indonesia&#8221;, indica Jaume Hugas. Es un suma y sigue.<\/p>\n\n\n\n<p>Una situaci\u00f3n que, adem\u00e1s, convive con la falta de microchips, los&nbsp;<a href=\"https:\/\/www.eldiario.es\/economia\/navidad-no-encuentres-prendas-nike-adidas-buscas_1_8366013.html\" target=\"_blank\" rel=\"noreferrer noopener\">confinamientos y cierres de operaciones que sigue provocando la pandemia, el alza de las materias primas<\/a>&nbsp;y la subida de los costes energ\u00e9ticos.<\/p>\n\n\n\n<h3 class=\"wp-block-heading\">La pandemia, punto de inflexi\u00f3n<\/h3>\n\n\n\n<p>El origen de esta crisis del comercio mar\u00edtimo, en v\u00edsperas de las fechas de mayor consumo del a\u00f1o (Black Friday, Cyber monday, D\u00eda del soltero en China, Navidades\u2026) est\u00e1, en gran medida, en lo ocurrido durante la pandemia.<\/p>\n\n\n\n<p>&#8220;De 2016 a 2018 hab\u00eda sobrecapacidad&#8221;, apunta Oriol Montany\u00e0. Los precios estaban en una espiral a la baja y se lleg\u00f3 a pagar 1.000 d\u00f3lares o menos por traer un contenedor de Asia&#8221;. Hoy, por ese mismo trayecto se pagan 15.000. &#8220;Empezaron los movimientos entre navieras, las grandes compa\u00f1\u00edas japonesas se fusionaron, la danesa Maersk compr\u00f3 la alemana Hamburg S\u00fcd. Quer\u00edan concentrar la oferta&#8221;, explica el profesor de la UPF Barcelona School of Management.&nbsp;<\/p>\n\n\n\n<p>Pero lleg\u00f3 la pandemia y el consumo se hundi\u00f3. Un par\u00f3n que pas\u00f3 por &#8220;eliminar rotaciones, quitar barcos, no renovar contenedores&#8230;&#8221;, enumera Montany\u00e0. Tras el par\u00f3n, el aceler\u00f3n de la demanda, sobre todo en Estados Unidos, pero sin que los mimbres de la log\u00edstica mar\u00edtima estuviesen preparados para una recuperaci\u00f3n tan r\u00e1pida, aunque desigual. &#8220;Muy poca gente lo ha sabido prever, ni empresas, ni gobiernos&#8221;, lamenta Jaume Hugas.<\/p>\n\n\n\n<h3 class=\"wp-block-heading\">Diferencias entre Estados Unidos y Europa<\/h3>\n\n\n\n<p>En este tablero, donde las piezas de la log\u00edstica mar\u00edtima est\u00e1n mezcladas, hay que diferenciar lo que ocurre entre el comercio de Estados Unidos y Asia y, entre esta \u00faltima y Europa. Los grandes problemas est\u00e1n al otro lado del Atl\u00e1ntico, aunque eso no significa que aqu\u00ed no se perciban.&nbsp;<\/p>\n\n\n\n<p>En Estados Unidos, el mayor cuello de botella ha estado en el puerto de Los \u00c1ngeles, con cerca de 70 buques esperando para entrar en puerto y descargar unos 70.000 contenedores. Un atasco que, en parte, se est\u00e1 solucionando despu\u00e9s de que la Casa Blanca obligara a abrir el puerto 24 horas, siete d\u00edas a la semana. Pero eso, lo que ha provocado es derivar los atascos a otro eslab\u00f3n de la cadena.&nbsp;<\/p>\n\n\n\n<p>&#8220;Los puertos son s\u00f3lo la primera parada en el camino para las importaciones. Los puntos de fricci\u00f3n siguen siendo la capacidad de los almacenes y la disponibilidad de camiones para mover mercanc\u00edas desde los puertos, especialmente cuando las horas ampliadas en los puertos no coinciden con las horas de funcionamiento de los almacenes y centros de distribuci\u00f3n&#8221;, asegura la agencia Fitch Ratings.<\/p>\n\n\n\n<p>Jordi Esp\u00edn, secretario general de Transprime, Spanish Shippers&#8217; Council, asociaci\u00f3n profesional multisectorial formada por grandes empresas cargadoras, indica que la situaci\u00f3n en los puertos europeos no es similar a lo que ocurre en EEUU o en China. &#8220;Aunque no hay retrasos significativos en Europa, s\u00ed hay picos en los momentos de entrega y hay falta de contenedores para poder cargar&#8221;, a\u00f1ade.&nbsp;<\/p>\n\n\n\n<h3 class=\"wp-block-heading\">Las navieras, las ganadoras\u2026 de momento<\/h3>\n\n\n\n<p>Como en toda crisis, siempre hay quien sale beneficiado. En este caso, las grandes navieras internacionales, que est\u00e1n subidas a la ola de un consumo al alza y precios disparados. La mayor naviera del mundo, la danesa Maersk, asegur\u00f3 hace unos d\u00edas que la demanda de contenedores, en el conjunto de 2021, va a crecer entre un 6% y un 8%. Pero no es s\u00f3lo la demanda. &#8220;Se prev\u00e9 que los niveles de tarifas, que ya est\u00e1n en m\u00e1ximos hist\u00f3ricos, aumentar\u00e1n a\u00fan m\u00e1s en el cuarto trimestre&#8221;, en la mayor\u00eda de rutas mundiales.<\/p>\n\n\n\n<p>El caso de Maersk sirve de term\u00f3metro de su sector. La compa\u00f1\u00eda presenta la pr\u00f3xima semana sus resultados financieros durante el tercer trimestre del a\u00f1o. Pero en los de mitad de ejercicio ya apunt\u00f3 una significativa mejora. Entre enero y junio -cuando el caos del transporte mar\u00edtimo ya despuntaba- el grupo dan\u00e9s ingres\u00f3 26.669 millones de d\u00f3lares, muy lejos de los 18.568 millones del mismo periodo de 2020. Es cierto que esos seis meses abarcan los meses m\u00e1s duros de la pandemia y el confinamiento en buena parte del mundo. Pero, si se compara con el primer semestre de 2019, el alza en ingresos es de casi el 40%, porque entonces factur\u00f3 19.167 millones.&nbsp;<\/p>\n\n\n\n<p>Reflejo de esta evoluci\u00f3n y de las expectativas es lo que est\u00e1 ocurriendo con Maersk en bolsa. En lo que va de a\u00f1o, la danesa ha despegado m\u00e1s de un 22%. Actualmente, la compa\u00f1\u00eda vale en el parqu\u00e9 cerca de 43.500 millones de euros.&nbsp;<\/p>\n\n\n\n<h3 class=\"wp-block-heading\">Sin una clara soluci\u00f3n a la vista<\/h3>\n\n\n\n<p>En cuanto a cu\u00e1ndo terminar\u00e1 esta situaci\u00f3n disfuncional en el comercio global, no hay consenso. Como sucede con la inflaci\u00f3n o con la evoluci\u00f3n de las materias primas, algunos expertos consideran que es un tema puntual, que se solucionar\u00e1 con el tiempo; y quienes ven en esta crisis un punto de inflexi\u00f3n que puede, incluso, cambiar el modelo log\u00edstico.&nbsp;<\/p>\n\n\n\n<p>&#8220;Los m\u00e1rgenes podr\u00edan verse presionados si la congesti\u00f3n persiste hasta bien entrado el 2022&#8221;, asegura Fitch. En cambio, el banco de inversi\u00f3n JPMorgan otea una soluci\u00f3n al desorden de la cadena de suministro en los pr\u00f3ximos meses.&nbsp;&#8220;Nos vamos a tener que acostumbrar a esta situaci\u00f3n&#8221;, augura el profesor Jaume Hugas.<\/p>\n\n\n\n<p>Puede que sea una cuesti\u00f3n de esperar a que escampe, pero muchas multinacionales han optado por el camino del medio y cambiar la l\u00ednea log\u00edstica tradicional, lanz\u00e1ndose a fletar sus propios barcos. Amazon, por ejemplo, ya lo hace de forma recurrente y, ahora, otras empresas como Walmart, Ikea o Home Depot, han dado el mismo paso. Coca-Cola trata de esquivar el temporal contratando barcos que hasta ahora se han dedicado al transporte de grano.&nbsp;<\/p>\n\n\n\n<p>Un cambio de modelo, de m\u00e1rgenes y de aumento de costes que tiene y tendr\u00e1 derivadas. En todos los sectores. &#8220;Hemos o\u00eddo de nuestros anunciantes, de diferentes industrias y geograf\u00edas, que est\u00e1n enfrent\u00e1ndose a problemas en sus cadenas de suministro, por los crecientes costes; y esperamos que algunos de estos clientes opten por reducir sus inversiones en marketing y publicidad porque no quieren provocar un aumento de su demanda&#8221;, reconoci\u00f3 este jueves Jeremi Gorman, &#8216;chief business officer&#8217; de la matriz de la tecnol\u00f3gica Snapchat. Los problemas log\u00edsticos llegan a todas las industrias.<\/p>\n","protected":false},"excerpt":{"rendered":"<p>Una tormenta perfecta, un efecto domin\u00f3, de mariposa o de l\u00e1tigo. El transporte mar\u00edtimo, que supone el tr\u00e1nsito del 90% de las mercanc\u00edas que se mueven en el mundo, est\u00e1 en el foco en esta recta final de 2021 y trata de poner nombre a su propia situaci\u00f3n de caos. Un tablero donde las piezas, [&hellip;]<\/p>\n","protected":false},"author":4,"featured_media":1425,"comment_status":"open","ping_status":"open","sticky":false,"template":"","format":"standard","meta":{"footnotes":""},"categories":[1],"tags":[],"class_list":["post-1424","post","type-post","status-publish","format-standard","has-post-thumbnail","hentry","category-sin-categoria"],"yoast_head":"<!-- This site is optimized with the Yoast SEO plugin v27.4 - https:\/\/yoast.com\/product\/yoast-seo-wordpress\/ -->\n<title>El caos en el transporte mar\u00edtimo provoca problemas en el comercio mundial y escasez de productos - JPEV Logistics<\/title>\n<meta name=\"robots\" content=\"index, follow, max-snippet:-1, max-image-preview:large, max-video-preview:-1\" \/>\n<link rel=\"canonical\" href=\"https:\/\/jpevlogistics.com\/en\/el-caos-en-el-transporte-maritimo-provoca-problemas-en-el-comercio-mundial-y-escasez-de-productos\/\" \/>\n<meta property=\"og:locale\" content=\"en_US\" \/>\n<meta property=\"og:type\" content=\"article\" \/>\n<meta property=\"og:title\" content=\"El caos en el transporte mar\u00edtimo provoca problemas en el comercio mundial y escasez de productos - JPEV Logistics\" \/>\n<meta property=\"og:description\" content=\"Una tormenta perfecta, un efecto domin\u00f3, de mariposa o de l\u00e1tigo. El transporte mar\u00edtimo, que supone el tr\u00e1nsito del 90% de las mercanc\u00edas que se mueven en el mundo, est\u00e1 en el foco en esta recta final de 2021 y trata de poner nombre a su propia situaci\u00f3n de caos. Un tablero donde las piezas, [&hellip;]\" \/>\n<meta property=\"og:url\" content=\"https:\/\/jpevlogistics.com\/en\/el-caos-en-el-transporte-maritimo-provoca-problemas-en-el-comercio-mundial-y-escasez-de-productos\/\" \/>\n<meta property=\"og:site_name\" content=\"JPEV Logistics\" \/>\n<meta property=\"article:published_time\" content=\"2021-12-10T20:51:37+00:00\" \/>\n<meta property=\"article:modified_time\" content=\"2021-12-10T20:51:38+00:00\" \/>\n<meta property=\"og:image\" content=\"https:\/\/jpevlogistics.com\/wp-content\/uploads\/2021\/12\/barco-4.jpg\" \/>\n\t<meta property=\"og:image:width\" content=\"1200\" \/>\n\t<meta property=\"og:image:height\" content=\"675\" \/>\n\t<meta property=\"og:image:type\" content=\"image\/jpeg\" \/>\n<meta name=\"author\" content=\"horacio\" \/>\n<meta name=\"twitter:card\" content=\"summary_large_image\" \/>\n<meta name=\"twitter:label1\" content=\"Written by\" \/>\n\t<meta name=\"twitter:data1\" content=\"horacio\" \/>\n\t<meta name=\"twitter:label2\" content=\"Est. reading time\" \/>\n\t<meta name=\"twitter:data2\" content=\"7 minutes\" \/>\n<script type=\"application\/ld+json\" class=\"yoast-schema-graph\">{\"@context\":\"https:\\\/\\\/schema.org\",\"@graph\":[{\"@type\":\"Article\",\"@id\":\"https:\\\/\\\/jpevlogistics.com\\\/el-caos-en-el-transporte-maritimo-provoca-problemas-en-el-comercio-mundial-y-escasez-de-productos\\\/#article\",\"isPartOf\":{\"@id\":\"https:\\\/\\\/jpevlogistics.com\\\/el-caos-en-el-transporte-maritimo-provoca-problemas-en-el-comercio-mundial-y-escasez-de-productos\\\/\"},\"author\":{\"name\":\"horacio\",\"@id\":\"https:\\\/\\\/jpevlogistics.com\\\/#\\\/schema\\\/person\\\/5cb83ed90e4ad10651470058bc190e62\"},\"headline\":\"El caos en el transporte mar\u00edtimo provoca problemas en el comercio mundial y escasez de productos\",\"datePublished\":\"2021-12-10T20:51:37+00:00\",\"dateModified\":\"2021-12-10T20:51:38+00:00\",\"mainEntityOfPage\":{\"@id\":\"https:\\\/\\\/jpevlogistics.com\\\/el-caos-en-el-transporte-maritimo-provoca-problemas-en-el-comercio-mundial-y-escasez-de-productos\\\/\"},\"wordCount\":1457,\"commentCount\":0,\"publisher\":{\"@id\":\"https:\\\/\\\/jpevlogistics.com\\\/#organization\"},\"image\":{\"@id\":\"https:\\\/\\\/jpevlogistics.com\\\/el-caos-en-el-transporte-maritimo-provoca-problemas-en-el-comercio-mundial-y-escasez-de-productos\\\/#primaryimage\"},\"thumbnailUrl\":\"https:\\\/\\\/jpevlogistics.com\\\/wp-content\\\/uploads\\\/2021\\\/12\\\/barco-4.jpg\",\"articleSection\":[\"Sin categor\u00eda\"],\"inLanguage\":\"en-US\",\"potentialAction\":[{\"@type\":\"CommentAction\",\"name\":\"Comment\",\"target\":[\"https:\\\/\\\/jpevlogistics.com\\\/el-caos-en-el-transporte-maritimo-provoca-problemas-en-el-comercio-mundial-y-escasez-de-productos\\\/#respond\"]}]},{\"@type\":\"WebPage\",\"@id\":\"https:\\\/\\\/jpevlogistics.com\\\/el-caos-en-el-transporte-maritimo-provoca-problemas-en-el-comercio-mundial-y-escasez-de-productos\\\/\",\"url\":\"https:\\\/\\\/jpevlogistics.com\\\/el-caos-en-el-transporte-maritimo-provoca-problemas-en-el-comercio-mundial-y-escasez-de-productos\\\/\",\"name\":\"El caos en el transporte mar\u00edtimo provoca problemas en el comercio mundial y escasez de productos - JPEV Logistics\",\"isPartOf\":{\"@id\":\"https:\\\/\\\/jpevlogistics.com\\\/#website\"},\"primaryImageOfPage\":{\"@id\":\"https:\\\/\\\/jpevlogistics.com\\\/el-caos-en-el-transporte-maritimo-provoca-problemas-en-el-comercio-mundial-y-escasez-de-productos\\\/#primaryimage\"},\"image\":{\"@id\":\"https:\\\/\\\/jpevlogistics.com\\\/el-caos-en-el-transporte-maritimo-provoca-problemas-en-el-comercio-mundial-y-escasez-de-productos\\\/#primaryimage\"},\"thumbnailUrl\":\"https:\\\/\\\/jpevlogistics.com\\\/wp-content\\\/uploads\\\/2021\\\/12\\\/barco-4.jpg\",\"datePublished\":\"2021-12-10T20:51:37+00:00\",\"dateModified\":\"2021-12-10T20:51:38+00:00\",\"breadcrumb\":{\"@id\":\"https:\\\/\\\/jpevlogistics.com\\\/el-caos-en-el-transporte-maritimo-provoca-problemas-en-el-comercio-mundial-y-escasez-de-productos\\\/#breadcrumb\"},\"inLanguage\":\"en-US\",\"potentialAction\":[{\"@type\":\"ReadAction\",\"target\":[\"https:\\\/\\\/jpevlogistics.com\\\/el-caos-en-el-transporte-maritimo-provoca-problemas-en-el-comercio-mundial-y-escasez-de-productos\\\/\"]}]},{\"@type\":\"ImageObject\",\"inLanguage\":\"en-US\",\"@id\":\"https:\\\/\\\/jpevlogistics.com\\\/el-caos-en-el-transporte-maritimo-provoca-problemas-en-el-comercio-mundial-y-escasez-de-productos\\\/#primaryimage\",\"url\":\"https:\\\/\\\/jpevlogistics.com\\\/wp-content\\\/uploads\\\/2021\\\/12\\\/barco-4.jpg\",\"contentUrl\":\"https:\\\/\\\/jpevlogistics.com\\\/wp-content\\\/uploads\\\/2021\\\/12\\\/barco-4.jpg\",\"width\":1200,\"height\":675},{\"@type\":\"BreadcrumbList\",\"@id\":\"https:\\\/\\\/jpevlogistics.com\\\/el-caos-en-el-transporte-maritimo-provoca-problemas-en-el-comercio-mundial-y-escasez-de-productos\\\/#breadcrumb\",\"itemListElement\":[{\"@type\":\"ListItem\",\"position\":1,\"name\":\"Portada\",\"item\":\"https:\\\/\\\/jpevlogistics.com\\\/\"},{\"@type\":\"ListItem\",\"position\":2,\"name\":\"El caos en el transporte mar\u00edtimo provoca problemas en el comercio mundial y escasez de productos\"}]},{\"@type\":\"WebSite\",\"@id\":\"https:\\\/\\\/jpevlogistics.com\\\/#website\",\"url\":\"https:\\\/\\\/jpevlogistics.com\\\/\",\"name\":\"JPEV Logistics\",\"description\":\"\",\"publisher\":{\"@id\":\"https:\\\/\\\/jpevlogistics.com\\\/#organization\"},\"potentialAction\":[{\"@type\":\"SearchAction\",\"target\":{\"@type\":\"EntryPoint\",\"urlTemplate\":\"https:\\\/\\\/jpevlogistics.com\\\/?s={search_term_string}\"},\"query-input\":{\"@type\":\"PropertyValueSpecification\",\"valueRequired\":true,\"valueName\":\"search_term_string\"}}],\"inLanguage\":\"en-US\"},{\"@type\":\"Organization\",\"@id\":\"https:\\\/\\\/jpevlogistics.com\\\/#organization\",\"name\":\"JPEV Logistics\",\"url\":\"https:\\\/\\\/jpevlogistics.com\\\/\",\"logo\":{\"@type\":\"ImageObject\",\"inLanguage\":\"en-US\",\"@id\":\"https:\\\/\\\/jpevlogistics.com\\\/#\\\/schema\\\/logo\\\/image\\\/\",\"url\":\"https:\\\/\\\/jpevlogistics.com\\\/wp-content\\\/uploads\\\/2020\\\/07\\\/logo.png\",\"contentUrl\":\"https:\\\/\\\/jpevlogistics.com\\\/wp-content\\\/uploads\\\/2020\\\/07\\\/logo.png\",\"width\":214,\"height\":81,\"caption\":\"JPEV Logistics\"},\"image\":{\"@id\":\"https:\\\/\\\/jpevlogistics.com\\\/#\\\/schema\\\/logo\\\/image\\\/\"},\"sameAs\":[\"https:\\\/\\\/www.instagram.com\\\/jpevlogistics\\\/\",\"https:\\\/\\\/www.linkedin.com\\\/company\\\/jpev-logistics\\\/\"]},{\"@type\":\"Person\",\"@id\":\"https:\\\/\\\/jpevlogistics.com\\\/#\\\/schema\\\/person\\\/5cb83ed90e4ad10651470058bc190e62\",\"name\":\"horacio\",\"image\":{\"@type\":\"ImageObject\",\"inLanguage\":\"en-US\",\"@id\":\"https:\\\/\\\/secure.gravatar.com\\\/avatar\\\/49ba85a39487c51406dba7224109c3b2296f15c3dd1931dd024e3f540b12ea7d?s=96&d=mm&r=g\",\"url\":\"https:\\\/\\\/secure.gravatar.com\\\/avatar\\\/49ba85a39487c51406dba7224109c3b2296f15c3dd1931dd024e3f540b12ea7d?s=96&d=mm&r=g\",\"contentUrl\":\"https:\\\/\\\/secure.gravatar.com\\\/avatar\\\/49ba85a39487c51406dba7224109c3b2296f15c3dd1931dd024e3f540b12ea7d?s=96&d=mm&r=g\",\"caption\":\"horacio\"},\"url\":\"https:\\\/\\\/jpevlogistics.com\\\/en\\\/author\\\/horacio\\\/\"}]}<\/script>\n<!-- \/ Yoast SEO plugin. -->","yoast_head_json":{"title":"El caos en el transporte mar\u00edtimo provoca problemas en el comercio mundial y escasez de productos - JPEV Logistics","robots":{"index":"index","follow":"follow","max-snippet":"max-snippet:-1","max-image-preview":"max-image-preview:large","max-video-preview":"max-video-preview:-1"},"canonical":"https:\/\/jpevlogistics.com\/en\/el-caos-en-el-transporte-maritimo-provoca-problemas-en-el-comercio-mundial-y-escasez-de-productos\/","og_locale":"en_US","og_type":"article","og_title":"El caos en el transporte mar\u00edtimo provoca problemas en el comercio mundial y escasez de productos - JPEV Logistics","og_description":"Una tormenta perfecta, un efecto domin\u00f3, de mariposa o de l\u00e1tigo. El transporte mar\u00edtimo, que supone el tr\u00e1nsito del 90% de las mercanc\u00edas que se mueven en el mundo, est\u00e1 en el foco en esta recta final de 2021 y trata de poner nombre a su propia situaci\u00f3n de caos. Un tablero donde las piezas, [&hellip;]","og_url":"https:\/\/jpevlogistics.com\/en\/el-caos-en-el-transporte-maritimo-provoca-problemas-en-el-comercio-mundial-y-escasez-de-productos\/","og_site_name":"JPEV Logistics","article_published_time":"2021-12-10T20:51:37+00:00","article_modified_time":"2021-12-10T20:51:38+00:00","og_image":[{"width":1200,"height":675,"url":"https:\/\/jpevlogistics.com\/wp-content\/uploads\/2021\/12\/barco-4.jpg","type":"image\/jpeg"}],"author":"horacio","twitter_card":"summary_large_image","twitter_misc":{"Written by":"horacio","Est. reading time":"7 minutes"},"schema":{"@context":"https:\/\/schema.org","@graph":[{"@type":"Article","@id":"https:\/\/jpevlogistics.com\/el-caos-en-el-transporte-maritimo-provoca-problemas-en-el-comercio-mundial-y-escasez-de-productos\/#article","isPartOf":{"@id":"https:\/\/jpevlogistics.com\/el-caos-en-el-transporte-maritimo-provoca-problemas-en-el-comercio-mundial-y-escasez-de-productos\/"},"author":{"name":"horacio","@id":"https:\/\/jpevlogistics.com\/#\/schema\/person\/5cb83ed90e4ad10651470058bc190e62"},"headline":"El caos en el transporte mar\u00edtimo provoca problemas en el comercio mundial y escasez de productos","datePublished":"2021-12-10T20:51:37+00:00","dateModified":"2021-12-10T20:51:38+00:00","mainEntityOfPage":{"@id":"https:\/\/jpevlogistics.com\/el-caos-en-el-transporte-maritimo-provoca-problemas-en-el-comercio-mundial-y-escasez-de-productos\/"},"wordCount":1457,"commentCount":0,"publisher":{"@id":"https:\/\/jpevlogistics.com\/#organization"},"image":{"@id":"https:\/\/jpevlogistics.com\/el-caos-en-el-transporte-maritimo-provoca-problemas-en-el-comercio-mundial-y-escasez-de-productos\/#primaryimage"},"thumbnailUrl":"https:\/\/jpevlogistics.com\/wp-content\/uploads\/2021\/12\/barco-4.jpg","articleSection":["Sin categor\u00eda"],"inLanguage":"en-US","potentialAction":[{"@type":"CommentAction","name":"Comment","target":["https:\/\/jpevlogistics.com\/el-caos-en-el-transporte-maritimo-provoca-problemas-en-el-comercio-mundial-y-escasez-de-productos\/#respond"]}]},{"@type":"WebPage","@id":"https:\/\/jpevlogistics.com\/el-caos-en-el-transporte-maritimo-provoca-problemas-en-el-comercio-mundial-y-escasez-de-productos\/","url":"https:\/\/jpevlogistics.com\/el-caos-en-el-transporte-maritimo-provoca-problemas-en-el-comercio-mundial-y-escasez-de-productos\/","name":"El caos en el transporte mar\u00edtimo provoca problemas en el comercio mundial y escasez de productos - JPEV Logistics","isPartOf":{"@id":"https:\/\/jpevlogistics.com\/#website"},"primaryImageOfPage":{"@id":"https:\/\/jpevlogistics.com\/el-caos-en-el-transporte-maritimo-provoca-problemas-en-el-comercio-mundial-y-escasez-de-productos\/#primaryimage"},"image":{"@id":"https:\/\/jpevlogistics.com\/el-caos-en-el-transporte-maritimo-provoca-problemas-en-el-comercio-mundial-y-escasez-de-productos\/#primaryimage"},"thumbnailUrl":"https:\/\/jpevlogistics.com\/wp-content\/uploads\/2021\/12\/barco-4.jpg","datePublished":"2021-12-10T20:51:37+00:00","dateModified":"2021-12-10T20:51:38+00:00","breadcrumb":{"@id":"https:\/\/jpevlogistics.com\/el-caos-en-el-transporte-maritimo-provoca-problemas-en-el-comercio-mundial-y-escasez-de-productos\/#breadcrumb"},"inLanguage":"en-US","potentialAction":[{"@type":"ReadAction","target":["https:\/\/jpevlogistics.com\/el-caos-en-el-transporte-maritimo-provoca-problemas-en-el-comercio-mundial-y-escasez-de-productos\/"]}]},{"@type":"ImageObject","inLanguage":"en-US","@id":"https:\/\/jpevlogistics.com\/el-caos-en-el-transporte-maritimo-provoca-problemas-en-el-comercio-mundial-y-escasez-de-productos\/#primaryimage","url":"https:\/\/jpevlogistics.com\/wp-content\/uploads\/2021\/12\/barco-4.jpg","contentUrl":"https:\/\/jpevlogistics.com\/wp-content\/uploads\/2021\/12\/barco-4.jpg","width":1200,"height":675},{"@type":"BreadcrumbList","@id":"https:\/\/jpevlogistics.com\/el-caos-en-el-transporte-maritimo-provoca-problemas-en-el-comercio-mundial-y-escasez-de-productos\/#breadcrumb","itemListElement":[{"@type":"ListItem","position":1,"name":"Portada","item":"https:\/\/jpevlogistics.com\/"},{"@type":"ListItem","position":2,"name":"El caos en el transporte mar\u00edtimo provoca problemas en el comercio mundial y escasez de productos"}]},{"@type":"WebSite","@id":"https:\/\/jpevlogistics.com\/#website","url":"https:\/\/jpevlogistics.com\/","name":"JPEV Logistics","description":"","publisher":{"@id":"https:\/\/jpevlogistics.com\/#organization"},"potentialAction":[{"@type":"SearchAction","target":{"@type":"EntryPoint","urlTemplate":"https:\/\/jpevlogistics.com\/?s={search_term_string}"},"query-input":{"@type":"PropertyValueSpecification","valueRequired":true,"valueName":"search_term_string"}}],"inLanguage":"en-US"},{"@type":"Organization","@id":"https:\/\/jpevlogistics.com\/#organization","name":"JPEV Logistics","url":"https:\/\/jpevlogistics.com\/","logo":{"@type":"ImageObject","inLanguage":"en-US","@id":"https:\/\/jpevlogistics.com\/#\/schema\/logo\/image\/","url":"https:\/\/jpevlogistics.com\/wp-content\/uploads\/2020\/07\/logo.png","contentUrl":"https:\/\/jpevlogistics.com\/wp-content\/uploads\/2020\/07\/logo.png","width":214,"height":81,"caption":"JPEV Logistics"},"image":{"@id":"https:\/\/jpevlogistics.com\/#\/schema\/logo\/image\/"},"sameAs":["https:\/\/www.instagram.com\/jpevlogistics\/","https:\/\/www.linkedin.com\/company\/jpev-logistics\/"]},{"@type":"Person","@id":"https:\/\/jpevlogistics.com\/#\/schema\/person\/5cb83ed90e4ad10651470058bc190e62","name":"horacio","image":{"@type":"ImageObject","inLanguage":"en-US","@id":"https:\/\/secure.gravatar.com\/avatar\/49ba85a39487c51406dba7224109c3b2296f15c3dd1931dd024e3f540b12ea7d?s=96&d=mm&r=g","url":"https:\/\/secure.gravatar.com\/avatar\/49ba85a39487c51406dba7224109c3b2296f15c3dd1931dd024e3f540b12ea7d?s=96&d=mm&r=g","contentUrl":"https:\/\/secure.gravatar.com\/avatar\/49ba85a39487c51406dba7224109c3b2296f15c3dd1931dd024e3f540b12ea7d?s=96&d=mm&r=g","caption":"horacio"},"url":"https:\/\/jpevlogistics.com\/en\/author\/horacio\/"}]}},"_links":{"self":[{"href":"https:\/\/jpevlogistics.com\/en\/wp-json\/wp\/v2\/posts\/1424","targetHints":{"allow":["GET"]}}],"collection":[{"href":"https:\/\/jpevlogistics.com\/en\/wp-json\/wp\/v2\/posts"}],"about":[{"href":"https:\/\/jpevlogistics.com\/en\/wp-json\/wp\/v2\/types\/post"}],"author":[{"embeddable":true,"href":"https:\/\/jpevlogistics.com\/en\/wp-json\/wp\/v2\/users\/4"}],"replies":[{"embeddable":true,"href":"https:\/\/jpevlogistics.com\/en\/wp-json\/wp\/v2\/comments?post=1424"}],"version-history":[{"count":1,"href":"https:\/\/jpevlogistics.com\/en\/wp-json\/wp\/v2\/posts\/1424\/revisions"}],"predecessor-version":[{"id":1426,"href":"https:\/\/jpevlogistics.com\/en\/wp-json\/wp\/v2\/posts\/1424\/revisions\/1426"}],"wp:featuredmedia":[{"embeddable":true,"href":"https:\/\/jpevlogistics.com\/en\/wp-json\/wp\/v2\/media\/1425"}],"wp:attachment":[{"href":"https:\/\/jpevlogistics.com\/en\/wp-json\/wp\/v2\/media?parent=1424"}],"wp:term":[{"taxonomy":"category","embeddable":true,"href":"https:\/\/jpevlogistics.com\/en\/wp-json\/wp\/v2\/categories?post=1424"},{"taxonomy":"post_tag","embeddable":true,"href":"https:\/\/jpevlogistics.com\/en\/wp-json\/wp\/v2\/tags?post=1424"}],"curies":[{"name":"wp","href":"https:\/\/api.w.org\/{rel}","templated":true}]}}