{"id":1462,"date":"2022-03-11T22:07:14","date_gmt":"2022-03-11T22:07:14","guid":{"rendered":"https:\/\/jpevlogistics.com\/?p=1462"},"modified":"2022-03-11T22:07:14","modified_gmt":"2022-03-11T22:07:14","slug":"aumento-de-combustible-en-brasil","status":"publish","type":"post","link":"https:\/\/jpevlogistics.com\/en\/aumento-de-combustible-en-brasil\/","title":{"rendered":"AUMENTO DE COMBUSTIBLE EN BRASIL"},"content":{"rendered":"<p>Afecta al transporte Internacional de cargas en sus tarifas y cumplimientos<\/p>\n\n\n\n<p>Se prevee un nuevo incremento en Flete local,Nacional e Internacional<\/p>\n\n\n\n<p>Seg\u00fan el diario Estado de S\u00e3o Paulo, el asesor de la presidencia de la Confederaci\u00f3n Nacional de Transportistas Aut\u00f3nomos (CNTA) dice que se trata de un paro t\u00e9cnico y sin cortes de ruta. La entidad tambi\u00e9n afirma que \u201cel aumento provoc\u00f3 el colapso del sistema\u201d.<\/p>\n\n\n\n<p>\u2705No hay m\u00e1s remedio que detener el cami\u00f3n\u201d, dice el camionero<\/p>\n\n\n\n<p>\u2705Camioneros: Abrava condena pol\u00edtica de precios de combustibles de Petrobras<\/p>\n\n\n\n<p>\u2705En caso de no haber acuerdo este fin de semana , se dictaminara un paro de camioneros en 4 estados de Brasil que afectara al transporte internacional a partir de ma\u00f1ana 12\/03\/2022<\/p>\n\n\n\n<p>Petrobras anunci\u00f3 este jueves (10), despu\u00e9s de 57 d\u00edas sin aumento de precios,un reajuste del 25% para el di\u00e9sel y del 19% para la gasolina* vendida a las distribuidoras. La empresa estatal ya ven\u00eda aguantando una subida del precio internacional del barril de petr\u00f3leo, pero, con la guerra en Ucrania, opt\u00f3 por las subidas.<\/p>\n\n\n\n<p>El presidente de la Asociaci\u00f3n Brasile\u00f1a de Conductores de Veh\u00edculos Automotores (Abrava), Wallace Landim, alias Chor\u00e3o, uno de los l\u00edderes del paro de camioneros de 2018, explica que todos los productos se encarecer\u00e1n con los aumentos repercutidos en la carga de los camioneros .<\/p>\n\n\n\n<p>INFORMACION RECIENTE<\/p>\n\n\n\n<p><a href=\"https:\/\/www.metropoles.com\/colunas\/guilherme-amado\/alta-do-diesel-lider-caminhoneiro-anuncia-paralisacao-em-4-estados\">https:\/\/www.metropoles.com\/colunas\/guilherme-amado\/alta-do-diesel-lider-caminhoneiro-anuncia-paralisacao-em-4-estados<\/a><\/p>\n\n\n\n<p><\/p>","protected":false},"excerpt":{"rendered":"<p>Afecta al transporte Internacional de cargas en sus tarifas y cumplimientos Se prevee un nuevo incremento en Flete local,Nacional e Internacional Seg\u00fan el diario Estado de S\u00e3o Paulo, el asesor de la presidencia de la Confederaci\u00f3n Nacional de Transportistas Aut\u00f3nomos (CNTA) dice que se trata de un paro t\u00e9cnico y sin cortes de ruta. La [&hellip;]<\/p>\n","protected":false},"author":4,"featured_media":1463,"comment_status":"open","ping_status":"open","sticky":false,"template":"","format":"standard","meta":{"footnotes":""},"categories":[1],"tags":[],"class_list":["post-1462","post","type-post","status-publish","format-standard","has-post-thumbnail","hentry","category-sin-categoria"],"yoast_head":"<!-- This site is optimized with the Yoast SEO plugin v27.4 - https:\/\/yoast.com\/product\/yoast-seo-wordpress\/ -->\n<title>AUMENTO DE COMBUSTIBLE EN BRASIL - JPEV Logistics<\/title>\n<meta name=\"robots\" content=\"index, follow, max-snippet:-1, max-image-preview:large, max-video-preview:-1\" \/>\n<link rel=\"canonical\" href=\"https:\/\/jpevlogistics.com\/en\/aumento-de-combustible-en-brasil\/\" \/>\n<meta property=\"og:locale\" content=\"en_US\" \/>\n<meta property=\"og:type\" content=\"article\" \/>\n<meta property=\"og:title\" content=\"AUMENTO DE COMBUSTIBLE EN BRASIL - JPEV Logistics\" \/>\n<meta property=\"og:description\" content=\"Afecta al transporte Internacional de cargas en sus tarifas y cumplimientos Se prevee un nuevo incremento en Flete local,Nacional e Internacional Seg\u00fan el diario Estado de S\u00e3o Paulo, el asesor de la presidencia de la Confederaci\u00f3n Nacional de Transportistas Aut\u00f3nomos (CNTA) dice que se trata de un paro t\u00e9cnico y sin cortes de ruta. La [&hellip;]\" \/>\n<meta property=\"og:url\" content=\"https:\/\/jpevlogistics.com\/en\/aumento-de-combustible-en-brasil\/\" \/>\n<meta property=\"og:site_name\" content=\"JPEV Logistics\" \/>\n<meta property=\"article:published_time\" content=\"2022-03-11T22:07:14+00:00\" \/>\n<meta property=\"og:image\" content=\"https:\/\/jpevlogistics.com\/wp-content\/uploads\/2022\/03\/transporte-carga.jpg\" \/>\n\t<meta property=\"og:image:width\" content=\"960\" \/>\n\t<meta property=\"og:image:height\" content=\"426\" \/>\n\t<meta property=\"og:image:type\" content=\"image\/jpeg\" \/>\n<meta name=\"author\" content=\"horacio\" \/>\n<meta name=\"twitter:card\" content=\"summary_large_image\" \/>\n<meta name=\"twitter:label1\" content=\"Written by\" \/>\n\t<meta name=\"twitter:data1\" content=\"horacio\" \/>\n\t<meta name=\"twitter:label2\" content=\"Est. reading time\" \/>\n\t<meta name=\"twitter:data2\" content=\"1 minute\" \/>\n<script type=\"application\/ld+json\" class=\"yoast-schema-graph\">{\"@context\":\"https:\\\/\\\/schema.org\",\"@graph\":[{\"@type\":\"Article\",\"@id\":\"https:\\\/\\\/jpevlogistics.com\\\/aumento-de-combustible-en-brasil\\\/#article\",\"isPartOf\":{\"@id\":\"https:\\\/\\\/jpevlogistics.com\\\/aumento-de-combustible-en-brasil\\\/\"},\"author\":{\"name\":\"horacio\",\"@id\":\"https:\\\/\\\/jpevlogistics.com\\\/#\\\/schema\\\/person\\\/5cb83ed90e4ad10651470058bc190e62\"},\"headline\":\"AUMENTO DE COMBUSTIBLE EN BRASIL\",\"datePublished\":\"2022-03-11T22:07:14+00:00\",\"mainEntityOfPage\":{\"@id\":\"https:\\\/\\\/jpevlogistics.com\\\/aumento-de-combustible-en-brasil\\\/\"},\"wordCount\":246,\"commentCount\":0,\"publisher\":{\"@id\":\"https:\\\/\\\/jpevlogistics.com\\\/#organization\"},\"image\":{\"@id\":\"https:\\\/\\\/jpevlogistics.com\\\/aumento-de-combustible-en-brasil\\\/#primaryimage\"},\"thumbnailUrl\":\"https:\\\/\\\/jpevlogistics.com\\\/wp-content\\\/uploads\\\/2022\\\/03\\\/transporte-carga.jpg\",\"articleSection\":[\"Sin categor\u00eda\"],\"inLanguage\":\"en-US\",\"potentialAction\":[{\"@type\":\"CommentAction\",\"name\":\"Comment\",\"target\":[\"https:\\\/\\\/jpevlogistics.com\\\/aumento-de-combustible-en-brasil\\\/#respond\"]}]},{\"@type\":\"WebPage\",\"@id\":\"https:\\\/\\\/jpevlogistics.com\\\/aumento-de-combustible-en-brasil\\\/\",\"url\":\"https:\\\/\\\/jpevlogistics.com\\\/aumento-de-combustible-en-brasil\\\/\",\"name\":\"AUMENTO DE COMBUSTIBLE EN BRASIL - JPEV Logistics\",\"isPartOf\":{\"@id\":\"https:\\\/\\\/jpevlogistics.com\\\/#website\"},\"primaryImageOfPage\":{\"@id\":\"https:\\\/\\\/jpevlogistics.com\\\/aumento-de-combustible-en-brasil\\\/#primaryimage\"},\"image\":{\"@id\":\"https:\\\/\\\/jpevlogistics.com\\\/aumento-de-combustible-en-brasil\\\/#primaryimage\"},\"thumbnailUrl\":\"https:\\\/\\\/jpevlogistics.com\\\/wp-content\\\/uploads\\\/2022\\\/03\\\/transporte-carga.jpg\",\"datePublished\":\"2022-03-11T22:07:14+00:00\",\"breadcrumb\":{\"@id\":\"https:\\\/\\\/jpevlogistics.com\\\/aumento-de-combustible-en-brasil\\\/#breadcrumb\"},\"inLanguage\":\"en-US\",\"potentialAction\":[{\"@type\":\"ReadAction\",\"target\":[\"https:\\\/\\\/jpevlogistics.com\\\/aumento-de-combustible-en-brasil\\\/\"]}]},{\"@type\":\"ImageObject\",\"inLanguage\":\"en-US\",\"@id\":\"https:\\\/\\\/jpevlogistics.com\\\/aumento-de-combustible-en-brasil\\\/#primaryimage\",\"url\":\"https:\\\/\\\/jpevlogistics.com\\\/wp-content\\\/uploads\\\/2022\\\/03\\\/transporte-carga.jpg\",\"contentUrl\":\"https:\\\/\\\/jpevlogistics.com\\\/wp-content\\\/uploads\\\/2022\\\/03\\\/transporte-carga.jpg\",\"width\":960,\"height\":426},{\"@type\":\"BreadcrumbList\",\"@id\":\"https:\\\/\\\/jpevlogistics.com\\\/aumento-de-combustible-en-brasil\\\/#breadcrumb\",\"itemListElement\":[{\"@type\":\"ListItem\",\"position\":1,\"name\":\"Portada\",\"item\":\"https:\\\/\\\/jpevlogistics.com\\\/\"},{\"@type\":\"ListItem\",\"position\":2,\"name\":\"AUMENTO DE COMBUSTIBLE EN BRASIL\"}]},{\"@type\":\"WebSite\",\"@id\":\"https:\\\/\\\/jpevlogistics.com\\\/#website\",\"url\":\"https:\\\/\\\/jpevlogistics.com\\\/\",\"name\":\"JPEV Logistics\",\"description\":\"\",\"publisher\":{\"@id\":\"https:\\\/\\\/jpevlogistics.com\\\/#organization\"},\"potentialAction\":[{\"@type\":\"SearchAction\",\"target\":{\"@type\":\"EntryPoint\",\"urlTemplate\":\"https:\\\/\\\/jpevlogistics.com\\\/?s={search_term_string}\"},\"query-input\":{\"@type\":\"PropertyValueSpecification\",\"valueRequired\":true,\"valueName\":\"search_term_string\"}}],\"inLanguage\":\"en-US\"},{\"@type\":\"Organization\",\"@id\":\"https:\\\/\\\/jpevlogistics.com\\\/#organization\",\"name\":\"JPEV Logistics\",\"url\":\"https:\\\/\\\/jpevlogistics.com\\\/\",\"logo\":{\"@type\":\"ImageObject\",\"inLanguage\":\"en-US\",\"@id\":\"https:\\\/\\\/jpevlogistics.com\\\/#\\\/schema\\\/logo\\\/image\\\/\",\"url\":\"https:\\\/\\\/jpevlogistics.com\\\/wp-content\\\/uploads\\\/2020\\\/07\\\/logo.png\",\"contentUrl\":\"https:\\\/\\\/jpevlogistics.com\\\/wp-content\\\/uploads\\\/2020\\\/07\\\/logo.png\",\"width\":214,\"height\":81,\"caption\":\"JPEV Logistics\"},\"image\":{\"@id\":\"https:\\\/\\\/jpevlogistics.com\\\/#\\\/schema\\\/logo\\\/image\\\/\"},\"sameAs\":[\"https:\\\/\\\/www.instagram.com\\\/jpevlogistics\\\/\",\"https:\\\/\\\/www.linkedin.com\\\/company\\\/jpev-logistics\\\/\"]},{\"@type\":\"Person\",\"@id\":\"https:\\\/\\\/jpevlogistics.com\\\/#\\\/schema\\\/person\\\/5cb83ed90e4ad10651470058bc190e62\",\"name\":\"horacio\",\"image\":{\"@type\":\"ImageObject\",\"inLanguage\":\"en-US\",\"@id\":\"https:\\\/\\\/secure.gravatar.com\\\/avatar\\\/49ba85a39487c51406dba7224109c3b2296f15c3dd1931dd024e3f540b12ea7d?s=96&d=mm&r=g\",\"url\":\"https:\\\/\\\/secure.gravatar.com\\\/avatar\\\/49ba85a39487c51406dba7224109c3b2296f15c3dd1931dd024e3f540b12ea7d?s=96&d=mm&r=g\",\"contentUrl\":\"https:\\\/\\\/secure.gravatar.com\\\/avatar\\\/49ba85a39487c51406dba7224109c3b2296f15c3dd1931dd024e3f540b12ea7d?s=96&d=mm&r=g\",\"caption\":\"horacio\"},\"url\":\"https:\\\/\\\/jpevlogistics.com\\\/en\\\/author\\\/horacio\\\/\"}]}<\/script>\n<!-- \/ Yoast SEO plugin. -->","yoast_head_json":{"title":"AUMENTO DE COMBUSTIBLE EN BRASIL - JPEV Logistics","robots":{"index":"index","follow":"follow","max-snippet":"max-snippet:-1","max-image-preview":"max-image-preview:large","max-video-preview":"max-video-preview:-1"},"canonical":"https:\/\/jpevlogistics.com\/en\/aumento-de-combustible-en-brasil\/","og_locale":"en_US","og_type":"article","og_title":"AUMENTO DE COMBUSTIBLE EN BRASIL - JPEV Logistics","og_description":"Afecta al transporte Internacional de cargas en sus tarifas y cumplimientos Se prevee un nuevo incremento en Flete local,Nacional e Internacional Seg\u00fan el diario Estado de S\u00e3o Paulo, el asesor de la presidencia de la Confederaci\u00f3n Nacional de Transportistas Aut\u00f3nomos (CNTA) dice que se trata de un paro t\u00e9cnico y sin cortes de ruta. La [&hellip;]","og_url":"https:\/\/jpevlogistics.com\/en\/aumento-de-combustible-en-brasil\/","og_site_name":"JPEV Logistics","article_published_time":"2022-03-11T22:07:14+00:00","og_image":[{"width":960,"height":426,"url":"https:\/\/jpevlogistics.com\/wp-content\/uploads\/2022\/03\/transporte-carga.jpg","type":"image\/jpeg"}],"author":"horacio","twitter_card":"summary_large_image","twitter_misc":{"Written by":"horacio","Est. reading time":"1 minute"},"schema":{"@context":"https:\/\/schema.org","@graph":[{"@type":"Article","@id":"https:\/\/jpevlogistics.com\/aumento-de-combustible-en-brasil\/#article","isPartOf":{"@id":"https:\/\/jpevlogistics.com\/aumento-de-combustible-en-brasil\/"},"author":{"name":"horacio","@id":"https:\/\/jpevlogistics.com\/#\/schema\/person\/5cb83ed90e4ad10651470058bc190e62"},"headline":"AUMENTO DE COMBUSTIBLE EN BRASIL","datePublished":"2022-03-11T22:07:14+00:00","mainEntityOfPage":{"@id":"https:\/\/jpevlogistics.com\/aumento-de-combustible-en-brasil\/"},"wordCount":246,"commentCount":0,"publisher":{"@id":"https:\/\/jpevlogistics.com\/#organization"},"image":{"@id":"https:\/\/jpevlogistics.com\/aumento-de-combustible-en-brasil\/#primaryimage"},"thumbnailUrl":"https:\/\/jpevlogistics.com\/wp-content\/uploads\/2022\/03\/transporte-carga.jpg","articleSection":["Sin categor\u00eda"],"inLanguage":"en-US","potentialAction":[{"@type":"CommentAction","name":"Comment","target":["https:\/\/jpevlogistics.com\/aumento-de-combustible-en-brasil\/#respond"]}]},{"@type":"WebPage","@id":"https:\/\/jpevlogistics.com\/aumento-de-combustible-en-brasil\/","url":"https:\/\/jpevlogistics.com\/aumento-de-combustible-en-brasil\/","name":"AUMENTO DE COMBUSTIBLE EN BRASIL - JPEV Logistics","isPartOf":{"@id":"https:\/\/jpevlogistics.com\/#website"},"primaryImageOfPage":{"@id":"https:\/\/jpevlogistics.com\/aumento-de-combustible-en-brasil\/#primaryimage"},"image":{"@id":"https:\/\/jpevlogistics.com\/aumento-de-combustible-en-brasil\/#primaryimage"},"thumbnailUrl":"https:\/\/jpevlogistics.com\/wp-content\/uploads\/2022\/03\/transporte-carga.jpg","datePublished":"2022-03-11T22:07:14+00:00","breadcrumb":{"@id":"https:\/\/jpevlogistics.com\/aumento-de-combustible-en-brasil\/#breadcrumb"},"inLanguage":"en-US","potentialAction":[{"@type":"ReadAction","target":["https:\/\/jpevlogistics.com\/aumento-de-combustible-en-brasil\/"]}]},{"@type":"ImageObject","inLanguage":"en-US","@id":"https:\/\/jpevlogistics.com\/aumento-de-combustible-en-brasil\/#primaryimage","url":"https:\/\/jpevlogistics.com\/wp-content\/uploads\/2022\/03\/transporte-carga.jpg","contentUrl":"https:\/\/jpevlogistics.com\/wp-content\/uploads\/2022\/03\/transporte-carga.jpg","width":960,"height":426},{"@type":"BreadcrumbList","@id":"https:\/\/jpevlogistics.com\/aumento-de-combustible-en-brasil\/#breadcrumb","itemListElement":[{"@type":"ListItem","position":1,"name":"Portada","item":"https:\/\/jpevlogistics.com\/"},{"@type":"ListItem","position":2,"name":"AUMENTO DE COMBUSTIBLE EN BRASIL"}]},{"@type":"WebSite","@id":"https:\/\/jpevlogistics.com\/#website","url":"https:\/\/jpevlogistics.com\/","name":"JPEV Logistics","description":"","publisher":{"@id":"https:\/\/jpevlogistics.com\/#organization"},"potentialAction":[{"@type":"SearchAction","target":{"@type":"EntryPoint","urlTemplate":"https:\/\/jpevlogistics.com\/?s={search_term_string}"},"query-input":{"@type":"PropertyValueSpecification","valueRequired":true,"valueName":"search_term_string"}}],"inLanguage":"en-US"},{"@type":"Organization","@id":"https:\/\/jpevlogistics.com\/#organization","name":"JPEV Logistics","url":"https:\/\/jpevlogistics.com\/","logo":{"@type":"ImageObject","inLanguage":"en-US","@id":"https:\/\/jpevlogistics.com\/#\/schema\/logo\/image\/","url":"https:\/\/jpevlogistics.com\/wp-content\/uploads\/2020\/07\/logo.png","contentUrl":"https:\/\/jpevlogistics.com\/wp-content\/uploads\/2020\/07\/logo.png","width":214,"height":81,"caption":"JPEV Logistics"},"image":{"@id":"https:\/\/jpevlogistics.com\/#\/schema\/logo\/image\/"},"sameAs":["https:\/\/www.instagram.com\/jpevlogistics\/","https:\/\/www.linkedin.com\/company\/jpev-logistics\/"]},{"@type":"Person","@id":"https:\/\/jpevlogistics.com\/#\/schema\/person\/5cb83ed90e4ad10651470058bc190e62","name":"horacio","image":{"@type":"ImageObject","inLanguage":"en-US","@id":"https:\/\/secure.gravatar.com\/avatar\/49ba85a39487c51406dba7224109c3b2296f15c3dd1931dd024e3f540b12ea7d?s=96&d=mm&r=g","url":"https:\/\/secure.gravatar.com\/avatar\/49ba85a39487c51406dba7224109c3b2296f15c3dd1931dd024e3f540b12ea7d?s=96&d=mm&r=g","contentUrl":"https:\/\/secure.gravatar.com\/avatar\/49ba85a39487c51406dba7224109c3b2296f15c3dd1931dd024e3f540b12ea7d?s=96&d=mm&r=g","caption":"horacio"},"url":"https:\/\/jpevlogistics.com\/en\/author\/horacio\/"}]}},"_links":{"self":[{"href":"https:\/\/jpevlogistics.com\/en\/wp-json\/wp\/v2\/posts\/1462","targetHints":{"allow":["GET"]}}],"collection":[{"href":"https:\/\/jpevlogistics.com\/en\/wp-json\/wp\/v2\/posts"}],"about":[{"href":"https:\/\/jpevlogistics.com\/en\/wp-json\/wp\/v2\/types\/post"}],"author":[{"embeddable":true,"href":"https:\/\/jpevlogistics.com\/en\/wp-json\/wp\/v2\/users\/4"}],"replies":[{"embeddable":true,"href":"https:\/\/jpevlogistics.com\/en\/wp-json\/wp\/v2\/comments?post=1462"}],"version-history":[{"count":1,"href":"https:\/\/jpevlogistics.com\/en\/wp-json\/wp\/v2\/posts\/1462\/revisions"}],"predecessor-version":[{"id":1464,"href":"https:\/\/jpevlogistics.com\/en\/wp-json\/wp\/v2\/posts\/1462\/revisions\/1464"}],"wp:featuredmedia":[{"embeddable":true,"href":"https:\/\/jpevlogistics.com\/en\/wp-json\/wp\/v2\/media\/1463"}],"wp:attachment":[{"href":"https:\/\/jpevlogistics.com\/en\/wp-json\/wp\/v2\/media?parent=1462"}],"wp:term":[{"taxonomy":"category","embeddable":true,"href":"https:\/\/jpevlogistics.com\/en\/wp-json\/wp\/v2\/categories?post=1462"},{"taxonomy":"post_tag","embeddable":true,"href":"https:\/\/jpevlogistics.com\/en\/wp-json\/wp\/v2\/tags?post=1462"}],"curies":[{"name":"wp","href":"https:\/\/api.w.org\/{rel}","templated":true}]}}