{"id":1661,"date":"2022-08-24T16:55:12","date_gmt":"2022-08-24T16:55:12","guid":{"rendered":"https:\/\/jpevlogistics.com\/?p=1661"},"modified":"2022-08-24T16:55:12","modified_gmt":"2022-08-24T16:55:12","slug":"posible-mejoras-de-tarifas-de-flete-a-partir-del-2023","status":"publish","type":"post","link":"https:\/\/jpevlogistics.com\/en\/posible-mejoras-de-tarifas-de-flete-a-partir-del-2023\/","title":{"rendered":"Posible mejoras de tarifas de flete a partir del 2023"},"content":{"rendered":"<p>Seg\u00fan las grandes compa\u00f1\u00edas navieras , han informado que a partir del a\u00f1o 2023 , podr\u00eda mejorar las tarifas de fletes mar\u00edtimos, por el momento la excases de contenedores y los altos costos operativos generados por una inflaci\u00f3n mundial hacen que las tarifas aun sigan en su m\u00e1ximo hist\u00f3rico, de igual manera sigue la crisis de falta de espacios como de contenedores en los puertos BASE a nivel mundial .<\/p>\n\n\n\n<p><\/p>","protected":false},"excerpt":{"rendered":"<p>Seg\u00fan las grandes compa\u00f1\u00edas navieras , han informado que a partir del a\u00f1o 2023 , podr\u00eda mejorar las tarifas de fletes mar\u00edtimos, por el momento la excases de contenedores y los altos costos operativos generados por una inflaci\u00f3n mundial hacen que las tarifas aun sigan en su m\u00e1ximo hist\u00f3rico, de igual manera sigue la crisis [&hellip;]<\/p>\n","protected":false},"author":4,"featured_media":1662,"comment_status":"open","ping_status":"open","sticky":false,"template":"","format":"standard","meta":{"footnotes":""},"categories":[1],"tags":[],"class_list":["post-1661","post","type-post","status-publish","format-standard","has-post-thumbnail","hentry","category-sin-categoria"],"yoast_head":"<!-- This site is optimized with the Yoast SEO plugin v27.4 - https:\/\/yoast.com\/product\/yoast-seo-wordpress\/ -->\n<title>Posible mejoras de tarifas de flete a partir del 2023 - JPEV Logistics<\/title>\n<meta name=\"robots\" content=\"index, follow, max-snippet:-1, max-image-preview:large, max-video-preview:-1\" \/>\n<link rel=\"canonical\" href=\"https:\/\/jpevlogistics.com\/en\/posible-mejoras-de-tarifas-de-flete-a-partir-del-2023\/\" \/>\n<meta property=\"og:locale\" content=\"en_US\" \/>\n<meta property=\"og:type\" content=\"article\" \/>\n<meta property=\"og:title\" content=\"Posible mejoras de tarifas de flete a partir del 2023 - JPEV Logistics\" \/>\n<meta property=\"og:description\" content=\"Seg\u00fan las grandes compa\u00f1\u00edas navieras , han informado que a partir del a\u00f1o 2023 , podr\u00eda mejorar las tarifas de fletes mar\u00edtimos, por el momento la excases de contenedores y los altos costos operativos generados por una inflaci\u00f3n mundial hacen que las tarifas aun sigan en su m\u00e1ximo hist\u00f3rico, de igual manera sigue la crisis [&hellip;]\" \/>\n<meta property=\"og:url\" content=\"https:\/\/jpevlogistics.com\/en\/posible-mejoras-de-tarifas-de-flete-a-partir-del-2023\/\" \/>\n<meta property=\"og:site_name\" content=\"JPEV Logistics\" \/>\n<meta property=\"article:published_time\" content=\"2022-08-24T16:55:12+00:00\" \/>\n<meta property=\"og:image\" content=\"https:\/\/jpevlogistics.com\/wp-content\/uploads\/2022\/08\/barco-5.jpg\" \/>\n\t<meta property=\"og:image:width\" content=\"1284\" \/>\n\t<meta property=\"og:image:height\" content=\"1290\" \/>\n\t<meta property=\"og:image:type\" content=\"image\/jpeg\" \/>\n<meta name=\"author\" content=\"horacio\" \/>\n<meta name=\"twitter:card\" content=\"summary_large_image\" \/>\n<meta name=\"twitter:label1\" content=\"Written by\" \/>\n\t<meta name=\"twitter:data1\" content=\"horacio\" \/>\n\t<meta name=\"twitter:label2\" content=\"Est. reading time\" \/>\n\t<meta name=\"twitter:data2\" content=\"1 minute\" \/>\n<script type=\"application\/ld+json\" class=\"yoast-schema-graph\">{\"@context\":\"https:\\\/\\\/schema.org\",\"@graph\":[{\"@type\":\"Article\",\"@id\":\"https:\\\/\\\/jpevlogistics.com\\\/en\\\/posible-mejoras-de-tarifas-de-flete-a-partir-del-2023\\\/#article\",\"isPartOf\":{\"@id\":\"https:\\\/\\\/jpevlogistics.com\\\/en\\\/posible-mejoras-de-tarifas-de-flete-a-partir-del-2023\\\/\"},\"author\":{\"name\":\"horacio\",\"@id\":\"https:\\\/\\\/jpevlogistics.com\\\/#\\\/schema\\\/person\\\/5cb83ed90e4ad10651470058bc190e62\"},\"headline\":\"Posible mejoras de tarifas de flete a partir del 2023\",\"datePublished\":\"2022-08-24T16:55:12+00:00\",\"mainEntityOfPage\":{\"@id\":\"https:\\\/\\\/jpevlogistics.com\\\/en\\\/posible-mejoras-de-tarifas-de-flete-a-partir-del-2023\\\/\"},\"wordCount\":83,\"commentCount\":0,\"publisher\":{\"@id\":\"https:\\\/\\\/jpevlogistics.com\\\/#organization\"},\"image\":{\"@id\":\"https:\\\/\\\/jpevlogistics.com\\\/en\\\/posible-mejoras-de-tarifas-de-flete-a-partir-del-2023\\\/#primaryimage\"},\"thumbnailUrl\":\"https:\\\/\\\/jpevlogistics.com\\\/wp-content\\\/uploads\\\/2022\\\/08\\\/barco-5.jpg\",\"articleSection\":[\"Sin categor\u00eda\"],\"inLanguage\":\"en-US\",\"potentialAction\":[{\"@type\":\"CommentAction\",\"name\":\"Comment\",\"target\":[\"https:\\\/\\\/jpevlogistics.com\\\/en\\\/posible-mejoras-de-tarifas-de-flete-a-partir-del-2023\\\/#respond\"]}]},{\"@type\":\"WebPage\",\"@id\":\"https:\\\/\\\/jpevlogistics.com\\\/en\\\/posible-mejoras-de-tarifas-de-flete-a-partir-del-2023\\\/\",\"url\":\"https:\\\/\\\/jpevlogistics.com\\\/en\\\/posible-mejoras-de-tarifas-de-flete-a-partir-del-2023\\\/\",\"name\":\"Posible mejoras de tarifas de flete a partir del 2023 - JPEV Logistics\",\"isPartOf\":{\"@id\":\"https:\\\/\\\/jpevlogistics.com\\\/#website\"},\"primaryImageOfPage\":{\"@id\":\"https:\\\/\\\/jpevlogistics.com\\\/en\\\/posible-mejoras-de-tarifas-de-flete-a-partir-del-2023\\\/#primaryimage\"},\"image\":{\"@id\":\"https:\\\/\\\/jpevlogistics.com\\\/en\\\/posible-mejoras-de-tarifas-de-flete-a-partir-del-2023\\\/#primaryimage\"},\"thumbnailUrl\":\"https:\\\/\\\/jpevlogistics.com\\\/wp-content\\\/uploads\\\/2022\\\/08\\\/barco-5.jpg\",\"datePublished\":\"2022-08-24T16:55:12+00:00\",\"breadcrumb\":{\"@id\":\"https:\\\/\\\/jpevlogistics.com\\\/en\\\/posible-mejoras-de-tarifas-de-flete-a-partir-del-2023\\\/#breadcrumb\"},\"inLanguage\":\"en-US\",\"potentialAction\":[{\"@type\":\"ReadAction\",\"target\":[\"https:\\\/\\\/jpevlogistics.com\\\/en\\\/posible-mejoras-de-tarifas-de-flete-a-partir-del-2023\\\/\"]}]},{\"@type\":\"ImageObject\",\"inLanguage\":\"en-US\",\"@id\":\"https:\\\/\\\/jpevlogistics.com\\\/en\\\/posible-mejoras-de-tarifas-de-flete-a-partir-del-2023\\\/#primaryimage\",\"url\":\"https:\\\/\\\/jpevlogistics.com\\\/wp-content\\\/uploads\\\/2022\\\/08\\\/barco-5.jpg\",\"contentUrl\":\"https:\\\/\\\/jpevlogistics.com\\\/wp-content\\\/uploads\\\/2022\\\/08\\\/barco-5.jpg\",\"width\":1284,\"height\":1290},{\"@type\":\"BreadcrumbList\",\"@id\":\"https:\\\/\\\/jpevlogistics.com\\\/en\\\/posible-mejoras-de-tarifas-de-flete-a-partir-del-2023\\\/#breadcrumb\",\"itemListElement\":[{\"@type\":\"ListItem\",\"position\":1,\"name\":\"Portada\",\"item\":\"https:\\\/\\\/jpevlogistics.com\\\/\"},{\"@type\":\"ListItem\",\"position\":2,\"name\":\"Posible mejoras de tarifas de flete a partir del 2023\"}]},{\"@type\":\"WebSite\",\"@id\":\"https:\\\/\\\/jpevlogistics.com\\\/#website\",\"url\":\"https:\\\/\\\/jpevlogistics.com\\\/\",\"name\":\"JPEV Logistics\",\"description\":\"\",\"publisher\":{\"@id\":\"https:\\\/\\\/jpevlogistics.com\\\/#organization\"},\"potentialAction\":[{\"@type\":\"SearchAction\",\"target\":{\"@type\":\"EntryPoint\",\"urlTemplate\":\"https:\\\/\\\/jpevlogistics.com\\\/?s={search_term_string}\"},\"query-input\":{\"@type\":\"PropertyValueSpecification\",\"valueRequired\":true,\"valueName\":\"search_term_string\"}}],\"inLanguage\":\"en-US\"},{\"@type\":\"Organization\",\"@id\":\"https:\\\/\\\/jpevlogistics.com\\\/#organization\",\"name\":\"JPEV Logistics\",\"url\":\"https:\\\/\\\/jpevlogistics.com\\\/\",\"logo\":{\"@type\":\"ImageObject\",\"inLanguage\":\"en-US\",\"@id\":\"https:\\\/\\\/jpevlogistics.com\\\/#\\\/schema\\\/logo\\\/image\\\/\",\"url\":\"https:\\\/\\\/jpevlogistics.com\\\/wp-content\\\/uploads\\\/2020\\\/07\\\/logo.png\",\"contentUrl\":\"https:\\\/\\\/jpevlogistics.com\\\/wp-content\\\/uploads\\\/2020\\\/07\\\/logo.png\",\"width\":214,\"height\":81,\"caption\":\"JPEV Logistics\"},\"image\":{\"@id\":\"https:\\\/\\\/jpevlogistics.com\\\/#\\\/schema\\\/logo\\\/image\\\/\"},\"sameAs\":[\"https:\\\/\\\/www.instagram.com\\\/jpevlogistics\\\/\",\"https:\\\/\\\/www.linkedin.com\\\/company\\\/jpev-logistics\\\/\"]},{\"@type\":\"Person\",\"@id\":\"https:\\\/\\\/jpevlogistics.com\\\/#\\\/schema\\\/person\\\/5cb83ed90e4ad10651470058bc190e62\",\"name\":\"horacio\",\"image\":{\"@type\":\"ImageObject\",\"inLanguage\":\"en-US\",\"@id\":\"https:\\\/\\\/secure.gravatar.com\\\/avatar\\\/49ba85a39487c51406dba7224109c3b2296f15c3dd1931dd024e3f540b12ea7d?s=96&d=mm&r=g\",\"url\":\"https:\\\/\\\/secure.gravatar.com\\\/avatar\\\/49ba85a39487c51406dba7224109c3b2296f15c3dd1931dd024e3f540b12ea7d?s=96&d=mm&r=g\",\"contentUrl\":\"https:\\\/\\\/secure.gravatar.com\\\/avatar\\\/49ba85a39487c51406dba7224109c3b2296f15c3dd1931dd024e3f540b12ea7d?s=96&d=mm&r=g\",\"caption\":\"horacio\"},\"url\":\"https:\\\/\\\/jpevlogistics.com\\\/en\\\/author\\\/horacio\\\/\"}]}<\/script>\n<!-- \/ Yoast SEO plugin. -->","yoast_head_json":{"title":"Posible mejoras de tarifas de flete a partir del 2023 - JPEV Logistics","robots":{"index":"index","follow":"follow","max-snippet":"max-snippet:-1","max-image-preview":"max-image-preview:large","max-video-preview":"max-video-preview:-1"},"canonical":"https:\/\/jpevlogistics.com\/en\/posible-mejoras-de-tarifas-de-flete-a-partir-del-2023\/","og_locale":"en_US","og_type":"article","og_title":"Posible mejoras de tarifas de flete a partir del 2023 - JPEV Logistics","og_description":"Seg\u00fan las grandes compa\u00f1\u00edas navieras , han informado que a partir del a\u00f1o 2023 , podr\u00eda mejorar las tarifas de fletes mar\u00edtimos, por el momento la excases de contenedores y los altos costos operativos generados por una inflaci\u00f3n mundial hacen que las tarifas aun sigan en su m\u00e1ximo hist\u00f3rico, de igual manera sigue la crisis [&hellip;]","og_url":"https:\/\/jpevlogistics.com\/en\/posible-mejoras-de-tarifas-de-flete-a-partir-del-2023\/","og_site_name":"JPEV Logistics","article_published_time":"2022-08-24T16:55:12+00:00","og_image":[{"width":1284,"height":1290,"url":"https:\/\/jpevlogistics.com\/wp-content\/uploads\/2022\/08\/barco-5.jpg","type":"image\/jpeg"}],"author":"horacio","twitter_card":"summary_large_image","twitter_misc":{"Written by":"horacio","Est. reading time":"1 minute"},"schema":{"@context":"https:\/\/schema.org","@graph":[{"@type":"Article","@id":"https:\/\/jpevlogistics.com\/en\/posible-mejoras-de-tarifas-de-flete-a-partir-del-2023\/#article","isPartOf":{"@id":"https:\/\/jpevlogistics.com\/en\/posible-mejoras-de-tarifas-de-flete-a-partir-del-2023\/"},"author":{"name":"horacio","@id":"https:\/\/jpevlogistics.com\/#\/schema\/person\/5cb83ed90e4ad10651470058bc190e62"},"headline":"Posible mejoras de tarifas de flete a partir del 2023","datePublished":"2022-08-24T16:55:12+00:00","mainEntityOfPage":{"@id":"https:\/\/jpevlogistics.com\/en\/posible-mejoras-de-tarifas-de-flete-a-partir-del-2023\/"},"wordCount":83,"commentCount":0,"publisher":{"@id":"https:\/\/jpevlogistics.com\/#organization"},"image":{"@id":"https:\/\/jpevlogistics.com\/en\/posible-mejoras-de-tarifas-de-flete-a-partir-del-2023\/#primaryimage"},"thumbnailUrl":"https:\/\/jpevlogistics.com\/wp-content\/uploads\/2022\/08\/barco-5.jpg","articleSection":["Sin categor\u00eda"],"inLanguage":"en-US","potentialAction":[{"@type":"CommentAction","name":"Comment","target":["https:\/\/jpevlogistics.com\/en\/posible-mejoras-de-tarifas-de-flete-a-partir-del-2023\/#respond"]}]},{"@type":"WebPage","@id":"https:\/\/jpevlogistics.com\/en\/posible-mejoras-de-tarifas-de-flete-a-partir-del-2023\/","url":"https:\/\/jpevlogistics.com\/en\/posible-mejoras-de-tarifas-de-flete-a-partir-del-2023\/","name":"Posible mejoras de tarifas de flete a partir del 2023 - JPEV Logistics","isPartOf":{"@id":"https:\/\/jpevlogistics.com\/#website"},"primaryImageOfPage":{"@id":"https:\/\/jpevlogistics.com\/en\/posible-mejoras-de-tarifas-de-flete-a-partir-del-2023\/#primaryimage"},"image":{"@id":"https:\/\/jpevlogistics.com\/en\/posible-mejoras-de-tarifas-de-flete-a-partir-del-2023\/#primaryimage"},"thumbnailUrl":"https:\/\/jpevlogistics.com\/wp-content\/uploads\/2022\/08\/barco-5.jpg","datePublished":"2022-08-24T16:55:12+00:00","breadcrumb":{"@id":"https:\/\/jpevlogistics.com\/en\/posible-mejoras-de-tarifas-de-flete-a-partir-del-2023\/#breadcrumb"},"inLanguage":"en-US","potentialAction":[{"@type":"ReadAction","target":["https:\/\/jpevlogistics.com\/en\/posible-mejoras-de-tarifas-de-flete-a-partir-del-2023\/"]}]},{"@type":"ImageObject","inLanguage":"en-US","@id":"https:\/\/jpevlogistics.com\/en\/posible-mejoras-de-tarifas-de-flete-a-partir-del-2023\/#primaryimage","url":"https:\/\/jpevlogistics.com\/wp-content\/uploads\/2022\/08\/barco-5.jpg","contentUrl":"https:\/\/jpevlogistics.com\/wp-content\/uploads\/2022\/08\/barco-5.jpg","width":1284,"height":1290},{"@type":"BreadcrumbList","@id":"https:\/\/jpevlogistics.com\/en\/posible-mejoras-de-tarifas-de-flete-a-partir-del-2023\/#breadcrumb","itemListElement":[{"@type":"ListItem","position":1,"name":"Portada","item":"https:\/\/jpevlogistics.com\/"},{"@type":"ListItem","position":2,"name":"Posible mejoras de tarifas de flete a partir del 2023"}]},{"@type":"WebSite","@id":"https:\/\/jpevlogistics.com\/#website","url":"https:\/\/jpevlogistics.com\/","name":"JPEV Logistics","description":"","publisher":{"@id":"https:\/\/jpevlogistics.com\/#organization"},"potentialAction":[{"@type":"SearchAction","target":{"@type":"EntryPoint","urlTemplate":"https:\/\/jpevlogistics.com\/?s={search_term_string}"},"query-input":{"@type":"PropertyValueSpecification","valueRequired":true,"valueName":"search_term_string"}}],"inLanguage":"en-US"},{"@type":"Organization","@id":"https:\/\/jpevlogistics.com\/#organization","name":"JPEV Logistics","url":"https:\/\/jpevlogistics.com\/","logo":{"@type":"ImageObject","inLanguage":"en-US","@id":"https:\/\/jpevlogistics.com\/#\/schema\/logo\/image\/","url":"https:\/\/jpevlogistics.com\/wp-content\/uploads\/2020\/07\/logo.png","contentUrl":"https:\/\/jpevlogistics.com\/wp-content\/uploads\/2020\/07\/logo.png","width":214,"height":81,"caption":"JPEV Logistics"},"image":{"@id":"https:\/\/jpevlogistics.com\/#\/schema\/logo\/image\/"},"sameAs":["https:\/\/www.instagram.com\/jpevlogistics\/","https:\/\/www.linkedin.com\/company\/jpev-logistics\/"]},{"@type":"Person","@id":"https:\/\/jpevlogistics.com\/#\/schema\/person\/5cb83ed90e4ad10651470058bc190e62","name":"horacio","image":{"@type":"ImageObject","inLanguage":"en-US","@id":"https:\/\/secure.gravatar.com\/avatar\/49ba85a39487c51406dba7224109c3b2296f15c3dd1931dd024e3f540b12ea7d?s=96&d=mm&r=g","url":"https:\/\/secure.gravatar.com\/avatar\/49ba85a39487c51406dba7224109c3b2296f15c3dd1931dd024e3f540b12ea7d?s=96&d=mm&r=g","contentUrl":"https:\/\/secure.gravatar.com\/avatar\/49ba85a39487c51406dba7224109c3b2296f15c3dd1931dd024e3f540b12ea7d?s=96&d=mm&r=g","caption":"horacio"},"url":"https:\/\/jpevlogistics.com\/en\/author\/horacio\/"}]}},"_links":{"self":[{"href":"https:\/\/jpevlogistics.com\/en\/wp-json\/wp\/v2\/posts\/1661","targetHints":{"allow":["GET"]}}],"collection":[{"href":"https:\/\/jpevlogistics.com\/en\/wp-json\/wp\/v2\/posts"}],"about":[{"href":"https:\/\/jpevlogistics.com\/en\/wp-json\/wp\/v2\/types\/post"}],"author":[{"embeddable":true,"href":"https:\/\/jpevlogistics.com\/en\/wp-json\/wp\/v2\/users\/4"}],"replies":[{"embeddable":true,"href":"https:\/\/jpevlogistics.com\/en\/wp-json\/wp\/v2\/comments?post=1661"}],"version-history":[{"count":1,"href":"https:\/\/jpevlogistics.com\/en\/wp-json\/wp\/v2\/posts\/1661\/revisions"}],"predecessor-version":[{"id":1663,"href":"https:\/\/jpevlogistics.com\/en\/wp-json\/wp\/v2\/posts\/1661\/revisions\/1663"}],"wp:featuredmedia":[{"embeddable":true,"href":"https:\/\/jpevlogistics.com\/en\/wp-json\/wp\/v2\/media\/1662"}],"wp:attachment":[{"href":"https:\/\/jpevlogistics.com\/en\/wp-json\/wp\/v2\/media?parent=1661"}],"wp:term":[{"taxonomy":"category","embeddable":true,"href":"https:\/\/jpevlogistics.com\/en\/wp-json\/wp\/v2\/categories?post=1661"},{"taxonomy":"post_tag","embeddable":true,"href":"https:\/\/jpevlogistics.com\/en\/wp-json\/wp\/v2\/tags?post=1661"}],"curies":[{"name":"wp","href":"https:\/\/api.w.org\/{rel}","templated":true}]}}