{"id":1670,"date":"2022-10-25T18:26:38","date_gmt":"2022-10-25T18:26:38","guid":{"rendered":"https:\/\/jpevlogistics.com\/?p=1670"},"modified":"2022-10-25T18:26:39","modified_gmt":"2022-10-25T18:26:39","slug":"cma-cgm-extiende-la-suspension-del-servicio-eurosal-en-le-havre-y-puerto-angamos-hasta-fines-de-marzo-de-2023","status":"publish","type":"post","link":"https:\/\/jpevlogistics.com\/en\/cma-cgm-extiende-la-suspension-del-servicio-eurosal-en-le-havre-y-puerto-angamos-hasta-fines-de-marzo-de-2023\/","title":{"rendered":"CMA CGM extiende la suspensi\u00f3n del servicio Eurosal en Le Havre y Puerto Angamos hasta fines de marzo de 2023"},"content":{"rendered":"<p>Anteriormente CMA CGM hab\u00eda anunciado la suspensi\u00f3n de las recaladas en Le Havre y Puerto Angamos hasta fines de diciembre de 2022 en el servicio Eurosal que conecta el norte de Europa con la costa oeste de Am\u00e9rica del Sur y el Caribe.<\/p>\n\n\n\n<p>Desafortunadamente, la situaci\u00f3n no ha mejorado lo suficiente en las terminales del norte de Europa. Por lo tanto, CMA CGM, con el fin de mantener la calidad del servicio en este entorno a\u00fan dif\u00edcil, decidi\u00f3 extender la suspensi\u00f3n de las recaladas del servicio de Eurosal en los puertos de Le Havre y Puerto Angamos hasta fines de marzo de 2023:<\/p>\n\n\n\n<p>El primer buque en recalar en Le Havre ser\u00e1 el &#8220;CMA CGM Jean Gabriel&#8221;, ETA, Le Havre el 6 de abril de 2023<\/p>\n\n\n\n<p>En tanto, el primer buque en recalar en Puerto Angamos ser\u00e1 el m\/v &#8220;CMA CGM Arkansas&#8221; ETA Puerto Angamos el 3 de abril de 2023<\/p>\n\n\n\n<p>El itinerario del servicio Eurosal quedar\u00e1 definido de la siguiente manera: R\u00f3terdam, London Gateway, Hamburgo, Amberes, Caucedo, Cartagena, Manzanillo, Buenaventura, Posorja, Callao, San Antonio, Callao, Posorja, Manzanillo, Cartagena, Caucedo, R\u00f3terdam<\/p>\n\n\n\n<p>Se seguir\u00e1 ofreciendo cobertura de importaci\u00f3n\/exportaci\u00f3n desde Le Havre en transbordo en Amberes. Sin embargo, para la importaci\u00f3n\/exportaci\u00f3n de Puerto Angamos, CMA CGM no dispone de un servicio\/ enrutamiento disponible.<\/p>","protected":false},"excerpt":{"rendered":"<p>Anteriormente CMA CGM hab\u00eda anunciado la suspensi\u00f3n de las recaladas en Le Havre y Puerto Angamos hasta fines de diciembre de 2022 en el servicio Eurosal que conecta el norte de Europa con la costa oeste de Am\u00e9rica del Sur y el Caribe. Desafortunadamente, la situaci\u00f3n no ha mejorado lo suficiente en las terminales del [&hellip;]<\/p>\n","protected":false},"author":4,"featured_media":1671,"comment_status":"open","ping_status":"open","sticky":false,"template":"","format":"standard","meta":{"footnotes":""},"categories":[1],"tags":[],"class_list":["post-1670","post","type-post","status-publish","format-standard","has-post-thumbnail","hentry","category-sin-categoria"],"yoast_head":"<!-- This site is optimized with the Yoast SEO plugin v27.4 - https:\/\/yoast.com\/product\/yoast-seo-wordpress\/ -->\n<title>CMA CGM extiende la suspensi\u00f3n del servicio Eurosal en Le Havre y Puerto Angamos hasta fines de marzo de 2023 - JPEV Logistics<\/title>\n<meta name=\"robots\" content=\"index, follow, max-snippet:-1, max-image-preview:large, max-video-preview:-1\" \/>\n<link rel=\"canonical\" href=\"https:\/\/jpevlogistics.com\/en\/cma-cgm-extiende-la-suspension-del-servicio-eurosal-en-le-havre-y-puerto-angamos-hasta-fines-de-marzo-de-2023\/\" \/>\n<meta property=\"og:locale\" content=\"en_US\" \/>\n<meta property=\"og:type\" content=\"article\" \/>\n<meta property=\"og:title\" content=\"CMA CGM extiende la suspensi\u00f3n del servicio Eurosal en Le Havre y Puerto Angamos hasta fines de marzo de 2023 - JPEV Logistics\" \/>\n<meta property=\"og:description\" content=\"Anteriormente CMA CGM hab\u00eda anunciado la suspensi\u00f3n de las recaladas en Le Havre y Puerto Angamos hasta fines de diciembre de 2022 en el servicio Eurosal que conecta el norte de Europa con la costa oeste de Am\u00e9rica del Sur y el Caribe. Desafortunadamente, la situaci\u00f3n no ha mejorado lo suficiente en las terminales del [&hellip;]\" \/>\n<meta property=\"og:url\" content=\"https:\/\/jpevlogistics.com\/en\/cma-cgm-extiende-la-suspension-del-servicio-eurosal-en-le-havre-y-puerto-angamos-hasta-fines-de-marzo-de-2023\/\" \/>\n<meta property=\"og:site_name\" content=\"JPEV Logistics\" \/>\n<meta property=\"article:published_time\" content=\"2022-10-25T18:26:38+00:00\" \/>\n<meta property=\"article:modified_time\" content=\"2022-10-25T18:26:39+00:00\" \/>\n<meta property=\"og:image\" content=\"https:\/\/jpevlogistics.com\/wp-content\/uploads\/2022\/10\/cma-cgm.jpeg\" \/>\n\t<meta property=\"og:image:width\" content=\"798\" \/>\n\t<meta property=\"og:image:height\" content=\"598\" \/>\n\t<meta property=\"og:image:type\" content=\"image\/jpeg\" \/>\n<meta name=\"author\" content=\"horacio\" \/>\n<meta name=\"twitter:card\" content=\"summary_large_image\" \/>\n<meta name=\"twitter:label1\" content=\"Written by\" \/>\n\t<meta name=\"twitter:data1\" content=\"horacio\" \/>\n\t<meta name=\"twitter:label2\" content=\"Est. reading time\" \/>\n\t<meta name=\"twitter:data2\" content=\"1 minute\" \/>\n<script type=\"application\/ld+json\" class=\"yoast-schema-graph\">{\"@context\":\"https:\\\/\\\/schema.org\",\"@graph\":[{\"@type\":\"Article\",\"@id\":\"https:\\\/\\\/jpevlogistics.com\\\/cma-cgm-extiende-la-suspension-del-servicio-eurosal-en-le-havre-y-puerto-angamos-hasta-fines-de-marzo-de-2023\\\/#article\",\"isPartOf\":{\"@id\":\"https:\\\/\\\/jpevlogistics.com\\\/cma-cgm-extiende-la-suspension-del-servicio-eurosal-en-le-havre-y-puerto-angamos-hasta-fines-de-marzo-de-2023\\\/\"},\"author\":{\"name\":\"horacio\",\"@id\":\"https:\\\/\\\/jpevlogistics.com\\\/#\\\/schema\\\/person\\\/5cb83ed90e4ad10651470058bc190e62\"},\"headline\":\"CMA CGM extiende la suspensi\u00f3n del servicio Eurosal en Le Havre y Puerto Angamos hasta fines de marzo de 2023\",\"datePublished\":\"2022-10-25T18:26:38+00:00\",\"dateModified\":\"2022-10-25T18:26:39+00:00\",\"mainEntityOfPage\":{\"@id\":\"https:\\\/\\\/jpevlogistics.com\\\/cma-cgm-extiende-la-suspension-del-servicio-eurosal-en-le-havre-y-puerto-angamos-hasta-fines-de-marzo-de-2023\\\/\"},\"wordCount\":241,\"commentCount\":0,\"publisher\":{\"@id\":\"https:\\\/\\\/jpevlogistics.com\\\/#organization\"},\"image\":{\"@id\":\"https:\\\/\\\/jpevlogistics.com\\\/cma-cgm-extiende-la-suspension-del-servicio-eurosal-en-le-havre-y-puerto-angamos-hasta-fines-de-marzo-de-2023\\\/#primaryimage\"},\"thumbnailUrl\":\"https:\\\/\\\/jpevlogistics.com\\\/wp-content\\\/uploads\\\/2022\\\/10\\\/cma-cgm.jpeg\",\"articleSection\":[\"Sin categor\u00eda\"],\"inLanguage\":\"en-US\",\"potentialAction\":[{\"@type\":\"CommentAction\",\"name\":\"Comment\",\"target\":[\"https:\\\/\\\/jpevlogistics.com\\\/cma-cgm-extiende-la-suspension-del-servicio-eurosal-en-le-havre-y-puerto-angamos-hasta-fines-de-marzo-de-2023\\\/#respond\"]}]},{\"@type\":\"WebPage\",\"@id\":\"https:\\\/\\\/jpevlogistics.com\\\/cma-cgm-extiende-la-suspension-del-servicio-eurosal-en-le-havre-y-puerto-angamos-hasta-fines-de-marzo-de-2023\\\/\",\"url\":\"https:\\\/\\\/jpevlogistics.com\\\/cma-cgm-extiende-la-suspension-del-servicio-eurosal-en-le-havre-y-puerto-angamos-hasta-fines-de-marzo-de-2023\\\/\",\"name\":\"CMA CGM extiende la suspensi\u00f3n del servicio Eurosal en Le Havre y Puerto Angamos hasta fines de marzo de 2023 - JPEV Logistics\",\"isPartOf\":{\"@id\":\"https:\\\/\\\/jpevlogistics.com\\\/#website\"},\"primaryImageOfPage\":{\"@id\":\"https:\\\/\\\/jpevlogistics.com\\\/cma-cgm-extiende-la-suspension-del-servicio-eurosal-en-le-havre-y-puerto-angamos-hasta-fines-de-marzo-de-2023\\\/#primaryimage\"},\"image\":{\"@id\":\"https:\\\/\\\/jpevlogistics.com\\\/cma-cgm-extiende-la-suspension-del-servicio-eurosal-en-le-havre-y-puerto-angamos-hasta-fines-de-marzo-de-2023\\\/#primaryimage\"},\"thumbnailUrl\":\"https:\\\/\\\/jpevlogistics.com\\\/wp-content\\\/uploads\\\/2022\\\/10\\\/cma-cgm.jpeg\",\"datePublished\":\"2022-10-25T18:26:38+00:00\",\"dateModified\":\"2022-10-25T18:26:39+00:00\",\"breadcrumb\":{\"@id\":\"https:\\\/\\\/jpevlogistics.com\\\/cma-cgm-extiende-la-suspension-del-servicio-eurosal-en-le-havre-y-puerto-angamos-hasta-fines-de-marzo-de-2023\\\/#breadcrumb\"},\"inLanguage\":\"en-US\",\"potentialAction\":[{\"@type\":\"ReadAction\",\"target\":[\"https:\\\/\\\/jpevlogistics.com\\\/cma-cgm-extiende-la-suspension-del-servicio-eurosal-en-le-havre-y-puerto-angamos-hasta-fines-de-marzo-de-2023\\\/\"]}]},{\"@type\":\"ImageObject\",\"inLanguage\":\"en-US\",\"@id\":\"https:\\\/\\\/jpevlogistics.com\\\/cma-cgm-extiende-la-suspension-del-servicio-eurosal-en-le-havre-y-puerto-angamos-hasta-fines-de-marzo-de-2023\\\/#primaryimage\",\"url\":\"https:\\\/\\\/jpevlogistics.com\\\/wp-content\\\/uploads\\\/2022\\\/10\\\/cma-cgm.jpeg\",\"contentUrl\":\"https:\\\/\\\/jpevlogistics.com\\\/wp-content\\\/uploads\\\/2022\\\/10\\\/cma-cgm.jpeg\",\"width\":798,\"height\":598},{\"@type\":\"BreadcrumbList\",\"@id\":\"https:\\\/\\\/jpevlogistics.com\\\/cma-cgm-extiende-la-suspension-del-servicio-eurosal-en-le-havre-y-puerto-angamos-hasta-fines-de-marzo-de-2023\\\/#breadcrumb\",\"itemListElement\":[{\"@type\":\"ListItem\",\"position\":1,\"name\":\"Portada\",\"item\":\"https:\\\/\\\/jpevlogistics.com\\\/\"},{\"@type\":\"ListItem\",\"position\":2,\"name\":\"CMA CGM extiende la suspensi\u00f3n del servicio Eurosal en Le Havre y Puerto Angamos hasta fines de marzo de 2023\"}]},{\"@type\":\"WebSite\",\"@id\":\"https:\\\/\\\/jpevlogistics.com\\\/#website\",\"url\":\"https:\\\/\\\/jpevlogistics.com\\\/\",\"name\":\"JPEV Logistics\",\"description\":\"\",\"publisher\":{\"@id\":\"https:\\\/\\\/jpevlogistics.com\\\/#organization\"},\"potentialAction\":[{\"@type\":\"SearchAction\",\"target\":{\"@type\":\"EntryPoint\",\"urlTemplate\":\"https:\\\/\\\/jpevlogistics.com\\\/?s={search_term_string}\"},\"query-input\":{\"@type\":\"PropertyValueSpecification\",\"valueRequired\":true,\"valueName\":\"search_term_string\"}}],\"inLanguage\":\"en-US\"},{\"@type\":\"Organization\",\"@id\":\"https:\\\/\\\/jpevlogistics.com\\\/#organization\",\"name\":\"JPEV Logistics\",\"url\":\"https:\\\/\\\/jpevlogistics.com\\\/\",\"logo\":{\"@type\":\"ImageObject\",\"inLanguage\":\"en-US\",\"@id\":\"https:\\\/\\\/jpevlogistics.com\\\/#\\\/schema\\\/logo\\\/image\\\/\",\"url\":\"https:\\\/\\\/jpevlogistics.com\\\/wp-content\\\/uploads\\\/2020\\\/07\\\/logo.png\",\"contentUrl\":\"https:\\\/\\\/jpevlogistics.com\\\/wp-content\\\/uploads\\\/2020\\\/07\\\/logo.png\",\"width\":214,\"height\":81,\"caption\":\"JPEV Logistics\"},\"image\":{\"@id\":\"https:\\\/\\\/jpevlogistics.com\\\/#\\\/schema\\\/logo\\\/image\\\/\"},\"sameAs\":[\"https:\\\/\\\/www.instagram.com\\\/jpevlogistics\\\/\",\"https:\\\/\\\/www.linkedin.com\\\/company\\\/jpev-logistics\\\/\"]},{\"@type\":\"Person\",\"@id\":\"https:\\\/\\\/jpevlogistics.com\\\/#\\\/schema\\\/person\\\/5cb83ed90e4ad10651470058bc190e62\",\"name\":\"horacio\",\"image\":{\"@type\":\"ImageObject\",\"inLanguage\":\"en-US\",\"@id\":\"https:\\\/\\\/secure.gravatar.com\\\/avatar\\\/49ba85a39487c51406dba7224109c3b2296f15c3dd1931dd024e3f540b12ea7d?s=96&d=mm&r=g\",\"url\":\"https:\\\/\\\/secure.gravatar.com\\\/avatar\\\/49ba85a39487c51406dba7224109c3b2296f15c3dd1931dd024e3f540b12ea7d?s=96&d=mm&r=g\",\"contentUrl\":\"https:\\\/\\\/secure.gravatar.com\\\/avatar\\\/49ba85a39487c51406dba7224109c3b2296f15c3dd1931dd024e3f540b12ea7d?s=96&d=mm&r=g\",\"caption\":\"horacio\"},\"url\":\"https:\\\/\\\/jpevlogistics.com\\\/en\\\/author\\\/horacio\\\/\"}]}<\/script>\n<!-- \/ Yoast SEO plugin. -->","yoast_head_json":{"title":"CMA CGM extiende la suspensi\u00f3n del servicio Eurosal en Le Havre y Puerto Angamos hasta fines de marzo de 2023 - JPEV Logistics","robots":{"index":"index","follow":"follow","max-snippet":"max-snippet:-1","max-image-preview":"max-image-preview:large","max-video-preview":"max-video-preview:-1"},"canonical":"https:\/\/jpevlogistics.com\/en\/cma-cgm-extiende-la-suspension-del-servicio-eurosal-en-le-havre-y-puerto-angamos-hasta-fines-de-marzo-de-2023\/","og_locale":"en_US","og_type":"article","og_title":"CMA CGM extiende la suspensi\u00f3n del servicio Eurosal en Le Havre y Puerto Angamos hasta fines de marzo de 2023 - JPEV Logistics","og_description":"Anteriormente CMA CGM hab\u00eda anunciado la suspensi\u00f3n de las recaladas en Le Havre y Puerto Angamos hasta fines de diciembre de 2022 en el servicio Eurosal que conecta el norte de Europa con la costa oeste de Am\u00e9rica del Sur y el Caribe. Desafortunadamente, la situaci\u00f3n no ha mejorado lo suficiente en las terminales del [&hellip;]","og_url":"https:\/\/jpevlogistics.com\/en\/cma-cgm-extiende-la-suspension-del-servicio-eurosal-en-le-havre-y-puerto-angamos-hasta-fines-de-marzo-de-2023\/","og_site_name":"JPEV Logistics","article_published_time":"2022-10-25T18:26:38+00:00","article_modified_time":"2022-10-25T18:26:39+00:00","og_image":[{"width":798,"height":598,"url":"https:\/\/jpevlogistics.com\/wp-content\/uploads\/2022\/10\/cma-cgm.jpeg","type":"image\/jpeg"}],"author":"horacio","twitter_card":"summary_large_image","twitter_misc":{"Written by":"horacio","Est. reading time":"1 minute"},"schema":{"@context":"https:\/\/schema.org","@graph":[{"@type":"Article","@id":"https:\/\/jpevlogistics.com\/cma-cgm-extiende-la-suspension-del-servicio-eurosal-en-le-havre-y-puerto-angamos-hasta-fines-de-marzo-de-2023\/#article","isPartOf":{"@id":"https:\/\/jpevlogistics.com\/cma-cgm-extiende-la-suspension-del-servicio-eurosal-en-le-havre-y-puerto-angamos-hasta-fines-de-marzo-de-2023\/"},"author":{"name":"horacio","@id":"https:\/\/jpevlogistics.com\/#\/schema\/person\/5cb83ed90e4ad10651470058bc190e62"},"headline":"CMA CGM extiende la suspensi\u00f3n del servicio Eurosal en Le Havre y Puerto Angamos hasta fines de marzo de 2023","datePublished":"2022-10-25T18:26:38+00:00","dateModified":"2022-10-25T18:26:39+00:00","mainEntityOfPage":{"@id":"https:\/\/jpevlogistics.com\/cma-cgm-extiende-la-suspension-del-servicio-eurosal-en-le-havre-y-puerto-angamos-hasta-fines-de-marzo-de-2023\/"},"wordCount":241,"commentCount":0,"publisher":{"@id":"https:\/\/jpevlogistics.com\/#organization"},"image":{"@id":"https:\/\/jpevlogistics.com\/cma-cgm-extiende-la-suspension-del-servicio-eurosal-en-le-havre-y-puerto-angamos-hasta-fines-de-marzo-de-2023\/#primaryimage"},"thumbnailUrl":"https:\/\/jpevlogistics.com\/wp-content\/uploads\/2022\/10\/cma-cgm.jpeg","articleSection":["Sin categor\u00eda"],"inLanguage":"en-US","potentialAction":[{"@type":"CommentAction","name":"Comment","target":["https:\/\/jpevlogistics.com\/cma-cgm-extiende-la-suspension-del-servicio-eurosal-en-le-havre-y-puerto-angamos-hasta-fines-de-marzo-de-2023\/#respond"]}]},{"@type":"WebPage","@id":"https:\/\/jpevlogistics.com\/cma-cgm-extiende-la-suspension-del-servicio-eurosal-en-le-havre-y-puerto-angamos-hasta-fines-de-marzo-de-2023\/","url":"https:\/\/jpevlogistics.com\/cma-cgm-extiende-la-suspension-del-servicio-eurosal-en-le-havre-y-puerto-angamos-hasta-fines-de-marzo-de-2023\/","name":"CMA CGM extiende la suspensi\u00f3n del servicio Eurosal en Le Havre y Puerto Angamos hasta fines de marzo de 2023 - JPEV Logistics","isPartOf":{"@id":"https:\/\/jpevlogistics.com\/#website"},"primaryImageOfPage":{"@id":"https:\/\/jpevlogistics.com\/cma-cgm-extiende-la-suspension-del-servicio-eurosal-en-le-havre-y-puerto-angamos-hasta-fines-de-marzo-de-2023\/#primaryimage"},"image":{"@id":"https:\/\/jpevlogistics.com\/cma-cgm-extiende-la-suspension-del-servicio-eurosal-en-le-havre-y-puerto-angamos-hasta-fines-de-marzo-de-2023\/#primaryimage"},"thumbnailUrl":"https:\/\/jpevlogistics.com\/wp-content\/uploads\/2022\/10\/cma-cgm.jpeg","datePublished":"2022-10-25T18:26:38+00:00","dateModified":"2022-10-25T18:26:39+00:00","breadcrumb":{"@id":"https:\/\/jpevlogistics.com\/cma-cgm-extiende-la-suspension-del-servicio-eurosal-en-le-havre-y-puerto-angamos-hasta-fines-de-marzo-de-2023\/#breadcrumb"},"inLanguage":"en-US","potentialAction":[{"@type":"ReadAction","target":["https:\/\/jpevlogistics.com\/cma-cgm-extiende-la-suspension-del-servicio-eurosal-en-le-havre-y-puerto-angamos-hasta-fines-de-marzo-de-2023\/"]}]},{"@type":"ImageObject","inLanguage":"en-US","@id":"https:\/\/jpevlogistics.com\/cma-cgm-extiende-la-suspension-del-servicio-eurosal-en-le-havre-y-puerto-angamos-hasta-fines-de-marzo-de-2023\/#primaryimage","url":"https:\/\/jpevlogistics.com\/wp-content\/uploads\/2022\/10\/cma-cgm.jpeg","contentUrl":"https:\/\/jpevlogistics.com\/wp-content\/uploads\/2022\/10\/cma-cgm.jpeg","width":798,"height":598},{"@type":"BreadcrumbList","@id":"https:\/\/jpevlogistics.com\/cma-cgm-extiende-la-suspension-del-servicio-eurosal-en-le-havre-y-puerto-angamos-hasta-fines-de-marzo-de-2023\/#breadcrumb","itemListElement":[{"@type":"ListItem","position":1,"name":"Portada","item":"https:\/\/jpevlogistics.com\/"},{"@type":"ListItem","position":2,"name":"CMA CGM extiende la suspensi\u00f3n del servicio Eurosal en Le Havre y Puerto Angamos hasta fines de marzo de 2023"}]},{"@type":"WebSite","@id":"https:\/\/jpevlogistics.com\/#website","url":"https:\/\/jpevlogistics.com\/","name":"JPEV Logistics","description":"","publisher":{"@id":"https:\/\/jpevlogistics.com\/#organization"},"potentialAction":[{"@type":"SearchAction","target":{"@type":"EntryPoint","urlTemplate":"https:\/\/jpevlogistics.com\/?s={search_term_string}"},"query-input":{"@type":"PropertyValueSpecification","valueRequired":true,"valueName":"search_term_string"}}],"inLanguage":"en-US"},{"@type":"Organization","@id":"https:\/\/jpevlogistics.com\/#organization","name":"JPEV Logistics","url":"https:\/\/jpevlogistics.com\/","logo":{"@type":"ImageObject","inLanguage":"en-US","@id":"https:\/\/jpevlogistics.com\/#\/schema\/logo\/image\/","url":"https:\/\/jpevlogistics.com\/wp-content\/uploads\/2020\/07\/logo.png","contentUrl":"https:\/\/jpevlogistics.com\/wp-content\/uploads\/2020\/07\/logo.png","width":214,"height":81,"caption":"JPEV Logistics"},"image":{"@id":"https:\/\/jpevlogistics.com\/#\/schema\/logo\/image\/"},"sameAs":["https:\/\/www.instagram.com\/jpevlogistics\/","https:\/\/www.linkedin.com\/company\/jpev-logistics\/"]},{"@type":"Person","@id":"https:\/\/jpevlogistics.com\/#\/schema\/person\/5cb83ed90e4ad10651470058bc190e62","name":"horacio","image":{"@type":"ImageObject","inLanguage":"en-US","@id":"https:\/\/secure.gravatar.com\/avatar\/49ba85a39487c51406dba7224109c3b2296f15c3dd1931dd024e3f540b12ea7d?s=96&d=mm&r=g","url":"https:\/\/secure.gravatar.com\/avatar\/49ba85a39487c51406dba7224109c3b2296f15c3dd1931dd024e3f540b12ea7d?s=96&d=mm&r=g","contentUrl":"https:\/\/secure.gravatar.com\/avatar\/49ba85a39487c51406dba7224109c3b2296f15c3dd1931dd024e3f540b12ea7d?s=96&d=mm&r=g","caption":"horacio"},"url":"https:\/\/jpevlogistics.com\/en\/author\/horacio\/"}]}},"_links":{"self":[{"href":"https:\/\/jpevlogistics.com\/en\/wp-json\/wp\/v2\/posts\/1670","targetHints":{"allow":["GET"]}}],"collection":[{"href":"https:\/\/jpevlogistics.com\/en\/wp-json\/wp\/v2\/posts"}],"about":[{"href":"https:\/\/jpevlogistics.com\/en\/wp-json\/wp\/v2\/types\/post"}],"author":[{"embeddable":true,"href":"https:\/\/jpevlogistics.com\/en\/wp-json\/wp\/v2\/users\/4"}],"replies":[{"embeddable":true,"href":"https:\/\/jpevlogistics.com\/en\/wp-json\/wp\/v2\/comments?post=1670"}],"version-history":[{"count":1,"href":"https:\/\/jpevlogistics.com\/en\/wp-json\/wp\/v2\/posts\/1670\/revisions"}],"predecessor-version":[{"id":1672,"href":"https:\/\/jpevlogistics.com\/en\/wp-json\/wp\/v2\/posts\/1670\/revisions\/1672"}],"wp:featuredmedia":[{"embeddable":true,"href":"https:\/\/jpevlogistics.com\/en\/wp-json\/wp\/v2\/media\/1671"}],"wp:attachment":[{"href":"https:\/\/jpevlogistics.com\/en\/wp-json\/wp\/v2\/media?parent=1670"}],"wp:term":[{"taxonomy":"category","embeddable":true,"href":"https:\/\/jpevlogistics.com\/en\/wp-json\/wp\/v2\/categories?post=1670"},{"taxonomy":"post_tag","embeddable":true,"href":"https:\/\/jpevlogistics.com\/en\/wp-json\/wp\/v2\/tags?post=1670"}],"curies":[{"name":"wp","href":"https:\/\/api.w.org\/{rel}","templated":true}]}}