{"id":1871,"date":"2023-06-27T19:23:40","date_gmt":"2023-06-27T19:23:40","guid":{"rendered":"https:\/\/jpevlogistics.com\/?p=1871"},"modified":"2023-06-27T19:23:41","modified_gmt":"2023-06-27T19:23:41","slug":"aproximadamente-2-000-camiones-permanecen-varados-en-el-principal-paso-entre-argentina-y-chile","status":"publish","type":"post","link":"https:\/\/jpevlogistics.com\/en\/aproximadamente-2-000-camiones-permanecen-varados-en-el-principal-paso-entre-argentina-y-chile\/","title":{"rendered":"Aproximadamente 2.000 camiones permanecen varados en el principal paso entre Argentina y Chile"},"content":{"rendered":"\n<figure class=\"wp-block-gallery has-nested-images columns-default is-cropped wp-block-gallery-1 is-layout-flex wp-block-gallery-is-layout-flex\">\n<figure class=\"wp-block-image size-large\"><img fetchpriority=\"high\" decoding=\"async\" width=\"1024\" height=\"576\" data-id=\"1872\" src=\"https:\/\/jpevlogistics.com\/wp-content\/uploads\/2023\/06\/camiones-en-frontera--1024x576.webp\" alt=\"\" class=\"wp-image-1872\" srcset=\"https:\/\/jpevlogistics.com\/wp-content\/uploads\/2023\/06\/camiones-en-frontera--1024x576.webp 1024w, https:\/\/jpevlogistics.com\/wp-content\/uploads\/2023\/06\/camiones-en-frontera--300x169.webp 300w, https:\/\/jpevlogistics.com\/wp-content\/uploads\/2023\/06\/camiones-en-frontera--768x432.webp 768w, https:\/\/jpevlogistics.com\/wp-content\/uploads\/2023\/06\/camiones-en-frontera-.webp 1440w\" sizes=\"(max-width: 1024px) 100vw, 1024px\" \/><\/figure>\n<\/figure>\n\n\n\n<p>Aproximadamente 2<strong>.000 camiones permanecen varados en el paso fronterizo Cristo Redentor<\/strong>, el principal entre\u00a0<strong>Argentina y Chile<\/strong>, debido a las intensas nevadas y lluvias en la Cordillera de los Andes, alert\u00f3 este lunes la entidad empresarial que representa a los transportistas argentinos.<\/p>\n\n\n\n<p>&#8220;Las condiciones clim\u00e1ticas en alta monta\u00f1a y los da\u00f1os provocados sobre la ruta a causa del fuerte temporal ocasionaron que m\u00e1s de 2.000 camiones se encuentren varados esperando por la apertura del Paso Cristo Redentor&#8221;, se\u00f1alaron en un comunicado la Federaci\u00f3n Argentina de Entidades Empresarias del Autotransporte de Cargas (FADEEAC) y la Asociaci\u00f3n Propietarios de Camiones de la provincia argentina de Mendoza (APROCAM).<\/p>\n\n\n\n<p><strong>Aunque la ruta del lado argentino est\u00e1 despejada<\/strong>&nbsp;hasta la boca del t\u00fanel Cristo Redentor, en la Cordillera de los Andes, gracias a los trabajos de Vialidad Nacional de Argentina,&nbsp;<strong>el paso fronterizo de la provincia de Mendoza (centro-norte) permanece cerrado<\/strong>.<\/p>\n\n\n\n<figure class=\"wp-block-gallery has-nested-images columns-default is-cropped wp-block-gallery-2 is-layout-flex wp-block-gallery-is-layout-flex\">\n<figure class=\"wp-block-image size-large\"><img decoding=\"async\" width=\"882\" height=\"1024\" data-id=\"1873\" src=\"https:\/\/jpevlogistics.com\/wp-content\/uploads\/2023\/06\/Captura-de-Pantalla-2023-06-27-a-las-16.20.38-882x1024.png\" alt=\"\" class=\"wp-image-1873\" srcset=\"https:\/\/jpevlogistics.com\/wp-content\/uploads\/2023\/06\/Captura-de-Pantalla-2023-06-27-a-las-16.20.38-882x1024.png 882w, https:\/\/jpevlogistics.com\/wp-content\/uploads\/2023\/06\/Captura-de-Pantalla-2023-06-27-a-las-16.20.38-258x300.png 258w, https:\/\/jpevlogistics.com\/wp-content\/uploads\/2023\/06\/Captura-de-Pantalla-2023-06-27-a-las-16.20.38-768x891.png 768w, https:\/\/jpevlogistics.com\/wp-content\/uploads\/2023\/06\/Captura-de-Pantalla-2023-06-27-a-las-16.20.38.png 1170w\" sizes=\"(max-width: 882px) 100vw, 882px\" \/><\/figure>\n<\/figure>\n\n\n\n<p>Los transportistas precisaron que el problema no se limita \u00fanicamente a las condiciones clim\u00e1ticas, sino que&nbsp;<strong>el fuerte temporal de agua caus\u00f3 da\u00f1os estructurales en las rutas<\/strong>&nbsp;de esa zona, las que se encuentran intransitables debido a los desprendimientos y las roturas.<\/p>\n\n\n\n<p>Por eso&nbsp;<strong>reclamaron hacer los trabajos de reparaci\u00f3n necesarios para restaurar las condiciones<\/strong>&nbsp;de tr\u00e1nsito.<\/p>\n\n\n\n<ul class=\"wp-block-list\">\n<li><strong>[Ver tambi\u00e9n]<\/strong>&nbsp;<em><a href=\"https:\/\/www.cooperativa.cl\/noticias\/pais\/region-de-valparaiso\/paso-los-libertadores-estara-cerrado-por-al-menos-una-semana-por-labores\/2023-06-26\/180234.html\">Paso Los Libertadores estar\u00e1 cerrado al menos una semana por labores de despeje<\/a><\/em><\/li>\n<\/ul>\n\n\n\n<p>Ante este panorama, APROCAM solicit\u00f3 a todas las empresas de transporte de carga por carretera con destinos en Chile a trav\u00e9s del Paso Cristo Redentor para que sus camiones esperen en sus bases, en zonas habilitadas por la Aduana o en paradores a la vera de las rutas.<\/p>\n\n\n\n<p>&#8220;En situaciones como la que est\u00e1 aconteciendo,&nbsp;<strong>es muy importante garantizar la seguridad<\/strong>&nbsp;y el resguardo tanto de los conductores como de las cargas&#8221;, indica el comunicado.<\/p>\n\n\n\n<p>Las entidades alertaron que&nbsp;<strong>tambi\u00e9n se encuentra intransitable el paso fronterizo argentino-chileno Pehuenche<\/strong>, tras los destrozos que sufri\u00f3 la ruta a causa de la crecida del R\u00edo Grande.<\/p>\n\n\n\n<p>&#8220;De haber estado en las condiciones adecuadas, se podr\u00eda haber explorado la posibilidad de desviar el tr\u00e1fico por esa v\u00eda y gestionar el paso de los camiones tanto de ida como de vuelta. Sin embargo, debido a su estado actual,\u00a0<strong>el Pehuenche no es una opci\u00f3n viable<\/strong>&#8220;, indicaron.<\/p>\n\n\n\n<p><\/p>\n\n\n\n<figure class=\"wp-block-gallery has-nested-images columns-default is-cropped wp-block-gallery-3 is-layout-flex wp-block-gallery-is-layout-flex\">\n<figure class=\"wp-block-image size-large\"><img decoding=\"async\" width=\"847\" height=\"1024\" data-id=\"1874\" src=\"https:\/\/jpevlogistics.com\/wp-content\/uploads\/2023\/06\/Captura-de-Pantalla-2023-06-27-a-las-16.22.45-847x1024.png\" alt=\"\" class=\"wp-image-1874\" srcset=\"https:\/\/jpevlogistics.com\/wp-content\/uploads\/2023\/06\/Captura-de-Pantalla-2023-06-27-a-las-16.22.45-847x1024.png 847w, https:\/\/jpevlogistics.com\/wp-content\/uploads\/2023\/06\/Captura-de-Pantalla-2023-06-27-a-las-16.22.45-248x300.png 248w, https:\/\/jpevlogistics.com\/wp-content\/uploads\/2023\/06\/Captura-de-Pantalla-2023-06-27-a-las-16.22.45-768x929.png 768w, https:\/\/jpevlogistics.com\/wp-content\/uploads\/2023\/06\/Captura-de-Pantalla-2023-06-27-a-las-16.22.45.png 1100w\" sizes=\"(max-width: 847px) 100vw, 847px\" \/><\/figure>\n<\/figure>\n","protected":false},"excerpt":{"rendered":"<p>Aproximadamente 2.000 camiones permanecen varados en el paso fronterizo Cristo Redentor, el principal entre\u00a0Argentina y Chile, debido a las intensas nevadas y lluvias en la Cordillera de los Andes, alert\u00f3 este lunes la entidad empresarial que representa a los transportistas argentinos. &#8220;Las condiciones clim\u00e1ticas en alta monta\u00f1a y los da\u00f1os provocados sobre la ruta a [&hellip;]<\/p>\n","protected":false},"author":4,"featured_media":1872,"comment_status":"open","ping_status":"open","sticky":false,"template":"","format":"standard","meta":{"footnotes":""},"categories":[1],"tags":[],"class_list":["post-1871","post","type-post","status-publish","format-standard","has-post-thumbnail","hentry","category-sin-categoria"],"yoast_head":"<!-- This site is optimized with the Yoast SEO plugin v27.4 - https:\/\/yoast.com\/product\/yoast-seo-wordpress\/ -->\n<title>Aproximadamente 2.000 camiones permanecen varados en el principal paso entre Argentina y Chile - JPEV Logistics<\/title>\n<meta name=\"robots\" content=\"index, follow, max-snippet:-1, max-image-preview:large, max-video-preview:-1\" \/>\n<link rel=\"canonical\" href=\"https:\/\/jpevlogistics.com\/en\/aproximadamente-2-000-camiones-permanecen-varados-en-el-principal-paso-entre-argentina-y-chile\/\" \/>\n<meta property=\"og:locale\" content=\"en_US\" \/>\n<meta property=\"og:type\" content=\"article\" \/>\n<meta property=\"og:title\" content=\"Aproximadamente 2.000 camiones permanecen varados en el principal paso entre Argentina y Chile - JPEV Logistics\" \/>\n<meta property=\"og:description\" content=\"Aproximadamente 2.000 camiones permanecen varados en el paso fronterizo Cristo Redentor, el principal entre\u00a0Argentina y Chile, debido a las intensas nevadas y lluvias en la Cordillera de los Andes, alert\u00f3 este lunes la entidad empresarial que representa a los transportistas argentinos. &#8220;Las condiciones clim\u00e1ticas en alta monta\u00f1a y los da\u00f1os provocados sobre la ruta a [&hellip;]\" \/>\n<meta property=\"og:url\" content=\"https:\/\/jpevlogistics.com\/en\/aproximadamente-2-000-camiones-permanecen-varados-en-el-principal-paso-entre-argentina-y-chile\/\" \/>\n<meta property=\"og:site_name\" content=\"JPEV Logistics\" \/>\n<meta property=\"article:published_time\" content=\"2023-06-27T19:23:40+00:00\" \/>\n<meta property=\"article:modified_time\" content=\"2023-06-27T19:23:41+00:00\" \/>\n<meta property=\"og:image\" content=\"https:\/\/jpevlogistics.com\/wp-content\/uploads\/2023\/06\/camiones-en-frontera-.webp\" \/>\n\t<meta property=\"og:image:width\" content=\"1440\" \/>\n\t<meta property=\"og:image:height\" content=\"810\" \/>\n\t<meta property=\"og:image:type\" content=\"image\/webp\" \/>\n<meta name=\"author\" content=\"horacio\" \/>\n<meta name=\"twitter:card\" content=\"summary_large_image\" \/>\n<meta name=\"twitter:label1\" content=\"Written by\" \/>\n\t<meta name=\"twitter:data1\" content=\"horacio\" \/>\n\t<meta name=\"twitter:label2\" content=\"Est. reading time\" \/>\n\t<meta name=\"twitter:data2\" content=\"3 minutes\" \/>\n<script type=\"application\/ld+json\" class=\"yoast-schema-graph\">{\"@context\":\"https:\\\/\\\/schema.org\",\"@graph\":[{\"@type\":\"Article\",\"@id\":\"https:\\\/\\\/jpevlogistics.com\\\/aproximadamente-2-000-camiones-permanecen-varados-en-el-principal-paso-entre-argentina-y-chile\\\/#article\",\"isPartOf\":{\"@id\":\"https:\\\/\\\/jpevlogistics.com\\\/aproximadamente-2-000-camiones-permanecen-varados-en-el-principal-paso-entre-argentina-y-chile\\\/\"},\"author\":{\"name\":\"horacio\",\"@id\":\"https:\\\/\\\/jpevlogistics.com\\\/#\\\/schema\\\/person\\\/5cb83ed90e4ad10651470058bc190e62\"},\"headline\":\"Aproximadamente 2.000 camiones permanecen varados en el principal paso entre Argentina y Chile\",\"datePublished\":\"2023-06-27T19:23:40+00:00\",\"dateModified\":\"2023-06-27T19:23:41+00:00\",\"mainEntityOfPage\":{\"@id\":\"https:\\\/\\\/jpevlogistics.com\\\/aproximadamente-2-000-camiones-permanecen-varados-en-el-principal-paso-entre-argentina-y-chile\\\/\"},\"wordCount\":409,\"commentCount\":0,\"publisher\":{\"@id\":\"https:\\\/\\\/jpevlogistics.com\\\/#organization\"},\"image\":{\"@id\":\"https:\\\/\\\/jpevlogistics.com\\\/aproximadamente-2-000-camiones-permanecen-varados-en-el-principal-paso-entre-argentina-y-chile\\\/#primaryimage\"},\"thumbnailUrl\":\"https:\\\/\\\/jpevlogistics.com\\\/wp-content\\\/uploads\\\/2023\\\/06\\\/camiones-en-frontera-.webp\",\"articleSection\":[\"Sin categor\u00eda\"],\"inLanguage\":\"en-US\",\"potentialAction\":[{\"@type\":\"CommentAction\",\"name\":\"Comment\",\"target\":[\"https:\\\/\\\/jpevlogistics.com\\\/aproximadamente-2-000-camiones-permanecen-varados-en-el-principal-paso-entre-argentina-y-chile\\\/#respond\"]}]},{\"@type\":\"WebPage\",\"@id\":\"https:\\\/\\\/jpevlogistics.com\\\/aproximadamente-2-000-camiones-permanecen-varados-en-el-principal-paso-entre-argentina-y-chile\\\/\",\"url\":\"https:\\\/\\\/jpevlogistics.com\\\/aproximadamente-2-000-camiones-permanecen-varados-en-el-principal-paso-entre-argentina-y-chile\\\/\",\"name\":\"Aproximadamente 2.000 camiones permanecen varados en el principal paso entre Argentina y Chile - JPEV Logistics\",\"isPartOf\":{\"@id\":\"https:\\\/\\\/jpevlogistics.com\\\/#website\"},\"primaryImageOfPage\":{\"@id\":\"https:\\\/\\\/jpevlogistics.com\\\/aproximadamente-2-000-camiones-permanecen-varados-en-el-principal-paso-entre-argentina-y-chile\\\/#primaryimage\"},\"image\":{\"@id\":\"https:\\\/\\\/jpevlogistics.com\\\/aproximadamente-2-000-camiones-permanecen-varados-en-el-principal-paso-entre-argentina-y-chile\\\/#primaryimage\"},\"thumbnailUrl\":\"https:\\\/\\\/jpevlogistics.com\\\/wp-content\\\/uploads\\\/2023\\\/06\\\/camiones-en-frontera-.webp\",\"datePublished\":\"2023-06-27T19:23:40+00:00\",\"dateModified\":\"2023-06-27T19:23:41+00:00\",\"breadcrumb\":{\"@id\":\"https:\\\/\\\/jpevlogistics.com\\\/aproximadamente-2-000-camiones-permanecen-varados-en-el-principal-paso-entre-argentina-y-chile\\\/#breadcrumb\"},\"inLanguage\":\"en-US\",\"potentialAction\":[{\"@type\":\"ReadAction\",\"target\":[\"https:\\\/\\\/jpevlogistics.com\\\/aproximadamente-2-000-camiones-permanecen-varados-en-el-principal-paso-entre-argentina-y-chile\\\/\"]}]},{\"@type\":\"ImageObject\",\"inLanguage\":\"en-US\",\"@id\":\"https:\\\/\\\/jpevlogistics.com\\\/aproximadamente-2-000-camiones-permanecen-varados-en-el-principal-paso-entre-argentina-y-chile\\\/#primaryimage\",\"url\":\"https:\\\/\\\/jpevlogistics.com\\\/wp-content\\\/uploads\\\/2023\\\/06\\\/camiones-en-frontera-.webp\",\"contentUrl\":\"https:\\\/\\\/jpevlogistics.com\\\/wp-content\\\/uploads\\\/2023\\\/06\\\/camiones-en-frontera-.webp\",\"width\":1440,\"height\":810},{\"@type\":\"BreadcrumbList\",\"@id\":\"https:\\\/\\\/jpevlogistics.com\\\/aproximadamente-2-000-camiones-permanecen-varados-en-el-principal-paso-entre-argentina-y-chile\\\/#breadcrumb\",\"itemListElement\":[{\"@type\":\"ListItem\",\"position\":1,\"name\":\"Portada\",\"item\":\"https:\\\/\\\/jpevlogistics.com\\\/\"},{\"@type\":\"ListItem\",\"position\":2,\"name\":\"Aproximadamente 2.000 camiones permanecen varados en el principal paso entre Argentina y Chile\"}]},{\"@type\":\"WebSite\",\"@id\":\"https:\\\/\\\/jpevlogistics.com\\\/#website\",\"url\":\"https:\\\/\\\/jpevlogistics.com\\\/\",\"name\":\"JPEV Logistics\",\"description\":\"\",\"publisher\":{\"@id\":\"https:\\\/\\\/jpevlogistics.com\\\/#organization\"},\"potentialAction\":[{\"@type\":\"SearchAction\",\"target\":{\"@type\":\"EntryPoint\",\"urlTemplate\":\"https:\\\/\\\/jpevlogistics.com\\\/?s={search_term_string}\"},\"query-input\":{\"@type\":\"PropertyValueSpecification\",\"valueRequired\":true,\"valueName\":\"search_term_string\"}}],\"inLanguage\":\"en-US\"},{\"@type\":\"Organization\",\"@id\":\"https:\\\/\\\/jpevlogistics.com\\\/#organization\",\"name\":\"JPEV Logistics\",\"url\":\"https:\\\/\\\/jpevlogistics.com\\\/\",\"logo\":{\"@type\":\"ImageObject\",\"inLanguage\":\"en-US\",\"@id\":\"https:\\\/\\\/jpevlogistics.com\\\/#\\\/schema\\\/logo\\\/image\\\/\",\"url\":\"https:\\\/\\\/jpevlogistics.com\\\/wp-content\\\/uploads\\\/2020\\\/07\\\/logo.png\",\"contentUrl\":\"https:\\\/\\\/jpevlogistics.com\\\/wp-content\\\/uploads\\\/2020\\\/07\\\/logo.png\",\"width\":214,\"height\":81,\"caption\":\"JPEV Logistics\"},\"image\":{\"@id\":\"https:\\\/\\\/jpevlogistics.com\\\/#\\\/schema\\\/logo\\\/image\\\/\"},\"sameAs\":[\"https:\\\/\\\/www.instagram.com\\\/jpevlogistics\\\/\",\"https:\\\/\\\/www.linkedin.com\\\/company\\\/jpev-logistics\\\/\"]},{\"@type\":\"Person\",\"@id\":\"https:\\\/\\\/jpevlogistics.com\\\/#\\\/schema\\\/person\\\/5cb83ed90e4ad10651470058bc190e62\",\"name\":\"horacio\",\"image\":{\"@type\":\"ImageObject\",\"inLanguage\":\"en-US\",\"@id\":\"https:\\\/\\\/secure.gravatar.com\\\/avatar\\\/49ba85a39487c51406dba7224109c3b2296f15c3dd1931dd024e3f540b12ea7d?s=96&d=mm&r=g\",\"url\":\"https:\\\/\\\/secure.gravatar.com\\\/avatar\\\/49ba85a39487c51406dba7224109c3b2296f15c3dd1931dd024e3f540b12ea7d?s=96&d=mm&r=g\",\"contentUrl\":\"https:\\\/\\\/secure.gravatar.com\\\/avatar\\\/49ba85a39487c51406dba7224109c3b2296f15c3dd1931dd024e3f540b12ea7d?s=96&d=mm&r=g\",\"caption\":\"horacio\"},\"url\":\"https:\\\/\\\/jpevlogistics.com\\\/en\\\/author\\\/horacio\\\/\"}]}<\/script>\n<!-- \/ Yoast SEO plugin. -->","yoast_head_json":{"title":"Aproximadamente 2.000 camiones permanecen varados en el principal paso entre Argentina y Chile - JPEV Logistics","robots":{"index":"index","follow":"follow","max-snippet":"max-snippet:-1","max-image-preview":"max-image-preview:large","max-video-preview":"max-video-preview:-1"},"canonical":"https:\/\/jpevlogistics.com\/en\/aproximadamente-2-000-camiones-permanecen-varados-en-el-principal-paso-entre-argentina-y-chile\/","og_locale":"en_US","og_type":"article","og_title":"Aproximadamente 2.000 camiones permanecen varados en el principal paso entre Argentina y Chile - JPEV Logistics","og_description":"Aproximadamente 2.000 camiones permanecen varados en el paso fronterizo Cristo Redentor, el principal entre\u00a0Argentina y Chile, debido a las intensas nevadas y lluvias en la Cordillera de los Andes, alert\u00f3 este lunes la entidad empresarial que representa a los transportistas argentinos. &#8220;Las condiciones clim\u00e1ticas en alta monta\u00f1a y los da\u00f1os provocados sobre la ruta a [&hellip;]","og_url":"https:\/\/jpevlogistics.com\/en\/aproximadamente-2-000-camiones-permanecen-varados-en-el-principal-paso-entre-argentina-y-chile\/","og_site_name":"JPEV Logistics","article_published_time":"2023-06-27T19:23:40+00:00","article_modified_time":"2023-06-27T19:23:41+00:00","og_image":[{"width":1440,"height":810,"url":"https:\/\/jpevlogistics.com\/wp-content\/uploads\/2023\/06\/camiones-en-frontera-.webp","type":"image\/webp"}],"author":"horacio","twitter_card":"summary_large_image","twitter_misc":{"Written by":"horacio","Est. reading time":"3 minutes"},"schema":{"@context":"https:\/\/schema.org","@graph":[{"@type":"Article","@id":"https:\/\/jpevlogistics.com\/aproximadamente-2-000-camiones-permanecen-varados-en-el-principal-paso-entre-argentina-y-chile\/#article","isPartOf":{"@id":"https:\/\/jpevlogistics.com\/aproximadamente-2-000-camiones-permanecen-varados-en-el-principal-paso-entre-argentina-y-chile\/"},"author":{"name":"horacio","@id":"https:\/\/jpevlogistics.com\/#\/schema\/person\/5cb83ed90e4ad10651470058bc190e62"},"headline":"Aproximadamente 2.000 camiones permanecen varados en el principal paso entre Argentina y Chile","datePublished":"2023-06-27T19:23:40+00:00","dateModified":"2023-06-27T19:23:41+00:00","mainEntityOfPage":{"@id":"https:\/\/jpevlogistics.com\/aproximadamente-2-000-camiones-permanecen-varados-en-el-principal-paso-entre-argentina-y-chile\/"},"wordCount":409,"commentCount":0,"publisher":{"@id":"https:\/\/jpevlogistics.com\/#organization"},"image":{"@id":"https:\/\/jpevlogistics.com\/aproximadamente-2-000-camiones-permanecen-varados-en-el-principal-paso-entre-argentina-y-chile\/#primaryimage"},"thumbnailUrl":"https:\/\/jpevlogistics.com\/wp-content\/uploads\/2023\/06\/camiones-en-frontera-.webp","articleSection":["Sin categor\u00eda"],"inLanguage":"en-US","potentialAction":[{"@type":"CommentAction","name":"Comment","target":["https:\/\/jpevlogistics.com\/aproximadamente-2-000-camiones-permanecen-varados-en-el-principal-paso-entre-argentina-y-chile\/#respond"]}]},{"@type":"WebPage","@id":"https:\/\/jpevlogistics.com\/aproximadamente-2-000-camiones-permanecen-varados-en-el-principal-paso-entre-argentina-y-chile\/","url":"https:\/\/jpevlogistics.com\/aproximadamente-2-000-camiones-permanecen-varados-en-el-principal-paso-entre-argentina-y-chile\/","name":"Aproximadamente 2.000 camiones permanecen varados en el principal paso entre Argentina y Chile - JPEV Logistics","isPartOf":{"@id":"https:\/\/jpevlogistics.com\/#website"},"primaryImageOfPage":{"@id":"https:\/\/jpevlogistics.com\/aproximadamente-2-000-camiones-permanecen-varados-en-el-principal-paso-entre-argentina-y-chile\/#primaryimage"},"image":{"@id":"https:\/\/jpevlogistics.com\/aproximadamente-2-000-camiones-permanecen-varados-en-el-principal-paso-entre-argentina-y-chile\/#primaryimage"},"thumbnailUrl":"https:\/\/jpevlogistics.com\/wp-content\/uploads\/2023\/06\/camiones-en-frontera-.webp","datePublished":"2023-06-27T19:23:40+00:00","dateModified":"2023-06-27T19:23:41+00:00","breadcrumb":{"@id":"https:\/\/jpevlogistics.com\/aproximadamente-2-000-camiones-permanecen-varados-en-el-principal-paso-entre-argentina-y-chile\/#breadcrumb"},"inLanguage":"en-US","potentialAction":[{"@type":"ReadAction","target":["https:\/\/jpevlogistics.com\/aproximadamente-2-000-camiones-permanecen-varados-en-el-principal-paso-entre-argentina-y-chile\/"]}]},{"@type":"ImageObject","inLanguage":"en-US","@id":"https:\/\/jpevlogistics.com\/aproximadamente-2-000-camiones-permanecen-varados-en-el-principal-paso-entre-argentina-y-chile\/#primaryimage","url":"https:\/\/jpevlogistics.com\/wp-content\/uploads\/2023\/06\/camiones-en-frontera-.webp","contentUrl":"https:\/\/jpevlogistics.com\/wp-content\/uploads\/2023\/06\/camiones-en-frontera-.webp","width":1440,"height":810},{"@type":"BreadcrumbList","@id":"https:\/\/jpevlogistics.com\/aproximadamente-2-000-camiones-permanecen-varados-en-el-principal-paso-entre-argentina-y-chile\/#breadcrumb","itemListElement":[{"@type":"ListItem","position":1,"name":"Portada","item":"https:\/\/jpevlogistics.com\/"},{"@type":"ListItem","position":2,"name":"Aproximadamente 2.000 camiones permanecen varados en el principal paso entre Argentina y Chile"}]},{"@type":"WebSite","@id":"https:\/\/jpevlogistics.com\/#website","url":"https:\/\/jpevlogistics.com\/","name":"JPEV Logistics","description":"","publisher":{"@id":"https:\/\/jpevlogistics.com\/#organization"},"potentialAction":[{"@type":"SearchAction","target":{"@type":"EntryPoint","urlTemplate":"https:\/\/jpevlogistics.com\/?s={search_term_string}"},"query-input":{"@type":"PropertyValueSpecification","valueRequired":true,"valueName":"search_term_string"}}],"inLanguage":"en-US"},{"@type":"Organization","@id":"https:\/\/jpevlogistics.com\/#organization","name":"JPEV Logistics","url":"https:\/\/jpevlogistics.com\/","logo":{"@type":"ImageObject","inLanguage":"en-US","@id":"https:\/\/jpevlogistics.com\/#\/schema\/logo\/image\/","url":"https:\/\/jpevlogistics.com\/wp-content\/uploads\/2020\/07\/logo.png","contentUrl":"https:\/\/jpevlogistics.com\/wp-content\/uploads\/2020\/07\/logo.png","width":214,"height":81,"caption":"JPEV Logistics"},"image":{"@id":"https:\/\/jpevlogistics.com\/#\/schema\/logo\/image\/"},"sameAs":["https:\/\/www.instagram.com\/jpevlogistics\/","https:\/\/www.linkedin.com\/company\/jpev-logistics\/"]},{"@type":"Person","@id":"https:\/\/jpevlogistics.com\/#\/schema\/person\/5cb83ed90e4ad10651470058bc190e62","name":"horacio","image":{"@type":"ImageObject","inLanguage":"en-US","@id":"https:\/\/secure.gravatar.com\/avatar\/49ba85a39487c51406dba7224109c3b2296f15c3dd1931dd024e3f540b12ea7d?s=96&d=mm&r=g","url":"https:\/\/secure.gravatar.com\/avatar\/49ba85a39487c51406dba7224109c3b2296f15c3dd1931dd024e3f540b12ea7d?s=96&d=mm&r=g","contentUrl":"https:\/\/secure.gravatar.com\/avatar\/49ba85a39487c51406dba7224109c3b2296f15c3dd1931dd024e3f540b12ea7d?s=96&d=mm&r=g","caption":"horacio"},"url":"https:\/\/jpevlogistics.com\/en\/author\/horacio\/"}]}},"_links":{"self":[{"href":"https:\/\/jpevlogistics.com\/en\/wp-json\/wp\/v2\/posts\/1871","targetHints":{"allow":["GET"]}}],"collection":[{"href":"https:\/\/jpevlogistics.com\/en\/wp-json\/wp\/v2\/posts"}],"about":[{"href":"https:\/\/jpevlogistics.com\/en\/wp-json\/wp\/v2\/types\/post"}],"author":[{"embeddable":true,"href":"https:\/\/jpevlogistics.com\/en\/wp-json\/wp\/v2\/users\/4"}],"replies":[{"embeddable":true,"href":"https:\/\/jpevlogistics.com\/en\/wp-json\/wp\/v2\/comments?post=1871"}],"version-history":[{"count":1,"href":"https:\/\/jpevlogistics.com\/en\/wp-json\/wp\/v2\/posts\/1871\/revisions"}],"predecessor-version":[{"id":1875,"href":"https:\/\/jpevlogistics.com\/en\/wp-json\/wp\/v2\/posts\/1871\/revisions\/1875"}],"wp:featuredmedia":[{"embeddable":true,"href":"https:\/\/jpevlogistics.com\/en\/wp-json\/wp\/v2\/media\/1872"}],"wp:attachment":[{"href":"https:\/\/jpevlogistics.com\/en\/wp-json\/wp\/v2\/media?parent=1871"}],"wp:term":[{"taxonomy":"category","embeddable":true,"href":"https:\/\/jpevlogistics.com\/en\/wp-json\/wp\/v2\/categories?post=1871"},{"taxonomy":"post_tag","embeddable":true,"href":"https:\/\/jpevlogistics.com\/en\/wp-json\/wp\/v2\/tags?post=1871"}],"curies":[{"name":"wp","href":"https:\/\/api.w.org\/{rel}","templated":true}]}}