{"id":1915,"date":"2023-06-30T23:32:20","date_gmt":"2023-06-30T23:32:20","guid":{"rendered":"https:\/\/jpevlogistics.com\/?p=1915"},"modified":"2023-06-30T23:32:21","modified_gmt":"2023-06-30T23:32:21","slug":"ultima-noticia-mas-de-3-000-camiones-varados-por-la-nieve-en-paso-fronterizo-entre-argentina-y-chile","status":"publish","type":"post","link":"https:\/\/jpevlogistics.com\/en\/ultima-noticia-mas-de-3-000-camiones-varados-por-la-nieve-en-paso-fronterizo-entre-argentina-y-chile\/","title":{"rendered":"Ultima noticia &#8211; M\u00e1s de 3.000 camiones varados por la nieve en paso fronterizo entre Argentina y Chile"},"content":{"rendered":"<figure class=\"wp-block-gallery has-nested-images columns-default is-cropped wp-block-gallery-1 is-layout-flex wp-block-gallery-is-layout-flex\">\n<figure class=\"wp-block-image size-large\"><img fetchpriority=\"high\" decoding=\"async\" width=\"655\" height=\"368\" data-id=\"1916\" src=\"https:\/\/jpevlogistics.com\/wp-content\/uploads\/2023\/06\/Frontera-cerrada.webp\" alt=\"\" class=\"wp-image-1916\" srcset=\"https:\/\/jpevlogistics.com\/wp-content\/uploads\/2023\/06\/Frontera-cerrada.webp 655w, https:\/\/jpevlogistics.com\/wp-content\/uploads\/2023\/06\/Frontera-cerrada-300x169.webp 300w\" sizes=\"(max-width: 655px) 100vw, 655px\" \/><\/figure>\n<\/figure>\n\n\n\n<h2 class=\"wp-block-heading\">Seg\u00fan la delegaci\u00f3n de Los Andes, &#8220;la ruta no es segura y no est\u00e1 en condiciones de ser transitada&#8221;. Los problemas no s\u00f3lo se deben al clima, sino tambi\u00e9n al estado cr\u00edtico de las rutas de la zona.<\/h2>\n\n\n\n<p>M\u00e1s de 2.000\u00a0<strong><a href=\"https:\/\/www.ambito.com\/informacion-general\/dos-camiones-chocaron-el-paseo-del-bajo-un-conductor-quedo-atrapado-y-herido-n5737944\" target=\"_blank\" rel=\"noreferrer noopener\">camiones<\/a><\/strong>\u00a0se encuentran varados durante este martes en el<strong>\u00a0<a href=\"https:\/\/www.ambito.com\/informacion-general\/paso-cristo-redentor-estiman-que-seguira-cerrado-una-semana-mas-el-temporal-n5754288\">paso fronterizo Cristo Redentor<\/a><\/strong>\u00a0que separa a Argentina de<a href=\"https:\/\/www.ambito.com\/mundo\/boric-insistira-la-reforma-tributaria-chile-n5671310\" target=\"_blank\" rel=\"noreferrer noopener\">\u00a0<strong>Chile<\/strong><\/a>, en medio de intensas nevadas y lluvias que afectan a las empresas y a a los grupos transportistas argentinos.<\/p>\n\n\n\n<p>La\u00a0<strong>Federaci\u00f3n Argentina de Entidades Empresarias del Autotransporte de Cargas (FADEEAC)<\/strong>\u00a0y la Asociaci\u00f3n Propietarios de Camiones de la provincia argentina de Mendoza (APROCAM) detallaron la situaci\u00f3n a trav\u00e9s de un comunicado: &#8220;Las condiciones clim\u00e1ticas en alta monta\u00f1a y los da\u00f1os provocados sobre la ruta a causa del fuerte temporal ocasionaron que m\u00e1s de 2.000 camiones se encuentren varados esperando por la apertura del paso Cristo Redentor&#8221;.<\/p>\n\n\n\n<p>La\u00a0<strong>Federaci\u00f3n Argentina de Entidades Empresarias del Autotransporte de Cargas (FADEEAC)<\/strong>\u00a0y la Asociaci\u00f3n Propietarios de Camiones de la provincia argentina de Mendoza (APROCAM) detallaron la situaci\u00f3n a trav\u00e9s de un comunicado: &#8220;Las condiciones clim\u00e1ticas en alta monta\u00f1a y los da\u00f1os provocados sobre la ruta a causa del fuerte temporal ocasionaron que m\u00e1s de 2.000 camiones se encuentren varados esperando por la apertura del paso Cristo Redentor&#8221;.<\/p>\n\n\n\n<h2 class=\"wp-block-heading\">Seg\u00fan las entidades, los problemas no s\u00f3lo se deben a las condiciones clim\u00e1ticas, sino tambi\u00e9n<strong>\u00a0al estado cr\u00edtico de las rutas de la zona<\/strong>, que se encuentran intransitables debido a los desprendimientos y las roturas. Por eso, reclamaron hacer los trabajos de reparaci\u00f3n.<\/h2>\n\n\n\n<p>&#8220;De haber estado en las condiciones adecuadas, se podr\u00eda haber explorado la posibilidad de desviar el tr\u00e1fico por esa v\u00eda y&nbsp;<strong>gestionar el paso de los camiones tanto de ida como de vuelta<\/strong>. Sin embargo, debido a su estado actual, el Pehuenche no es una opci\u00f3n viable&#8221;, agregaron las empresas en un comunicado.<\/p>\n\n\n\n<h2 class=\"wp-block-heading\">Cerrado el paso fronterizo de Mendoza<\/h2>\n\n\n\n<p>Si bien la ruta del lado argentino est\u00e1 despejada hasta la boca del t\u00fanel Cristo Redentor debido al de&nbsp;<strong>Vialidad Nacional de Argentina<\/strong>, el paso fronterizo de la provincia de Mendoza (centro-norte) s\u00ed permanece cerrado.<\/p>\n\n\n\n<p>La Delegaci\u00f3n Presidencial Provincial de Los Andes, por su parte, asegur\u00f3 que el paso fronterizo se encontrar\u00e1 cerrado durante una semana: &#8220;Se comunica a los usuarios del Sistema Integrado Cristo Redentor que el paso internacional permanecer\u00e1 cerrado durante siete d\u00edas, mientras se generan las condiciones de seguridad para un tr\u00e1nsito seguro por la ruta para los usuarios. Lo anterior, tras la inspecci\u00f3n en terreno por parte de las autoridades a los da\u00f1os generados por el sistema frontal que afect\u00f3 el sector cordillerano, por lo que se determin\u00f3 que&nbsp;<strong>la ruta no es segura y no est\u00e1 en condiciones de ser transitada<\/strong>&#8220;.<\/p>\n\n\n\n<p><\/p>","protected":false},"excerpt":{"rendered":"<p>Seg\u00fan la delegaci\u00f3n de Los Andes, &#8220;la ruta no es segura y no est\u00e1 en condiciones de ser transitada&#8221;. Los problemas no s\u00f3lo se deben al clima, sino tambi\u00e9n al estado cr\u00edtico de las rutas de la zona. M\u00e1s de 2.000\u00a0camiones\u00a0se encuentran varados durante este martes en el\u00a0paso fronterizo Cristo Redentor\u00a0que separa a Argentina de\u00a0Chile, [&hellip;]<\/p>\n","protected":false},"author":4,"featured_media":1916,"comment_status":"open","ping_status":"open","sticky":false,"template":"","format":"standard","meta":{"footnotes":""},"categories":[1],"tags":[],"class_list":["post-1915","post","type-post","status-publish","format-standard","has-post-thumbnail","hentry","category-sin-categoria"],"yoast_head":"<!-- This site is optimized with the Yoast SEO plugin v27.4 - https:\/\/yoast.com\/product\/yoast-seo-wordpress\/ -->\n<title>Ultima noticia - M\u00e1s de 3.000 camiones varados por la nieve en paso fronterizo entre Argentina y Chile - JPEV Logistics<\/title>\n<meta name=\"robots\" content=\"index, follow, max-snippet:-1, max-image-preview:large, max-video-preview:-1\" \/>\n<link rel=\"canonical\" href=\"https:\/\/jpevlogistics.com\/en\/ultima-noticia-mas-de-3-000-camiones-varados-por-la-nieve-en-paso-fronterizo-entre-argentina-y-chile\/\" \/>\n<meta property=\"og:locale\" content=\"en_US\" \/>\n<meta property=\"og:type\" content=\"article\" \/>\n<meta property=\"og:title\" content=\"Ultima noticia - M\u00e1s de 3.000 camiones varados por la nieve en paso fronterizo entre Argentina y Chile - JPEV Logistics\" \/>\n<meta property=\"og:description\" content=\"Seg\u00fan la delegaci\u00f3n de Los Andes, &#8220;la ruta no es segura y no est\u00e1 en condiciones de ser transitada&#8221;. Los problemas no s\u00f3lo se deben al clima, sino tambi\u00e9n al estado cr\u00edtico de las rutas de la zona. M\u00e1s de 2.000\u00a0camiones\u00a0se encuentran varados durante este martes en el\u00a0paso fronterizo Cristo Redentor\u00a0que separa a Argentina de\u00a0Chile, [&hellip;]\" \/>\n<meta property=\"og:url\" content=\"https:\/\/jpevlogistics.com\/en\/ultima-noticia-mas-de-3-000-camiones-varados-por-la-nieve-en-paso-fronterizo-entre-argentina-y-chile\/\" \/>\n<meta property=\"og:site_name\" content=\"JPEV Logistics\" \/>\n<meta property=\"article:published_time\" content=\"2023-06-30T23:32:20+00:00\" \/>\n<meta property=\"article:modified_time\" content=\"2023-06-30T23:32:21+00:00\" \/>\n<meta property=\"og:image\" content=\"https:\/\/jpevlogistics.com\/wp-content\/uploads\/2023\/06\/Frontera-cerrada.webp\" \/>\n\t<meta property=\"og:image:width\" content=\"655\" \/>\n\t<meta property=\"og:image:height\" content=\"368\" \/>\n\t<meta property=\"og:image:type\" content=\"image\/webp\" \/>\n<meta name=\"author\" content=\"horacio\" \/>\n<meta name=\"twitter:card\" content=\"summary_large_image\" \/>\n<meta name=\"twitter:label1\" content=\"Written by\" \/>\n\t<meta name=\"twitter:data1\" content=\"horacio\" \/>\n\t<meta name=\"twitter:label2\" content=\"Est. reading time\" \/>\n\t<meta name=\"twitter:data2\" content=\"3 minutes\" \/>\n<script type=\"application\/ld+json\" class=\"yoast-schema-graph\">{\"@context\":\"https:\\\/\\\/schema.org\",\"@graph\":[{\"@type\":\"Article\",\"@id\":\"https:\\\/\\\/jpevlogistics.com\\\/ultima-noticia-mas-de-3-000-camiones-varados-por-la-nieve-en-paso-fronterizo-entre-argentina-y-chile\\\/#article\",\"isPartOf\":{\"@id\":\"https:\\\/\\\/jpevlogistics.com\\\/ultima-noticia-mas-de-3-000-camiones-varados-por-la-nieve-en-paso-fronterizo-entre-argentina-y-chile\\\/\"},\"author\":{\"name\":\"horacio\",\"@id\":\"https:\\\/\\\/jpevlogistics.com\\\/#\\\/schema\\\/person\\\/5cb83ed90e4ad10651470058bc190e62\"},\"headline\":\"Ultima noticia &#8211; M\u00e1s de 3.000 camiones varados por la nieve en paso fronterizo entre Argentina y Chile\",\"datePublished\":\"2023-06-30T23:32:20+00:00\",\"dateModified\":\"2023-06-30T23:32:21+00:00\",\"mainEntityOfPage\":{\"@id\":\"https:\\\/\\\/jpevlogistics.com\\\/ultima-noticia-mas-de-3-000-camiones-varados-por-la-nieve-en-paso-fronterizo-entre-argentina-y-chile\\\/\"},\"wordCount\":507,\"commentCount\":0,\"publisher\":{\"@id\":\"https:\\\/\\\/jpevlogistics.com\\\/#organization\"},\"image\":{\"@id\":\"https:\\\/\\\/jpevlogistics.com\\\/ultima-noticia-mas-de-3-000-camiones-varados-por-la-nieve-en-paso-fronterizo-entre-argentina-y-chile\\\/#primaryimage\"},\"thumbnailUrl\":\"https:\\\/\\\/jpevlogistics.com\\\/wp-content\\\/uploads\\\/2023\\\/06\\\/Frontera-cerrada.webp\",\"articleSection\":[\"Sin categor\u00eda\"],\"inLanguage\":\"en-US\",\"potentialAction\":[{\"@type\":\"CommentAction\",\"name\":\"Comment\",\"target\":[\"https:\\\/\\\/jpevlogistics.com\\\/ultima-noticia-mas-de-3-000-camiones-varados-por-la-nieve-en-paso-fronterizo-entre-argentina-y-chile\\\/#respond\"]}]},{\"@type\":\"WebPage\",\"@id\":\"https:\\\/\\\/jpevlogistics.com\\\/ultima-noticia-mas-de-3-000-camiones-varados-por-la-nieve-en-paso-fronterizo-entre-argentina-y-chile\\\/\",\"url\":\"https:\\\/\\\/jpevlogistics.com\\\/ultima-noticia-mas-de-3-000-camiones-varados-por-la-nieve-en-paso-fronterizo-entre-argentina-y-chile\\\/\",\"name\":\"Ultima noticia - M\u00e1s de 3.000 camiones varados por la nieve en paso fronterizo entre Argentina y Chile - JPEV Logistics\",\"isPartOf\":{\"@id\":\"https:\\\/\\\/jpevlogistics.com\\\/#website\"},\"primaryImageOfPage\":{\"@id\":\"https:\\\/\\\/jpevlogistics.com\\\/ultima-noticia-mas-de-3-000-camiones-varados-por-la-nieve-en-paso-fronterizo-entre-argentina-y-chile\\\/#primaryimage\"},\"image\":{\"@id\":\"https:\\\/\\\/jpevlogistics.com\\\/ultima-noticia-mas-de-3-000-camiones-varados-por-la-nieve-en-paso-fronterizo-entre-argentina-y-chile\\\/#primaryimage\"},\"thumbnailUrl\":\"https:\\\/\\\/jpevlogistics.com\\\/wp-content\\\/uploads\\\/2023\\\/06\\\/Frontera-cerrada.webp\",\"datePublished\":\"2023-06-30T23:32:20+00:00\",\"dateModified\":\"2023-06-30T23:32:21+00:00\",\"breadcrumb\":{\"@id\":\"https:\\\/\\\/jpevlogistics.com\\\/ultima-noticia-mas-de-3-000-camiones-varados-por-la-nieve-en-paso-fronterizo-entre-argentina-y-chile\\\/#breadcrumb\"},\"inLanguage\":\"en-US\",\"potentialAction\":[{\"@type\":\"ReadAction\",\"target\":[\"https:\\\/\\\/jpevlogistics.com\\\/ultima-noticia-mas-de-3-000-camiones-varados-por-la-nieve-en-paso-fronterizo-entre-argentina-y-chile\\\/\"]}]},{\"@type\":\"ImageObject\",\"inLanguage\":\"en-US\",\"@id\":\"https:\\\/\\\/jpevlogistics.com\\\/ultima-noticia-mas-de-3-000-camiones-varados-por-la-nieve-en-paso-fronterizo-entre-argentina-y-chile\\\/#primaryimage\",\"url\":\"https:\\\/\\\/jpevlogistics.com\\\/wp-content\\\/uploads\\\/2023\\\/06\\\/Frontera-cerrada.webp\",\"contentUrl\":\"https:\\\/\\\/jpevlogistics.com\\\/wp-content\\\/uploads\\\/2023\\\/06\\\/Frontera-cerrada.webp\",\"width\":655,\"height\":368},{\"@type\":\"BreadcrumbList\",\"@id\":\"https:\\\/\\\/jpevlogistics.com\\\/ultima-noticia-mas-de-3-000-camiones-varados-por-la-nieve-en-paso-fronterizo-entre-argentina-y-chile\\\/#breadcrumb\",\"itemListElement\":[{\"@type\":\"ListItem\",\"position\":1,\"name\":\"Portada\",\"item\":\"https:\\\/\\\/jpevlogistics.com\\\/\"},{\"@type\":\"ListItem\",\"position\":2,\"name\":\"Ultima noticia &#8211; M\u00e1s de 3.000 camiones varados por la nieve en paso fronterizo entre Argentina y Chile\"}]},{\"@type\":\"WebSite\",\"@id\":\"https:\\\/\\\/jpevlogistics.com\\\/#website\",\"url\":\"https:\\\/\\\/jpevlogistics.com\\\/\",\"name\":\"JPEV Logistics\",\"description\":\"\",\"publisher\":{\"@id\":\"https:\\\/\\\/jpevlogistics.com\\\/#organization\"},\"potentialAction\":[{\"@type\":\"SearchAction\",\"target\":{\"@type\":\"EntryPoint\",\"urlTemplate\":\"https:\\\/\\\/jpevlogistics.com\\\/?s={search_term_string}\"},\"query-input\":{\"@type\":\"PropertyValueSpecification\",\"valueRequired\":true,\"valueName\":\"search_term_string\"}}],\"inLanguage\":\"en-US\"},{\"@type\":\"Organization\",\"@id\":\"https:\\\/\\\/jpevlogistics.com\\\/#organization\",\"name\":\"JPEV Logistics\",\"url\":\"https:\\\/\\\/jpevlogistics.com\\\/\",\"logo\":{\"@type\":\"ImageObject\",\"inLanguage\":\"en-US\",\"@id\":\"https:\\\/\\\/jpevlogistics.com\\\/#\\\/schema\\\/logo\\\/image\\\/\",\"url\":\"https:\\\/\\\/jpevlogistics.com\\\/wp-content\\\/uploads\\\/2020\\\/07\\\/logo.png\",\"contentUrl\":\"https:\\\/\\\/jpevlogistics.com\\\/wp-content\\\/uploads\\\/2020\\\/07\\\/logo.png\",\"width\":214,\"height\":81,\"caption\":\"JPEV Logistics\"},\"image\":{\"@id\":\"https:\\\/\\\/jpevlogistics.com\\\/#\\\/schema\\\/logo\\\/image\\\/\"},\"sameAs\":[\"https:\\\/\\\/www.instagram.com\\\/jpevlogistics\\\/\",\"https:\\\/\\\/www.linkedin.com\\\/company\\\/jpev-logistics\\\/\"]},{\"@type\":\"Person\",\"@id\":\"https:\\\/\\\/jpevlogistics.com\\\/#\\\/schema\\\/person\\\/5cb83ed90e4ad10651470058bc190e62\",\"name\":\"horacio\",\"image\":{\"@type\":\"ImageObject\",\"inLanguage\":\"en-US\",\"@id\":\"https:\\\/\\\/secure.gravatar.com\\\/avatar\\\/49ba85a39487c51406dba7224109c3b2296f15c3dd1931dd024e3f540b12ea7d?s=96&d=mm&r=g\",\"url\":\"https:\\\/\\\/secure.gravatar.com\\\/avatar\\\/49ba85a39487c51406dba7224109c3b2296f15c3dd1931dd024e3f540b12ea7d?s=96&d=mm&r=g\",\"contentUrl\":\"https:\\\/\\\/secure.gravatar.com\\\/avatar\\\/49ba85a39487c51406dba7224109c3b2296f15c3dd1931dd024e3f540b12ea7d?s=96&d=mm&r=g\",\"caption\":\"horacio\"},\"url\":\"https:\\\/\\\/jpevlogistics.com\\\/en\\\/author\\\/horacio\\\/\"}]}<\/script>\n<!-- \/ Yoast SEO plugin. -->","yoast_head_json":{"title":"Ultima noticia - M\u00e1s de 3.000 camiones varados por la nieve en paso fronterizo entre Argentina y Chile - JPEV Logistics","robots":{"index":"index","follow":"follow","max-snippet":"max-snippet:-1","max-image-preview":"max-image-preview:large","max-video-preview":"max-video-preview:-1"},"canonical":"https:\/\/jpevlogistics.com\/en\/ultima-noticia-mas-de-3-000-camiones-varados-por-la-nieve-en-paso-fronterizo-entre-argentina-y-chile\/","og_locale":"en_US","og_type":"article","og_title":"Ultima noticia - M\u00e1s de 3.000 camiones varados por la nieve en paso fronterizo entre Argentina y Chile - JPEV Logistics","og_description":"Seg\u00fan la delegaci\u00f3n de Los Andes, &#8220;la ruta no es segura y no est\u00e1 en condiciones de ser transitada&#8221;. Los problemas no s\u00f3lo se deben al clima, sino tambi\u00e9n al estado cr\u00edtico de las rutas de la zona. M\u00e1s de 2.000\u00a0camiones\u00a0se encuentran varados durante este martes en el\u00a0paso fronterizo Cristo Redentor\u00a0que separa a Argentina de\u00a0Chile, [&hellip;]","og_url":"https:\/\/jpevlogistics.com\/en\/ultima-noticia-mas-de-3-000-camiones-varados-por-la-nieve-en-paso-fronterizo-entre-argentina-y-chile\/","og_site_name":"JPEV Logistics","article_published_time":"2023-06-30T23:32:20+00:00","article_modified_time":"2023-06-30T23:32:21+00:00","og_image":[{"width":655,"height":368,"url":"https:\/\/jpevlogistics.com\/wp-content\/uploads\/2023\/06\/Frontera-cerrada.webp","type":"image\/webp"}],"author":"horacio","twitter_card":"summary_large_image","twitter_misc":{"Written by":"horacio","Est. reading time":"3 minutes"},"schema":{"@context":"https:\/\/schema.org","@graph":[{"@type":"Article","@id":"https:\/\/jpevlogistics.com\/ultima-noticia-mas-de-3-000-camiones-varados-por-la-nieve-en-paso-fronterizo-entre-argentina-y-chile\/#article","isPartOf":{"@id":"https:\/\/jpevlogistics.com\/ultima-noticia-mas-de-3-000-camiones-varados-por-la-nieve-en-paso-fronterizo-entre-argentina-y-chile\/"},"author":{"name":"horacio","@id":"https:\/\/jpevlogistics.com\/#\/schema\/person\/5cb83ed90e4ad10651470058bc190e62"},"headline":"Ultima noticia &#8211; M\u00e1s de 3.000 camiones varados por la nieve en paso fronterizo entre Argentina y Chile","datePublished":"2023-06-30T23:32:20+00:00","dateModified":"2023-06-30T23:32:21+00:00","mainEntityOfPage":{"@id":"https:\/\/jpevlogistics.com\/ultima-noticia-mas-de-3-000-camiones-varados-por-la-nieve-en-paso-fronterizo-entre-argentina-y-chile\/"},"wordCount":507,"commentCount":0,"publisher":{"@id":"https:\/\/jpevlogistics.com\/#organization"},"image":{"@id":"https:\/\/jpevlogistics.com\/ultima-noticia-mas-de-3-000-camiones-varados-por-la-nieve-en-paso-fronterizo-entre-argentina-y-chile\/#primaryimage"},"thumbnailUrl":"https:\/\/jpevlogistics.com\/wp-content\/uploads\/2023\/06\/Frontera-cerrada.webp","articleSection":["Sin categor\u00eda"],"inLanguage":"en-US","potentialAction":[{"@type":"CommentAction","name":"Comment","target":["https:\/\/jpevlogistics.com\/ultima-noticia-mas-de-3-000-camiones-varados-por-la-nieve-en-paso-fronterizo-entre-argentina-y-chile\/#respond"]}]},{"@type":"WebPage","@id":"https:\/\/jpevlogistics.com\/ultima-noticia-mas-de-3-000-camiones-varados-por-la-nieve-en-paso-fronterizo-entre-argentina-y-chile\/","url":"https:\/\/jpevlogistics.com\/ultima-noticia-mas-de-3-000-camiones-varados-por-la-nieve-en-paso-fronterizo-entre-argentina-y-chile\/","name":"Ultima noticia - M\u00e1s de 3.000 camiones varados por la nieve en paso fronterizo entre Argentina y Chile - JPEV Logistics","isPartOf":{"@id":"https:\/\/jpevlogistics.com\/#website"},"primaryImageOfPage":{"@id":"https:\/\/jpevlogistics.com\/ultima-noticia-mas-de-3-000-camiones-varados-por-la-nieve-en-paso-fronterizo-entre-argentina-y-chile\/#primaryimage"},"image":{"@id":"https:\/\/jpevlogistics.com\/ultima-noticia-mas-de-3-000-camiones-varados-por-la-nieve-en-paso-fronterizo-entre-argentina-y-chile\/#primaryimage"},"thumbnailUrl":"https:\/\/jpevlogistics.com\/wp-content\/uploads\/2023\/06\/Frontera-cerrada.webp","datePublished":"2023-06-30T23:32:20+00:00","dateModified":"2023-06-30T23:32:21+00:00","breadcrumb":{"@id":"https:\/\/jpevlogistics.com\/ultima-noticia-mas-de-3-000-camiones-varados-por-la-nieve-en-paso-fronterizo-entre-argentina-y-chile\/#breadcrumb"},"inLanguage":"en-US","potentialAction":[{"@type":"ReadAction","target":["https:\/\/jpevlogistics.com\/ultima-noticia-mas-de-3-000-camiones-varados-por-la-nieve-en-paso-fronterizo-entre-argentina-y-chile\/"]}]},{"@type":"ImageObject","inLanguage":"en-US","@id":"https:\/\/jpevlogistics.com\/ultima-noticia-mas-de-3-000-camiones-varados-por-la-nieve-en-paso-fronterizo-entre-argentina-y-chile\/#primaryimage","url":"https:\/\/jpevlogistics.com\/wp-content\/uploads\/2023\/06\/Frontera-cerrada.webp","contentUrl":"https:\/\/jpevlogistics.com\/wp-content\/uploads\/2023\/06\/Frontera-cerrada.webp","width":655,"height":368},{"@type":"BreadcrumbList","@id":"https:\/\/jpevlogistics.com\/ultima-noticia-mas-de-3-000-camiones-varados-por-la-nieve-en-paso-fronterizo-entre-argentina-y-chile\/#breadcrumb","itemListElement":[{"@type":"ListItem","position":1,"name":"Portada","item":"https:\/\/jpevlogistics.com\/"},{"@type":"ListItem","position":2,"name":"Ultima noticia &#8211; M\u00e1s de 3.000 camiones varados por la nieve en paso fronterizo entre Argentina y Chile"}]},{"@type":"WebSite","@id":"https:\/\/jpevlogistics.com\/#website","url":"https:\/\/jpevlogistics.com\/","name":"JPEV Logistics","description":"","publisher":{"@id":"https:\/\/jpevlogistics.com\/#organization"},"potentialAction":[{"@type":"SearchAction","target":{"@type":"EntryPoint","urlTemplate":"https:\/\/jpevlogistics.com\/?s={search_term_string}"},"query-input":{"@type":"PropertyValueSpecification","valueRequired":true,"valueName":"search_term_string"}}],"inLanguage":"en-US"},{"@type":"Organization","@id":"https:\/\/jpevlogistics.com\/#organization","name":"JPEV Logistics","url":"https:\/\/jpevlogistics.com\/","logo":{"@type":"ImageObject","inLanguage":"en-US","@id":"https:\/\/jpevlogistics.com\/#\/schema\/logo\/image\/","url":"https:\/\/jpevlogistics.com\/wp-content\/uploads\/2020\/07\/logo.png","contentUrl":"https:\/\/jpevlogistics.com\/wp-content\/uploads\/2020\/07\/logo.png","width":214,"height":81,"caption":"JPEV Logistics"},"image":{"@id":"https:\/\/jpevlogistics.com\/#\/schema\/logo\/image\/"},"sameAs":["https:\/\/www.instagram.com\/jpevlogistics\/","https:\/\/www.linkedin.com\/company\/jpev-logistics\/"]},{"@type":"Person","@id":"https:\/\/jpevlogistics.com\/#\/schema\/person\/5cb83ed90e4ad10651470058bc190e62","name":"horacio","image":{"@type":"ImageObject","inLanguage":"en-US","@id":"https:\/\/secure.gravatar.com\/avatar\/49ba85a39487c51406dba7224109c3b2296f15c3dd1931dd024e3f540b12ea7d?s=96&d=mm&r=g","url":"https:\/\/secure.gravatar.com\/avatar\/49ba85a39487c51406dba7224109c3b2296f15c3dd1931dd024e3f540b12ea7d?s=96&d=mm&r=g","contentUrl":"https:\/\/secure.gravatar.com\/avatar\/49ba85a39487c51406dba7224109c3b2296f15c3dd1931dd024e3f540b12ea7d?s=96&d=mm&r=g","caption":"horacio"},"url":"https:\/\/jpevlogistics.com\/en\/author\/horacio\/"}]}},"_links":{"self":[{"href":"https:\/\/jpevlogistics.com\/en\/wp-json\/wp\/v2\/posts\/1915","targetHints":{"allow":["GET"]}}],"collection":[{"href":"https:\/\/jpevlogistics.com\/en\/wp-json\/wp\/v2\/posts"}],"about":[{"href":"https:\/\/jpevlogistics.com\/en\/wp-json\/wp\/v2\/types\/post"}],"author":[{"embeddable":true,"href":"https:\/\/jpevlogistics.com\/en\/wp-json\/wp\/v2\/users\/4"}],"replies":[{"embeddable":true,"href":"https:\/\/jpevlogistics.com\/en\/wp-json\/wp\/v2\/comments?post=1915"}],"version-history":[{"count":1,"href":"https:\/\/jpevlogistics.com\/en\/wp-json\/wp\/v2\/posts\/1915\/revisions"}],"predecessor-version":[{"id":1917,"href":"https:\/\/jpevlogistics.com\/en\/wp-json\/wp\/v2\/posts\/1915\/revisions\/1917"}],"wp:featuredmedia":[{"embeddable":true,"href":"https:\/\/jpevlogistics.com\/en\/wp-json\/wp\/v2\/media\/1916"}],"wp:attachment":[{"href":"https:\/\/jpevlogistics.com\/en\/wp-json\/wp\/v2\/media?parent=1915"}],"wp:term":[{"taxonomy":"category","embeddable":true,"href":"https:\/\/jpevlogistics.com\/en\/wp-json\/wp\/v2\/categories?post=1915"},{"taxonomy":"post_tag","embeddable":true,"href":"https:\/\/jpevlogistics.com\/en\/wp-json\/wp\/v2\/tags?post=1915"}],"curies":[{"name":"wp","href":"https:\/\/api.w.org\/{rel}","templated":true}]}}