{"id":1930,"date":"2023-07-01T16:14:16","date_gmt":"2023-07-01T16:14:16","guid":{"rendered":"https:\/\/jpevlogistics.com\/?p=1930"},"modified":"2023-07-01T16:19:58","modified_gmt":"2023-07-01T16:19:58","slug":"vuelve-el-auge-del-servicio-maritimo-entre-brasil-y-chile","status":"publish","type":"post","link":"https:\/\/jpevlogistics.com\/en\/vuelve-el-auge-del-servicio-maritimo-entre-brasil-y-chile\/","title":{"rendered":"Vuelve el auge del servicio mar\u00edtimo entre Brasil y Chile."},"content":{"rendered":"<figure class=\"wp-block-gallery has-nested-images columns-default is-cropped wp-block-gallery-1 is-layout-flex wp-block-gallery-is-layout-flex\">\n<figure class=\"wp-block-image size-large\"><img fetchpriority=\"high\" decoding=\"async\" width=\"1024\" height=\"758\" data-id=\"1473\" src=\"https:\/\/jpevlogistics.com\/wp-content\/uploads\/2022\/03\/00C9EB08-BFBB-43A4-9D79-3E94E69AC5B9-1024x758.jpeg\" alt=\"\" class=\"wp-image-1473\" srcset=\"https:\/\/jpevlogistics.com\/wp-content\/uploads\/2022\/03\/00C9EB08-BFBB-43A4-9D79-3E94E69AC5B9-1024x758.jpeg 1024w, https:\/\/jpevlogistics.com\/wp-content\/uploads\/2022\/03\/00C9EB08-BFBB-43A4-9D79-3E94E69AC5B9-300x222.jpeg 300w, https:\/\/jpevlogistics.com\/wp-content\/uploads\/2022\/03\/00C9EB08-BFBB-43A4-9D79-3E94E69AC5B9-768x569.jpeg 768w, https:\/\/jpevlogistics.com\/wp-content\/uploads\/2022\/03\/00C9EB08-BFBB-43A4-9D79-3E94E69AC5B9.jpeg 1284w\" sizes=\"(max-width: 1024px) 100vw, 1024px\" \/><\/figure>\n<\/figure>\n\n\n\n<p>Nuestra experiencia nos indica que volver\u00eda el auge del servicio mar\u00edtimo entre Brasil y Chile , hoy los continuos aumentos de costos log\u00edsticos en el mundo terrestre hace que el mundo mar\u00edtimo vuelva a tener importancia , los fletes sobre mar siguen en bajada por el momento ( aunque no se sabe cual sera el piso) .<br>Otra problem\u00e1tica que enfrenta el servicio terrestre internacional es la poca infraestructura que tiene  el cruce en las fronteras entre Argentina y Chile .<br><\/p>\n\n\n\n<p>JPEV LOGISTICS SRL , se esta preparando para este cambio inminente, y ha comenzado las negociaciones con varios armadores mar\u00edtimos . As\u00ed tambi\u00e8n ha confirmado el acuerdo con su Corresponsal Brasile\u00f1o<strong> Cargo Ship<\/strong> ( www.cargoship.com.br) , con quien opera en conjunto hace mas de 10 a\u00f1os en Brasil,  para todo lo relacionado a los cargos en origen , retiros de carga , consolidaci\u00f3n de contenedores , almacenaje,etc.<br>En el puerto de San Antonio se pondr\u00e1 en marcha un almac\u00e9n para  el servicio de Almacenaje y desconsolidaci\u00f2n de contenedores como asi tambien de consolidaci\u00f3n donde se piensa manejar un volumen importante de contenedores provenientes no solo de Brasil , si no tambi\u00e9n de varios or\u00edgenes como China, Europa,etc  y mismo las cargas provenientes de Argentina en transito con destinos a terceros pa\u00edses , toda esta inversi\u00f3n posiciona a la empresa en un punto alto, mencionando  tambi\u00e9n que pr\u00f3ximamente estar\u00e1 siendo certificada por <strong>ISO9001:2015<\/strong><br><br>&#8230;&#8221;La logistica hoy en dia es un camino dif\u00edcil de transitar por los continuos cambios  donde de debe cuidar muy bien los intereses de los clientes&#8221;&#8230; ( Asi opino uno de los directores de la empresa)<\/p>\n\n\n\n<p><\/p>\n\n\n\n<figure class=\"wp-block-gallery has-nested-images columns-default is-cropped wp-block-gallery-2 is-layout-flex wp-block-gallery-is-layout-flex\">\n<figure class=\"wp-block-image size-large\"><img decoding=\"async\" width=\"1019\" height=\"1024\" data-id=\"1662\" src=\"https:\/\/jpevlogistics.com\/wp-content\/uploads\/2022\/08\/barco-5-1019x1024.jpg\" alt=\"\" class=\"wp-image-1662\" srcset=\"https:\/\/jpevlogistics.com\/wp-content\/uploads\/2022\/08\/barco-5-1019x1024.jpg 1019w, https:\/\/jpevlogistics.com\/wp-content\/uploads\/2022\/08\/barco-5-300x300.jpg 300w, https:\/\/jpevlogistics.com\/wp-content\/uploads\/2022\/08\/barco-5-150x150.jpg 150w, https:\/\/jpevlogistics.com\/wp-content\/uploads\/2022\/08\/barco-5-768x772.jpg 768w, https:\/\/jpevlogistics.com\/wp-content\/uploads\/2022\/08\/barco-5.jpg 1284w\" sizes=\"(max-width: 1019px) 100vw, 1019px\" \/><\/figure>\n<\/figure>","protected":false},"excerpt":{"rendered":"<p>Nuestra experiencia nos indica que volver\u00eda el auge del servicio mar\u00edtimo entre Brasil y Chile , hoy los continuos aumentos de costos log\u00edsticos en el mundo terrestre hace que el mundo mar\u00edtimo vuelva a tener importancia , los fletes sobre mar siguen en bajada por el momento ( aunque no se sabe cual sera el [&hellip;]<\/p>\n","protected":false},"author":4,"featured_media":1473,"comment_status":"open","ping_status":"open","sticky":false,"template":"","format":"standard","meta":{"footnotes":""},"categories":[1],"tags":[],"class_list":["post-1930","post","type-post","status-publish","format-standard","has-post-thumbnail","hentry","category-sin-categoria"],"yoast_head":"<!-- This site is optimized with the Yoast SEO plugin v27.4 - https:\/\/yoast.com\/product\/yoast-seo-wordpress\/ -->\n<title>Vuelve el auge del servicio mar\u00edtimo entre Brasil y Chile. - JPEV Logistics<\/title>\n<meta name=\"robots\" content=\"index, follow, max-snippet:-1, max-image-preview:large, max-video-preview:-1\" \/>\n<link rel=\"canonical\" href=\"https:\/\/jpevlogistics.com\/en\/vuelve-el-auge-del-servicio-maritimo-entre-brasil-y-chile\/\" \/>\n<meta property=\"og:locale\" content=\"en_US\" \/>\n<meta property=\"og:type\" content=\"article\" \/>\n<meta property=\"og:title\" content=\"Vuelve el auge del servicio mar\u00edtimo entre Brasil y Chile. - JPEV Logistics\" \/>\n<meta property=\"og:description\" content=\"Nuestra experiencia nos indica que volver\u00eda el auge del servicio mar\u00edtimo entre Brasil y Chile , hoy los continuos aumentos de costos log\u00edsticos en el mundo terrestre hace que el mundo mar\u00edtimo vuelva a tener importancia , los fletes sobre mar siguen en bajada por el momento ( aunque no se sabe cual sera el [&hellip;]\" \/>\n<meta property=\"og:url\" content=\"https:\/\/jpevlogistics.com\/en\/vuelve-el-auge-del-servicio-maritimo-entre-brasil-y-chile\/\" \/>\n<meta property=\"og:site_name\" content=\"JPEV Logistics\" \/>\n<meta property=\"article:published_time\" content=\"2023-07-01T16:14:16+00:00\" \/>\n<meta property=\"article:modified_time\" content=\"2023-07-01T16:19:58+00:00\" \/>\n<meta property=\"og:image\" content=\"https:\/\/jpevlogistics.com\/wp-content\/uploads\/2022\/03\/00C9EB08-BFBB-43A4-9D79-3E94E69AC5B9.jpeg\" \/>\n\t<meta property=\"og:image:width\" content=\"1284\" \/>\n\t<meta property=\"og:image:height\" content=\"951\" \/>\n\t<meta property=\"og:image:type\" content=\"image\/jpeg\" \/>\n<meta name=\"author\" content=\"horacio\" \/>\n<meta name=\"twitter:card\" content=\"summary_large_image\" \/>\n<meta name=\"twitter:label1\" content=\"Written by\" \/>\n\t<meta name=\"twitter:data1\" content=\"horacio\" \/>\n\t<meta name=\"twitter:label2\" content=\"Est. reading time\" \/>\n\t<meta name=\"twitter:data2\" content=\"2 minutes\" \/>\n<script type=\"application\/ld+json\" class=\"yoast-schema-graph\">{\"@context\":\"https:\\\/\\\/schema.org\",\"@graph\":[{\"@type\":\"Article\",\"@id\":\"https:\\\/\\\/jpevlogistics.com\\\/vuelve-el-auge-del-servicio-maritimo-entre-brasil-y-chile\\\/#article\",\"isPartOf\":{\"@id\":\"https:\\\/\\\/jpevlogistics.com\\\/vuelve-el-auge-del-servicio-maritimo-entre-brasil-y-chile\\\/\"},\"author\":{\"name\":\"horacio\",\"@id\":\"https:\\\/\\\/jpevlogistics.com\\\/#\\\/schema\\\/person\\\/5cb83ed90e4ad10651470058bc190e62\"},\"headline\":\"Vuelve el auge del servicio mar\u00edtimo entre Brasil y Chile.\",\"datePublished\":\"2023-07-01T16:14:16+00:00\",\"dateModified\":\"2023-07-01T16:19:58+00:00\",\"mainEntityOfPage\":{\"@id\":\"https:\\\/\\\/jpevlogistics.com\\\/vuelve-el-auge-del-servicio-maritimo-entre-brasil-y-chile\\\/\"},\"wordCount\":289,\"commentCount\":0,\"publisher\":{\"@id\":\"https:\\\/\\\/jpevlogistics.com\\\/#organization\"},\"image\":{\"@id\":\"https:\\\/\\\/jpevlogistics.com\\\/vuelve-el-auge-del-servicio-maritimo-entre-brasil-y-chile\\\/#primaryimage\"},\"thumbnailUrl\":\"https:\\\/\\\/jpevlogistics.com\\\/wp-content\\\/uploads\\\/2022\\\/03\\\/00C9EB08-BFBB-43A4-9D79-3E94E69AC5B9.jpeg\",\"articleSection\":[\"Sin categor\u00eda\"],\"inLanguage\":\"en-US\",\"potentialAction\":[{\"@type\":\"CommentAction\",\"name\":\"Comment\",\"target\":[\"https:\\\/\\\/jpevlogistics.com\\\/vuelve-el-auge-del-servicio-maritimo-entre-brasil-y-chile\\\/#respond\"]}]},{\"@type\":\"WebPage\",\"@id\":\"https:\\\/\\\/jpevlogistics.com\\\/vuelve-el-auge-del-servicio-maritimo-entre-brasil-y-chile\\\/\",\"url\":\"https:\\\/\\\/jpevlogistics.com\\\/vuelve-el-auge-del-servicio-maritimo-entre-brasil-y-chile\\\/\",\"name\":\"Vuelve el auge del servicio mar\u00edtimo entre Brasil y Chile. - JPEV Logistics\",\"isPartOf\":{\"@id\":\"https:\\\/\\\/jpevlogistics.com\\\/#website\"},\"primaryImageOfPage\":{\"@id\":\"https:\\\/\\\/jpevlogistics.com\\\/vuelve-el-auge-del-servicio-maritimo-entre-brasil-y-chile\\\/#primaryimage\"},\"image\":{\"@id\":\"https:\\\/\\\/jpevlogistics.com\\\/vuelve-el-auge-del-servicio-maritimo-entre-brasil-y-chile\\\/#primaryimage\"},\"thumbnailUrl\":\"https:\\\/\\\/jpevlogistics.com\\\/wp-content\\\/uploads\\\/2022\\\/03\\\/00C9EB08-BFBB-43A4-9D79-3E94E69AC5B9.jpeg\",\"datePublished\":\"2023-07-01T16:14:16+00:00\",\"dateModified\":\"2023-07-01T16:19:58+00:00\",\"breadcrumb\":{\"@id\":\"https:\\\/\\\/jpevlogistics.com\\\/vuelve-el-auge-del-servicio-maritimo-entre-brasil-y-chile\\\/#breadcrumb\"},\"inLanguage\":\"en-US\",\"potentialAction\":[{\"@type\":\"ReadAction\",\"target\":[\"https:\\\/\\\/jpevlogistics.com\\\/vuelve-el-auge-del-servicio-maritimo-entre-brasil-y-chile\\\/\"]}]},{\"@type\":\"ImageObject\",\"inLanguage\":\"en-US\",\"@id\":\"https:\\\/\\\/jpevlogistics.com\\\/vuelve-el-auge-del-servicio-maritimo-entre-brasil-y-chile\\\/#primaryimage\",\"url\":\"https:\\\/\\\/jpevlogistics.com\\\/wp-content\\\/uploads\\\/2022\\\/03\\\/00C9EB08-BFBB-43A4-9D79-3E94E69AC5B9.jpeg\",\"contentUrl\":\"https:\\\/\\\/jpevlogistics.com\\\/wp-content\\\/uploads\\\/2022\\\/03\\\/00C9EB08-BFBB-43A4-9D79-3E94E69AC5B9.jpeg\",\"width\":1284,\"height\":951},{\"@type\":\"BreadcrumbList\",\"@id\":\"https:\\\/\\\/jpevlogistics.com\\\/vuelve-el-auge-del-servicio-maritimo-entre-brasil-y-chile\\\/#breadcrumb\",\"itemListElement\":[{\"@type\":\"ListItem\",\"position\":1,\"name\":\"Portada\",\"item\":\"https:\\\/\\\/jpevlogistics.com\\\/\"},{\"@type\":\"ListItem\",\"position\":2,\"name\":\"Vuelve el auge del servicio mar\u00edtimo entre Brasil y Chile.\"}]},{\"@type\":\"WebSite\",\"@id\":\"https:\\\/\\\/jpevlogistics.com\\\/#website\",\"url\":\"https:\\\/\\\/jpevlogistics.com\\\/\",\"name\":\"JPEV Logistics\",\"description\":\"\",\"publisher\":{\"@id\":\"https:\\\/\\\/jpevlogistics.com\\\/#organization\"},\"potentialAction\":[{\"@type\":\"SearchAction\",\"target\":{\"@type\":\"EntryPoint\",\"urlTemplate\":\"https:\\\/\\\/jpevlogistics.com\\\/?s={search_term_string}\"},\"query-input\":{\"@type\":\"PropertyValueSpecification\",\"valueRequired\":true,\"valueName\":\"search_term_string\"}}],\"inLanguage\":\"en-US\"},{\"@type\":\"Organization\",\"@id\":\"https:\\\/\\\/jpevlogistics.com\\\/#organization\",\"name\":\"JPEV Logistics\",\"url\":\"https:\\\/\\\/jpevlogistics.com\\\/\",\"logo\":{\"@type\":\"ImageObject\",\"inLanguage\":\"en-US\",\"@id\":\"https:\\\/\\\/jpevlogistics.com\\\/#\\\/schema\\\/logo\\\/image\\\/\",\"url\":\"https:\\\/\\\/jpevlogistics.com\\\/wp-content\\\/uploads\\\/2020\\\/07\\\/logo.png\",\"contentUrl\":\"https:\\\/\\\/jpevlogistics.com\\\/wp-content\\\/uploads\\\/2020\\\/07\\\/logo.png\",\"width\":214,\"height\":81,\"caption\":\"JPEV Logistics\"},\"image\":{\"@id\":\"https:\\\/\\\/jpevlogistics.com\\\/#\\\/schema\\\/logo\\\/image\\\/\"},\"sameAs\":[\"https:\\\/\\\/www.instagram.com\\\/jpevlogistics\\\/\",\"https:\\\/\\\/www.linkedin.com\\\/company\\\/jpev-logistics\\\/\"]},{\"@type\":\"Person\",\"@id\":\"https:\\\/\\\/jpevlogistics.com\\\/#\\\/schema\\\/person\\\/5cb83ed90e4ad10651470058bc190e62\",\"name\":\"horacio\",\"image\":{\"@type\":\"ImageObject\",\"inLanguage\":\"en-US\",\"@id\":\"https:\\\/\\\/secure.gravatar.com\\\/avatar\\\/49ba85a39487c51406dba7224109c3b2296f15c3dd1931dd024e3f540b12ea7d?s=96&d=mm&r=g\",\"url\":\"https:\\\/\\\/secure.gravatar.com\\\/avatar\\\/49ba85a39487c51406dba7224109c3b2296f15c3dd1931dd024e3f540b12ea7d?s=96&d=mm&r=g\",\"contentUrl\":\"https:\\\/\\\/secure.gravatar.com\\\/avatar\\\/49ba85a39487c51406dba7224109c3b2296f15c3dd1931dd024e3f540b12ea7d?s=96&d=mm&r=g\",\"caption\":\"horacio\"},\"url\":\"https:\\\/\\\/jpevlogistics.com\\\/en\\\/author\\\/horacio\\\/\"}]}<\/script>\n<!-- \/ Yoast SEO plugin. -->","yoast_head_json":{"title":"Vuelve el auge del servicio mar\u00edtimo entre Brasil y Chile. - JPEV Logistics","robots":{"index":"index","follow":"follow","max-snippet":"max-snippet:-1","max-image-preview":"max-image-preview:large","max-video-preview":"max-video-preview:-1"},"canonical":"https:\/\/jpevlogistics.com\/en\/vuelve-el-auge-del-servicio-maritimo-entre-brasil-y-chile\/","og_locale":"en_US","og_type":"article","og_title":"Vuelve el auge del servicio mar\u00edtimo entre Brasil y Chile. - JPEV Logistics","og_description":"Nuestra experiencia nos indica que volver\u00eda el auge del servicio mar\u00edtimo entre Brasil y Chile , hoy los continuos aumentos de costos log\u00edsticos en el mundo terrestre hace que el mundo mar\u00edtimo vuelva a tener importancia , los fletes sobre mar siguen en bajada por el momento ( aunque no se sabe cual sera el [&hellip;]","og_url":"https:\/\/jpevlogistics.com\/en\/vuelve-el-auge-del-servicio-maritimo-entre-brasil-y-chile\/","og_site_name":"JPEV Logistics","article_published_time":"2023-07-01T16:14:16+00:00","article_modified_time":"2023-07-01T16:19:58+00:00","og_image":[{"width":1284,"height":951,"url":"https:\/\/jpevlogistics.com\/wp-content\/uploads\/2022\/03\/00C9EB08-BFBB-43A4-9D79-3E94E69AC5B9.jpeg","type":"image\/jpeg"}],"author":"horacio","twitter_card":"summary_large_image","twitter_misc":{"Written by":"horacio","Est. reading time":"2 minutes"},"schema":{"@context":"https:\/\/schema.org","@graph":[{"@type":"Article","@id":"https:\/\/jpevlogistics.com\/vuelve-el-auge-del-servicio-maritimo-entre-brasil-y-chile\/#article","isPartOf":{"@id":"https:\/\/jpevlogistics.com\/vuelve-el-auge-del-servicio-maritimo-entre-brasil-y-chile\/"},"author":{"name":"horacio","@id":"https:\/\/jpevlogistics.com\/#\/schema\/person\/5cb83ed90e4ad10651470058bc190e62"},"headline":"Vuelve el auge del servicio mar\u00edtimo entre Brasil y Chile.","datePublished":"2023-07-01T16:14:16+00:00","dateModified":"2023-07-01T16:19:58+00:00","mainEntityOfPage":{"@id":"https:\/\/jpevlogistics.com\/vuelve-el-auge-del-servicio-maritimo-entre-brasil-y-chile\/"},"wordCount":289,"commentCount":0,"publisher":{"@id":"https:\/\/jpevlogistics.com\/#organization"},"image":{"@id":"https:\/\/jpevlogistics.com\/vuelve-el-auge-del-servicio-maritimo-entre-brasil-y-chile\/#primaryimage"},"thumbnailUrl":"https:\/\/jpevlogistics.com\/wp-content\/uploads\/2022\/03\/00C9EB08-BFBB-43A4-9D79-3E94E69AC5B9.jpeg","articleSection":["Sin categor\u00eda"],"inLanguage":"en-US","potentialAction":[{"@type":"CommentAction","name":"Comment","target":["https:\/\/jpevlogistics.com\/vuelve-el-auge-del-servicio-maritimo-entre-brasil-y-chile\/#respond"]}]},{"@type":"WebPage","@id":"https:\/\/jpevlogistics.com\/vuelve-el-auge-del-servicio-maritimo-entre-brasil-y-chile\/","url":"https:\/\/jpevlogistics.com\/vuelve-el-auge-del-servicio-maritimo-entre-brasil-y-chile\/","name":"Vuelve el auge del servicio mar\u00edtimo entre Brasil y Chile. - JPEV Logistics","isPartOf":{"@id":"https:\/\/jpevlogistics.com\/#website"},"primaryImageOfPage":{"@id":"https:\/\/jpevlogistics.com\/vuelve-el-auge-del-servicio-maritimo-entre-brasil-y-chile\/#primaryimage"},"image":{"@id":"https:\/\/jpevlogistics.com\/vuelve-el-auge-del-servicio-maritimo-entre-brasil-y-chile\/#primaryimage"},"thumbnailUrl":"https:\/\/jpevlogistics.com\/wp-content\/uploads\/2022\/03\/00C9EB08-BFBB-43A4-9D79-3E94E69AC5B9.jpeg","datePublished":"2023-07-01T16:14:16+00:00","dateModified":"2023-07-01T16:19:58+00:00","breadcrumb":{"@id":"https:\/\/jpevlogistics.com\/vuelve-el-auge-del-servicio-maritimo-entre-brasil-y-chile\/#breadcrumb"},"inLanguage":"en-US","potentialAction":[{"@type":"ReadAction","target":["https:\/\/jpevlogistics.com\/vuelve-el-auge-del-servicio-maritimo-entre-brasil-y-chile\/"]}]},{"@type":"ImageObject","inLanguage":"en-US","@id":"https:\/\/jpevlogistics.com\/vuelve-el-auge-del-servicio-maritimo-entre-brasil-y-chile\/#primaryimage","url":"https:\/\/jpevlogistics.com\/wp-content\/uploads\/2022\/03\/00C9EB08-BFBB-43A4-9D79-3E94E69AC5B9.jpeg","contentUrl":"https:\/\/jpevlogistics.com\/wp-content\/uploads\/2022\/03\/00C9EB08-BFBB-43A4-9D79-3E94E69AC5B9.jpeg","width":1284,"height":951},{"@type":"BreadcrumbList","@id":"https:\/\/jpevlogistics.com\/vuelve-el-auge-del-servicio-maritimo-entre-brasil-y-chile\/#breadcrumb","itemListElement":[{"@type":"ListItem","position":1,"name":"Portada","item":"https:\/\/jpevlogistics.com\/"},{"@type":"ListItem","position":2,"name":"Vuelve el auge del servicio mar\u00edtimo entre Brasil y Chile."}]},{"@type":"WebSite","@id":"https:\/\/jpevlogistics.com\/#website","url":"https:\/\/jpevlogistics.com\/","name":"JPEV Logistics","description":"","publisher":{"@id":"https:\/\/jpevlogistics.com\/#organization"},"potentialAction":[{"@type":"SearchAction","target":{"@type":"EntryPoint","urlTemplate":"https:\/\/jpevlogistics.com\/?s={search_term_string}"},"query-input":{"@type":"PropertyValueSpecification","valueRequired":true,"valueName":"search_term_string"}}],"inLanguage":"en-US"},{"@type":"Organization","@id":"https:\/\/jpevlogistics.com\/#organization","name":"JPEV Logistics","url":"https:\/\/jpevlogistics.com\/","logo":{"@type":"ImageObject","inLanguage":"en-US","@id":"https:\/\/jpevlogistics.com\/#\/schema\/logo\/image\/","url":"https:\/\/jpevlogistics.com\/wp-content\/uploads\/2020\/07\/logo.png","contentUrl":"https:\/\/jpevlogistics.com\/wp-content\/uploads\/2020\/07\/logo.png","width":214,"height":81,"caption":"JPEV Logistics"},"image":{"@id":"https:\/\/jpevlogistics.com\/#\/schema\/logo\/image\/"},"sameAs":["https:\/\/www.instagram.com\/jpevlogistics\/","https:\/\/www.linkedin.com\/company\/jpev-logistics\/"]},{"@type":"Person","@id":"https:\/\/jpevlogistics.com\/#\/schema\/person\/5cb83ed90e4ad10651470058bc190e62","name":"horacio","image":{"@type":"ImageObject","inLanguage":"en-US","@id":"https:\/\/secure.gravatar.com\/avatar\/49ba85a39487c51406dba7224109c3b2296f15c3dd1931dd024e3f540b12ea7d?s=96&d=mm&r=g","url":"https:\/\/secure.gravatar.com\/avatar\/49ba85a39487c51406dba7224109c3b2296f15c3dd1931dd024e3f540b12ea7d?s=96&d=mm&r=g","contentUrl":"https:\/\/secure.gravatar.com\/avatar\/49ba85a39487c51406dba7224109c3b2296f15c3dd1931dd024e3f540b12ea7d?s=96&d=mm&r=g","caption":"horacio"},"url":"https:\/\/jpevlogistics.com\/en\/author\/horacio\/"}]}},"_links":{"self":[{"href":"https:\/\/jpevlogistics.com\/en\/wp-json\/wp\/v2\/posts\/1930","targetHints":{"allow":["GET"]}}],"collection":[{"href":"https:\/\/jpevlogistics.com\/en\/wp-json\/wp\/v2\/posts"}],"about":[{"href":"https:\/\/jpevlogistics.com\/en\/wp-json\/wp\/v2\/types\/post"}],"author":[{"embeddable":true,"href":"https:\/\/jpevlogistics.com\/en\/wp-json\/wp\/v2\/users\/4"}],"replies":[{"embeddable":true,"href":"https:\/\/jpevlogistics.com\/en\/wp-json\/wp\/v2\/comments?post=1930"}],"version-history":[{"count":3,"href":"https:\/\/jpevlogistics.com\/en\/wp-json\/wp\/v2\/posts\/1930\/revisions"}],"predecessor-version":[{"id":1936,"href":"https:\/\/jpevlogistics.com\/en\/wp-json\/wp\/v2\/posts\/1930\/revisions\/1936"}],"wp:featuredmedia":[{"embeddable":true,"href":"https:\/\/jpevlogistics.com\/en\/wp-json\/wp\/v2\/media\/1473"}],"wp:attachment":[{"href":"https:\/\/jpevlogistics.com\/en\/wp-json\/wp\/v2\/media?parent=1930"}],"wp:term":[{"taxonomy":"category","embeddable":true,"href":"https:\/\/jpevlogistics.com\/en\/wp-json\/wp\/v2\/categories?post=1930"},{"taxonomy":"post_tag","embeddable":true,"href":"https:\/\/jpevlogistics.com\/en\/wp-json\/wp\/v2\/tags?post=1930"}],"curies":[{"name":"wp","href":"https:\/\/api.w.org\/{rel}","templated":true}]}}