{"id":1937,"date":"2023-07-02T12:12:52","date_gmt":"2023-07-02T12:12:52","guid":{"rendered":"https:\/\/jpevlogistics.com\/?p=1937"},"modified":"2023-07-02T12:19:16","modified_gmt":"2023-07-02T12:19:16","slug":"cuando-abrira-el-paso-los-libertadores-frontera-entre-argentina-y-chile","status":"publish","type":"post","link":"https:\/\/jpevlogistics.com\/en\/cuando-abrira-el-paso-los-libertadores-frontera-entre-argentina-y-chile\/","title":{"rendered":"\u00bfCu\u00e1ndo abrir\u00e1 el Paso Los Libertadores? Frontera entre Argentina y Chile"},"content":{"rendered":"<figure class=\"wp-block-gallery has-nested-images columns-default is-cropped wp-block-gallery-1 is-layout-flex wp-block-gallery-is-layout-flex\">\n<figure class=\"wp-block-image size-large\"><img fetchpriority=\"high\" decoding=\"async\" width=\"600\" height=\"400\" data-id=\"1942\" src=\"https:\/\/jpevlogistics.com\/wp-content\/uploads\/2023\/07\/libertadores-cerrado-1.png\" alt=\"\" class=\"wp-image-1942\" srcset=\"https:\/\/jpevlogistics.com\/wp-content\/uploads\/2023\/07\/libertadores-cerrado-1.png 600w, https:\/\/jpevlogistics.com\/wp-content\/uploads\/2023\/07\/libertadores-cerrado-1-300x200.png 300w\" sizes=\"(max-width: 600px) 100vw, 600px\" \/><\/figure>\n<\/figure>\n\n\n\n<p>Tras supervisar los trabajados de emergencia en la&nbsp;<strong>Ruta Internacional 60-CH<\/strong>, La ministra de Obras P\u00fablicas chilena,&nbsp;<strong>Jessica L\u00f3pez<\/strong> confirm\u00f3 que \u201c<strong><mark>estimamos el viernes 7 de julio habilitar la ruta hasta el Paso Los Libertadores&nbsp;con una pista ( tramo) y con restricciones de tr\u00e1nsito<\/mark><\/strong>\u201d.<\/p>\n\n\n\n<p>L\u00f3pez asegur\u00f3 que \u201c<strong><span><i>Para restablecer el tr\u00e1nsito hacia&nbsp;<\/i><\/span><\/strong>Argentina<strong><span><i>&nbsp;con las dos via estimamos que deber\u00e1n continuar los trabajos, en principio,&nbsp;hasta el viernes 14 de julio<\/i><\/span><\/strong> aproximadamente\u201d.<\/p>\n\n\n\n<p>\u201c<em><strong>Se mantendr\u00e1n los trabajos<\/strong>,<strong>&nbsp;porque es donde hubo mayor afectaci\u00f3n<\/strong>, donde unas&nbsp;rocas gigantes destruyeron el pavimento&nbsp;y se produjeron varios derrumbes<\/em>\u201d, explic\u00f3.<\/p>\n\n\n\n<p>En ese sentido, la ministra del MOP expuso que el tr\u00e1nsito se mantendr\u00e1 \u201c<strong>hasta el kil\u00f3metros 83&nbsp;con restricciones de tr\u00e1nsito, con una sola pista,<\/strong>&nbsp;donde hay que pasar a muy baja velocidad y con restricciones de peso, s\u00f3lo para veh\u00edculos livianos y camiones de hasta 45 toneladas maximo\u201d.<\/p>\n\n\n\n<h2 class=\"wp-block-heading\">\u00bfQu\u00e9 se sabe de los trabajos de reparaci\u00f3n?<\/h2>\n\n\n\n<p>De momento se han utilizado un total de&nbsp;<strong>siete maquinas<\/strong>, entre ellas&nbsp;<strong>retroexcavadora, cargador frontal, motoniveladora y camiones<\/strong>, adicionalmente se han sumado&nbsp;<strong>46 trabajadores y 15 maquinas<\/strong>&nbsp;del contrato global de mantenci\u00f3n en la ruta.<\/p>\n\n\n\n<p>Por otra parte, se han desplegado un total de&nbsp;<strong>20 funcionarios y funcionarias<\/strong>&nbsp;que se encuentran distribuidos en los sectores de&nbsp;<strong>Portillo<\/strong>y&nbsp;<strong>Guardia Vieja<\/strong>.<\/p>\n\n\n\n<p><\/p>\n\n\n\n<p><a href=\"https:\/\/redgol.cl\/tendencias\/cuanto-sale-viajar-a-argentina-desde-chile-en-avion-bus-o-auto-20230527-RDG-10328.html\"><\/a><\/p>\n\n\n\n<figure class=\"wp-block-image size-large\"><img decoding=\"async\" width=\"1024\" height=\"576\" src=\"https:\/\/jpevlogistics.com\/wp-content\/uploads\/2023\/07\/frontera-chile-nieve-1024x576.jpeg\" alt=\"\" class=\"wp-image-1939\" srcset=\"https:\/\/jpevlogistics.com\/wp-content\/uploads\/2023\/07\/frontera-chile-nieve-1024x576.jpeg 1024w, https:\/\/jpevlogistics.com\/wp-content\/uploads\/2023\/07\/frontera-chile-nieve-300x169.jpeg 300w, https:\/\/jpevlogistics.com\/wp-content\/uploads\/2023\/07\/frontera-chile-nieve-768x432.jpeg 768w, https:\/\/jpevlogistics.com\/wp-content\/uploads\/2023\/07\/frontera-chile-nieve.jpeg 1280w\" sizes=\"(max-width: 1024px) 100vw, 1024px\" \/><\/figure>","protected":false},"excerpt":{"rendered":"<p>Tras supervisar los trabajados de emergencia en la&nbsp;Ruta Internacional 60-CH, La ministra de Obras P\u00fablicas chilena,&nbsp;Jessica L\u00f3pez confirm\u00f3 que \u201cestimamos el viernes 7 de julio habilitar la ruta hasta el Paso Los Libertadores&nbsp;con una pista ( tramo) y con restricciones de tr\u00e1nsito\u201d. L\u00f3pez asegur\u00f3 que \u201cPara restablecer el tr\u00e1nsito hacia&nbsp;Argentina&nbsp;con las dos via estimamos que [&hellip;]<\/p>\n","protected":false},"author":4,"featured_media":1942,"comment_status":"open","ping_status":"open","sticky":false,"template":"","format":"standard","meta":{"footnotes":""},"categories":[1],"tags":[],"class_list":["post-1937","post","type-post","status-publish","format-standard","has-post-thumbnail","hentry","category-sin-categoria"],"yoast_head":"<!-- This site is optimized with the Yoast SEO plugin v27.4 - https:\/\/yoast.com\/product\/yoast-seo-wordpress\/ -->\n<title>\u00bfCu\u00e1ndo abrir\u00e1 el Paso Los Libertadores? Frontera entre Argentina y Chile - JPEV Logistics<\/title>\n<meta name=\"robots\" content=\"index, follow, max-snippet:-1, max-image-preview:large, max-video-preview:-1\" \/>\n<link rel=\"canonical\" href=\"https:\/\/jpevlogistics.com\/en\/cuando-abrira-el-paso-los-libertadores-frontera-entre-argentina-y-chile\/\" \/>\n<meta property=\"og:locale\" content=\"en_US\" \/>\n<meta property=\"og:type\" content=\"article\" \/>\n<meta property=\"og:title\" content=\"\u00bfCu\u00e1ndo abrir\u00e1 el Paso Los Libertadores? Frontera entre Argentina y Chile - JPEV Logistics\" \/>\n<meta property=\"og:description\" content=\"Tras supervisar los trabajados de emergencia en la&nbsp;Ruta Internacional 60-CH, La ministra de Obras P\u00fablicas chilena,&nbsp;Jessica L\u00f3pez confirm\u00f3 que \u201cestimamos el viernes 7 de julio habilitar la ruta hasta el Paso Los Libertadores&nbsp;con una pista ( tramo) y con restricciones de tr\u00e1nsito\u201d. L\u00f3pez asegur\u00f3 que \u201cPara restablecer el tr\u00e1nsito hacia&nbsp;Argentina&nbsp;con las dos via estimamos que [&hellip;]\" \/>\n<meta property=\"og:url\" content=\"https:\/\/jpevlogistics.com\/en\/cuando-abrira-el-paso-los-libertadores-frontera-entre-argentina-y-chile\/\" \/>\n<meta property=\"og:site_name\" content=\"JPEV Logistics\" \/>\n<meta property=\"article:published_time\" content=\"2023-07-02T12:12:52+00:00\" \/>\n<meta property=\"article:modified_time\" content=\"2023-07-02T12:19:16+00:00\" \/>\n<meta property=\"og:image\" content=\"https:\/\/jpevlogistics.com\/wp-content\/uploads\/2023\/07\/libertadores-cerrado-1.png\" \/>\n\t<meta property=\"og:image:width\" content=\"600\" \/>\n\t<meta property=\"og:image:height\" content=\"400\" \/>\n\t<meta property=\"og:image:type\" content=\"image\/png\" \/>\n<meta name=\"author\" content=\"horacio\" \/>\n<meta name=\"twitter:card\" content=\"summary_large_image\" \/>\n<meta name=\"twitter:label1\" content=\"Written by\" \/>\n\t<meta name=\"twitter:data1\" content=\"horacio\" \/>\n\t<meta name=\"twitter:label2\" content=\"Est. reading time\" \/>\n\t<meta name=\"twitter:data2\" content=\"2 minutes\" \/>\n<script type=\"application\/ld+json\" class=\"yoast-schema-graph\">{\"@context\":\"https:\\\/\\\/schema.org\",\"@graph\":[{\"@type\":\"Article\",\"@id\":\"https:\\\/\\\/jpevlogistics.com\\\/cuando-abrira-el-paso-los-libertadores-frontera-entre-argentina-y-chile\\\/#article\",\"isPartOf\":{\"@id\":\"https:\\\/\\\/jpevlogistics.com\\\/cuando-abrira-el-paso-los-libertadores-frontera-entre-argentina-y-chile\\\/\"},\"author\":{\"name\":\"horacio\",\"@id\":\"https:\\\/\\\/jpevlogistics.com\\\/#\\\/schema\\\/person\\\/5cb83ed90e4ad10651470058bc190e62\"},\"headline\":\"\u00bfCu\u00e1ndo abrir\u00e1 el Paso Los Libertadores? Frontera entre Argentina y Chile\",\"datePublished\":\"2023-07-02T12:12:52+00:00\",\"dateModified\":\"2023-07-02T12:19:16+00:00\",\"mainEntityOfPage\":{\"@id\":\"https:\\\/\\\/jpevlogistics.com\\\/cuando-abrira-el-paso-los-libertadores-frontera-entre-argentina-y-chile\\\/\"},\"wordCount\":250,\"commentCount\":0,\"publisher\":{\"@id\":\"https:\\\/\\\/jpevlogistics.com\\\/#organization\"},\"image\":{\"@id\":\"https:\\\/\\\/jpevlogistics.com\\\/cuando-abrira-el-paso-los-libertadores-frontera-entre-argentina-y-chile\\\/#primaryimage\"},\"thumbnailUrl\":\"https:\\\/\\\/jpevlogistics.com\\\/wp-content\\\/uploads\\\/2023\\\/07\\\/libertadores-cerrado-1.png\",\"articleSection\":[\"Sin categor\u00eda\"],\"inLanguage\":\"en-US\",\"potentialAction\":[{\"@type\":\"CommentAction\",\"name\":\"Comment\",\"target\":[\"https:\\\/\\\/jpevlogistics.com\\\/cuando-abrira-el-paso-los-libertadores-frontera-entre-argentina-y-chile\\\/#respond\"]}]},{\"@type\":\"WebPage\",\"@id\":\"https:\\\/\\\/jpevlogistics.com\\\/cuando-abrira-el-paso-los-libertadores-frontera-entre-argentina-y-chile\\\/\",\"url\":\"https:\\\/\\\/jpevlogistics.com\\\/cuando-abrira-el-paso-los-libertadores-frontera-entre-argentina-y-chile\\\/\",\"name\":\"\u00bfCu\u00e1ndo abrir\u00e1 el Paso Los Libertadores? Frontera entre Argentina y Chile - JPEV Logistics\",\"isPartOf\":{\"@id\":\"https:\\\/\\\/jpevlogistics.com\\\/#website\"},\"primaryImageOfPage\":{\"@id\":\"https:\\\/\\\/jpevlogistics.com\\\/cuando-abrira-el-paso-los-libertadores-frontera-entre-argentina-y-chile\\\/#primaryimage\"},\"image\":{\"@id\":\"https:\\\/\\\/jpevlogistics.com\\\/cuando-abrira-el-paso-los-libertadores-frontera-entre-argentina-y-chile\\\/#primaryimage\"},\"thumbnailUrl\":\"https:\\\/\\\/jpevlogistics.com\\\/wp-content\\\/uploads\\\/2023\\\/07\\\/libertadores-cerrado-1.png\",\"datePublished\":\"2023-07-02T12:12:52+00:00\",\"dateModified\":\"2023-07-02T12:19:16+00:00\",\"breadcrumb\":{\"@id\":\"https:\\\/\\\/jpevlogistics.com\\\/cuando-abrira-el-paso-los-libertadores-frontera-entre-argentina-y-chile\\\/#breadcrumb\"},\"inLanguage\":\"en-US\",\"potentialAction\":[{\"@type\":\"ReadAction\",\"target\":[\"https:\\\/\\\/jpevlogistics.com\\\/cuando-abrira-el-paso-los-libertadores-frontera-entre-argentina-y-chile\\\/\"]}]},{\"@type\":\"ImageObject\",\"inLanguage\":\"en-US\",\"@id\":\"https:\\\/\\\/jpevlogistics.com\\\/cuando-abrira-el-paso-los-libertadores-frontera-entre-argentina-y-chile\\\/#primaryimage\",\"url\":\"https:\\\/\\\/jpevlogistics.com\\\/wp-content\\\/uploads\\\/2023\\\/07\\\/libertadores-cerrado-1.png\",\"contentUrl\":\"https:\\\/\\\/jpevlogistics.com\\\/wp-content\\\/uploads\\\/2023\\\/07\\\/libertadores-cerrado-1.png\",\"width\":600,\"height\":400},{\"@type\":\"BreadcrumbList\",\"@id\":\"https:\\\/\\\/jpevlogistics.com\\\/cuando-abrira-el-paso-los-libertadores-frontera-entre-argentina-y-chile\\\/#breadcrumb\",\"itemListElement\":[{\"@type\":\"ListItem\",\"position\":1,\"name\":\"Portada\",\"item\":\"https:\\\/\\\/jpevlogistics.com\\\/\"},{\"@type\":\"ListItem\",\"position\":2,\"name\":\"\u00bfCu\u00e1ndo abrir\u00e1 el Paso Los Libertadores? Frontera entre Argentina y Chile\"}]},{\"@type\":\"WebSite\",\"@id\":\"https:\\\/\\\/jpevlogistics.com\\\/#website\",\"url\":\"https:\\\/\\\/jpevlogistics.com\\\/\",\"name\":\"JPEV Logistics\",\"description\":\"\",\"publisher\":{\"@id\":\"https:\\\/\\\/jpevlogistics.com\\\/#organization\"},\"potentialAction\":[{\"@type\":\"SearchAction\",\"target\":{\"@type\":\"EntryPoint\",\"urlTemplate\":\"https:\\\/\\\/jpevlogistics.com\\\/?s={search_term_string}\"},\"query-input\":{\"@type\":\"PropertyValueSpecification\",\"valueRequired\":true,\"valueName\":\"search_term_string\"}}],\"inLanguage\":\"en-US\"},{\"@type\":\"Organization\",\"@id\":\"https:\\\/\\\/jpevlogistics.com\\\/#organization\",\"name\":\"JPEV Logistics\",\"url\":\"https:\\\/\\\/jpevlogistics.com\\\/\",\"logo\":{\"@type\":\"ImageObject\",\"inLanguage\":\"en-US\",\"@id\":\"https:\\\/\\\/jpevlogistics.com\\\/#\\\/schema\\\/logo\\\/image\\\/\",\"url\":\"https:\\\/\\\/jpevlogistics.com\\\/wp-content\\\/uploads\\\/2020\\\/07\\\/logo.png\",\"contentUrl\":\"https:\\\/\\\/jpevlogistics.com\\\/wp-content\\\/uploads\\\/2020\\\/07\\\/logo.png\",\"width\":214,\"height\":81,\"caption\":\"JPEV Logistics\"},\"image\":{\"@id\":\"https:\\\/\\\/jpevlogistics.com\\\/#\\\/schema\\\/logo\\\/image\\\/\"},\"sameAs\":[\"https:\\\/\\\/www.instagram.com\\\/jpevlogistics\\\/\",\"https:\\\/\\\/www.linkedin.com\\\/company\\\/jpev-logistics\\\/\"]},{\"@type\":\"Person\",\"@id\":\"https:\\\/\\\/jpevlogistics.com\\\/#\\\/schema\\\/person\\\/5cb83ed90e4ad10651470058bc190e62\",\"name\":\"horacio\",\"image\":{\"@type\":\"ImageObject\",\"inLanguage\":\"en-US\",\"@id\":\"https:\\\/\\\/secure.gravatar.com\\\/avatar\\\/49ba85a39487c51406dba7224109c3b2296f15c3dd1931dd024e3f540b12ea7d?s=96&d=mm&r=g\",\"url\":\"https:\\\/\\\/secure.gravatar.com\\\/avatar\\\/49ba85a39487c51406dba7224109c3b2296f15c3dd1931dd024e3f540b12ea7d?s=96&d=mm&r=g\",\"contentUrl\":\"https:\\\/\\\/secure.gravatar.com\\\/avatar\\\/49ba85a39487c51406dba7224109c3b2296f15c3dd1931dd024e3f540b12ea7d?s=96&d=mm&r=g\",\"caption\":\"horacio\"},\"url\":\"https:\\\/\\\/jpevlogistics.com\\\/en\\\/author\\\/horacio\\\/\"}]}<\/script>\n<!-- \/ Yoast SEO plugin. -->","yoast_head_json":{"title":"\u00bfCu\u00e1ndo abrir\u00e1 el Paso Los Libertadores? Frontera entre Argentina y Chile - JPEV Logistics","robots":{"index":"index","follow":"follow","max-snippet":"max-snippet:-1","max-image-preview":"max-image-preview:large","max-video-preview":"max-video-preview:-1"},"canonical":"https:\/\/jpevlogistics.com\/en\/cuando-abrira-el-paso-los-libertadores-frontera-entre-argentina-y-chile\/","og_locale":"en_US","og_type":"article","og_title":"\u00bfCu\u00e1ndo abrir\u00e1 el Paso Los Libertadores? Frontera entre Argentina y Chile - JPEV Logistics","og_description":"Tras supervisar los trabajados de emergencia en la&nbsp;Ruta Internacional 60-CH, La ministra de Obras P\u00fablicas chilena,&nbsp;Jessica L\u00f3pez confirm\u00f3 que \u201cestimamos el viernes 7 de julio habilitar la ruta hasta el Paso Los Libertadores&nbsp;con una pista ( tramo) y con restricciones de tr\u00e1nsito\u201d. L\u00f3pez asegur\u00f3 que \u201cPara restablecer el tr\u00e1nsito hacia&nbsp;Argentina&nbsp;con las dos via estimamos que [&hellip;]","og_url":"https:\/\/jpevlogistics.com\/en\/cuando-abrira-el-paso-los-libertadores-frontera-entre-argentina-y-chile\/","og_site_name":"JPEV Logistics","article_published_time":"2023-07-02T12:12:52+00:00","article_modified_time":"2023-07-02T12:19:16+00:00","og_image":[{"width":600,"height":400,"url":"https:\/\/jpevlogistics.com\/wp-content\/uploads\/2023\/07\/libertadores-cerrado-1.png","type":"image\/png"}],"author":"horacio","twitter_card":"summary_large_image","twitter_misc":{"Written by":"horacio","Est. reading time":"2 minutes"},"schema":{"@context":"https:\/\/schema.org","@graph":[{"@type":"Article","@id":"https:\/\/jpevlogistics.com\/cuando-abrira-el-paso-los-libertadores-frontera-entre-argentina-y-chile\/#article","isPartOf":{"@id":"https:\/\/jpevlogistics.com\/cuando-abrira-el-paso-los-libertadores-frontera-entre-argentina-y-chile\/"},"author":{"name":"horacio","@id":"https:\/\/jpevlogistics.com\/#\/schema\/person\/5cb83ed90e4ad10651470058bc190e62"},"headline":"\u00bfCu\u00e1ndo abrir\u00e1 el Paso Los Libertadores? Frontera entre Argentina y Chile","datePublished":"2023-07-02T12:12:52+00:00","dateModified":"2023-07-02T12:19:16+00:00","mainEntityOfPage":{"@id":"https:\/\/jpevlogistics.com\/cuando-abrira-el-paso-los-libertadores-frontera-entre-argentina-y-chile\/"},"wordCount":250,"commentCount":0,"publisher":{"@id":"https:\/\/jpevlogistics.com\/#organization"},"image":{"@id":"https:\/\/jpevlogistics.com\/cuando-abrira-el-paso-los-libertadores-frontera-entre-argentina-y-chile\/#primaryimage"},"thumbnailUrl":"https:\/\/jpevlogistics.com\/wp-content\/uploads\/2023\/07\/libertadores-cerrado-1.png","articleSection":["Sin categor\u00eda"],"inLanguage":"en-US","potentialAction":[{"@type":"CommentAction","name":"Comment","target":["https:\/\/jpevlogistics.com\/cuando-abrira-el-paso-los-libertadores-frontera-entre-argentina-y-chile\/#respond"]}]},{"@type":"WebPage","@id":"https:\/\/jpevlogistics.com\/cuando-abrira-el-paso-los-libertadores-frontera-entre-argentina-y-chile\/","url":"https:\/\/jpevlogistics.com\/cuando-abrira-el-paso-los-libertadores-frontera-entre-argentina-y-chile\/","name":"\u00bfCu\u00e1ndo abrir\u00e1 el Paso Los Libertadores? Frontera entre Argentina y Chile - JPEV Logistics","isPartOf":{"@id":"https:\/\/jpevlogistics.com\/#website"},"primaryImageOfPage":{"@id":"https:\/\/jpevlogistics.com\/cuando-abrira-el-paso-los-libertadores-frontera-entre-argentina-y-chile\/#primaryimage"},"image":{"@id":"https:\/\/jpevlogistics.com\/cuando-abrira-el-paso-los-libertadores-frontera-entre-argentina-y-chile\/#primaryimage"},"thumbnailUrl":"https:\/\/jpevlogistics.com\/wp-content\/uploads\/2023\/07\/libertadores-cerrado-1.png","datePublished":"2023-07-02T12:12:52+00:00","dateModified":"2023-07-02T12:19:16+00:00","breadcrumb":{"@id":"https:\/\/jpevlogistics.com\/cuando-abrira-el-paso-los-libertadores-frontera-entre-argentina-y-chile\/#breadcrumb"},"inLanguage":"en-US","potentialAction":[{"@type":"ReadAction","target":["https:\/\/jpevlogistics.com\/cuando-abrira-el-paso-los-libertadores-frontera-entre-argentina-y-chile\/"]}]},{"@type":"ImageObject","inLanguage":"en-US","@id":"https:\/\/jpevlogistics.com\/cuando-abrira-el-paso-los-libertadores-frontera-entre-argentina-y-chile\/#primaryimage","url":"https:\/\/jpevlogistics.com\/wp-content\/uploads\/2023\/07\/libertadores-cerrado-1.png","contentUrl":"https:\/\/jpevlogistics.com\/wp-content\/uploads\/2023\/07\/libertadores-cerrado-1.png","width":600,"height":400},{"@type":"BreadcrumbList","@id":"https:\/\/jpevlogistics.com\/cuando-abrira-el-paso-los-libertadores-frontera-entre-argentina-y-chile\/#breadcrumb","itemListElement":[{"@type":"ListItem","position":1,"name":"Portada","item":"https:\/\/jpevlogistics.com\/"},{"@type":"ListItem","position":2,"name":"\u00bfCu\u00e1ndo abrir\u00e1 el Paso Los Libertadores? Frontera entre Argentina y Chile"}]},{"@type":"WebSite","@id":"https:\/\/jpevlogistics.com\/#website","url":"https:\/\/jpevlogistics.com\/","name":"JPEV Logistics","description":"","publisher":{"@id":"https:\/\/jpevlogistics.com\/#organization"},"potentialAction":[{"@type":"SearchAction","target":{"@type":"EntryPoint","urlTemplate":"https:\/\/jpevlogistics.com\/?s={search_term_string}"},"query-input":{"@type":"PropertyValueSpecification","valueRequired":true,"valueName":"search_term_string"}}],"inLanguage":"en-US"},{"@type":"Organization","@id":"https:\/\/jpevlogistics.com\/#organization","name":"JPEV Logistics","url":"https:\/\/jpevlogistics.com\/","logo":{"@type":"ImageObject","inLanguage":"en-US","@id":"https:\/\/jpevlogistics.com\/#\/schema\/logo\/image\/","url":"https:\/\/jpevlogistics.com\/wp-content\/uploads\/2020\/07\/logo.png","contentUrl":"https:\/\/jpevlogistics.com\/wp-content\/uploads\/2020\/07\/logo.png","width":214,"height":81,"caption":"JPEV Logistics"},"image":{"@id":"https:\/\/jpevlogistics.com\/#\/schema\/logo\/image\/"},"sameAs":["https:\/\/www.instagram.com\/jpevlogistics\/","https:\/\/www.linkedin.com\/company\/jpev-logistics\/"]},{"@type":"Person","@id":"https:\/\/jpevlogistics.com\/#\/schema\/person\/5cb83ed90e4ad10651470058bc190e62","name":"horacio","image":{"@type":"ImageObject","inLanguage":"en-US","@id":"https:\/\/secure.gravatar.com\/avatar\/49ba85a39487c51406dba7224109c3b2296f15c3dd1931dd024e3f540b12ea7d?s=96&d=mm&r=g","url":"https:\/\/secure.gravatar.com\/avatar\/49ba85a39487c51406dba7224109c3b2296f15c3dd1931dd024e3f540b12ea7d?s=96&d=mm&r=g","contentUrl":"https:\/\/secure.gravatar.com\/avatar\/49ba85a39487c51406dba7224109c3b2296f15c3dd1931dd024e3f540b12ea7d?s=96&d=mm&r=g","caption":"horacio"},"url":"https:\/\/jpevlogistics.com\/en\/author\/horacio\/"}]}},"_links":{"self":[{"href":"https:\/\/jpevlogistics.com\/en\/wp-json\/wp\/v2\/posts\/1937","targetHints":{"allow":["GET"]}}],"collection":[{"href":"https:\/\/jpevlogistics.com\/en\/wp-json\/wp\/v2\/posts"}],"about":[{"href":"https:\/\/jpevlogistics.com\/en\/wp-json\/wp\/v2\/types\/post"}],"author":[{"embeddable":true,"href":"https:\/\/jpevlogistics.com\/en\/wp-json\/wp\/v2\/users\/4"}],"replies":[{"embeddable":true,"href":"https:\/\/jpevlogistics.com\/en\/wp-json\/wp\/v2\/comments?post=1937"}],"version-history":[{"count":4,"href":"https:\/\/jpevlogistics.com\/en\/wp-json\/wp\/v2\/posts\/1937\/revisions"}],"predecessor-version":[{"id":1946,"href":"https:\/\/jpevlogistics.com\/en\/wp-json\/wp\/v2\/posts\/1937\/revisions\/1946"}],"wp:featuredmedia":[{"embeddable":true,"href":"https:\/\/jpevlogistics.com\/en\/wp-json\/wp\/v2\/media\/1942"}],"wp:attachment":[{"href":"https:\/\/jpevlogistics.com\/en\/wp-json\/wp\/v2\/media?parent=1937"}],"wp:term":[{"taxonomy":"category","embeddable":true,"href":"https:\/\/jpevlogistics.com\/en\/wp-json\/wp\/v2\/categories?post=1937"},{"taxonomy":"post_tag","embeddable":true,"href":"https:\/\/jpevlogistics.com\/en\/wp-json\/wp\/v2\/tags?post=1937"}],"curies":[{"name":"wp","href":"https:\/\/api.w.org\/{rel}","templated":true}]}}