{"id":2051,"date":"2023-07-10T19:54:16","date_gmt":"2023-07-10T19:54:16","guid":{"rendered":"https:\/\/jpevlogistics.com\/?p=2051"},"modified":"2023-07-10T19:54:17","modified_gmt":"2023-07-10T19:54:17","slug":"zim-y-msc-realizan-modificaciones-en-sus-redes-de-cobertura-en-el-caribe","status":"publish","type":"post","link":"https:\/\/jpevlogistics.com\/en\/zim-y-msc-realizan-modificaciones-en-sus-redes-de-cobertura-en-el-caribe\/","title":{"rendered":"ZIM y MSC realizan modificaciones en sus redes de cobertura en el Caribe"},"content":{"rendered":"<p><\/p>\n\n\n\n<p>ZIM est\u00e1 reestructurando su conexi\u00f3n Kingston con Centroam\u00e9rica y cerrar\u00e1 a mediados de julio su servicio M\u00e9xico &#8211; Central America Express, \u2018MXC\u2019, que lanz\u00f3 en octubre del a\u00f1o pasado, reporta\u00a0<em>Alphaliner.<\/em><\/p>\n\n\n\n<p>ZIM cerrar\u00e1 su servicio MXC, mientras que MSC a\u00f1adi\u00f3 recaladas a su servicio Port of Spain.<\/p>\n\n\n\n<p>El servicio &#8216;MXC&#8217; actualmente recala en los puertos de Kingston, Progreso, Veracruz, Altamira, Big Creek, Santo Tom\u00e1s de Castilla, Puerto Cort\u00e9s, Kingston usando dos buques de 957 y 1.118 TEUs, respectivamente.<\/p>\n\n\n\n<p>La cobertura portuaria que brinda el &#8216;MXC&#8217; se plantear\u00e1 en parte a trav\u00e9s de una mejora del servicio \u2018Caribbean Gulf Express de ZIM\u2019 (&#8216;CGX&#8217;) y a trav\u00e9s de la red existente de la l\u00ednea naviera.<\/p>\n\n\n\n<p>El &#8216;CGX&#8217; que esencialmente conecta Kingston y EE.UU. con recaladas en Kingston, Houston, Mobile, cuenta con dos buques de 1.100 y 1.296 TEUs, respectivamente, los que desde ahora en adelante incluir\u00e1n arribos en los puertos de Kingston, Mo\u00edn, Santo Tom\u00e1s de Castilla, Puerto Cort\u00e9s, Kingston, Houston, Altamira y Kingston. \u2018CGX\u2019 completar\u00e1 su itinerario en tres semanas, utilizando tres buques entre 957 y 1.118 TEUs.&nbsp;<\/p>\n\n\n\n<p>Cabe mencionar que el puerto de Mo\u00edn, Costa Rica, anteriormente era atendido por el servicio Venezuela Line (&#8216;VEL&#8217;).&nbsp;<\/p>\n\n\n\n<p>Veracruz por su parte sigue conectado a Kingston a trav\u00e9s del servicio &#8216;CCS&#8217;, mientras que Belice se atender\u00e1 a trav\u00e9s del \u2018Belice City\u2019, mediante los espacios dispuestos por ZIM en el servicio de Caribbean Feeder &#8216; Belice Feeder&#8217; bajo la marca &#8216;CME&#8217; de ZIM. En tanto, M\u00f3vil y Progreso por ahora dejar\u00e1n de recibir recaladas.\u00a0<\/p>\n\n\n\n<figure class=\"wp-block-gallery has-nested-images columns-default is-cropped wp-block-gallery-1 is-layout-flex wp-block-gallery-is-layout-flex\">\n<figure class=\"wp-block-image size-large\"><img fetchpriority=\"high\" decoding=\"async\" width=\"798\" height=\"598\" data-id=\"2053\" src=\"https:\/\/jpevlogistics.com\/wp-content\/uploads\/2023\/07\/buque-caribe-1-1.jpeg\" alt=\"\" class=\"wp-image-2053\" srcset=\"https:\/\/jpevlogistics.com\/wp-content\/uploads\/2023\/07\/buque-caribe-1-1.jpeg 798w, https:\/\/jpevlogistics.com\/wp-content\/uploads\/2023\/07\/buque-caribe-1-1-300x225.jpeg 300w, https:\/\/jpevlogistics.com\/wp-content\/uploads\/2023\/07\/buque-caribe-1-1-768x576.jpeg 768w\" sizes=\"(max-width: 798px) 100vw, 798px\" \/><\/figure>\n<\/figure>\n\n\n\n<p><strong>MSC realiza cambios en el Caribe\u00a0\u00a0<\/strong> <\/p>\n\n\n\n<p>Es probable que MSC, actualmente que ocupa espacios en el &#8216;MXC&#8217;, cambie su oferta al servicio &#8216;CGX&#8217; mejorado u opte por alternativas de cobertura en la propia red de cobertura de MSC.<\/p>\n\n\n\n<p>En paralelo, la l\u00ednea naviera ha a\u00f1adido una conexi\u00f3n quincenal entre sus hubs en Panam\u00e1 y Puerto Espa\u00f1a en Trinidad y Tobago. Es as\u00ed como el servicio de transbordo, denominado \u2018Port of Spain&#8217; recalar\u00e1 en Crist\u00f3bal, Puerto Espa\u00f1a, Col\u00f3n, Crist\u00f3bal. El servicio es operado por el \u201cMSC Weser\u201d de 2.524 TEUs.<\/p>\n\n\n\n<p>MSC ya est\u00e1 conectando Panam\u00e1 con Puerto Espa\u00f1a a trav\u00e9s de servicio &#8216;Amazon Feeder&#8217;, operado en conjunto con Ocean Network Express (ONE) bajo la denominaci\u00f3n &#8216;CX1&#8217;.<\/p>\n\n\n\n<p>El itinerario contempla recaladas en Crist\u00f3bal, Manzanillo (Panam\u00e1), Puerto Espa\u00f1a, Manaos, Vila do Conde, Cartagena y Crist\u00f3bal. Utiliza una flota de cuatro buques entre 1.800 y 3.600 TEUs. Los servicios se cumplen semanalmente.<\/p>","protected":false},"excerpt":{"rendered":"<p>ZIM est\u00e1 reestructurando su conexi\u00f3n Kingston con Centroam\u00e9rica y cerrar\u00e1 a mediados de julio su servicio M\u00e9xico &#8211; Central America Express, \u2018MXC\u2019, que lanz\u00f3 en octubre del a\u00f1o pasado, reporta\u00a0Alphaliner. ZIM cerrar\u00e1 su servicio MXC, mientras que MSC a\u00f1adi\u00f3 recaladas a su servicio Port of Spain. El servicio &#8216;MXC&#8217; actualmente recala en los puertos de [&hellip;]<\/p>\n","protected":false},"author":4,"featured_media":2052,"comment_status":"open","ping_status":"open","sticky":false,"template":"","format":"standard","meta":{"footnotes":""},"categories":[1],"tags":[],"class_list":["post-2051","post","type-post","status-publish","format-standard","has-post-thumbnail","hentry","category-sin-categoria"],"yoast_head":"<!-- This site is optimized with the Yoast SEO plugin v27.4 - https:\/\/yoast.com\/product\/yoast-seo-wordpress\/ -->\n<title>ZIM y MSC realizan modificaciones en sus redes de cobertura en el Caribe - JPEV Logistics<\/title>\n<meta name=\"robots\" content=\"index, follow, max-snippet:-1, max-image-preview:large, max-video-preview:-1\" \/>\n<link rel=\"canonical\" href=\"https:\/\/jpevlogistics.com\/en\/zim-y-msc-realizan-modificaciones-en-sus-redes-de-cobertura-en-el-caribe\/\" \/>\n<meta property=\"og:locale\" content=\"en_US\" \/>\n<meta property=\"og:type\" content=\"article\" \/>\n<meta property=\"og:title\" content=\"ZIM y MSC realizan modificaciones en sus redes de cobertura en el Caribe - JPEV Logistics\" \/>\n<meta property=\"og:description\" content=\"ZIM est\u00e1 reestructurando su conexi\u00f3n Kingston con Centroam\u00e9rica y cerrar\u00e1 a mediados de julio su servicio M\u00e9xico &#8211; Central America Express, \u2018MXC\u2019, que lanz\u00f3 en octubre del a\u00f1o pasado, reporta\u00a0Alphaliner. ZIM cerrar\u00e1 su servicio MXC, mientras que MSC a\u00f1adi\u00f3 recaladas a su servicio Port of Spain. El servicio &#8216;MXC&#8217; actualmente recala en los puertos de [&hellip;]\" \/>\n<meta property=\"og:url\" content=\"https:\/\/jpevlogistics.com\/en\/zim-y-msc-realizan-modificaciones-en-sus-redes-de-cobertura-en-el-caribe\/\" \/>\n<meta property=\"og:site_name\" content=\"JPEV Logistics\" \/>\n<meta property=\"article:published_time\" content=\"2023-07-10T19:54:16+00:00\" \/>\n<meta property=\"article:modified_time\" content=\"2023-07-10T19:54:17+00:00\" \/>\n<meta property=\"og:image\" content=\"https:\/\/jpevlogistics.com\/wp-content\/uploads\/2023\/07\/buque-caribe-.jpeg\" \/>\n\t<meta property=\"og:image:width\" content=\"798\" \/>\n\t<meta property=\"og:image:height\" content=\"598\" \/>\n\t<meta property=\"og:image:type\" content=\"image\/jpeg\" \/>\n<meta name=\"author\" content=\"horacio\" \/>\n<meta name=\"twitter:card\" content=\"summary_large_image\" \/>\n<meta name=\"twitter:label1\" content=\"Written by\" \/>\n\t<meta name=\"twitter:data1\" content=\"horacio\" \/>\n\t<meta name=\"twitter:label2\" content=\"Est. reading time\" \/>\n\t<meta name=\"twitter:data2\" content=\"3 minutes\" \/>\n<script type=\"application\/ld+json\" class=\"yoast-schema-graph\">{\"@context\":\"https:\\\/\\\/schema.org\",\"@graph\":[{\"@type\":\"Article\",\"@id\":\"https:\\\/\\\/jpevlogistics.com\\\/zim-y-msc-realizan-modificaciones-en-sus-redes-de-cobertura-en-el-caribe\\\/#article\",\"isPartOf\":{\"@id\":\"https:\\\/\\\/jpevlogistics.com\\\/zim-y-msc-realizan-modificaciones-en-sus-redes-de-cobertura-en-el-caribe\\\/\"},\"author\":{\"name\":\"horacio\",\"@id\":\"https:\\\/\\\/jpevlogistics.com\\\/#\\\/schema\\\/person\\\/5cb83ed90e4ad10651470058bc190e62\"},\"headline\":\"ZIM y MSC realizan modificaciones en sus redes de cobertura en el Caribe\",\"datePublished\":\"2023-07-10T19:54:16+00:00\",\"dateModified\":\"2023-07-10T19:54:17+00:00\",\"mainEntityOfPage\":{\"@id\":\"https:\\\/\\\/jpevlogistics.com\\\/zim-y-msc-realizan-modificaciones-en-sus-redes-de-cobertura-en-el-caribe\\\/\"},\"wordCount\":437,\"commentCount\":0,\"publisher\":{\"@id\":\"https:\\\/\\\/jpevlogistics.com\\\/#organization\"},\"image\":{\"@id\":\"https:\\\/\\\/jpevlogistics.com\\\/zim-y-msc-realizan-modificaciones-en-sus-redes-de-cobertura-en-el-caribe\\\/#primaryimage\"},\"thumbnailUrl\":\"https:\\\/\\\/jpevlogistics.com\\\/wp-content\\\/uploads\\\/2023\\\/07\\\/buque-caribe-.jpeg\",\"articleSection\":[\"Sin categor\u00eda\"],\"inLanguage\":\"en-US\",\"potentialAction\":[{\"@type\":\"CommentAction\",\"name\":\"Comment\",\"target\":[\"https:\\\/\\\/jpevlogistics.com\\\/zim-y-msc-realizan-modificaciones-en-sus-redes-de-cobertura-en-el-caribe\\\/#respond\"]}]},{\"@type\":\"WebPage\",\"@id\":\"https:\\\/\\\/jpevlogistics.com\\\/zim-y-msc-realizan-modificaciones-en-sus-redes-de-cobertura-en-el-caribe\\\/\",\"url\":\"https:\\\/\\\/jpevlogistics.com\\\/zim-y-msc-realizan-modificaciones-en-sus-redes-de-cobertura-en-el-caribe\\\/\",\"name\":\"ZIM y MSC realizan modificaciones en sus redes de cobertura en el Caribe - JPEV Logistics\",\"isPartOf\":{\"@id\":\"https:\\\/\\\/jpevlogistics.com\\\/#website\"},\"primaryImageOfPage\":{\"@id\":\"https:\\\/\\\/jpevlogistics.com\\\/zim-y-msc-realizan-modificaciones-en-sus-redes-de-cobertura-en-el-caribe\\\/#primaryimage\"},\"image\":{\"@id\":\"https:\\\/\\\/jpevlogistics.com\\\/zim-y-msc-realizan-modificaciones-en-sus-redes-de-cobertura-en-el-caribe\\\/#primaryimage\"},\"thumbnailUrl\":\"https:\\\/\\\/jpevlogistics.com\\\/wp-content\\\/uploads\\\/2023\\\/07\\\/buque-caribe-.jpeg\",\"datePublished\":\"2023-07-10T19:54:16+00:00\",\"dateModified\":\"2023-07-10T19:54:17+00:00\",\"breadcrumb\":{\"@id\":\"https:\\\/\\\/jpevlogistics.com\\\/zim-y-msc-realizan-modificaciones-en-sus-redes-de-cobertura-en-el-caribe\\\/#breadcrumb\"},\"inLanguage\":\"en-US\",\"potentialAction\":[{\"@type\":\"ReadAction\",\"target\":[\"https:\\\/\\\/jpevlogistics.com\\\/zim-y-msc-realizan-modificaciones-en-sus-redes-de-cobertura-en-el-caribe\\\/\"]}]},{\"@type\":\"ImageObject\",\"inLanguage\":\"en-US\",\"@id\":\"https:\\\/\\\/jpevlogistics.com\\\/zim-y-msc-realizan-modificaciones-en-sus-redes-de-cobertura-en-el-caribe\\\/#primaryimage\",\"url\":\"https:\\\/\\\/jpevlogistics.com\\\/wp-content\\\/uploads\\\/2023\\\/07\\\/buque-caribe-.jpeg\",\"contentUrl\":\"https:\\\/\\\/jpevlogistics.com\\\/wp-content\\\/uploads\\\/2023\\\/07\\\/buque-caribe-.jpeg\",\"width\":798,\"height\":598},{\"@type\":\"BreadcrumbList\",\"@id\":\"https:\\\/\\\/jpevlogistics.com\\\/zim-y-msc-realizan-modificaciones-en-sus-redes-de-cobertura-en-el-caribe\\\/#breadcrumb\",\"itemListElement\":[{\"@type\":\"ListItem\",\"position\":1,\"name\":\"Portada\",\"item\":\"https:\\\/\\\/jpevlogistics.com\\\/\"},{\"@type\":\"ListItem\",\"position\":2,\"name\":\"ZIM y MSC realizan modificaciones en sus redes de cobertura en el Caribe\"}]},{\"@type\":\"WebSite\",\"@id\":\"https:\\\/\\\/jpevlogistics.com\\\/#website\",\"url\":\"https:\\\/\\\/jpevlogistics.com\\\/\",\"name\":\"JPEV Logistics\",\"description\":\"\",\"publisher\":{\"@id\":\"https:\\\/\\\/jpevlogistics.com\\\/#organization\"},\"potentialAction\":[{\"@type\":\"SearchAction\",\"target\":{\"@type\":\"EntryPoint\",\"urlTemplate\":\"https:\\\/\\\/jpevlogistics.com\\\/?s={search_term_string}\"},\"query-input\":{\"@type\":\"PropertyValueSpecification\",\"valueRequired\":true,\"valueName\":\"search_term_string\"}}],\"inLanguage\":\"en-US\"},{\"@type\":\"Organization\",\"@id\":\"https:\\\/\\\/jpevlogistics.com\\\/#organization\",\"name\":\"JPEV Logistics\",\"url\":\"https:\\\/\\\/jpevlogistics.com\\\/\",\"logo\":{\"@type\":\"ImageObject\",\"inLanguage\":\"en-US\",\"@id\":\"https:\\\/\\\/jpevlogistics.com\\\/#\\\/schema\\\/logo\\\/image\\\/\",\"url\":\"https:\\\/\\\/jpevlogistics.com\\\/wp-content\\\/uploads\\\/2020\\\/07\\\/logo.png\",\"contentUrl\":\"https:\\\/\\\/jpevlogistics.com\\\/wp-content\\\/uploads\\\/2020\\\/07\\\/logo.png\",\"width\":214,\"height\":81,\"caption\":\"JPEV Logistics\"},\"image\":{\"@id\":\"https:\\\/\\\/jpevlogistics.com\\\/#\\\/schema\\\/logo\\\/image\\\/\"},\"sameAs\":[\"https:\\\/\\\/www.instagram.com\\\/jpevlogistics\\\/\",\"https:\\\/\\\/www.linkedin.com\\\/company\\\/jpev-logistics\\\/\"]},{\"@type\":\"Person\",\"@id\":\"https:\\\/\\\/jpevlogistics.com\\\/#\\\/schema\\\/person\\\/5cb83ed90e4ad10651470058bc190e62\",\"name\":\"horacio\",\"image\":{\"@type\":\"ImageObject\",\"inLanguage\":\"en-US\",\"@id\":\"https:\\\/\\\/secure.gravatar.com\\\/avatar\\\/49ba85a39487c51406dba7224109c3b2296f15c3dd1931dd024e3f540b12ea7d?s=96&d=mm&r=g\",\"url\":\"https:\\\/\\\/secure.gravatar.com\\\/avatar\\\/49ba85a39487c51406dba7224109c3b2296f15c3dd1931dd024e3f540b12ea7d?s=96&d=mm&r=g\",\"contentUrl\":\"https:\\\/\\\/secure.gravatar.com\\\/avatar\\\/49ba85a39487c51406dba7224109c3b2296f15c3dd1931dd024e3f540b12ea7d?s=96&d=mm&r=g\",\"caption\":\"horacio\"},\"url\":\"https:\\\/\\\/jpevlogistics.com\\\/en\\\/author\\\/horacio\\\/\"}]}<\/script>\n<!-- \/ Yoast SEO plugin. -->","yoast_head_json":{"title":"ZIM y MSC realizan modificaciones en sus redes de cobertura en el Caribe - JPEV Logistics","robots":{"index":"index","follow":"follow","max-snippet":"max-snippet:-1","max-image-preview":"max-image-preview:large","max-video-preview":"max-video-preview:-1"},"canonical":"https:\/\/jpevlogistics.com\/en\/zim-y-msc-realizan-modificaciones-en-sus-redes-de-cobertura-en-el-caribe\/","og_locale":"en_US","og_type":"article","og_title":"ZIM y MSC realizan modificaciones en sus redes de cobertura en el Caribe - JPEV Logistics","og_description":"ZIM est\u00e1 reestructurando su conexi\u00f3n Kingston con Centroam\u00e9rica y cerrar\u00e1 a mediados de julio su servicio M\u00e9xico &#8211; Central America Express, \u2018MXC\u2019, que lanz\u00f3 en octubre del a\u00f1o pasado, reporta\u00a0Alphaliner. ZIM cerrar\u00e1 su servicio MXC, mientras que MSC a\u00f1adi\u00f3 recaladas a su servicio Port of Spain. El servicio &#8216;MXC&#8217; actualmente recala en los puertos de [&hellip;]","og_url":"https:\/\/jpevlogistics.com\/en\/zim-y-msc-realizan-modificaciones-en-sus-redes-de-cobertura-en-el-caribe\/","og_site_name":"JPEV Logistics","article_published_time":"2023-07-10T19:54:16+00:00","article_modified_time":"2023-07-10T19:54:17+00:00","og_image":[{"width":798,"height":598,"url":"https:\/\/jpevlogistics.com\/wp-content\/uploads\/2023\/07\/buque-caribe-.jpeg","type":"image\/jpeg"}],"author":"horacio","twitter_card":"summary_large_image","twitter_misc":{"Written by":"horacio","Est. reading time":"3 minutes"},"schema":{"@context":"https:\/\/schema.org","@graph":[{"@type":"Article","@id":"https:\/\/jpevlogistics.com\/zim-y-msc-realizan-modificaciones-en-sus-redes-de-cobertura-en-el-caribe\/#article","isPartOf":{"@id":"https:\/\/jpevlogistics.com\/zim-y-msc-realizan-modificaciones-en-sus-redes-de-cobertura-en-el-caribe\/"},"author":{"name":"horacio","@id":"https:\/\/jpevlogistics.com\/#\/schema\/person\/5cb83ed90e4ad10651470058bc190e62"},"headline":"ZIM y MSC realizan modificaciones en sus redes de cobertura en el Caribe","datePublished":"2023-07-10T19:54:16+00:00","dateModified":"2023-07-10T19:54:17+00:00","mainEntityOfPage":{"@id":"https:\/\/jpevlogistics.com\/zim-y-msc-realizan-modificaciones-en-sus-redes-de-cobertura-en-el-caribe\/"},"wordCount":437,"commentCount":0,"publisher":{"@id":"https:\/\/jpevlogistics.com\/#organization"},"image":{"@id":"https:\/\/jpevlogistics.com\/zim-y-msc-realizan-modificaciones-en-sus-redes-de-cobertura-en-el-caribe\/#primaryimage"},"thumbnailUrl":"https:\/\/jpevlogistics.com\/wp-content\/uploads\/2023\/07\/buque-caribe-.jpeg","articleSection":["Sin categor\u00eda"],"inLanguage":"en-US","potentialAction":[{"@type":"CommentAction","name":"Comment","target":["https:\/\/jpevlogistics.com\/zim-y-msc-realizan-modificaciones-en-sus-redes-de-cobertura-en-el-caribe\/#respond"]}]},{"@type":"WebPage","@id":"https:\/\/jpevlogistics.com\/zim-y-msc-realizan-modificaciones-en-sus-redes-de-cobertura-en-el-caribe\/","url":"https:\/\/jpevlogistics.com\/zim-y-msc-realizan-modificaciones-en-sus-redes-de-cobertura-en-el-caribe\/","name":"ZIM y MSC realizan modificaciones en sus redes de cobertura en el Caribe - JPEV Logistics","isPartOf":{"@id":"https:\/\/jpevlogistics.com\/#website"},"primaryImageOfPage":{"@id":"https:\/\/jpevlogistics.com\/zim-y-msc-realizan-modificaciones-en-sus-redes-de-cobertura-en-el-caribe\/#primaryimage"},"image":{"@id":"https:\/\/jpevlogistics.com\/zim-y-msc-realizan-modificaciones-en-sus-redes-de-cobertura-en-el-caribe\/#primaryimage"},"thumbnailUrl":"https:\/\/jpevlogistics.com\/wp-content\/uploads\/2023\/07\/buque-caribe-.jpeg","datePublished":"2023-07-10T19:54:16+00:00","dateModified":"2023-07-10T19:54:17+00:00","breadcrumb":{"@id":"https:\/\/jpevlogistics.com\/zim-y-msc-realizan-modificaciones-en-sus-redes-de-cobertura-en-el-caribe\/#breadcrumb"},"inLanguage":"en-US","potentialAction":[{"@type":"ReadAction","target":["https:\/\/jpevlogistics.com\/zim-y-msc-realizan-modificaciones-en-sus-redes-de-cobertura-en-el-caribe\/"]}]},{"@type":"ImageObject","inLanguage":"en-US","@id":"https:\/\/jpevlogistics.com\/zim-y-msc-realizan-modificaciones-en-sus-redes-de-cobertura-en-el-caribe\/#primaryimage","url":"https:\/\/jpevlogistics.com\/wp-content\/uploads\/2023\/07\/buque-caribe-.jpeg","contentUrl":"https:\/\/jpevlogistics.com\/wp-content\/uploads\/2023\/07\/buque-caribe-.jpeg","width":798,"height":598},{"@type":"BreadcrumbList","@id":"https:\/\/jpevlogistics.com\/zim-y-msc-realizan-modificaciones-en-sus-redes-de-cobertura-en-el-caribe\/#breadcrumb","itemListElement":[{"@type":"ListItem","position":1,"name":"Portada","item":"https:\/\/jpevlogistics.com\/"},{"@type":"ListItem","position":2,"name":"ZIM y MSC realizan modificaciones en sus redes de cobertura en el Caribe"}]},{"@type":"WebSite","@id":"https:\/\/jpevlogistics.com\/#website","url":"https:\/\/jpevlogistics.com\/","name":"JPEV Logistics","description":"","publisher":{"@id":"https:\/\/jpevlogistics.com\/#organization"},"potentialAction":[{"@type":"SearchAction","target":{"@type":"EntryPoint","urlTemplate":"https:\/\/jpevlogistics.com\/?s={search_term_string}"},"query-input":{"@type":"PropertyValueSpecification","valueRequired":true,"valueName":"search_term_string"}}],"inLanguage":"en-US"},{"@type":"Organization","@id":"https:\/\/jpevlogistics.com\/#organization","name":"JPEV Logistics","url":"https:\/\/jpevlogistics.com\/","logo":{"@type":"ImageObject","inLanguage":"en-US","@id":"https:\/\/jpevlogistics.com\/#\/schema\/logo\/image\/","url":"https:\/\/jpevlogistics.com\/wp-content\/uploads\/2020\/07\/logo.png","contentUrl":"https:\/\/jpevlogistics.com\/wp-content\/uploads\/2020\/07\/logo.png","width":214,"height":81,"caption":"JPEV Logistics"},"image":{"@id":"https:\/\/jpevlogistics.com\/#\/schema\/logo\/image\/"},"sameAs":["https:\/\/www.instagram.com\/jpevlogistics\/","https:\/\/www.linkedin.com\/company\/jpev-logistics\/"]},{"@type":"Person","@id":"https:\/\/jpevlogistics.com\/#\/schema\/person\/5cb83ed90e4ad10651470058bc190e62","name":"horacio","image":{"@type":"ImageObject","inLanguage":"en-US","@id":"https:\/\/secure.gravatar.com\/avatar\/49ba85a39487c51406dba7224109c3b2296f15c3dd1931dd024e3f540b12ea7d?s=96&d=mm&r=g","url":"https:\/\/secure.gravatar.com\/avatar\/49ba85a39487c51406dba7224109c3b2296f15c3dd1931dd024e3f540b12ea7d?s=96&d=mm&r=g","contentUrl":"https:\/\/secure.gravatar.com\/avatar\/49ba85a39487c51406dba7224109c3b2296f15c3dd1931dd024e3f540b12ea7d?s=96&d=mm&r=g","caption":"horacio"},"url":"https:\/\/jpevlogistics.com\/en\/author\/horacio\/"}]}},"_links":{"self":[{"href":"https:\/\/jpevlogistics.com\/en\/wp-json\/wp\/v2\/posts\/2051","targetHints":{"allow":["GET"]}}],"collection":[{"href":"https:\/\/jpevlogistics.com\/en\/wp-json\/wp\/v2\/posts"}],"about":[{"href":"https:\/\/jpevlogistics.com\/en\/wp-json\/wp\/v2\/types\/post"}],"author":[{"embeddable":true,"href":"https:\/\/jpevlogistics.com\/en\/wp-json\/wp\/v2\/users\/4"}],"replies":[{"embeddable":true,"href":"https:\/\/jpevlogistics.com\/en\/wp-json\/wp\/v2\/comments?post=2051"}],"version-history":[{"count":1,"href":"https:\/\/jpevlogistics.com\/en\/wp-json\/wp\/v2\/posts\/2051\/revisions"}],"predecessor-version":[{"id":2054,"href":"https:\/\/jpevlogistics.com\/en\/wp-json\/wp\/v2\/posts\/2051\/revisions\/2054"}],"wp:featuredmedia":[{"embeddable":true,"href":"https:\/\/jpevlogistics.com\/en\/wp-json\/wp\/v2\/media\/2052"}],"wp:attachment":[{"href":"https:\/\/jpevlogistics.com\/en\/wp-json\/wp\/v2\/media?parent=2051"}],"wp:term":[{"taxonomy":"category","embeddable":true,"href":"https:\/\/jpevlogistics.com\/en\/wp-json\/wp\/v2\/categories?post=2051"},{"taxonomy":"post_tag","embeddable":true,"href":"https:\/\/jpevlogistics.com\/en\/wp-json\/wp\/v2\/tags?post=2051"}],"curies":[{"name":"wp","href":"https:\/\/api.w.org\/{rel}","templated":true}]}}