{"id":2169,"date":"2023-07-14T22:32:53","date_gmt":"2023-07-14T22:32:53","guid":{"rendered":"https:\/\/jpevlogistics.com\/?p=2169"},"modified":"2023-07-14T22:32:53","modified_gmt":"2023-07-14T22:32:53","slug":"nuevo-servicio-fcl-fcl-brasil-uruguay-con-frecuencia-semanal-desde-agosto-2023","status":"publish","type":"post","link":"https:\/\/jpevlogistics.com\/en\/nuevo-servicio-fcl-fcl-brasil-uruguay-con-frecuencia-semanal-desde-agosto-2023\/","title":{"rendered":"Nuevo servicio FCL \/ FCL Brasil -Uruguay, con frecuencia semanal desde Agosto 2023"},"content":{"rendered":"<p>JPEV Logistics Worldwide Group , ha iniciado formalmente su servicio semanal FCL \/ FCL desde los  puertos brasile\u00f1os de Suape ,Rio de Janeiro ,Santos , Itapoa con destino a Montevideo, Uruguay , con salidas semanales y tiempos de tr\u00e1nsitos muy acotados , beneficiando asi al servicio log\u00edstico de muchos clientes uruguayos. <\/p>\n\n\n\n<p>Este servicio tambien esta pensado para poder atender a clientes del centro sur de Argentina via el puerto de Montevideo, donde la operativa es mucho mejor y los costos son mas competitivos que el mismo puerto de Buenos Aires .<\/p>\n\n\n\n<p>Nuestra responsable en este trafico nos comento , &#8221; Estamos muy contentos de poder seguir creciendo al ritmo del mercado y sabemos que pr\u00f3ximamente este servicio podr\u00e1 ayudar a muchos importadores uruguayos que compran en el norte de Brasil&#8221;( Eugenia M. &#8211; JPEV Logistics &#8211; Uruguay)<\/p>\n\n\n\n<figure class=\"wp-block-image size-large\"><img fetchpriority=\"high\" decoding=\"async\" width=\"1024\" height=\"498\" src=\"https:\/\/jpevlogistics.com\/wp-content\/uploads\/2023\/07\/puerto-de-mvd-2-1024x498.jpeg\" alt=\"\" class=\"wp-image-2171\" srcset=\"https:\/\/jpevlogistics.com\/wp-content\/uploads\/2023\/07\/puerto-de-mvd-2-1024x498.jpeg 1024w, https:\/\/jpevlogistics.com\/wp-content\/uploads\/2023\/07\/puerto-de-mvd-2-300x146.jpeg 300w, https:\/\/jpevlogistics.com\/wp-content\/uploads\/2023\/07\/puerto-de-mvd-2-768x373.jpeg 768w, https:\/\/jpevlogistics.com\/wp-content\/uploads\/2023\/07\/puerto-de-mvd-2.jpeg 1440w\" sizes=\"(max-width: 1024px) 100vw, 1024px\" \/><\/figure>","protected":false},"excerpt":{"rendered":"<p>JPEV Logistics Worldwide Group , ha iniciado formalmente su servicio semanal FCL \/ FCL desde los puertos brasile\u00f1os de Suape ,Rio de Janeiro ,Santos , Itapoa con destino a Montevideo, Uruguay , con salidas semanales y tiempos de tr\u00e1nsitos muy acotados , beneficiando asi al servicio log\u00edstico de muchos clientes uruguayos. Este servicio tambien esta [&hellip;]<\/p>\n","protected":false},"author":4,"featured_media":2170,"comment_status":"open","ping_status":"open","sticky":false,"template":"","format":"standard","meta":{"footnotes":""},"categories":[1],"tags":[],"class_list":["post-2169","post","type-post","status-publish","format-standard","has-post-thumbnail","hentry","category-sin-categoria"],"yoast_head":"<!-- This site is optimized with the Yoast SEO plugin v27.4 - https:\/\/yoast.com\/product\/yoast-seo-wordpress\/ -->\n<title>Nuevo servicio FCL \/ FCL Brasil -Uruguay, con frecuencia semanal desde Agosto 2023 - JPEV Logistics<\/title>\n<meta name=\"robots\" content=\"index, follow, max-snippet:-1, max-image-preview:large, max-video-preview:-1\" \/>\n<link rel=\"canonical\" href=\"https:\/\/jpevlogistics.com\/en\/nuevo-servicio-fcl-fcl-brasil-uruguay-con-frecuencia-semanal-desde-agosto-2023\/\" \/>\n<meta property=\"og:locale\" content=\"en_US\" \/>\n<meta property=\"og:type\" content=\"article\" \/>\n<meta property=\"og:title\" content=\"Nuevo servicio FCL \/ FCL Brasil -Uruguay, con frecuencia semanal desde Agosto 2023 - JPEV Logistics\" \/>\n<meta property=\"og:description\" content=\"JPEV Logistics Worldwide Group , ha iniciado formalmente su servicio semanal FCL \/ FCL desde los puertos brasile\u00f1os de Suape ,Rio de Janeiro ,Santos , Itapoa con destino a Montevideo, Uruguay , con salidas semanales y tiempos de tr\u00e1nsitos muy acotados , beneficiando asi al servicio log\u00edstico de muchos clientes uruguayos. Este servicio tambien esta [&hellip;]\" \/>\n<meta property=\"og:url\" content=\"https:\/\/jpevlogistics.com\/en\/nuevo-servicio-fcl-fcl-brasil-uruguay-con-frecuencia-semanal-desde-agosto-2023\/\" \/>\n<meta property=\"og:site_name\" content=\"JPEV Logistics\" \/>\n<meta property=\"article:published_time\" content=\"2023-07-14T22:32:53+00:00\" \/>\n<meta property=\"og:image\" content=\"https:\/\/jpevlogistics.com\/wp-content\/uploads\/2023\/07\/Puerto-de-montevideo-.webp\" \/>\n\t<meta property=\"og:image:width\" content=\"655\" \/>\n\t<meta property=\"og:image:height\" content=\"368\" \/>\n\t<meta property=\"og:image:type\" content=\"image\/webp\" \/>\n<meta name=\"author\" content=\"horacio\" \/>\n<meta name=\"twitter:card\" content=\"summary_large_image\" \/>\n<meta name=\"twitter:label1\" content=\"Written by\" \/>\n\t<meta name=\"twitter:data1\" content=\"horacio\" \/>\n\t<meta name=\"twitter:label2\" content=\"Est. reading time\" \/>\n\t<meta name=\"twitter:data2\" content=\"1 minute\" \/>\n<script type=\"application\/ld+json\" class=\"yoast-schema-graph\">{\"@context\":\"https:\\\/\\\/schema.org\",\"@graph\":[{\"@type\":\"Article\",\"@id\":\"https:\\\/\\\/jpevlogistics.com\\\/nuevo-servicio-fcl-fcl-brasil-uruguay-con-frecuencia-semanal-desde-agosto-2023\\\/#article\",\"isPartOf\":{\"@id\":\"https:\\\/\\\/jpevlogistics.com\\\/nuevo-servicio-fcl-fcl-brasil-uruguay-con-frecuencia-semanal-desde-agosto-2023\\\/\"},\"author\":{\"name\":\"horacio\",\"@id\":\"https:\\\/\\\/jpevlogistics.com\\\/#\\\/schema\\\/person\\\/5cb83ed90e4ad10651470058bc190e62\"},\"headline\":\"Nuevo servicio FCL \\\/ FCL Brasil -Uruguay, con frecuencia semanal desde Agosto 2023\",\"datePublished\":\"2023-07-14T22:32:53+00:00\",\"mainEntityOfPage\":{\"@id\":\"https:\\\/\\\/jpevlogistics.com\\\/nuevo-servicio-fcl-fcl-brasil-uruguay-con-frecuencia-semanal-desde-agosto-2023\\\/\"},\"wordCount\":144,\"commentCount\":0,\"publisher\":{\"@id\":\"https:\\\/\\\/jpevlogistics.com\\\/#organization\"},\"image\":{\"@id\":\"https:\\\/\\\/jpevlogistics.com\\\/nuevo-servicio-fcl-fcl-brasil-uruguay-con-frecuencia-semanal-desde-agosto-2023\\\/#primaryimage\"},\"thumbnailUrl\":\"https:\\\/\\\/jpevlogistics.com\\\/wp-content\\\/uploads\\\/2023\\\/07\\\/Puerto-de-montevideo-.webp\",\"articleSection\":[\"Sin categor\u00eda\"],\"inLanguage\":\"en-US\",\"potentialAction\":[{\"@type\":\"CommentAction\",\"name\":\"Comment\",\"target\":[\"https:\\\/\\\/jpevlogistics.com\\\/nuevo-servicio-fcl-fcl-brasil-uruguay-con-frecuencia-semanal-desde-agosto-2023\\\/#respond\"]}]},{\"@type\":\"WebPage\",\"@id\":\"https:\\\/\\\/jpevlogistics.com\\\/nuevo-servicio-fcl-fcl-brasil-uruguay-con-frecuencia-semanal-desde-agosto-2023\\\/\",\"url\":\"https:\\\/\\\/jpevlogistics.com\\\/nuevo-servicio-fcl-fcl-brasil-uruguay-con-frecuencia-semanal-desde-agosto-2023\\\/\",\"name\":\"Nuevo servicio FCL \\\/ FCL Brasil -Uruguay, con frecuencia semanal desde Agosto 2023 - JPEV Logistics\",\"isPartOf\":{\"@id\":\"https:\\\/\\\/jpevlogistics.com\\\/#website\"},\"primaryImageOfPage\":{\"@id\":\"https:\\\/\\\/jpevlogistics.com\\\/nuevo-servicio-fcl-fcl-brasil-uruguay-con-frecuencia-semanal-desde-agosto-2023\\\/#primaryimage\"},\"image\":{\"@id\":\"https:\\\/\\\/jpevlogistics.com\\\/nuevo-servicio-fcl-fcl-brasil-uruguay-con-frecuencia-semanal-desde-agosto-2023\\\/#primaryimage\"},\"thumbnailUrl\":\"https:\\\/\\\/jpevlogistics.com\\\/wp-content\\\/uploads\\\/2023\\\/07\\\/Puerto-de-montevideo-.webp\",\"datePublished\":\"2023-07-14T22:32:53+00:00\",\"breadcrumb\":{\"@id\":\"https:\\\/\\\/jpevlogistics.com\\\/nuevo-servicio-fcl-fcl-brasil-uruguay-con-frecuencia-semanal-desde-agosto-2023\\\/#breadcrumb\"},\"inLanguage\":\"en-US\",\"potentialAction\":[{\"@type\":\"ReadAction\",\"target\":[\"https:\\\/\\\/jpevlogistics.com\\\/nuevo-servicio-fcl-fcl-brasil-uruguay-con-frecuencia-semanal-desde-agosto-2023\\\/\"]}]},{\"@type\":\"ImageObject\",\"inLanguage\":\"en-US\",\"@id\":\"https:\\\/\\\/jpevlogistics.com\\\/nuevo-servicio-fcl-fcl-brasil-uruguay-con-frecuencia-semanal-desde-agosto-2023\\\/#primaryimage\",\"url\":\"https:\\\/\\\/jpevlogistics.com\\\/wp-content\\\/uploads\\\/2023\\\/07\\\/Puerto-de-montevideo-.webp\",\"contentUrl\":\"https:\\\/\\\/jpevlogistics.com\\\/wp-content\\\/uploads\\\/2023\\\/07\\\/Puerto-de-montevideo-.webp\",\"width\":655,\"height\":368},{\"@type\":\"BreadcrumbList\",\"@id\":\"https:\\\/\\\/jpevlogistics.com\\\/nuevo-servicio-fcl-fcl-brasil-uruguay-con-frecuencia-semanal-desde-agosto-2023\\\/#breadcrumb\",\"itemListElement\":[{\"@type\":\"ListItem\",\"position\":1,\"name\":\"Portada\",\"item\":\"https:\\\/\\\/jpevlogistics.com\\\/\"},{\"@type\":\"ListItem\",\"position\":2,\"name\":\"Nuevo servicio FCL \\\/ FCL Brasil -Uruguay, con frecuencia semanal desde Agosto 2023\"}]},{\"@type\":\"WebSite\",\"@id\":\"https:\\\/\\\/jpevlogistics.com\\\/#website\",\"url\":\"https:\\\/\\\/jpevlogistics.com\\\/\",\"name\":\"JPEV Logistics\",\"description\":\"\",\"publisher\":{\"@id\":\"https:\\\/\\\/jpevlogistics.com\\\/#organization\"},\"potentialAction\":[{\"@type\":\"SearchAction\",\"target\":{\"@type\":\"EntryPoint\",\"urlTemplate\":\"https:\\\/\\\/jpevlogistics.com\\\/?s={search_term_string}\"},\"query-input\":{\"@type\":\"PropertyValueSpecification\",\"valueRequired\":true,\"valueName\":\"search_term_string\"}}],\"inLanguage\":\"en-US\"},{\"@type\":\"Organization\",\"@id\":\"https:\\\/\\\/jpevlogistics.com\\\/#organization\",\"name\":\"JPEV Logistics\",\"url\":\"https:\\\/\\\/jpevlogistics.com\\\/\",\"logo\":{\"@type\":\"ImageObject\",\"inLanguage\":\"en-US\",\"@id\":\"https:\\\/\\\/jpevlogistics.com\\\/#\\\/schema\\\/logo\\\/image\\\/\",\"url\":\"https:\\\/\\\/jpevlogistics.com\\\/wp-content\\\/uploads\\\/2020\\\/07\\\/logo.png\",\"contentUrl\":\"https:\\\/\\\/jpevlogistics.com\\\/wp-content\\\/uploads\\\/2020\\\/07\\\/logo.png\",\"width\":214,\"height\":81,\"caption\":\"JPEV Logistics\"},\"image\":{\"@id\":\"https:\\\/\\\/jpevlogistics.com\\\/#\\\/schema\\\/logo\\\/image\\\/\"},\"sameAs\":[\"https:\\\/\\\/www.instagram.com\\\/jpevlogistics\\\/\",\"https:\\\/\\\/www.linkedin.com\\\/company\\\/jpev-logistics\\\/\"]},{\"@type\":\"Person\",\"@id\":\"https:\\\/\\\/jpevlogistics.com\\\/#\\\/schema\\\/person\\\/5cb83ed90e4ad10651470058bc190e62\",\"name\":\"horacio\",\"image\":{\"@type\":\"ImageObject\",\"inLanguage\":\"en-US\",\"@id\":\"https:\\\/\\\/secure.gravatar.com\\\/avatar\\\/49ba85a39487c51406dba7224109c3b2296f15c3dd1931dd024e3f540b12ea7d?s=96&d=mm&r=g\",\"url\":\"https:\\\/\\\/secure.gravatar.com\\\/avatar\\\/49ba85a39487c51406dba7224109c3b2296f15c3dd1931dd024e3f540b12ea7d?s=96&d=mm&r=g\",\"contentUrl\":\"https:\\\/\\\/secure.gravatar.com\\\/avatar\\\/49ba85a39487c51406dba7224109c3b2296f15c3dd1931dd024e3f540b12ea7d?s=96&d=mm&r=g\",\"caption\":\"horacio\"},\"url\":\"https:\\\/\\\/jpevlogistics.com\\\/en\\\/author\\\/horacio\\\/\"}]}<\/script>\n<!-- \/ Yoast SEO plugin. -->","yoast_head_json":{"title":"Nuevo servicio FCL \/ FCL Brasil -Uruguay, con frecuencia semanal desde Agosto 2023 - JPEV Logistics","robots":{"index":"index","follow":"follow","max-snippet":"max-snippet:-1","max-image-preview":"max-image-preview:large","max-video-preview":"max-video-preview:-1"},"canonical":"https:\/\/jpevlogistics.com\/en\/nuevo-servicio-fcl-fcl-brasil-uruguay-con-frecuencia-semanal-desde-agosto-2023\/","og_locale":"en_US","og_type":"article","og_title":"Nuevo servicio FCL \/ FCL Brasil -Uruguay, con frecuencia semanal desde Agosto 2023 - JPEV Logistics","og_description":"JPEV Logistics Worldwide Group , ha iniciado formalmente su servicio semanal FCL \/ FCL desde los puertos brasile\u00f1os de Suape ,Rio de Janeiro ,Santos , Itapoa con destino a Montevideo, Uruguay , con salidas semanales y tiempos de tr\u00e1nsitos muy acotados , beneficiando asi al servicio log\u00edstico de muchos clientes uruguayos. Este servicio tambien esta [&hellip;]","og_url":"https:\/\/jpevlogistics.com\/en\/nuevo-servicio-fcl-fcl-brasil-uruguay-con-frecuencia-semanal-desde-agosto-2023\/","og_site_name":"JPEV Logistics","article_published_time":"2023-07-14T22:32:53+00:00","og_image":[{"width":655,"height":368,"url":"https:\/\/jpevlogistics.com\/wp-content\/uploads\/2023\/07\/Puerto-de-montevideo-.webp","type":"image\/webp"}],"author":"horacio","twitter_card":"summary_large_image","twitter_misc":{"Written by":"horacio","Est. reading time":"1 minute"},"schema":{"@context":"https:\/\/schema.org","@graph":[{"@type":"Article","@id":"https:\/\/jpevlogistics.com\/nuevo-servicio-fcl-fcl-brasil-uruguay-con-frecuencia-semanal-desde-agosto-2023\/#article","isPartOf":{"@id":"https:\/\/jpevlogistics.com\/nuevo-servicio-fcl-fcl-brasil-uruguay-con-frecuencia-semanal-desde-agosto-2023\/"},"author":{"name":"horacio","@id":"https:\/\/jpevlogistics.com\/#\/schema\/person\/5cb83ed90e4ad10651470058bc190e62"},"headline":"Nuevo servicio FCL \/ FCL Brasil -Uruguay, con frecuencia semanal desde Agosto 2023","datePublished":"2023-07-14T22:32:53+00:00","mainEntityOfPage":{"@id":"https:\/\/jpevlogistics.com\/nuevo-servicio-fcl-fcl-brasil-uruguay-con-frecuencia-semanal-desde-agosto-2023\/"},"wordCount":144,"commentCount":0,"publisher":{"@id":"https:\/\/jpevlogistics.com\/#organization"},"image":{"@id":"https:\/\/jpevlogistics.com\/nuevo-servicio-fcl-fcl-brasil-uruguay-con-frecuencia-semanal-desde-agosto-2023\/#primaryimage"},"thumbnailUrl":"https:\/\/jpevlogistics.com\/wp-content\/uploads\/2023\/07\/Puerto-de-montevideo-.webp","articleSection":["Sin categor\u00eda"],"inLanguage":"en-US","potentialAction":[{"@type":"CommentAction","name":"Comment","target":["https:\/\/jpevlogistics.com\/nuevo-servicio-fcl-fcl-brasil-uruguay-con-frecuencia-semanal-desde-agosto-2023\/#respond"]}]},{"@type":"WebPage","@id":"https:\/\/jpevlogistics.com\/nuevo-servicio-fcl-fcl-brasil-uruguay-con-frecuencia-semanal-desde-agosto-2023\/","url":"https:\/\/jpevlogistics.com\/nuevo-servicio-fcl-fcl-brasil-uruguay-con-frecuencia-semanal-desde-agosto-2023\/","name":"Nuevo servicio FCL \/ FCL Brasil -Uruguay, con frecuencia semanal desde Agosto 2023 - JPEV Logistics","isPartOf":{"@id":"https:\/\/jpevlogistics.com\/#website"},"primaryImageOfPage":{"@id":"https:\/\/jpevlogistics.com\/nuevo-servicio-fcl-fcl-brasil-uruguay-con-frecuencia-semanal-desde-agosto-2023\/#primaryimage"},"image":{"@id":"https:\/\/jpevlogistics.com\/nuevo-servicio-fcl-fcl-brasil-uruguay-con-frecuencia-semanal-desde-agosto-2023\/#primaryimage"},"thumbnailUrl":"https:\/\/jpevlogistics.com\/wp-content\/uploads\/2023\/07\/Puerto-de-montevideo-.webp","datePublished":"2023-07-14T22:32:53+00:00","breadcrumb":{"@id":"https:\/\/jpevlogistics.com\/nuevo-servicio-fcl-fcl-brasil-uruguay-con-frecuencia-semanal-desde-agosto-2023\/#breadcrumb"},"inLanguage":"en-US","potentialAction":[{"@type":"ReadAction","target":["https:\/\/jpevlogistics.com\/nuevo-servicio-fcl-fcl-brasil-uruguay-con-frecuencia-semanal-desde-agosto-2023\/"]}]},{"@type":"ImageObject","inLanguage":"en-US","@id":"https:\/\/jpevlogistics.com\/nuevo-servicio-fcl-fcl-brasil-uruguay-con-frecuencia-semanal-desde-agosto-2023\/#primaryimage","url":"https:\/\/jpevlogistics.com\/wp-content\/uploads\/2023\/07\/Puerto-de-montevideo-.webp","contentUrl":"https:\/\/jpevlogistics.com\/wp-content\/uploads\/2023\/07\/Puerto-de-montevideo-.webp","width":655,"height":368},{"@type":"BreadcrumbList","@id":"https:\/\/jpevlogistics.com\/nuevo-servicio-fcl-fcl-brasil-uruguay-con-frecuencia-semanal-desde-agosto-2023\/#breadcrumb","itemListElement":[{"@type":"ListItem","position":1,"name":"Portada","item":"https:\/\/jpevlogistics.com\/"},{"@type":"ListItem","position":2,"name":"Nuevo servicio FCL \/ FCL Brasil -Uruguay, con frecuencia semanal desde Agosto 2023"}]},{"@type":"WebSite","@id":"https:\/\/jpevlogistics.com\/#website","url":"https:\/\/jpevlogistics.com\/","name":"JPEV Logistics","description":"","publisher":{"@id":"https:\/\/jpevlogistics.com\/#organization"},"potentialAction":[{"@type":"SearchAction","target":{"@type":"EntryPoint","urlTemplate":"https:\/\/jpevlogistics.com\/?s={search_term_string}"},"query-input":{"@type":"PropertyValueSpecification","valueRequired":true,"valueName":"search_term_string"}}],"inLanguage":"en-US"},{"@type":"Organization","@id":"https:\/\/jpevlogistics.com\/#organization","name":"JPEV Logistics","url":"https:\/\/jpevlogistics.com\/","logo":{"@type":"ImageObject","inLanguage":"en-US","@id":"https:\/\/jpevlogistics.com\/#\/schema\/logo\/image\/","url":"https:\/\/jpevlogistics.com\/wp-content\/uploads\/2020\/07\/logo.png","contentUrl":"https:\/\/jpevlogistics.com\/wp-content\/uploads\/2020\/07\/logo.png","width":214,"height":81,"caption":"JPEV Logistics"},"image":{"@id":"https:\/\/jpevlogistics.com\/#\/schema\/logo\/image\/"},"sameAs":["https:\/\/www.instagram.com\/jpevlogistics\/","https:\/\/www.linkedin.com\/company\/jpev-logistics\/"]},{"@type":"Person","@id":"https:\/\/jpevlogistics.com\/#\/schema\/person\/5cb83ed90e4ad10651470058bc190e62","name":"horacio","image":{"@type":"ImageObject","inLanguage":"en-US","@id":"https:\/\/secure.gravatar.com\/avatar\/49ba85a39487c51406dba7224109c3b2296f15c3dd1931dd024e3f540b12ea7d?s=96&d=mm&r=g","url":"https:\/\/secure.gravatar.com\/avatar\/49ba85a39487c51406dba7224109c3b2296f15c3dd1931dd024e3f540b12ea7d?s=96&d=mm&r=g","contentUrl":"https:\/\/secure.gravatar.com\/avatar\/49ba85a39487c51406dba7224109c3b2296f15c3dd1931dd024e3f540b12ea7d?s=96&d=mm&r=g","caption":"horacio"},"url":"https:\/\/jpevlogistics.com\/en\/author\/horacio\/"}]}},"_links":{"self":[{"href":"https:\/\/jpevlogistics.com\/en\/wp-json\/wp\/v2\/posts\/2169","targetHints":{"allow":["GET"]}}],"collection":[{"href":"https:\/\/jpevlogistics.com\/en\/wp-json\/wp\/v2\/posts"}],"about":[{"href":"https:\/\/jpevlogistics.com\/en\/wp-json\/wp\/v2\/types\/post"}],"author":[{"embeddable":true,"href":"https:\/\/jpevlogistics.com\/en\/wp-json\/wp\/v2\/users\/4"}],"replies":[{"embeddable":true,"href":"https:\/\/jpevlogistics.com\/en\/wp-json\/wp\/v2\/comments?post=2169"}],"version-history":[{"count":1,"href":"https:\/\/jpevlogistics.com\/en\/wp-json\/wp\/v2\/posts\/2169\/revisions"}],"predecessor-version":[{"id":2172,"href":"https:\/\/jpevlogistics.com\/en\/wp-json\/wp\/v2\/posts\/2169\/revisions\/2172"}],"wp:featuredmedia":[{"embeddable":true,"href":"https:\/\/jpevlogistics.com\/en\/wp-json\/wp\/v2\/media\/2170"}],"wp:attachment":[{"href":"https:\/\/jpevlogistics.com\/en\/wp-json\/wp\/v2\/media?parent=2169"}],"wp:term":[{"taxonomy":"category","embeddable":true,"href":"https:\/\/jpevlogistics.com\/en\/wp-json\/wp\/v2\/categories?post=2169"},{"taxonomy":"post_tag","embeddable":true,"href":"https:\/\/jpevlogistics.com\/en\/wp-json\/wp\/v2\/tags?post=2169"}],"curies":[{"name":"wp","href":"https:\/\/api.w.org\/{rel}","templated":true}]}}