{"id":2173,"date":"2023-07-15T15:29:59","date_gmt":"2023-07-15T15:29:59","guid":{"rendered":"https:\/\/jpevlogistics.com\/?p=2173"},"modified":"2023-07-15T15:30:01","modified_gmt":"2023-07-15T15:30:01","slug":"este-sabado-permanecera-cerrado-el-paso-cristo-redentor-15-07-2023","status":"publish","type":"post","link":"https:\/\/jpevlogistics.com\/en\/este-sabado-permanecera-cerrado-el-paso-cristo-redentor-15-07-2023\/","title":{"rendered":"ESTE S\u00c1BADO  PERMANECER\u00c1 CERRADO EL PASO CRISTO REDENTOR (15\/07\/2023)"},"content":{"rendered":"<p>La coordinaci\u00f3n del t\u00fanel internacional comunic\u00f3 que este s\u00e1bado 15 de julio permanecer\u00e1 cerrado debido a las intensas nevadas en Alta Monta\u00f1a.<\/p>\n\n\n\n<p>Luego de que el paso internacional que une Argentina y Chile por la Provincia de Mendoza abriera<strong>este 13 de julio en ambos sentidos en el horario de invierno, las autoridades de la coordinaci\u00f3n, tanto de Chile y de Argentina, confirmaron que se cerrara nuevamente este s\u00e1bado debido al mal tiempo en Alta Monta\u00f1a.<\/strong><\/p>\n\n\n\n<p><a href=\"https:\/\/www.elnueve.com\/cerraron-el-paso-cristo-redentor-el-drama-de-los-camioneros-varados-en-la-destileria\" target=\"_blank\" rel=\"noreferrer noopener\">Cerraron el Paso Cristo Redentor: El drama de los camioneros varados en la destiler\u00eda<\/a><\/p>\n\n\n\n<p><strong>El paso estar\u00e1 cerrado este s\u00e1bado 15 de julio para todo tipo de tr\u00e1nsito<\/strong>. Las autoridades del Sistema Integrado comunicaron que:\u00a0&#8220;<em>por decisi\u00f3n de ambas coordinaciones y en conjunto con ambas vialidades. A partir de las 08:00 hora de Chile, 09:00 hora Argentina del d\u00eda 15.07.2023, se procede al cierre de este paso fronterizo, de forma preventiva por el ingreso de frente de mal tiempo que afectar\u00e1 a la alta monta\u00f1a, con nevadas, bajas temperaturas, generando riesgos en la transitabilidad segura de esta ruta internacional&#8221;<\/em>.<\/p>\n\n\n\n<figure class=\"wp-block-image size-large\"><img fetchpriority=\"high\" decoding=\"async\" width=\"850\" height=\"1024\" src=\"https:\/\/jpevlogistics.com\/wp-content\/uploads\/2023\/07\/Captura-de-Pantalla-2023-07-15-a-las-12.27.19-850x1024.png\" alt=\"\" class=\"wp-image-2174\" srcset=\"https:\/\/jpevlogistics.com\/wp-content\/uploads\/2023\/07\/Captura-de-Pantalla-2023-07-15-a-las-12.27.19-850x1024.png 850w, https:\/\/jpevlogistics.com\/wp-content\/uploads\/2023\/07\/Captura-de-Pantalla-2023-07-15-a-las-12.27.19-249x300.png 249w, https:\/\/jpevlogistics.com\/wp-content\/uploads\/2023\/07\/Captura-de-Pantalla-2023-07-15-a-las-12.27.19-768x926.png 768w, https:\/\/jpevlogistics.com\/wp-content\/uploads\/2023\/07\/Captura-de-Pantalla-2023-07-15-a-las-12.27.19.png 1218w\" sizes=\"(max-width: 850px) 100vw, 850px\" \/><\/figure>\n\n\n\n<p>Cualquier informaci\u00f3n o actualizaci\u00f3n del estado de la ruta se dar\u00e1 a conocer oportunamente a trav\u00e9s de los medios oficiales.&nbsp;<\/p>\n\n\n\n<p>Por otro lado,\u00a0el<strong>\u00a0tr\u00e1nsito interno<\/strong>, tanto para turismo como locales, que este viernes solo se podr\u00e1 realizar<strong>\u00a0hasta Las Cuevas, de 9 a 17 horas, el d\u00eda s\u00e1bado a primera hora se comunicar\u00e1 como se pdor\u00e1 transitar en estas zonas durante el fin de semana, pero que por ahora no hay novedades.\u00a0<\/strong>\u00a0<\/p>\n\n\n\n<h2 class=\"wp-block-heading\"><strong>Horario de Invierno<\/strong><\/h2>\n\n\n\n<p><br>El&nbsp;Sistema Integrado Cristo Redentor&nbsp;anunci\u00f3 que el pr\u00f3ximo 1 de junio entrar\u00e1 en vigencia el horario de invierno para la circulaci\u00f3n de veh\u00edculos por el t\u00fanel internacional.<\/p>\n\n\n\n<p>El&nbsp;<strong>horario de invierno ser\u00e1 de 9 horas a 21 horas<\/strong>&nbsp;(hora argentina). La medida se extender\u00e1&nbsp;<strong>hasta el 31 de agosto<\/strong>, inclusive.<\/p>\n\n\n\n<p>Desde la\u00a0Jefatura de Fronteras\u00a0aclararon que solo se podr\u00e1 subir hasta las 19 horas (hora argentina) a las localidades de\u00a0Uspallata\u00a0(del lado argentino) y\u00a0Guardia Vieja\u00a0(del lado chileno).<\/p>\n\n\n\n<figure class=\"wp-block-gallery has-nested-images columns-default is-cropped wp-block-gallery-1 is-layout-flex wp-block-gallery-is-layout-flex\">\n<figure class=\"wp-block-image size-large\"><img decoding=\"async\" width=\"1024\" height=\"532\" data-id=\"2175\" src=\"https:\/\/jpevlogistics.com\/wp-content\/uploads\/2023\/07\/Captura-de-Pantalla-2023-07-15-a-las-12.29.16-1024x532.png\" alt=\"\" class=\"wp-image-2175\" srcset=\"https:\/\/jpevlogistics.com\/wp-content\/uploads\/2023\/07\/Captura-de-Pantalla-2023-07-15-a-las-12.29.16-1024x532.png 1024w, https:\/\/jpevlogistics.com\/wp-content\/uploads\/2023\/07\/Captura-de-Pantalla-2023-07-15-a-las-12.29.16-300x156.png 300w, https:\/\/jpevlogistics.com\/wp-content\/uploads\/2023\/07\/Captura-de-Pantalla-2023-07-15-a-las-12.29.16-768x399.png 768w, https:\/\/jpevlogistics.com\/wp-content\/uploads\/2023\/07\/Captura-de-Pantalla-2023-07-15-a-las-12.29.16-1536x798.png 1536w, https:\/\/jpevlogistics.com\/wp-content\/uploads\/2023\/07\/Captura-de-Pantalla-2023-07-15-a-las-12.29.16.png 1810w\" sizes=\"(max-width: 1024px) 100vw, 1024px\" \/><\/figure>\n<\/figure>","protected":false},"excerpt":{"rendered":"<p>La coordinaci\u00f3n del t\u00fanel internacional comunic\u00f3 que este s\u00e1bado 15 de julio permanecer\u00e1 cerrado debido a las intensas nevadas en Alta Monta\u00f1a. Luego de que el paso internacional que une Argentina y Chile por la Provincia de Mendoza abrieraeste 13 de julio en ambos sentidos en el horario de invierno, las autoridades de la coordinaci\u00f3n, [&hellip;]<\/p>\n","protected":false},"author":4,"featured_media":2175,"comment_status":"open","ping_status":"open","sticky":false,"template":"","format":"standard","meta":{"footnotes":""},"categories":[1],"tags":[],"class_list":["post-2173","post","type-post","status-publish","format-standard","has-post-thumbnail","hentry","category-sin-categoria"],"yoast_head":"<!-- This site is optimized with the Yoast SEO plugin v27.4 - https:\/\/yoast.com\/product\/yoast-seo-wordpress\/ -->\n<title>ESTE S\u00c1BADO PERMANECER\u00c1 CERRADO EL PASO CRISTO REDENTOR (15\/07\/2023) - JPEV Logistics<\/title>\n<meta name=\"robots\" content=\"index, follow, max-snippet:-1, max-image-preview:large, max-video-preview:-1\" \/>\n<link rel=\"canonical\" href=\"https:\/\/jpevlogistics.com\/en\/este-sabado-permanecera-cerrado-el-paso-cristo-redentor-15-07-2023\/\" \/>\n<meta property=\"og:locale\" content=\"en_US\" \/>\n<meta property=\"og:type\" content=\"article\" \/>\n<meta property=\"og:title\" content=\"ESTE S\u00c1BADO PERMANECER\u00c1 CERRADO EL PASO CRISTO REDENTOR (15\/07\/2023) - JPEV Logistics\" \/>\n<meta property=\"og:description\" content=\"La coordinaci\u00f3n del t\u00fanel internacional comunic\u00f3 que este s\u00e1bado 15 de julio permanecer\u00e1 cerrado debido a las intensas nevadas en Alta Monta\u00f1a. Luego de que el paso internacional que une Argentina y Chile por la Provincia de Mendoza abrieraeste 13 de julio en ambos sentidos en el horario de invierno, las autoridades de la coordinaci\u00f3n, [&hellip;]\" \/>\n<meta property=\"og:url\" content=\"https:\/\/jpevlogistics.com\/en\/este-sabado-permanecera-cerrado-el-paso-cristo-redentor-15-07-2023\/\" \/>\n<meta property=\"og:site_name\" content=\"JPEV Logistics\" \/>\n<meta property=\"article:published_time\" content=\"2023-07-15T15:29:59+00:00\" \/>\n<meta property=\"article:modified_time\" content=\"2023-07-15T15:30:01+00:00\" \/>\n<meta property=\"og:image\" content=\"https:\/\/jpevlogistics.com\/wp-content\/uploads\/2023\/07\/Captura-de-Pantalla-2023-07-15-a-las-12.29.16.png\" \/>\n\t<meta property=\"og:image:width\" content=\"1810\" \/>\n\t<meta property=\"og:image:height\" content=\"940\" \/>\n\t<meta property=\"og:image:type\" content=\"image\/png\" \/>\n<meta name=\"author\" content=\"horacio\" \/>\n<meta name=\"twitter:card\" content=\"summary_large_image\" \/>\n<meta name=\"twitter:label1\" content=\"Written by\" \/>\n\t<meta name=\"twitter:data1\" content=\"horacio\" \/>\n\t<meta name=\"twitter:label2\" content=\"Est. reading time\" \/>\n\t<meta name=\"twitter:data2\" content=\"2 minutes\" \/>\n<script type=\"application\/ld+json\" class=\"yoast-schema-graph\">{\"@context\":\"https:\\\/\\\/schema.org\",\"@graph\":[{\"@type\":\"Article\",\"@id\":\"https:\\\/\\\/jpevlogistics.com\\\/este-sabado-permanecera-cerrado-el-paso-cristo-redentor-15-07-2023\\\/#article\",\"isPartOf\":{\"@id\":\"https:\\\/\\\/jpevlogistics.com\\\/este-sabado-permanecera-cerrado-el-paso-cristo-redentor-15-07-2023\\\/\"},\"author\":{\"name\":\"horacio\",\"@id\":\"https:\\\/\\\/jpevlogistics.com\\\/#\\\/schema\\\/person\\\/5cb83ed90e4ad10651470058bc190e62\"},\"headline\":\"ESTE S\u00c1BADO PERMANECER\u00c1 CERRADO EL PASO CRISTO REDENTOR (15\\\/07\\\/2023)\",\"datePublished\":\"2023-07-15T15:29:59+00:00\",\"dateModified\":\"2023-07-15T15:30:01+00:00\",\"mainEntityOfPage\":{\"@id\":\"https:\\\/\\\/jpevlogistics.com\\\/este-sabado-permanecera-cerrado-el-paso-cristo-redentor-15-07-2023\\\/\"},\"wordCount\":357,\"commentCount\":0,\"publisher\":{\"@id\":\"https:\\\/\\\/jpevlogistics.com\\\/#organization\"},\"image\":{\"@id\":\"https:\\\/\\\/jpevlogistics.com\\\/este-sabado-permanecera-cerrado-el-paso-cristo-redentor-15-07-2023\\\/#primaryimage\"},\"thumbnailUrl\":\"https:\\\/\\\/jpevlogistics.com\\\/wp-content\\\/uploads\\\/2023\\\/07\\\/Captura-de-Pantalla-2023-07-15-a-las-12.29.16.png\",\"articleSection\":[\"Sin categor\u00eda\"],\"inLanguage\":\"en-US\",\"potentialAction\":[{\"@type\":\"CommentAction\",\"name\":\"Comment\",\"target\":[\"https:\\\/\\\/jpevlogistics.com\\\/este-sabado-permanecera-cerrado-el-paso-cristo-redentor-15-07-2023\\\/#respond\"]}]},{\"@type\":\"WebPage\",\"@id\":\"https:\\\/\\\/jpevlogistics.com\\\/este-sabado-permanecera-cerrado-el-paso-cristo-redentor-15-07-2023\\\/\",\"url\":\"https:\\\/\\\/jpevlogistics.com\\\/este-sabado-permanecera-cerrado-el-paso-cristo-redentor-15-07-2023\\\/\",\"name\":\"ESTE S\u00c1BADO PERMANECER\u00c1 CERRADO EL PASO CRISTO REDENTOR (15\\\/07\\\/2023) - JPEV Logistics\",\"isPartOf\":{\"@id\":\"https:\\\/\\\/jpevlogistics.com\\\/#website\"},\"primaryImageOfPage\":{\"@id\":\"https:\\\/\\\/jpevlogistics.com\\\/este-sabado-permanecera-cerrado-el-paso-cristo-redentor-15-07-2023\\\/#primaryimage\"},\"image\":{\"@id\":\"https:\\\/\\\/jpevlogistics.com\\\/este-sabado-permanecera-cerrado-el-paso-cristo-redentor-15-07-2023\\\/#primaryimage\"},\"thumbnailUrl\":\"https:\\\/\\\/jpevlogistics.com\\\/wp-content\\\/uploads\\\/2023\\\/07\\\/Captura-de-Pantalla-2023-07-15-a-las-12.29.16.png\",\"datePublished\":\"2023-07-15T15:29:59+00:00\",\"dateModified\":\"2023-07-15T15:30:01+00:00\",\"breadcrumb\":{\"@id\":\"https:\\\/\\\/jpevlogistics.com\\\/este-sabado-permanecera-cerrado-el-paso-cristo-redentor-15-07-2023\\\/#breadcrumb\"},\"inLanguage\":\"en-US\",\"potentialAction\":[{\"@type\":\"ReadAction\",\"target\":[\"https:\\\/\\\/jpevlogistics.com\\\/este-sabado-permanecera-cerrado-el-paso-cristo-redentor-15-07-2023\\\/\"]}]},{\"@type\":\"ImageObject\",\"inLanguage\":\"en-US\",\"@id\":\"https:\\\/\\\/jpevlogistics.com\\\/este-sabado-permanecera-cerrado-el-paso-cristo-redentor-15-07-2023\\\/#primaryimage\",\"url\":\"https:\\\/\\\/jpevlogistics.com\\\/wp-content\\\/uploads\\\/2023\\\/07\\\/Captura-de-Pantalla-2023-07-15-a-las-12.29.16.png\",\"contentUrl\":\"https:\\\/\\\/jpevlogistics.com\\\/wp-content\\\/uploads\\\/2023\\\/07\\\/Captura-de-Pantalla-2023-07-15-a-las-12.29.16.png\",\"width\":1810,\"height\":940},{\"@type\":\"BreadcrumbList\",\"@id\":\"https:\\\/\\\/jpevlogistics.com\\\/este-sabado-permanecera-cerrado-el-paso-cristo-redentor-15-07-2023\\\/#breadcrumb\",\"itemListElement\":[{\"@type\":\"ListItem\",\"position\":1,\"name\":\"Portada\",\"item\":\"https:\\\/\\\/jpevlogistics.com\\\/\"},{\"@type\":\"ListItem\",\"position\":2,\"name\":\"ESTE S\u00c1BADO PERMANECER\u00c1 CERRADO EL PASO CRISTO REDENTOR (15\\\/07\\\/2023)\"}]},{\"@type\":\"WebSite\",\"@id\":\"https:\\\/\\\/jpevlogistics.com\\\/#website\",\"url\":\"https:\\\/\\\/jpevlogistics.com\\\/\",\"name\":\"JPEV Logistics\",\"description\":\"\",\"publisher\":{\"@id\":\"https:\\\/\\\/jpevlogistics.com\\\/#organization\"},\"potentialAction\":[{\"@type\":\"SearchAction\",\"target\":{\"@type\":\"EntryPoint\",\"urlTemplate\":\"https:\\\/\\\/jpevlogistics.com\\\/?s={search_term_string}\"},\"query-input\":{\"@type\":\"PropertyValueSpecification\",\"valueRequired\":true,\"valueName\":\"search_term_string\"}}],\"inLanguage\":\"en-US\"},{\"@type\":\"Organization\",\"@id\":\"https:\\\/\\\/jpevlogistics.com\\\/#organization\",\"name\":\"JPEV Logistics\",\"url\":\"https:\\\/\\\/jpevlogistics.com\\\/\",\"logo\":{\"@type\":\"ImageObject\",\"inLanguage\":\"en-US\",\"@id\":\"https:\\\/\\\/jpevlogistics.com\\\/#\\\/schema\\\/logo\\\/image\\\/\",\"url\":\"https:\\\/\\\/jpevlogistics.com\\\/wp-content\\\/uploads\\\/2020\\\/07\\\/logo.png\",\"contentUrl\":\"https:\\\/\\\/jpevlogistics.com\\\/wp-content\\\/uploads\\\/2020\\\/07\\\/logo.png\",\"width\":214,\"height\":81,\"caption\":\"JPEV Logistics\"},\"image\":{\"@id\":\"https:\\\/\\\/jpevlogistics.com\\\/#\\\/schema\\\/logo\\\/image\\\/\"},\"sameAs\":[\"https:\\\/\\\/www.instagram.com\\\/jpevlogistics\\\/\",\"https:\\\/\\\/www.linkedin.com\\\/company\\\/jpev-logistics\\\/\"]},{\"@type\":\"Person\",\"@id\":\"https:\\\/\\\/jpevlogistics.com\\\/#\\\/schema\\\/person\\\/5cb83ed90e4ad10651470058bc190e62\",\"name\":\"horacio\",\"image\":{\"@type\":\"ImageObject\",\"inLanguage\":\"en-US\",\"@id\":\"https:\\\/\\\/secure.gravatar.com\\\/avatar\\\/49ba85a39487c51406dba7224109c3b2296f15c3dd1931dd024e3f540b12ea7d?s=96&d=mm&r=g\",\"url\":\"https:\\\/\\\/secure.gravatar.com\\\/avatar\\\/49ba85a39487c51406dba7224109c3b2296f15c3dd1931dd024e3f540b12ea7d?s=96&d=mm&r=g\",\"contentUrl\":\"https:\\\/\\\/secure.gravatar.com\\\/avatar\\\/49ba85a39487c51406dba7224109c3b2296f15c3dd1931dd024e3f540b12ea7d?s=96&d=mm&r=g\",\"caption\":\"horacio\"},\"url\":\"https:\\\/\\\/jpevlogistics.com\\\/en\\\/author\\\/horacio\\\/\"}]}<\/script>\n<!-- \/ Yoast SEO plugin. -->","yoast_head_json":{"title":"ESTE S\u00c1BADO PERMANECER\u00c1 CERRADO EL PASO CRISTO REDENTOR (15\/07\/2023) - JPEV Logistics","robots":{"index":"index","follow":"follow","max-snippet":"max-snippet:-1","max-image-preview":"max-image-preview:large","max-video-preview":"max-video-preview:-1"},"canonical":"https:\/\/jpevlogistics.com\/en\/este-sabado-permanecera-cerrado-el-paso-cristo-redentor-15-07-2023\/","og_locale":"en_US","og_type":"article","og_title":"ESTE S\u00c1BADO PERMANECER\u00c1 CERRADO EL PASO CRISTO REDENTOR (15\/07\/2023) - JPEV Logistics","og_description":"La coordinaci\u00f3n del t\u00fanel internacional comunic\u00f3 que este s\u00e1bado 15 de julio permanecer\u00e1 cerrado debido a las intensas nevadas en Alta Monta\u00f1a. Luego de que el paso internacional que une Argentina y Chile por la Provincia de Mendoza abrieraeste 13 de julio en ambos sentidos en el horario de invierno, las autoridades de la coordinaci\u00f3n, [&hellip;]","og_url":"https:\/\/jpevlogistics.com\/en\/este-sabado-permanecera-cerrado-el-paso-cristo-redentor-15-07-2023\/","og_site_name":"JPEV Logistics","article_published_time":"2023-07-15T15:29:59+00:00","article_modified_time":"2023-07-15T15:30:01+00:00","og_image":[{"width":1810,"height":940,"url":"https:\/\/jpevlogistics.com\/wp-content\/uploads\/2023\/07\/Captura-de-Pantalla-2023-07-15-a-las-12.29.16.png","type":"image\/png"}],"author":"horacio","twitter_card":"summary_large_image","twitter_misc":{"Written by":"horacio","Est. reading time":"2 minutes"},"schema":{"@context":"https:\/\/schema.org","@graph":[{"@type":"Article","@id":"https:\/\/jpevlogistics.com\/este-sabado-permanecera-cerrado-el-paso-cristo-redentor-15-07-2023\/#article","isPartOf":{"@id":"https:\/\/jpevlogistics.com\/este-sabado-permanecera-cerrado-el-paso-cristo-redentor-15-07-2023\/"},"author":{"name":"horacio","@id":"https:\/\/jpevlogistics.com\/#\/schema\/person\/5cb83ed90e4ad10651470058bc190e62"},"headline":"ESTE S\u00c1BADO PERMANECER\u00c1 CERRADO EL PASO CRISTO REDENTOR (15\/07\/2023)","datePublished":"2023-07-15T15:29:59+00:00","dateModified":"2023-07-15T15:30:01+00:00","mainEntityOfPage":{"@id":"https:\/\/jpevlogistics.com\/este-sabado-permanecera-cerrado-el-paso-cristo-redentor-15-07-2023\/"},"wordCount":357,"commentCount":0,"publisher":{"@id":"https:\/\/jpevlogistics.com\/#organization"},"image":{"@id":"https:\/\/jpevlogistics.com\/este-sabado-permanecera-cerrado-el-paso-cristo-redentor-15-07-2023\/#primaryimage"},"thumbnailUrl":"https:\/\/jpevlogistics.com\/wp-content\/uploads\/2023\/07\/Captura-de-Pantalla-2023-07-15-a-las-12.29.16.png","articleSection":["Sin categor\u00eda"],"inLanguage":"en-US","potentialAction":[{"@type":"CommentAction","name":"Comment","target":["https:\/\/jpevlogistics.com\/este-sabado-permanecera-cerrado-el-paso-cristo-redentor-15-07-2023\/#respond"]}]},{"@type":"WebPage","@id":"https:\/\/jpevlogistics.com\/este-sabado-permanecera-cerrado-el-paso-cristo-redentor-15-07-2023\/","url":"https:\/\/jpevlogistics.com\/este-sabado-permanecera-cerrado-el-paso-cristo-redentor-15-07-2023\/","name":"ESTE S\u00c1BADO PERMANECER\u00c1 CERRADO EL PASO CRISTO REDENTOR (15\/07\/2023) - JPEV Logistics","isPartOf":{"@id":"https:\/\/jpevlogistics.com\/#website"},"primaryImageOfPage":{"@id":"https:\/\/jpevlogistics.com\/este-sabado-permanecera-cerrado-el-paso-cristo-redentor-15-07-2023\/#primaryimage"},"image":{"@id":"https:\/\/jpevlogistics.com\/este-sabado-permanecera-cerrado-el-paso-cristo-redentor-15-07-2023\/#primaryimage"},"thumbnailUrl":"https:\/\/jpevlogistics.com\/wp-content\/uploads\/2023\/07\/Captura-de-Pantalla-2023-07-15-a-las-12.29.16.png","datePublished":"2023-07-15T15:29:59+00:00","dateModified":"2023-07-15T15:30:01+00:00","breadcrumb":{"@id":"https:\/\/jpevlogistics.com\/este-sabado-permanecera-cerrado-el-paso-cristo-redentor-15-07-2023\/#breadcrumb"},"inLanguage":"en-US","potentialAction":[{"@type":"ReadAction","target":["https:\/\/jpevlogistics.com\/este-sabado-permanecera-cerrado-el-paso-cristo-redentor-15-07-2023\/"]}]},{"@type":"ImageObject","inLanguage":"en-US","@id":"https:\/\/jpevlogistics.com\/este-sabado-permanecera-cerrado-el-paso-cristo-redentor-15-07-2023\/#primaryimage","url":"https:\/\/jpevlogistics.com\/wp-content\/uploads\/2023\/07\/Captura-de-Pantalla-2023-07-15-a-las-12.29.16.png","contentUrl":"https:\/\/jpevlogistics.com\/wp-content\/uploads\/2023\/07\/Captura-de-Pantalla-2023-07-15-a-las-12.29.16.png","width":1810,"height":940},{"@type":"BreadcrumbList","@id":"https:\/\/jpevlogistics.com\/este-sabado-permanecera-cerrado-el-paso-cristo-redentor-15-07-2023\/#breadcrumb","itemListElement":[{"@type":"ListItem","position":1,"name":"Portada","item":"https:\/\/jpevlogistics.com\/"},{"@type":"ListItem","position":2,"name":"ESTE S\u00c1BADO PERMANECER\u00c1 CERRADO EL PASO CRISTO REDENTOR (15\/07\/2023)"}]},{"@type":"WebSite","@id":"https:\/\/jpevlogistics.com\/#website","url":"https:\/\/jpevlogistics.com\/","name":"JPEV Logistics","description":"","publisher":{"@id":"https:\/\/jpevlogistics.com\/#organization"},"potentialAction":[{"@type":"SearchAction","target":{"@type":"EntryPoint","urlTemplate":"https:\/\/jpevlogistics.com\/?s={search_term_string}"},"query-input":{"@type":"PropertyValueSpecification","valueRequired":true,"valueName":"search_term_string"}}],"inLanguage":"en-US"},{"@type":"Organization","@id":"https:\/\/jpevlogistics.com\/#organization","name":"JPEV Logistics","url":"https:\/\/jpevlogistics.com\/","logo":{"@type":"ImageObject","inLanguage":"en-US","@id":"https:\/\/jpevlogistics.com\/#\/schema\/logo\/image\/","url":"https:\/\/jpevlogistics.com\/wp-content\/uploads\/2020\/07\/logo.png","contentUrl":"https:\/\/jpevlogistics.com\/wp-content\/uploads\/2020\/07\/logo.png","width":214,"height":81,"caption":"JPEV Logistics"},"image":{"@id":"https:\/\/jpevlogistics.com\/#\/schema\/logo\/image\/"},"sameAs":["https:\/\/www.instagram.com\/jpevlogistics\/","https:\/\/www.linkedin.com\/company\/jpev-logistics\/"]},{"@type":"Person","@id":"https:\/\/jpevlogistics.com\/#\/schema\/person\/5cb83ed90e4ad10651470058bc190e62","name":"horacio","image":{"@type":"ImageObject","inLanguage":"en-US","@id":"https:\/\/secure.gravatar.com\/avatar\/49ba85a39487c51406dba7224109c3b2296f15c3dd1931dd024e3f540b12ea7d?s=96&d=mm&r=g","url":"https:\/\/secure.gravatar.com\/avatar\/49ba85a39487c51406dba7224109c3b2296f15c3dd1931dd024e3f540b12ea7d?s=96&d=mm&r=g","contentUrl":"https:\/\/secure.gravatar.com\/avatar\/49ba85a39487c51406dba7224109c3b2296f15c3dd1931dd024e3f540b12ea7d?s=96&d=mm&r=g","caption":"horacio"},"url":"https:\/\/jpevlogistics.com\/en\/author\/horacio\/"}]}},"_links":{"self":[{"href":"https:\/\/jpevlogistics.com\/en\/wp-json\/wp\/v2\/posts\/2173","targetHints":{"allow":["GET"]}}],"collection":[{"href":"https:\/\/jpevlogistics.com\/en\/wp-json\/wp\/v2\/posts"}],"about":[{"href":"https:\/\/jpevlogistics.com\/en\/wp-json\/wp\/v2\/types\/post"}],"author":[{"embeddable":true,"href":"https:\/\/jpevlogistics.com\/en\/wp-json\/wp\/v2\/users\/4"}],"replies":[{"embeddable":true,"href":"https:\/\/jpevlogistics.com\/en\/wp-json\/wp\/v2\/comments?post=2173"}],"version-history":[{"count":1,"href":"https:\/\/jpevlogistics.com\/en\/wp-json\/wp\/v2\/posts\/2173\/revisions"}],"predecessor-version":[{"id":2176,"href":"https:\/\/jpevlogistics.com\/en\/wp-json\/wp\/v2\/posts\/2173\/revisions\/2176"}],"wp:featuredmedia":[{"embeddable":true,"href":"https:\/\/jpevlogistics.com\/en\/wp-json\/wp\/v2\/media\/2175"}],"wp:attachment":[{"href":"https:\/\/jpevlogistics.com\/en\/wp-json\/wp\/v2\/media?parent=2173"}],"wp:term":[{"taxonomy":"category","embeddable":true,"href":"https:\/\/jpevlogistics.com\/en\/wp-json\/wp\/v2\/categories?post=2173"},{"taxonomy":"post_tag","embeddable":true,"href":"https:\/\/jpevlogistics.com\/en\/wp-json\/wp\/v2\/tags?post=2173"}],"curies":[{"name":"wp","href":"https:\/\/api.w.org\/{rel}","templated":true}]}}