{"id":2585,"date":"2023-08-03T15:39:13","date_gmt":"2023-08-03T15:39:13","guid":{"rendered":"https:\/\/jpevlogistics.com\/?p=2585"},"modified":"2023-08-03T15:39:14","modified_gmt":"2023-08-03T15:39:14","slug":"portacontenedores-de-evergreen-de-17-312-teus-transito-por-primera-vez-por-el-canal-de-panama","status":"publish","type":"post","link":"https:\/\/jpevlogistics.com\/en\/portacontenedores-de-evergreen-de-17-312-teus-transito-por-primera-vez-por-el-canal-de-panama\/","title":{"rendered":"Portacontenedores de Evergreen de 17.312 TEUs transit\u00f3 por primera vez por el Canal de Panam\u00e1"},"content":{"rendered":"<p>El portacontenedor \u201cEver Max\u201d, de la l\u00ednea naviera Evergreen, de 17.312 TEUs, en su tr\u00e1nsito inaugural, naveg\u00f3 el 1 de agosto en direcci\u00f3n norte por las esclusas Neopanamax del Canal de Panam\u00e1. El buque construido en 2023 y perteneciente al Registro de Singapur; cuenta con 366 metros de eslora y 51 de manga; adem\u00e1s de un calado mayor a los 15 metros, m\u00e1ximo permitido en condiciones clim\u00e1ticas normales en el Canal de Panam\u00e1, es decir con el Lago Gat\u00fan a m\u00e1xima capacidad.<\/p>\n\n\n\n<figure class=\"wp-block-gallery has-nested-images columns-default is-cropped wp-block-gallery-1 is-layout-flex wp-block-gallery-is-layout-flex\">\n<figure class=\"wp-block-image size-large\"><img fetchpriority=\"high\" decoding=\"async\" width=\"798\" height=\"598\" data-id=\"2586\" src=\"https:\/\/jpevlogistics.com\/wp-content\/uploads\/2023\/08\/everegreen-barco.jpeg\" alt=\"\" class=\"wp-image-2586\" srcset=\"https:\/\/jpevlogistics.com\/wp-content\/uploads\/2023\/08\/everegreen-barco.jpeg 798w, https:\/\/jpevlogistics.com\/wp-content\/uploads\/2023\/08\/everegreen-barco-300x225.jpeg 300w, https:\/\/jpevlogistics.com\/wp-content\/uploads\/2023\/08\/everegreen-barco-768x576.jpeg 768w, https:\/\/jpevlogistics.com\/wp-content\/uploads\/2023\/08\/everegreen-barco-16x12.jpeg 16w\" sizes=\"(max-width: 798px) 100vw, 798px\" \/><\/figure>\n<\/figure>\n\n\n\n<p>Sin embargo, debido a las condiciones clim\u00e1ticas actuales y a los ajustes de un m\u00e1ximo de 13,4 metroso de calado, el buque descarg\u00f3 1.400 TEUs en el puerto de Balboa para que fuesen transportados v\u00eda terrestre y recogidos en Colon Container Terminal.&nbsp; El portacontenedor transit\u00f3 con un calado de 13, 1 metros y 13,345 TEUs, por lo que la v\u00eda interoce\u00e1nica dej\u00f3 de percibir m\u00e1s de US$40.000 en concepto de peajes en este tr\u00e1nsito.&nbsp;<\/p>\n\n\n\n<p>El \u201cEver Max\u201d forma parte de un servicio que conecta Asia con la costa este de Estados Unidos. Tiene una frecuencia semanal y recala en Asia en los puertos de Xiamen, Kaohsiung, Hong Kong, Yantian (Shenzhen), y en Norteam\u00e9rica en los puertos de Savannah, Newark, Norfolk, y Baltimore. Adem\u00e1s, en la ida realiza transbordos en Panam\u00e1 (Col\u00f3n) en el puerto de Colon Container Terminal.<\/p>\n\n\n\n<p><strong>Sobre calado m\u00e1ximo disponible<\/strong><\/p>\n\n\n\n<p>Mientras las condiciones meteorol\u00f3gicas no var\u00eden significativamente de las proyecciones actuales por motivo de la extensa temporada seca y cumpliendo con su responsabilidad de ofrecer un servicio confiable y sostenible, el Canal de Panam\u00e1 mantiene un calado m\u00e1ximo disponible de 44 pies o 13,41 metros durante los pr\u00f3ximos meses. En concordancia a esta condici\u00f3n temporal se permite un promedio de 32 buques en tr\u00e1nsito por d\u00eda.<\/p>\n\n\n\n<p>La subadministradora de la Autoridad del Canal de Panam\u00e1, Ilya Espino de Marotta, manifest\u00f3 que \u201cal cumplirse con este tr\u00e1nsito hist\u00f3rico, queda en evidencia la eficiencia y solidez de la v\u00eda interoce\u00e1nica como una ruta de transporte mar\u00edtimo fundamental para el comercio global, a pesar de los desaf\u00edos impuestos por el cambio clim\u00e1tico\u201d.<\/p>\n\n\n\n<p>Por su parte, el administrador de la Autoridad del Canal de Panam\u00e1, Ricaurte V\u00e1squez Morales, destac\u00f3 que \u201cesta experiencia \u00fanica debe aprovecharse para demostrar la importancia de mantener el Canal en \u00f3ptimas condiciones, permitiendo que buques como el \u2018Ever Max\u2019 transiten de manera r\u00e1pida y expedita, beneficiando a todos en Panam\u00e1\u201d.<\/p>","protected":false},"excerpt":{"rendered":"<p>El portacontenedor \u201cEver Max\u201d, de la l\u00ednea naviera Evergreen, de 17.312 TEUs, en su tr\u00e1nsito inaugural, naveg\u00f3 el 1 de agosto en direcci\u00f3n norte por las esclusas Neopanamax del Canal de Panam\u00e1. El buque construido en 2023 y perteneciente al Registro de Singapur; cuenta con 366 metros de eslora y 51 de manga; adem\u00e1s de [&hellip;]<\/p>\n","protected":false},"author":4,"featured_media":2586,"comment_status":"open","ping_status":"open","sticky":false,"template":"","format":"standard","meta":{"footnotes":""},"categories":[1],"tags":[],"class_list":["post-2585","post","type-post","status-publish","format-standard","has-post-thumbnail","hentry","category-sin-categoria"],"yoast_head":"<!-- This site is optimized with the Yoast SEO plugin v27.4 - https:\/\/yoast.com\/product\/yoast-seo-wordpress\/ -->\n<title>Portacontenedores de Evergreen de 17.312 TEUs transit\u00f3 por primera vez por el Canal de Panam\u00e1 - JPEV Logistics<\/title>\n<meta name=\"robots\" content=\"index, follow, max-snippet:-1, max-image-preview:large, max-video-preview:-1\" \/>\n<link rel=\"canonical\" href=\"https:\/\/jpevlogistics.com\/en\/portacontenedores-de-evergreen-de-17-312-teus-transito-por-primera-vez-por-el-canal-de-panama\/\" \/>\n<meta property=\"og:locale\" content=\"en_US\" \/>\n<meta property=\"og:type\" content=\"article\" \/>\n<meta property=\"og:title\" content=\"Portacontenedores de Evergreen de 17.312 TEUs transit\u00f3 por primera vez por el Canal de Panam\u00e1 - JPEV Logistics\" \/>\n<meta property=\"og:description\" content=\"El portacontenedor \u201cEver Max\u201d, de la l\u00ednea naviera Evergreen, de 17.312 TEUs, en su tr\u00e1nsito inaugural, naveg\u00f3 el 1 de agosto en direcci\u00f3n norte por las esclusas Neopanamax del Canal de Panam\u00e1. El buque construido en 2023 y perteneciente al Registro de Singapur; cuenta con 366 metros de eslora y 51 de manga; adem\u00e1s de [&hellip;]\" \/>\n<meta property=\"og:url\" content=\"https:\/\/jpevlogistics.com\/en\/portacontenedores-de-evergreen-de-17-312-teus-transito-por-primera-vez-por-el-canal-de-panama\/\" \/>\n<meta property=\"og:site_name\" content=\"JPEV Logistics\" \/>\n<meta property=\"article:published_time\" content=\"2023-08-03T15:39:13+00:00\" \/>\n<meta property=\"article:modified_time\" content=\"2023-08-03T15:39:14+00:00\" \/>\n<meta property=\"og:image\" content=\"https:\/\/jpevlogistics.com\/wp-content\/uploads\/2023\/08\/everegreen-barco.jpeg\" \/>\n\t<meta property=\"og:image:width\" content=\"798\" \/>\n\t<meta property=\"og:image:height\" content=\"598\" \/>\n\t<meta property=\"og:image:type\" content=\"image\/jpeg\" \/>\n<meta name=\"author\" content=\"horacio\" \/>\n<meta name=\"twitter:card\" content=\"summary_large_image\" \/>\n<meta name=\"twitter:label1\" content=\"Written by\" \/>\n\t<meta name=\"twitter:data1\" content=\"horacio\" \/>\n\t<meta name=\"twitter:label2\" content=\"Est. reading time\" \/>\n\t<meta name=\"twitter:data2\" content=\"3 minutes\" \/>\n<script type=\"application\/ld+json\" class=\"yoast-schema-graph\">{\"@context\":\"https:\\\/\\\/schema.org\",\"@graph\":[{\"@type\":\"Article\",\"@id\":\"https:\\\/\\\/jpevlogistics.com\\\/portacontenedores-de-evergreen-de-17-312-teus-transito-por-primera-vez-por-el-canal-de-panama\\\/#article\",\"isPartOf\":{\"@id\":\"https:\\\/\\\/jpevlogistics.com\\\/portacontenedores-de-evergreen-de-17-312-teus-transito-por-primera-vez-por-el-canal-de-panama\\\/\"},\"author\":{\"name\":\"horacio\",\"@id\":\"https:\\\/\\\/jpevlogistics.com\\\/#\\\/schema\\\/person\\\/5cb83ed90e4ad10651470058bc190e62\"},\"headline\":\"Portacontenedores de Evergreen de 17.312 TEUs transit\u00f3 por primera vez por el Canal de Panam\u00e1\",\"datePublished\":\"2023-08-03T15:39:13+00:00\",\"dateModified\":\"2023-08-03T15:39:14+00:00\",\"mainEntityOfPage\":{\"@id\":\"https:\\\/\\\/jpevlogistics.com\\\/portacontenedores-de-evergreen-de-17-312-teus-transito-por-primera-vez-por-el-canal-de-panama\\\/\"},\"wordCount\":431,\"commentCount\":0,\"publisher\":{\"@id\":\"https:\\\/\\\/jpevlogistics.com\\\/#organization\"},\"image\":{\"@id\":\"https:\\\/\\\/jpevlogistics.com\\\/portacontenedores-de-evergreen-de-17-312-teus-transito-por-primera-vez-por-el-canal-de-panama\\\/#primaryimage\"},\"thumbnailUrl\":\"https:\\\/\\\/jpevlogistics.com\\\/wp-content\\\/uploads\\\/2023\\\/08\\\/everegreen-barco.jpeg\",\"articleSection\":[\"Sin categor\u00eda\"],\"inLanguage\":\"en-US\",\"potentialAction\":[{\"@type\":\"CommentAction\",\"name\":\"Comment\",\"target\":[\"https:\\\/\\\/jpevlogistics.com\\\/portacontenedores-de-evergreen-de-17-312-teus-transito-por-primera-vez-por-el-canal-de-panama\\\/#respond\"]}]},{\"@type\":\"WebPage\",\"@id\":\"https:\\\/\\\/jpevlogistics.com\\\/portacontenedores-de-evergreen-de-17-312-teus-transito-por-primera-vez-por-el-canal-de-panama\\\/\",\"url\":\"https:\\\/\\\/jpevlogistics.com\\\/portacontenedores-de-evergreen-de-17-312-teus-transito-por-primera-vez-por-el-canal-de-panama\\\/\",\"name\":\"Portacontenedores de Evergreen de 17.312 TEUs transit\u00f3 por primera vez por el Canal de Panam\u00e1 - JPEV Logistics\",\"isPartOf\":{\"@id\":\"https:\\\/\\\/jpevlogistics.com\\\/#website\"},\"primaryImageOfPage\":{\"@id\":\"https:\\\/\\\/jpevlogistics.com\\\/portacontenedores-de-evergreen-de-17-312-teus-transito-por-primera-vez-por-el-canal-de-panama\\\/#primaryimage\"},\"image\":{\"@id\":\"https:\\\/\\\/jpevlogistics.com\\\/portacontenedores-de-evergreen-de-17-312-teus-transito-por-primera-vez-por-el-canal-de-panama\\\/#primaryimage\"},\"thumbnailUrl\":\"https:\\\/\\\/jpevlogistics.com\\\/wp-content\\\/uploads\\\/2023\\\/08\\\/everegreen-barco.jpeg\",\"datePublished\":\"2023-08-03T15:39:13+00:00\",\"dateModified\":\"2023-08-03T15:39:14+00:00\",\"breadcrumb\":{\"@id\":\"https:\\\/\\\/jpevlogistics.com\\\/portacontenedores-de-evergreen-de-17-312-teus-transito-por-primera-vez-por-el-canal-de-panama\\\/#breadcrumb\"},\"inLanguage\":\"en-US\",\"potentialAction\":[{\"@type\":\"ReadAction\",\"target\":[\"https:\\\/\\\/jpevlogistics.com\\\/portacontenedores-de-evergreen-de-17-312-teus-transito-por-primera-vez-por-el-canal-de-panama\\\/\"]}]},{\"@type\":\"ImageObject\",\"inLanguage\":\"en-US\",\"@id\":\"https:\\\/\\\/jpevlogistics.com\\\/portacontenedores-de-evergreen-de-17-312-teus-transito-por-primera-vez-por-el-canal-de-panama\\\/#primaryimage\",\"url\":\"https:\\\/\\\/jpevlogistics.com\\\/wp-content\\\/uploads\\\/2023\\\/08\\\/everegreen-barco.jpeg\",\"contentUrl\":\"https:\\\/\\\/jpevlogistics.com\\\/wp-content\\\/uploads\\\/2023\\\/08\\\/everegreen-barco.jpeg\",\"width\":798,\"height\":598},{\"@type\":\"BreadcrumbList\",\"@id\":\"https:\\\/\\\/jpevlogistics.com\\\/portacontenedores-de-evergreen-de-17-312-teus-transito-por-primera-vez-por-el-canal-de-panama\\\/#breadcrumb\",\"itemListElement\":[{\"@type\":\"ListItem\",\"position\":1,\"name\":\"Portada\",\"item\":\"https:\\\/\\\/jpevlogistics.com\\\/\"},{\"@type\":\"ListItem\",\"position\":2,\"name\":\"Portacontenedores de Evergreen de 17.312 TEUs transit\u00f3 por primera vez por el Canal de Panam\u00e1\"}]},{\"@type\":\"WebSite\",\"@id\":\"https:\\\/\\\/jpevlogistics.com\\\/#website\",\"url\":\"https:\\\/\\\/jpevlogistics.com\\\/\",\"name\":\"JPEV Logistics\",\"description\":\"\",\"publisher\":{\"@id\":\"https:\\\/\\\/jpevlogistics.com\\\/#organization\"},\"potentialAction\":[{\"@type\":\"SearchAction\",\"target\":{\"@type\":\"EntryPoint\",\"urlTemplate\":\"https:\\\/\\\/jpevlogistics.com\\\/?s={search_term_string}\"},\"query-input\":{\"@type\":\"PropertyValueSpecification\",\"valueRequired\":true,\"valueName\":\"search_term_string\"}}],\"inLanguage\":\"en-US\"},{\"@type\":\"Organization\",\"@id\":\"https:\\\/\\\/jpevlogistics.com\\\/#organization\",\"name\":\"JPEV Logistics\",\"url\":\"https:\\\/\\\/jpevlogistics.com\\\/\",\"logo\":{\"@type\":\"ImageObject\",\"inLanguage\":\"en-US\",\"@id\":\"https:\\\/\\\/jpevlogistics.com\\\/#\\\/schema\\\/logo\\\/image\\\/\",\"url\":\"https:\\\/\\\/jpevlogistics.com\\\/wp-content\\\/uploads\\\/2020\\\/07\\\/logo.png\",\"contentUrl\":\"https:\\\/\\\/jpevlogistics.com\\\/wp-content\\\/uploads\\\/2020\\\/07\\\/logo.png\",\"width\":214,\"height\":81,\"caption\":\"JPEV Logistics\"},\"image\":{\"@id\":\"https:\\\/\\\/jpevlogistics.com\\\/#\\\/schema\\\/logo\\\/image\\\/\"},\"sameAs\":[\"https:\\\/\\\/www.instagram.com\\\/jpevlogistics\\\/\",\"https:\\\/\\\/www.linkedin.com\\\/company\\\/jpev-logistics\\\/\"]},{\"@type\":\"Person\",\"@id\":\"https:\\\/\\\/jpevlogistics.com\\\/#\\\/schema\\\/person\\\/5cb83ed90e4ad10651470058bc190e62\",\"name\":\"horacio\",\"image\":{\"@type\":\"ImageObject\",\"inLanguage\":\"en-US\",\"@id\":\"https:\\\/\\\/secure.gravatar.com\\\/avatar\\\/49ba85a39487c51406dba7224109c3b2296f15c3dd1931dd024e3f540b12ea7d?s=96&d=mm&r=g\",\"url\":\"https:\\\/\\\/secure.gravatar.com\\\/avatar\\\/49ba85a39487c51406dba7224109c3b2296f15c3dd1931dd024e3f540b12ea7d?s=96&d=mm&r=g\",\"contentUrl\":\"https:\\\/\\\/secure.gravatar.com\\\/avatar\\\/49ba85a39487c51406dba7224109c3b2296f15c3dd1931dd024e3f540b12ea7d?s=96&d=mm&r=g\",\"caption\":\"horacio\"},\"url\":\"https:\\\/\\\/jpevlogistics.com\\\/en\\\/author\\\/horacio\\\/\"}]}<\/script>\n<!-- \/ Yoast SEO plugin. -->","yoast_head_json":{"title":"Portacontenedores de Evergreen de 17.312 TEUs transit\u00f3 por primera vez por el Canal de Panam\u00e1 - JPEV Logistics","robots":{"index":"index","follow":"follow","max-snippet":"max-snippet:-1","max-image-preview":"max-image-preview:large","max-video-preview":"max-video-preview:-1"},"canonical":"https:\/\/jpevlogistics.com\/en\/portacontenedores-de-evergreen-de-17-312-teus-transito-por-primera-vez-por-el-canal-de-panama\/","og_locale":"en_US","og_type":"article","og_title":"Portacontenedores de Evergreen de 17.312 TEUs transit\u00f3 por primera vez por el Canal de Panam\u00e1 - JPEV Logistics","og_description":"El portacontenedor \u201cEver Max\u201d, de la l\u00ednea naviera Evergreen, de 17.312 TEUs, en su tr\u00e1nsito inaugural, naveg\u00f3 el 1 de agosto en direcci\u00f3n norte por las esclusas Neopanamax del Canal de Panam\u00e1. El buque construido en 2023 y perteneciente al Registro de Singapur; cuenta con 366 metros de eslora y 51 de manga; adem\u00e1s de [&hellip;]","og_url":"https:\/\/jpevlogistics.com\/en\/portacontenedores-de-evergreen-de-17-312-teus-transito-por-primera-vez-por-el-canal-de-panama\/","og_site_name":"JPEV Logistics","article_published_time":"2023-08-03T15:39:13+00:00","article_modified_time":"2023-08-03T15:39:14+00:00","og_image":[{"width":798,"height":598,"url":"https:\/\/jpevlogistics.com\/wp-content\/uploads\/2023\/08\/everegreen-barco.jpeg","type":"image\/jpeg"}],"author":"horacio","twitter_card":"summary_large_image","twitter_misc":{"Written by":"horacio","Est. reading time":"3 minutes"},"schema":{"@context":"https:\/\/schema.org","@graph":[{"@type":"Article","@id":"https:\/\/jpevlogistics.com\/portacontenedores-de-evergreen-de-17-312-teus-transito-por-primera-vez-por-el-canal-de-panama\/#article","isPartOf":{"@id":"https:\/\/jpevlogistics.com\/portacontenedores-de-evergreen-de-17-312-teus-transito-por-primera-vez-por-el-canal-de-panama\/"},"author":{"name":"horacio","@id":"https:\/\/jpevlogistics.com\/#\/schema\/person\/5cb83ed90e4ad10651470058bc190e62"},"headline":"Portacontenedores de Evergreen de 17.312 TEUs transit\u00f3 por primera vez por el Canal de Panam\u00e1","datePublished":"2023-08-03T15:39:13+00:00","dateModified":"2023-08-03T15:39:14+00:00","mainEntityOfPage":{"@id":"https:\/\/jpevlogistics.com\/portacontenedores-de-evergreen-de-17-312-teus-transito-por-primera-vez-por-el-canal-de-panama\/"},"wordCount":431,"commentCount":0,"publisher":{"@id":"https:\/\/jpevlogistics.com\/#organization"},"image":{"@id":"https:\/\/jpevlogistics.com\/portacontenedores-de-evergreen-de-17-312-teus-transito-por-primera-vez-por-el-canal-de-panama\/#primaryimage"},"thumbnailUrl":"https:\/\/jpevlogistics.com\/wp-content\/uploads\/2023\/08\/everegreen-barco.jpeg","articleSection":["Sin categor\u00eda"],"inLanguage":"en-US","potentialAction":[{"@type":"CommentAction","name":"Comment","target":["https:\/\/jpevlogistics.com\/portacontenedores-de-evergreen-de-17-312-teus-transito-por-primera-vez-por-el-canal-de-panama\/#respond"]}]},{"@type":"WebPage","@id":"https:\/\/jpevlogistics.com\/portacontenedores-de-evergreen-de-17-312-teus-transito-por-primera-vez-por-el-canal-de-panama\/","url":"https:\/\/jpevlogistics.com\/portacontenedores-de-evergreen-de-17-312-teus-transito-por-primera-vez-por-el-canal-de-panama\/","name":"Portacontenedores de Evergreen de 17.312 TEUs transit\u00f3 por primera vez por el Canal de Panam\u00e1 - JPEV Logistics","isPartOf":{"@id":"https:\/\/jpevlogistics.com\/#website"},"primaryImageOfPage":{"@id":"https:\/\/jpevlogistics.com\/portacontenedores-de-evergreen-de-17-312-teus-transito-por-primera-vez-por-el-canal-de-panama\/#primaryimage"},"image":{"@id":"https:\/\/jpevlogistics.com\/portacontenedores-de-evergreen-de-17-312-teus-transito-por-primera-vez-por-el-canal-de-panama\/#primaryimage"},"thumbnailUrl":"https:\/\/jpevlogistics.com\/wp-content\/uploads\/2023\/08\/everegreen-barco.jpeg","datePublished":"2023-08-03T15:39:13+00:00","dateModified":"2023-08-03T15:39:14+00:00","breadcrumb":{"@id":"https:\/\/jpevlogistics.com\/portacontenedores-de-evergreen-de-17-312-teus-transito-por-primera-vez-por-el-canal-de-panama\/#breadcrumb"},"inLanguage":"en-US","potentialAction":[{"@type":"ReadAction","target":["https:\/\/jpevlogistics.com\/portacontenedores-de-evergreen-de-17-312-teus-transito-por-primera-vez-por-el-canal-de-panama\/"]}]},{"@type":"ImageObject","inLanguage":"en-US","@id":"https:\/\/jpevlogistics.com\/portacontenedores-de-evergreen-de-17-312-teus-transito-por-primera-vez-por-el-canal-de-panama\/#primaryimage","url":"https:\/\/jpevlogistics.com\/wp-content\/uploads\/2023\/08\/everegreen-barco.jpeg","contentUrl":"https:\/\/jpevlogistics.com\/wp-content\/uploads\/2023\/08\/everegreen-barco.jpeg","width":798,"height":598},{"@type":"BreadcrumbList","@id":"https:\/\/jpevlogistics.com\/portacontenedores-de-evergreen-de-17-312-teus-transito-por-primera-vez-por-el-canal-de-panama\/#breadcrumb","itemListElement":[{"@type":"ListItem","position":1,"name":"Portada","item":"https:\/\/jpevlogistics.com\/"},{"@type":"ListItem","position":2,"name":"Portacontenedores de Evergreen de 17.312 TEUs transit\u00f3 por primera vez por el Canal de Panam\u00e1"}]},{"@type":"WebSite","@id":"https:\/\/jpevlogistics.com\/#website","url":"https:\/\/jpevlogistics.com\/","name":"JPEV Logistics","description":"","publisher":{"@id":"https:\/\/jpevlogistics.com\/#organization"},"potentialAction":[{"@type":"SearchAction","target":{"@type":"EntryPoint","urlTemplate":"https:\/\/jpevlogistics.com\/?s={search_term_string}"},"query-input":{"@type":"PropertyValueSpecification","valueRequired":true,"valueName":"search_term_string"}}],"inLanguage":"en-US"},{"@type":"Organization","@id":"https:\/\/jpevlogistics.com\/#organization","name":"JPEV Logistics","url":"https:\/\/jpevlogistics.com\/","logo":{"@type":"ImageObject","inLanguage":"en-US","@id":"https:\/\/jpevlogistics.com\/#\/schema\/logo\/image\/","url":"https:\/\/jpevlogistics.com\/wp-content\/uploads\/2020\/07\/logo.png","contentUrl":"https:\/\/jpevlogistics.com\/wp-content\/uploads\/2020\/07\/logo.png","width":214,"height":81,"caption":"JPEV Logistics"},"image":{"@id":"https:\/\/jpevlogistics.com\/#\/schema\/logo\/image\/"},"sameAs":["https:\/\/www.instagram.com\/jpevlogistics\/","https:\/\/www.linkedin.com\/company\/jpev-logistics\/"]},{"@type":"Person","@id":"https:\/\/jpevlogistics.com\/#\/schema\/person\/5cb83ed90e4ad10651470058bc190e62","name":"horacio","image":{"@type":"ImageObject","inLanguage":"en-US","@id":"https:\/\/secure.gravatar.com\/avatar\/49ba85a39487c51406dba7224109c3b2296f15c3dd1931dd024e3f540b12ea7d?s=96&d=mm&r=g","url":"https:\/\/secure.gravatar.com\/avatar\/49ba85a39487c51406dba7224109c3b2296f15c3dd1931dd024e3f540b12ea7d?s=96&d=mm&r=g","contentUrl":"https:\/\/secure.gravatar.com\/avatar\/49ba85a39487c51406dba7224109c3b2296f15c3dd1931dd024e3f540b12ea7d?s=96&d=mm&r=g","caption":"horacio"},"url":"https:\/\/jpevlogistics.com\/en\/author\/horacio\/"}]}},"_links":{"self":[{"href":"https:\/\/jpevlogistics.com\/en\/wp-json\/wp\/v2\/posts\/2585","targetHints":{"allow":["GET"]}}],"collection":[{"href":"https:\/\/jpevlogistics.com\/en\/wp-json\/wp\/v2\/posts"}],"about":[{"href":"https:\/\/jpevlogistics.com\/en\/wp-json\/wp\/v2\/types\/post"}],"author":[{"embeddable":true,"href":"https:\/\/jpevlogistics.com\/en\/wp-json\/wp\/v2\/users\/4"}],"replies":[{"embeddable":true,"href":"https:\/\/jpevlogistics.com\/en\/wp-json\/wp\/v2\/comments?post=2585"}],"version-history":[{"count":1,"href":"https:\/\/jpevlogistics.com\/en\/wp-json\/wp\/v2\/posts\/2585\/revisions"}],"predecessor-version":[{"id":2587,"href":"https:\/\/jpevlogistics.com\/en\/wp-json\/wp\/v2\/posts\/2585\/revisions\/2587"}],"wp:featuredmedia":[{"embeddable":true,"href":"https:\/\/jpevlogistics.com\/en\/wp-json\/wp\/v2\/media\/2586"}],"wp:attachment":[{"href":"https:\/\/jpevlogistics.com\/en\/wp-json\/wp\/v2\/media?parent=2585"}],"wp:term":[{"taxonomy":"category","embeddable":true,"href":"https:\/\/jpevlogistics.com\/en\/wp-json\/wp\/v2\/categories?post=2585"},{"taxonomy":"post_tag","embeddable":true,"href":"https:\/\/jpevlogistics.com\/en\/wp-json\/wp\/v2\/tags?post=2585"}],"curies":[{"name":"wp","href":"https:\/\/api.w.org\/{rel}","templated":true}]}}