{"id":2600,"date":"2023-08-04T15:20:09","date_gmt":"2023-08-04T15:20:09","guid":{"rendered":"https:\/\/jpevlogistics.com\/?p=2600"},"modified":"2023-08-04T15:21:04","modified_gmt":"2023-08-04T15:21:04","slug":"ruta-trasatlantica-sufre-embate-por-caida-de-tarifas-y-lineas-navieras-inician-retiro-de-capacidad","status":"publish","type":"post","link":"https:\/\/jpevlogistics.com\/en\/ruta-trasatlantica-sufre-embate-por-caida-de-tarifas-y-lineas-navieras-inician-retiro-de-capacidad\/","title":{"rendered":"Ruta Trasatl\u00e1ntica sufre embate por ca\u00edda de tarifas y l\u00edneas navieras inician retiro de capacidad"},"content":{"rendered":"<p>Tan pronto como se enfri\u00f3 el comercio mar\u00edtimo desde el Lejano Oriente hasta Am\u00e9rica del Norte y Europa despu\u00e9s de la pandemia de Covid-19, las l\u00edneas navieras comenzaron a trasladar su capacidad a la ruta que conecta Europa &#8211; Am\u00e9rica del Norte (Transatl\u00e1ntico), donde las tarifas mar\u00edtimas eran mucho m\u00e1s altas. Sin embargo, \u00e9stas han vuelto a los niveles de 2020, poniendo fin a la \u201cfiesta\u201d en la ruta. MSC, que es, el mayor operador en esta ruta, comenz\u00f3 a retirar capacidad, reporta&nbsp;<a href=\"https:\/\/public.alphaliner.com\/?utm_source=mundomaritimo&amp;utm_medium=mention&amp;utm_campaign=2019\">Alphaliner<\/a>.<\/p>\n\n\n\n<p>La consultora contaba el 1 de julio de 2023 con 198 portacontenedores que operaban en servicios regulares de l\u00ednea entre Europa y las costas este y oeste de Canad\u00e1, EE. UU. y M\u00e9xico que en conjunto representaban una capacidad de 1,13 MTEUs, un 6,6% m\u00e1s interanual. Esta flota se distribu\u00eda uniformemente entre los servicios que conectan el norte de Europa con Am\u00e9rica del Norte (49,8%) y los servicios transatl\u00e1nticos hacia\/desde el oeste y el este del Mediterr\u00e1neo (50,2%).<\/p>\n\n\n\n<figure class=\"wp-block-gallery has-nested-images columns-default is-cropped wp-block-gallery-1 is-layout-flex wp-block-gallery-is-layout-flex\">\n<figure class=\"wp-block-image size-large\"><img fetchpriority=\"high\" decoding=\"async\" width=\"960\" height=\"550\" data-id=\"2601\" src=\"https:\/\/jpevlogistics.com\/wp-content\/uploads\/2023\/08\/Barco-maersk-mitad-.jpeg\" alt=\"\" class=\"wp-image-2601\" srcset=\"https:\/\/jpevlogistics.com\/wp-content\/uploads\/2023\/08\/Barco-maersk-mitad-.jpeg 960w, https:\/\/jpevlogistics.com\/wp-content\/uploads\/2023\/08\/Barco-maersk-mitad--300x172.jpeg 300w, https:\/\/jpevlogistics.com\/wp-content\/uploads\/2023\/08\/Barco-maersk-mitad--768x440.jpeg 768w, https:\/\/jpevlogistics.com\/wp-content\/uploads\/2023\/08\/Barco-maersk-mitad--18x10.jpeg 18w\" sizes=\"(max-width: 960px) 100vw, 960px\" \/><\/figure>\n<\/figure>\n\n\n\n<p>La lista de los 10 mejores actores en esta ruta incluye a Ellerman City Liners, que comenz\u00f3 a transferir sus buques fletados desde la ruta Asia-Europa a un nuevo itinerario entre Europa y la Costa Este de EE.UU. (USEC) en diciembre de 2022.<\/p>\n\n\n\n<p>Cuando Ellerman lanz\u00f3 su servicio &#8216;USX&#8217;, las tarifas de flete desde Europa a la USEC rondaban los US$6.000\/FEU, en comparaci\u00f3n con solo US$2.100\/FEU registrado en la ruta Shangh\u00e1i &#8211; norte de Europa.&nbsp; Sin embargo, los tiempos han cambiado, ya que las tarifas de flete promedio desde el norte Europa a la USEC&nbsp;<em>(headhaul<\/em>) se ha reducido a US$1.600\/FEU. Seg\u00fan el \u00cdndice de Carga Contenerizada de Shangh\u00e1i (SCFI), las tarifas spot desde Shangh\u00e1i al norte de Europa se sit\u00faan actualmente en US$1.950\/TEU despu\u00e9s de un aumento de tarifas parcialmente exitoso el 1 de agosto.<\/p>\n\n\n\n<p>Otras l\u00edneas navieras que contribuyeron al crecimiento de la capacidad en la ruta Transatl\u00e1ntico son CMA CGM (+34,2% interanual) y Cosco (+38,1%). Esta \u00faltima reemplaz\u00f3 los buques de 8.060-8.500 TEUs con unidades de mayor tama\u00f1o de 13.100 TEUs. La expansi\u00f3n de CMA CGM est\u00e1 relacionada en parte con el lanzamiento de un servicio \u2018Med-US Gulf\u00b4 en octubre de 2022.&nbsp;<\/p>\n\n\n\n<p><strong>MSC el mayor actor en la ruta<\/strong><\/p>\n\n\n\n<p>MSC es claramente la que posee mayor participaci\u00f3n con una flota de 430.200 TEU, de los cuales el 61,1% opera fuera de la alianza 2M.&nbsp; MSC fue la primera en comenzar servicios independientes en la ruta Europa &#8211; USEC cuando la ruta estaba en auge y tambi\u00e9n fue muy activa en la ruta hacia\/desde Canad\u00e1 y la Costa Oeste de EE.UU. (USWC) fuera del \u00e1mbito de las alianzas tradicionales.<\/p>\n\n\n\n<p>Habiendo cerrado su servicio &#8216;Boston Express&#8217; hacia\/desde el norte de Europa (mayo de 2023), y otros dos entre el norte de Italia, el este del Mediterr\u00e1neo y EE. UU., MSC fue la primera en reducir capacidad (-4,4% interanual). Su cuota de mercado se encuentra en 37,9%, por debajo del 42,3% en julio de 2022.<\/p>\n\n\n\n<p>Maersk tambi\u00e9n elimin\u00f3 capacidad (-5,2%) pero esta reducci\u00f3n de 6.000 TEUs se debe simplemente al hecho de que proporciona un buque menos para el servicio de 2M Norte de Europa &#8211; Golfo de EE.UU. Como sea, ocupa el tercer lugar en nuestro top 10 de la ruta Transatl\u00e1ntico.<\/p>\n\n\n\n<p>El segundo mayor operador en la ruta sigue siendo Hapag-Lloyd, que sum\u00f3 6.500 TEUs (+2,9% interanual) a sus servicios en el Transatl\u00e1ntico.<\/p>\n\n\n\n<p><strong>Alcances del informe&nbsp;<\/strong><\/p>\n\n\n\n<p>Alphaliner, aclara que el alcance de este informe se basa en la capacidad de los buques desplegados en servicios regulares de l\u00ednea dedicados al transporte mar\u00edtimo entre Europa y Am\u00e9rica del Norte. Los buques en itinerario de posicionamiento o desplegados ad hoc fueron excluidos del conteo.<\/p>\n\n\n\n<p>Es importante considerar que algunos operadores ofrecen capacidad adicional hacia\/desde la USEC con servicio m\u00faltiple hacia\/desde Latinoam\u00e9rica u Ocean\u00eda y dado que a menudo despliegan una gran cantidad de buques se desconoce la cantidad de espacios utilizados en el tramo transatl\u00e1ntico para el comercio entre Europa y Am\u00e9rica del Norte, se excluy\u00f3 su capacidad.<\/p>\n\n\n\n<p><strong>Servicio expreso de California<\/strong><\/p>\n\n\n\n<p>La elevad\u00edsima cuota de mercado de MSC puede explicarse por el hecho de que la l\u00ednea naviera emplea quince buques entre 8.800 y 12.200 TEUs en su servicio Med-USWC &#8216;California Express&#8217;, lo que representa una capacidad total de 143.000 TEUs (un tercio de la flota transatl\u00e1ntica de MSC).<\/p>\n\n\n\n<p><strong>Participaci\u00f3n en la ruta<\/strong><\/p>\n\n\n\n<p><strong>MSC&nbsp;<\/strong>(37,9%);&nbsp;<strong>Hapag-Lloyd<\/strong>&nbsp;(20,0%);&nbsp;<strong>Maersk<\/strong>&nbsp;(9,6%);&nbsp;<strong>CMA CGM<\/strong>&nbsp;(8,4%);&nbsp;<strong>Cosco Group<\/strong>&nbsp;(7,5%);&nbsp;<strong>ONE<\/strong>&nbsp;(6,8%);&nbsp;<strong>ZIM&nbsp;<\/strong>(3,4%);&nbsp;<strong>ACL<\/strong>&nbsp;(1,7%)<strong>&nbsp;Ellerman<\/strong>&nbsp;(1,5%);&nbsp;<strong>ICL&nbsp;<\/strong>(1,1%);&nbsp;<strong>Otros + Evergeeen + Turkon and Marfret<\/strong>&nbsp;(2,1%).&nbsp;&nbsp;<\/p>","protected":false},"excerpt":{"rendered":"<p>Tan pronto como se enfri\u00f3 el comercio mar\u00edtimo desde el Lejano Oriente hasta Am\u00e9rica del Norte y Europa despu\u00e9s de la pandemia de Covid-19, las l\u00edneas navieras comenzaron a trasladar su capacidad a la ruta que conecta Europa &#8211; Am\u00e9rica del Norte (Transatl\u00e1ntico), donde las tarifas mar\u00edtimas eran mucho m\u00e1s altas. Sin embargo, \u00e9stas han [&hellip;]<\/p>\n","protected":false},"author":4,"featured_media":2601,"comment_status":"open","ping_status":"open","sticky":false,"template":"","format":"standard","meta":{"footnotes":""},"categories":[1],"tags":[],"class_list":["post-2600","post","type-post","status-publish","format-standard","has-post-thumbnail","hentry","category-sin-categoria"],"yoast_head":"<!-- This site is optimized with the Yoast SEO plugin v27.4 - https:\/\/yoast.com\/product\/yoast-seo-wordpress\/ -->\n<title>Ruta Trasatl\u00e1ntica sufre embate por ca\u00edda de tarifas y l\u00edneas navieras inician retiro de capacidad - JPEV Logistics<\/title>\n<meta name=\"robots\" content=\"index, follow, max-snippet:-1, max-image-preview:large, max-video-preview:-1\" \/>\n<link rel=\"canonical\" href=\"https:\/\/jpevlogistics.com\/en\/ruta-trasatlantica-sufre-embate-por-caida-de-tarifas-y-lineas-navieras-inician-retiro-de-capacidad\/\" \/>\n<meta property=\"og:locale\" content=\"en_US\" \/>\n<meta property=\"og:type\" content=\"article\" \/>\n<meta property=\"og:title\" content=\"Ruta Trasatl\u00e1ntica sufre embate por ca\u00edda de tarifas y l\u00edneas navieras inician retiro de capacidad - JPEV Logistics\" \/>\n<meta property=\"og:description\" content=\"Tan pronto como se enfri\u00f3 el comercio mar\u00edtimo desde el Lejano Oriente hasta Am\u00e9rica del Norte y Europa despu\u00e9s de la pandemia de Covid-19, las l\u00edneas navieras comenzaron a trasladar su capacidad a la ruta que conecta Europa &#8211; Am\u00e9rica del Norte (Transatl\u00e1ntico), donde las tarifas mar\u00edtimas eran mucho m\u00e1s altas. Sin embargo, \u00e9stas han [&hellip;]\" \/>\n<meta property=\"og:url\" content=\"https:\/\/jpevlogistics.com\/en\/ruta-trasatlantica-sufre-embate-por-caida-de-tarifas-y-lineas-navieras-inician-retiro-de-capacidad\/\" \/>\n<meta property=\"og:site_name\" content=\"JPEV Logistics\" \/>\n<meta property=\"article:published_time\" content=\"2023-08-04T15:20:09+00:00\" \/>\n<meta property=\"article:modified_time\" content=\"2023-08-04T15:21:04+00:00\" \/>\n<meta property=\"og:image\" content=\"https:\/\/jpevlogistics.com\/wp-content\/uploads\/2023\/08\/Barco-maersk-mitad-.jpeg\" \/>\n\t<meta property=\"og:image:width\" content=\"960\" \/>\n\t<meta property=\"og:image:height\" content=\"550\" \/>\n\t<meta property=\"og:image:type\" content=\"image\/jpeg\" \/>\n<meta name=\"author\" content=\"horacio\" \/>\n<meta name=\"twitter:card\" content=\"summary_large_image\" \/>\n<meta name=\"twitter:label1\" content=\"Written by\" \/>\n\t<meta name=\"twitter:data1\" content=\"horacio\" \/>\n\t<meta name=\"twitter:label2\" content=\"Est. reading time\" \/>\n\t<meta name=\"twitter:data2\" content=\"4 minutes\" \/>\n<script type=\"application\/ld+json\" class=\"yoast-schema-graph\">{\"@context\":\"https:\\\/\\\/schema.org\",\"@graph\":[{\"@type\":\"Article\",\"@id\":\"https:\\\/\\\/jpevlogistics.com\\\/en\\\/ruta-trasatlantica-sufre-embate-por-caida-de-tarifas-y-lineas-navieras-inician-retiro-de-capacidad\\\/#article\",\"isPartOf\":{\"@id\":\"https:\\\/\\\/jpevlogistics.com\\\/en\\\/ruta-trasatlantica-sufre-embate-por-caida-de-tarifas-y-lineas-navieras-inician-retiro-de-capacidad\\\/\"},\"author\":{\"name\":\"horacio\",\"@id\":\"https:\\\/\\\/jpevlogistics.com\\\/#\\\/schema\\\/person\\\/5cb83ed90e4ad10651470058bc190e62\"},\"headline\":\"Ruta Trasatl\u00e1ntica sufre embate por ca\u00edda de tarifas y l\u00edneas navieras inician retiro de capacidad\",\"datePublished\":\"2023-08-04T15:20:09+00:00\",\"dateModified\":\"2023-08-04T15:21:04+00:00\",\"mainEntityOfPage\":{\"@id\":\"https:\\\/\\\/jpevlogistics.com\\\/en\\\/ruta-trasatlantica-sufre-embate-por-caida-de-tarifas-y-lineas-navieras-inician-retiro-de-capacidad\\\/\"},\"wordCount\":809,\"commentCount\":0,\"publisher\":{\"@id\":\"https:\\\/\\\/jpevlogistics.com\\\/#organization\"},\"image\":{\"@id\":\"https:\\\/\\\/jpevlogistics.com\\\/en\\\/ruta-trasatlantica-sufre-embate-por-caida-de-tarifas-y-lineas-navieras-inician-retiro-de-capacidad\\\/#primaryimage\"},\"thumbnailUrl\":\"https:\\\/\\\/jpevlogistics.com\\\/wp-content\\\/uploads\\\/2023\\\/08\\\/Barco-maersk-mitad-.jpeg\",\"articleSection\":[\"Sin categor\u00eda\"],\"inLanguage\":\"en-US\",\"potentialAction\":[{\"@type\":\"CommentAction\",\"name\":\"Comment\",\"target\":[\"https:\\\/\\\/jpevlogistics.com\\\/en\\\/ruta-trasatlantica-sufre-embate-por-caida-de-tarifas-y-lineas-navieras-inician-retiro-de-capacidad\\\/#respond\"]}]},{\"@type\":\"WebPage\",\"@id\":\"https:\\\/\\\/jpevlogistics.com\\\/en\\\/ruta-trasatlantica-sufre-embate-por-caida-de-tarifas-y-lineas-navieras-inician-retiro-de-capacidad\\\/\",\"url\":\"https:\\\/\\\/jpevlogistics.com\\\/en\\\/ruta-trasatlantica-sufre-embate-por-caida-de-tarifas-y-lineas-navieras-inician-retiro-de-capacidad\\\/\",\"name\":\"Ruta Trasatl\u00e1ntica sufre embate por ca\u00edda de tarifas y l\u00edneas navieras inician retiro de capacidad - JPEV Logistics\",\"isPartOf\":{\"@id\":\"https:\\\/\\\/jpevlogistics.com\\\/#website\"},\"primaryImageOfPage\":{\"@id\":\"https:\\\/\\\/jpevlogistics.com\\\/en\\\/ruta-trasatlantica-sufre-embate-por-caida-de-tarifas-y-lineas-navieras-inician-retiro-de-capacidad\\\/#primaryimage\"},\"image\":{\"@id\":\"https:\\\/\\\/jpevlogistics.com\\\/en\\\/ruta-trasatlantica-sufre-embate-por-caida-de-tarifas-y-lineas-navieras-inician-retiro-de-capacidad\\\/#primaryimage\"},\"thumbnailUrl\":\"https:\\\/\\\/jpevlogistics.com\\\/wp-content\\\/uploads\\\/2023\\\/08\\\/Barco-maersk-mitad-.jpeg\",\"datePublished\":\"2023-08-04T15:20:09+00:00\",\"dateModified\":\"2023-08-04T15:21:04+00:00\",\"breadcrumb\":{\"@id\":\"https:\\\/\\\/jpevlogistics.com\\\/en\\\/ruta-trasatlantica-sufre-embate-por-caida-de-tarifas-y-lineas-navieras-inician-retiro-de-capacidad\\\/#breadcrumb\"},\"inLanguage\":\"en-US\",\"potentialAction\":[{\"@type\":\"ReadAction\",\"target\":[\"https:\\\/\\\/jpevlogistics.com\\\/en\\\/ruta-trasatlantica-sufre-embate-por-caida-de-tarifas-y-lineas-navieras-inician-retiro-de-capacidad\\\/\"]}]},{\"@type\":\"ImageObject\",\"inLanguage\":\"en-US\",\"@id\":\"https:\\\/\\\/jpevlogistics.com\\\/en\\\/ruta-trasatlantica-sufre-embate-por-caida-de-tarifas-y-lineas-navieras-inician-retiro-de-capacidad\\\/#primaryimage\",\"url\":\"https:\\\/\\\/jpevlogistics.com\\\/wp-content\\\/uploads\\\/2023\\\/08\\\/Barco-maersk-mitad-.jpeg\",\"contentUrl\":\"https:\\\/\\\/jpevlogistics.com\\\/wp-content\\\/uploads\\\/2023\\\/08\\\/Barco-maersk-mitad-.jpeg\",\"width\":960,\"height\":550},{\"@type\":\"BreadcrumbList\",\"@id\":\"https:\\\/\\\/jpevlogistics.com\\\/en\\\/ruta-trasatlantica-sufre-embate-por-caida-de-tarifas-y-lineas-navieras-inician-retiro-de-capacidad\\\/#breadcrumb\",\"itemListElement\":[{\"@type\":\"ListItem\",\"position\":1,\"name\":\"Portada\",\"item\":\"https:\\\/\\\/jpevlogistics.com\\\/\"},{\"@type\":\"ListItem\",\"position\":2,\"name\":\"Ruta Trasatl\u00e1ntica sufre embate por ca\u00edda de tarifas y l\u00edneas navieras inician retiro de capacidad\"}]},{\"@type\":\"WebSite\",\"@id\":\"https:\\\/\\\/jpevlogistics.com\\\/#website\",\"url\":\"https:\\\/\\\/jpevlogistics.com\\\/\",\"name\":\"JPEV Logistics\",\"description\":\"\",\"publisher\":{\"@id\":\"https:\\\/\\\/jpevlogistics.com\\\/#organization\"},\"potentialAction\":[{\"@type\":\"SearchAction\",\"target\":{\"@type\":\"EntryPoint\",\"urlTemplate\":\"https:\\\/\\\/jpevlogistics.com\\\/?s={search_term_string}\"},\"query-input\":{\"@type\":\"PropertyValueSpecification\",\"valueRequired\":true,\"valueName\":\"search_term_string\"}}],\"inLanguage\":\"en-US\"},{\"@type\":\"Organization\",\"@id\":\"https:\\\/\\\/jpevlogistics.com\\\/#organization\",\"name\":\"JPEV Logistics\",\"url\":\"https:\\\/\\\/jpevlogistics.com\\\/\",\"logo\":{\"@type\":\"ImageObject\",\"inLanguage\":\"en-US\",\"@id\":\"https:\\\/\\\/jpevlogistics.com\\\/#\\\/schema\\\/logo\\\/image\\\/\",\"url\":\"https:\\\/\\\/jpevlogistics.com\\\/wp-content\\\/uploads\\\/2020\\\/07\\\/logo.png\",\"contentUrl\":\"https:\\\/\\\/jpevlogistics.com\\\/wp-content\\\/uploads\\\/2020\\\/07\\\/logo.png\",\"width\":214,\"height\":81,\"caption\":\"JPEV Logistics\"},\"image\":{\"@id\":\"https:\\\/\\\/jpevlogistics.com\\\/#\\\/schema\\\/logo\\\/image\\\/\"},\"sameAs\":[\"https:\\\/\\\/www.instagram.com\\\/jpevlogistics\\\/\",\"https:\\\/\\\/www.linkedin.com\\\/company\\\/jpev-logistics\\\/\"]},{\"@type\":\"Person\",\"@id\":\"https:\\\/\\\/jpevlogistics.com\\\/#\\\/schema\\\/person\\\/5cb83ed90e4ad10651470058bc190e62\",\"name\":\"horacio\",\"image\":{\"@type\":\"ImageObject\",\"inLanguage\":\"en-US\",\"@id\":\"https:\\\/\\\/secure.gravatar.com\\\/avatar\\\/49ba85a39487c51406dba7224109c3b2296f15c3dd1931dd024e3f540b12ea7d?s=96&d=mm&r=g\",\"url\":\"https:\\\/\\\/secure.gravatar.com\\\/avatar\\\/49ba85a39487c51406dba7224109c3b2296f15c3dd1931dd024e3f540b12ea7d?s=96&d=mm&r=g\",\"contentUrl\":\"https:\\\/\\\/secure.gravatar.com\\\/avatar\\\/49ba85a39487c51406dba7224109c3b2296f15c3dd1931dd024e3f540b12ea7d?s=96&d=mm&r=g\",\"caption\":\"horacio\"},\"url\":\"https:\\\/\\\/jpevlogistics.com\\\/en\\\/author\\\/horacio\\\/\"}]}<\/script>\n<!-- \/ Yoast SEO plugin. -->","yoast_head_json":{"title":"Ruta Trasatl\u00e1ntica sufre embate por ca\u00edda de tarifas y l\u00edneas navieras inician retiro de capacidad - JPEV Logistics","robots":{"index":"index","follow":"follow","max-snippet":"max-snippet:-1","max-image-preview":"max-image-preview:large","max-video-preview":"max-video-preview:-1"},"canonical":"https:\/\/jpevlogistics.com\/en\/ruta-trasatlantica-sufre-embate-por-caida-de-tarifas-y-lineas-navieras-inician-retiro-de-capacidad\/","og_locale":"en_US","og_type":"article","og_title":"Ruta Trasatl\u00e1ntica sufre embate por ca\u00edda de tarifas y l\u00edneas navieras inician retiro de capacidad - JPEV Logistics","og_description":"Tan pronto como se enfri\u00f3 el comercio mar\u00edtimo desde el Lejano Oriente hasta Am\u00e9rica del Norte y Europa despu\u00e9s de la pandemia de Covid-19, las l\u00edneas navieras comenzaron a trasladar su capacidad a la ruta que conecta Europa &#8211; Am\u00e9rica del Norte (Transatl\u00e1ntico), donde las tarifas mar\u00edtimas eran mucho m\u00e1s altas. Sin embargo, \u00e9stas han [&hellip;]","og_url":"https:\/\/jpevlogistics.com\/en\/ruta-trasatlantica-sufre-embate-por-caida-de-tarifas-y-lineas-navieras-inician-retiro-de-capacidad\/","og_site_name":"JPEV Logistics","article_published_time":"2023-08-04T15:20:09+00:00","article_modified_time":"2023-08-04T15:21:04+00:00","og_image":[{"width":960,"height":550,"url":"https:\/\/jpevlogistics.com\/wp-content\/uploads\/2023\/08\/Barco-maersk-mitad-.jpeg","type":"image\/jpeg"}],"author":"horacio","twitter_card":"summary_large_image","twitter_misc":{"Written by":"horacio","Est. reading time":"4 minutes"},"schema":{"@context":"https:\/\/schema.org","@graph":[{"@type":"Article","@id":"https:\/\/jpevlogistics.com\/en\/ruta-trasatlantica-sufre-embate-por-caida-de-tarifas-y-lineas-navieras-inician-retiro-de-capacidad\/#article","isPartOf":{"@id":"https:\/\/jpevlogistics.com\/en\/ruta-trasatlantica-sufre-embate-por-caida-de-tarifas-y-lineas-navieras-inician-retiro-de-capacidad\/"},"author":{"name":"horacio","@id":"https:\/\/jpevlogistics.com\/#\/schema\/person\/5cb83ed90e4ad10651470058bc190e62"},"headline":"Ruta Trasatl\u00e1ntica sufre embate por ca\u00edda de tarifas y l\u00edneas navieras inician retiro de capacidad","datePublished":"2023-08-04T15:20:09+00:00","dateModified":"2023-08-04T15:21:04+00:00","mainEntityOfPage":{"@id":"https:\/\/jpevlogistics.com\/en\/ruta-trasatlantica-sufre-embate-por-caida-de-tarifas-y-lineas-navieras-inician-retiro-de-capacidad\/"},"wordCount":809,"commentCount":0,"publisher":{"@id":"https:\/\/jpevlogistics.com\/#organization"},"image":{"@id":"https:\/\/jpevlogistics.com\/en\/ruta-trasatlantica-sufre-embate-por-caida-de-tarifas-y-lineas-navieras-inician-retiro-de-capacidad\/#primaryimage"},"thumbnailUrl":"https:\/\/jpevlogistics.com\/wp-content\/uploads\/2023\/08\/Barco-maersk-mitad-.jpeg","articleSection":["Sin categor\u00eda"],"inLanguage":"en-US","potentialAction":[{"@type":"CommentAction","name":"Comment","target":["https:\/\/jpevlogistics.com\/en\/ruta-trasatlantica-sufre-embate-por-caida-de-tarifas-y-lineas-navieras-inician-retiro-de-capacidad\/#respond"]}]},{"@type":"WebPage","@id":"https:\/\/jpevlogistics.com\/en\/ruta-trasatlantica-sufre-embate-por-caida-de-tarifas-y-lineas-navieras-inician-retiro-de-capacidad\/","url":"https:\/\/jpevlogistics.com\/en\/ruta-trasatlantica-sufre-embate-por-caida-de-tarifas-y-lineas-navieras-inician-retiro-de-capacidad\/","name":"Ruta Trasatl\u00e1ntica sufre embate por ca\u00edda de tarifas y l\u00edneas navieras inician retiro de capacidad - JPEV Logistics","isPartOf":{"@id":"https:\/\/jpevlogistics.com\/#website"},"primaryImageOfPage":{"@id":"https:\/\/jpevlogistics.com\/en\/ruta-trasatlantica-sufre-embate-por-caida-de-tarifas-y-lineas-navieras-inician-retiro-de-capacidad\/#primaryimage"},"image":{"@id":"https:\/\/jpevlogistics.com\/en\/ruta-trasatlantica-sufre-embate-por-caida-de-tarifas-y-lineas-navieras-inician-retiro-de-capacidad\/#primaryimage"},"thumbnailUrl":"https:\/\/jpevlogistics.com\/wp-content\/uploads\/2023\/08\/Barco-maersk-mitad-.jpeg","datePublished":"2023-08-04T15:20:09+00:00","dateModified":"2023-08-04T15:21:04+00:00","breadcrumb":{"@id":"https:\/\/jpevlogistics.com\/en\/ruta-trasatlantica-sufre-embate-por-caida-de-tarifas-y-lineas-navieras-inician-retiro-de-capacidad\/#breadcrumb"},"inLanguage":"en-US","potentialAction":[{"@type":"ReadAction","target":["https:\/\/jpevlogistics.com\/en\/ruta-trasatlantica-sufre-embate-por-caida-de-tarifas-y-lineas-navieras-inician-retiro-de-capacidad\/"]}]},{"@type":"ImageObject","inLanguage":"en-US","@id":"https:\/\/jpevlogistics.com\/en\/ruta-trasatlantica-sufre-embate-por-caida-de-tarifas-y-lineas-navieras-inician-retiro-de-capacidad\/#primaryimage","url":"https:\/\/jpevlogistics.com\/wp-content\/uploads\/2023\/08\/Barco-maersk-mitad-.jpeg","contentUrl":"https:\/\/jpevlogistics.com\/wp-content\/uploads\/2023\/08\/Barco-maersk-mitad-.jpeg","width":960,"height":550},{"@type":"BreadcrumbList","@id":"https:\/\/jpevlogistics.com\/en\/ruta-trasatlantica-sufre-embate-por-caida-de-tarifas-y-lineas-navieras-inician-retiro-de-capacidad\/#breadcrumb","itemListElement":[{"@type":"ListItem","position":1,"name":"Portada","item":"https:\/\/jpevlogistics.com\/"},{"@type":"ListItem","position":2,"name":"Ruta Trasatl\u00e1ntica sufre embate por ca\u00edda de tarifas y l\u00edneas navieras inician retiro de capacidad"}]},{"@type":"WebSite","@id":"https:\/\/jpevlogistics.com\/#website","url":"https:\/\/jpevlogistics.com\/","name":"JPEV Logistics","description":"","publisher":{"@id":"https:\/\/jpevlogistics.com\/#organization"},"potentialAction":[{"@type":"SearchAction","target":{"@type":"EntryPoint","urlTemplate":"https:\/\/jpevlogistics.com\/?s={search_term_string}"},"query-input":{"@type":"PropertyValueSpecification","valueRequired":true,"valueName":"search_term_string"}}],"inLanguage":"en-US"},{"@type":"Organization","@id":"https:\/\/jpevlogistics.com\/#organization","name":"JPEV Logistics","url":"https:\/\/jpevlogistics.com\/","logo":{"@type":"ImageObject","inLanguage":"en-US","@id":"https:\/\/jpevlogistics.com\/#\/schema\/logo\/image\/","url":"https:\/\/jpevlogistics.com\/wp-content\/uploads\/2020\/07\/logo.png","contentUrl":"https:\/\/jpevlogistics.com\/wp-content\/uploads\/2020\/07\/logo.png","width":214,"height":81,"caption":"JPEV Logistics"},"image":{"@id":"https:\/\/jpevlogistics.com\/#\/schema\/logo\/image\/"},"sameAs":["https:\/\/www.instagram.com\/jpevlogistics\/","https:\/\/www.linkedin.com\/company\/jpev-logistics\/"]},{"@type":"Person","@id":"https:\/\/jpevlogistics.com\/#\/schema\/person\/5cb83ed90e4ad10651470058bc190e62","name":"horacio","image":{"@type":"ImageObject","inLanguage":"en-US","@id":"https:\/\/secure.gravatar.com\/avatar\/49ba85a39487c51406dba7224109c3b2296f15c3dd1931dd024e3f540b12ea7d?s=96&d=mm&r=g","url":"https:\/\/secure.gravatar.com\/avatar\/49ba85a39487c51406dba7224109c3b2296f15c3dd1931dd024e3f540b12ea7d?s=96&d=mm&r=g","contentUrl":"https:\/\/secure.gravatar.com\/avatar\/49ba85a39487c51406dba7224109c3b2296f15c3dd1931dd024e3f540b12ea7d?s=96&d=mm&r=g","caption":"horacio"},"url":"https:\/\/jpevlogistics.com\/en\/author\/horacio\/"}]}},"_links":{"self":[{"href":"https:\/\/jpevlogistics.com\/en\/wp-json\/wp\/v2\/posts\/2600","targetHints":{"allow":["GET"]}}],"collection":[{"href":"https:\/\/jpevlogistics.com\/en\/wp-json\/wp\/v2\/posts"}],"about":[{"href":"https:\/\/jpevlogistics.com\/en\/wp-json\/wp\/v2\/types\/post"}],"author":[{"embeddable":true,"href":"https:\/\/jpevlogistics.com\/en\/wp-json\/wp\/v2\/users\/4"}],"replies":[{"embeddable":true,"href":"https:\/\/jpevlogistics.com\/en\/wp-json\/wp\/v2\/comments?post=2600"}],"version-history":[{"count":2,"href":"https:\/\/jpevlogistics.com\/en\/wp-json\/wp\/v2\/posts\/2600\/revisions"}],"predecessor-version":[{"id":2603,"href":"https:\/\/jpevlogistics.com\/en\/wp-json\/wp\/v2\/posts\/2600\/revisions\/2603"}],"wp:featuredmedia":[{"embeddable":true,"href":"https:\/\/jpevlogistics.com\/en\/wp-json\/wp\/v2\/media\/2601"}],"wp:attachment":[{"href":"https:\/\/jpevlogistics.com\/en\/wp-json\/wp\/v2\/media?parent=2600"}],"wp:term":[{"taxonomy":"category","embeddable":true,"href":"https:\/\/jpevlogistics.com\/en\/wp-json\/wp\/v2\/categories?post=2600"},{"taxonomy":"post_tag","embeddable":true,"href":"https:\/\/jpevlogistics.com\/en\/wp-json\/wp\/v2\/tags?post=2600"}],"curies":[{"name":"wp","href":"https:\/\/api.w.org\/{rel}","templated":true}]}}