{"id":2612,"date":"2023-08-17T18:49:45","date_gmt":"2023-08-17T18:49:45","guid":{"rendered":"https:\/\/jpevlogistics.com\/?p=2612"},"modified":"2023-08-17T18:49:47","modified_gmt":"2023-08-17T18:49:47","slug":"alerta-importaciones-advierten-que-la-cadena-de-pagos-al-exterior-esta-al-borde-del-default","status":"publish","type":"post","link":"https:\/\/jpevlogistics.com\/en\/alerta-importaciones-advierten-que-la-cadena-de-pagos-al-exterior-esta-al-borde-del-default\/","title":{"rendered":"Alerta importaciones: advierten que la cadena de pagos al exterior est\u00e1 al borde del default"},"content":{"rendered":"<p>Tras el resultado de las elecciones primarias y el salto del d\u00f3lar oficial las empresas se encuentran &#8220;sumergidas en un laberinto de errores y modificaciones&#8221;; la deuda comercial crece y las fechas de pago se dilatan.<\/p>\n\n\n\n<p>Luego de largas semanas con\u00a0<strong>complicaciones t\u00e9cnicas en las distintas plataformas que intervienen en el circuito importador<\/strong>, tras el resultado de las PASO y\u00a0<a href=\"https:\/\/www.cronista.com\/economia-politica\/importaciones-un-requisito-del-fmi-abre-un-terrible-problema-productivo\/\" target=\"_blank\" rel=\"noreferrer noopener\">en plena renegociaci\u00f3n con el Fondo Monetario Internacional<\/a>\u00a0(FMI), los d\u00f3lares para el comercio no aparecen y\u00a0<strong>el sector anticipa lo peor: un &#8220;default comercial&#8221;.<\/strong><\/p>\n\n\n\n<p>&#8220;La importaci\u00f3n hoy, es un\u00a0<strong>conjunto de trabas<\/strong>\u00a0que<strong>\u00a0<a href=\"https:\/\/www.cronista.com\/tools\/redirect.php?t=3&amp;i=924336&amp;s=e39b7c52d941374cece5d6511cf6bd67\" target=\"_blank\" rel=\"noreferrer noopener\">no se circunscribe a una sola cuesti\u00f3n<\/a><\/strong>&#8220;, explic\u00f3 a\u00a0<em>El Cronista<\/em>\u00a0un referente de la dirigencia empresaria y advirti\u00f3 que\u00a0<strong>la cadena de pagos est\u00e1 cortada entre un 60% y un 70%<\/strong>.<\/p>\n\n\n\n<p>Al profundizar sobre la situaci\u00f3n indic\u00f3 que &#8220;miles&#8221; de operaciones con autorizaciones en el&nbsp;<a href=\"https:\/\/www.cronista.com\/tools\/redirect.php?t=3&amp;i=927213&amp;s=3c6b9d6200d2479d41bee7f7682cd397\" target=\"_blank\" rel=\"noreferrer noopener\">Sistema de Importaciones de la Rep\u00fablica Argentina<\/a>&nbsp;(SIRA) y en SIRASE (servicios) aprobadas, con fecha de pago,&nbsp;<strong>se dieron de baja o &#8220;desaparecen de forma misteriosa&#8221;.<\/strong><\/p>\n\n\n\n<p>Hasta el jueves, antes de las PASO, los operadores describ\u00edan los\u00a0<strong>diferentes &#8220;artilugios inform\u00e1ticos&#8221; como parte del escenario de inestabilidad pol\u00edtica<\/strong>\u00a0que gener\u00f3 saltos en el d\u00f3lar informal e impuls\u00f3 al\u00a0<a href=\"https:\/\/www.cronista.com\/tools\/redirect.php?t=3&amp;i=920410&amp;s=64ed0986d0fb65cc07df14a7b2803735\" target=\"_blank\" rel=\"noreferrer noopener\">Banco Central<\/a>\u00a0(BCRA) a concentrar los ingresos por la\u00a0<a href=\"https:\/\/www.cronista.com\/tools\/redirect.php?t=3&amp;i=924622&amp;s=0271c43691ec278ae99cc8e1c181e392\" target=\"_blank\" rel=\"noreferrer noopener\">liquidaci\u00f3n del ma\u00edz<\/a>\u00a0a\u00a0contener la ampliaci\u00f3n de la brecha cambiaria.<\/p>\n\n\n\n<p>Sin embargo, tras el resultado de las elecciones primarias y el salto del d\u00f3lar oficial,\u00a0<strong>las empresas se encuentran &#8220;sumergidas en un laberinto de errores y modificaciones&#8221;<\/strong>, aunque reconocen que el problema no es t\u00e9cnico. &#8220;Todos sabemos que\u00a0esto est\u00e1 siendo manejado para que los pagos no salgan&#8221;, indic\u00f3 un importador de insumos m\u00e9dicos.<\/p>\n\n\n\n<p>De cara a lo que viene, y con\u00a0<strong>stocks que comienzan a agotarse<\/strong>, algunos sectores descansan en el\u00a0<a href=\"https:\/\/panel.cronista.com\/economia-politica\/sergio-massa-viaja-a-ee-uu-por-los-desembolsos-del-fmi\/\" target=\"_blank\" rel=\"noreferrer noopener\">anuncio que prepara el ministro Sergio Massa junto al FMI<\/a>\u00a0para la pr\u00f3xima semana\u00a0<strong>cuando se confirme el desembolso de cerca de u$s 10.000 millones.<\/strong><\/p>\n\n\n\n<p>Pero no todos comparten el optimismo ya que, los c\u00e1lculos indican que&nbsp;gran parte del monto que ingresar\u00e1 desde Washington ya est\u00e1 comprometido con otros prestamistas. &#8220;Hay que ver si autorizan que parte de ese dinero se utilice para cancelar los compromisos comerciales con el exterior&#8221;, indic\u00f3 un empresario de la industria pyme.<\/p>\n\n\n\n<p>Adem\u00e1s, ya est\u00e1 asumido que una de las&nbsp;<strong>condiciones<\/strong>&nbsp;que est\u00e1 poniendo el staff t\u00e9cnico del organismo internacional para hacer efectivos los giros pendientes es&nbsp;<strong>reducir el saldo negativo en la balanza comercial<\/strong>, a partir de&nbsp;<a href=\"https:\/\/www.cronista.com\/tools\/redirect.php?t=3&amp;i=929234&amp;s=f8b2efbb803ba9e3d75385c009d6e950\" target=\"_blank\" rel=\"noreferrer noopener\">bajar el umbral de importaciones<\/a>&nbsp;a los&nbsp;u$s 3800 millones, mensuales.<\/p>\n\n\n\n<p>Por eso,\u00a0<a href=\"https:\/\/www.cronista.com\/tools\/redirect.php?t=3&amp;i=918099&amp;s=f9174e2b72ebe79ed39ecf2a76c98b3a\" target=\"_blank\" rel=\"noreferrer noopener\">frente a una deuda comercial que asciende a u$s 14.000 con proveedores del exterior<\/a>, desde entidades asociadas al comercio internacional describen el contexto como un\u00a0<strong>&#8220;pre default comercial&#8221;<\/strong>\u00a0que se aceler\u00f3 en las \u00faltimas tres semanas y, adem\u00e1s,\u00a0se encareci\u00f3 entre 30 y 50 por ciento\u00a0con las \u00faltimas medidas:\u00a0<strong>Impuesto PA\u00cdS\u00a0<\/strong>(entre 7,5% y 30%) y\u00a0<strong>devaluaci\u00f3n<\/strong>\u00a0(22%).<\/p>\n\n\n\n<p>En ese sentido, quienes operan en comercio internacional, reconocen que\u00a0parte de la devaluaci\u00f3n del d\u00f3lar oficial ya estaba trasladada a precios por la aceleraci\u00f3n de la cotizaci\u00f3n paralela y la utilizaci\u00f3n de d\u00f3lares financieros para importar, sin embargo, plantean que, ante la incertidumbre y la falta de precios y plazos de referencia para reposici\u00f3n\u00a0<strong>&#8220;todo se vuelve a pasar a costos&#8221;.<\/strong><\/p>\n\n\n\n<p><strong>Cuidar las importaciones<\/strong><\/p>\n\n\n\n<p>Ante este panorama agreste fuentes del Gobierno asumieron que\u00a0<strong>el Impuesto PAIS puede mejorar fiscalmente lo perdido por la baja de retenciones\u00a0<\/strong>y confiaron en que\u00a0puede llegar a &#8220;superar&#8221; el golpe que gener\u00f3 la sequ\u00eda en la recaudaci\u00f3n fiscal, lo que ayudar\u00e1 a cumplir una meta central con el Fondo.<\/p>\n\n\n\n<p>Adem\u00e1s, justificaron las medidas econ\u00f3mico-financieras en la necesidad de&nbsp;<strong>fortalecer reservas<\/strong>.&nbsp;&#8220;La acumulaci\u00f3n org\u00e1nica es por exportar m\u00e1s y&nbsp;<strong>cuidar las importaciones<\/strong>&#8220;, dijo un funcionario del equipo de Massa.<\/p>\n\n\n\n<p>En concreto, la cartera de Econom\u00eda, ahora bajo mayor presi\u00f3n por la tensi\u00f3n pol\u00edtica y la necesidad de dar respuesta a demandas sociales como la recomposici\u00f3n de ingresos, acelera el\u00a0<strong>&#8220;plan puente&#8221;<\/strong>\u00a0con la expectativa -aun-de llegar al pr\u00f3ximo a\u00f1o que promete mejores resultados, por el desempe\u00f1o del sector agroexportador&#8221;.\u00a0<\/p>\n\n\n\n<figure class=\"wp-block-gallery has-nested-images columns-default is-cropped wp-block-gallery-1 is-layout-flex wp-block-gallery-is-layout-flex\">\n<figure class=\"wp-block-image size-large\"><img fetchpriority=\"high\" decoding=\"async\" width=\"750\" height=\"500\" data-id=\"2616\" src=\"https:\/\/jpevlogistics.com\/wp-content\/uploads\/2023\/08\/ONE.jpeg\" alt=\"\" class=\"wp-image-2616\" srcset=\"https:\/\/jpevlogistics.com\/wp-content\/uploads\/2023\/08\/ONE.jpeg 750w, https:\/\/jpevlogistics.com\/wp-content\/uploads\/2023\/08\/ONE-300x200.jpeg 300w, https:\/\/jpevlogistics.com\/wp-content\/uploads\/2023\/08\/ONE-18x12.jpeg 18w\" sizes=\"(max-width: 750px) 100vw, 750px\" \/><\/figure>\n<\/figure>\n\n\n\n<p><a href=\"https:\/\/www.cronista.com\/tools\/redirect.php?t=3&amp;i=603706&amp;s=63a10dec5435283d254fa67819898cbb\"><\/a><\/p>\n\n\n\n<figure class=\"wp-block-gallery has-nested-images columns-default is-cropped wp-block-gallery-2 is-layout-flex wp-block-gallery-is-layout-flex\">\n<figure class=\"wp-block-image size-full\"><img decoding=\"async\" width=\"190\" height=\"107\" data-id=\"2615\" src=\"https:\/\/jpevlogistics.com\/wp-content\/uploads\/2023\/08\/image-2.png\" alt=\"\" class=\"wp-image-2615\" srcset=\"https:\/\/jpevlogistics.com\/wp-content\/uploads\/2023\/08\/image-2.png 190w, https:\/\/jpevlogistics.com\/wp-content\/uploads\/2023\/08\/image-2-18x10.png 18w\" sizes=\"(max-width: 190px) 100vw, 190px\" \/><\/figure>\n<\/figure>\n\n\n\n<p><a href=\"https:\/\/www.cronista.com\/economia-politica\/importaciones-un-requisito-del-fmi-abre-un-terrible-problema-productivo\/\"><\/a><\/p>\n\n\n\n<figure class=\"wp-block-image size-full\"><img decoding=\"async\" width=\"190\" height=\"107\" src=\"https:\/\/jpevlogistics.com\/wp-content\/uploads\/2023\/08\/image-1.png\" alt=\"\" class=\"wp-image-2614\" srcset=\"https:\/\/jpevlogistics.com\/wp-content\/uploads\/2023\/08\/image-1.png 190w, https:\/\/jpevlogistics.com\/wp-content\/uploads\/2023\/08\/image-1-18x10.png 18w\" sizes=\"(max-width: 190px) 100vw, 190px\" \/><\/figure>\n\n\n\n<p><a href=\"https:\/\/www.cronista.com\/economia-politica\/las-propuestas-economicas-de-javier-milei-bajo-la-lupa-son-viables-inconvenientes-o-inefectivas\/\"><\/a><\/p>\n\n\n\n<figure class=\"wp-block-image size-full\"><img loading=\"lazy\" decoding=\"async\" width=\"190\" height=\"107\" src=\"https:\/\/jpevlogistics.com\/wp-content\/uploads\/2023\/08\/image.png\" alt=\"\" class=\"wp-image-2613\" srcset=\"https:\/\/jpevlogistics.com\/wp-content\/uploads\/2023\/08\/image.png 190w, https:\/\/jpevlogistics.com\/wp-content\/uploads\/2023\/08\/image-18x10.png 18w\" sizes=\"(max-width: 190px) 100vw, 190px\" \/><\/figure>\n\n\n\n<p><a href=\"https:\/\/www.cronista.com\/economia-politica\/la-odisea-de-importar-antes-de-las-paso-errores-nuevos-conceptos-y-mas-demoras\/\"><\/a><\/p>","protected":false},"excerpt":{"rendered":"<p>Tras el resultado de las elecciones primarias y el salto del d\u00f3lar oficial las empresas se encuentran &#8220;sumergidas en un laberinto de errores y modificaciones&#8221;; la deuda comercial crece y las fechas de pago se dilatan. Luego de largas semanas con\u00a0complicaciones t\u00e9cnicas en las distintas plataformas que intervienen en el circuito importador, tras el resultado [&hellip;]<\/p>\n","protected":false},"author":4,"featured_media":2616,"comment_status":"open","ping_status":"open","sticky":false,"template":"","format":"standard","meta":{"footnotes":""},"categories":[1],"tags":[],"class_list":["post-2612","post","type-post","status-publish","format-standard","has-post-thumbnail","hentry","category-sin-categoria"],"yoast_head":"<!-- This site is optimized with the Yoast SEO plugin v27.4 - https:\/\/yoast.com\/product\/yoast-seo-wordpress\/ -->\n<title>Alerta importaciones: advierten que la cadena de pagos al exterior est\u00e1 al borde del default - JPEV Logistics<\/title>\n<meta name=\"robots\" content=\"index, follow, max-snippet:-1, max-image-preview:large, max-video-preview:-1\" \/>\n<link rel=\"canonical\" href=\"https:\/\/jpevlogistics.com\/en\/alerta-importaciones-advierten-que-la-cadena-de-pagos-al-exterior-esta-al-borde-del-default\/\" \/>\n<meta property=\"og:locale\" content=\"en_US\" \/>\n<meta property=\"og:type\" content=\"article\" \/>\n<meta property=\"og:title\" content=\"Alerta importaciones: advierten que la cadena de pagos al exterior est\u00e1 al borde del default - JPEV Logistics\" \/>\n<meta property=\"og:description\" content=\"Tras el resultado de las elecciones primarias y el salto del d\u00f3lar oficial las empresas se encuentran &#8220;sumergidas en un laberinto de errores y modificaciones&#8221;; la deuda comercial crece y las fechas de pago se dilatan. Luego de largas semanas con\u00a0complicaciones t\u00e9cnicas en las distintas plataformas que intervienen en el circuito importador, tras el resultado [&hellip;]\" \/>\n<meta property=\"og:url\" content=\"https:\/\/jpevlogistics.com\/en\/alerta-importaciones-advierten-que-la-cadena-de-pagos-al-exterior-esta-al-borde-del-default\/\" \/>\n<meta property=\"og:site_name\" content=\"JPEV Logistics\" \/>\n<meta property=\"article:published_time\" content=\"2023-08-17T18:49:45+00:00\" \/>\n<meta property=\"article:modified_time\" content=\"2023-08-17T18:49:47+00:00\" \/>\n<meta property=\"og:image\" content=\"https:\/\/jpevlogistics.com\/wp-content\/uploads\/2023\/08\/ONE.jpeg\" \/>\n\t<meta property=\"og:image:width\" content=\"750\" \/>\n\t<meta property=\"og:image:height\" content=\"500\" \/>\n\t<meta property=\"og:image:type\" content=\"image\/jpeg\" \/>\n<meta name=\"author\" content=\"horacio\" \/>\n<meta name=\"twitter:card\" content=\"summary_large_image\" \/>\n<meta name=\"twitter:label1\" content=\"Written by\" \/>\n\t<meta name=\"twitter:data1\" content=\"horacio\" \/>\n\t<meta name=\"twitter:label2\" content=\"Est. reading time\" \/>\n\t<meta name=\"twitter:data2\" content=\"4 minutes\" \/>\n<script type=\"application\/ld+json\" class=\"yoast-schema-graph\">{\"@context\":\"https:\\\/\\\/schema.org\",\"@graph\":[{\"@type\":\"Article\",\"@id\":\"https:\\\/\\\/jpevlogistics.com\\\/alerta-importaciones-advierten-que-la-cadena-de-pagos-al-exterior-esta-al-borde-del-default\\\/#article\",\"isPartOf\":{\"@id\":\"https:\\\/\\\/jpevlogistics.com\\\/alerta-importaciones-advierten-que-la-cadena-de-pagos-al-exterior-esta-al-borde-del-default\\\/\"},\"author\":{\"name\":\"horacio\",\"@id\":\"https:\\\/\\\/jpevlogistics.com\\\/#\\\/schema\\\/person\\\/5cb83ed90e4ad10651470058bc190e62\"},\"headline\":\"Alerta importaciones: advierten que la cadena de pagos al exterior est\u00e1 al borde del default\",\"datePublished\":\"2023-08-17T18:49:45+00:00\",\"dateModified\":\"2023-08-17T18:49:47+00:00\",\"mainEntityOfPage\":{\"@id\":\"https:\\\/\\\/jpevlogistics.com\\\/alerta-importaciones-advierten-que-la-cadena-de-pagos-al-exterior-esta-al-borde-del-default\\\/\"},\"wordCount\":738,\"commentCount\":0,\"publisher\":{\"@id\":\"https:\\\/\\\/jpevlogistics.com\\\/#organization\"},\"image\":{\"@id\":\"https:\\\/\\\/jpevlogistics.com\\\/alerta-importaciones-advierten-que-la-cadena-de-pagos-al-exterior-esta-al-borde-del-default\\\/#primaryimage\"},\"thumbnailUrl\":\"https:\\\/\\\/jpevlogistics.com\\\/wp-content\\\/uploads\\\/2023\\\/08\\\/ONE.jpeg\",\"articleSection\":[\"Sin categor\u00eda\"],\"inLanguage\":\"en-US\",\"potentialAction\":[{\"@type\":\"CommentAction\",\"name\":\"Comment\",\"target\":[\"https:\\\/\\\/jpevlogistics.com\\\/alerta-importaciones-advierten-que-la-cadena-de-pagos-al-exterior-esta-al-borde-del-default\\\/#respond\"]}]},{\"@type\":\"WebPage\",\"@id\":\"https:\\\/\\\/jpevlogistics.com\\\/alerta-importaciones-advierten-que-la-cadena-de-pagos-al-exterior-esta-al-borde-del-default\\\/\",\"url\":\"https:\\\/\\\/jpevlogistics.com\\\/alerta-importaciones-advierten-que-la-cadena-de-pagos-al-exterior-esta-al-borde-del-default\\\/\",\"name\":\"Alerta importaciones: advierten que la cadena de pagos al exterior est\u00e1 al borde del default - JPEV Logistics\",\"isPartOf\":{\"@id\":\"https:\\\/\\\/jpevlogistics.com\\\/#website\"},\"primaryImageOfPage\":{\"@id\":\"https:\\\/\\\/jpevlogistics.com\\\/alerta-importaciones-advierten-que-la-cadena-de-pagos-al-exterior-esta-al-borde-del-default\\\/#primaryimage\"},\"image\":{\"@id\":\"https:\\\/\\\/jpevlogistics.com\\\/alerta-importaciones-advierten-que-la-cadena-de-pagos-al-exterior-esta-al-borde-del-default\\\/#primaryimage\"},\"thumbnailUrl\":\"https:\\\/\\\/jpevlogistics.com\\\/wp-content\\\/uploads\\\/2023\\\/08\\\/ONE.jpeg\",\"datePublished\":\"2023-08-17T18:49:45+00:00\",\"dateModified\":\"2023-08-17T18:49:47+00:00\",\"breadcrumb\":{\"@id\":\"https:\\\/\\\/jpevlogistics.com\\\/alerta-importaciones-advierten-que-la-cadena-de-pagos-al-exterior-esta-al-borde-del-default\\\/#breadcrumb\"},\"inLanguage\":\"en-US\",\"potentialAction\":[{\"@type\":\"ReadAction\",\"target\":[\"https:\\\/\\\/jpevlogistics.com\\\/alerta-importaciones-advierten-que-la-cadena-de-pagos-al-exterior-esta-al-borde-del-default\\\/\"]}]},{\"@type\":\"ImageObject\",\"inLanguage\":\"en-US\",\"@id\":\"https:\\\/\\\/jpevlogistics.com\\\/alerta-importaciones-advierten-que-la-cadena-de-pagos-al-exterior-esta-al-borde-del-default\\\/#primaryimage\",\"url\":\"https:\\\/\\\/jpevlogistics.com\\\/wp-content\\\/uploads\\\/2023\\\/08\\\/ONE.jpeg\",\"contentUrl\":\"https:\\\/\\\/jpevlogistics.com\\\/wp-content\\\/uploads\\\/2023\\\/08\\\/ONE.jpeg\",\"width\":750,\"height\":500},{\"@type\":\"BreadcrumbList\",\"@id\":\"https:\\\/\\\/jpevlogistics.com\\\/alerta-importaciones-advierten-que-la-cadena-de-pagos-al-exterior-esta-al-borde-del-default\\\/#breadcrumb\",\"itemListElement\":[{\"@type\":\"ListItem\",\"position\":1,\"name\":\"Portada\",\"item\":\"https:\\\/\\\/jpevlogistics.com\\\/\"},{\"@type\":\"ListItem\",\"position\":2,\"name\":\"Alerta importaciones: advierten que la cadena de pagos al exterior est\u00e1 al borde del default\"}]},{\"@type\":\"WebSite\",\"@id\":\"https:\\\/\\\/jpevlogistics.com\\\/#website\",\"url\":\"https:\\\/\\\/jpevlogistics.com\\\/\",\"name\":\"JPEV Logistics\",\"description\":\"\",\"publisher\":{\"@id\":\"https:\\\/\\\/jpevlogistics.com\\\/#organization\"},\"potentialAction\":[{\"@type\":\"SearchAction\",\"target\":{\"@type\":\"EntryPoint\",\"urlTemplate\":\"https:\\\/\\\/jpevlogistics.com\\\/?s={search_term_string}\"},\"query-input\":{\"@type\":\"PropertyValueSpecification\",\"valueRequired\":true,\"valueName\":\"search_term_string\"}}],\"inLanguage\":\"en-US\"},{\"@type\":\"Organization\",\"@id\":\"https:\\\/\\\/jpevlogistics.com\\\/#organization\",\"name\":\"JPEV Logistics\",\"url\":\"https:\\\/\\\/jpevlogistics.com\\\/\",\"logo\":{\"@type\":\"ImageObject\",\"inLanguage\":\"en-US\",\"@id\":\"https:\\\/\\\/jpevlogistics.com\\\/#\\\/schema\\\/logo\\\/image\\\/\",\"url\":\"https:\\\/\\\/jpevlogistics.com\\\/wp-content\\\/uploads\\\/2020\\\/07\\\/logo.png\",\"contentUrl\":\"https:\\\/\\\/jpevlogistics.com\\\/wp-content\\\/uploads\\\/2020\\\/07\\\/logo.png\",\"width\":214,\"height\":81,\"caption\":\"JPEV Logistics\"},\"image\":{\"@id\":\"https:\\\/\\\/jpevlogistics.com\\\/#\\\/schema\\\/logo\\\/image\\\/\"},\"sameAs\":[\"https:\\\/\\\/www.instagram.com\\\/jpevlogistics\\\/\",\"https:\\\/\\\/www.linkedin.com\\\/company\\\/jpev-logistics\\\/\"]},{\"@type\":\"Person\",\"@id\":\"https:\\\/\\\/jpevlogistics.com\\\/#\\\/schema\\\/person\\\/5cb83ed90e4ad10651470058bc190e62\",\"name\":\"horacio\",\"image\":{\"@type\":\"ImageObject\",\"inLanguage\":\"en-US\",\"@id\":\"https:\\\/\\\/secure.gravatar.com\\\/avatar\\\/49ba85a39487c51406dba7224109c3b2296f15c3dd1931dd024e3f540b12ea7d?s=96&d=mm&r=g\",\"url\":\"https:\\\/\\\/secure.gravatar.com\\\/avatar\\\/49ba85a39487c51406dba7224109c3b2296f15c3dd1931dd024e3f540b12ea7d?s=96&d=mm&r=g\",\"contentUrl\":\"https:\\\/\\\/secure.gravatar.com\\\/avatar\\\/49ba85a39487c51406dba7224109c3b2296f15c3dd1931dd024e3f540b12ea7d?s=96&d=mm&r=g\",\"caption\":\"horacio\"},\"url\":\"https:\\\/\\\/jpevlogistics.com\\\/en\\\/author\\\/horacio\\\/\"}]}<\/script>\n<!-- \/ Yoast SEO plugin. -->","yoast_head_json":{"title":"Alerta importaciones: advierten que la cadena de pagos al exterior est\u00e1 al borde del default - JPEV Logistics","robots":{"index":"index","follow":"follow","max-snippet":"max-snippet:-1","max-image-preview":"max-image-preview:large","max-video-preview":"max-video-preview:-1"},"canonical":"https:\/\/jpevlogistics.com\/en\/alerta-importaciones-advierten-que-la-cadena-de-pagos-al-exterior-esta-al-borde-del-default\/","og_locale":"en_US","og_type":"article","og_title":"Alerta importaciones: advierten que la cadena de pagos al exterior est\u00e1 al borde del default - JPEV Logistics","og_description":"Tras el resultado de las elecciones primarias y el salto del d\u00f3lar oficial las empresas se encuentran &#8220;sumergidas en un laberinto de errores y modificaciones&#8221;; la deuda comercial crece y las fechas de pago se dilatan. Luego de largas semanas con\u00a0complicaciones t\u00e9cnicas en las distintas plataformas que intervienen en el circuito importador, tras el resultado [&hellip;]","og_url":"https:\/\/jpevlogistics.com\/en\/alerta-importaciones-advierten-que-la-cadena-de-pagos-al-exterior-esta-al-borde-del-default\/","og_site_name":"JPEV Logistics","article_published_time":"2023-08-17T18:49:45+00:00","article_modified_time":"2023-08-17T18:49:47+00:00","og_image":[{"width":750,"height":500,"url":"https:\/\/jpevlogistics.com\/wp-content\/uploads\/2023\/08\/ONE.jpeg","type":"image\/jpeg"}],"author":"horacio","twitter_card":"summary_large_image","twitter_misc":{"Written by":"horacio","Est. reading time":"4 minutes"},"schema":{"@context":"https:\/\/schema.org","@graph":[{"@type":"Article","@id":"https:\/\/jpevlogistics.com\/alerta-importaciones-advierten-que-la-cadena-de-pagos-al-exterior-esta-al-borde-del-default\/#article","isPartOf":{"@id":"https:\/\/jpevlogistics.com\/alerta-importaciones-advierten-que-la-cadena-de-pagos-al-exterior-esta-al-borde-del-default\/"},"author":{"name":"horacio","@id":"https:\/\/jpevlogistics.com\/#\/schema\/person\/5cb83ed90e4ad10651470058bc190e62"},"headline":"Alerta importaciones: advierten que la cadena de pagos al exterior est\u00e1 al borde del default","datePublished":"2023-08-17T18:49:45+00:00","dateModified":"2023-08-17T18:49:47+00:00","mainEntityOfPage":{"@id":"https:\/\/jpevlogistics.com\/alerta-importaciones-advierten-que-la-cadena-de-pagos-al-exterior-esta-al-borde-del-default\/"},"wordCount":738,"commentCount":0,"publisher":{"@id":"https:\/\/jpevlogistics.com\/#organization"},"image":{"@id":"https:\/\/jpevlogistics.com\/alerta-importaciones-advierten-que-la-cadena-de-pagos-al-exterior-esta-al-borde-del-default\/#primaryimage"},"thumbnailUrl":"https:\/\/jpevlogistics.com\/wp-content\/uploads\/2023\/08\/ONE.jpeg","articleSection":["Sin categor\u00eda"],"inLanguage":"en-US","potentialAction":[{"@type":"CommentAction","name":"Comment","target":["https:\/\/jpevlogistics.com\/alerta-importaciones-advierten-que-la-cadena-de-pagos-al-exterior-esta-al-borde-del-default\/#respond"]}]},{"@type":"WebPage","@id":"https:\/\/jpevlogistics.com\/alerta-importaciones-advierten-que-la-cadena-de-pagos-al-exterior-esta-al-borde-del-default\/","url":"https:\/\/jpevlogistics.com\/alerta-importaciones-advierten-que-la-cadena-de-pagos-al-exterior-esta-al-borde-del-default\/","name":"Alerta importaciones: advierten que la cadena de pagos al exterior est\u00e1 al borde del default - JPEV Logistics","isPartOf":{"@id":"https:\/\/jpevlogistics.com\/#website"},"primaryImageOfPage":{"@id":"https:\/\/jpevlogistics.com\/alerta-importaciones-advierten-que-la-cadena-de-pagos-al-exterior-esta-al-borde-del-default\/#primaryimage"},"image":{"@id":"https:\/\/jpevlogistics.com\/alerta-importaciones-advierten-que-la-cadena-de-pagos-al-exterior-esta-al-borde-del-default\/#primaryimage"},"thumbnailUrl":"https:\/\/jpevlogistics.com\/wp-content\/uploads\/2023\/08\/ONE.jpeg","datePublished":"2023-08-17T18:49:45+00:00","dateModified":"2023-08-17T18:49:47+00:00","breadcrumb":{"@id":"https:\/\/jpevlogistics.com\/alerta-importaciones-advierten-que-la-cadena-de-pagos-al-exterior-esta-al-borde-del-default\/#breadcrumb"},"inLanguage":"en-US","potentialAction":[{"@type":"ReadAction","target":["https:\/\/jpevlogistics.com\/alerta-importaciones-advierten-que-la-cadena-de-pagos-al-exterior-esta-al-borde-del-default\/"]}]},{"@type":"ImageObject","inLanguage":"en-US","@id":"https:\/\/jpevlogistics.com\/alerta-importaciones-advierten-que-la-cadena-de-pagos-al-exterior-esta-al-borde-del-default\/#primaryimage","url":"https:\/\/jpevlogistics.com\/wp-content\/uploads\/2023\/08\/ONE.jpeg","contentUrl":"https:\/\/jpevlogistics.com\/wp-content\/uploads\/2023\/08\/ONE.jpeg","width":750,"height":500},{"@type":"BreadcrumbList","@id":"https:\/\/jpevlogistics.com\/alerta-importaciones-advierten-que-la-cadena-de-pagos-al-exterior-esta-al-borde-del-default\/#breadcrumb","itemListElement":[{"@type":"ListItem","position":1,"name":"Portada","item":"https:\/\/jpevlogistics.com\/"},{"@type":"ListItem","position":2,"name":"Alerta importaciones: advierten que la cadena de pagos al exterior est\u00e1 al borde del default"}]},{"@type":"WebSite","@id":"https:\/\/jpevlogistics.com\/#website","url":"https:\/\/jpevlogistics.com\/","name":"JPEV Logistics","description":"","publisher":{"@id":"https:\/\/jpevlogistics.com\/#organization"},"potentialAction":[{"@type":"SearchAction","target":{"@type":"EntryPoint","urlTemplate":"https:\/\/jpevlogistics.com\/?s={search_term_string}"},"query-input":{"@type":"PropertyValueSpecification","valueRequired":true,"valueName":"search_term_string"}}],"inLanguage":"en-US"},{"@type":"Organization","@id":"https:\/\/jpevlogistics.com\/#organization","name":"JPEV Logistics","url":"https:\/\/jpevlogistics.com\/","logo":{"@type":"ImageObject","inLanguage":"en-US","@id":"https:\/\/jpevlogistics.com\/#\/schema\/logo\/image\/","url":"https:\/\/jpevlogistics.com\/wp-content\/uploads\/2020\/07\/logo.png","contentUrl":"https:\/\/jpevlogistics.com\/wp-content\/uploads\/2020\/07\/logo.png","width":214,"height":81,"caption":"JPEV Logistics"},"image":{"@id":"https:\/\/jpevlogistics.com\/#\/schema\/logo\/image\/"},"sameAs":["https:\/\/www.instagram.com\/jpevlogistics\/","https:\/\/www.linkedin.com\/company\/jpev-logistics\/"]},{"@type":"Person","@id":"https:\/\/jpevlogistics.com\/#\/schema\/person\/5cb83ed90e4ad10651470058bc190e62","name":"horacio","image":{"@type":"ImageObject","inLanguage":"en-US","@id":"https:\/\/secure.gravatar.com\/avatar\/49ba85a39487c51406dba7224109c3b2296f15c3dd1931dd024e3f540b12ea7d?s=96&d=mm&r=g","url":"https:\/\/secure.gravatar.com\/avatar\/49ba85a39487c51406dba7224109c3b2296f15c3dd1931dd024e3f540b12ea7d?s=96&d=mm&r=g","contentUrl":"https:\/\/secure.gravatar.com\/avatar\/49ba85a39487c51406dba7224109c3b2296f15c3dd1931dd024e3f540b12ea7d?s=96&d=mm&r=g","caption":"horacio"},"url":"https:\/\/jpevlogistics.com\/en\/author\/horacio\/"}]}},"_links":{"self":[{"href":"https:\/\/jpevlogistics.com\/en\/wp-json\/wp\/v2\/posts\/2612","targetHints":{"allow":["GET"]}}],"collection":[{"href":"https:\/\/jpevlogistics.com\/en\/wp-json\/wp\/v2\/posts"}],"about":[{"href":"https:\/\/jpevlogistics.com\/en\/wp-json\/wp\/v2\/types\/post"}],"author":[{"embeddable":true,"href":"https:\/\/jpevlogistics.com\/en\/wp-json\/wp\/v2\/users\/4"}],"replies":[{"embeddable":true,"href":"https:\/\/jpevlogistics.com\/en\/wp-json\/wp\/v2\/comments?post=2612"}],"version-history":[{"count":1,"href":"https:\/\/jpevlogistics.com\/en\/wp-json\/wp\/v2\/posts\/2612\/revisions"}],"predecessor-version":[{"id":2617,"href":"https:\/\/jpevlogistics.com\/en\/wp-json\/wp\/v2\/posts\/2612\/revisions\/2617"}],"wp:featuredmedia":[{"embeddable":true,"href":"https:\/\/jpevlogistics.com\/en\/wp-json\/wp\/v2\/media\/2616"}],"wp:attachment":[{"href":"https:\/\/jpevlogistics.com\/en\/wp-json\/wp\/v2\/media?parent=2612"}],"wp:term":[{"taxonomy":"category","embeddable":true,"href":"https:\/\/jpevlogistics.com\/en\/wp-json\/wp\/v2\/categories?post=2612"},{"taxonomy":"post_tag","embeddable":true,"href":"https:\/\/jpevlogistics.com\/en\/wp-json\/wp\/v2\/tags?post=2612"}],"curies":[{"name":"wp","href":"https:\/\/api.w.org\/{rel}","templated":true}]}}