{"id":2624,"date":"2023-08-22T18:09:13","date_gmt":"2023-08-22T18:09:13","guid":{"rendered":"https:\/\/jpevlogistics.com\/?p=2624"},"modified":"2023-08-22T18:09:14","modified_gmt":"2023-08-22T18:09:14","slug":"como-esta-el-paso-internacional-los-libertadores-hoy-martes-22-de-agosto","status":"publish","type":"post","link":"https:\/\/jpevlogistics.com\/en\/como-esta-el-paso-internacional-los-libertadores-hoy-martes-22-de-agosto\/","title":{"rendered":"C\u00f3mo est\u00e1 el Paso Internacional Los Libertadores hoy martes 22 de agosto"},"content":{"rendered":"<p>Desde la coordinaci\u00f3n binacional informaron el estado del Paso Internacional Los Libertadores, que es la principal ruta entre Los Andes y Mendoza.<\/p>\n\n\n\n<h1 class=\"wp-block-heading\">El drama de todos los a\u00f1os, cientos de camiones esperan poder cruzar a Chile<\/h1>\n\n\n\n<h2 class=\"wp-block-heading\">En el Acceso Sur cientos de camioneros est\u00e1n detenidos a la espera de la reapertura del Paso Internacional Los Libertadores, que se mantiene intransitable.<\/h2>\n\n\n\n<figure class=\"wp-block-gallery has-nested-images columns-default is-cropped wp-block-gallery-1 is-layout-flex wp-block-gallery-is-layout-flex\">\n<figure class=\"wp-block-image size-full\"><img fetchpriority=\"high\" decoding=\"async\" width=\"790\" height=\"592\" data-id=\"2626\" src=\"https:\/\/jpevlogistics.com\/wp-content\/uploads\/2023\/08\/Paso-nevado-.webp\" alt=\"\" class=\"wp-image-2626\" srcset=\"https:\/\/jpevlogistics.com\/wp-content\/uploads\/2023\/08\/Paso-nevado-.webp 790w, https:\/\/jpevlogistics.com\/wp-content\/uploads\/2023\/08\/Paso-nevado--300x225.webp 300w, https:\/\/jpevlogistics.com\/wp-content\/uploads\/2023\/08\/Paso-nevado--768x576.webp 768w, https:\/\/jpevlogistics.com\/wp-content\/uploads\/2023\/08\/Paso-nevado--16x12.webp 16w\" sizes=\"(max-width: 790px) 100vw, 790px\" \/><\/figure>\n<\/figure>\n\n\n\n<p>El\u00a0<strong><a href=\"https:\/\/www.sitioandino.com.ar\/paso-internacional-los-libertadores-a25890\" target=\"_blank\" rel=\"noreferrer noopener\">Paso Internacional Los Libertadores<\/a><\/strong>\u00a0permanece cerrado desde el mi\u00e9rcoles 13 de agosto, por lo que<strong>\u00a0<a href=\"https:\/\/www.sitioandino.com.ar\/economia\/cierre-del-paso-chile-mas-700-camiones-varados-mendoza-n5659880\" target=\"_blank\" rel=\"noreferrer noopener\">cientos de camiones est\u00e1n varados<\/a><a href=\"https:\/\/www.sitioandino.com.ar\/economia\/cierre-del-paso-chile-mas-700-camiones-varados-mendoza-n5659880\" target=\"_blank\" rel=\"noreferrer noopener\"><\/a>, a la espera de la reapertura del camino para poder cruzar a Chile<\/strong>. En este video se puede apreciar la larga fila de camiones que este fin de semana esperaban sobre la ruta 40.<\/p>","protected":false},"excerpt":{"rendered":"<p>Desde la coordinaci\u00f3n binacional informaron el estado del Paso Internacional Los Libertadores, que es la principal ruta entre Los Andes y Mendoza. El drama de todos los a\u00f1os, cientos de camiones esperan poder cruzar a Chile En el Acceso Sur cientos de camioneros est\u00e1n detenidos a la espera de la reapertura del Paso Internacional Los [&hellip;]<\/p>\n","protected":false},"author":4,"featured_media":2626,"comment_status":"open","ping_status":"open","sticky":false,"template":"","format":"standard","meta":{"footnotes":""},"categories":[1],"tags":[],"class_list":["post-2624","post","type-post","status-publish","format-standard","has-post-thumbnail","hentry","category-sin-categoria"],"yoast_head":"<!-- This site is optimized with the Yoast SEO plugin v27.4 - https:\/\/yoast.com\/product\/yoast-seo-wordpress\/ -->\n<title>C\u00f3mo est\u00e1 el Paso Internacional Los Libertadores hoy martes 22 de agosto - JPEV Logistics<\/title>\n<meta name=\"robots\" content=\"index, follow, max-snippet:-1, max-image-preview:large, max-video-preview:-1\" \/>\n<link rel=\"canonical\" href=\"https:\/\/jpevlogistics.com\/en\/como-esta-el-paso-internacional-los-libertadores-hoy-martes-22-de-agosto\/\" \/>\n<meta property=\"og:locale\" content=\"en_US\" \/>\n<meta property=\"og:type\" content=\"article\" \/>\n<meta property=\"og:title\" content=\"C\u00f3mo est\u00e1 el Paso Internacional Los Libertadores hoy martes 22 de agosto - JPEV Logistics\" \/>\n<meta property=\"og:description\" content=\"Desde la coordinaci\u00f3n binacional informaron el estado del Paso Internacional Los Libertadores, que es la principal ruta entre Los Andes y Mendoza. El drama de todos los a\u00f1os, cientos de camiones esperan poder cruzar a Chile En el Acceso Sur cientos de camioneros est\u00e1n detenidos a la espera de la reapertura del Paso Internacional Los [&hellip;]\" \/>\n<meta property=\"og:url\" content=\"https:\/\/jpevlogistics.com\/en\/como-esta-el-paso-internacional-los-libertadores-hoy-martes-22-de-agosto\/\" \/>\n<meta property=\"og:site_name\" content=\"JPEV Logistics\" \/>\n<meta property=\"article:published_time\" content=\"2023-08-22T18:09:13+00:00\" \/>\n<meta property=\"article:modified_time\" content=\"2023-08-22T18:09:14+00:00\" \/>\n<meta property=\"og:image\" content=\"https:\/\/jpevlogistics.com\/wp-content\/uploads\/2023\/08\/Paso-nevado-.webp\" \/>\n\t<meta property=\"og:image:width\" content=\"790\" \/>\n\t<meta property=\"og:image:height\" content=\"592\" \/>\n\t<meta property=\"og:image:type\" content=\"image\/webp\" \/>\n<meta name=\"author\" content=\"horacio\" \/>\n<meta name=\"twitter:card\" content=\"summary_large_image\" \/>\n<meta name=\"twitter:label1\" content=\"Written by\" \/>\n\t<meta name=\"twitter:data1\" content=\"horacio\" \/>\n\t<meta name=\"twitter:label2\" content=\"Est. reading time\" \/>\n\t<meta name=\"twitter:data2\" content=\"1 minute\" \/>\n<script type=\"application\/ld+json\" class=\"yoast-schema-graph\">{\"@context\":\"https:\\\/\\\/schema.org\",\"@graph\":[{\"@type\":\"Article\",\"@id\":\"https:\\\/\\\/jpevlogistics.com\\\/en\\\/como-esta-el-paso-internacional-los-libertadores-hoy-martes-22-de-agosto\\\/#article\",\"isPartOf\":{\"@id\":\"https:\\\/\\\/jpevlogistics.com\\\/en\\\/como-esta-el-paso-internacional-los-libertadores-hoy-martes-22-de-agosto\\\/\"},\"author\":{\"name\":\"horacio\",\"@id\":\"https:\\\/\\\/jpevlogistics.com\\\/#\\\/schema\\\/person\\\/5cb83ed90e4ad10651470058bc190e62\"},\"headline\":\"C\u00f3mo est\u00e1 el Paso Internacional Los Libertadores hoy martes 22 de agosto\",\"datePublished\":\"2023-08-22T18:09:13+00:00\",\"dateModified\":\"2023-08-22T18:09:14+00:00\",\"mainEntityOfPage\":{\"@id\":\"https:\\\/\\\/jpevlogistics.com\\\/en\\\/como-esta-el-paso-internacional-los-libertadores-hoy-martes-22-de-agosto\\\/\"},\"wordCount\":130,\"commentCount\":0,\"publisher\":{\"@id\":\"https:\\\/\\\/jpevlogistics.com\\\/#organization\"},\"image\":{\"@id\":\"https:\\\/\\\/jpevlogistics.com\\\/en\\\/como-esta-el-paso-internacional-los-libertadores-hoy-martes-22-de-agosto\\\/#primaryimage\"},\"thumbnailUrl\":\"https:\\\/\\\/jpevlogistics.com\\\/wp-content\\\/uploads\\\/2023\\\/08\\\/Paso-nevado-.webp\",\"articleSection\":[\"Sin categor\u00eda\"],\"inLanguage\":\"en-US\",\"potentialAction\":[{\"@type\":\"CommentAction\",\"name\":\"Comment\",\"target\":[\"https:\\\/\\\/jpevlogistics.com\\\/en\\\/como-esta-el-paso-internacional-los-libertadores-hoy-martes-22-de-agosto\\\/#respond\"]}]},{\"@type\":\"WebPage\",\"@id\":\"https:\\\/\\\/jpevlogistics.com\\\/en\\\/como-esta-el-paso-internacional-los-libertadores-hoy-martes-22-de-agosto\\\/\",\"url\":\"https:\\\/\\\/jpevlogistics.com\\\/en\\\/como-esta-el-paso-internacional-los-libertadores-hoy-martes-22-de-agosto\\\/\",\"name\":\"C\u00f3mo est\u00e1 el Paso Internacional Los Libertadores hoy martes 22 de agosto - JPEV Logistics\",\"isPartOf\":{\"@id\":\"https:\\\/\\\/jpevlogistics.com\\\/#website\"},\"primaryImageOfPage\":{\"@id\":\"https:\\\/\\\/jpevlogistics.com\\\/en\\\/como-esta-el-paso-internacional-los-libertadores-hoy-martes-22-de-agosto\\\/#primaryimage\"},\"image\":{\"@id\":\"https:\\\/\\\/jpevlogistics.com\\\/en\\\/como-esta-el-paso-internacional-los-libertadores-hoy-martes-22-de-agosto\\\/#primaryimage\"},\"thumbnailUrl\":\"https:\\\/\\\/jpevlogistics.com\\\/wp-content\\\/uploads\\\/2023\\\/08\\\/Paso-nevado-.webp\",\"datePublished\":\"2023-08-22T18:09:13+00:00\",\"dateModified\":\"2023-08-22T18:09:14+00:00\",\"breadcrumb\":{\"@id\":\"https:\\\/\\\/jpevlogistics.com\\\/en\\\/como-esta-el-paso-internacional-los-libertadores-hoy-martes-22-de-agosto\\\/#breadcrumb\"},\"inLanguage\":\"en-US\",\"potentialAction\":[{\"@type\":\"ReadAction\",\"target\":[\"https:\\\/\\\/jpevlogistics.com\\\/en\\\/como-esta-el-paso-internacional-los-libertadores-hoy-martes-22-de-agosto\\\/\"]}]},{\"@type\":\"ImageObject\",\"inLanguage\":\"en-US\",\"@id\":\"https:\\\/\\\/jpevlogistics.com\\\/en\\\/como-esta-el-paso-internacional-los-libertadores-hoy-martes-22-de-agosto\\\/#primaryimage\",\"url\":\"https:\\\/\\\/jpevlogistics.com\\\/wp-content\\\/uploads\\\/2023\\\/08\\\/Paso-nevado-.webp\",\"contentUrl\":\"https:\\\/\\\/jpevlogistics.com\\\/wp-content\\\/uploads\\\/2023\\\/08\\\/Paso-nevado-.webp\",\"width\":790,\"height\":592},{\"@type\":\"BreadcrumbList\",\"@id\":\"https:\\\/\\\/jpevlogistics.com\\\/en\\\/como-esta-el-paso-internacional-los-libertadores-hoy-martes-22-de-agosto\\\/#breadcrumb\",\"itemListElement\":[{\"@type\":\"ListItem\",\"position\":1,\"name\":\"Portada\",\"item\":\"https:\\\/\\\/jpevlogistics.com\\\/\"},{\"@type\":\"ListItem\",\"position\":2,\"name\":\"C\u00f3mo est\u00e1 el Paso Internacional Los Libertadores hoy martes 22 de agosto\"}]},{\"@type\":\"WebSite\",\"@id\":\"https:\\\/\\\/jpevlogistics.com\\\/#website\",\"url\":\"https:\\\/\\\/jpevlogistics.com\\\/\",\"name\":\"JPEV Logistics\",\"description\":\"\",\"publisher\":{\"@id\":\"https:\\\/\\\/jpevlogistics.com\\\/#organization\"},\"potentialAction\":[{\"@type\":\"SearchAction\",\"target\":{\"@type\":\"EntryPoint\",\"urlTemplate\":\"https:\\\/\\\/jpevlogistics.com\\\/?s={search_term_string}\"},\"query-input\":{\"@type\":\"PropertyValueSpecification\",\"valueRequired\":true,\"valueName\":\"search_term_string\"}}],\"inLanguage\":\"en-US\"},{\"@type\":\"Organization\",\"@id\":\"https:\\\/\\\/jpevlogistics.com\\\/#organization\",\"name\":\"JPEV Logistics\",\"url\":\"https:\\\/\\\/jpevlogistics.com\\\/\",\"logo\":{\"@type\":\"ImageObject\",\"inLanguage\":\"en-US\",\"@id\":\"https:\\\/\\\/jpevlogistics.com\\\/#\\\/schema\\\/logo\\\/image\\\/\",\"url\":\"https:\\\/\\\/jpevlogistics.com\\\/wp-content\\\/uploads\\\/2020\\\/07\\\/logo.png\",\"contentUrl\":\"https:\\\/\\\/jpevlogistics.com\\\/wp-content\\\/uploads\\\/2020\\\/07\\\/logo.png\",\"width\":214,\"height\":81,\"caption\":\"JPEV Logistics\"},\"image\":{\"@id\":\"https:\\\/\\\/jpevlogistics.com\\\/#\\\/schema\\\/logo\\\/image\\\/\"},\"sameAs\":[\"https:\\\/\\\/www.instagram.com\\\/jpevlogistics\\\/\",\"https:\\\/\\\/www.linkedin.com\\\/company\\\/jpev-logistics\\\/\"]},{\"@type\":\"Person\",\"@id\":\"https:\\\/\\\/jpevlogistics.com\\\/#\\\/schema\\\/person\\\/5cb83ed90e4ad10651470058bc190e62\",\"name\":\"horacio\",\"image\":{\"@type\":\"ImageObject\",\"inLanguage\":\"en-US\",\"@id\":\"https:\\\/\\\/secure.gravatar.com\\\/avatar\\\/49ba85a39487c51406dba7224109c3b2296f15c3dd1931dd024e3f540b12ea7d?s=96&d=mm&r=g\",\"url\":\"https:\\\/\\\/secure.gravatar.com\\\/avatar\\\/49ba85a39487c51406dba7224109c3b2296f15c3dd1931dd024e3f540b12ea7d?s=96&d=mm&r=g\",\"contentUrl\":\"https:\\\/\\\/secure.gravatar.com\\\/avatar\\\/49ba85a39487c51406dba7224109c3b2296f15c3dd1931dd024e3f540b12ea7d?s=96&d=mm&r=g\",\"caption\":\"horacio\"},\"url\":\"https:\\\/\\\/jpevlogistics.com\\\/en\\\/author\\\/horacio\\\/\"}]}<\/script>\n<!-- \/ Yoast SEO plugin. -->","yoast_head_json":{"title":"C\u00f3mo est\u00e1 el Paso Internacional Los Libertadores hoy martes 22 de agosto - JPEV Logistics","robots":{"index":"index","follow":"follow","max-snippet":"max-snippet:-1","max-image-preview":"max-image-preview:large","max-video-preview":"max-video-preview:-1"},"canonical":"https:\/\/jpevlogistics.com\/en\/como-esta-el-paso-internacional-los-libertadores-hoy-martes-22-de-agosto\/","og_locale":"en_US","og_type":"article","og_title":"C\u00f3mo est\u00e1 el Paso Internacional Los Libertadores hoy martes 22 de agosto - JPEV Logistics","og_description":"Desde la coordinaci\u00f3n binacional informaron el estado del Paso Internacional Los Libertadores, que es la principal ruta entre Los Andes y Mendoza. El drama de todos los a\u00f1os, cientos de camiones esperan poder cruzar a Chile En el Acceso Sur cientos de camioneros est\u00e1n detenidos a la espera de la reapertura del Paso Internacional Los [&hellip;]","og_url":"https:\/\/jpevlogistics.com\/en\/como-esta-el-paso-internacional-los-libertadores-hoy-martes-22-de-agosto\/","og_site_name":"JPEV Logistics","article_published_time":"2023-08-22T18:09:13+00:00","article_modified_time":"2023-08-22T18:09:14+00:00","og_image":[{"width":790,"height":592,"url":"https:\/\/jpevlogistics.com\/wp-content\/uploads\/2023\/08\/Paso-nevado-.webp","type":"image\/webp"}],"author":"horacio","twitter_card":"summary_large_image","twitter_misc":{"Written by":"horacio","Est. reading time":"1 minute"},"schema":{"@context":"https:\/\/schema.org","@graph":[{"@type":"Article","@id":"https:\/\/jpevlogistics.com\/en\/como-esta-el-paso-internacional-los-libertadores-hoy-martes-22-de-agosto\/#article","isPartOf":{"@id":"https:\/\/jpevlogistics.com\/en\/como-esta-el-paso-internacional-los-libertadores-hoy-martes-22-de-agosto\/"},"author":{"name":"horacio","@id":"https:\/\/jpevlogistics.com\/#\/schema\/person\/5cb83ed90e4ad10651470058bc190e62"},"headline":"C\u00f3mo est\u00e1 el Paso Internacional Los Libertadores hoy martes 22 de agosto","datePublished":"2023-08-22T18:09:13+00:00","dateModified":"2023-08-22T18:09:14+00:00","mainEntityOfPage":{"@id":"https:\/\/jpevlogistics.com\/en\/como-esta-el-paso-internacional-los-libertadores-hoy-martes-22-de-agosto\/"},"wordCount":130,"commentCount":0,"publisher":{"@id":"https:\/\/jpevlogistics.com\/#organization"},"image":{"@id":"https:\/\/jpevlogistics.com\/en\/como-esta-el-paso-internacional-los-libertadores-hoy-martes-22-de-agosto\/#primaryimage"},"thumbnailUrl":"https:\/\/jpevlogistics.com\/wp-content\/uploads\/2023\/08\/Paso-nevado-.webp","articleSection":["Sin categor\u00eda"],"inLanguage":"en-US","potentialAction":[{"@type":"CommentAction","name":"Comment","target":["https:\/\/jpevlogistics.com\/en\/como-esta-el-paso-internacional-los-libertadores-hoy-martes-22-de-agosto\/#respond"]}]},{"@type":"WebPage","@id":"https:\/\/jpevlogistics.com\/en\/como-esta-el-paso-internacional-los-libertadores-hoy-martes-22-de-agosto\/","url":"https:\/\/jpevlogistics.com\/en\/como-esta-el-paso-internacional-los-libertadores-hoy-martes-22-de-agosto\/","name":"C\u00f3mo est\u00e1 el Paso Internacional Los Libertadores hoy martes 22 de agosto - JPEV Logistics","isPartOf":{"@id":"https:\/\/jpevlogistics.com\/#website"},"primaryImageOfPage":{"@id":"https:\/\/jpevlogistics.com\/en\/como-esta-el-paso-internacional-los-libertadores-hoy-martes-22-de-agosto\/#primaryimage"},"image":{"@id":"https:\/\/jpevlogistics.com\/en\/como-esta-el-paso-internacional-los-libertadores-hoy-martes-22-de-agosto\/#primaryimage"},"thumbnailUrl":"https:\/\/jpevlogistics.com\/wp-content\/uploads\/2023\/08\/Paso-nevado-.webp","datePublished":"2023-08-22T18:09:13+00:00","dateModified":"2023-08-22T18:09:14+00:00","breadcrumb":{"@id":"https:\/\/jpevlogistics.com\/en\/como-esta-el-paso-internacional-los-libertadores-hoy-martes-22-de-agosto\/#breadcrumb"},"inLanguage":"en-US","potentialAction":[{"@type":"ReadAction","target":["https:\/\/jpevlogistics.com\/en\/como-esta-el-paso-internacional-los-libertadores-hoy-martes-22-de-agosto\/"]}]},{"@type":"ImageObject","inLanguage":"en-US","@id":"https:\/\/jpevlogistics.com\/en\/como-esta-el-paso-internacional-los-libertadores-hoy-martes-22-de-agosto\/#primaryimage","url":"https:\/\/jpevlogistics.com\/wp-content\/uploads\/2023\/08\/Paso-nevado-.webp","contentUrl":"https:\/\/jpevlogistics.com\/wp-content\/uploads\/2023\/08\/Paso-nevado-.webp","width":790,"height":592},{"@type":"BreadcrumbList","@id":"https:\/\/jpevlogistics.com\/en\/como-esta-el-paso-internacional-los-libertadores-hoy-martes-22-de-agosto\/#breadcrumb","itemListElement":[{"@type":"ListItem","position":1,"name":"Portada","item":"https:\/\/jpevlogistics.com\/"},{"@type":"ListItem","position":2,"name":"C\u00f3mo est\u00e1 el Paso Internacional Los Libertadores hoy martes 22 de agosto"}]},{"@type":"WebSite","@id":"https:\/\/jpevlogistics.com\/#website","url":"https:\/\/jpevlogistics.com\/","name":"JPEV Logistics","description":"","publisher":{"@id":"https:\/\/jpevlogistics.com\/#organization"},"potentialAction":[{"@type":"SearchAction","target":{"@type":"EntryPoint","urlTemplate":"https:\/\/jpevlogistics.com\/?s={search_term_string}"},"query-input":{"@type":"PropertyValueSpecification","valueRequired":true,"valueName":"search_term_string"}}],"inLanguage":"en-US"},{"@type":"Organization","@id":"https:\/\/jpevlogistics.com\/#organization","name":"JPEV Logistics","url":"https:\/\/jpevlogistics.com\/","logo":{"@type":"ImageObject","inLanguage":"en-US","@id":"https:\/\/jpevlogistics.com\/#\/schema\/logo\/image\/","url":"https:\/\/jpevlogistics.com\/wp-content\/uploads\/2020\/07\/logo.png","contentUrl":"https:\/\/jpevlogistics.com\/wp-content\/uploads\/2020\/07\/logo.png","width":214,"height":81,"caption":"JPEV Logistics"},"image":{"@id":"https:\/\/jpevlogistics.com\/#\/schema\/logo\/image\/"},"sameAs":["https:\/\/www.instagram.com\/jpevlogistics\/","https:\/\/www.linkedin.com\/company\/jpev-logistics\/"]},{"@type":"Person","@id":"https:\/\/jpevlogistics.com\/#\/schema\/person\/5cb83ed90e4ad10651470058bc190e62","name":"horacio","image":{"@type":"ImageObject","inLanguage":"en-US","@id":"https:\/\/secure.gravatar.com\/avatar\/49ba85a39487c51406dba7224109c3b2296f15c3dd1931dd024e3f540b12ea7d?s=96&d=mm&r=g","url":"https:\/\/secure.gravatar.com\/avatar\/49ba85a39487c51406dba7224109c3b2296f15c3dd1931dd024e3f540b12ea7d?s=96&d=mm&r=g","contentUrl":"https:\/\/secure.gravatar.com\/avatar\/49ba85a39487c51406dba7224109c3b2296f15c3dd1931dd024e3f540b12ea7d?s=96&d=mm&r=g","caption":"horacio"},"url":"https:\/\/jpevlogistics.com\/en\/author\/horacio\/"}]}},"_links":{"self":[{"href":"https:\/\/jpevlogistics.com\/en\/wp-json\/wp\/v2\/posts\/2624","targetHints":{"allow":["GET"]}}],"collection":[{"href":"https:\/\/jpevlogistics.com\/en\/wp-json\/wp\/v2\/posts"}],"about":[{"href":"https:\/\/jpevlogistics.com\/en\/wp-json\/wp\/v2\/types\/post"}],"author":[{"embeddable":true,"href":"https:\/\/jpevlogistics.com\/en\/wp-json\/wp\/v2\/users\/4"}],"replies":[{"embeddable":true,"href":"https:\/\/jpevlogistics.com\/en\/wp-json\/wp\/v2\/comments?post=2624"}],"version-history":[{"count":1,"href":"https:\/\/jpevlogistics.com\/en\/wp-json\/wp\/v2\/posts\/2624\/revisions"}],"predecessor-version":[{"id":2627,"href":"https:\/\/jpevlogistics.com\/en\/wp-json\/wp\/v2\/posts\/2624\/revisions\/2627"}],"wp:featuredmedia":[{"embeddable":true,"href":"https:\/\/jpevlogistics.com\/en\/wp-json\/wp\/v2\/media\/2626"}],"wp:attachment":[{"href":"https:\/\/jpevlogistics.com\/en\/wp-json\/wp\/v2\/media?parent=2624"}],"wp:term":[{"taxonomy":"category","embeddable":true,"href":"https:\/\/jpevlogistics.com\/en\/wp-json\/wp\/v2\/categories?post=2624"},{"taxonomy":"post_tag","embeddable":true,"href":"https:\/\/jpevlogistics.com\/en\/wp-json\/wp\/v2\/tags?post=2624"}],"curies":[{"name":"wp","href":"https:\/\/api.w.org\/{rel}","templated":true}]}}