{"id":2628,"date":"2023-08-23T18:35:07","date_gmt":"2023-08-23T18:35:07","guid":{"rendered":"https:\/\/jpevlogistics.com\/?p=2628"},"modified":"2023-08-23T18:35:08","modified_gmt":"2023-08-23T18:35:08","slug":"el-paso-internacional-cristo-redentor-continuara-cerrado-pero-preven-abrirlo-antes-del-fin-de-semana","status":"publish","type":"post","link":"https:\/\/jpevlogistics.com\/en\/el-paso-internacional-cristo-redentor-continuara-cerrado-pero-preven-abrirlo-antes-del-fin-de-semana\/","title":{"rendered":"El paso internacional Cristo Redentor continuar\u00e1 cerrado, pero prev\u00e9n abrirlo antes del fin de semana"},"content":{"rendered":"<p>(23\/08\/2023) El corredor internacional entre Argentina y Chile permanece inaccesible debido a fuertes nevadas que azotan a la regi\u00f3n desde el 17 de agosto<\/p>\n\n\n\n<p>El Paso Internacional Cristo Redentor contin\u00faa cerrado y las autoridades esperan poder reabrirlo el viernes<\/p>\n\n\n\n<figure class=\"wp-block-gallery has-nested-images columns-default is-cropped wp-block-gallery-1 is-layout-flex wp-block-gallery-is-layout-flex\">\n<figure class=\"wp-block-image size-large\"><img fetchpriority=\"high\" decoding=\"async\" width=\"1024\" height=\"455\" data-id=\"2629\" src=\"https:\/\/jpevlogistics.com\/wp-content\/uploads\/2023\/08\/CRISTO-REDENTOR--1024x455.webp\" alt=\"\" class=\"wp-image-2629\" srcset=\"https:\/\/jpevlogistics.com\/wp-content\/uploads\/2023\/08\/CRISTO-REDENTOR--1024x455.webp 1024w, https:\/\/jpevlogistics.com\/wp-content\/uploads\/2023\/08\/CRISTO-REDENTOR--300x133.webp 300w, https:\/\/jpevlogistics.com\/wp-content\/uploads\/2023\/08\/CRISTO-REDENTOR--768x341.webp 768w, https:\/\/jpevlogistics.com\/wp-content\/uploads\/2023\/08\/CRISTO-REDENTOR--18x8.webp 18w, https:\/\/jpevlogistics.com\/wp-content\/uploads\/2023\/08\/CRISTO-REDENTOR-.webp 1200w\" sizes=\"(max-width: 1024px) 100vw, 1024px\" \/><\/figure>\n<\/figure>\n\n\n\n<p>El\u00a0<strong>paso internacional Cristo Redentor<\/strong>, que conecta Argentina y Chile a trav\u00e9s de la provincia de<strong>\u00a0Mendoza<\/strong>, continuar\u00e1 cerrado al tr\u00e1nsito debido a condiciones adversas que se registran en la zona desde el 17 de agosto. Sin embargo, desde la <strong>Gendarmer\u00eda Nacional\u00a0<\/strong>y las autoridades viales provinciales y nacionales adelantaron que se espera un cambio en el clima que podr\u00eda permitir la apertura al tr\u00e1nsito vehicular antes del fin de semana.<\/p>\n\n\n\n<p>El cierre preventivo del corredor se decidi\u00f3 en conjunto el pasado 17 de agosto como consecuencia de las fuertes<strong>&nbsp;nevadas&nbsp;<\/strong>que se prolongaron en la regi\u00f3n, seg\u00fan comunicaron las autoridades. Esta medida dej\u00f3 a miles de transportistas varados a ambos lados de la cordillera.<\/p>\n\n\n\n<p>Para aliviar esta situaci\u00f3n, se est\u00e1 trabajando en la posibilidad de permitir que al menos unos mil transportistas de carga crucen este mi\u00e9rcoles, en caso de que las condiciones lo permitan. De esta manera, podr\u00edan descongestionar la zona de&nbsp;<strong>Uspallata<\/strong>, de acuerdo con las declaraciones de Valle.<\/p>\n\n\n\n<p>Las autoridades provinciales informaron que las cuadrillas de\u00a0<strong>Vialidad Nacional\u00a0<\/strong>trabajan en el lugar para poder despejar la nieve de la ruta. As\u00ed, se espera que, para el jueves o viernes temprano, se logre liberar el ingreso al t\u00fanel, permitiendo la reapertura del paso.<\/p>\n\n\n\n<p>D\u00edas antes de que las fuertes nevadas azotaran a Mendoza, el paso fronterizo debi\u00f3 cerrarse por un choque fatal entre dos camiones, siniestro que dej\u00f3 un muerto.<\/p>\n\n\n\n<p>Los veh\u00edculos, de origen chileno y argentino, colisionaron cuando circulaban por la ruta nacional 7 a la altura conocida como la\u00a0<strong>Curva de Guido<\/strong>, en el kil\u00f3metro 1.119, entre las localidades de Uspallata y Las Cuevas, a unos 200 kil\u00f3metros de la capital mendocina.<\/p>\n\n\n\n<figure class=\"wp-block-gallery has-nested-images columns-default is-cropped wp-block-gallery-2 is-layout-flex wp-block-gallery-is-layout-flex\">\n<figure class=\"wp-block-image size-large\"><img decoding=\"async\" width=\"1024\" height=\"768\" data-id=\"2630\" src=\"https:\/\/jpevlogistics.com\/wp-content\/uploads\/2023\/08\/CORDILLERA-1-1024x768.webp\" alt=\"\" class=\"wp-image-2630\" srcset=\"https:\/\/jpevlogistics.com\/wp-content\/uploads\/2023\/08\/CORDILLERA-1-1024x768.webp 1024w, https:\/\/jpevlogistics.com\/wp-content\/uploads\/2023\/08\/CORDILLERA-1-300x225.webp 300w, https:\/\/jpevlogistics.com\/wp-content\/uploads\/2023\/08\/CORDILLERA-1-768x576.webp 768w, https:\/\/jpevlogistics.com\/wp-content\/uploads\/2023\/08\/CORDILLERA-1-16x12.webp 16w, https:\/\/jpevlogistics.com\/wp-content\/uploads\/2023\/08\/CORDILLERA-1.webp 1440w\" sizes=\"(max-width: 1024px) 100vw, 1024px\" \/><\/figure>\n<\/figure>\n\n\n\n<p>Un llamado a la l\u00ednea de emergencia alert\u00f3 sobre el accidente que involucr\u00f3 a un cami\u00f3n cisterna, por lo que activaron el protocolo para este tipo de hechos, moviliz\u00e1ndose hasta el lugar personal policial, bomberos, Defensa Civil y una ambulancia. Una vez en all\u00ed, se procedi\u00f3 al cierre de la ruta y del paso internacional Cristo Redentor para detener el flujo del tr\u00e1nsito en ambos lados de la cordillera. Los bomberos intentaron asistir a los involucrados, pero unos de ellos no presentaba signos vitales, mientras que el otro qued\u00f3 atrapado con vida en la cabina del cami\u00f3n.<\/p>\n\n\n\n<p>El m\u00e9dico de la ambulancia constat\u00f3 la muerte en el lugar del conductor del cami\u00f3n cisterna de nacionalidad chilena. Como consecuencia del impacto entre los veh\u00edculos, se derram\u00f3 combustible sobre la ruta, por lo que las cuadrillas de Defensa Civil y bomberos trabajaron para impedir que llegue a otros sectores, generando inconvenientes al tr\u00e1nsito vehicular.<\/p>","protected":false},"excerpt":{"rendered":"<p>(23\/08\/2023) El corredor internacional entre Argentina y Chile permanece inaccesible debido a fuertes nevadas que azotan a la regi\u00f3n desde el 17 de agosto El Paso Internacional Cristo Redentor contin\u00faa cerrado y las autoridades esperan poder reabrirlo el viernes El\u00a0paso internacional Cristo Redentor, que conecta Argentina y Chile a trav\u00e9s de la provincia de\u00a0Mendoza, continuar\u00e1 [&hellip;]<\/p>\n","protected":false},"author":4,"featured_media":2629,"comment_status":"open","ping_status":"open","sticky":false,"template":"","format":"standard","meta":{"footnotes":""},"categories":[1],"tags":[],"class_list":["post-2628","post","type-post","status-publish","format-standard","has-post-thumbnail","hentry","category-sin-categoria"],"yoast_head":"<!-- This site is optimized with the Yoast SEO plugin v27.4 - https:\/\/yoast.com\/product\/yoast-seo-wordpress\/ -->\n<title>El paso internacional Cristo Redentor continuar\u00e1 cerrado, pero prev\u00e9n abrirlo antes del fin de semana - JPEV Logistics<\/title>\n<meta name=\"robots\" content=\"index, follow, max-snippet:-1, max-image-preview:large, max-video-preview:-1\" \/>\n<link rel=\"canonical\" href=\"https:\/\/jpevlogistics.com\/en\/el-paso-internacional-cristo-redentor-continuara-cerrado-pero-preven-abrirlo-antes-del-fin-de-semana\/\" \/>\n<meta property=\"og:locale\" content=\"en_US\" \/>\n<meta property=\"og:type\" content=\"article\" \/>\n<meta property=\"og:title\" content=\"El paso internacional Cristo Redentor continuar\u00e1 cerrado, pero prev\u00e9n abrirlo antes del fin de semana - JPEV Logistics\" \/>\n<meta property=\"og:description\" content=\"(23\/08\/2023) El corredor internacional entre Argentina y Chile permanece inaccesible debido a fuertes nevadas que azotan a la regi\u00f3n desde el 17 de agosto El Paso Internacional Cristo Redentor contin\u00faa cerrado y las autoridades esperan poder reabrirlo el viernes El\u00a0paso internacional Cristo Redentor, que conecta Argentina y Chile a trav\u00e9s de la provincia de\u00a0Mendoza, continuar\u00e1 [&hellip;]\" \/>\n<meta property=\"og:url\" content=\"https:\/\/jpevlogistics.com\/en\/el-paso-internacional-cristo-redentor-continuara-cerrado-pero-preven-abrirlo-antes-del-fin-de-semana\/\" \/>\n<meta property=\"og:site_name\" content=\"JPEV Logistics\" \/>\n<meta property=\"article:published_time\" content=\"2023-08-23T18:35:07+00:00\" \/>\n<meta property=\"article:modified_time\" content=\"2023-08-23T18:35:08+00:00\" \/>\n<meta property=\"og:image\" content=\"https:\/\/jpevlogistics.com\/wp-content\/uploads\/2023\/08\/CRISTO-REDENTOR-.webp\" \/>\n\t<meta property=\"og:image:width\" content=\"1200\" \/>\n\t<meta property=\"og:image:height\" content=\"533\" \/>\n\t<meta property=\"og:image:type\" content=\"image\/webp\" \/>\n<meta name=\"author\" content=\"horacio\" \/>\n<meta name=\"twitter:card\" content=\"summary_large_image\" \/>\n<meta name=\"twitter:label1\" content=\"Written by\" \/>\n\t<meta name=\"twitter:data1\" content=\"horacio\" \/>\n\t<meta name=\"twitter:label2\" content=\"Est. reading time\" \/>\n\t<meta name=\"twitter:data2\" content=\"3 minutes\" \/>\n<script type=\"application\/ld+json\" class=\"yoast-schema-graph\">{\"@context\":\"https:\\\/\\\/schema.org\",\"@graph\":[{\"@type\":\"Article\",\"@id\":\"https:\\\/\\\/jpevlogistics.com\\\/en\\\/el-paso-internacional-cristo-redentor-continuara-cerrado-pero-preven-abrirlo-antes-del-fin-de-semana\\\/#article\",\"isPartOf\":{\"@id\":\"https:\\\/\\\/jpevlogistics.com\\\/en\\\/el-paso-internacional-cristo-redentor-continuara-cerrado-pero-preven-abrirlo-antes-del-fin-de-semana\\\/\"},\"author\":{\"name\":\"horacio\",\"@id\":\"https:\\\/\\\/jpevlogistics.com\\\/#\\\/schema\\\/person\\\/5cb83ed90e4ad10651470058bc190e62\"},\"headline\":\"El paso internacional Cristo Redentor continuar\u00e1 cerrado, pero prev\u00e9n abrirlo antes del fin de semana\",\"datePublished\":\"2023-08-23T18:35:07+00:00\",\"dateModified\":\"2023-08-23T18:35:08+00:00\",\"mainEntityOfPage\":{\"@id\":\"https:\\\/\\\/jpevlogistics.com\\\/en\\\/el-paso-internacional-cristo-redentor-continuara-cerrado-pero-preven-abrirlo-antes-del-fin-de-semana\\\/\"},\"wordCount\":506,\"commentCount\":0,\"publisher\":{\"@id\":\"https:\\\/\\\/jpevlogistics.com\\\/#organization\"},\"image\":{\"@id\":\"https:\\\/\\\/jpevlogistics.com\\\/en\\\/el-paso-internacional-cristo-redentor-continuara-cerrado-pero-preven-abrirlo-antes-del-fin-de-semana\\\/#primaryimage\"},\"thumbnailUrl\":\"https:\\\/\\\/jpevlogistics.com\\\/wp-content\\\/uploads\\\/2023\\\/08\\\/CRISTO-REDENTOR-.webp\",\"articleSection\":[\"Sin categor\u00eda\"],\"inLanguage\":\"en-US\",\"potentialAction\":[{\"@type\":\"CommentAction\",\"name\":\"Comment\",\"target\":[\"https:\\\/\\\/jpevlogistics.com\\\/en\\\/el-paso-internacional-cristo-redentor-continuara-cerrado-pero-preven-abrirlo-antes-del-fin-de-semana\\\/#respond\"]}]},{\"@type\":\"WebPage\",\"@id\":\"https:\\\/\\\/jpevlogistics.com\\\/en\\\/el-paso-internacional-cristo-redentor-continuara-cerrado-pero-preven-abrirlo-antes-del-fin-de-semana\\\/\",\"url\":\"https:\\\/\\\/jpevlogistics.com\\\/en\\\/el-paso-internacional-cristo-redentor-continuara-cerrado-pero-preven-abrirlo-antes-del-fin-de-semana\\\/\",\"name\":\"El paso internacional Cristo Redentor continuar\u00e1 cerrado, pero prev\u00e9n abrirlo antes del fin de semana - JPEV Logistics\",\"isPartOf\":{\"@id\":\"https:\\\/\\\/jpevlogistics.com\\\/#website\"},\"primaryImageOfPage\":{\"@id\":\"https:\\\/\\\/jpevlogistics.com\\\/en\\\/el-paso-internacional-cristo-redentor-continuara-cerrado-pero-preven-abrirlo-antes-del-fin-de-semana\\\/#primaryimage\"},\"image\":{\"@id\":\"https:\\\/\\\/jpevlogistics.com\\\/en\\\/el-paso-internacional-cristo-redentor-continuara-cerrado-pero-preven-abrirlo-antes-del-fin-de-semana\\\/#primaryimage\"},\"thumbnailUrl\":\"https:\\\/\\\/jpevlogistics.com\\\/wp-content\\\/uploads\\\/2023\\\/08\\\/CRISTO-REDENTOR-.webp\",\"datePublished\":\"2023-08-23T18:35:07+00:00\",\"dateModified\":\"2023-08-23T18:35:08+00:00\",\"breadcrumb\":{\"@id\":\"https:\\\/\\\/jpevlogistics.com\\\/en\\\/el-paso-internacional-cristo-redentor-continuara-cerrado-pero-preven-abrirlo-antes-del-fin-de-semana\\\/#breadcrumb\"},\"inLanguage\":\"en-US\",\"potentialAction\":[{\"@type\":\"ReadAction\",\"target\":[\"https:\\\/\\\/jpevlogistics.com\\\/en\\\/el-paso-internacional-cristo-redentor-continuara-cerrado-pero-preven-abrirlo-antes-del-fin-de-semana\\\/\"]}]},{\"@type\":\"ImageObject\",\"inLanguage\":\"en-US\",\"@id\":\"https:\\\/\\\/jpevlogistics.com\\\/en\\\/el-paso-internacional-cristo-redentor-continuara-cerrado-pero-preven-abrirlo-antes-del-fin-de-semana\\\/#primaryimage\",\"url\":\"https:\\\/\\\/jpevlogistics.com\\\/wp-content\\\/uploads\\\/2023\\\/08\\\/CRISTO-REDENTOR-.webp\",\"contentUrl\":\"https:\\\/\\\/jpevlogistics.com\\\/wp-content\\\/uploads\\\/2023\\\/08\\\/CRISTO-REDENTOR-.webp\",\"width\":1200,\"height\":533},{\"@type\":\"BreadcrumbList\",\"@id\":\"https:\\\/\\\/jpevlogistics.com\\\/en\\\/el-paso-internacional-cristo-redentor-continuara-cerrado-pero-preven-abrirlo-antes-del-fin-de-semana\\\/#breadcrumb\",\"itemListElement\":[{\"@type\":\"ListItem\",\"position\":1,\"name\":\"Portada\",\"item\":\"https:\\\/\\\/jpevlogistics.com\\\/\"},{\"@type\":\"ListItem\",\"position\":2,\"name\":\"El paso internacional Cristo Redentor continuar\u00e1 cerrado, pero prev\u00e9n abrirlo antes del fin de semana\"}]},{\"@type\":\"WebSite\",\"@id\":\"https:\\\/\\\/jpevlogistics.com\\\/#website\",\"url\":\"https:\\\/\\\/jpevlogistics.com\\\/\",\"name\":\"JPEV Logistics\",\"description\":\"\",\"publisher\":{\"@id\":\"https:\\\/\\\/jpevlogistics.com\\\/#organization\"},\"potentialAction\":[{\"@type\":\"SearchAction\",\"target\":{\"@type\":\"EntryPoint\",\"urlTemplate\":\"https:\\\/\\\/jpevlogistics.com\\\/?s={search_term_string}\"},\"query-input\":{\"@type\":\"PropertyValueSpecification\",\"valueRequired\":true,\"valueName\":\"search_term_string\"}}],\"inLanguage\":\"en-US\"},{\"@type\":\"Organization\",\"@id\":\"https:\\\/\\\/jpevlogistics.com\\\/#organization\",\"name\":\"JPEV Logistics\",\"url\":\"https:\\\/\\\/jpevlogistics.com\\\/\",\"logo\":{\"@type\":\"ImageObject\",\"inLanguage\":\"en-US\",\"@id\":\"https:\\\/\\\/jpevlogistics.com\\\/#\\\/schema\\\/logo\\\/image\\\/\",\"url\":\"https:\\\/\\\/jpevlogistics.com\\\/wp-content\\\/uploads\\\/2020\\\/07\\\/logo.png\",\"contentUrl\":\"https:\\\/\\\/jpevlogistics.com\\\/wp-content\\\/uploads\\\/2020\\\/07\\\/logo.png\",\"width\":214,\"height\":81,\"caption\":\"JPEV Logistics\"},\"image\":{\"@id\":\"https:\\\/\\\/jpevlogistics.com\\\/#\\\/schema\\\/logo\\\/image\\\/\"},\"sameAs\":[\"https:\\\/\\\/www.instagram.com\\\/jpevlogistics\\\/\",\"https:\\\/\\\/www.linkedin.com\\\/company\\\/jpev-logistics\\\/\"]},{\"@type\":\"Person\",\"@id\":\"https:\\\/\\\/jpevlogistics.com\\\/#\\\/schema\\\/person\\\/5cb83ed90e4ad10651470058bc190e62\",\"name\":\"horacio\",\"image\":{\"@type\":\"ImageObject\",\"inLanguage\":\"en-US\",\"@id\":\"https:\\\/\\\/secure.gravatar.com\\\/avatar\\\/49ba85a39487c51406dba7224109c3b2296f15c3dd1931dd024e3f540b12ea7d?s=96&d=mm&r=g\",\"url\":\"https:\\\/\\\/secure.gravatar.com\\\/avatar\\\/49ba85a39487c51406dba7224109c3b2296f15c3dd1931dd024e3f540b12ea7d?s=96&d=mm&r=g\",\"contentUrl\":\"https:\\\/\\\/secure.gravatar.com\\\/avatar\\\/49ba85a39487c51406dba7224109c3b2296f15c3dd1931dd024e3f540b12ea7d?s=96&d=mm&r=g\",\"caption\":\"horacio\"},\"url\":\"https:\\\/\\\/jpevlogistics.com\\\/en\\\/author\\\/horacio\\\/\"}]}<\/script>\n<!-- \/ Yoast SEO plugin. -->","yoast_head_json":{"title":"El paso internacional Cristo Redentor continuar\u00e1 cerrado, pero prev\u00e9n abrirlo antes del fin de semana - JPEV Logistics","robots":{"index":"index","follow":"follow","max-snippet":"max-snippet:-1","max-image-preview":"max-image-preview:large","max-video-preview":"max-video-preview:-1"},"canonical":"https:\/\/jpevlogistics.com\/en\/el-paso-internacional-cristo-redentor-continuara-cerrado-pero-preven-abrirlo-antes-del-fin-de-semana\/","og_locale":"en_US","og_type":"article","og_title":"El paso internacional Cristo Redentor continuar\u00e1 cerrado, pero prev\u00e9n abrirlo antes del fin de semana - JPEV Logistics","og_description":"(23\/08\/2023) El corredor internacional entre Argentina y Chile permanece inaccesible debido a fuertes nevadas que azotan a la regi\u00f3n desde el 17 de agosto El Paso Internacional Cristo Redentor contin\u00faa cerrado y las autoridades esperan poder reabrirlo el viernes El\u00a0paso internacional Cristo Redentor, que conecta Argentina y Chile a trav\u00e9s de la provincia de\u00a0Mendoza, continuar\u00e1 [&hellip;]","og_url":"https:\/\/jpevlogistics.com\/en\/el-paso-internacional-cristo-redentor-continuara-cerrado-pero-preven-abrirlo-antes-del-fin-de-semana\/","og_site_name":"JPEV Logistics","article_published_time":"2023-08-23T18:35:07+00:00","article_modified_time":"2023-08-23T18:35:08+00:00","og_image":[{"width":1200,"height":533,"url":"https:\/\/jpevlogistics.com\/wp-content\/uploads\/2023\/08\/CRISTO-REDENTOR-.webp","type":"image\/webp"}],"author":"horacio","twitter_card":"summary_large_image","twitter_misc":{"Written by":"horacio","Est. reading time":"3 minutes"},"schema":{"@context":"https:\/\/schema.org","@graph":[{"@type":"Article","@id":"https:\/\/jpevlogistics.com\/en\/el-paso-internacional-cristo-redentor-continuara-cerrado-pero-preven-abrirlo-antes-del-fin-de-semana\/#article","isPartOf":{"@id":"https:\/\/jpevlogistics.com\/en\/el-paso-internacional-cristo-redentor-continuara-cerrado-pero-preven-abrirlo-antes-del-fin-de-semana\/"},"author":{"name":"horacio","@id":"https:\/\/jpevlogistics.com\/#\/schema\/person\/5cb83ed90e4ad10651470058bc190e62"},"headline":"El paso internacional Cristo Redentor continuar\u00e1 cerrado, pero prev\u00e9n abrirlo antes del fin de semana","datePublished":"2023-08-23T18:35:07+00:00","dateModified":"2023-08-23T18:35:08+00:00","mainEntityOfPage":{"@id":"https:\/\/jpevlogistics.com\/en\/el-paso-internacional-cristo-redentor-continuara-cerrado-pero-preven-abrirlo-antes-del-fin-de-semana\/"},"wordCount":506,"commentCount":0,"publisher":{"@id":"https:\/\/jpevlogistics.com\/#organization"},"image":{"@id":"https:\/\/jpevlogistics.com\/en\/el-paso-internacional-cristo-redentor-continuara-cerrado-pero-preven-abrirlo-antes-del-fin-de-semana\/#primaryimage"},"thumbnailUrl":"https:\/\/jpevlogistics.com\/wp-content\/uploads\/2023\/08\/CRISTO-REDENTOR-.webp","articleSection":["Sin categor\u00eda"],"inLanguage":"en-US","potentialAction":[{"@type":"CommentAction","name":"Comment","target":["https:\/\/jpevlogistics.com\/en\/el-paso-internacional-cristo-redentor-continuara-cerrado-pero-preven-abrirlo-antes-del-fin-de-semana\/#respond"]}]},{"@type":"WebPage","@id":"https:\/\/jpevlogistics.com\/en\/el-paso-internacional-cristo-redentor-continuara-cerrado-pero-preven-abrirlo-antes-del-fin-de-semana\/","url":"https:\/\/jpevlogistics.com\/en\/el-paso-internacional-cristo-redentor-continuara-cerrado-pero-preven-abrirlo-antes-del-fin-de-semana\/","name":"El paso internacional Cristo Redentor continuar\u00e1 cerrado, pero prev\u00e9n abrirlo antes del fin de semana - JPEV Logistics","isPartOf":{"@id":"https:\/\/jpevlogistics.com\/#website"},"primaryImageOfPage":{"@id":"https:\/\/jpevlogistics.com\/en\/el-paso-internacional-cristo-redentor-continuara-cerrado-pero-preven-abrirlo-antes-del-fin-de-semana\/#primaryimage"},"image":{"@id":"https:\/\/jpevlogistics.com\/en\/el-paso-internacional-cristo-redentor-continuara-cerrado-pero-preven-abrirlo-antes-del-fin-de-semana\/#primaryimage"},"thumbnailUrl":"https:\/\/jpevlogistics.com\/wp-content\/uploads\/2023\/08\/CRISTO-REDENTOR-.webp","datePublished":"2023-08-23T18:35:07+00:00","dateModified":"2023-08-23T18:35:08+00:00","breadcrumb":{"@id":"https:\/\/jpevlogistics.com\/en\/el-paso-internacional-cristo-redentor-continuara-cerrado-pero-preven-abrirlo-antes-del-fin-de-semana\/#breadcrumb"},"inLanguage":"en-US","potentialAction":[{"@type":"ReadAction","target":["https:\/\/jpevlogistics.com\/en\/el-paso-internacional-cristo-redentor-continuara-cerrado-pero-preven-abrirlo-antes-del-fin-de-semana\/"]}]},{"@type":"ImageObject","inLanguage":"en-US","@id":"https:\/\/jpevlogistics.com\/en\/el-paso-internacional-cristo-redentor-continuara-cerrado-pero-preven-abrirlo-antes-del-fin-de-semana\/#primaryimage","url":"https:\/\/jpevlogistics.com\/wp-content\/uploads\/2023\/08\/CRISTO-REDENTOR-.webp","contentUrl":"https:\/\/jpevlogistics.com\/wp-content\/uploads\/2023\/08\/CRISTO-REDENTOR-.webp","width":1200,"height":533},{"@type":"BreadcrumbList","@id":"https:\/\/jpevlogistics.com\/en\/el-paso-internacional-cristo-redentor-continuara-cerrado-pero-preven-abrirlo-antes-del-fin-de-semana\/#breadcrumb","itemListElement":[{"@type":"ListItem","position":1,"name":"Portada","item":"https:\/\/jpevlogistics.com\/"},{"@type":"ListItem","position":2,"name":"El paso internacional Cristo Redentor continuar\u00e1 cerrado, pero prev\u00e9n abrirlo antes del fin de semana"}]},{"@type":"WebSite","@id":"https:\/\/jpevlogistics.com\/#website","url":"https:\/\/jpevlogistics.com\/","name":"JPEV Logistics","description":"","publisher":{"@id":"https:\/\/jpevlogistics.com\/#organization"},"potentialAction":[{"@type":"SearchAction","target":{"@type":"EntryPoint","urlTemplate":"https:\/\/jpevlogistics.com\/?s={search_term_string}"},"query-input":{"@type":"PropertyValueSpecification","valueRequired":true,"valueName":"search_term_string"}}],"inLanguage":"en-US"},{"@type":"Organization","@id":"https:\/\/jpevlogistics.com\/#organization","name":"JPEV Logistics","url":"https:\/\/jpevlogistics.com\/","logo":{"@type":"ImageObject","inLanguage":"en-US","@id":"https:\/\/jpevlogistics.com\/#\/schema\/logo\/image\/","url":"https:\/\/jpevlogistics.com\/wp-content\/uploads\/2020\/07\/logo.png","contentUrl":"https:\/\/jpevlogistics.com\/wp-content\/uploads\/2020\/07\/logo.png","width":214,"height":81,"caption":"JPEV Logistics"},"image":{"@id":"https:\/\/jpevlogistics.com\/#\/schema\/logo\/image\/"},"sameAs":["https:\/\/www.instagram.com\/jpevlogistics\/","https:\/\/www.linkedin.com\/company\/jpev-logistics\/"]},{"@type":"Person","@id":"https:\/\/jpevlogistics.com\/#\/schema\/person\/5cb83ed90e4ad10651470058bc190e62","name":"horacio","image":{"@type":"ImageObject","inLanguage":"en-US","@id":"https:\/\/secure.gravatar.com\/avatar\/49ba85a39487c51406dba7224109c3b2296f15c3dd1931dd024e3f540b12ea7d?s=96&d=mm&r=g","url":"https:\/\/secure.gravatar.com\/avatar\/49ba85a39487c51406dba7224109c3b2296f15c3dd1931dd024e3f540b12ea7d?s=96&d=mm&r=g","contentUrl":"https:\/\/secure.gravatar.com\/avatar\/49ba85a39487c51406dba7224109c3b2296f15c3dd1931dd024e3f540b12ea7d?s=96&d=mm&r=g","caption":"horacio"},"url":"https:\/\/jpevlogistics.com\/en\/author\/horacio\/"}]}},"_links":{"self":[{"href":"https:\/\/jpevlogistics.com\/en\/wp-json\/wp\/v2\/posts\/2628","targetHints":{"allow":["GET"]}}],"collection":[{"href":"https:\/\/jpevlogistics.com\/en\/wp-json\/wp\/v2\/posts"}],"about":[{"href":"https:\/\/jpevlogistics.com\/en\/wp-json\/wp\/v2\/types\/post"}],"author":[{"embeddable":true,"href":"https:\/\/jpevlogistics.com\/en\/wp-json\/wp\/v2\/users\/4"}],"replies":[{"embeddable":true,"href":"https:\/\/jpevlogistics.com\/en\/wp-json\/wp\/v2\/comments?post=2628"}],"version-history":[{"count":1,"href":"https:\/\/jpevlogistics.com\/en\/wp-json\/wp\/v2\/posts\/2628\/revisions"}],"predecessor-version":[{"id":2631,"href":"https:\/\/jpevlogistics.com\/en\/wp-json\/wp\/v2\/posts\/2628\/revisions\/2631"}],"wp:featuredmedia":[{"embeddable":true,"href":"https:\/\/jpevlogistics.com\/en\/wp-json\/wp\/v2\/media\/2629"}],"wp:attachment":[{"href":"https:\/\/jpevlogistics.com\/en\/wp-json\/wp\/v2\/media?parent=2628"}],"wp:term":[{"taxonomy":"category","embeddable":true,"href":"https:\/\/jpevlogistics.com\/en\/wp-json\/wp\/v2\/categories?post=2628"},{"taxonomy":"post_tag","embeddable":true,"href":"https:\/\/jpevlogistics.com\/en\/wp-json\/wp\/v2\/tags?post=2628"}],"curies":[{"name":"wp","href":"https:\/\/api.w.org\/{rel}","templated":true}]}}