{"id":2633,"date":"2023-08-28T12:32:00","date_gmt":"2023-08-28T12:32:00","guid":{"rendered":"https:\/\/jpevlogistics.com\/?p=2633"},"modified":"2023-08-28T12:33:22","modified_gmt":"2023-08-28T12:33:22","slug":"nevadas-historicas-el-paso-cristo-redentor-esta-cerrado-por-acumulacion-de-nieve-en-mendoza","status":"publish","type":"post","link":"https:\/\/jpevlogistics.com\/en\/nevadas-historicas-el-paso-cristo-redentor-esta-cerrado-por-acumulacion-de-nieve-en-mendoza\/","title":{"rendered":"Nevadas hist\u00f3ricas: el Paso Cristo Redentor est\u00e1 cerrado por acumulaci\u00f3n de nieve en Mendoza"},"content":{"rendered":"<p>El paso fronterizo permanece cerrado tras las intensas nevadas y el temporal de los \u00faltimos d\u00edas.<\/p>\n\n\n\n<p>El\u00a0<strong>paso fronterizo Cristo Redentor<\/strong>, en\u00a0<strong>Mendoza<\/strong>, est\u00e1 inhabilitado durante t<strong>odo este s\u00e1bado<\/strong> y seguramente para los pr\u00f3ximos dias , debido a a\u00a0<strong>gran acumulaci\u00f3n de nieve<\/strong>\u00a0de los \u00faltimos d\u00edas y por el f<strong>uerte temporal\u00a0<\/strong>que azot\u00f3 a esa provincia.<\/p>\n\n\n\n<figure class=\"wp-block-gallery has-nested-images columns-default is-cropped wp-block-gallery-1 is-layout-flex wp-block-gallery-is-layout-flex\">\n<figure class=\"wp-block-image size-large\"><img fetchpriority=\"high\" decoding=\"async\" width=\"960\" height=\"640\" data-id=\"2634\" src=\"https:\/\/jpevlogistics.com\/wp-content\/uploads\/2023\/08\/Cordillera-camiones-.jpeg\" alt=\"\" class=\"wp-image-2634\" srcset=\"https:\/\/jpevlogistics.com\/wp-content\/uploads\/2023\/08\/Cordillera-camiones-.jpeg 960w, https:\/\/jpevlogistics.com\/wp-content\/uploads\/2023\/08\/Cordillera-camiones--300x200.jpeg 300w, https:\/\/jpevlogistics.com\/wp-content\/uploads\/2023\/08\/Cordillera-camiones--768x512.jpeg 768w, https:\/\/jpevlogistics.com\/wp-content\/uploads\/2023\/08\/Cordillera-camiones--18x12.jpeg 18w\" sizes=\"(max-width: 960px) 100vw, 960px\" \/><\/figure>\n<\/figure>\n\n\n\n<p>Seg\u00fan el comunicado oficial, la decisi\u00f3n de cerrar el paso que une Mendoza con&nbsp;<strong>Chile<\/strong>, fue&nbsp; tomada &#8220;entre ambas Coordinaciones del Sistema, debido a que contin\u00faan las&nbsp;<strong>tareas de despeje&nbsp;<\/strong>de manera de&nbsp;<strong>asegurar la transitabilidad<\/strong>del Corredor Internacional&#8221;. Tambi\u00e9n subraya que &#8220;<strong>la acumulaci\u00f3n de nieve marc\u00f3 un r\u00e9cord hist\u00f3rico&#8221;.<\/strong><\/p>\n\n\n\n<p>El comiscado tambi\u00e9n sostiene que durante este s\u00e1bado se iba a difundir el reporte de Transitabilidad de la Direcci\u00f3n Nacional de Vialidad -Delegaci\u00f3n Uspallata- para dar a conocer los requisitos de circulaci\u00f3n para los usuarios de los caminos hacia la alta monta\u00f1a.<\/p>\n\n\n\n<p>Tras varios d\u00edas de nevada sostenida,&nbsp;<strong>la precordillera y cordillera mendocinas se cubrieron de varios cent\u00edmetros de nieve, ofreciendo incre\u00edbles postales, pero que perjudicaron la transitabilidad de la ruta internacional<\/strong>. Lo que provoc\u00f3 el cierre del paso internacional Cristo Redentor, que comunica con Chile; algunos vecinos debieron ser asistidos por el Grupo Especial de Alta Monta\u00f1a del Escuadr\u00f3n 27 de Gendarmer\u00eda&nbsp;<\/p>\n\n\n\n<h2 class=\"wp-block-heading\">Sobre un reporte falso<\/h2>\n\n\n\n<p>En tanto, la&nbsp;<strong>Coordinaci\u00f3n Argentina Paso Cristo Redentor&nbsp;<\/strong>tambi\u00e9n denunci\u00f3 la difusi\u00f3n de un r<strong>eporte &#8220;falso&#8221;&nbsp;<\/strong>que circul\u00f3 durante este viernes, &#8220;perturbando nuestro trabajo que pretendemos realizar con la mayor transparencia posible&#8221;.<\/p>\n\n\n\n<p>Ese organismo recuerda a los usuarios que es el&nbsp;<strong>\u00fanico medio oficial&nbsp;<\/strong>que informa&nbsp;<strong>sobre los cierres, aperturas y todo tipo de novedades<\/strong>&nbsp;del Centro de Frontera Cristo Redentor . Y que el mismo se env\u00eda a cuentas personales de quienes est\u00e1n a cargo del sistema.<\/p>\n\n\n\n<p>Para m\u00e1s informaci\u00f3n, las personas podr\u00e1n comunicarse a&nbsp;ddebiassio@mininterior.gob. ar para recibir as novedades diarias y oficiales.<\/p>","protected":false},"excerpt":{"rendered":"<p>El paso fronterizo permanece cerrado tras las intensas nevadas y el temporal de los \u00faltimos d\u00edas. El\u00a0paso fronterizo Cristo Redentor, en\u00a0Mendoza, est\u00e1 inhabilitado durante todo este s\u00e1bado y seguramente para los pr\u00f3ximos dias , debido a a\u00a0gran acumulaci\u00f3n de nieve\u00a0de los \u00faltimos d\u00edas y por el fuerte temporal\u00a0que azot\u00f3 a esa provincia. Seg\u00fan el comunicado [&hellip;]<\/p>\n","protected":false},"author":4,"featured_media":2634,"comment_status":"open","ping_status":"open","sticky":false,"template":"","format":"standard","meta":{"footnotes":""},"categories":[1],"tags":[],"class_list":["post-2633","post","type-post","status-publish","format-standard","has-post-thumbnail","hentry","category-sin-categoria"],"yoast_head":"<!-- This site is optimized with the Yoast SEO plugin v27.4 - https:\/\/yoast.com\/product\/yoast-seo-wordpress\/ -->\n<title>Nevadas hist\u00f3ricas: el Paso Cristo Redentor est\u00e1 cerrado por acumulaci\u00f3n de nieve en Mendoza - JPEV Logistics<\/title>\n<meta name=\"robots\" content=\"index, follow, max-snippet:-1, max-image-preview:large, max-video-preview:-1\" \/>\n<link rel=\"canonical\" href=\"https:\/\/jpevlogistics.com\/en\/nevadas-historicas-el-paso-cristo-redentor-esta-cerrado-por-acumulacion-de-nieve-en-mendoza\/\" \/>\n<meta property=\"og:locale\" content=\"en_US\" \/>\n<meta property=\"og:type\" content=\"article\" \/>\n<meta property=\"og:title\" content=\"Nevadas hist\u00f3ricas: el Paso Cristo Redentor est\u00e1 cerrado por acumulaci\u00f3n de nieve en Mendoza - JPEV Logistics\" \/>\n<meta property=\"og:description\" content=\"El paso fronterizo permanece cerrado tras las intensas nevadas y el temporal de los \u00faltimos d\u00edas. El\u00a0paso fronterizo Cristo Redentor, en\u00a0Mendoza, est\u00e1 inhabilitado durante todo este s\u00e1bado y seguramente para los pr\u00f3ximos dias , debido a a\u00a0gran acumulaci\u00f3n de nieve\u00a0de los \u00faltimos d\u00edas y por el fuerte temporal\u00a0que azot\u00f3 a esa provincia. Seg\u00fan el comunicado [&hellip;]\" \/>\n<meta property=\"og:url\" content=\"https:\/\/jpevlogistics.com\/en\/nevadas-historicas-el-paso-cristo-redentor-esta-cerrado-por-acumulacion-de-nieve-en-mendoza\/\" \/>\n<meta property=\"og:site_name\" content=\"JPEV Logistics\" \/>\n<meta property=\"article:published_time\" content=\"2023-08-28T12:32:00+00:00\" \/>\n<meta property=\"article:modified_time\" content=\"2023-08-28T12:33:22+00:00\" \/>\n<meta property=\"og:image\" content=\"https:\/\/jpevlogistics.com\/wp-content\/uploads\/2023\/08\/Cordillera-camiones-.jpeg\" \/>\n\t<meta property=\"og:image:width\" content=\"960\" \/>\n\t<meta property=\"og:image:height\" content=\"640\" \/>\n\t<meta property=\"og:image:type\" content=\"image\/jpeg\" \/>\n<meta name=\"author\" content=\"horacio\" \/>\n<meta name=\"twitter:card\" content=\"summary_large_image\" \/>\n<meta name=\"twitter:label1\" content=\"Written by\" \/>\n\t<meta name=\"twitter:data1\" content=\"horacio\" \/>\n\t<meta name=\"twitter:label2\" content=\"Est. reading time\" \/>\n\t<meta name=\"twitter:data2\" content=\"2 minutes\" \/>\n<script type=\"application\/ld+json\" class=\"yoast-schema-graph\">{\"@context\":\"https:\\\/\\\/schema.org\",\"@graph\":[{\"@type\":\"Article\",\"@id\":\"https:\\\/\\\/jpevlogistics.com\\\/en\\\/nevadas-historicas-el-paso-cristo-redentor-esta-cerrado-por-acumulacion-de-nieve-en-mendoza\\\/#article\",\"isPartOf\":{\"@id\":\"https:\\\/\\\/jpevlogistics.com\\\/en\\\/nevadas-historicas-el-paso-cristo-redentor-esta-cerrado-por-acumulacion-de-nieve-en-mendoza\\\/\"},\"author\":{\"name\":\"horacio\",\"@id\":\"https:\\\/\\\/jpevlogistics.com\\\/#\\\/schema\\\/person\\\/5cb83ed90e4ad10651470058bc190e62\"},\"headline\":\"Nevadas hist\u00f3ricas: el Paso Cristo Redentor est\u00e1 cerrado por acumulaci\u00f3n de nieve en Mendoza\",\"datePublished\":\"2023-08-28T12:32:00+00:00\",\"dateModified\":\"2023-08-28T12:33:22+00:00\",\"mainEntityOfPage\":{\"@id\":\"https:\\\/\\\/jpevlogistics.com\\\/en\\\/nevadas-historicas-el-paso-cristo-redentor-esta-cerrado-por-acumulacion-de-nieve-en-mendoza\\\/\"},\"wordCount\":370,\"commentCount\":0,\"publisher\":{\"@id\":\"https:\\\/\\\/jpevlogistics.com\\\/#organization\"},\"image\":{\"@id\":\"https:\\\/\\\/jpevlogistics.com\\\/en\\\/nevadas-historicas-el-paso-cristo-redentor-esta-cerrado-por-acumulacion-de-nieve-en-mendoza\\\/#primaryimage\"},\"thumbnailUrl\":\"https:\\\/\\\/jpevlogistics.com\\\/wp-content\\\/uploads\\\/2023\\\/08\\\/Cordillera-camiones-.jpeg\",\"articleSection\":[\"Sin categor\u00eda\"],\"inLanguage\":\"en-US\",\"potentialAction\":[{\"@type\":\"CommentAction\",\"name\":\"Comment\",\"target\":[\"https:\\\/\\\/jpevlogistics.com\\\/en\\\/nevadas-historicas-el-paso-cristo-redentor-esta-cerrado-por-acumulacion-de-nieve-en-mendoza\\\/#respond\"]}]},{\"@type\":\"WebPage\",\"@id\":\"https:\\\/\\\/jpevlogistics.com\\\/en\\\/nevadas-historicas-el-paso-cristo-redentor-esta-cerrado-por-acumulacion-de-nieve-en-mendoza\\\/\",\"url\":\"https:\\\/\\\/jpevlogistics.com\\\/en\\\/nevadas-historicas-el-paso-cristo-redentor-esta-cerrado-por-acumulacion-de-nieve-en-mendoza\\\/\",\"name\":\"Nevadas hist\u00f3ricas: el Paso Cristo Redentor est\u00e1 cerrado por acumulaci\u00f3n de nieve en Mendoza - JPEV Logistics\",\"isPartOf\":{\"@id\":\"https:\\\/\\\/jpevlogistics.com\\\/#website\"},\"primaryImageOfPage\":{\"@id\":\"https:\\\/\\\/jpevlogistics.com\\\/en\\\/nevadas-historicas-el-paso-cristo-redentor-esta-cerrado-por-acumulacion-de-nieve-en-mendoza\\\/#primaryimage\"},\"image\":{\"@id\":\"https:\\\/\\\/jpevlogistics.com\\\/en\\\/nevadas-historicas-el-paso-cristo-redentor-esta-cerrado-por-acumulacion-de-nieve-en-mendoza\\\/#primaryimage\"},\"thumbnailUrl\":\"https:\\\/\\\/jpevlogistics.com\\\/wp-content\\\/uploads\\\/2023\\\/08\\\/Cordillera-camiones-.jpeg\",\"datePublished\":\"2023-08-28T12:32:00+00:00\",\"dateModified\":\"2023-08-28T12:33:22+00:00\",\"breadcrumb\":{\"@id\":\"https:\\\/\\\/jpevlogistics.com\\\/en\\\/nevadas-historicas-el-paso-cristo-redentor-esta-cerrado-por-acumulacion-de-nieve-en-mendoza\\\/#breadcrumb\"},\"inLanguage\":\"en-US\",\"potentialAction\":[{\"@type\":\"ReadAction\",\"target\":[\"https:\\\/\\\/jpevlogistics.com\\\/en\\\/nevadas-historicas-el-paso-cristo-redentor-esta-cerrado-por-acumulacion-de-nieve-en-mendoza\\\/\"]}]},{\"@type\":\"ImageObject\",\"inLanguage\":\"en-US\",\"@id\":\"https:\\\/\\\/jpevlogistics.com\\\/en\\\/nevadas-historicas-el-paso-cristo-redentor-esta-cerrado-por-acumulacion-de-nieve-en-mendoza\\\/#primaryimage\",\"url\":\"https:\\\/\\\/jpevlogistics.com\\\/wp-content\\\/uploads\\\/2023\\\/08\\\/Cordillera-camiones-.jpeg\",\"contentUrl\":\"https:\\\/\\\/jpevlogistics.com\\\/wp-content\\\/uploads\\\/2023\\\/08\\\/Cordillera-camiones-.jpeg\",\"width\":960,\"height\":640},{\"@type\":\"BreadcrumbList\",\"@id\":\"https:\\\/\\\/jpevlogistics.com\\\/en\\\/nevadas-historicas-el-paso-cristo-redentor-esta-cerrado-por-acumulacion-de-nieve-en-mendoza\\\/#breadcrumb\",\"itemListElement\":[{\"@type\":\"ListItem\",\"position\":1,\"name\":\"Portada\",\"item\":\"https:\\\/\\\/jpevlogistics.com\\\/\"},{\"@type\":\"ListItem\",\"position\":2,\"name\":\"Nevadas hist\u00f3ricas: el Paso Cristo Redentor est\u00e1 cerrado por acumulaci\u00f3n de nieve en Mendoza\"}]},{\"@type\":\"WebSite\",\"@id\":\"https:\\\/\\\/jpevlogistics.com\\\/#website\",\"url\":\"https:\\\/\\\/jpevlogistics.com\\\/\",\"name\":\"JPEV Logistics\",\"description\":\"\",\"publisher\":{\"@id\":\"https:\\\/\\\/jpevlogistics.com\\\/#organization\"},\"potentialAction\":[{\"@type\":\"SearchAction\",\"target\":{\"@type\":\"EntryPoint\",\"urlTemplate\":\"https:\\\/\\\/jpevlogistics.com\\\/?s={search_term_string}\"},\"query-input\":{\"@type\":\"PropertyValueSpecification\",\"valueRequired\":true,\"valueName\":\"search_term_string\"}}],\"inLanguage\":\"en-US\"},{\"@type\":\"Organization\",\"@id\":\"https:\\\/\\\/jpevlogistics.com\\\/#organization\",\"name\":\"JPEV Logistics\",\"url\":\"https:\\\/\\\/jpevlogistics.com\\\/\",\"logo\":{\"@type\":\"ImageObject\",\"inLanguage\":\"en-US\",\"@id\":\"https:\\\/\\\/jpevlogistics.com\\\/#\\\/schema\\\/logo\\\/image\\\/\",\"url\":\"https:\\\/\\\/jpevlogistics.com\\\/wp-content\\\/uploads\\\/2020\\\/07\\\/logo.png\",\"contentUrl\":\"https:\\\/\\\/jpevlogistics.com\\\/wp-content\\\/uploads\\\/2020\\\/07\\\/logo.png\",\"width\":214,\"height\":81,\"caption\":\"JPEV Logistics\"},\"image\":{\"@id\":\"https:\\\/\\\/jpevlogistics.com\\\/#\\\/schema\\\/logo\\\/image\\\/\"},\"sameAs\":[\"https:\\\/\\\/www.instagram.com\\\/jpevlogistics\\\/\",\"https:\\\/\\\/www.linkedin.com\\\/company\\\/jpev-logistics\\\/\"]},{\"@type\":\"Person\",\"@id\":\"https:\\\/\\\/jpevlogistics.com\\\/#\\\/schema\\\/person\\\/5cb83ed90e4ad10651470058bc190e62\",\"name\":\"horacio\",\"image\":{\"@type\":\"ImageObject\",\"inLanguage\":\"en-US\",\"@id\":\"https:\\\/\\\/secure.gravatar.com\\\/avatar\\\/49ba85a39487c51406dba7224109c3b2296f15c3dd1931dd024e3f540b12ea7d?s=96&d=mm&r=g\",\"url\":\"https:\\\/\\\/secure.gravatar.com\\\/avatar\\\/49ba85a39487c51406dba7224109c3b2296f15c3dd1931dd024e3f540b12ea7d?s=96&d=mm&r=g\",\"contentUrl\":\"https:\\\/\\\/secure.gravatar.com\\\/avatar\\\/49ba85a39487c51406dba7224109c3b2296f15c3dd1931dd024e3f540b12ea7d?s=96&d=mm&r=g\",\"caption\":\"horacio\"},\"url\":\"https:\\\/\\\/jpevlogistics.com\\\/en\\\/author\\\/horacio\\\/\"}]}<\/script>\n<!-- \/ Yoast SEO plugin. -->","yoast_head_json":{"title":"Nevadas hist\u00f3ricas: el Paso Cristo Redentor est\u00e1 cerrado por acumulaci\u00f3n de nieve en Mendoza - JPEV Logistics","robots":{"index":"index","follow":"follow","max-snippet":"max-snippet:-1","max-image-preview":"max-image-preview:large","max-video-preview":"max-video-preview:-1"},"canonical":"https:\/\/jpevlogistics.com\/en\/nevadas-historicas-el-paso-cristo-redentor-esta-cerrado-por-acumulacion-de-nieve-en-mendoza\/","og_locale":"en_US","og_type":"article","og_title":"Nevadas hist\u00f3ricas: el Paso Cristo Redentor est\u00e1 cerrado por acumulaci\u00f3n de nieve en Mendoza - JPEV Logistics","og_description":"El paso fronterizo permanece cerrado tras las intensas nevadas y el temporal de los \u00faltimos d\u00edas. El\u00a0paso fronterizo Cristo Redentor, en\u00a0Mendoza, est\u00e1 inhabilitado durante todo este s\u00e1bado y seguramente para los pr\u00f3ximos dias , debido a a\u00a0gran acumulaci\u00f3n de nieve\u00a0de los \u00faltimos d\u00edas y por el fuerte temporal\u00a0que azot\u00f3 a esa provincia. Seg\u00fan el comunicado [&hellip;]","og_url":"https:\/\/jpevlogistics.com\/en\/nevadas-historicas-el-paso-cristo-redentor-esta-cerrado-por-acumulacion-de-nieve-en-mendoza\/","og_site_name":"JPEV Logistics","article_published_time":"2023-08-28T12:32:00+00:00","article_modified_time":"2023-08-28T12:33:22+00:00","og_image":[{"width":960,"height":640,"url":"https:\/\/jpevlogistics.com\/wp-content\/uploads\/2023\/08\/Cordillera-camiones-.jpeg","type":"image\/jpeg"}],"author":"horacio","twitter_card":"summary_large_image","twitter_misc":{"Written by":"horacio","Est. reading time":"2 minutes"},"schema":{"@context":"https:\/\/schema.org","@graph":[{"@type":"Article","@id":"https:\/\/jpevlogistics.com\/en\/nevadas-historicas-el-paso-cristo-redentor-esta-cerrado-por-acumulacion-de-nieve-en-mendoza\/#article","isPartOf":{"@id":"https:\/\/jpevlogistics.com\/en\/nevadas-historicas-el-paso-cristo-redentor-esta-cerrado-por-acumulacion-de-nieve-en-mendoza\/"},"author":{"name":"horacio","@id":"https:\/\/jpevlogistics.com\/#\/schema\/person\/5cb83ed90e4ad10651470058bc190e62"},"headline":"Nevadas hist\u00f3ricas: el Paso Cristo Redentor est\u00e1 cerrado por acumulaci\u00f3n de nieve en Mendoza","datePublished":"2023-08-28T12:32:00+00:00","dateModified":"2023-08-28T12:33:22+00:00","mainEntityOfPage":{"@id":"https:\/\/jpevlogistics.com\/en\/nevadas-historicas-el-paso-cristo-redentor-esta-cerrado-por-acumulacion-de-nieve-en-mendoza\/"},"wordCount":370,"commentCount":0,"publisher":{"@id":"https:\/\/jpevlogistics.com\/#organization"},"image":{"@id":"https:\/\/jpevlogistics.com\/en\/nevadas-historicas-el-paso-cristo-redentor-esta-cerrado-por-acumulacion-de-nieve-en-mendoza\/#primaryimage"},"thumbnailUrl":"https:\/\/jpevlogistics.com\/wp-content\/uploads\/2023\/08\/Cordillera-camiones-.jpeg","articleSection":["Sin categor\u00eda"],"inLanguage":"en-US","potentialAction":[{"@type":"CommentAction","name":"Comment","target":["https:\/\/jpevlogistics.com\/en\/nevadas-historicas-el-paso-cristo-redentor-esta-cerrado-por-acumulacion-de-nieve-en-mendoza\/#respond"]}]},{"@type":"WebPage","@id":"https:\/\/jpevlogistics.com\/en\/nevadas-historicas-el-paso-cristo-redentor-esta-cerrado-por-acumulacion-de-nieve-en-mendoza\/","url":"https:\/\/jpevlogistics.com\/en\/nevadas-historicas-el-paso-cristo-redentor-esta-cerrado-por-acumulacion-de-nieve-en-mendoza\/","name":"Nevadas hist\u00f3ricas: el Paso Cristo Redentor est\u00e1 cerrado por acumulaci\u00f3n de nieve en Mendoza - JPEV Logistics","isPartOf":{"@id":"https:\/\/jpevlogistics.com\/#website"},"primaryImageOfPage":{"@id":"https:\/\/jpevlogistics.com\/en\/nevadas-historicas-el-paso-cristo-redentor-esta-cerrado-por-acumulacion-de-nieve-en-mendoza\/#primaryimage"},"image":{"@id":"https:\/\/jpevlogistics.com\/en\/nevadas-historicas-el-paso-cristo-redentor-esta-cerrado-por-acumulacion-de-nieve-en-mendoza\/#primaryimage"},"thumbnailUrl":"https:\/\/jpevlogistics.com\/wp-content\/uploads\/2023\/08\/Cordillera-camiones-.jpeg","datePublished":"2023-08-28T12:32:00+00:00","dateModified":"2023-08-28T12:33:22+00:00","breadcrumb":{"@id":"https:\/\/jpevlogistics.com\/en\/nevadas-historicas-el-paso-cristo-redentor-esta-cerrado-por-acumulacion-de-nieve-en-mendoza\/#breadcrumb"},"inLanguage":"en-US","potentialAction":[{"@type":"ReadAction","target":["https:\/\/jpevlogistics.com\/en\/nevadas-historicas-el-paso-cristo-redentor-esta-cerrado-por-acumulacion-de-nieve-en-mendoza\/"]}]},{"@type":"ImageObject","inLanguage":"en-US","@id":"https:\/\/jpevlogistics.com\/en\/nevadas-historicas-el-paso-cristo-redentor-esta-cerrado-por-acumulacion-de-nieve-en-mendoza\/#primaryimage","url":"https:\/\/jpevlogistics.com\/wp-content\/uploads\/2023\/08\/Cordillera-camiones-.jpeg","contentUrl":"https:\/\/jpevlogistics.com\/wp-content\/uploads\/2023\/08\/Cordillera-camiones-.jpeg","width":960,"height":640},{"@type":"BreadcrumbList","@id":"https:\/\/jpevlogistics.com\/en\/nevadas-historicas-el-paso-cristo-redentor-esta-cerrado-por-acumulacion-de-nieve-en-mendoza\/#breadcrumb","itemListElement":[{"@type":"ListItem","position":1,"name":"Portada","item":"https:\/\/jpevlogistics.com\/"},{"@type":"ListItem","position":2,"name":"Nevadas hist\u00f3ricas: el Paso Cristo Redentor est\u00e1 cerrado por acumulaci\u00f3n de nieve en Mendoza"}]},{"@type":"WebSite","@id":"https:\/\/jpevlogistics.com\/#website","url":"https:\/\/jpevlogistics.com\/","name":"JPEV Logistics","description":"","publisher":{"@id":"https:\/\/jpevlogistics.com\/#organization"},"potentialAction":[{"@type":"SearchAction","target":{"@type":"EntryPoint","urlTemplate":"https:\/\/jpevlogistics.com\/?s={search_term_string}"},"query-input":{"@type":"PropertyValueSpecification","valueRequired":true,"valueName":"search_term_string"}}],"inLanguage":"en-US"},{"@type":"Organization","@id":"https:\/\/jpevlogistics.com\/#organization","name":"JPEV Logistics","url":"https:\/\/jpevlogistics.com\/","logo":{"@type":"ImageObject","inLanguage":"en-US","@id":"https:\/\/jpevlogistics.com\/#\/schema\/logo\/image\/","url":"https:\/\/jpevlogistics.com\/wp-content\/uploads\/2020\/07\/logo.png","contentUrl":"https:\/\/jpevlogistics.com\/wp-content\/uploads\/2020\/07\/logo.png","width":214,"height":81,"caption":"JPEV Logistics"},"image":{"@id":"https:\/\/jpevlogistics.com\/#\/schema\/logo\/image\/"},"sameAs":["https:\/\/www.instagram.com\/jpevlogistics\/","https:\/\/www.linkedin.com\/company\/jpev-logistics\/"]},{"@type":"Person","@id":"https:\/\/jpevlogistics.com\/#\/schema\/person\/5cb83ed90e4ad10651470058bc190e62","name":"horacio","image":{"@type":"ImageObject","inLanguage":"en-US","@id":"https:\/\/secure.gravatar.com\/avatar\/49ba85a39487c51406dba7224109c3b2296f15c3dd1931dd024e3f540b12ea7d?s=96&d=mm&r=g","url":"https:\/\/secure.gravatar.com\/avatar\/49ba85a39487c51406dba7224109c3b2296f15c3dd1931dd024e3f540b12ea7d?s=96&d=mm&r=g","contentUrl":"https:\/\/secure.gravatar.com\/avatar\/49ba85a39487c51406dba7224109c3b2296f15c3dd1931dd024e3f540b12ea7d?s=96&d=mm&r=g","caption":"horacio"},"url":"https:\/\/jpevlogistics.com\/en\/author\/horacio\/"}]}},"_links":{"self":[{"href":"https:\/\/jpevlogistics.com\/en\/wp-json\/wp\/v2\/posts\/2633","targetHints":{"allow":["GET"]}}],"collection":[{"href":"https:\/\/jpevlogistics.com\/en\/wp-json\/wp\/v2\/posts"}],"about":[{"href":"https:\/\/jpevlogistics.com\/en\/wp-json\/wp\/v2\/types\/post"}],"author":[{"embeddable":true,"href":"https:\/\/jpevlogistics.com\/en\/wp-json\/wp\/v2\/users\/4"}],"replies":[{"embeddable":true,"href":"https:\/\/jpevlogistics.com\/en\/wp-json\/wp\/v2\/comments?post=2633"}],"version-history":[{"count":2,"href":"https:\/\/jpevlogistics.com\/en\/wp-json\/wp\/v2\/posts\/2633\/revisions"}],"predecessor-version":[{"id":2636,"href":"https:\/\/jpevlogistics.com\/en\/wp-json\/wp\/v2\/posts\/2633\/revisions\/2636"}],"wp:featuredmedia":[{"embeddable":true,"href":"https:\/\/jpevlogistics.com\/en\/wp-json\/wp\/v2\/media\/2634"}],"wp:attachment":[{"href":"https:\/\/jpevlogistics.com\/en\/wp-json\/wp\/v2\/media?parent=2633"}],"wp:term":[{"taxonomy":"category","embeddable":true,"href":"https:\/\/jpevlogistics.com\/en\/wp-json\/wp\/v2\/categories?post=2633"},{"taxonomy":"post_tag","embeddable":true,"href":"https:\/\/jpevlogistics.com\/en\/wp-json\/wp\/v2\/tags?post=2633"}],"curies":[{"name":"wp","href":"https:\/\/api.w.org\/{rel}","templated":true}]}}