{"id":2638,"date":"2023-09-08T18:05:43","date_gmt":"2023-09-08T18:05:43","guid":{"rendered":"https:\/\/jpevlogistics.com\/?p=2638"},"modified":"2023-09-08T18:06:32","modified_gmt":"2023-09-08T18:06:32","slug":"como-esta-el-paso-internacional-los-libertadores","status":"publish","type":"post","link":"https:\/\/jpevlogistics.com\/en\/como-esta-el-paso-internacional-los-libertadores\/","title":{"rendered":"C\u00f3mo est\u00e1 el Paso Internacional Los Libertadores,"},"content":{"rendered":"<p>Desde la coordinaci\u00f3n binacional informaron el estado del Paso Internacional Los Libertadores, que es la principal ruta entre Los Andes y Mendoza.<\/p>\n\n\n\n<p>En una actualizaci\u00f3n emitida hoy por\u00a0<strong>Vialidad Nacional<\/strong>, se anunci\u00f3\u00a0<strong>que el\u00a0<a href=\"https:\/\/www.sitioandino.com.ar\/paso-internacional-los-libertadores-a25890\" target=\"_blank\" rel=\"noreferrer noopener\">Paso Internacional Los Libertadores<\/a>\u00a0se mantendr\u00e1 cerrado<\/strong>\u00a0para el transporte de cargas, \u00f3mnibus y veh\u00edculos particulares. La deshabilitaci\u00f3n se realiz\u00f3 luego de un an\u00e1lisis exhaustivo de las condiciones de transitabilidad en la zona de alta monta\u00f1a.<\/p>\n\n\n\n<figure class=\"wp-block-gallery has-nested-images columns-default is-cropped wp-block-gallery-1 is-layout-flex wp-block-gallery-is-layout-flex\">\n<figure class=\"wp-block-image size-large\"><img fetchpriority=\"high\" decoding=\"async\" width=\"790\" height=\"592\" data-id=\"2639\" src=\"https:\/\/jpevlogistics.com\/wp-content\/uploads\/2023\/09\/08-09-23-los-andes.webp\" alt=\"\" class=\"wp-image-2639\" srcset=\"https:\/\/jpevlogistics.com\/wp-content\/uploads\/2023\/09\/08-09-23-los-andes.webp 790w, https:\/\/jpevlogistics.com\/wp-content\/uploads\/2023\/09\/08-09-23-los-andes-300x225.webp 300w, https:\/\/jpevlogistics.com\/wp-content\/uploads\/2023\/09\/08-09-23-los-andes-768x576.webp 768w, https:\/\/jpevlogistics.com\/wp-content\/uploads\/2023\/09\/08-09-23-los-andes-16x12.webp 16w\" sizes=\"(max-width: 790px) 100vw, 790px\" \/><\/figure>\n<\/figure>\n\n\n\n<h2 class=\"wp-block-heading\">Condiciones clim\u00e1ticas y rutas disponibles<\/h2>\n\n\n\n<p>Seg\u00fan el informe emitido, se espera una temperatura<strong>\u00a0de -1\u00b0C en Uspallata, -3\u00b0C en Punta de Vacas, -5\u00b0C en Puente de Inca y -6\u00b0C en Las Cuevas<\/strong>, lo que indica condiciones clim\u00e1ticas fr\u00edas en la regi\u00f3n de la cordillera.<\/p>\n\n\n\n<p>Es importante destacar el pron\u00f3stico del tiempo se\u00f1ala la posibilidad de que se mantenga la&nbsp;<strong>inestabilidad<\/strong>&nbsp;durante los d\u00edas en la zona.<\/p>\n\n\n\n<h2 class=\"wp-block-heading\">Medidas de seguridad obligatorias<\/h2>\n\n\n\n<p>Debido a las condiciones clim\u00e1ticas mencionadas,&nbsp;<strong>se hace obligatoria la portaci\u00f3n de cadenas para todos los veh\u00edculos que transiten por el Paso a Chile<\/strong>. Las cadenas son un elemento esencial para garantizar una traves\u00eda segura y evitar situaciones de riesgo en las zonas m\u00e1s resbaladizas.<\/p>","protected":false},"excerpt":{"rendered":"<p>Desde la coordinaci\u00f3n binacional informaron el estado del Paso Internacional Los Libertadores, que es la principal ruta entre Los Andes y Mendoza. En una actualizaci\u00f3n emitida hoy por\u00a0Vialidad Nacional, se anunci\u00f3\u00a0que el\u00a0Paso Internacional Los Libertadores\u00a0se mantendr\u00e1 cerrado\u00a0para el transporte de cargas, \u00f3mnibus y veh\u00edculos particulares. La deshabilitaci\u00f3n se realiz\u00f3 luego de un an\u00e1lisis exhaustivo de [&hellip;]<\/p>\n","protected":false},"author":4,"featured_media":2630,"comment_status":"open","ping_status":"open","sticky":false,"template":"","format":"standard","meta":{"footnotes":""},"categories":[1],"tags":[],"class_list":["post-2638","post","type-post","status-publish","format-standard","has-post-thumbnail","hentry","category-sin-categoria"],"yoast_head":"<!-- This site is optimized with the Yoast SEO plugin v27.4 - https:\/\/yoast.com\/product\/yoast-seo-wordpress\/ -->\n<title>C\u00f3mo est\u00e1 el Paso Internacional Los Libertadores, - JPEV Logistics<\/title>\n<meta name=\"robots\" content=\"index, follow, max-snippet:-1, max-image-preview:large, max-video-preview:-1\" \/>\n<link rel=\"canonical\" href=\"https:\/\/jpevlogistics.com\/en\/como-esta-el-paso-internacional-los-libertadores\/\" \/>\n<meta property=\"og:locale\" content=\"en_US\" \/>\n<meta property=\"og:type\" content=\"article\" \/>\n<meta property=\"og:title\" content=\"C\u00f3mo est\u00e1 el Paso Internacional Los Libertadores, - JPEV Logistics\" \/>\n<meta property=\"og:description\" content=\"Desde la coordinaci\u00f3n binacional informaron el estado del Paso Internacional Los Libertadores, que es la principal ruta entre Los Andes y Mendoza. En una actualizaci\u00f3n emitida hoy por\u00a0Vialidad Nacional, se anunci\u00f3\u00a0que el\u00a0Paso Internacional Los Libertadores\u00a0se mantendr\u00e1 cerrado\u00a0para el transporte de cargas, \u00f3mnibus y veh\u00edculos particulares. La deshabilitaci\u00f3n se realiz\u00f3 luego de un an\u00e1lisis exhaustivo de [&hellip;]\" \/>\n<meta property=\"og:url\" content=\"https:\/\/jpevlogistics.com\/en\/como-esta-el-paso-internacional-los-libertadores\/\" \/>\n<meta property=\"og:site_name\" content=\"JPEV Logistics\" \/>\n<meta property=\"article:published_time\" content=\"2023-09-08T18:05:43+00:00\" \/>\n<meta property=\"article:modified_time\" content=\"2023-09-08T18:06:32+00:00\" \/>\n<meta property=\"og:image\" content=\"https:\/\/jpevlogistics.com\/wp-content\/uploads\/2023\/08\/CORDILLERA-1.webp\" \/>\n\t<meta property=\"og:image:width\" content=\"1440\" \/>\n\t<meta property=\"og:image:height\" content=\"1080\" \/>\n\t<meta property=\"og:image:type\" content=\"image\/webp\" \/>\n<meta name=\"author\" content=\"horacio\" \/>\n<meta name=\"twitter:card\" content=\"summary_large_image\" \/>\n<meta name=\"twitter:label1\" content=\"Written by\" \/>\n\t<meta name=\"twitter:data1\" content=\"horacio\" \/>\n\t<meta name=\"twitter:label2\" content=\"Est. reading time\" \/>\n\t<meta name=\"twitter:data2\" content=\"2 minutes\" \/>\n<script type=\"application\/ld+json\" class=\"yoast-schema-graph\">{\"@context\":\"https:\\\/\\\/schema.org\",\"@graph\":[{\"@type\":\"Article\",\"@id\":\"https:\\\/\\\/jpevlogistics.com\\\/como-esta-el-paso-internacional-los-libertadores\\\/#article\",\"isPartOf\":{\"@id\":\"https:\\\/\\\/jpevlogistics.com\\\/como-esta-el-paso-internacional-los-libertadores\\\/\"},\"author\":{\"name\":\"horacio\",\"@id\":\"https:\\\/\\\/jpevlogistics.com\\\/#\\\/schema\\\/person\\\/5cb83ed90e4ad10651470058bc190e62\"},\"headline\":\"C\u00f3mo est\u00e1 el Paso Internacional Los Libertadores,\",\"datePublished\":\"2023-09-08T18:05:43+00:00\",\"dateModified\":\"2023-09-08T18:06:32+00:00\",\"mainEntityOfPage\":{\"@id\":\"https:\\\/\\\/jpevlogistics.com\\\/como-esta-el-paso-internacional-los-libertadores\\\/\"},\"wordCount\":219,\"commentCount\":0,\"publisher\":{\"@id\":\"https:\\\/\\\/jpevlogistics.com\\\/#organization\"},\"image\":{\"@id\":\"https:\\\/\\\/jpevlogistics.com\\\/como-esta-el-paso-internacional-los-libertadores\\\/#primaryimage\"},\"thumbnailUrl\":\"https:\\\/\\\/jpevlogistics.com\\\/wp-content\\\/uploads\\\/2023\\\/08\\\/CORDILLERA-1.webp\",\"articleSection\":[\"Sin categor\u00eda\"],\"inLanguage\":\"en-US\",\"potentialAction\":[{\"@type\":\"CommentAction\",\"name\":\"Comment\",\"target\":[\"https:\\\/\\\/jpevlogistics.com\\\/como-esta-el-paso-internacional-los-libertadores\\\/#respond\"]}]},{\"@type\":\"WebPage\",\"@id\":\"https:\\\/\\\/jpevlogistics.com\\\/como-esta-el-paso-internacional-los-libertadores\\\/\",\"url\":\"https:\\\/\\\/jpevlogistics.com\\\/como-esta-el-paso-internacional-los-libertadores\\\/\",\"name\":\"C\u00f3mo est\u00e1 el Paso Internacional Los Libertadores, - JPEV Logistics\",\"isPartOf\":{\"@id\":\"https:\\\/\\\/jpevlogistics.com\\\/#website\"},\"primaryImageOfPage\":{\"@id\":\"https:\\\/\\\/jpevlogistics.com\\\/como-esta-el-paso-internacional-los-libertadores\\\/#primaryimage\"},\"image\":{\"@id\":\"https:\\\/\\\/jpevlogistics.com\\\/como-esta-el-paso-internacional-los-libertadores\\\/#primaryimage\"},\"thumbnailUrl\":\"https:\\\/\\\/jpevlogistics.com\\\/wp-content\\\/uploads\\\/2023\\\/08\\\/CORDILLERA-1.webp\",\"datePublished\":\"2023-09-08T18:05:43+00:00\",\"dateModified\":\"2023-09-08T18:06:32+00:00\",\"breadcrumb\":{\"@id\":\"https:\\\/\\\/jpevlogistics.com\\\/como-esta-el-paso-internacional-los-libertadores\\\/#breadcrumb\"},\"inLanguage\":\"en-US\",\"potentialAction\":[{\"@type\":\"ReadAction\",\"target\":[\"https:\\\/\\\/jpevlogistics.com\\\/como-esta-el-paso-internacional-los-libertadores\\\/\"]}]},{\"@type\":\"ImageObject\",\"inLanguage\":\"en-US\",\"@id\":\"https:\\\/\\\/jpevlogistics.com\\\/como-esta-el-paso-internacional-los-libertadores\\\/#primaryimage\",\"url\":\"https:\\\/\\\/jpevlogistics.com\\\/wp-content\\\/uploads\\\/2023\\\/08\\\/CORDILLERA-1.webp\",\"contentUrl\":\"https:\\\/\\\/jpevlogistics.com\\\/wp-content\\\/uploads\\\/2023\\\/08\\\/CORDILLERA-1.webp\",\"width\":1440,\"height\":1080},{\"@type\":\"BreadcrumbList\",\"@id\":\"https:\\\/\\\/jpevlogistics.com\\\/como-esta-el-paso-internacional-los-libertadores\\\/#breadcrumb\",\"itemListElement\":[{\"@type\":\"ListItem\",\"position\":1,\"name\":\"Portada\",\"item\":\"https:\\\/\\\/jpevlogistics.com\\\/\"},{\"@type\":\"ListItem\",\"position\":2,\"name\":\"C\u00f3mo est\u00e1 el Paso Internacional Los Libertadores,\"}]},{\"@type\":\"WebSite\",\"@id\":\"https:\\\/\\\/jpevlogistics.com\\\/#website\",\"url\":\"https:\\\/\\\/jpevlogistics.com\\\/\",\"name\":\"JPEV Logistics\",\"description\":\"\",\"publisher\":{\"@id\":\"https:\\\/\\\/jpevlogistics.com\\\/#organization\"},\"potentialAction\":[{\"@type\":\"SearchAction\",\"target\":{\"@type\":\"EntryPoint\",\"urlTemplate\":\"https:\\\/\\\/jpevlogistics.com\\\/?s={search_term_string}\"},\"query-input\":{\"@type\":\"PropertyValueSpecification\",\"valueRequired\":true,\"valueName\":\"search_term_string\"}}],\"inLanguage\":\"en-US\"},{\"@type\":\"Organization\",\"@id\":\"https:\\\/\\\/jpevlogistics.com\\\/#organization\",\"name\":\"JPEV Logistics\",\"url\":\"https:\\\/\\\/jpevlogistics.com\\\/\",\"logo\":{\"@type\":\"ImageObject\",\"inLanguage\":\"en-US\",\"@id\":\"https:\\\/\\\/jpevlogistics.com\\\/#\\\/schema\\\/logo\\\/image\\\/\",\"url\":\"https:\\\/\\\/jpevlogistics.com\\\/wp-content\\\/uploads\\\/2020\\\/07\\\/logo.png\",\"contentUrl\":\"https:\\\/\\\/jpevlogistics.com\\\/wp-content\\\/uploads\\\/2020\\\/07\\\/logo.png\",\"width\":214,\"height\":81,\"caption\":\"JPEV Logistics\"},\"image\":{\"@id\":\"https:\\\/\\\/jpevlogistics.com\\\/#\\\/schema\\\/logo\\\/image\\\/\"},\"sameAs\":[\"https:\\\/\\\/www.instagram.com\\\/jpevlogistics\\\/\",\"https:\\\/\\\/www.linkedin.com\\\/company\\\/jpev-logistics\\\/\"]},{\"@type\":\"Person\",\"@id\":\"https:\\\/\\\/jpevlogistics.com\\\/#\\\/schema\\\/person\\\/5cb83ed90e4ad10651470058bc190e62\",\"name\":\"horacio\",\"image\":{\"@type\":\"ImageObject\",\"inLanguage\":\"en-US\",\"@id\":\"https:\\\/\\\/secure.gravatar.com\\\/avatar\\\/49ba85a39487c51406dba7224109c3b2296f15c3dd1931dd024e3f540b12ea7d?s=96&d=mm&r=g\",\"url\":\"https:\\\/\\\/secure.gravatar.com\\\/avatar\\\/49ba85a39487c51406dba7224109c3b2296f15c3dd1931dd024e3f540b12ea7d?s=96&d=mm&r=g\",\"contentUrl\":\"https:\\\/\\\/secure.gravatar.com\\\/avatar\\\/49ba85a39487c51406dba7224109c3b2296f15c3dd1931dd024e3f540b12ea7d?s=96&d=mm&r=g\",\"caption\":\"horacio\"},\"url\":\"https:\\\/\\\/jpevlogistics.com\\\/en\\\/author\\\/horacio\\\/\"}]}<\/script>\n<!-- \/ Yoast SEO plugin. -->","yoast_head_json":{"title":"C\u00f3mo est\u00e1 el Paso Internacional Los Libertadores, - JPEV Logistics","robots":{"index":"index","follow":"follow","max-snippet":"max-snippet:-1","max-image-preview":"max-image-preview:large","max-video-preview":"max-video-preview:-1"},"canonical":"https:\/\/jpevlogistics.com\/en\/como-esta-el-paso-internacional-los-libertadores\/","og_locale":"en_US","og_type":"article","og_title":"C\u00f3mo est\u00e1 el Paso Internacional Los Libertadores, - JPEV Logistics","og_description":"Desde la coordinaci\u00f3n binacional informaron el estado del Paso Internacional Los Libertadores, que es la principal ruta entre Los Andes y Mendoza. En una actualizaci\u00f3n emitida hoy por\u00a0Vialidad Nacional, se anunci\u00f3\u00a0que el\u00a0Paso Internacional Los Libertadores\u00a0se mantendr\u00e1 cerrado\u00a0para el transporte de cargas, \u00f3mnibus y veh\u00edculos particulares. La deshabilitaci\u00f3n se realiz\u00f3 luego de un an\u00e1lisis exhaustivo de [&hellip;]","og_url":"https:\/\/jpevlogistics.com\/en\/como-esta-el-paso-internacional-los-libertadores\/","og_site_name":"JPEV Logistics","article_published_time":"2023-09-08T18:05:43+00:00","article_modified_time":"2023-09-08T18:06:32+00:00","og_image":[{"width":1440,"height":1080,"url":"https:\/\/jpevlogistics.com\/wp-content\/uploads\/2023\/08\/CORDILLERA-1.webp","type":"image\/webp"}],"author":"horacio","twitter_card":"summary_large_image","twitter_misc":{"Written by":"horacio","Est. reading time":"2 minutes"},"schema":{"@context":"https:\/\/schema.org","@graph":[{"@type":"Article","@id":"https:\/\/jpevlogistics.com\/como-esta-el-paso-internacional-los-libertadores\/#article","isPartOf":{"@id":"https:\/\/jpevlogistics.com\/como-esta-el-paso-internacional-los-libertadores\/"},"author":{"name":"horacio","@id":"https:\/\/jpevlogistics.com\/#\/schema\/person\/5cb83ed90e4ad10651470058bc190e62"},"headline":"C\u00f3mo est\u00e1 el Paso Internacional Los Libertadores,","datePublished":"2023-09-08T18:05:43+00:00","dateModified":"2023-09-08T18:06:32+00:00","mainEntityOfPage":{"@id":"https:\/\/jpevlogistics.com\/como-esta-el-paso-internacional-los-libertadores\/"},"wordCount":219,"commentCount":0,"publisher":{"@id":"https:\/\/jpevlogistics.com\/#organization"},"image":{"@id":"https:\/\/jpevlogistics.com\/como-esta-el-paso-internacional-los-libertadores\/#primaryimage"},"thumbnailUrl":"https:\/\/jpevlogistics.com\/wp-content\/uploads\/2023\/08\/CORDILLERA-1.webp","articleSection":["Sin categor\u00eda"],"inLanguage":"en-US","potentialAction":[{"@type":"CommentAction","name":"Comment","target":["https:\/\/jpevlogistics.com\/como-esta-el-paso-internacional-los-libertadores\/#respond"]}]},{"@type":"WebPage","@id":"https:\/\/jpevlogistics.com\/como-esta-el-paso-internacional-los-libertadores\/","url":"https:\/\/jpevlogistics.com\/como-esta-el-paso-internacional-los-libertadores\/","name":"C\u00f3mo est\u00e1 el Paso Internacional Los Libertadores, - JPEV Logistics","isPartOf":{"@id":"https:\/\/jpevlogistics.com\/#website"},"primaryImageOfPage":{"@id":"https:\/\/jpevlogistics.com\/como-esta-el-paso-internacional-los-libertadores\/#primaryimage"},"image":{"@id":"https:\/\/jpevlogistics.com\/como-esta-el-paso-internacional-los-libertadores\/#primaryimage"},"thumbnailUrl":"https:\/\/jpevlogistics.com\/wp-content\/uploads\/2023\/08\/CORDILLERA-1.webp","datePublished":"2023-09-08T18:05:43+00:00","dateModified":"2023-09-08T18:06:32+00:00","breadcrumb":{"@id":"https:\/\/jpevlogistics.com\/como-esta-el-paso-internacional-los-libertadores\/#breadcrumb"},"inLanguage":"en-US","potentialAction":[{"@type":"ReadAction","target":["https:\/\/jpevlogistics.com\/como-esta-el-paso-internacional-los-libertadores\/"]}]},{"@type":"ImageObject","inLanguage":"en-US","@id":"https:\/\/jpevlogistics.com\/como-esta-el-paso-internacional-los-libertadores\/#primaryimage","url":"https:\/\/jpevlogistics.com\/wp-content\/uploads\/2023\/08\/CORDILLERA-1.webp","contentUrl":"https:\/\/jpevlogistics.com\/wp-content\/uploads\/2023\/08\/CORDILLERA-1.webp","width":1440,"height":1080},{"@type":"BreadcrumbList","@id":"https:\/\/jpevlogistics.com\/como-esta-el-paso-internacional-los-libertadores\/#breadcrumb","itemListElement":[{"@type":"ListItem","position":1,"name":"Portada","item":"https:\/\/jpevlogistics.com\/"},{"@type":"ListItem","position":2,"name":"C\u00f3mo est\u00e1 el Paso Internacional Los Libertadores,"}]},{"@type":"WebSite","@id":"https:\/\/jpevlogistics.com\/#website","url":"https:\/\/jpevlogistics.com\/","name":"JPEV Logistics","description":"","publisher":{"@id":"https:\/\/jpevlogistics.com\/#organization"},"potentialAction":[{"@type":"SearchAction","target":{"@type":"EntryPoint","urlTemplate":"https:\/\/jpevlogistics.com\/?s={search_term_string}"},"query-input":{"@type":"PropertyValueSpecification","valueRequired":true,"valueName":"search_term_string"}}],"inLanguage":"en-US"},{"@type":"Organization","@id":"https:\/\/jpevlogistics.com\/#organization","name":"JPEV Logistics","url":"https:\/\/jpevlogistics.com\/","logo":{"@type":"ImageObject","inLanguage":"en-US","@id":"https:\/\/jpevlogistics.com\/#\/schema\/logo\/image\/","url":"https:\/\/jpevlogistics.com\/wp-content\/uploads\/2020\/07\/logo.png","contentUrl":"https:\/\/jpevlogistics.com\/wp-content\/uploads\/2020\/07\/logo.png","width":214,"height":81,"caption":"JPEV Logistics"},"image":{"@id":"https:\/\/jpevlogistics.com\/#\/schema\/logo\/image\/"},"sameAs":["https:\/\/www.instagram.com\/jpevlogistics\/","https:\/\/www.linkedin.com\/company\/jpev-logistics\/"]},{"@type":"Person","@id":"https:\/\/jpevlogistics.com\/#\/schema\/person\/5cb83ed90e4ad10651470058bc190e62","name":"horacio","image":{"@type":"ImageObject","inLanguage":"en-US","@id":"https:\/\/secure.gravatar.com\/avatar\/49ba85a39487c51406dba7224109c3b2296f15c3dd1931dd024e3f540b12ea7d?s=96&d=mm&r=g","url":"https:\/\/secure.gravatar.com\/avatar\/49ba85a39487c51406dba7224109c3b2296f15c3dd1931dd024e3f540b12ea7d?s=96&d=mm&r=g","contentUrl":"https:\/\/secure.gravatar.com\/avatar\/49ba85a39487c51406dba7224109c3b2296f15c3dd1931dd024e3f540b12ea7d?s=96&d=mm&r=g","caption":"horacio"},"url":"https:\/\/jpevlogistics.com\/en\/author\/horacio\/"}]}},"_links":{"self":[{"href":"https:\/\/jpevlogistics.com\/en\/wp-json\/wp\/v2\/posts\/2638","targetHints":{"allow":["GET"]}}],"collection":[{"href":"https:\/\/jpevlogistics.com\/en\/wp-json\/wp\/v2\/posts"}],"about":[{"href":"https:\/\/jpevlogistics.com\/en\/wp-json\/wp\/v2\/types\/post"}],"author":[{"embeddable":true,"href":"https:\/\/jpevlogistics.com\/en\/wp-json\/wp\/v2\/users\/4"}],"replies":[{"embeddable":true,"href":"https:\/\/jpevlogistics.com\/en\/wp-json\/wp\/v2\/comments?post=2638"}],"version-history":[{"count":1,"href":"https:\/\/jpevlogistics.com\/en\/wp-json\/wp\/v2\/posts\/2638\/revisions"}],"predecessor-version":[{"id":2640,"href":"https:\/\/jpevlogistics.com\/en\/wp-json\/wp\/v2\/posts\/2638\/revisions\/2640"}],"wp:featuredmedia":[{"embeddable":true,"href":"https:\/\/jpevlogistics.com\/en\/wp-json\/wp\/v2\/media\/2630"}],"wp:attachment":[{"href":"https:\/\/jpevlogistics.com\/en\/wp-json\/wp\/v2\/media?parent=2638"}],"wp:term":[{"taxonomy":"category","embeddable":true,"href":"https:\/\/jpevlogistics.com\/en\/wp-json\/wp\/v2\/categories?post=2638"},{"taxonomy":"post_tag","embeddable":true,"href":"https:\/\/jpevlogistics.com\/en\/wp-json\/wp\/v2\/tags?post=2638"}],"curies":[{"name":"wp","href":"https:\/\/api.w.org\/{rel}","templated":true}]}}