{"id":2707,"date":"2023-11-13T17:01:41","date_gmt":"2023-11-13T17:01:41","guid":{"rendered":"https:\/\/jpevlogistics.com\/?p=2707"},"modified":"2023-11-13T17:02:32","modified_gmt":"2023-11-13T17:02:32","slug":"hapag-lloyd-anuncio-incrementos-generales-de-tarifas-desde-asia-a-latinoamericaestos-se-haran-efectivos-a-partir-del-1-de-diciembre","status":"publish","type":"post","link":"https:\/\/jpevlogistics.com\/en\/hapag-lloyd-anuncio-incrementos-generales-de-tarifas-desde-asia-a-latinoamericaestos-se-haran-efectivos-a-partir-del-1-de-diciembre\/","title":{"rendered":"Hapag-Lloyd anunci\u00f3 incrementos generales de tarifas desde Asia a Latinoam\u00e9ricaEstos se har\u00e1n efectivos a partir del 1 de diciembre"},"content":{"rendered":"<figure class=\"wp-block-image size-full\"><img fetchpriority=\"high\" decoding=\"async\" width=\"798\" height=\"599\" src=\"https:\/\/jpevlogistics.com\/wp-content\/uploads\/2023\/11\/hapag-Lloyds-Chile-.jpeg\" alt=\"\" class=\"wp-image-2708\" srcset=\"https:\/\/jpevlogistics.com\/wp-content\/uploads\/2023\/11\/hapag-Lloyds-Chile-.jpeg 798w, https:\/\/jpevlogistics.com\/wp-content\/uploads\/2023\/11\/hapag-Lloyds-Chile--300x225.jpeg 300w, https:\/\/jpevlogistics.com\/wp-content\/uploads\/2023\/11\/hapag-Lloyds-Chile--768x576.jpeg 768w, https:\/\/jpevlogistics.com\/wp-content\/uploads\/2023\/11\/hapag-Lloyds-Chile--16x12.jpeg 16w\" sizes=\"(max-width: 798px) 100vw, 798px\" \/><\/figure>\n\n\n\n<p><p style=\"white-space: normal; padding: 0px; margin-right: 0px; margin-bottom: 18px; margin-left: 0px; font-size: 1.1em; text-align: justify; caret-color: rgb(3, 29, 66); color: rgb(3, 29, 66); font-family: &quot;Open Sans&quot;, sans-serif;\"><span style=\"padding: 0px; margin: 0px;\">Hapag-Lloyd anunci\u00f3 un Incremento General de Tarifas (GRI) desde Asia (excluyendo Jap\u00f3n) hacia la Costa Oeste de Sudam\u00e9rica (WCSA), Centroam\u00e9rica y Caribe, para carga transportada en contenedores\u00a0<\/span><em style=\"padding: 0px; margin: 0px;\">Dry<\/em><span style=\"padding: 0px; margin: 0px;\">\u00a0de 1 TEU y 1 FEU, incluyendo equipos High Cube y contenedores reefer de 1 FEU no operativos. El GRI ser\u00e1 aplicable a todos los contenedores a partir del 1 de diciembre de 2023, y se mantendr\u00e1 vigente hasta nuevo aviso.Los detalles de este aumento son los siguientes:<\/span><\/p><ul style=\"white-space: normal; padding: 0px 0px 0px 20px; margin: 0px 0px 18px; caret-color: rgb(3, 29, 66); color: rgb(3, 29, 66); font-family: &quot;Open Sans&quot;, sans-serif; font-size: 13px; text-align: justify;\"><li aria-level=\"1\" style=\"padding: 0px; margin: 0px;\"><span style=\"padding: 0px; margin: 0px;\">Contenedor dry 1 TEU: US$500Contenedor dry\u00a0 <\/span><\/li><\/ul><\/p>\n\n\n\n<p><ul style=\"white-space: normal; padding: 0px 0px 0px 20px; margin: 0px 0px 18px; caret-color: rgb(3, 29, 66); color: rgb(3, 29, 66); font-family: &quot;Open Sans&quot;, sans-serif; font-size: 13px; text-align: justify;\"><li aria-level=\"1\" style=\"padding: 0px; margin: 0px;\"><span style=\"padding: 0px; margin: 0px;\">1 FEU: US$1.000Contenedor High Cube de 40&#8242;: US$1.000<\/span><\/li><\/ul><\/p>\n\n\n\n<p><ul style=\"white-space: normal; padding: 0px 0px 0px 20px; margin: 0px 0px 18px; caret-color: rgb(3, 29, 66); color: rgb(3, 29, 66); font-family: &quot;Open Sans&quot;, sans-serif; font-size: 13px; text-align: justify;\"><li aria-level=\"1\" style=\"padding: 0px; margin: 0px;\"><span style=\"padding: 0px; margin: 0px;\">Contenedor reefer de 40\u2019 no operativo: US$1.000<\/span><\/li><\/ul><p style=\"white-space: normal; padding: 0px; margin: 0px 0px 18px; font-size: 1.1em; text-align: justify; caret-color: rgb(3, 29, 66); color: rgb(3, 29, 66); font-family: &quot;Open Sans&quot;, sans-serif;\"><span style=\"padding: 0px; margin: 0px;\">El alcance geogr\u00e1fico de estos incrementos corresponde a:\u00a0<\/span><\/p><ul style=\"white-space: normal; padding: 0px 0px 0px 20px; margin: 0px 0px 18px; caret-color: rgb(3, 29, 66); color: rgb(3, 29, 66); font-family: &quot;Open Sans&quot;, sans-serif; font-size: 13px; text-align: justify;\"><li aria-level=\"1\" style=\"padding: 0px; margin: 0px;\"><span style=\"padding: 0px; margin: 0px;\">Desde Asia (excluido Jap\u00f3n): China, Macao, Corea del Sur, Tailandia, Singapur, Vietnam, Camboya, Filipinas, Indonesia, Myanmar, Malasia, Laos, Brun\u00e9i.A la WCSA, M\u00e9xico, Centroam\u00e9rica y Caribe: M\u00e9xico, Ecuador, Colombia, Per\u00fa, Chile, El Salvador, Nicaragua, Costa Rica, Rep\u00fablica Dominicana, Puerto Rico, Jamaica, Honduras, Guatemala, Panam\u00e1 y Venezuela<\/span><\/li><\/ul><\/p>\n\n\n\n<p><a href=\"https:\/\/www.mundomaritimo.cl\/noticias\/friend\/48941\"><\/a><\/p>","protected":false},"excerpt":{"rendered":"<p>Hapag-Lloyd anunci\u00f3 un Incremento General de Tarifas (GRI) desde Asia (excluyendo Jap\u00f3n) hacia la Costa Oeste de Sudam\u00e9rica (WCSA), Centroam\u00e9rica y Caribe, para carga transportada en contenedores\u00a0Dry\u00a0de 1 TEU y 1 FEU, incluyendo equipos High Cube y contenedores reefer de 1 FEU no operativos. El GRI ser\u00e1 aplicable a todos los contenedores a partir del [&hellip;]<\/p>\n","protected":false},"author":4,"featured_media":2708,"comment_status":"open","ping_status":"open","sticky":false,"template":"","format":"standard","meta":{"footnotes":""},"categories":[1],"tags":[],"class_list":["post-2707","post","type-post","status-publish","format-standard","has-post-thumbnail","hentry","category-sin-categoria"],"yoast_head":"<!-- This site is optimized with the Yoast SEO plugin v27.4 - https:\/\/yoast.com\/product\/yoast-seo-wordpress\/ -->\n<title>Hapag-Lloyd anunci\u00f3 incrementos generales de tarifas desde Asia a Latinoam\u00e9ricaEstos se har\u00e1n efectivos a partir del 1 de diciembre - JPEV Logistics<\/title>\n<meta name=\"robots\" content=\"index, follow, max-snippet:-1, max-image-preview:large, max-video-preview:-1\" \/>\n<link rel=\"canonical\" href=\"https:\/\/jpevlogistics.com\/en\/hapag-lloyd-anuncio-incrementos-generales-de-tarifas-desde-asia-a-latinoamericaestos-se-haran-efectivos-a-partir-del-1-de-diciembre\/\" \/>\n<meta property=\"og:locale\" content=\"en_US\" \/>\n<meta property=\"og:type\" content=\"article\" \/>\n<meta property=\"og:title\" content=\"Hapag-Lloyd anunci\u00f3 incrementos generales de tarifas desde Asia a Latinoam\u00e9ricaEstos se har\u00e1n efectivos a partir del 1 de diciembre - JPEV Logistics\" \/>\n<meta property=\"og:description\" content=\"Hapag-Lloyd anunci\u00f3 un Incremento General de Tarifas (GRI) desde Asia (excluyendo Jap\u00f3n) hacia la Costa Oeste de Sudam\u00e9rica (WCSA), Centroam\u00e9rica y Caribe, para carga transportada en contenedores\u00a0Dry\u00a0de 1 TEU y 1 FEU, incluyendo equipos High Cube y contenedores reefer de 1 FEU no operativos. El GRI ser\u00e1 aplicable a todos los contenedores a partir del [&hellip;]\" \/>\n<meta property=\"og:url\" content=\"https:\/\/jpevlogistics.com\/en\/hapag-lloyd-anuncio-incrementos-generales-de-tarifas-desde-asia-a-latinoamericaestos-se-haran-efectivos-a-partir-del-1-de-diciembre\/\" \/>\n<meta property=\"og:site_name\" content=\"JPEV Logistics\" \/>\n<meta property=\"article:published_time\" content=\"2023-11-13T17:01:41+00:00\" \/>\n<meta property=\"article:modified_time\" content=\"2023-11-13T17:02:32+00:00\" \/>\n<meta property=\"og:image\" content=\"https:\/\/jpevlogistics.com\/wp-content\/uploads\/2023\/11\/hapag-Lloyds-Chile-.jpeg\" \/>\n\t<meta property=\"og:image:width\" content=\"798\" \/>\n\t<meta property=\"og:image:height\" content=\"599\" \/>\n\t<meta property=\"og:image:type\" content=\"image\/jpeg\" \/>\n<meta name=\"author\" content=\"horacio\" \/>\n<meta name=\"twitter:card\" content=\"summary_large_image\" \/>\n<meta name=\"twitter:label1\" content=\"Written by\" \/>\n\t<meta name=\"twitter:data1\" content=\"horacio\" \/>\n\t<meta name=\"twitter:label2\" content=\"Est. reading time\" \/>\n\t<meta name=\"twitter:data2\" content=\"1 minute\" \/>\n<script type=\"application\/ld+json\" class=\"yoast-schema-graph\">{\"@context\":\"https:\\\/\\\/schema.org\",\"@graph\":[{\"@type\":\"Article\",\"@id\":\"https:\\\/\\\/jpevlogistics.com\\\/hapag-lloyd-anuncio-incrementos-generales-de-tarifas-desde-asia-a-latinoamericaestos-se-haran-efectivos-a-partir-del-1-de-diciembre\\\/#article\",\"isPartOf\":{\"@id\":\"https:\\\/\\\/jpevlogistics.com\\\/hapag-lloyd-anuncio-incrementos-generales-de-tarifas-desde-asia-a-latinoamericaestos-se-haran-efectivos-a-partir-del-1-de-diciembre\\\/\"},\"author\":{\"name\":\"horacio\",\"@id\":\"https:\\\/\\\/jpevlogistics.com\\\/#\\\/schema\\\/person\\\/5cb83ed90e4ad10651470058bc190e62\"},\"headline\":\"Hapag-Lloyd anunci\u00f3 incrementos generales de tarifas desde Asia a Latinoam\u00e9ricaEstos se har\u00e1n efectivos a partir del 1 de diciembre\",\"datePublished\":\"2023-11-13T17:01:41+00:00\",\"dateModified\":\"2023-11-13T17:02:32+00:00\",\"mainEntityOfPage\":{\"@id\":\"https:\\\/\\\/jpevlogistics.com\\\/hapag-lloyd-anuncio-incrementos-generales-de-tarifas-desde-asia-a-latinoamericaestos-se-haran-efectivos-a-partir-del-1-de-diciembre\\\/\"},\"wordCount\":175,\"commentCount\":0,\"publisher\":{\"@id\":\"https:\\\/\\\/jpevlogistics.com\\\/#organization\"},\"image\":{\"@id\":\"https:\\\/\\\/jpevlogistics.com\\\/hapag-lloyd-anuncio-incrementos-generales-de-tarifas-desde-asia-a-latinoamericaestos-se-haran-efectivos-a-partir-del-1-de-diciembre\\\/#primaryimage\"},\"thumbnailUrl\":\"https:\\\/\\\/jpevlogistics.com\\\/wp-content\\\/uploads\\\/2023\\\/11\\\/hapag-Lloyds-Chile-.jpeg\",\"articleSection\":[\"Sin categor\u00eda\"],\"inLanguage\":\"en-US\",\"potentialAction\":[{\"@type\":\"CommentAction\",\"name\":\"Comment\",\"target\":[\"https:\\\/\\\/jpevlogistics.com\\\/hapag-lloyd-anuncio-incrementos-generales-de-tarifas-desde-asia-a-latinoamericaestos-se-haran-efectivos-a-partir-del-1-de-diciembre\\\/#respond\"]}]},{\"@type\":\"WebPage\",\"@id\":\"https:\\\/\\\/jpevlogistics.com\\\/hapag-lloyd-anuncio-incrementos-generales-de-tarifas-desde-asia-a-latinoamericaestos-se-haran-efectivos-a-partir-del-1-de-diciembre\\\/\",\"url\":\"https:\\\/\\\/jpevlogistics.com\\\/hapag-lloyd-anuncio-incrementos-generales-de-tarifas-desde-asia-a-latinoamericaestos-se-haran-efectivos-a-partir-del-1-de-diciembre\\\/\",\"name\":\"Hapag-Lloyd anunci\u00f3 incrementos generales de tarifas desde Asia a Latinoam\u00e9ricaEstos se har\u00e1n efectivos a partir del 1 de diciembre - JPEV Logistics\",\"isPartOf\":{\"@id\":\"https:\\\/\\\/jpevlogistics.com\\\/#website\"},\"primaryImageOfPage\":{\"@id\":\"https:\\\/\\\/jpevlogistics.com\\\/hapag-lloyd-anuncio-incrementos-generales-de-tarifas-desde-asia-a-latinoamericaestos-se-haran-efectivos-a-partir-del-1-de-diciembre\\\/#primaryimage\"},\"image\":{\"@id\":\"https:\\\/\\\/jpevlogistics.com\\\/hapag-lloyd-anuncio-incrementos-generales-de-tarifas-desde-asia-a-latinoamericaestos-se-haran-efectivos-a-partir-del-1-de-diciembre\\\/#primaryimage\"},\"thumbnailUrl\":\"https:\\\/\\\/jpevlogistics.com\\\/wp-content\\\/uploads\\\/2023\\\/11\\\/hapag-Lloyds-Chile-.jpeg\",\"datePublished\":\"2023-11-13T17:01:41+00:00\",\"dateModified\":\"2023-11-13T17:02:32+00:00\",\"breadcrumb\":{\"@id\":\"https:\\\/\\\/jpevlogistics.com\\\/hapag-lloyd-anuncio-incrementos-generales-de-tarifas-desde-asia-a-latinoamericaestos-se-haran-efectivos-a-partir-del-1-de-diciembre\\\/#breadcrumb\"},\"inLanguage\":\"en-US\",\"potentialAction\":[{\"@type\":\"ReadAction\",\"target\":[\"https:\\\/\\\/jpevlogistics.com\\\/hapag-lloyd-anuncio-incrementos-generales-de-tarifas-desde-asia-a-latinoamericaestos-se-haran-efectivos-a-partir-del-1-de-diciembre\\\/\"]}]},{\"@type\":\"ImageObject\",\"inLanguage\":\"en-US\",\"@id\":\"https:\\\/\\\/jpevlogistics.com\\\/hapag-lloyd-anuncio-incrementos-generales-de-tarifas-desde-asia-a-latinoamericaestos-se-haran-efectivos-a-partir-del-1-de-diciembre\\\/#primaryimage\",\"url\":\"https:\\\/\\\/jpevlogistics.com\\\/wp-content\\\/uploads\\\/2023\\\/11\\\/hapag-Lloyds-Chile-.jpeg\",\"contentUrl\":\"https:\\\/\\\/jpevlogistics.com\\\/wp-content\\\/uploads\\\/2023\\\/11\\\/hapag-Lloyds-Chile-.jpeg\",\"width\":798,\"height\":599},{\"@type\":\"BreadcrumbList\",\"@id\":\"https:\\\/\\\/jpevlogistics.com\\\/hapag-lloyd-anuncio-incrementos-generales-de-tarifas-desde-asia-a-latinoamericaestos-se-haran-efectivos-a-partir-del-1-de-diciembre\\\/#breadcrumb\",\"itemListElement\":[{\"@type\":\"ListItem\",\"position\":1,\"name\":\"Portada\",\"item\":\"https:\\\/\\\/jpevlogistics.com\\\/\"},{\"@type\":\"ListItem\",\"position\":2,\"name\":\"Hapag-Lloyd anunci\u00f3 incrementos generales de tarifas desde Asia a Latinoam\u00e9ricaEstos se har\u00e1n efectivos a partir del 1 de diciembre\"}]},{\"@type\":\"WebSite\",\"@id\":\"https:\\\/\\\/jpevlogistics.com\\\/#website\",\"url\":\"https:\\\/\\\/jpevlogistics.com\\\/\",\"name\":\"JPEV Logistics\",\"description\":\"\",\"publisher\":{\"@id\":\"https:\\\/\\\/jpevlogistics.com\\\/#organization\"},\"potentialAction\":[{\"@type\":\"SearchAction\",\"target\":{\"@type\":\"EntryPoint\",\"urlTemplate\":\"https:\\\/\\\/jpevlogistics.com\\\/?s={search_term_string}\"},\"query-input\":{\"@type\":\"PropertyValueSpecification\",\"valueRequired\":true,\"valueName\":\"search_term_string\"}}],\"inLanguage\":\"en-US\"},{\"@type\":\"Organization\",\"@id\":\"https:\\\/\\\/jpevlogistics.com\\\/#organization\",\"name\":\"JPEV Logistics\",\"url\":\"https:\\\/\\\/jpevlogistics.com\\\/\",\"logo\":{\"@type\":\"ImageObject\",\"inLanguage\":\"en-US\",\"@id\":\"https:\\\/\\\/jpevlogistics.com\\\/#\\\/schema\\\/logo\\\/image\\\/\",\"url\":\"https:\\\/\\\/jpevlogistics.com\\\/wp-content\\\/uploads\\\/2020\\\/07\\\/logo.png\",\"contentUrl\":\"https:\\\/\\\/jpevlogistics.com\\\/wp-content\\\/uploads\\\/2020\\\/07\\\/logo.png\",\"width\":214,\"height\":81,\"caption\":\"JPEV Logistics\"},\"image\":{\"@id\":\"https:\\\/\\\/jpevlogistics.com\\\/#\\\/schema\\\/logo\\\/image\\\/\"},\"sameAs\":[\"https:\\\/\\\/www.instagram.com\\\/jpevlogistics\\\/\",\"https:\\\/\\\/www.linkedin.com\\\/company\\\/jpev-logistics\\\/\"]},{\"@type\":\"Person\",\"@id\":\"https:\\\/\\\/jpevlogistics.com\\\/#\\\/schema\\\/person\\\/5cb83ed90e4ad10651470058bc190e62\",\"name\":\"horacio\",\"image\":{\"@type\":\"ImageObject\",\"inLanguage\":\"en-US\",\"@id\":\"https:\\\/\\\/secure.gravatar.com\\\/avatar\\\/49ba85a39487c51406dba7224109c3b2296f15c3dd1931dd024e3f540b12ea7d?s=96&d=mm&r=g\",\"url\":\"https:\\\/\\\/secure.gravatar.com\\\/avatar\\\/49ba85a39487c51406dba7224109c3b2296f15c3dd1931dd024e3f540b12ea7d?s=96&d=mm&r=g\",\"contentUrl\":\"https:\\\/\\\/secure.gravatar.com\\\/avatar\\\/49ba85a39487c51406dba7224109c3b2296f15c3dd1931dd024e3f540b12ea7d?s=96&d=mm&r=g\",\"caption\":\"horacio\"},\"url\":\"https:\\\/\\\/jpevlogistics.com\\\/en\\\/author\\\/horacio\\\/\"}]}<\/script>\n<!-- \/ Yoast SEO plugin. -->","yoast_head_json":{"title":"Hapag-Lloyd anunci\u00f3 incrementos generales de tarifas desde Asia a Latinoam\u00e9ricaEstos se har\u00e1n efectivos a partir del 1 de diciembre - JPEV Logistics","robots":{"index":"index","follow":"follow","max-snippet":"max-snippet:-1","max-image-preview":"max-image-preview:large","max-video-preview":"max-video-preview:-1"},"canonical":"https:\/\/jpevlogistics.com\/en\/hapag-lloyd-anuncio-incrementos-generales-de-tarifas-desde-asia-a-latinoamericaestos-se-haran-efectivos-a-partir-del-1-de-diciembre\/","og_locale":"en_US","og_type":"article","og_title":"Hapag-Lloyd anunci\u00f3 incrementos generales de tarifas desde Asia a Latinoam\u00e9ricaEstos se har\u00e1n efectivos a partir del 1 de diciembre - JPEV Logistics","og_description":"Hapag-Lloyd anunci\u00f3 un Incremento General de Tarifas (GRI) desde Asia (excluyendo Jap\u00f3n) hacia la Costa Oeste de Sudam\u00e9rica (WCSA), Centroam\u00e9rica y Caribe, para carga transportada en contenedores\u00a0Dry\u00a0de 1 TEU y 1 FEU, incluyendo equipos High Cube y contenedores reefer de 1 FEU no operativos. El GRI ser\u00e1 aplicable a todos los contenedores a partir del [&hellip;]","og_url":"https:\/\/jpevlogistics.com\/en\/hapag-lloyd-anuncio-incrementos-generales-de-tarifas-desde-asia-a-latinoamericaestos-se-haran-efectivos-a-partir-del-1-de-diciembre\/","og_site_name":"JPEV Logistics","article_published_time":"2023-11-13T17:01:41+00:00","article_modified_time":"2023-11-13T17:02:32+00:00","og_image":[{"width":798,"height":599,"url":"https:\/\/jpevlogistics.com\/wp-content\/uploads\/2023\/11\/hapag-Lloyds-Chile-.jpeg","type":"image\/jpeg"}],"author":"horacio","twitter_card":"summary_large_image","twitter_misc":{"Written by":"horacio","Est. reading time":"1 minute"},"schema":{"@context":"https:\/\/schema.org","@graph":[{"@type":"Article","@id":"https:\/\/jpevlogistics.com\/hapag-lloyd-anuncio-incrementos-generales-de-tarifas-desde-asia-a-latinoamericaestos-se-haran-efectivos-a-partir-del-1-de-diciembre\/#article","isPartOf":{"@id":"https:\/\/jpevlogistics.com\/hapag-lloyd-anuncio-incrementos-generales-de-tarifas-desde-asia-a-latinoamericaestos-se-haran-efectivos-a-partir-del-1-de-diciembre\/"},"author":{"name":"horacio","@id":"https:\/\/jpevlogistics.com\/#\/schema\/person\/5cb83ed90e4ad10651470058bc190e62"},"headline":"Hapag-Lloyd anunci\u00f3 incrementos generales de tarifas desde Asia a Latinoam\u00e9ricaEstos se har\u00e1n efectivos a partir del 1 de diciembre","datePublished":"2023-11-13T17:01:41+00:00","dateModified":"2023-11-13T17:02:32+00:00","mainEntityOfPage":{"@id":"https:\/\/jpevlogistics.com\/hapag-lloyd-anuncio-incrementos-generales-de-tarifas-desde-asia-a-latinoamericaestos-se-haran-efectivos-a-partir-del-1-de-diciembre\/"},"wordCount":175,"commentCount":0,"publisher":{"@id":"https:\/\/jpevlogistics.com\/#organization"},"image":{"@id":"https:\/\/jpevlogistics.com\/hapag-lloyd-anuncio-incrementos-generales-de-tarifas-desde-asia-a-latinoamericaestos-se-haran-efectivos-a-partir-del-1-de-diciembre\/#primaryimage"},"thumbnailUrl":"https:\/\/jpevlogistics.com\/wp-content\/uploads\/2023\/11\/hapag-Lloyds-Chile-.jpeg","articleSection":["Sin categor\u00eda"],"inLanguage":"en-US","potentialAction":[{"@type":"CommentAction","name":"Comment","target":["https:\/\/jpevlogistics.com\/hapag-lloyd-anuncio-incrementos-generales-de-tarifas-desde-asia-a-latinoamericaestos-se-haran-efectivos-a-partir-del-1-de-diciembre\/#respond"]}]},{"@type":"WebPage","@id":"https:\/\/jpevlogistics.com\/hapag-lloyd-anuncio-incrementos-generales-de-tarifas-desde-asia-a-latinoamericaestos-se-haran-efectivos-a-partir-del-1-de-diciembre\/","url":"https:\/\/jpevlogistics.com\/hapag-lloyd-anuncio-incrementos-generales-de-tarifas-desde-asia-a-latinoamericaestos-se-haran-efectivos-a-partir-del-1-de-diciembre\/","name":"Hapag-Lloyd anunci\u00f3 incrementos generales de tarifas desde Asia a Latinoam\u00e9ricaEstos se har\u00e1n efectivos a partir del 1 de diciembre - JPEV Logistics","isPartOf":{"@id":"https:\/\/jpevlogistics.com\/#website"},"primaryImageOfPage":{"@id":"https:\/\/jpevlogistics.com\/hapag-lloyd-anuncio-incrementos-generales-de-tarifas-desde-asia-a-latinoamericaestos-se-haran-efectivos-a-partir-del-1-de-diciembre\/#primaryimage"},"image":{"@id":"https:\/\/jpevlogistics.com\/hapag-lloyd-anuncio-incrementos-generales-de-tarifas-desde-asia-a-latinoamericaestos-se-haran-efectivos-a-partir-del-1-de-diciembre\/#primaryimage"},"thumbnailUrl":"https:\/\/jpevlogistics.com\/wp-content\/uploads\/2023\/11\/hapag-Lloyds-Chile-.jpeg","datePublished":"2023-11-13T17:01:41+00:00","dateModified":"2023-11-13T17:02:32+00:00","breadcrumb":{"@id":"https:\/\/jpevlogistics.com\/hapag-lloyd-anuncio-incrementos-generales-de-tarifas-desde-asia-a-latinoamericaestos-se-haran-efectivos-a-partir-del-1-de-diciembre\/#breadcrumb"},"inLanguage":"en-US","potentialAction":[{"@type":"ReadAction","target":["https:\/\/jpevlogistics.com\/hapag-lloyd-anuncio-incrementos-generales-de-tarifas-desde-asia-a-latinoamericaestos-se-haran-efectivos-a-partir-del-1-de-diciembre\/"]}]},{"@type":"ImageObject","inLanguage":"en-US","@id":"https:\/\/jpevlogistics.com\/hapag-lloyd-anuncio-incrementos-generales-de-tarifas-desde-asia-a-latinoamericaestos-se-haran-efectivos-a-partir-del-1-de-diciembre\/#primaryimage","url":"https:\/\/jpevlogistics.com\/wp-content\/uploads\/2023\/11\/hapag-Lloyds-Chile-.jpeg","contentUrl":"https:\/\/jpevlogistics.com\/wp-content\/uploads\/2023\/11\/hapag-Lloyds-Chile-.jpeg","width":798,"height":599},{"@type":"BreadcrumbList","@id":"https:\/\/jpevlogistics.com\/hapag-lloyd-anuncio-incrementos-generales-de-tarifas-desde-asia-a-latinoamericaestos-se-haran-efectivos-a-partir-del-1-de-diciembre\/#breadcrumb","itemListElement":[{"@type":"ListItem","position":1,"name":"Portada","item":"https:\/\/jpevlogistics.com\/"},{"@type":"ListItem","position":2,"name":"Hapag-Lloyd anunci\u00f3 incrementos generales de tarifas desde Asia a Latinoam\u00e9ricaEstos se har\u00e1n efectivos a partir del 1 de diciembre"}]},{"@type":"WebSite","@id":"https:\/\/jpevlogistics.com\/#website","url":"https:\/\/jpevlogistics.com\/","name":"JPEV Logistics","description":"","publisher":{"@id":"https:\/\/jpevlogistics.com\/#organization"},"potentialAction":[{"@type":"SearchAction","target":{"@type":"EntryPoint","urlTemplate":"https:\/\/jpevlogistics.com\/?s={search_term_string}"},"query-input":{"@type":"PropertyValueSpecification","valueRequired":true,"valueName":"search_term_string"}}],"inLanguage":"en-US"},{"@type":"Organization","@id":"https:\/\/jpevlogistics.com\/#organization","name":"JPEV Logistics","url":"https:\/\/jpevlogistics.com\/","logo":{"@type":"ImageObject","inLanguage":"en-US","@id":"https:\/\/jpevlogistics.com\/#\/schema\/logo\/image\/","url":"https:\/\/jpevlogistics.com\/wp-content\/uploads\/2020\/07\/logo.png","contentUrl":"https:\/\/jpevlogistics.com\/wp-content\/uploads\/2020\/07\/logo.png","width":214,"height":81,"caption":"JPEV Logistics"},"image":{"@id":"https:\/\/jpevlogistics.com\/#\/schema\/logo\/image\/"},"sameAs":["https:\/\/www.instagram.com\/jpevlogistics\/","https:\/\/www.linkedin.com\/company\/jpev-logistics\/"]},{"@type":"Person","@id":"https:\/\/jpevlogistics.com\/#\/schema\/person\/5cb83ed90e4ad10651470058bc190e62","name":"horacio","image":{"@type":"ImageObject","inLanguage":"en-US","@id":"https:\/\/secure.gravatar.com\/avatar\/49ba85a39487c51406dba7224109c3b2296f15c3dd1931dd024e3f540b12ea7d?s=96&d=mm&r=g","url":"https:\/\/secure.gravatar.com\/avatar\/49ba85a39487c51406dba7224109c3b2296f15c3dd1931dd024e3f540b12ea7d?s=96&d=mm&r=g","contentUrl":"https:\/\/secure.gravatar.com\/avatar\/49ba85a39487c51406dba7224109c3b2296f15c3dd1931dd024e3f540b12ea7d?s=96&d=mm&r=g","caption":"horacio"},"url":"https:\/\/jpevlogistics.com\/en\/author\/horacio\/"}]}},"_links":{"self":[{"href":"https:\/\/jpevlogistics.com\/en\/wp-json\/wp\/v2\/posts\/2707","targetHints":{"allow":["GET"]}}],"collection":[{"href":"https:\/\/jpevlogistics.com\/en\/wp-json\/wp\/v2\/posts"}],"about":[{"href":"https:\/\/jpevlogistics.com\/en\/wp-json\/wp\/v2\/types\/post"}],"author":[{"embeddable":true,"href":"https:\/\/jpevlogistics.com\/en\/wp-json\/wp\/v2\/users\/4"}],"replies":[{"embeddable":true,"href":"https:\/\/jpevlogistics.com\/en\/wp-json\/wp\/v2\/comments?post=2707"}],"version-history":[{"count":1,"href":"https:\/\/jpevlogistics.com\/en\/wp-json\/wp\/v2\/posts\/2707\/revisions"}],"predecessor-version":[{"id":2709,"href":"https:\/\/jpevlogistics.com\/en\/wp-json\/wp\/v2\/posts\/2707\/revisions\/2709"}],"wp:featuredmedia":[{"embeddable":true,"href":"https:\/\/jpevlogistics.com\/en\/wp-json\/wp\/v2\/media\/2708"}],"wp:attachment":[{"href":"https:\/\/jpevlogistics.com\/en\/wp-json\/wp\/v2\/media?parent=2707"}],"wp:term":[{"taxonomy":"category","embeddable":true,"href":"https:\/\/jpevlogistics.com\/en\/wp-json\/wp\/v2\/categories?post=2707"},{"taxonomy":"post_tag","embeddable":true,"href":"https:\/\/jpevlogistics.com\/en\/wp-json\/wp\/v2\/tags?post=2707"}],"curies":[{"name":"wp","href":"https:\/\/api.w.org\/{rel}","templated":true}]}}