{"id":2714,"date":"2023-12-06T18:29:58","date_gmt":"2023-12-06T18:29:58","guid":{"rendered":"https:\/\/jpevlogistics.com\/?p=2714"},"modified":"2023-12-06T18:30:12","modified_gmt":"2023-12-06T18:30:12","slug":"sequia-del-canal-de-panama-afecta-exportaciones-de-granos-estadounidenses-y-a-la-fruta-fresca-de-chile-y-peru","status":"publish","type":"post","link":"https:\/\/jpevlogistics.com\/en\/sequia-del-canal-de-panama-afecta-exportaciones-de-granos-estadounidenses-y-a-la-fruta-fresca-de-chile-y-peru\/","title":{"rendered":"Sequ\u00eda del Canal de Panam\u00e1 afecta exportaciones de granos estadounidenses y a la fruta fresca de Chile y Per\u00fa"},"content":{"rendered":"<figure class=\"wp-block-gallery has-nested-images columns-default is-cropped wp-block-gallery-1 is-layout-flex wp-block-gallery-is-layout-flex\">\n<figure class=\"wp-block-image size-large\"><img fetchpriority=\"high\" decoding=\"async\" width=\"798\" height=\"598\" data-id=\"2715\" src=\"https:\/\/jpevlogistics.com\/wp-content\/uploads\/2023\/12\/Barco-sequia.jpeg\" alt=\"\" class=\"wp-image-2715\" srcset=\"https:\/\/jpevlogistics.com\/wp-content\/uploads\/2023\/12\/Barco-sequia.jpeg 798w, https:\/\/jpevlogistics.com\/wp-content\/uploads\/2023\/12\/Barco-sequia-300x225.jpeg 300w, https:\/\/jpevlogistics.com\/wp-content\/uploads\/2023\/12\/Barco-sequia-768x576.jpeg 768w, https:\/\/jpevlogistics.com\/wp-content\/uploads\/2023\/12\/Barco-sequia-16x12.jpeg 16w\" sizes=\"(max-width: 798px) 100vw, 798px\" \/><\/figure>\n<\/figure>\n\n\n\n<p>La sequ\u00eda que afecta el Canal de Panam\u00e1,ha obligado a los buques a hacer filas durante d\u00edas o semanas, ya que el bajo nivel del agua limita el n\u00famero de tr\u00e1nsitos por la v\u00eda navegable. En tanto, los expedidores se enfrentan a costos m\u00e1s elevados, ya sea por el aumento de la duraci\u00f3n de los&nbsp; itinerarios o por el incremento de las tarifas del Canal. Actualmente, se<strong>&nbsp;<\/strong>pueden pagar millones de d\u00f3lares para evitar la fila, si una nave con reserva se retira. Otra alternativa es navegar alrededor de los extremos meridionales de \u00c1frica y Sudam\u00e9rica, o a trav\u00e9s del concurrido Canal de Suez, informa&nbsp;<em>Bloomberg<\/em>.<\/p>\n\n\n\n<p><strong>Granos, los m\u00e1s afectados<\/strong><\/p>\n\n\n\n<p>EE.UU. es uno de los principales exportadores de cereales -soja, ma\u00edz, trigo- a Asia, gran parte de los cuales suelen salir de la costa estadounidense del Golfo de M\u00e9xico y pasar por Panam\u00e1. Pero el bajo nivel de las aguas del r\u00edo Mississippi ya ha llevado a algunos productores agr\u00edcolas estadounidenses a embarcar su grano en trenes con destino al noroeste del Pac\u00edfico y enviarlo desde all\u00ed a Asia.&nbsp;<\/p>\n\n\n\n<p>Enrico Paglia, director de investigaci\u00f3n de la empresa de servicios de transporte mar\u00edtimo Banchero Costa, afirm\u00f3 que en caso de que el cuello de botella del Canal empeore, es probable que otros grandes exportadores de grano como Brasil, Ucrania y Rusia intervengan para llenar el vac\u00edo de productos estadounidenses en Asia. Seg\u00fan Paglia, los cereales brasile\u00f1os ya se comercializan m\u00e1s activamente debido a las mayores restricciones del Canal. &#8220;As\u00ed que, potencialmente, los exportadores de grano de EE.UU. ser\u00e1n los m\u00e1s afectados por la interrupci\u00f3n de los flujos comerciales&#8221;, dijo.<\/p>\n\n\n\n<p><strong>Fruta fresca podr\u00eda no llegar a los mercados&nbsp;<\/strong><\/p>\n\n\n\n<p>El tiempo de tr\u00e1nsito a\u00f1adido tambi\u00e9n es un problema para la fruta fresca, sobre todo la procedente de pa\u00edses como Chile y Per\u00fa, que se env\u00eda al este de EE.UU. y a Europa a trav\u00e9s del Canal. La temporada de cerezas en Chile alcanzar\u00e1 su peak en enero, y las uvas, ciruelas, nectarinas y ar\u00e1ndanos podr\u00edan tener dificultades para llegar al mercado, seg\u00fan Ignacio Caballero, director de marketing de Frutas de Chile, gremio que re\u00fane a los fruticultores chilenos.<\/p>\n\n\n\n<p>En tanto, Nikolay Pargov, director de ingresos de la plataforma de transporte de contenedores Transporeon, afirm\u00f3 que los operadores de portacontenedores ya est\u00e1n reservando rutas alternativas para evitar el canal en 2024.&nbsp;<\/p>\n\n\n\n<p><strong>Cargamentos de combustibles afectados<\/strong><\/p>\n\n\n\n<p>Muchas empresas que exportan combustibles desde la costa estadounidense del Golfo de M\u00e9xico a Asia, han estado dispuestas a pagar m\u00e1s para garantizar el paso de sus buques. Sin embargo, muchas est\u00e1n evitando el paso por el Canal. Por ejemplo, un buque di\u00e9sel estadounidense, el \u201cGreen Sky\u201d, navega&nbsp; para rodear Sudam\u00e9rica, a trav\u00e9s del Estrecho de Magallanes rumbo a Chile en una ruta poco habitual.&nbsp; Se trata del primer itinerario con esta ruta para un cargamento de di\u00e9sel&nbsp; desde la Costa del Golfo desde 2020, seg\u00fan el seguimiento de buques de&nbsp;<em>Bloomberg y Kpler<\/em>. Se espera que el viaje dure aproximadamente una semana m\u00e1s de lo que tardar\u00eda a trav\u00e9s del Canal de Panam\u00e1.<\/p>\n\n\n\n<p>Se destaca que el costo de transportar combustible desde la costa estadounidense desde el Golfo de M\u00e9xico a Chile subi\u00f3 a finales de noviembre a la cifra r\u00e9cord de US$4,6 millones por cargamento, seg\u00fan datos de Argus Media.&nbsp;<\/p>\n\n\n\n<p>Otro caso, es el que ocurri\u00f3 en noviembre, con el \u201cPyxis Pioneer\u201d, que transportaba gas licuado de petr\u00f3leo (GLP), que naveg\u00f3 por las mismas aguas, seguido de un cargamento chileno de productos derivados de la gasolina con destino a Nueva York y un tanquero procedente del sur de M\u00e9xico con destino a la costa estadounidense del&nbsp; Golfo de M\u00e9xico. Los buques procedentes de la costa del Golfo o del este de EE.UU. que antes se dirig\u00edan a Asia a trav\u00e9s del Canal ahora toman la direcci\u00f3n contraria, desvi\u00e1ndose por el Cabo de Buena Esperanza, en Sud\u00e1frica,&nbsp; o por el Canal de Suez.<\/p>\n\n\n\n<p>Cada ruta a\u00f1ade entre 10 d\u00edas y tres semanas al viaje, dependiendo de la velocidad a la que navegue el buque. Seg\u00fan Avance Gas Holding Ltd., unos 50 buques gaseros de gran tama\u00f1o realizan actualmente viajes de regreso a EE.UU. por el Canal de Suez o el Cabo de Buena Esperanza, frente a los 10 buques que lo hac\u00edan en julio.<\/p>","protected":false},"excerpt":{"rendered":"<p>La sequ\u00eda que afecta el Canal de Panam\u00e1,ha obligado a los buques a hacer filas durante d\u00edas o semanas, ya que el bajo nivel del agua limita el n\u00famero de tr\u00e1nsitos por la v\u00eda navegable. En tanto, los expedidores se enfrentan a costos m\u00e1s elevados, ya sea por el aumento de la duraci\u00f3n de los&nbsp; [&hellip;]<\/p>\n","protected":false},"author":4,"featured_media":2715,"comment_status":"open","ping_status":"open","sticky":false,"template":"","format":"standard","meta":{"footnotes":""},"categories":[1],"tags":[],"class_list":["post-2714","post","type-post","status-publish","format-standard","has-post-thumbnail","hentry","category-sin-categoria"],"yoast_head":"<!-- This site is optimized with the Yoast SEO plugin v27.4 - https:\/\/yoast.com\/product\/yoast-seo-wordpress\/ -->\n<title>Sequ\u00eda del Canal de Panam\u00e1 afecta exportaciones de granos estadounidenses y a la fruta fresca de Chile y Per\u00fa - JPEV Logistics<\/title>\n<meta name=\"robots\" content=\"index, follow, max-snippet:-1, max-image-preview:large, max-video-preview:-1\" \/>\n<link rel=\"canonical\" href=\"https:\/\/jpevlogistics.com\/en\/sequia-del-canal-de-panama-afecta-exportaciones-de-granos-estadounidenses-y-a-la-fruta-fresca-de-chile-y-peru\/\" \/>\n<meta property=\"og:locale\" content=\"en_US\" \/>\n<meta property=\"og:type\" content=\"article\" \/>\n<meta property=\"og:title\" content=\"Sequ\u00eda del Canal de Panam\u00e1 afecta exportaciones de granos estadounidenses y a la fruta fresca de Chile y Per\u00fa - JPEV Logistics\" \/>\n<meta property=\"og:description\" content=\"La sequ\u00eda que afecta el Canal de Panam\u00e1,ha obligado a los buques a hacer filas durante d\u00edas o semanas, ya que el bajo nivel del agua limita el n\u00famero de tr\u00e1nsitos por la v\u00eda navegable. En tanto, los expedidores se enfrentan a costos m\u00e1s elevados, ya sea por el aumento de la duraci\u00f3n de los&nbsp; [&hellip;]\" \/>\n<meta property=\"og:url\" content=\"https:\/\/jpevlogistics.com\/en\/sequia-del-canal-de-panama-afecta-exportaciones-de-granos-estadounidenses-y-a-la-fruta-fresca-de-chile-y-peru\/\" \/>\n<meta property=\"og:site_name\" content=\"JPEV Logistics\" \/>\n<meta property=\"article:published_time\" content=\"2023-12-06T18:29:58+00:00\" \/>\n<meta property=\"article:modified_time\" content=\"2023-12-06T18:30:12+00:00\" \/>\n<meta property=\"og:image\" content=\"https:\/\/jpevlogistics.com\/wp-content\/uploads\/2023\/12\/Barco-sequia.jpeg\" \/>\n\t<meta property=\"og:image:width\" content=\"798\" \/>\n\t<meta property=\"og:image:height\" content=\"598\" \/>\n\t<meta property=\"og:image:type\" content=\"image\/jpeg\" \/>\n<meta name=\"author\" content=\"horacio\" \/>\n<meta name=\"twitter:card\" content=\"summary_large_image\" \/>\n<meta name=\"twitter:label1\" content=\"Written by\" \/>\n\t<meta name=\"twitter:data1\" content=\"horacio\" \/>\n\t<meta name=\"twitter:label2\" content=\"Est. reading time\" \/>\n\t<meta name=\"twitter:data2\" content=\"4 minutes\" \/>\n<script type=\"application\/ld+json\" class=\"yoast-schema-graph\">{\"@context\":\"https:\\\/\\\/schema.org\",\"@graph\":[{\"@type\":\"Article\",\"@id\":\"https:\\\/\\\/jpevlogistics.com\\\/sequia-del-canal-de-panama-afecta-exportaciones-de-granos-estadounidenses-y-a-la-fruta-fresca-de-chile-y-peru\\\/#article\",\"isPartOf\":{\"@id\":\"https:\\\/\\\/jpevlogistics.com\\\/sequia-del-canal-de-panama-afecta-exportaciones-de-granos-estadounidenses-y-a-la-fruta-fresca-de-chile-y-peru\\\/\"},\"author\":{\"name\":\"horacio\",\"@id\":\"https:\\\/\\\/jpevlogistics.com\\\/#\\\/schema\\\/person\\\/5cb83ed90e4ad10651470058bc190e62\"},\"headline\":\"Sequ\u00eda del Canal de Panam\u00e1 afecta exportaciones de granos estadounidenses y a la fruta fresca de Chile y Per\u00fa\",\"datePublished\":\"2023-12-06T18:29:58+00:00\",\"dateModified\":\"2023-12-06T18:30:12+00:00\",\"mainEntityOfPage\":{\"@id\":\"https:\\\/\\\/jpevlogistics.com\\\/sequia-del-canal-de-panama-afecta-exportaciones-de-granos-estadounidenses-y-a-la-fruta-fresca-de-chile-y-peru\\\/\"},\"wordCount\":804,\"commentCount\":0,\"publisher\":{\"@id\":\"https:\\\/\\\/jpevlogistics.com\\\/#organization\"},\"image\":{\"@id\":\"https:\\\/\\\/jpevlogistics.com\\\/sequia-del-canal-de-panama-afecta-exportaciones-de-granos-estadounidenses-y-a-la-fruta-fresca-de-chile-y-peru\\\/#primaryimage\"},\"thumbnailUrl\":\"https:\\\/\\\/jpevlogistics.com\\\/wp-content\\\/uploads\\\/2023\\\/12\\\/Barco-sequia.jpeg\",\"articleSection\":[\"Sin categor\u00eda\"],\"inLanguage\":\"en-US\",\"potentialAction\":[{\"@type\":\"CommentAction\",\"name\":\"Comment\",\"target\":[\"https:\\\/\\\/jpevlogistics.com\\\/sequia-del-canal-de-panama-afecta-exportaciones-de-granos-estadounidenses-y-a-la-fruta-fresca-de-chile-y-peru\\\/#respond\"]}]},{\"@type\":\"WebPage\",\"@id\":\"https:\\\/\\\/jpevlogistics.com\\\/sequia-del-canal-de-panama-afecta-exportaciones-de-granos-estadounidenses-y-a-la-fruta-fresca-de-chile-y-peru\\\/\",\"url\":\"https:\\\/\\\/jpevlogistics.com\\\/sequia-del-canal-de-panama-afecta-exportaciones-de-granos-estadounidenses-y-a-la-fruta-fresca-de-chile-y-peru\\\/\",\"name\":\"Sequ\u00eda del Canal de Panam\u00e1 afecta exportaciones de granos estadounidenses y a la fruta fresca de Chile y Per\u00fa - JPEV Logistics\",\"isPartOf\":{\"@id\":\"https:\\\/\\\/jpevlogistics.com\\\/#website\"},\"primaryImageOfPage\":{\"@id\":\"https:\\\/\\\/jpevlogistics.com\\\/sequia-del-canal-de-panama-afecta-exportaciones-de-granos-estadounidenses-y-a-la-fruta-fresca-de-chile-y-peru\\\/#primaryimage\"},\"image\":{\"@id\":\"https:\\\/\\\/jpevlogistics.com\\\/sequia-del-canal-de-panama-afecta-exportaciones-de-granos-estadounidenses-y-a-la-fruta-fresca-de-chile-y-peru\\\/#primaryimage\"},\"thumbnailUrl\":\"https:\\\/\\\/jpevlogistics.com\\\/wp-content\\\/uploads\\\/2023\\\/12\\\/Barco-sequia.jpeg\",\"datePublished\":\"2023-12-06T18:29:58+00:00\",\"dateModified\":\"2023-12-06T18:30:12+00:00\",\"breadcrumb\":{\"@id\":\"https:\\\/\\\/jpevlogistics.com\\\/sequia-del-canal-de-panama-afecta-exportaciones-de-granos-estadounidenses-y-a-la-fruta-fresca-de-chile-y-peru\\\/#breadcrumb\"},\"inLanguage\":\"en-US\",\"potentialAction\":[{\"@type\":\"ReadAction\",\"target\":[\"https:\\\/\\\/jpevlogistics.com\\\/sequia-del-canal-de-panama-afecta-exportaciones-de-granos-estadounidenses-y-a-la-fruta-fresca-de-chile-y-peru\\\/\"]}]},{\"@type\":\"ImageObject\",\"inLanguage\":\"en-US\",\"@id\":\"https:\\\/\\\/jpevlogistics.com\\\/sequia-del-canal-de-panama-afecta-exportaciones-de-granos-estadounidenses-y-a-la-fruta-fresca-de-chile-y-peru\\\/#primaryimage\",\"url\":\"https:\\\/\\\/jpevlogistics.com\\\/wp-content\\\/uploads\\\/2023\\\/12\\\/Barco-sequia.jpeg\",\"contentUrl\":\"https:\\\/\\\/jpevlogistics.com\\\/wp-content\\\/uploads\\\/2023\\\/12\\\/Barco-sequia.jpeg\",\"width\":798,\"height\":598},{\"@type\":\"BreadcrumbList\",\"@id\":\"https:\\\/\\\/jpevlogistics.com\\\/sequia-del-canal-de-panama-afecta-exportaciones-de-granos-estadounidenses-y-a-la-fruta-fresca-de-chile-y-peru\\\/#breadcrumb\",\"itemListElement\":[{\"@type\":\"ListItem\",\"position\":1,\"name\":\"Portada\",\"item\":\"https:\\\/\\\/jpevlogistics.com\\\/\"},{\"@type\":\"ListItem\",\"position\":2,\"name\":\"Sequ\u00eda del Canal de Panam\u00e1 afecta exportaciones de granos estadounidenses y a la fruta fresca de Chile y Per\u00fa\"}]},{\"@type\":\"WebSite\",\"@id\":\"https:\\\/\\\/jpevlogistics.com\\\/#website\",\"url\":\"https:\\\/\\\/jpevlogistics.com\\\/\",\"name\":\"JPEV Logistics\",\"description\":\"\",\"publisher\":{\"@id\":\"https:\\\/\\\/jpevlogistics.com\\\/#organization\"},\"potentialAction\":[{\"@type\":\"SearchAction\",\"target\":{\"@type\":\"EntryPoint\",\"urlTemplate\":\"https:\\\/\\\/jpevlogistics.com\\\/?s={search_term_string}\"},\"query-input\":{\"@type\":\"PropertyValueSpecification\",\"valueRequired\":true,\"valueName\":\"search_term_string\"}}],\"inLanguage\":\"en-US\"},{\"@type\":\"Organization\",\"@id\":\"https:\\\/\\\/jpevlogistics.com\\\/#organization\",\"name\":\"JPEV Logistics\",\"url\":\"https:\\\/\\\/jpevlogistics.com\\\/\",\"logo\":{\"@type\":\"ImageObject\",\"inLanguage\":\"en-US\",\"@id\":\"https:\\\/\\\/jpevlogistics.com\\\/#\\\/schema\\\/logo\\\/image\\\/\",\"url\":\"https:\\\/\\\/jpevlogistics.com\\\/wp-content\\\/uploads\\\/2020\\\/07\\\/logo.png\",\"contentUrl\":\"https:\\\/\\\/jpevlogistics.com\\\/wp-content\\\/uploads\\\/2020\\\/07\\\/logo.png\",\"width\":214,\"height\":81,\"caption\":\"JPEV Logistics\"},\"image\":{\"@id\":\"https:\\\/\\\/jpevlogistics.com\\\/#\\\/schema\\\/logo\\\/image\\\/\"},\"sameAs\":[\"https:\\\/\\\/www.instagram.com\\\/jpevlogistics\\\/\",\"https:\\\/\\\/www.linkedin.com\\\/company\\\/jpev-logistics\\\/\"]},{\"@type\":\"Person\",\"@id\":\"https:\\\/\\\/jpevlogistics.com\\\/#\\\/schema\\\/person\\\/5cb83ed90e4ad10651470058bc190e62\",\"name\":\"horacio\",\"image\":{\"@type\":\"ImageObject\",\"inLanguage\":\"en-US\",\"@id\":\"https:\\\/\\\/secure.gravatar.com\\\/avatar\\\/49ba85a39487c51406dba7224109c3b2296f15c3dd1931dd024e3f540b12ea7d?s=96&d=mm&r=g\",\"url\":\"https:\\\/\\\/secure.gravatar.com\\\/avatar\\\/49ba85a39487c51406dba7224109c3b2296f15c3dd1931dd024e3f540b12ea7d?s=96&d=mm&r=g\",\"contentUrl\":\"https:\\\/\\\/secure.gravatar.com\\\/avatar\\\/49ba85a39487c51406dba7224109c3b2296f15c3dd1931dd024e3f540b12ea7d?s=96&d=mm&r=g\",\"caption\":\"horacio\"},\"url\":\"https:\\\/\\\/jpevlogistics.com\\\/en\\\/author\\\/horacio\\\/\"}]}<\/script>\n<!-- \/ Yoast SEO plugin. -->","yoast_head_json":{"title":"Sequ\u00eda del Canal de Panam\u00e1 afecta exportaciones de granos estadounidenses y a la fruta fresca de Chile y Per\u00fa - JPEV Logistics","robots":{"index":"index","follow":"follow","max-snippet":"max-snippet:-1","max-image-preview":"max-image-preview:large","max-video-preview":"max-video-preview:-1"},"canonical":"https:\/\/jpevlogistics.com\/en\/sequia-del-canal-de-panama-afecta-exportaciones-de-granos-estadounidenses-y-a-la-fruta-fresca-de-chile-y-peru\/","og_locale":"en_US","og_type":"article","og_title":"Sequ\u00eda del Canal de Panam\u00e1 afecta exportaciones de granos estadounidenses y a la fruta fresca de Chile y Per\u00fa - JPEV Logistics","og_description":"La sequ\u00eda que afecta el Canal de Panam\u00e1,ha obligado a los buques a hacer filas durante d\u00edas o semanas, ya que el bajo nivel del agua limita el n\u00famero de tr\u00e1nsitos por la v\u00eda navegable. En tanto, los expedidores se enfrentan a costos m\u00e1s elevados, ya sea por el aumento de la duraci\u00f3n de los&nbsp; [&hellip;]","og_url":"https:\/\/jpevlogistics.com\/en\/sequia-del-canal-de-panama-afecta-exportaciones-de-granos-estadounidenses-y-a-la-fruta-fresca-de-chile-y-peru\/","og_site_name":"JPEV Logistics","article_published_time":"2023-12-06T18:29:58+00:00","article_modified_time":"2023-12-06T18:30:12+00:00","og_image":[{"width":798,"height":598,"url":"https:\/\/jpevlogistics.com\/wp-content\/uploads\/2023\/12\/Barco-sequia.jpeg","type":"image\/jpeg"}],"author":"horacio","twitter_card":"summary_large_image","twitter_misc":{"Written by":"horacio","Est. reading time":"4 minutes"},"schema":{"@context":"https:\/\/schema.org","@graph":[{"@type":"Article","@id":"https:\/\/jpevlogistics.com\/sequia-del-canal-de-panama-afecta-exportaciones-de-granos-estadounidenses-y-a-la-fruta-fresca-de-chile-y-peru\/#article","isPartOf":{"@id":"https:\/\/jpevlogistics.com\/sequia-del-canal-de-panama-afecta-exportaciones-de-granos-estadounidenses-y-a-la-fruta-fresca-de-chile-y-peru\/"},"author":{"name":"horacio","@id":"https:\/\/jpevlogistics.com\/#\/schema\/person\/5cb83ed90e4ad10651470058bc190e62"},"headline":"Sequ\u00eda del Canal de Panam\u00e1 afecta exportaciones de granos estadounidenses y a la fruta fresca de Chile y Per\u00fa","datePublished":"2023-12-06T18:29:58+00:00","dateModified":"2023-12-06T18:30:12+00:00","mainEntityOfPage":{"@id":"https:\/\/jpevlogistics.com\/sequia-del-canal-de-panama-afecta-exportaciones-de-granos-estadounidenses-y-a-la-fruta-fresca-de-chile-y-peru\/"},"wordCount":804,"commentCount":0,"publisher":{"@id":"https:\/\/jpevlogistics.com\/#organization"},"image":{"@id":"https:\/\/jpevlogistics.com\/sequia-del-canal-de-panama-afecta-exportaciones-de-granos-estadounidenses-y-a-la-fruta-fresca-de-chile-y-peru\/#primaryimage"},"thumbnailUrl":"https:\/\/jpevlogistics.com\/wp-content\/uploads\/2023\/12\/Barco-sequia.jpeg","articleSection":["Sin categor\u00eda"],"inLanguage":"en-US","potentialAction":[{"@type":"CommentAction","name":"Comment","target":["https:\/\/jpevlogistics.com\/sequia-del-canal-de-panama-afecta-exportaciones-de-granos-estadounidenses-y-a-la-fruta-fresca-de-chile-y-peru\/#respond"]}]},{"@type":"WebPage","@id":"https:\/\/jpevlogistics.com\/sequia-del-canal-de-panama-afecta-exportaciones-de-granos-estadounidenses-y-a-la-fruta-fresca-de-chile-y-peru\/","url":"https:\/\/jpevlogistics.com\/sequia-del-canal-de-panama-afecta-exportaciones-de-granos-estadounidenses-y-a-la-fruta-fresca-de-chile-y-peru\/","name":"Sequ\u00eda del Canal de Panam\u00e1 afecta exportaciones de granos estadounidenses y a la fruta fresca de Chile y Per\u00fa - JPEV Logistics","isPartOf":{"@id":"https:\/\/jpevlogistics.com\/#website"},"primaryImageOfPage":{"@id":"https:\/\/jpevlogistics.com\/sequia-del-canal-de-panama-afecta-exportaciones-de-granos-estadounidenses-y-a-la-fruta-fresca-de-chile-y-peru\/#primaryimage"},"image":{"@id":"https:\/\/jpevlogistics.com\/sequia-del-canal-de-panama-afecta-exportaciones-de-granos-estadounidenses-y-a-la-fruta-fresca-de-chile-y-peru\/#primaryimage"},"thumbnailUrl":"https:\/\/jpevlogistics.com\/wp-content\/uploads\/2023\/12\/Barco-sequia.jpeg","datePublished":"2023-12-06T18:29:58+00:00","dateModified":"2023-12-06T18:30:12+00:00","breadcrumb":{"@id":"https:\/\/jpevlogistics.com\/sequia-del-canal-de-panama-afecta-exportaciones-de-granos-estadounidenses-y-a-la-fruta-fresca-de-chile-y-peru\/#breadcrumb"},"inLanguage":"en-US","potentialAction":[{"@type":"ReadAction","target":["https:\/\/jpevlogistics.com\/sequia-del-canal-de-panama-afecta-exportaciones-de-granos-estadounidenses-y-a-la-fruta-fresca-de-chile-y-peru\/"]}]},{"@type":"ImageObject","inLanguage":"en-US","@id":"https:\/\/jpevlogistics.com\/sequia-del-canal-de-panama-afecta-exportaciones-de-granos-estadounidenses-y-a-la-fruta-fresca-de-chile-y-peru\/#primaryimage","url":"https:\/\/jpevlogistics.com\/wp-content\/uploads\/2023\/12\/Barco-sequia.jpeg","contentUrl":"https:\/\/jpevlogistics.com\/wp-content\/uploads\/2023\/12\/Barco-sequia.jpeg","width":798,"height":598},{"@type":"BreadcrumbList","@id":"https:\/\/jpevlogistics.com\/sequia-del-canal-de-panama-afecta-exportaciones-de-granos-estadounidenses-y-a-la-fruta-fresca-de-chile-y-peru\/#breadcrumb","itemListElement":[{"@type":"ListItem","position":1,"name":"Portada","item":"https:\/\/jpevlogistics.com\/"},{"@type":"ListItem","position":2,"name":"Sequ\u00eda del Canal de Panam\u00e1 afecta exportaciones de granos estadounidenses y a la fruta fresca de Chile y Per\u00fa"}]},{"@type":"WebSite","@id":"https:\/\/jpevlogistics.com\/#website","url":"https:\/\/jpevlogistics.com\/","name":"JPEV Logistics","description":"","publisher":{"@id":"https:\/\/jpevlogistics.com\/#organization"},"potentialAction":[{"@type":"SearchAction","target":{"@type":"EntryPoint","urlTemplate":"https:\/\/jpevlogistics.com\/?s={search_term_string}"},"query-input":{"@type":"PropertyValueSpecification","valueRequired":true,"valueName":"search_term_string"}}],"inLanguage":"en-US"},{"@type":"Organization","@id":"https:\/\/jpevlogistics.com\/#organization","name":"JPEV Logistics","url":"https:\/\/jpevlogistics.com\/","logo":{"@type":"ImageObject","inLanguage":"en-US","@id":"https:\/\/jpevlogistics.com\/#\/schema\/logo\/image\/","url":"https:\/\/jpevlogistics.com\/wp-content\/uploads\/2020\/07\/logo.png","contentUrl":"https:\/\/jpevlogistics.com\/wp-content\/uploads\/2020\/07\/logo.png","width":214,"height":81,"caption":"JPEV Logistics"},"image":{"@id":"https:\/\/jpevlogistics.com\/#\/schema\/logo\/image\/"},"sameAs":["https:\/\/www.instagram.com\/jpevlogistics\/","https:\/\/www.linkedin.com\/company\/jpev-logistics\/"]},{"@type":"Person","@id":"https:\/\/jpevlogistics.com\/#\/schema\/person\/5cb83ed90e4ad10651470058bc190e62","name":"horacio","image":{"@type":"ImageObject","inLanguage":"en-US","@id":"https:\/\/secure.gravatar.com\/avatar\/49ba85a39487c51406dba7224109c3b2296f15c3dd1931dd024e3f540b12ea7d?s=96&d=mm&r=g","url":"https:\/\/secure.gravatar.com\/avatar\/49ba85a39487c51406dba7224109c3b2296f15c3dd1931dd024e3f540b12ea7d?s=96&d=mm&r=g","contentUrl":"https:\/\/secure.gravatar.com\/avatar\/49ba85a39487c51406dba7224109c3b2296f15c3dd1931dd024e3f540b12ea7d?s=96&d=mm&r=g","caption":"horacio"},"url":"https:\/\/jpevlogistics.com\/en\/author\/horacio\/"}]}},"_links":{"self":[{"href":"https:\/\/jpevlogistics.com\/en\/wp-json\/wp\/v2\/posts\/2714","targetHints":{"allow":["GET"]}}],"collection":[{"href":"https:\/\/jpevlogistics.com\/en\/wp-json\/wp\/v2\/posts"}],"about":[{"href":"https:\/\/jpevlogistics.com\/en\/wp-json\/wp\/v2\/types\/post"}],"author":[{"embeddable":true,"href":"https:\/\/jpevlogistics.com\/en\/wp-json\/wp\/v2\/users\/4"}],"replies":[{"embeddable":true,"href":"https:\/\/jpevlogistics.com\/en\/wp-json\/wp\/v2\/comments?post=2714"}],"version-history":[{"count":1,"href":"https:\/\/jpevlogistics.com\/en\/wp-json\/wp\/v2\/posts\/2714\/revisions"}],"predecessor-version":[{"id":2716,"href":"https:\/\/jpevlogistics.com\/en\/wp-json\/wp\/v2\/posts\/2714\/revisions\/2716"}],"wp:featuredmedia":[{"embeddable":true,"href":"https:\/\/jpevlogistics.com\/en\/wp-json\/wp\/v2\/media\/2715"}],"wp:attachment":[{"href":"https:\/\/jpevlogistics.com\/en\/wp-json\/wp\/v2\/media?parent=2714"}],"wp:term":[{"taxonomy":"category","embeddable":true,"href":"https:\/\/jpevlogistics.com\/en\/wp-json\/wp\/v2\/categories?post=2714"},{"taxonomy":"post_tag","embeddable":true,"href":"https:\/\/jpevlogistics.com\/en\/wp-json\/wp\/v2\/tags?post=2714"}],"curies":[{"name":"wp","href":"https:\/\/api.w.org\/{rel}","templated":true}]}}