{"id":2816,"date":"2023-12-28T19:24:14","date_gmt":"2023-12-28T19:24:14","guid":{"rendered":"https:\/\/jpevlogistics.com\/?p=2816"},"modified":"2023-12-28T19:24:23","modified_gmt":"2023-12-28T19:24:23","slug":"msc-confirma-que-el-portacontenedores-msc-united-viii-fue-atacado-en-el-mar-rojo","status":"publish","type":"post","link":"https:\/\/jpevlogistics.com\/en\/msc-confirma-que-el-portacontenedores-msc-united-viii-fue-atacado-en-el-mar-rojo\/","title":{"rendered":"MSC confirma que el portacontenedores \u201cMSC United VIII\u201d fue atacado en el Mar Rojo"},"content":{"rendered":"<p>L\u00ednea naviera asegur\u00f3 que seguir\u00e1 desviando sus buques hacia el Cabo de Buena Esperanza<\/p>\n\n\n\n<figure class=\"wp-block-gallery has-nested-images columns-default is-cropped wp-block-gallery-1 is-layout-flex wp-block-gallery-is-layout-flex\">\n<figure class=\"wp-block-image size-large\"><img fetchpriority=\"high\" decoding=\"async\" width=\"798\" height=\"598\" data-id=\"2817\" src=\"https:\/\/jpevlogistics.com\/wp-content\/uploads\/2023\/12\/msc-atacado.jpeg\" alt=\"\" class=\"wp-image-2817\" srcset=\"https:\/\/jpevlogistics.com\/wp-content\/uploads\/2023\/12\/msc-atacado.jpeg 798w, https:\/\/jpevlogistics.com\/wp-content\/uploads\/2023\/12\/msc-atacado-300x225.jpeg 300w, https:\/\/jpevlogistics.com\/wp-content\/uploads\/2023\/12\/msc-atacado-768x576.jpeg 768w, https:\/\/jpevlogistics.com\/wp-content\/uploads\/2023\/12\/msc-atacado-16x12.jpeg 16w\" sizes=\"(max-width: 798px) 100vw, 798px\" \/><\/figure>\n<\/figure>\n\n\n\n<p>MSC confirm\u00f3 que en la jornada del 26 de diciembre el portacontenedores \u201cMSC United VIII\u201d fue atacado mientras transitaba por el Mar Rojo. Desde la nave se inform\u00f3 del ataque a un buque de guerra cercano del grupo de trabajo naval de la \u201cOperaci\u00f3n Guardi\u00e1n de la Prosperidad\u201d y, seg\u00fan las instrucciones, realiz\u00f3 maniobras evasivas. Este es el segundo buque de MSC, atacado, desde que estall\u00f3 la crisis de seguridad en el Mar Rojo.&nbsp;&nbsp;&nbsp;<\/p>\n\n\n\n<p>El incidente ocurri\u00f3 aproximadamente a las 12:25 UTC mientras el portacontenedores de MSC navegaba desde el puerto Rey Abdullah, Arabia Saudita, a Karachi, Pakist\u00e1n.<\/p>\n\n\n\n<p>Se inform\u00f3 adem\u00e1s que toda la tripulaci\u00f3n est\u00e1 a salvo, no se han reportado heridos y se est\u00e1 llevando a cabo una evaluaci\u00f3n exhaustiva del buque.<\/p>\n\n\n\n<p>Desde MSC aseguran que \u201cnuestra prioridad sigue siendo proteger las vidas y la seguridad de nuestra gente de mar, y hasta que se pueda garantizar su seguridad, MSC seguir\u00e1 desviando los buques reservados para el tr\u00e1nsito de Suez a trav\u00e9s del Cabo de Buena Esperanza\u201d.<\/p>\n\n\n\n<p>Cabe mencionar que el pasado 15 de diciembre, el buque portacontenedores \u201cMSC Palatium III\u201d fue atacado mientras transitaba por el Mar Rojo. En la oportunidad, igualmente, toda la tripulaci\u00f3n sali\u00f3 ilesa y no se reportaron heridos, mientras que el buque sufri\u00f3 da\u00f1os limitados por incendio y fue puesto fuera de servicio.<\/p>","protected":false},"excerpt":{"rendered":"<p>L\u00ednea naviera asegur\u00f3 que seguir\u00e1 desviando sus buques hacia el Cabo de Buena Esperanza MSC confirm\u00f3 que en la jornada del 26 de diciembre el portacontenedores \u201cMSC United VIII\u201d fue atacado mientras transitaba por el Mar Rojo. Desde la nave se inform\u00f3 del ataque a un buque de guerra cercano del grupo de trabajo naval [&hellip;]<\/p>\n","protected":false},"author":4,"featured_media":2817,"comment_status":"open","ping_status":"open","sticky":false,"template":"","format":"standard","meta":{"footnotes":""},"categories":[1],"tags":[],"class_list":["post-2816","post","type-post","status-publish","format-standard","has-post-thumbnail","hentry","category-sin-categoria"],"yoast_head":"<!-- This site is optimized with the Yoast SEO plugin v27.4 - https:\/\/yoast.com\/product\/yoast-seo-wordpress\/ -->\n<title>MSC confirma que el portacontenedores \u201cMSC United VIII\u201d fue atacado en el Mar Rojo - JPEV Logistics<\/title>\n<meta name=\"robots\" content=\"index, follow, max-snippet:-1, max-image-preview:large, max-video-preview:-1\" \/>\n<link rel=\"canonical\" href=\"https:\/\/jpevlogistics.com\/en\/msc-confirma-que-el-portacontenedores-msc-united-viii-fue-atacado-en-el-mar-rojo\/\" \/>\n<meta property=\"og:locale\" content=\"en_US\" \/>\n<meta property=\"og:type\" content=\"article\" \/>\n<meta property=\"og:title\" content=\"MSC confirma que el portacontenedores \u201cMSC United VIII\u201d fue atacado en el Mar Rojo - JPEV Logistics\" \/>\n<meta property=\"og:description\" content=\"L\u00ednea naviera asegur\u00f3 que seguir\u00e1 desviando sus buques hacia el Cabo de Buena Esperanza MSC confirm\u00f3 que en la jornada del 26 de diciembre el portacontenedores \u201cMSC United VIII\u201d fue atacado mientras transitaba por el Mar Rojo. Desde la nave se inform\u00f3 del ataque a un buque de guerra cercano del grupo de trabajo naval [&hellip;]\" \/>\n<meta property=\"og:url\" content=\"https:\/\/jpevlogistics.com\/en\/msc-confirma-que-el-portacontenedores-msc-united-viii-fue-atacado-en-el-mar-rojo\/\" \/>\n<meta property=\"og:site_name\" content=\"JPEV Logistics\" \/>\n<meta property=\"article:published_time\" content=\"2023-12-28T19:24:14+00:00\" \/>\n<meta property=\"article:modified_time\" content=\"2023-12-28T19:24:23+00:00\" \/>\n<meta property=\"og:image\" content=\"https:\/\/jpevlogistics.com\/wp-content\/uploads\/2023\/12\/msc-atacado.jpeg\" \/>\n\t<meta property=\"og:image:width\" content=\"798\" \/>\n\t<meta property=\"og:image:height\" content=\"598\" \/>\n\t<meta property=\"og:image:type\" content=\"image\/jpeg\" \/>\n<meta name=\"author\" content=\"horacio\" \/>\n<meta name=\"twitter:card\" content=\"summary_large_image\" \/>\n<meta name=\"twitter:label1\" content=\"Written by\" \/>\n\t<meta name=\"twitter:data1\" content=\"horacio\" \/>\n\t<meta name=\"twitter:label2\" content=\"Est. reading time\" \/>\n\t<meta name=\"twitter:data2\" content=\"1 minute\" \/>\n<script type=\"application\/ld+json\" class=\"yoast-schema-graph\">{\"@context\":\"https:\\\/\\\/schema.org\",\"@graph\":[{\"@type\":\"Article\",\"@id\":\"https:\\\/\\\/jpevlogistics.com\\\/msc-confirma-que-el-portacontenedores-msc-united-viii-fue-atacado-en-el-mar-rojo\\\/#article\",\"isPartOf\":{\"@id\":\"https:\\\/\\\/jpevlogistics.com\\\/msc-confirma-que-el-portacontenedores-msc-united-viii-fue-atacado-en-el-mar-rojo\\\/\"},\"author\":{\"name\":\"horacio\",\"@id\":\"https:\\\/\\\/jpevlogistics.com\\\/#\\\/schema\\\/person\\\/5cb83ed90e4ad10651470058bc190e62\"},\"headline\":\"MSC confirma que el portacontenedores \u201cMSC United VIII\u201d fue atacado en el Mar Rojo\",\"datePublished\":\"2023-12-28T19:24:14+00:00\",\"dateModified\":\"2023-12-28T19:24:23+00:00\",\"mainEntityOfPage\":{\"@id\":\"https:\\\/\\\/jpevlogistics.com\\\/msc-confirma-que-el-portacontenedores-msc-united-viii-fue-atacado-en-el-mar-rojo\\\/\"},\"wordCount\":260,\"commentCount\":0,\"publisher\":{\"@id\":\"https:\\\/\\\/jpevlogistics.com\\\/#organization\"},\"image\":{\"@id\":\"https:\\\/\\\/jpevlogistics.com\\\/msc-confirma-que-el-portacontenedores-msc-united-viii-fue-atacado-en-el-mar-rojo\\\/#primaryimage\"},\"thumbnailUrl\":\"https:\\\/\\\/jpevlogistics.com\\\/wp-content\\\/uploads\\\/2023\\\/12\\\/msc-atacado.jpeg\",\"articleSection\":[\"Sin categor\u00eda\"],\"inLanguage\":\"en-US\",\"potentialAction\":[{\"@type\":\"CommentAction\",\"name\":\"Comment\",\"target\":[\"https:\\\/\\\/jpevlogistics.com\\\/msc-confirma-que-el-portacontenedores-msc-united-viii-fue-atacado-en-el-mar-rojo\\\/#respond\"]}]},{\"@type\":\"WebPage\",\"@id\":\"https:\\\/\\\/jpevlogistics.com\\\/msc-confirma-que-el-portacontenedores-msc-united-viii-fue-atacado-en-el-mar-rojo\\\/\",\"url\":\"https:\\\/\\\/jpevlogistics.com\\\/msc-confirma-que-el-portacontenedores-msc-united-viii-fue-atacado-en-el-mar-rojo\\\/\",\"name\":\"MSC confirma que el portacontenedores \u201cMSC United VIII\u201d fue atacado en el Mar Rojo - JPEV Logistics\",\"isPartOf\":{\"@id\":\"https:\\\/\\\/jpevlogistics.com\\\/#website\"},\"primaryImageOfPage\":{\"@id\":\"https:\\\/\\\/jpevlogistics.com\\\/msc-confirma-que-el-portacontenedores-msc-united-viii-fue-atacado-en-el-mar-rojo\\\/#primaryimage\"},\"image\":{\"@id\":\"https:\\\/\\\/jpevlogistics.com\\\/msc-confirma-que-el-portacontenedores-msc-united-viii-fue-atacado-en-el-mar-rojo\\\/#primaryimage\"},\"thumbnailUrl\":\"https:\\\/\\\/jpevlogistics.com\\\/wp-content\\\/uploads\\\/2023\\\/12\\\/msc-atacado.jpeg\",\"datePublished\":\"2023-12-28T19:24:14+00:00\",\"dateModified\":\"2023-12-28T19:24:23+00:00\",\"breadcrumb\":{\"@id\":\"https:\\\/\\\/jpevlogistics.com\\\/msc-confirma-que-el-portacontenedores-msc-united-viii-fue-atacado-en-el-mar-rojo\\\/#breadcrumb\"},\"inLanguage\":\"en-US\",\"potentialAction\":[{\"@type\":\"ReadAction\",\"target\":[\"https:\\\/\\\/jpevlogistics.com\\\/msc-confirma-que-el-portacontenedores-msc-united-viii-fue-atacado-en-el-mar-rojo\\\/\"]}]},{\"@type\":\"ImageObject\",\"inLanguage\":\"en-US\",\"@id\":\"https:\\\/\\\/jpevlogistics.com\\\/msc-confirma-que-el-portacontenedores-msc-united-viii-fue-atacado-en-el-mar-rojo\\\/#primaryimage\",\"url\":\"https:\\\/\\\/jpevlogistics.com\\\/wp-content\\\/uploads\\\/2023\\\/12\\\/msc-atacado.jpeg\",\"contentUrl\":\"https:\\\/\\\/jpevlogistics.com\\\/wp-content\\\/uploads\\\/2023\\\/12\\\/msc-atacado.jpeg\",\"width\":798,\"height\":598},{\"@type\":\"BreadcrumbList\",\"@id\":\"https:\\\/\\\/jpevlogistics.com\\\/msc-confirma-que-el-portacontenedores-msc-united-viii-fue-atacado-en-el-mar-rojo\\\/#breadcrumb\",\"itemListElement\":[{\"@type\":\"ListItem\",\"position\":1,\"name\":\"Portada\",\"item\":\"https:\\\/\\\/jpevlogistics.com\\\/\"},{\"@type\":\"ListItem\",\"position\":2,\"name\":\"MSC confirma que el portacontenedores \u201cMSC United VIII\u201d fue atacado en el Mar Rojo\"}]},{\"@type\":\"WebSite\",\"@id\":\"https:\\\/\\\/jpevlogistics.com\\\/#website\",\"url\":\"https:\\\/\\\/jpevlogistics.com\\\/\",\"name\":\"JPEV Logistics\",\"description\":\"\",\"publisher\":{\"@id\":\"https:\\\/\\\/jpevlogistics.com\\\/#organization\"},\"potentialAction\":[{\"@type\":\"SearchAction\",\"target\":{\"@type\":\"EntryPoint\",\"urlTemplate\":\"https:\\\/\\\/jpevlogistics.com\\\/?s={search_term_string}\"},\"query-input\":{\"@type\":\"PropertyValueSpecification\",\"valueRequired\":true,\"valueName\":\"search_term_string\"}}],\"inLanguage\":\"en-US\"},{\"@type\":\"Organization\",\"@id\":\"https:\\\/\\\/jpevlogistics.com\\\/#organization\",\"name\":\"JPEV Logistics\",\"url\":\"https:\\\/\\\/jpevlogistics.com\\\/\",\"logo\":{\"@type\":\"ImageObject\",\"inLanguage\":\"en-US\",\"@id\":\"https:\\\/\\\/jpevlogistics.com\\\/#\\\/schema\\\/logo\\\/image\\\/\",\"url\":\"https:\\\/\\\/jpevlogistics.com\\\/wp-content\\\/uploads\\\/2020\\\/07\\\/logo.png\",\"contentUrl\":\"https:\\\/\\\/jpevlogistics.com\\\/wp-content\\\/uploads\\\/2020\\\/07\\\/logo.png\",\"width\":214,\"height\":81,\"caption\":\"JPEV Logistics\"},\"image\":{\"@id\":\"https:\\\/\\\/jpevlogistics.com\\\/#\\\/schema\\\/logo\\\/image\\\/\"},\"sameAs\":[\"https:\\\/\\\/www.instagram.com\\\/jpevlogistics\\\/\",\"https:\\\/\\\/www.linkedin.com\\\/company\\\/jpev-logistics\\\/\"]},{\"@type\":\"Person\",\"@id\":\"https:\\\/\\\/jpevlogistics.com\\\/#\\\/schema\\\/person\\\/5cb83ed90e4ad10651470058bc190e62\",\"name\":\"horacio\",\"image\":{\"@type\":\"ImageObject\",\"inLanguage\":\"en-US\",\"@id\":\"https:\\\/\\\/secure.gravatar.com\\\/avatar\\\/49ba85a39487c51406dba7224109c3b2296f15c3dd1931dd024e3f540b12ea7d?s=96&d=mm&r=g\",\"url\":\"https:\\\/\\\/secure.gravatar.com\\\/avatar\\\/49ba85a39487c51406dba7224109c3b2296f15c3dd1931dd024e3f540b12ea7d?s=96&d=mm&r=g\",\"contentUrl\":\"https:\\\/\\\/secure.gravatar.com\\\/avatar\\\/49ba85a39487c51406dba7224109c3b2296f15c3dd1931dd024e3f540b12ea7d?s=96&d=mm&r=g\",\"caption\":\"horacio\"},\"url\":\"https:\\\/\\\/jpevlogistics.com\\\/en\\\/author\\\/horacio\\\/\"}]}<\/script>\n<!-- \/ Yoast SEO plugin. -->","yoast_head_json":{"title":"MSC confirma que el portacontenedores \u201cMSC United VIII\u201d fue atacado en el Mar Rojo - JPEV Logistics","robots":{"index":"index","follow":"follow","max-snippet":"max-snippet:-1","max-image-preview":"max-image-preview:large","max-video-preview":"max-video-preview:-1"},"canonical":"https:\/\/jpevlogistics.com\/en\/msc-confirma-que-el-portacontenedores-msc-united-viii-fue-atacado-en-el-mar-rojo\/","og_locale":"en_US","og_type":"article","og_title":"MSC confirma que el portacontenedores \u201cMSC United VIII\u201d fue atacado en el Mar Rojo - JPEV Logistics","og_description":"L\u00ednea naviera asegur\u00f3 que seguir\u00e1 desviando sus buques hacia el Cabo de Buena Esperanza MSC confirm\u00f3 que en la jornada del 26 de diciembre el portacontenedores \u201cMSC United VIII\u201d fue atacado mientras transitaba por el Mar Rojo. Desde la nave se inform\u00f3 del ataque a un buque de guerra cercano del grupo de trabajo naval [&hellip;]","og_url":"https:\/\/jpevlogistics.com\/en\/msc-confirma-que-el-portacontenedores-msc-united-viii-fue-atacado-en-el-mar-rojo\/","og_site_name":"JPEV Logistics","article_published_time":"2023-12-28T19:24:14+00:00","article_modified_time":"2023-12-28T19:24:23+00:00","og_image":[{"width":798,"height":598,"url":"https:\/\/jpevlogistics.com\/wp-content\/uploads\/2023\/12\/msc-atacado.jpeg","type":"image\/jpeg"}],"author":"horacio","twitter_card":"summary_large_image","twitter_misc":{"Written by":"horacio","Est. reading time":"1 minute"},"schema":{"@context":"https:\/\/schema.org","@graph":[{"@type":"Article","@id":"https:\/\/jpevlogistics.com\/msc-confirma-que-el-portacontenedores-msc-united-viii-fue-atacado-en-el-mar-rojo\/#article","isPartOf":{"@id":"https:\/\/jpevlogistics.com\/msc-confirma-que-el-portacontenedores-msc-united-viii-fue-atacado-en-el-mar-rojo\/"},"author":{"name":"horacio","@id":"https:\/\/jpevlogistics.com\/#\/schema\/person\/5cb83ed90e4ad10651470058bc190e62"},"headline":"MSC confirma que el portacontenedores \u201cMSC United VIII\u201d fue atacado en el Mar Rojo","datePublished":"2023-12-28T19:24:14+00:00","dateModified":"2023-12-28T19:24:23+00:00","mainEntityOfPage":{"@id":"https:\/\/jpevlogistics.com\/msc-confirma-que-el-portacontenedores-msc-united-viii-fue-atacado-en-el-mar-rojo\/"},"wordCount":260,"commentCount":0,"publisher":{"@id":"https:\/\/jpevlogistics.com\/#organization"},"image":{"@id":"https:\/\/jpevlogistics.com\/msc-confirma-que-el-portacontenedores-msc-united-viii-fue-atacado-en-el-mar-rojo\/#primaryimage"},"thumbnailUrl":"https:\/\/jpevlogistics.com\/wp-content\/uploads\/2023\/12\/msc-atacado.jpeg","articleSection":["Sin categor\u00eda"],"inLanguage":"en-US","potentialAction":[{"@type":"CommentAction","name":"Comment","target":["https:\/\/jpevlogistics.com\/msc-confirma-que-el-portacontenedores-msc-united-viii-fue-atacado-en-el-mar-rojo\/#respond"]}]},{"@type":"WebPage","@id":"https:\/\/jpevlogistics.com\/msc-confirma-que-el-portacontenedores-msc-united-viii-fue-atacado-en-el-mar-rojo\/","url":"https:\/\/jpevlogistics.com\/msc-confirma-que-el-portacontenedores-msc-united-viii-fue-atacado-en-el-mar-rojo\/","name":"MSC confirma que el portacontenedores \u201cMSC United VIII\u201d fue atacado en el Mar Rojo - JPEV Logistics","isPartOf":{"@id":"https:\/\/jpevlogistics.com\/#website"},"primaryImageOfPage":{"@id":"https:\/\/jpevlogistics.com\/msc-confirma-que-el-portacontenedores-msc-united-viii-fue-atacado-en-el-mar-rojo\/#primaryimage"},"image":{"@id":"https:\/\/jpevlogistics.com\/msc-confirma-que-el-portacontenedores-msc-united-viii-fue-atacado-en-el-mar-rojo\/#primaryimage"},"thumbnailUrl":"https:\/\/jpevlogistics.com\/wp-content\/uploads\/2023\/12\/msc-atacado.jpeg","datePublished":"2023-12-28T19:24:14+00:00","dateModified":"2023-12-28T19:24:23+00:00","breadcrumb":{"@id":"https:\/\/jpevlogistics.com\/msc-confirma-que-el-portacontenedores-msc-united-viii-fue-atacado-en-el-mar-rojo\/#breadcrumb"},"inLanguage":"en-US","potentialAction":[{"@type":"ReadAction","target":["https:\/\/jpevlogistics.com\/msc-confirma-que-el-portacontenedores-msc-united-viii-fue-atacado-en-el-mar-rojo\/"]}]},{"@type":"ImageObject","inLanguage":"en-US","@id":"https:\/\/jpevlogistics.com\/msc-confirma-que-el-portacontenedores-msc-united-viii-fue-atacado-en-el-mar-rojo\/#primaryimage","url":"https:\/\/jpevlogistics.com\/wp-content\/uploads\/2023\/12\/msc-atacado.jpeg","contentUrl":"https:\/\/jpevlogistics.com\/wp-content\/uploads\/2023\/12\/msc-atacado.jpeg","width":798,"height":598},{"@type":"BreadcrumbList","@id":"https:\/\/jpevlogistics.com\/msc-confirma-que-el-portacontenedores-msc-united-viii-fue-atacado-en-el-mar-rojo\/#breadcrumb","itemListElement":[{"@type":"ListItem","position":1,"name":"Portada","item":"https:\/\/jpevlogistics.com\/"},{"@type":"ListItem","position":2,"name":"MSC confirma que el portacontenedores \u201cMSC United VIII\u201d fue atacado en el Mar Rojo"}]},{"@type":"WebSite","@id":"https:\/\/jpevlogistics.com\/#website","url":"https:\/\/jpevlogistics.com\/","name":"JPEV Logistics","description":"","publisher":{"@id":"https:\/\/jpevlogistics.com\/#organization"},"potentialAction":[{"@type":"SearchAction","target":{"@type":"EntryPoint","urlTemplate":"https:\/\/jpevlogistics.com\/?s={search_term_string}"},"query-input":{"@type":"PropertyValueSpecification","valueRequired":true,"valueName":"search_term_string"}}],"inLanguage":"en-US"},{"@type":"Organization","@id":"https:\/\/jpevlogistics.com\/#organization","name":"JPEV Logistics","url":"https:\/\/jpevlogistics.com\/","logo":{"@type":"ImageObject","inLanguage":"en-US","@id":"https:\/\/jpevlogistics.com\/#\/schema\/logo\/image\/","url":"https:\/\/jpevlogistics.com\/wp-content\/uploads\/2020\/07\/logo.png","contentUrl":"https:\/\/jpevlogistics.com\/wp-content\/uploads\/2020\/07\/logo.png","width":214,"height":81,"caption":"JPEV Logistics"},"image":{"@id":"https:\/\/jpevlogistics.com\/#\/schema\/logo\/image\/"},"sameAs":["https:\/\/www.instagram.com\/jpevlogistics\/","https:\/\/www.linkedin.com\/company\/jpev-logistics\/"]},{"@type":"Person","@id":"https:\/\/jpevlogistics.com\/#\/schema\/person\/5cb83ed90e4ad10651470058bc190e62","name":"horacio","image":{"@type":"ImageObject","inLanguage":"en-US","@id":"https:\/\/secure.gravatar.com\/avatar\/49ba85a39487c51406dba7224109c3b2296f15c3dd1931dd024e3f540b12ea7d?s=96&d=mm&r=g","url":"https:\/\/secure.gravatar.com\/avatar\/49ba85a39487c51406dba7224109c3b2296f15c3dd1931dd024e3f540b12ea7d?s=96&d=mm&r=g","contentUrl":"https:\/\/secure.gravatar.com\/avatar\/49ba85a39487c51406dba7224109c3b2296f15c3dd1931dd024e3f540b12ea7d?s=96&d=mm&r=g","caption":"horacio"},"url":"https:\/\/jpevlogistics.com\/en\/author\/horacio\/"}]}},"_links":{"self":[{"href":"https:\/\/jpevlogistics.com\/en\/wp-json\/wp\/v2\/posts\/2816","targetHints":{"allow":["GET"]}}],"collection":[{"href":"https:\/\/jpevlogistics.com\/en\/wp-json\/wp\/v2\/posts"}],"about":[{"href":"https:\/\/jpevlogistics.com\/en\/wp-json\/wp\/v2\/types\/post"}],"author":[{"embeddable":true,"href":"https:\/\/jpevlogistics.com\/en\/wp-json\/wp\/v2\/users\/4"}],"replies":[{"embeddable":true,"href":"https:\/\/jpevlogistics.com\/en\/wp-json\/wp\/v2\/comments?post=2816"}],"version-history":[{"count":1,"href":"https:\/\/jpevlogistics.com\/en\/wp-json\/wp\/v2\/posts\/2816\/revisions"}],"predecessor-version":[{"id":2818,"href":"https:\/\/jpevlogistics.com\/en\/wp-json\/wp\/v2\/posts\/2816\/revisions\/2818"}],"wp:featuredmedia":[{"embeddable":true,"href":"https:\/\/jpevlogistics.com\/en\/wp-json\/wp\/v2\/media\/2817"}],"wp:attachment":[{"href":"https:\/\/jpevlogistics.com\/en\/wp-json\/wp\/v2\/media?parent=2816"}],"wp:term":[{"taxonomy":"category","embeddable":true,"href":"https:\/\/jpevlogistics.com\/en\/wp-json\/wp\/v2\/categories?post=2816"},{"taxonomy":"post_tag","embeddable":true,"href":"https:\/\/jpevlogistics.com\/en\/wp-json\/wp\/v2\/tags?post=2816"}],"curies":[{"name":"wp","href":"https:\/\/api.w.org\/{rel}","templated":true}]}}