{"id":2881,"date":"2024-01-06T19:52:15","date_gmt":"2024-01-06T19:52:15","guid":{"rendered":"https:\/\/jpevlogistics.com\/?p=2881"},"modified":"2024-01-08T22:23:44","modified_gmt":"2024-01-08T22:23:44","slug":"proteccion-naval-no-impide-que-las-tarifas-de-flete-entre-asia-europa-y-ee-uu-se-disparan-ante-crisis-en-el-mar-rojo","status":"publish","type":"post","link":"https:\/\/jpevlogistics.com\/en\/proteccion-naval-no-impide-que-las-tarifas-de-flete-entre-asia-europa-y-ee-uu-se-disparan-ante-crisis-en-el-mar-rojo\/","title":{"rendered":"Protecci\u00f3n naval no impide que las tarifas de flete entre Asia, Europa y EE.UU. se disparan ante crisis en el Mar Rojo"},"content":{"rendered":"<p>En la ruta Asia &#8211; Norte de Europa el valor del transporte mar\u00edtimo de contenedores aument\u00f3 un 173%<\/p>\n\n\n\n<figure class=\"wp-block-gallery has-nested-images columns-default is-cropped wp-block-gallery-1 is-layout-flex wp-block-gallery-is-layout-flex\">\n<figure class=\"wp-block-image size-large\"><img fetchpriority=\"high\" decoding=\"async\" width=\"798\" height=\"598\" data-id=\"2882\" src=\"https:\/\/jpevlogistics.com\/wp-content\/uploads\/2024\/01\/IMG_3654.jpeg\" alt=\"\" class=\"wp-image-2882\" srcset=\"https:\/\/jpevlogistics.com\/wp-content\/uploads\/2024\/01\/IMG_3654.jpeg 798w, https:\/\/jpevlogistics.com\/wp-content\/uploads\/2024\/01\/IMG_3654-300x225.jpeg 300w, https:\/\/jpevlogistics.com\/wp-content\/uploads\/2024\/01\/IMG_3654-768x576.jpeg 768w, https:\/\/jpevlogistics.com\/wp-content\/uploads\/2024\/01\/IMG_3654-16x12.jpeg 16w\" sizes=\"(max-width: 798px) 100vw, 798px\" \/><\/figure>\n<\/figure>\n\n\n\n<p>Incluso con la presencia de una fuerza naval internacional, contin\u00faan los ataques de los hut\u00edes contra buques en el Mar Rojo. Como consecuencia, el tr\u00e1nsito mar\u00edtimo de contenedores sigue desvi\u00e1ndose del Canal de Suez y las tarifas de&nbsp; fletes mar\u00edtimos han empezado a subir. Los itinerarios obligadamente&nbsp; m\u00e1s largos -entre 7 y 14 d\u00edas adicionales de navegaci\u00f3n, seg\u00fan la ruta- suponen plazos m\u00e1s extensos para los importadores y cierta amenaza de congesti\u00f3n portuaria, aunque hasta ahora no ha habido informes de atascos.<\/p>\n\n\n\n<p><strong>Impacto en las tarifas&nbsp;<\/strong><\/p>\n\n\n\n<p>Datos de&nbsp;<em>Freightos Terminal<\/em>&nbsp;muestran que las tarifas Asia &#8211; Norte de Europa han aumentado un 173% en comparaci\u00f3n al momento previo a los anuncios de desv\u00edo, esto es, hasta m\u00e1s de US$4.000\/FEU. Asimismo, en la ruta Asia-Mediterr\u00e1neo se han duplicado, superando los US$5.000\/FEU. Estas cifras&nbsp; son m\u00e1s del doble que las de enero de 2019. Las l\u00edneas navieras tambi\u00e9n han anunciado recargos que van desde US$500 hasta US$2.700 por contenedor, lo que podr\u00eda elevar a\u00fan m\u00e1s los precios totales pagados por expedidores y propietarios de la carga.<\/p>\n\n\n\n<p>Las tarifas a la costa este de EE.UU. (USEC)) han subido un 52% a US$3.900\/FEU, un 30% m\u00e1s que en 2019. Algunas l\u00edneas navieras han a\u00f1adido recargos significativos para los contenedores India &#8211; Nortem\u00e9rica, y&nbsp; de US$500\/FEU para todos los env\u00edos Asia &#8211; Norteam\u00e9rica a partir de mediados de enero. Las tarifas a la costa oeste de EE.UU. (USWC) tambi\u00e9n han aumentado bruscamente m\u00e1s de US$1.000 por contenedor hasta los US$2.713\/FEU, posiblemente reflejando alg\u00fan cambio anticipado en la demanda en la USWC para evitar el aumento del tiempo de tr\u00e1nsito a la USEC.&nbsp;&nbsp;<\/p>\n\n\n\n<p>Sumando recargos, si las tarifas totales alcanzaran entre US$5.000 a US$8.000 por contenedor en las principales rutas comerciales ex-Asia, se posicionar\u00edan entre 2,5 y 4 veces por encima de los niveles normales para esta \u00e9poca del a\u00f1o.&nbsp;<\/p>\n\n\n\n<p><strong>\u00bfPosible congesti\u00f3n?<\/strong><\/p>\n\n\n\n<p>Las l\u00edneas navieras est\u00e1n a\u00f1adiendo m\u00e1s buques a sus itinerarios y navegan m\u00e1s deprisa para mantener la regularidad de los horarios de zarpes en Asia, pero las rutas de regreso m\u00e1s largas supondr\u00e1n m\u00e1s tiempo necesario para repatriar los contenedores vac\u00edos y podr\u00edan provocar escasez en los puertos de origen asi\u00e1ticos.&nbsp;<strong>MSC<\/strong>&nbsp;est\u00e1 cambiando los requisitos de &#8220;tiempo libre&#8221; para los importadores norteamericanos con el fin de intentar que los contenedores vac\u00edos se devuelvan m\u00e1s r\u00e1pidamente.&nbsp;<\/p>\n\n\n\n<p>Si las l\u00edneas navieras comienzan a omitir recaladas en los puertos y a descargar los contenedores en puertos de destino alternativos para mantener el ritmo, podr\u00edan contribuir en retrasos para los importadores y a la posibilidad de congesti\u00f3n en los grandes hubs. Adem\u00e1s,&nbsp; la demanda puede estar aumentando a medida que los expedidores empiezan a adelantar vol\u00famenes para compensar los tiempos de tr\u00e1nsito m\u00e1s largos y en preparaci\u00f3n de las vacaciones del A\u00f1o Nuevo Lunar en China a principios de febrero. Todo ello podr\u00eda aumentar el riesgo de congesti\u00f3n.<\/p>\n\n\n\n<p><strong>Canal de Panam\u00e1 afecta igualmente&nbsp;<\/strong><\/p>\n\n\n\n<p>El n\u00famero de buques afectados entre Asia y Norteam\u00e9rica tambi\u00e9n ser\u00e1 mayor de lo habitual, ya que varias l\u00edneas navieras han desviado algunos servicios -que normalmente transitan por el Canal de Panam\u00e1 en ruta a la USEC- hacia Suez para evitar posibles retrasos y costos adicionales provocados por la sequ\u00eda en el Canal de Panam\u00e1.&nbsp;<\/p>\n\n\n\n<p>La USWC tambi\u00e9n puede verse afectada en forma de un aumento de los vol\u00famenes, ya que algunos expedidores est\u00e1n considerando alejarse de la USEC para evitar el aumento de los tiempos de tr\u00e1nsito para los env\u00edos sensibles al tiempo.<\/p>\n\n\n\n<p><strong>L\u00edneas navieras mejor preparadas&nbsp;<\/strong><\/p>\n\n\n\n<p>Pero, incluso, con la amenaza de cierta congesti\u00f3n y escasez de equipos en ciernes, las l\u00edneas navieras est\u00e1n mucho mejor posicionadas para adaptarse operativamente a estos desv\u00edos en comparaci\u00f3n con las interrupciones observadas durante la pandemia.\u00a0<em>Freightos\u00a0<\/em>se\u00f1ala que los costos adicionales y la capacidad ocupada por los tr\u00e1nsitos m\u00e1s largos har\u00e1n que las tarifas suban significativamente, pero incluso a US$5.000 \u2013 8.000\/FEU, en la ruta Asia- Norte de Europa y Mediterr\u00e1neo ser\u00edan un 45% &#8211; 65% m\u00e1s bajos que su\u00a0<em>peak<\/em>\u00a0durante el Covid de US$4.000\/FEU a finales de 2021, y un 65% &#8211; 75% m\u00e1s bajos comparados con el\u00a0<em>peak<\/em>\u00a0Asia-Costa Este de Am\u00e9rica del Norte de US$22.000\/FEU. Dado que el sector ya se enfrenta a un importante exceso de capacidad a medida que se siguen entregando nuevos buques, las l\u00edneas navieras est\u00e1n tratando de activar naves inactivas para mantener los itinerarios actualizados y la movilizaci\u00f3n de contenedores fluyendo.<\/p>\n\n\n\n<p><\/p>\n\n\n\n<p><\/p>\n\n\n\n<p><\/p>\n\n\n\n<p><\/p>","protected":false},"excerpt":{"rendered":"<p>En la ruta Asia &#8211; Norte de Europa el valor del transporte mar\u00edtimo de contenedores aument\u00f3 un 173% Incluso con la presencia de una fuerza naval internacional, contin\u00faan los ataques de los hut\u00edes contra buques en el Mar Rojo. Como consecuencia, el tr\u00e1nsito mar\u00edtimo de contenedores sigue desvi\u00e1ndose del Canal de Suez y las tarifas [&hellip;]<\/p>\n","protected":false},"author":4,"featured_media":2882,"comment_status":"open","ping_status":"open","sticky":false,"template":"","format":"standard","meta":{"footnotes":""},"categories":[1],"tags":[],"class_list":["post-2881","post","type-post","status-publish","format-standard","has-post-thumbnail","hentry","category-sin-categoria"],"yoast_head":"<!-- This site is optimized with the Yoast SEO plugin v27.4 - https:\/\/yoast.com\/product\/yoast-seo-wordpress\/ -->\n<title>Protecci\u00f3n naval no impide que las tarifas de flete entre Asia, Europa y EE.UU. se disparan ante crisis en el Mar Rojo - JPEV Logistics<\/title>\n<meta name=\"robots\" content=\"index, follow, max-snippet:-1, max-image-preview:large, max-video-preview:-1\" \/>\n<link rel=\"canonical\" href=\"https:\/\/jpevlogistics.com\/en\/proteccion-naval-no-impide-que-las-tarifas-de-flete-entre-asia-europa-y-ee-uu-se-disparan-ante-crisis-en-el-mar-rojo\/\" \/>\n<meta property=\"og:locale\" content=\"en_US\" \/>\n<meta property=\"og:type\" content=\"article\" \/>\n<meta property=\"og:title\" content=\"Protecci\u00f3n naval no impide que las tarifas de flete entre Asia, Europa y EE.UU. se disparan ante crisis en el Mar Rojo - JPEV Logistics\" \/>\n<meta property=\"og:description\" content=\"En la ruta Asia &#8211; Norte de Europa el valor del transporte mar\u00edtimo de contenedores aument\u00f3 un 173% Incluso con la presencia de una fuerza naval internacional, contin\u00faan los ataques de los hut\u00edes contra buques en el Mar Rojo. Como consecuencia, el tr\u00e1nsito mar\u00edtimo de contenedores sigue desvi\u00e1ndose del Canal de Suez y las tarifas [&hellip;]\" \/>\n<meta property=\"og:url\" content=\"https:\/\/jpevlogistics.com\/en\/proteccion-naval-no-impide-que-las-tarifas-de-flete-entre-asia-europa-y-ee-uu-se-disparan-ante-crisis-en-el-mar-rojo\/\" \/>\n<meta property=\"og:site_name\" content=\"JPEV Logistics\" \/>\n<meta property=\"article:published_time\" content=\"2024-01-06T19:52:15+00:00\" \/>\n<meta property=\"article:modified_time\" content=\"2024-01-08T22:23:44+00:00\" \/>\n<meta property=\"og:image\" content=\"https:\/\/jpevlogistics.com\/wp-content\/uploads\/2024\/01\/IMG_3654.jpeg\" \/>\n\t<meta property=\"og:image:width\" content=\"798\" \/>\n\t<meta property=\"og:image:height\" content=\"598\" \/>\n\t<meta property=\"og:image:type\" content=\"image\/jpeg\" \/>\n<meta name=\"author\" content=\"horacio\" \/>\n<meta name=\"twitter:card\" content=\"summary_large_image\" \/>\n<meta name=\"twitter:label1\" content=\"Written by\" \/>\n\t<meta name=\"twitter:data1\" content=\"horacio\" \/>\n\t<meta name=\"twitter:label2\" content=\"Est. reading time\" \/>\n\t<meta name=\"twitter:data2\" content=\"4 minutes\" \/>\n<script type=\"application\/ld+json\" class=\"yoast-schema-graph\">{\"@context\":\"https:\\\/\\\/schema.org\",\"@graph\":[{\"@type\":\"Article\",\"@id\":\"https:\\\/\\\/jpevlogistics.com\\\/proteccion-naval-no-impide-que-las-tarifas-de-flete-entre-asia-europa-y-ee-uu-se-disparan-ante-crisis-en-el-mar-rojo\\\/#article\",\"isPartOf\":{\"@id\":\"https:\\\/\\\/jpevlogistics.com\\\/proteccion-naval-no-impide-que-las-tarifas-de-flete-entre-asia-europa-y-ee-uu-se-disparan-ante-crisis-en-el-mar-rojo\\\/\"},\"author\":{\"name\":\"horacio\",\"@id\":\"https:\\\/\\\/jpevlogistics.com\\\/#\\\/schema\\\/person\\\/5cb83ed90e4ad10651470058bc190e62\"},\"headline\":\"Protecci\u00f3n naval no impide que las tarifas de flete entre Asia, Europa y EE.UU. se disparan ante crisis en el Mar Rojo\",\"datePublished\":\"2024-01-06T19:52:15+00:00\",\"dateModified\":\"2024-01-08T22:23:44+00:00\",\"mainEntityOfPage\":{\"@id\":\"https:\\\/\\\/jpevlogistics.com\\\/proteccion-naval-no-impide-que-las-tarifas-de-flete-entre-asia-europa-y-ee-uu-se-disparan-ante-crisis-en-el-mar-rojo\\\/\"},\"wordCount\":866,\"commentCount\":0,\"publisher\":{\"@id\":\"https:\\\/\\\/jpevlogistics.com\\\/#organization\"},\"image\":{\"@id\":\"https:\\\/\\\/jpevlogistics.com\\\/proteccion-naval-no-impide-que-las-tarifas-de-flete-entre-asia-europa-y-ee-uu-se-disparan-ante-crisis-en-el-mar-rojo\\\/#primaryimage\"},\"thumbnailUrl\":\"https:\\\/\\\/jpevlogistics.com\\\/wp-content\\\/uploads\\\/2024\\\/01\\\/IMG_3654.jpeg\",\"articleSection\":[\"Sin categor\u00eda\"],\"inLanguage\":\"en-US\",\"potentialAction\":[{\"@type\":\"CommentAction\",\"name\":\"Comment\",\"target\":[\"https:\\\/\\\/jpevlogistics.com\\\/proteccion-naval-no-impide-que-las-tarifas-de-flete-entre-asia-europa-y-ee-uu-se-disparan-ante-crisis-en-el-mar-rojo\\\/#respond\"]}]},{\"@type\":\"WebPage\",\"@id\":\"https:\\\/\\\/jpevlogistics.com\\\/proteccion-naval-no-impide-que-las-tarifas-de-flete-entre-asia-europa-y-ee-uu-se-disparan-ante-crisis-en-el-mar-rojo\\\/\",\"url\":\"https:\\\/\\\/jpevlogistics.com\\\/proteccion-naval-no-impide-que-las-tarifas-de-flete-entre-asia-europa-y-ee-uu-se-disparan-ante-crisis-en-el-mar-rojo\\\/\",\"name\":\"Protecci\u00f3n naval no impide que las tarifas de flete entre Asia, Europa y EE.UU. se disparan ante crisis en el Mar Rojo - JPEV Logistics\",\"isPartOf\":{\"@id\":\"https:\\\/\\\/jpevlogistics.com\\\/#website\"},\"primaryImageOfPage\":{\"@id\":\"https:\\\/\\\/jpevlogistics.com\\\/proteccion-naval-no-impide-que-las-tarifas-de-flete-entre-asia-europa-y-ee-uu-se-disparan-ante-crisis-en-el-mar-rojo\\\/#primaryimage\"},\"image\":{\"@id\":\"https:\\\/\\\/jpevlogistics.com\\\/proteccion-naval-no-impide-que-las-tarifas-de-flete-entre-asia-europa-y-ee-uu-se-disparan-ante-crisis-en-el-mar-rojo\\\/#primaryimage\"},\"thumbnailUrl\":\"https:\\\/\\\/jpevlogistics.com\\\/wp-content\\\/uploads\\\/2024\\\/01\\\/IMG_3654.jpeg\",\"datePublished\":\"2024-01-06T19:52:15+00:00\",\"dateModified\":\"2024-01-08T22:23:44+00:00\",\"breadcrumb\":{\"@id\":\"https:\\\/\\\/jpevlogistics.com\\\/proteccion-naval-no-impide-que-las-tarifas-de-flete-entre-asia-europa-y-ee-uu-se-disparan-ante-crisis-en-el-mar-rojo\\\/#breadcrumb\"},\"inLanguage\":\"en-US\",\"potentialAction\":[{\"@type\":\"ReadAction\",\"target\":[\"https:\\\/\\\/jpevlogistics.com\\\/proteccion-naval-no-impide-que-las-tarifas-de-flete-entre-asia-europa-y-ee-uu-se-disparan-ante-crisis-en-el-mar-rojo\\\/\"]}]},{\"@type\":\"ImageObject\",\"inLanguage\":\"en-US\",\"@id\":\"https:\\\/\\\/jpevlogistics.com\\\/proteccion-naval-no-impide-que-las-tarifas-de-flete-entre-asia-europa-y-ee-uu-se-disparan-ante-crisis-en-el-mar-rojo\\\/#primaryimage\",\"url\":\"https:\\\/\\\/jpevlogistics.com\\\/wp-content\\\/uploads\\\/2024\\\/01\\\/IMG_3654.jpeg\",\"contentUrl\":\"https:\\\/\\\/jpevlogistics.com\\\/wp-content\\\/uploads\\\/2024\\\/01\\\/IMG_3654.jpeg\",\"width\":798,\"height\":598},{\"@type\":\"BreadcrumbList\",\"@id\":\"https:\\\/\\\/jpevlogistics.com\\\/proteccion-naval-no-impide-que-las-tarifas-de-flete-entre-asia-europa-y-ee-uu-se-disparan-ante-crisis-en-el-mar-rojo\\\/#breadcrumb\",\"itemListElement\":[{\"@type\":\"ListItem\",\"position\":1,\"name\":\"Portada\",\"item\":\"https:\\\/\\\/jpevlogistics.com\\\/\"},{\"@type\":\"ListItem\",\"position\":2,\"name\":\"Protecci\u00f3n naval no impide que las tarifas de flete entre Asia, Europa y EE.UU. se disparan ante crisis en el Mar Rojo\"}]},{\"@type\":\"WebSite\",\"@id\":\"https:\\\/\\\/jpevlogistics.com\\\/#website\",\"url\":\"https:\\\/\\\/jpevlogistics.com\\\/\",\"name\":\"JPEV Logistics\",\"description\":\"\",\"publisher\":{\"@id\":\"https:\\\/\\\/jpevlogistics.com\\\/#organization\"},\"potentialAction\":[{\"@type\":\"SearchAction\",\"target\":{\"@type\":\"EntryPoint\",\"urlTemplate\":\"https:\\\/\\\/jpevlogistics.com\\\/?s={search_term_string}\"},\"query-input\":{\"@type\":\"PropertyValueSpecification\",\"valueRequired\":true,\"valueName\":\"search_term_string\"}}],\"inLanguage\":\"en-US\"},{\"@type\":\"Organization\",\"@id\":\"https:\\\/\\\/jpevlogistics.com\\\/#organization\",\"name\":\"JPEV Logistics\",\"url\":\"https:\\\/\\\/jpevlogistics.com\\\/\",\"logo\":{\"@type\":\"ImageObject\",\"inLanguage\":\"en-US\",\"@id\":\"https:\\\/\\\/jpevlogistics.com\\\/#\\\/schema\\\/logo\\\/image\\\/\",\"url\":\"https:\\\/\\\/jpevlogistics.com\\\/wp-content\\\/uploads\\\/2020\\\/07\\\/logo.png\",\"contentUrl\":\"https:\\\/\\\/jpevlogistics.com\\\/wp-content\\\/uploads\\\/2020\\\/07\\\/logo.png\",\"width\":214,\"height\":81,\"caption\":\"JPEV Logistics\"},\"image\":{\"@id\":\"https:\\\/\\\/jpevlogistics.com\\\/#\\\/schema\\\/logo\\\/image\\\/\"},\"sameAs\":[\"https:\\\/\\\/www.instagram.com\\\/jpevlogistics\\\/\",\"https:\\\/\\\/www.linkedin.com\\\/company\\\/jpev-logistics\\\/\"]},{\"@type\":\"Person\",\"@id\":\"https:\\\/\\\/jpevlogistics.com\\\/#\\\/schema\\\/person\\\/5cb83ed90e4ad10651470058bc190e62\",\"name\":\"horacio\",\"image\":{\"@type\":\"ImageObject\",\"inLanguage\":\"en-US\",\"@id\":\"https:\\\/\\\/secure.gravatar.com\\\/avatar\\\/49ba85a39487c51406dba7224109c3b2296f15c3dd1931dd024e3f540b12ea7d?s=96&d=mm&r=g\",\"url\":\"https:\\\/\\\/secure.gravatar.com\\\/avatar\\\/49ba85a39487c51406dba7224109c3b2296f15c3dd1931dd024e3f540b12ea7d?s=96&d=mm&r=g\",\"contentUrl\":\"https:\\\/\\\/secure.gravatar.com\\\/avatar\\\/49ba85a39487c51406dba7224109c3b2296f15c3dd1931dd024e3f540b12ea7d?s=96&d=mm&r=g\",\"caption\":\"horacio\"},\"url\":\"https:\\\/\\\/jpevlogistics.com\\\/en\\\/author\\\/horacio\\\/\"}]}<\/script>\n<!-- \/ Yoast SEO plugin. -->","yoast_head_json":{"title":"Protecci\u00f3n naval no impide que las tarifas de flete entre Asia, Europa y EE.UU. se disparan ante crisis en el Mar Rojo - JPEV Logistics","robots":{"index":"index","follow":"follow","max-snippet":"max-snippet:-1","max-image-preview":"max-image-preview:large","max-video-preview":"max-video-preview:-1"},"canonical":"https:\/\/jpevlogistics.com\/en\/proteccion-naval-no-impide-que-las-tarifas-de-flete-entre-asia-europa-y-ee-uu-se-disparan-ante-crisis-en-el-mar-rojo\/","og_locale":"en_US","og_type":"article","og_title":"Protecci\u00f3n naval no impide que las tarifas de flete entre Asia, Europa y EE.UU. se disparan ante crisis en el Mar Rojo - JPEV Logistics","og_description":"En la ruta Asia &#8211; Norte de Europa el valor del transporte mar\u00edtimo de contenedores aument\u00f3 un 173% Incluso con la presencia de una fuerza naval internacional, contin\u00faan los ataques de los hut\u00edes contra buques en el Mar Rojo. Como consecuencia, el tr\u00e1nsito mar\u00edtimo de contenedores sigue desvi\u00e1ndose del Canal de Suez y las tarifas [&hellip;]","og_url":"https:\/\/jpevlogistics.com\/en\/proteccion-naval-no-impide-que-las-tarifas-de-flete-entre-asia-europa-y-ee-uu-se-disparan-ante-crisis-en-el-mar-rojo\/","og_site_name":"JPEV Logistics","article_published_time":"2024-01-06T19:52:15+00:00","article_modified_time":"2024-01-08T22:23:44+00:00","og_image":[{"width":798,"height":598,"url":"https:\/\/jpevlogistics.com\/wp-content\/uploads\/2024\/01\/IMG_3654.jpeg","type":"image\/jpeg"}],"author":"horacio","twitter_card":"summary_large_image","twitter_misc":{"Written by":"horacio","Est. reading time":"4 minutes"},"schema":{"@context":"https:\/\/schema.org","@graph":[{"@type":"Article","@id":"https:\/\/jpevlogistics.com\/proteccion-naval-no-impide-que-las-tarifas-de-flete-entre-asia-europa-y-ee-uu-se-disparan-ante-crisis-en-el-mar-rojo\/#article","isPartOf":{"@id":"https:\/\/jpevlogistics.com\/proteccion-naval-no-impide-que-las-tarifas-de-flete-entre-asia-europa-y-ee-uu-se-disparan-ante-crisis-en-el-mar-rojo\/"},"author":{"name":"horacio","@id":"https:\/\/jpevlogistics.com\/#\/schema\/person\/5cb83ed90e4ad10651470058bc190e62"},"headline":"Protecci\u00f3n naval no impide que las tarifas de flete entre Asia, Europa y EE.UU. se disparan ante crisis en el Mar Rojo","datePublished":"2024-01-06T19:52:15+00:00","dateModified":"2024-01-08T22:23:44+00:00","mainEntityOfPage":{"@id":"https:\/\/jpevlogistics.com\/proteccion-naval-no-impide-que-las-tarifas-de-flete-entre-asia-europa-y-ee-uu-se-disparan-ante-crisis-en-el-mar-rojo\/"},"wordCount":866,"commentCount":0,"publisher":{"@id":"https:\/\/jpevlogistics.com\/#organization"},"image":{"@id":"https:\/\/jpevlogistics.com\/proteccion-naval-no-impide-que-las-tarifas-de-flete-entre-asia-europa-y-ee-uu-se-disparan-ante-crisis-en-el-mar-rojo\/#primaryimage"},"thumbnailUrl":"https:\/\/jpevlogistics.com\/wp-content\/uploads\/2024\/01\/IMG_3654.jpeg","articleSection":["Sin categor\u00eda"],"inLanguage":"en-US","potentialAction":[{"@type":"CommentAction","name":"Comment","target":["https:\/\/jpevlogistics.com\/proteccion-naval-no-impide-que-las-tarifas-de-flete-entre-asia-europa-y-ee-uu-se-disparan-ante-crisis-en-el-mar-rojo\/#respond"]}]},{"@type":"WebPage","@id":"https:\/\/jpevlogistics.com\/proteccion-naval-no-impide-que-las-tarifas-de-flete-entre-asia-europa-y-ee-uu-se-disparan-ante-crisis-en-el-mar-rojo\/","url":"https:\/\/jpevlogistics.com\/proteccion-naval-no-impide-que-las-tarifas-de-flete-entre-asia-europa-y-ee-uu-se-disparan-ante-crisis-en-el-mar-rojo\/","name":"Protecci\u00f3n naval no impide que las tarifas de flete entre Asia, Europa y EE.UU. se disparan ante crisis en el Mar Rojo - JPEV Logistics","isPartOf":{"@id":"https:\/\/jpevlogistics.com\/#website"},"primaryImageOfPage":{"@id":"https:\/\/jpevlogistics.com\/proteccion-naval-no-impide-que-las-tarifas-de-flete-entre-asia-europa-y-ee-uu-se-disparan-ante-crisis-en-el-mar-rojo\/#primaryimage"},"image":{"@id":"https:\/\/jpevlogistics.com\/proteccion-naval-no-impide-que-las-tarifas-de-flete-entre-asia-europa-y-ee-uu-se-disparan-ante-crisis-en-el-mar-rojo\/#primaryimage"},"thumbnailUrl":"https:\/\/jpevlogistics.com\/wp-content\/uploads\/2024\/01\/IMG_3654.jpeg","datePublished":"2024-01-06T19:52:15+00:00","dateModified":"2024-01-08T22:23:44+00:00","breadcrumb":{"@id":"https:\/\/jpevlogistics.com\/proteccion-naval-no-impide-que-las-tarifas-de-flete-entre-asia-europa-y-ee-uu-se-disparan-ante-crisis-en-el-mar-rojo\/#breadcrumb"},"inLanguage":"en-US","potentialAction":[{"@type":"ReadAction","target":["https:\/\/jpevlogistics.com\/proteccion-naval-no-impide-que-las-tarifas-de-flete-entre-asia-europa-y-ee-uu-se-disparan-ante-crisis-en-el-mar-rojo\/"]}]},{"@type":"ImageObject","inLanguage":"en-US","@id":"https:\/\/jpevlogistics.com\/proteccion-naval-no-impide-que-las-tarifas-de-flete-entre-asia-europa-y-ee-uu-se-disparan-ante-crisis-en-el-mar-rojo\/#primaryimage","url":"https:\/\/jpevlogistics.com\/wp-content\/uploads\/2024\/01\/IMG_3654.jpeg","contentUrl":"https:\/\/jpevlogistics.com\/wp-content\/uploads\/2024\/01\/IMG_3654.jpeg","width":798,"height":598},{"@type":"BreadcrumbList","@id":"https:\/\/jpevlogistics.com\/proteccion-naval-no-impide-que-las-tarifas-de-flete-entre-asia-europa-y-ee-uu-se-disparan-ante-crisis-en-el-mar-rojo\/#breadcrumb","itemListElement":[{"@type":"ListItem","position":1,"name":"Portada","item":"https:\/\/jpevlogistics.com\/"},{"@type":"ListItem","position":2,"name":"Protecci\u00f3n naval no impide que las tarifas de flete entre Asia, Europa y EE.UU. se disparan ante crisis en el Mar Rojo"}]},{"@type":"WebSite","@id":"https:\/\/jpevlogistics.com\/#website","url":"https:\/\/jpevlogistics.com\/","name":"JPEV Logistics","description":"","publisher":{"@id":"https:\/\/jpevlogistics.com\/#organization"},"potentialAction":[{"@type":"SearchAction","target":{"@type":"EntryPoint","urlTemplate":"https:\/\/jpevlogistics.com\/?s={search_term_string}"},"query-input":{"@type":"PropertyValueSpecification","valueRequired":true,"valueName":"search_term_string"}}],"inLanguage":"en-US"},{"@type":"Organization","@id":"https:\/\/jpevlogistics.com\/#organization","name":"JPEV Logistics","url":"https:\/\/jpevlogistics.com\/","logo":{"@type":"ImageObject","inLanguage":"en-US","@id":"https:\/\/jpevlogistics.com\/#\/schema\/logo\/image\/","url":"https:\/\/jpevlogistics.com\/wp-content\/uploads\/2020\/07\/logo.png","contentUrl":"https:\/\/jpevlogistics.com\/wp-content\/uploads\/2020\/07\/logo.png","width":214,"height":81,"caption":"JPEV Logistics"},"image":{"@id":"https:\/\/jpevlogistics.com\/#\/schema\/logo\/image\/"},"sameAs":["https:\/\/www.instagram.com\/jpevlogistics\/","https:\/\/www.linkedin.com\/company\/jpev-logistics\/"]},{"@type":"Person","@id":"https:\/\/jpevlogistics.com\/#\/schema\/person\/5cb83ed90e4ad10651470058bc190e62","name":"horacio","image":{"@type":"ImageObject","inLanguage":"en-US","@id":"https:\/\/secure.gravatar.com\/avatar\/49ba85a39487c51406dba7224109c3b2296f15c3dd1931dd024e3f540b12ea7d?s=96&d=mm&r=g","url":"https:\/\/secure.gravatar.com\/avatar\/49ba85a39487c51406dba7224109c3b2296f15c3dd1931dd024e3f540b12ea7d?s=96&d=mm&r=g","contentUrl":"https:\/\/secure.gravatar.com\/avatar\/49ba85a39487c51406dba7224109c3b2296f15c3dd1931dd024e3f540b12ea7d?s=96&d=mm&r=g","caption":"horacio"},"url":"https:\/\/jpevlogistics.com\/en\/author\/horacio\/"}]}},"_links":{"self":[{"href":"https:\/\/jpevlogistics.com\/en\/wp-json\/wp\/v2\/posts\/2881","targetHints":{"allow":["GET"]}}],"collection":[{"href":"https:\/\/jpevlogistics.com\/en\/wp-json\/wp\/v2\/posts"}],"about":[{"href":"https:\/\/jpevlogistics.com\/en\/wp-json\/wp\/v2\/types\/post"}],"author":[{"embeddable":true,"href":"https:\/\/jpevlogistics.com\/en\/wp-json\/wp\/v2\/users\/4"}],"replies":[{"embeddable":true,"href":"https:\/\/jpevlogistics.com\/en\/wp-json\/wp\/v2\/comments?post=2881"}],"version-history":[{"count":1,"href":"https:\/\/jpevlogistics.com\/en\/wp-json\/wp\/v2\/posts\/2881\/revisions"}],"predecessor-version":[{"id":2883,"href":"https:\/\/jpevlogistics.com\/en\/wp-json\/wp\/v2\/posts\/2881\/revisions\/2883"}],"wp:featuredmedia":[{"embeddable":true,"href":"https:\/\/jpevlogistics.com\/en\/wp-json\/wp\/v2\/media\/2882"}],"wp:attachment":[{"href":"https:\/\/jpevlogistics.com\/en\/wp-json\/wp\/v2\/media?parent=2881"}],"wp:term":[{"taxonomy":"category","embeddable":true,"href":"https:\/\/jpevlogistics.com\/en\/wp-json\/wp\/v2\/categories?post=2881"},{"taxonomy":"post_tag","embeddable":true,"href":"https:\/\/jpevlogistics.com\/en\/wp-json\/wp\/v2\/tags?post=2881"}],"curies":[{"name":"wp","href":"https:\/\/api.w.org\/{rel}","templated":true}]}}