{"id":2969,"date":"2024-01-30T19:39:50","date_gmt":"2024-01-30T19:39:50","guid":{"rendered":"https:\/\/jpevlogistics.com\/?p=2969"},"modified":"2024-01-30T19:39:52","modified_gmt":"2024-01-30T19:39:52","slug":"tras-el-ano-nuevo-chino-las-tarifas-continuaran-siendo-mas-altas-que-antes-de-las-crisis-del-mar-rojo","status":"publish","type":"post","link":"https:\/\/jpevlogistics.com\/en\/tras-el-ano-nuevo-chino-las-tarifas-continuaran-siendo-mas-altas-que-antes-de-las-crisis-del-mar-rojo\/","title":{"rendered":"Tras el A\u00f1o Nuevo chino las tarifas continuar\u00e1n siendo m\u00e1s altas que antes de las crisis del Mar Rojo"},"content":{"rendered":"\n<p>30\/12\/2024 &#8211; Esto se deber\u00e1 a que el asentamiento de la ruta en torno a \u00c1frica absorber\u00e1 una gran cantidad de capacidad<\/p>\n\n\n\n<p>El \u00cdndice de Carga Contenerizada de Shangh\u00e1i (SCFI) cay\u00f3 un -3% en comparaci\u00f3n con la semana pasada la semana pasada, la primera baja en este indicador desde el estallido de la crisis del Mar Rojo. En tanto, la tarifa spot espec\u00edficas para la ruta Asia &#8211; Norte de Europa disminuy\u00f3 por segunda semana consecutiva, bajando un 8% en comparaci\u00f3n con hace dos semanas, aunque sigue siendo un 178% superior al de antes de la crisis.<\/p>\n\n\n\n<figure class=\"wp-block-gallery has-nested-images columns-default is-cropped wp-block-gallery-1 is-layout-flex wp-block-gallery-is-layout-flex\">\n<figure class=\"wp-block-image size-large\"><img fetchpriority=\"high\" decoding=\"async\" width=\"798\" height=\"598\" data-id=\"2970\" src=\"https:\/\/jpevlogistics.com\/wp-content\/uploads\/2024\/01\/BARCO-DE-CRISIS.jpeg\" alt=\"\" class=\"wp-image-2970\" srcset=\"https:\/\/jpevlogistics.com\/wp-content\/uploads\/2024\/01\/BARCO-DE-CRISIS.jpeg 798w, https:\/\/jpevlogistics.com\/wp-content\/uploads\/2024\/01\/BARCO-DE-CRISIS-300x225.jpeg 300w, https:\/\/jpevlogistics.com\/wp-content\/uploads\/2024\/01\/BARCO-DE-CRISIS-768x576.jpeg 768w, https:\/\/jpevlogistics.com\/wp-content\/uploads\/2024\/01\/BARCO-DE-CRISIS-16x12.jpeg 16w\" sizes=\"(max-width: 798px) 100vw, 798px\" \/><\/figure>\n<\/figure>\n\n\n\n<p>En tanto, el&nbsp;<em>World Container Index (WCI)<\/em>&nbsp;de&nbsp;<em>Drewry&nbsp;<\/em>alcanz\u00f3 la semana pasada los US$4.984, equivalente a un alza del 1% semanal, dato que puntualmente para&nbsp;<em>Lars Jensen<\/em>, analista de la industria mar\u00edtima, representa la detecci\u00f3n de un freno en los incrementos tarifarios en la ruta Asia-Norte de Europa. \u201cParece que el SCFI se mueve un poco antes que el WCI\u201d, apunta.<\/p>\n\n\n\n<p>El retroceso del SCFI y la primera indicaci\u00f3n en ese sentido del WCI son suficientes para que el analista reafirme su hip\u00f3tesis acerca la evoluci\u00f3n de las tarifas en el mercado portacontenedor: \u201cEn ausencia de nuevas disrupciones en el mercado, es probable que las tarifas spot alcancen su punto m\u00e1ximo en el per\u00edodo previo al A\u00f1o Nuevo chino\u201d, sostiene.<\/p>\n\n\n\n<p>La proyecci\u00f3n de&nbsp;<em>Jensen&nbsp;<\/em>encaja perfectamente con el diagn\u00f3stico de&nbsp;<em>Xeneta<\/em>, en cuanto a que al parecer las alzas en las tarifas de transporte mar\u00edtimo aumentar\u00e1n a\u00fan m\u00e1s hasta principios del pr\u00f3ximo mes (la celebraci\u00f3n del A\u00f1o Nuevo chino comienza el 10 de febrero). En detalle, la consultora anticipa que en la ruta Lejano Oriente &#8211; Norte de Europa, las tarifas spot aumentar\u00e1n un 8% antes del 2 de febrero, con un promedio de mercado de US$5.106\/FEU.<\/p>\n\n\n\n<p>Al dar una explicaci\u00f3n acerca de las razones que impulsar\u00edan este&nbsp;<em>peak&nbsp;<\/em>antes del A\u00f1o Nuevo chino,&nbsp;<em>Jensen&nbsp;<\/em>explica que las tarifas en parte est\u00e1n siendo impulsadas \u201cpor el temor a una posible escasez de capacidad y en parte por problemas reales de capacidad, especialmente relacionados con los contenedores\u201d.&nbsp;<\/p>\n\n\n\n<p>El jefe de Investigaci\u00f3n de&nbsp;<em>Freightos, Judah Levine<\/em>, constat\u00f3 lo anterior al se\u00f1alar que \u201cla escasez de contenedores vac\u00edos en algunos hubs de exportaci\u00f3n asi\u00e1ticos est\u00e1 planteando un desaf\u00edo para los expedidores y propietarios de la carga deseosos de transportar bienes antes de la desaceleraci\u00f3n posterior al A\u00f1o Nuevo chino\u201d.&nbsp;<\/p>\n\n\n\n<p>Robert Katchatryan, CEO de&nbsp;<em>FreightRight<\/em>, dio se\u00f1ales m\u00e1s concretas de esta situaci\u00f3n, al indicar que hace dos semanas \u201cya era evidente en Ningbo\u201d, donde los contenedores especializados, incluyendo los normales de 40 pies y HC \u201cse estaban volviendo limitados&#8221;.<\/p>\n\n\n\n<p>Pues bien, las opiniones coinciden en que el punto m\u00e1ximo de tarifas se alcanzar\u00e1 justo en la previa del tradicional feriado chino. Pero \u00bfqu\u00e9 pasar\u00e1 despu\u00e9s de que concluya esta celebraci\u00f3n el 17 de febrero?&nbsp;&nbsp;<em>Jensen&nbsp;<\/em>explica que, una vez superado el periodo festivo, \u201cno solo caer\u00e1 la demanda y dar\u00e1 un respiro, sino que tambi\u00e9n comenzaremos a ver que los flujos de buques y contenedores se asentar\u00e1n a un ritmo predecible en sus nuevas rutas alrededor de \u00c1frica\u201d.&nbsp;<\/p>\n\n\n\n<p>A\u00f1ade que \u201cesto seguir\u00e1 significando que las tarifas ser\u00e1n mucho m\u00e1s altas que antes de la crisis porque las rutas m\u00e1s largas absorber\u00e1n grandes cantidades de capacidad y conllevar\u00e1n un costo adicional\u201d. Sin embargo, el analista tambi\u00e9n espera que el aumento de las tarifas spot \u201cdisminuyan un poco\u201d. Por otro lado, explica, es probable que las tarifas de los contratos [a largo plazo] aumenten, ya que al parecer podr\u00edan estimarse a partir de la ruta que rodea \u00c1frica en el futuro previsible.<\/p>\n\n\n\n<p><strong>La situaci\u00f3n geopol\u00edtica no mejora<\/strong><\/p>\n\n\n\n<p>El cese de la disrupci\u00f3n geopol\u00edtica en el Mar Rojo ser\u00e1 determinante para asegurar el retorno seguro de la navegaci\u00f3n a trav\u00e9s del Mar Rojo y consecuentemente por el Canal de Suez. No obstante, nuevas se\u00f1ales, por ahora, apuntan en sentido contrario. La \u00faltima de estas fue el ataque sufrido el 26 de enero por el tanquero de productos petroleros de Trafigura \u201cMarlin Luanda\u201d en el Golfo de Ad\u00e9n (un \u00e1rea colindante con el Mar Rojo). El buque fue alcanzado por un misil sufriendo un incendio como consecuencia que pudo ser sofocado con posterioridad. Tambi\u00e9n sufrieron ataques de misiles en la jornada el tanquero \u201cAchilles\u201d y el destructor \u201cUSS Carney\u201d que pudo derribar el proyectil.<\/p>\n\n\n\n<p>\u201cLamentablemente, esto demuestra una vez m\u00e1s que, a pesar de la presencia naval de m\u00faltiples pa\u00edses y de los ataques terrestres contra instalaciones hut\u00edes, la situaci\u00f3n de seguridad no ha mejorado\u201d, concluye&nbsp;<em>Lars Jensen<\/em>.&nbsp;<\/p>\n\n\n\n<p><strong>jpevlogistics.com<\/strong><\/p>\n","protected":false},"excerpt":{"rendered":"<p>30\/12\/2024 &#8211; Esto se deber\u00e1 a que el asentamiento de la ruta en torno a \u00c1frica absorber\u00e1 una gran cantidad de capacidad El \u00cdndice de Carga Contenerizada de Shangh\u00e1i (SCFI) cay\u00f3 un -3% en comparaci\u00f3n con la semana pasada la semana pasada, la primera baja en este indicador desde el estallido de la crisis del [&hellip;]<\/p>\n","protected":false},"author":4,"featured_media":2970,"comment_status":"open","ping_status":"open","sticky":false,"template":"","format":"standard","meta":{"footnotes":""},"categories":[1],"tags":[],"class_list":["post-2969","post","type-post","status-publish","format-standard","has-post-thumbnail","hentry","category-sin-categoria"],"yoast_head":"<!-- This site is optimized with the Yoast SEO plugin v27.4 - https:\/\/yoast.com\/product\/yoast-seo-wordpress\/ -->\n<title>Tras el A\u00f1o Nuevo chino las tarifas continuar\u00e1n siendo m\u00e1s altas que antes de las crisis del Mar Rojo - JPEV Logistics<\/title>\n<meta name=\"robots\" content=\"index, follow, max-snippet:-1, max-image-preview:large, max-video-preview:-1\" \/>\n<link rel=\"canonical\" href=\"https:\/\/jpevlogistics.com\/en\/tras-el-ano-nuevo-chino-las-tarifas-continuaran-siendo-mas-altas-que-antes-de-las-crisis-del-mar-rojo\/\" \/>\n<meta property=\"og:locale\" content=\"en_US\" \/>\n<meta property=\"og:type\" content=\"article\" \/>\n<meta property=\"og:title\" content=\"Tras el A\u00f1o Nuevo chino las tarifas continuar\u00e1n siendo m\u00e1s altas que antes de las crisis del Mar Rojo - JPEV Logistics\" \/>\n<meta property=\"og:description\" content=\"30\/12\/2024 &#8211; Esto se deber\u00e1 a que el asentamiento de la ruta en torno a \u00c1frica absorber\u00e1 una gran cantidad de capacidad El \u00cdndice de Carga Contenerizada de Shangh\u00e1i (SCFI) cay\u00f3 un -3% en comparaci\u00f3n con la semana pasada la semana pasada, la primera baja en este indicador desde el estallido de la crisis del [&hellip;]\" \/>\n<meta property=\"og:url\" content=\"https:\/\/jpevlogistics.com\/en\/tras-el-ano-nuevo-chino-las-tarifas-continuaran-siendo-mas-altas-que-antes-de-las-crisis-del-mar-rojo\/\" \/>\n<meta property=\"og:site_name\" content=\"JPEV Logistics\" \/>\n<meta property=\"article:published_time\" content=\"2024-01-30T19:39:50+00:00\" \/>\n<meta property=\"article:modified_time\" content=\"2024-01-30T19:39:52+00:00\" \/>\n<meta property=\"og:image\" content=\"https:\/\/jpevlogistics.com\/wp-content\/uploads\/2024\/01\/BARCO-DE-CRISIS.jpeg\" \/>\n\t<meta property=\"og:image:width\" content=\"798\" \/>\n\t<meta property=\"og:image:height\" content=\"598\" \/>\n\t<meta property=\"og:image:type\" content=\"image\/jpeg\" \/>\n<meta name=\"author\" content=\"horacio\" \/>\n<meta name=\"twitter:card\" content=\"summary_large_image\" \/>\n<meta name=\"twitter:label1\" content=\"Written by\" \/>\n\t<meta name=\"twitter:data1\" content=\"horacio\" \/>\n\t<meta name=\"twitter:label2\" content=\"Est. reading time\" \/>\n\t<meta name=\"twitter:data2\" content=\"4 minutes\" \/>\n<script type=\"application\/ld+json\" class=\"yoast-schema-graph\">{\"@context\":\"https:\\\/\\\/schema.org\",\"@graph\":[{\"@type\":\"Article\",\"@id\":\"https:\\\/\\\/jpevlogistics.com\\\/tras-el-ano-nuevo-chino-las-tarifas-continuaran-siendo-mas-altas-que-antes-de-las-crisis-del-mar-rojo\\\/#article\",\"isPartOf\":{\"@id\":\"https:\\\/\\\/jpevlogistics.com\\\/tras-el-ano-nuevo-chino-las-tarifas-continuaran-siendo-mas-altas-que-antes-de-las-crisis-del-mar-rojo\\\/\"},\"author\":{\"name\":\"horacio\",\"@id\":\"https:\\\/\\\/jpevlogistics.com\\\/#\\\/schema\\\/person\\\/5cb83ed90e4ad10651470058bc190e62\"},\"headline\":\"Tras el A\u00f1o Nuevo chino las tarifas continuar\u00e1n siendo m\u00e1s altas que antes de las crisis del Mar Rojo\",\"datePublished\":\"2024-01-30T19:39:50+00:00\",\"dateModified\":\"2024-01-30T19:39:52+00:00\",\"mainEntityOfPage\":{\"@id\":\"https:\\\/\\\/jpevlogistics.com\\\/tras-el-ano-nuevo-chino-las-tarifas-continuaran-siendo-mas-altas-que-antes-de-las-crisis-del-mar-rojo\\\/\"},\"wordCount\":849,\"commentCount\":0,\"publisher\":{\"@id\":\"https:\\\/\\\/jpevlogistics.com\\\/#organization\"},\"image\":{\"@id\":\"https:\\\/\\\/jpevlogistics.com\\\/tras-el-ano-nuevo-chino-las-tarifas-continuaran-siendo-mas-altas-que-antes-de-las-crisis-del-mar-rojo\\\/#primaryimage\"},\"thumbnailUrl\":\"https:\\\/\\\/jpevlogistics.com\\\/wp-content\\\/uploads\\\/2024\\\/01\\\/BARCO-DE-CRISIS.jpeg\",\"articleSection\":[\"Sin categor\u00eda\"],\"inLanguage\":\"en-US\",\"potentialAction\":[{\"@type\":\"CommentAction\",\"name\":\"Comment\",\"target\":[\"https:\\\/\\\/jpevlogistics.com\\\/tras-el-ano-nuevo-chino-las-tarifas-continuaran-siendo-mas-altas-que-antes-de-las-crisis-del-mar-rojo\\\/#respond\"]}]},{\"@type\":\"WebPage\",\"@id\":\"https:\\\/\\\/jpevlogistics.com\\\/tras-el-ano-nuevo-chino-las-tarifas-continuaran-siendo-mas-altas-que-antes-de-las-crisis-del-mar-rojo\\\/\",\"url\":\"https:\\\/\\\/jpevlogistics.com\\\/tras-el-ano-nuevo-chino-las-tarifas-continuaran-siendo-mas-altas-que-antes-de-las-crisis-del-mar-rojo\\\/\",\"name\":\"Tras el A\u00f1o Nuevo chino las tarifas continuar\u00e1n siendo m\u00e1s altas que antes de las crisis del Mar Rojo - JPEV Logistics\",\"isPartOf\":{\"@id\":\"https:\\\/\\\/jpevlogistics.com\\\/#website\"},\"primaryImageOfPage\":{\"@id\":\"https:\\\/\\\/jpevlogistics.com\\\/tras-el-ano-nuevo-chino-las-tarifas-continuaran-siendo-mas-altas-que-antes-de-las-crisis-del-mar-rojo\\\/#primaryimage\"},\"image\":{\"@id\":\"https:\\\/\\\/jpevlogistics.com\\\/tras-el-ano-nuevo-chino-las-tarifas-continuaran-siendo-mas-altas-que-antes-de-las-crisis-del-mar-rojo\\\/#primaryimage\"},\"thumbnailUrl\":\"https:\\\/\\\/jpevlogistics.com\\\/wp-content\\\/uploads\\\/2024\\\/01\\\/BARCO-DE-CRISIS.jpeg\",\"datePublished\":\"2024-01-30T19:39:50+00:00\",\"dateModified\":\"2024-01-30T19:39:52+00:00\",\"breadcrumb\":{\"@id\":\"https:\\\/\\\/jpevlogistics.com\\\/tras-el-ano-nuevo-chino-las-tarifas-continuaran-siendo-mas-altas-que-antes-de-las-crisis-del-mar-rojo\\\/#breadcrumb\"},\"inLanguage\":\"en-US\",\"potentialAction\":[{\"@type\":\"ReadAction\",\"target\":[\"https:\\\/\\\/jpevlogistics.com\\\/tras-el-ano-nuevo-chino-las-tarifas-continuaran-siendo-mas-altas-que-antes-de-las-crisis-del-mar-rojo\\\/\"]}]},{\"@type\":\"ImageObject\",\"inLanguage\":\"en-US\",\"@id\":\"https:\\\/\\\/jpevlogistics.com\\\/tras-el-ano-nuevo-chino-las-tarifas-continuaran-siendo-mas-altas-que-antes-de-las-crisis-del-mar-rojo\\\/#primaryimage\",\"url\":\"https:\\\/\\\/jpevlogistics.com\\\/wp-content\\\/uploads\\\/2024\\\/01\\\/BARCO-DE-CRISIS.jpeg\",\"contentUrl\":\"https:\\\/\\\/jpevlogistics.com\\\/wp-content\\\/uploads\\\/2024\\\/01\\\/BARCO-DE-CRISIS.jpeg\",\"width\":798,\"height\":598},{\"@type\":\"BreadcrumbList\",\"@id\":\"https:\\\/\\\/jpevlogistics.com\\\/tras-el-ano-nuevo-chino-las-tarifas-continuaran-siendo-mas-altas-que-antes-de-las-crisis-del-mar-rojo\\\/#breadcrumb\",\"itemListElement\":[{\"@type\":\"ListItem\",\"position\":1,\"name\":\"Portada\",\"item\":\"https:\\\/\\\/jpevlogistics.com\\\/\"},{\"@type\":\"ListItem\",\"position\":2,\"name\":\"Tras el A\u00f1o Nuevo chino las tarifas continuar\u00e1n siendo m\u00e1s altas que antes de las crisis del Mar Rojo\"}]},{\"@type\":\"WebSite\",\"@id\":\"https:\\\/\\\/jpevlogistics.com\\\/#website\",\"url\":\"https:\\\/\\\/jpevlogistics.com\\\/\",\"name\":\"JPEV Logistics\",\"description\":\"\",\"publisher\":{\"@id\":\"https:\\\/\\\/jpevlogistics.com\\\/#organization\"},\"potentialAction\":[{\"@type\":\"SearchAction\",\"target\":{\"@type\":\"EntryPoint\",\"urlTemplate\":\"https:\\\/\\\/jpevlogistics.com\\\/?s={search_term_string}\"},\"query-input\":{\"@type\":\"PropertyValueSpecification\",\"valueRequired\":true,\"valueName\":\"search_term_string\"}}],\"inLanguage\":\"en-US\"},{\"@type\":\"Organization\",\"@id\":\"https:\\\/\\\/jpevlogistics.com\\\/#organization\",\"name\":\"JPEV Logistics\",\"url\":\"https:\\\/\\\/jpevlogistics.com\\\/\",\"logo\":{\"@type\":\"ImageObject\",\"inLanguage\":\"en-US\",\"@id\":\"https:\\\/\\\/jpevlogistics.com\\\/#\\\/schema\\\/logo\\\/image\\\/\",\"url\":\"https:\\\/\\\/jpevlogistics.com\\\/wp-content\\\/uploads\\\/2020\\\/07\\\/logo.png\",\"contentUrl\":\"https:\\\/\\\/jpevlogistics.com\\\/wp-content\\\/uploads\\\/2020\\\/07\\\/logo.png\",\"width\":214,\"height\":81,\"caption\":\"JPEV Logistics\"},\"image\":{\"@id\":\"https:\\\/\\\/jpevlogistics.com\\\/#\\\/schema\\\/logo\\\/image\\\/\"},\"sameAs\":[\"https:\\\/\\\/www.instagram.com\\\/jpevlogistics\\\/\",\"https:\\\/\\\/www.linkedin.com\\\/company\\\/jpev-logistics\\\/\"]},{\"@type\":\"Person\",\"@id\":\"https:\\\/\\\/jpevlogistics.com\\\/#\\\/schema\\\/person\\\/5cb83ed90e4ad10651470058bc190e62\",\"name\":\"horacio\",\"image\":{\"@type\":\"ImageObject\",\"inLanguage\":\"en-US\",\"@id\":\"https:\\\/\\\/secure.gravatar.com\\\/avatar\\\/49ba85a39487c51406dba7224109c3b2296f15c3dd1931dd024e3f540b12ea7d?s=96&d=mm&r=g\",\"url\":\"https:\\\/\\\/secure.gravatar.com\\\/avatar\\\/49ba85a39487c51406dba7224109c3b2296f15c3dd1931dd024e3f540b12ea7d?s=96&d=mm&r=g\",\"contentUrl\":\"https:\\\/\\\/secure.gravatar.com\\\/avatar\\\/49ba85a39487c51406dba7224109c3b2296f15c3dd1931dd024e3f540b12ea7d?s=96&d=mm&r=g\",\"caption\":\"horacio\"},\"url\":\"https:\\\/\\\/jpevlogistics.com\\\/en\\\/author\\\/horacio\\\/\"}]}<\/script>\n<!-- \/ Yoast SEO plugin. -->","yoast_head_json":{"title":"Tras el A\u00f1o Nuevo chino las tarifas continuar\u00e1n siendo m\u00e1s altas que antes de las crisis del Mar Rojo - JPEV Logistics","robots":{"index":"index","follow":"follow","max-snippet":"max-snippet:-1","max-image-preview":"max-image-preview:large","max-video-preview":"max-video-preview:-1"},"canonical":"https:\/\/jpevlogistics.com\/en\/tras-el-ano-nuevo-chino-las-tarifas-continuaran-siendo-mas-altas-que-antes-de-las-crisis-del-mar-rojo\/","og_locale":"en_US","og_type":"article","og_title":"Tras el A\u00f1o Nuevo chino las tarifas continuar\u00e1n siendo m\u00e1s altas que antes de las crisis del Mar Rojo - JPEV Logistics","og_description":"30\/12\/2024 &#8211; Esto se deber\u00e1 a que el asentamiento de la ruta en torno a \u00c1frica absorber\u00e1 una gran cantidad de capacidad El \u00cdndice de Carga Contenerizada de Shangh\u00e1i (SCFI) cay\u00f3 un -3% en comparaci\u00f3n con la semana pasada la semana pasada, la primera baja en este indicador desde el estallido de la crisis del [&hellip;]","og_url":"https:\/\/jpevlogistics.com\/en\/tras-el-ano-nuevo-chino-las-tarifas-continuaran-siendo-mas-altas-que-antes-de-las-crisis-del-mar-rojo\/","og_site_name":"JPEV Logistics","article_published_time":"2024-01-30T19:39:50+00:00","article_modified_time":"2024-01-30T19:39:52+00:00","og_image":[{"width":798,"height":598,"url":"https:\/\/jpevlogistics.com\/wp-content\/uploads\/2024\/01\/BARCO-DE-CRISIS.jpeg","type":"image\/jpeg"}],"author":"horacio","twitter_card":"summary_large_image","twitter_misc":{"Written by":"horacio","Est. reading time":"4 minutes"},"schema":{"@context":"https:\/\/schema.org","@graph":[{"@type":"Article","@id":"https:\/\/jpevlogistics.com\/tras-el-ano-nuevo-chino-las-tarifas-continuaran-siendo-mas-altas-que-antes-de-las-crisis-del-mar-rojo\/#article","isPartOf":{"@id":"https:\/\/jpevlogistics.com\/tras-el-ano-nuevo-chino-las-tarifas-continuaran-siendo-mas-altas-que-antes-de-las-crisis-del-mar-rojo\/"},"author":{"name":"horacio","@id":"https:\/\/jpevlogistics.com\/#\/schema\/person\/5cb83ed90e4ad10651470058bc190e62"},"headline":"Tras el A\u00f1o Nuevo chino las tarifas continuar\u00e1n siendo m\u00e1s altas que antes de las crisis del Mar Rojo","datePublished":"2024-01-30T19:39:50+00:00","dateModified":"2024-01-30T19:39:52+00:00","mainEntityOfPage":{"@id":"https:\/\/jpevlogistics.com\/tras-el-ano-nuevo-chino-las-tarifas-continuaran-siendo-mas-altas-que-antes-de-las-crisis-del-mar-rojo\/"},"wordCount":849,"commentCount":0,"publisher":{"@id":"https:\/\/jpevlogistics.com\/#organization"},"image":{"@id":"https:\/\/jpevlogistics.com\/tras-el-ano-nuevo-chino-las-tarifas-continuaran-siendo-mas-altas-que-antes-de-las-crisis-del-mar-rojo\/#primaryimage"},"thumbnailUrl":"https:\/\/jpevlogistics.com\/wp-content\/uploads\/2024\/01\/BARCO-DE-CRISIS.jpeg","articleSection":["Sin categor\u00eda"],"inLanguage":"en-US","potentialAction":[{"@type":"CommentAction","name":"Comment","target":["https:\/\/jpevlogistics.com\/tras-el-ano-nuevo-chino-las-tarifas-continuaran-siendo-mas-altas-que-antes-de-las-crisis-del-mar-rojo\/#respond"]}]},{"@type":"WebPage","@id":"https:\/\/jpevlogistics.com\/tras-el-ano-nuevo-chino-las-tarifas-continuaran-siendo-mas-altas-que-antes-de-las-crisis-del-mar-rojo\/","url":"https:\/\/jpevlogistics.com\/tras-el-ano-nuevo-chino-las-tarifas-continuaran-siendo-mas-altas-que-antes-de-las-crisis-del-mar-rojo\/","name":"Tras el A\u00f1o Nuevo chino las tarifas continuar\u00e1n siendo m\u00e1s altas que antes de las crisis del Mar Rojo - JPEV Logistics","isPartOf":{"@id":"https:\/\/jpevlogistics.com\/#website"},"primaryImageOfPage":{"@id":"https:\/\/jpevlogistics.com\/tras-el-ano-nuevo-chino-las-tarifas-continuaran-siendo-mas-altas-que-antes-de-las-crisis-del-mar-rojo\/#primaryimage"},"image":{"@id":"https:\/\/jpevlogistics.com\/tras-el-ano-nuevo-chino-las-tarifas-continuaran-siendo-mas-altas-que-antes-de-las-crisis-del-mar-rojo\/#primaryimage"},"thumbnailUrl":"https:\/\/jpevlogistics.com\/wp-content\/uploads\/2024\/01\/BARCO-DE-CRISIS.jpeg","datePublished":"2024-01-30T19:39:50+00:00","dateModified":"2024-01-30T19:39:52+00:00","breadcrumb":{"@id":"https:\/\/jpevlogistics.com\/tras-el-ano-nuevo-chino-las-tarifas-continuaran-siendo-mas-altas-que-antes-de-las-crisis-del-mar-rojo\/#breadcrumb"},"inLanguage":"en-US","potentialAction":[{"@type":"ReadAction","target":["https:\/\/jpevlogistics.com\/tras-el-ano-nuevo-chino-las-tarifas-continuaran-siendo-mas-altas-que-antes-de-las-crisis-del-mar-rojo\/"]}]},{"@type":"ImageObject","inLanguage":"en-US","@id":"https:\/\/jpevlogistics.com\/tras-el-ano-nuevo-chino-las-tarifas-continuaran-siendo-mas-altas-que-antes-de-las-crisis-del-mar-rojo\/#primaryimage","url":"https:\/\/jpevlogistics.com\/wp-content\/uploads\/2024\/01\/BARCO-DE-CRISIS.jpeg","contentUrl":"https:\/\/jpevlogistics.com\/wp-content\/uploads\/2024\/01\/BARCO-DE-CRISIS.jpeg","width":798,"height":598},{"@type":"BreadcrumbList","@id":"https:\/\/jpevlogistics.com\/tras-el-ano-nuevo-chino-las-tarifas-continuaran-siendo-mas-altas-que-antes-de-las-crisis-del-mar-rojo\/#breadcrumb","itemListElement":[{"@type":"ListItem","position":1,"name":"Portada","item":"https:\/\/jpevlogistics.com\/"},{"@type":"ListItem","position":2,"name":"Tras el A\u00f1o Nuevo chino las tarifas continuar\u00e1n siendo m\u00e1s altas que antes de las crisis del Mar Rojo"}]},{"@type":"WebSite","@id":"https:\/\/jpevlogistics.com\/#website","url":"https:\/\/jpevlogistics.com\/","name":"JPEV Logistics","description":"","publisher":{"@id":"https:\/\/jpevlogistics.com\/#organization"},"potentialAction":[{"@type":"SearchAction","target":{"@type":"EntryPoint","urlTemplate":"https:\/\/jpevlogistics.com\/?s={search_term_string}"},"query-input":{"@type":"PropertyValueSpecification","valueRequired":true,"valueName":"search_term_string"}}],"inLanguage":"en-US"},{"@type":"Organization","@id":"https:\/\/jpevlogistics.com\/#organization","name":"JPEV Logistics","url":"https:\/\/jpevlogistics.com\/","logo":{"@type":"ImageObject","inLanguage":"en-US","@id":"https:\/\/jpevlogistics.com\/#\/schema\/logo\/image\/","url":"https:\/\/jpevlogistics.com\/wp-content\/uploads\/2020\/07\/logo.png","contentUrl":"https:\/\/jpevlogistics.com\/wp-content\/uploads\/2020\/07\/logo.png","width":214,"height":81,"caption":"JPEV Logistics"},"image":{"@id":"https:\/\/jpevlogistics.com\/#\/schema\/logo\/image\/"},"sameAs":["https:\/\/www.instagram.com\/jpevlogistics\/","https:\/\/www.linkedin.com\/company\/jpev-logistics\/"]},{"@type":"Person","@id":"https:\/\/jpevlogistics.com\/#\/schema\/person\/5cb83ed90e4ad10651470058bc190e62","name":"horacio","image":{"@type":"ImageObject","inLanguage":"en-US","@id":"https:\/\/secure.gravatar.com\/avatar\/49ba85a39487c51406dba7224109c3b2296f15c3dd1931dd024e3f540b12ea7d?s=96&d=mm&r=g","url":"https:\/\/secure.gravatar.com\/avatar\/49ba85a39487c51406dba7224109c3b2296f15c3dd1931dd024e3f540b12ea7d?s=96&d=mm&r=g","contentUrl":"https:\/\/secure.gravatar.com\/avatar\/49ba85a39487c51406dba7224109c3b2296f15c3dd1931dd024e3f540b12ea7d?s=96&d=mm&r=g","caption":"horacio"},"url":"https:\/\/jpevlogistics.com\/en\/author\/horacio\/"}]}},"_links":{"self":[{"href":"https:\/\/jpevlogistics.com\/en\/wp-json\/wp\/v2\/posts\/2969","targetHints":{"allow":["GET"]}}],"collection":[{"href":"https:\/\/jpevlogistics.com\/en\/wp-json\/wp\/v2\/posts"}],"about":[{"href":"https:\/\/jpevlogistics.com\/en\/wp-json\/wp\/v2\/types\/post"}],"author":[{"embeddable":true,"href":"https:\/\/jpevlogistics.com\/en\/wp-json\/wp\/v2\/users\/4"}],"replies":[{"embeddable":true,"href":"https:\/\/jpevlogistics.com\/en\/wp-json\/wp\/v2\/comments?post=2969"}],"version-history":[{"count":1,"href":"https:\/\/jpevlogistics.com\/en\/wp-json\/wp\/v2\/posts\/2969\/revisions"}],"predecessor-version":[{"id":2971,"href":"https:\/\/jpevlogistics.com\/en\/wp-json\/wp\/v2\/posts\/2969\/revisions\/2971"}],"wp:featuredmedia":[{"embeddable":true,"href":"https:\/\/jpevlogistics.com\/en\/wp-json\/wp\/v2\/media\/2970"}],"wp:attachment":[{"href":"https:\/\/jpevlogistics.com\/en\/wp-json\/wp\/v2\/media?parent=2969"}],"wp:term":[{"taxonomy":"category","embeddable":true,"href":"https:\/\/jpevlogistics.com\/en\/wp-json\/wp\/v2\/categories?post=2969"},{"taxonomy":"post_tag","embeddable":true,"href":"https:\/\/jpevlogistics.com\/en\/wp-json\/wp\/v2\/tags?post=2969"}],"curies":[{"name":"wp","href":"https:\/\/api.w.org\/{rel}","templated":true}]}}