{"id":3097,"date":"2024-03-21T13:01:10","date_gmt":"2024-03-21T13:01:10","guid":{"rendered":"https:\/\/jpevlogistics.com\/?p=3097"},"modified":"2024-03-21T13:01:13","modified_gmt":"2024-03-21T13:01:13","slug":"por-la-caida-de-un-puente-quedo-interrumpido-el-paso-terrestre-entre-argentina-y-chile","status":"publish","type":"post","link":"https:\/\/jpevlogistics.com\/en\/por-la-caida-de-un-puente-quedo-interrumpido-el-paso-terrestre-entre-argentina-y-chile\/","title":{"rendered":"Por la ca\u00edda de un puente, qued\u00f3 interrumpido el paso terrestre entre Argentina y Chile"},"content":{"rendered":"<p>21\/03\/2024- La zona se encuentra incomunicada para veh\u00edculos terrestres de gran porte, pero las autoridades lograron establecer un camino alternativo para rodados peque\u00f1os.<\/p>\n\n\n\n<figure class=\"wp-block-image size-full\"><img fetchpriority=\"high\" decoding=\"async\" width=\"987\" height=\"555\" src=\"https:\/\/jpevlogistics.com\/wp-content\/uploads\/2024\/03\/pPaso-de-Jama.webp\" alt=\"\" class=\"wp-image-3098\" srcset=\"https:\/\/jpevlogistics.com\/wp-content\/uploads\/2024\/03\/pPaso-de-Jama.webp 987w, https:\/\/jpevlogistics.com\/wp-content\/uploads\/2024\/03\/pPaso-de-Jama-300x169.webp 300w, https:\/\/jpevlogistics.com\/wp-content\/uploads\/2024\/03\/pPaso-de-Jama-768x432.webp 768w, https:\/\/jpevlogistics.com\/wp-content\/uploads\/2024\/03\/pPaso-de-Jama-18x10.webp 18w\" sizes=\"(max-width: 987px) 100vw, 987px\" \/><\/figure>\n\n\n\n<p>Las intensas lluvias y la crecida de un r\u00edo provocaron<a target=\"_blank\" href=\"https:\/\/www.perfil.com\/noticias\/actualidad\/enorme-barco-bandera-liberia-choco-contra-puente-zarate-brazo-largo.phtml\" rel=\"noreferrer noopener\">&nbsp;<\/a><strong><a target=\"_blank\" href=\"https:\/\/www.perfil.com\/noticias\/actualidad\/enorme-barco-bandera-liberia-choco-contra-puente-zarate-brazo-largo.phtml\" rel=\"noreferrer noopener\">la ca\u00edda de un puente<\/a>&nbsp;<\/strong>y otros da\u00f1os de distinta magnitud en la traza de&nbsp;<strong>ruta nacional 52<\/strong>, que comunica la provincia de&nbsp;<strong><a target=\"_blank\" href=\"https:\/\/www.perfil.com\/noticias\/actualidad\/jujuy-apenas-una-muestra-de-lo-dificil-que-va-a-ser.phtml\" rel=\"noreferrer noopener\">Jujuy con Chile<\/a>&nbsp;a trav\u00e9s del Paso de Jama<\/strong>. La zona se encuentra incomunicada por v\u00eda terrestre para los veh\u00edculos de gran porte, mientras que las autoridades lograron establecer un camino alternativo para rodados peque\u00f1os.<\/p>\n\n\n\n<p>El hecho ocurri\u00f3 en la madrugada de este domingo debido a las\u00a0<strong>fuertes precipitaciones<\/strong>\u00a0registradas en la zona. Tras el desmoronamiento del paso fronterizo tambi\u00e9n se report\u00f3 deslizamiento de barro y agua en varios tramos de la ruta que conecta al pa\u00eds con el norte chileno.<\/p>\n\n\n\n<p>Para paliar la situaci\u00f3n, la&nbsp;<strong>Direcci\u00f3n Nacional de Vialidad<\/strong>&nbsp;eval\u00faa la posibilidad de instalar un&nbsp;<strong>puente Bailey<\/strong>, tambi\u00e9n conocido como mecano, que se trata de un puente port\u00e1til prefabricado de uso militar. Adem\u00e1s se plante\u00f3 la posibilidad de establecer un&nbsp;<a target=\"_blank\" href=\"https:\/\/www.perfil.com\/noticias\/politica\/cuales-son-puntos-reforma-constitucional-detonaron-conflicto-social.phtml\" rel=\"noreferrer noopener\">camino alternativo para camiones<\/a>&nbsp;y otros veh\u00edculos de gran porte, teniendo en cuenta la importancia del tr\u00e1nsito de esa&nbsp;<strong>ruta que llega a puertos chilenos<\/strong>.<\/p>\n\n\n\n<p>En tanto, Vialidad habilit\u00f3 un trayecto de circulaci\u00f3n exclusivamente para autos y camionetas &#8220;sentido este &#8211; oeste sobre Ruta Nacional 52 desde\u00a0<strong><a href=\"https:\/\/www.perfil.com\/noticias\/actualidad\/jujuy-incidentes-y-represion-policial-en-las-protestas-contra-la-reforma-constitucional.phtml\" target=\"_blank\" rel=\"noreferrer noopener\">Purmamarca<\/a>\u00a0hasta Aguas Blancas<\/strong>, con\u00a0<strong>empalme a Ruta Provincial 78<\/strong>\u00a0camino a Pozo Colorado, San Miguel de Colorados, empalme\u00a0<strong>Ruta Provincial 79<\/strong>\u00a0hacia Ruta Nacional 52 y viceversa&#8221;.<\/p>\n\n\n\n<figure class=\"wp-block-image size-full\"><img decoding=\"async\" width=\"900\" height=\"506\" src=\"https:\/\/jpevlogistics.com\/wp-content\/uploads\/2024\/03\/Paso-de-jama-mapa.jpeg\" alt=\"\" class=\"wp-image-3099\" srcset=\"https:\/\/jpevlogistics.com\/wp-content\/uploads\/2024\/03\/Paso-de-jama-mapa.jpeg 900w, https:\/\/jpevlogistics.com\/wp-content\/uploads\/2024\/03\/Paso-de-jama-mapa-300x169.jpeg 300w, https:\/\/jpevlogistics.com\/wp-content\/uploads\/2024\/03\/Paso-de-jama-mapa-768x432.jpeg 768w, https:\/\/jpevlogistics.com\/wp-content\/uploads\/2024\/03\/Paso-de-jama-mapa-18x10.jpeg 18w\" sizes=\"(max-width: 900px) 100vw, 900px\" \/><\/figure>\n\n\n\n<p>En tanto, se conoci\u00f3 que docentes de nueve escuelas primarias y cinco secundarios de la zona&nbsp;<strong>no pod\u00edan retornar a sus hogares<\/strong>&nbsp;en otros lugares de Jujuy, debido a que la compa\u00f1\u00eda que se encarga del servicio de transporte no iba a brindarlo hasta tanto la ruta estuviera transitable.<\/p>\n\n\n\n<p>De manera inicial, el Gobierno juje\u00f1o asisti\u00f3 a las personas damnificadas con&nbsp;<strong>comida, agua, mercader\u00eda<\/strong>, colchones, ropa de abrigo y otros elementos de primera necesidad, se inform\u00f3 oficialmente. Tambi\u00e9n explicaron que \u201cse regula la circulaci\u00f3n vehicular en la zona y se trabaja para restablecer condiciones de seguridad para recuperar el tr\u00e1nsito vehicular, en particular el de&nbsp;<strong>traslado de pasajeros y transporte de cargas<\/strong>\u201d.<\/p>\n\n\n\n<h2 class=\"wp-block-heading\"><strong>Otros incidentes en la ruta 52 en Jujuy<\/strong><\/h2>\n\n\n\n<p>El pasado 29 de febrero,&nbsp;<strong>la misma ruta hab\u00eda sufrido derrumbes<\/strong>, socavamiento de la v\u00eda y gran acumulaci\u00f3n de sedimentos en la calzada. En ese momento, se opt\u00f3 por interrumpir la circulaci\u00f3n entre las localidades de Purmamarca y Susques, en Jujuy.<\/p>\n\n\n\n<p>Las tormentas hab\u00edan producido&nbsp;<a target=\"_blank\" href=\"https:\/\/www.perfil.com\/noticias\/actualidad\/video-desde-adentro-como-choco-barco-contra-puente-zarate-brazo-largo.phtml\" rel=\"noreferrer noopener\">cortes, anegamientos<\/a>&nbsp;y desprendimiento de sedimentos en gran parte de la&nbsp;<strong>Quebrada<\/strong>&nbsp;y&nbsp;<strong>la Puna<\/strong>; por lo que desde los sectores de seguridad hab\u00edan solicitado a la poblaci\u00f3n precauci\u00f3n y cuidado al transitar por ese lugar.<\/p>\n\n\n\n<p>La Ruta 52 no fue la \u00fanica afectada, ya que<strong>\u00a0la Ruta 9, en el norte de la provinci<\/strong>a, se inund\u00f3 en la ma\u00f1ana del s\u00e1bado por el desborde del<strong>\u00a0r\u00edo Grande de Tilcara,\u00a0<\/strong>aunque en este caso se logr\u00f3 solucionar la circulaci\u00f3n r\u00e1pidamente.<br><br>jpevlogistics.com <\/p>","protected":false},"excerpt":{"rendered":"<p>21\/03\/2024- La zona se encuentra incomunicada para veh\u00edculos terrestres de gran porte, pero las autoridades lograron establecer un camino alternativo para rodados peque\u00f1os. Las intensas lluvias y la crecida de un r\u00edo provocaron&nbsp;la ca\u00edda de un puente&nbsp;y otros da\u00f1os de distinta magnitud en la traza de&nbsp;ruta nacional 52, que comunica la provincia de&nbsp;Jujuy con Chile&nbsp;a [&hellip;]<\/p>\n","protected":false},"author":4,"featured_media":3098,"comment_status":"open","ping_status":"open","sticky":false,"template":"","format":"standard","meta":{"footnotes":""},"categories":[1],"tags":[],"class_list":["post-3097","post","type-post","status-publish","format-standard","has-post-thumbnail","hentry","category-sin-categoria"],"yoast_head":"<!-- This site is optimized with the Yoast SEO plugin v27.4 - https:\/\/yoast.com\/product\/yoast-seo-wordpress\/ -->\n<title>Por la ca\u00edda de un puente, qued\u00f3 interrumpido el paso terrestre entre Argentina y Chile - JPEV Logistics<\/title>\n<meta name=\"robots\" content=\"index, follow, max-snippet:-1, max-image-preview:large, max-video-preview:-1\" \/>\n<link rel=\"canonical\" href=\"https:\/\/jpevlogistics.com\/en\/por-la-caida-de-un-puente-quedo-interrumpido-el-paso-terrestre-entre-argentina-y-chile\/\" \/>\n<meta property=\"og:locale\" content=\"en_US\" \/>\n<meta property=\"og:type\" content=\"article\" \/>\n<meta property=\"og:title\" content=\"Por la ca\u00edda de un puente, qued\u00f3 interrumpido el paso terrestre entre Argentina y Chile - JPEV Logistics\" \/>\n<meta property=\"og:description\" content=\"21\/03\/2024- La zona se encuentra incomunicada para veh\u00edculos terrestres de gran porte, pero las autoridades lograron establecer un camino alternativo para rodados peque\u00f1os. Las intensas lluvias y la crecida de un r\u00edo provocaron&nbsp;la ca\u00edda de un puente&nbsp;y otros da\u00f1os de distinta magnitud en la traza de&nbsp;ruta nacional 52, que comunica la provincia de&nbsp;Jujuy con Chile&nbsp;a [&hellip;]\" \/>\n<meta property=\"og:url\" content=\"https:\/\/jpevlogistics.com\/en\/por-la-caida-de-un-puente-quedo-interrumpido-el-paso-terrestre-entre-argentina-y-chile\/\" \/>\n<meta property=\"og:site_name\" content=\"JPEV Logistics\" \/>\n<meta property=\"article:published_time\" content=\"2024-03-21T13:01:10+00:00\" \/>\n<meta property=\"article:modified_time\" content=\"2024-03-21T13:01:13+00:00\" \/>\n<meta property=\"og:image\" content=\"https:\/\/jpevlogistics.com\/wp-content\/uploads\/2024\/03\/pPaso-de-Jama.webp\" \/>\n\t<meta property=\"og:image:width\" content=\"987\" \/>\n\t<meta property=\"og:image:height\" content=\"555\" \/>\n\t<meta property=\"og:image:type\" content=\"image\/webp\" \/>\n<meta name=\"author\" content=\"horacio\" \/>\n<meta name=\"twitter:card\" content=\"summary_large_image\" \/>\n<meta name=\"twitter:label1\" content=\"Written by\" \/>\n\t<meta name=\"twitter:data1\" content=\"horacio\" \/>\n\t<meta name=\"twitter:label2\" content=\"Est. reading time\" \/>\n\t<meta name=\"twitter:data2\" content=\"3 minutes\" \/>\n<script type=\"application\/ld+json\" class=\"yoast-schema-graph\">{\"@context\":\"https:\\\/\\\/schema.org\",\"@graph\":[{\"@type\":\"Article\",\"@id\":\"https:\\\/\\\/jpevlogistics.com\\\/en\\\/por-la-caida-de-un-puente-quedo-interrumpido-el-paso-terrestre-entre-argentina-y-chile\\\/#article\",\"isPartOf\":{\"@id\":\"https:\\\/\\\/jpevlogistics.com\\\/en\\\/por-la-caida-de-un-puente-quedo-interrumpido-el-paso-terrestre-entre-argentina-y-chile\\\/\"},\"author\":{\"name\":\"horacio\",\"@id\":\"https:\\\/\\\/jpevlogistics.com\\\/#\\\/schema\\\/person\\\/5cb83ed90e4ad10651470058bc190e62\"},\"headline\":\"Por la ca\u00edda de un puente, qued\u00f3 interrumpido el paso terrestre entre Argentina y Chile\",\"datePublished\":\"2024-03-21T13:01:10+00:00\",\"dateModified\":\"2024-03-21T13:01:13+00:00\",\"mainEntityOfPage\":{\"@id\":\"https:\\\/\\\/jpevlogistics.com\\\/en\\\/por-la-caida-de-un-puente-quedo-interrumpido-el-paso-terrestre-entre-argentina-y-chile\\\/\"},\"wordCount\":567,\"commentCount\":0,\"publisher\":{\"@id\":\"https:\\\/\\\/jpevlogistics.com\\\/#organization\"},\"image\":{\"@id\":\"https:\\\/\\\/jpevlogistics.com\\\/en\\\/por-la-caida-de-un-puente-quedo-interrumpido-el-paso-terrestre-entre-argentina-y-chile\\\/#primaryimage\"},\"thumbnailUrl\":\"https:\\\/\\\/jpevlogistics.com\\\/wp-content\\\/uploads\\\/2024\\\/03\\\/pPaso-de-Jama.webp\",\"articleSection\":[\"Sin categor\u00eda\"],\"inLanguage\":\"en-US\",\"potentialAction\":[{\"@type\":\"CommentAction\",\"name\":\"Comment\",\"target\":[\"https:\\\/\\\/jpevlogistics.com\\\/en\\\/por-la-caida-de-un-puente-quedo-interrumpido-el-paso-terrestre-entre-argentina-y-chile\\\/#respond\"]}]},{\"@type\":\"WebPage\",\"@id\":\"https:\\\/\\\/jpevlogistics.com\\\/en\\\/por-la-caida-de-un-puente-quedo-interrumpido-el-paso-terrestre-entre-argentina-y-chile\\\/\",\"url\":\"https:\\\/\\\/jpevlogistics.com\\\/en\\\/por-la-caida-de-un-puente-quedo-interrumpido-el-paso-terrestre-entre-argentina-y-chile\\\/\",\"name\":\"Por la ca\u00edda de un puente, qued\u00f3 interrumpido el paso terrestre entre Argentina y Chile - JPEV Logistics\",\"isPartOf\":{\"@id\":\"https:\\\/\\\/jpevlogistics.com\\\/#website\"},\"primaryImageOfPage\":{\"@id\":\"https:\\\/\\\/jpevlogistics.com\\\/en\\\/por-la-caida-de-un-puente-quedo-interrumpido-el-paso-terrestre-entre-argentina-y-chile\\\/#primaryimage\"},\"image\":{\"@id\":\"https:\\\/\\\/jpevlogistics.com\\\/en\\\/por-la-caida-de-un-puente-quedo-interrumpido-el-paso-terrestre-entre-argentina-y-chile\\\/#primaryimage\"},\"thumbnailUrl\":\"https:\\\/\\\/jpevlogistics.com\\\/wp-content\\\/uploads\\\/2024\\\/03\\\/pPaso-de-Jama.webp\",\"datePublished\":\"2024-03-21T13:01:10+00:00\",\"dateModified\":\"2024-03-21T13:01:13+00:00\",\"breadcrumb\":{\"@id\":\"https:\\\/\\\/jpevlogistics.com\\\/en\\\/por-la-caida-de-un-puente-quedo-interrumpido-el-paso-terrestre-entre-argentina-y-chile\\\/#breadcrumb\"},\"inLanguage\":\"en-US\",\"potentialAction\":[{\"@type\":\"ReadAction\",\"target\":[\"https:\\\/\\\/jpevlogistics.com\\\/en\\\/por-la-caida-de-un-puente-quedo-interrumpido-el-paso-terrestre-entre-argentina-y-chile\\\/\"]}]},{\"@type\":\"ImageObject\",\"inLanguage\":\"en-US\",\"@id\":\"https:\\\/\\\/jpevlogistics.com\\\/en\\\/por-la-caida-de-un-puente-quedo-interrumpido-el-paso-terrestre-entre-argentina-y-chile\\\/#primaryimage\",\"url\":\"https:\\\/\\\/jpevlogistics.com\\\/wp-content\\\/uploads\\\/2024\\\/03\\\/pPaso-de-Jama.webp\",\"contentUrl\":\"https:\\\/\\\/jpevlogistics.com\\\/wp-content\\\/uploads\\\/2024\\\/03\\\/pPaso-de-Jama.webp\",\"width\":987,\"height\":555},{\"@type\":\"BreadcrumbList\",\"@id\":\"https:\\\/\\\/jpevlogistics.com\\\/en\\\/por-la-caida-de-un-puente-quedo-interrumpido-el-paso-terrestre-entre-argentina-y-chile\\\/#breadcrumb\",\"itemListElement\":[{\"@type\":\"ListItem\",\"position\":1,\"name\":\"Portada\",\"item\":\"https:\\\/\\\/jpevlogistics.com\\\/\"},{\"@type\":\"ListItem\",\"position\":2,\"name\":\"Por la ca\u00edda de un puente, qued\u00f3 interrumpido el paso terrestre entre Argentina y Chile\"}]},{\"@type\":\"WebSite\",\"@id\":\"https:\\\/\\\/jpevlogistics.com\\\/#website\",\"url\":\"https:\\\/\\\/jpevlogistics.com\\\/\",\"name\":\"JPEV Logistics\",\"description\":\"\",\"publisher\":{\"@id\":\"https:\\\/\\\/jpevlogistics.com\\\/#organization\"},\"potentialAction\":[{\"@type\":\"SearchAction\",\"target\":{\"@type\":\"EntryPoint\",\"urlTemplate\":\"https:\\\/\\\/jpevlogistics.com\\\/?s={search_term_string}\"},\"query-input\":{\"@type\":\"PropertyValueSpecification\",\"valueRequired\":true,\"valueName\":\"search_term_string\"}}],\"inLanguage\":\"en-US\"},{\"@type\":\"Organization\",\"@id\":\"https:\\\/\\\/jpevlogistics.com\\\/#organization\",\"name\":\"JPEV Logistics\",\"url\":\"https:\\\/\\\/jpevlogistics.com\\\/\",\"logo\":{\"@type\":\"ImageObject\",\"inLanguage\":\"en-US\",\"@id\":\"https:\\\/\\\/jpevlogistics.com\\\/#\\\/schema\\\/logo\\\/image\\\/\",\"url\":\"https:\\\/\\\/jpevlogistics.com\\\/wp-content\\\/uploads\\\/2020\\\/07\\\/logo.png\",\"contentUrl\":\"https:\\\/\\\/jpevlogistics.com\\\/wp-content\\\/uploads\\\/2020\\\/07\\\/logo.png\",\"width\":214,\"height\":81,\"caption\":\"JPEV Logistics\"},\"image\":{\"@id\":\"https:\\\/\\\/jpevlogistics.com\\\/#\\\/schema\\\/logo\\\/image\\\/\"},\"sameAs\":[\"https:\\\/\\\/www.instagram.com\\\/jpevlogistics\\\/\",\"https:\\\/\\\/www.linkedin.com\\\/company\\\/jpev-logistics\\\/\"]},{\"@type\":\"Person\",\"@id\":\"https:\\\/\\\/jpevlogistics.com\\\/#\\\/schema\\\/person\\\/5cb83ed90e4ad10651470058bc190e62\",\"name\":\"horacio\",\"image\":{\"@type\":\"ImageObject\",\"inLanguage\":\"en-US\",\"@id\":\"https:\\\/\\\/secure.gravatar.com\\\/avatar\\\/49ba85a39487c51406dba7224109c3b2296f15c3dd1931dd024e3f540b12ea7d?s=96&d=mm&r=g\",\"url\":\"https:\\\/\\\/secure.gravatar.com\\\/avatar\\\/49ba85a39487c51406dba7224109c3b2296f15c3dd1931dd024e3f540b12ea7d?s=96&d=mm&r=g\",\"contentUrl\":\"https:\\\/\\\/secure.gravatar.com\\\/avatar\\\/49ba85a39487c51406dba7224109c3b2296f15c3dd1931dd024e3f540b12ea7d?s=96&d=mm&r=g\",\"caption\":\"horacio\"},\"url\":\"https:\\\/\\\/jpevlogistics.com\\\/en\\\/author\\\/horacio\\\/\"}]}<\/script>\n<!-- \/ Yoast SEO plugin. -->","yoast_head_json":{"title":"Por la ca\u00edda de un puente, qued\u00f3 interrumpido el paso terrestre entre Argentina y Chile - JPEV Logistics","robots":{"index":"index","follow":"follow","max-snippet":"max-snippet:-1","max-image-preview":"max-image-preview:large","max-video-preview":"max-video-preview:-1"},"canonical":"https:\/\/jpevlogistics.com\/en\/por-la-caida-de-un-puente-quedo-interrumpido-el-paso-terrestre-entre-argentina-y-chile\/","og_locale":"en_US","og_type":"article","og_title":"Por la ca\u00edda de un puente, qued\u00f3 interrumpido el paso terrestre entre Argentina y Chile - JPEV Logistics","og_description":"21\/03\/2024- La zona se encuentra incomunicada para veh\u00edculos terrestres de gran porte, pero las autoridades lograron establecer un camino alternativo para rodados peque\u00f1os. Las intensas lluvias y la crecida de un r\u00edo provocaron&nbsp;la ca\u00edda de un puente&nbsp;y otros da\u00f1os de distinta magnitud en la traza de&nbsp;ruta nacional 52, que comunica la provincia de&nbsp;Jujuy con Chile&nbsp;a [&hellip;]","og_url":"https:\/\/jpevlogistics.com\/en\/por-la-caida-de-un-puente-quedo-interrumpido-el-paso-terrestre-entre-argentina-y-chile\/","og_site_name":"JPEV Logistics","article_published_time":"2024-03-21T13:01:10+00:00","article_modified_time":"2024-03-21T13:01:13+00:00","og_image":[{"width":987,"height":555,"url":"https:\/\/jpevlogistics.com\/wp-content\/uploads\/2024\/03\/pPaso-de-Jama.webp","type":"image\/webp"}],"author":"horacio","twitter_card":"summary_large_image","twitter_misc":{"Written by":"horacio","Est. reading time":"3 minutes"},"schema":{"@context":"https:\/\/schema.org","@graph":[{"@type":"Article","@id":"https:\/\/jpevlogistics.com\/en\/por-la-caida-de-un-puente-quedo-interrumpido-el-paso-terrestre-entre-argentina-y-chile\/#article","isPartOf":{"@id":"https:\/\/jpevlogistics.com\/en\/por-la-caida-de-un-puente-quedo-interrumpido-el-paso-terrestre-entre-argentina-y-chile\/"},"author":{"name":"horacio","@id":"https:\/\/jpevlogistics.com\/#\/schema\/person\/5cb83ed90e4ad10651470058bc190e62"},"headline":"Por la ca\u00edda de un puente, qued\u00f3 interrumpido el paso terrestre entre Argentina y Chile","datePublished":"2024-03-21T13:01:10+00:00","dateModified":"2024-03-21T13:01:13+00:00","mainEntityOfPage":{"@id":"https:\/\/jpevlogistics.com\/en\/por-la-caida-de-un-puente-quedo-interrumpido-el-paso-terrestre-entre-argentina-y-chile\/"},"wordCount":567,"commentCount":0,"publisher":{"@id":"https:\/\/jpevlogistics.com\/#organization"},"image":{"@id":"https:\/\/jpevlogistics.com\/en\/por-la-caida-de-un-puente-quedo-interrumpido-el-paso-terrestre-entre-argentina-y-chile\/#primaryimage"},"thumbnailUrl":"https:\/\/jpevlogistics.com\/wp-content\/uploads\/2024\/03\/pPaso-de-Jama.webp","articleSection":["Sin categor\u00eda"],"inLanguage":"en-US","potentialAction":[{"@type":"CommentAction","name":"Comment","target":["https:\/\/jpevlogistics.com\/en\/por-la-caida-de-un-puente-quedo-interrumpido-el-paso-terrestre-entre-argentina-y-chile\/#respond"]}]},{"@type":"WebPage","@id":"https:\/\/jpevlogistics.com\/en\/por-la-caida-de-un-puente-quedo-interrumpido-el-paso-terrestre-entre-argentina-y-chile\/","url":"https:\/\/jpevlogistics.com\/en\/por-la-caida-de-un-puente-quedo-interrumpido-el-paso-terrestre-entre-argentina-y-chile\/","name":"Por la ca\u00edda de un puente, qued\u00f3 interrumpido el paso terrestre entre Argentina y Chile - JPEV Logistics","isPartOf":{"@id":"https:\/\/jpevlogistics.com\/#website"},"primaryImageOfPage":{"@id":"https:\/\/jpevlogistics.com\/en\/por-la-caida-de-un-puente-quedo-interrumpido-el-paso-terrestre-entre-argentina-y-chile\/#primaryimage"},"image":{"@id":"https:\/\/jpevlogistics.com\/en\/por-la-caida-de-un-puente-quedo-interrumpido-el-paso-terrestre-entre-argentina-y-chile\/#primaryimage"},"thumbnailUrl":"https:\/\/jpevlogistics.com\/wp-content\/uploads\/2024\/03\/pPaso-de-Jama.webp","datePublished":"2024-03-21T13:01:10+00:00","dateModified":"2024-03-21T13:01:13+00:00","breadcrumb":{"@id":"https:\/\/jpevlogistics.com\/en\/por-la-caida-de-un-puente-quedo-interrumpido-el-paso-terrestre-entre-argentina-y-chile\/#breadcrumb"},"inLanguage":"en-US","potentialAction":[{"@type":"ReadAction","target":["https:\/\/jpevlogistics.com\/en\/por-la-caida-de-un-puente-quedo-interrumpido-el-paso-terrestre-entre-argentina-y-chile\/"]}]},{"@type":"ImageObject","inLanguage":"en-US","@id":"https:\/\/jpevlogistics.com\/en\/por-la-caida-de-un-puente-quedo-interrumpido-el-paso-terrestre-entre-argentina-y-chile\/#primaryimage","url":"https:\/\/jpevlogistics.com\/wp-content\/uploads\/2024\/03\/pPaso-de-Jama.webp","contentUrl":"https:\/\/jpevlogistics.com\/wp-content\/uploads\/2024\/03\/pPaso-de-Jama.webp","width":987,"height":555},{"@type":"BreadcrumbList","@id":"https:\/\/jpevlogistics.com\/en\/por-la-caida-de-un-puente-quedo-interrumpido-el-paso-terrestre-entre-argentina-y-chile\/#breadcrumb","itemListElement":[{"@type":"ListItem","position":1,"name":"Portada","item":"https:\/\/jpevlogistics.com\/"},{"@type":"ListItem","position":2,"name":"Por la ca\u00edda de un puente, qued\u00f3 interrumpido el paso terrestre entre Argentina y Chile"}]},{"@type":"WebSite","@id":"https:\/\/jpevlogistics.com\/#website","url":"https:\/\/jpevlogistics.com\/","name":"JPEV Logistics","description":"","publisher":{"@id":"https:\/\/jpevlogistics.com\/#organization"},"potentialAction":[{"@type":"SearchAction","target":{"@type":"EntryPoint","urlTemplate":"https:\/\/jpevlogistics.com\/?s={search_term_string}"},"query-input":{"@type":"PropertyValueSpecification","valueRequired":true,"valueName":"search_term_string"}}],"inLanguage":"en-US"},{"@type":"Organization","@id":"https:\/\/jpevlogistics.com\/#organization","name":"JPEV Logistics","url":"https:\/\/jpevlogistics.com\/","logo":{"@type":"ImageObject","inLanguage":"en-US","@id":"https:\/\/jpevlogistics.com\/#\/schema\/logo\/image\/","url":"https:\/\/jpevlogistics.com\/wp-content\/uploads\/2020\/07\/logo.png","contentUrl":"https:\/\/jpevlogistics.com\/wp-content\/uploads\/2020\/07\/logo.png","width":214,"height":81,"caption":"JPEV Logistics"},"image":{"@id":"https:\/\/jpevlogistics.com\/#\/schema\/logo\/image\/"},"sameAs":["https:\/\/www.instagram.com\/jpevlogistics\/","https:\/\/www.linkedin.com\/company\/jpev-logistics\/"]},{"@type":"Person","@id":"https:\/\/jpevlogistics.com\/#\/schema\/person\/5cb83ed90e4ad10651470058bc190e62","name":"horacio","image":{"@type":"ImageObject","inLanguage":"en-US","@id":"https:\/\/secure.gravatar.com\/avatar\/49ba85a39487c51406dba7224109c3b2296f15c3dd1931dd024e3f540b12ea7d?s=96&d=mm&r=g","url":"https:\/\/secure.gravatar.com\/avatar\/49ba85a39487c51406dba7224109c3b2296f15c3dd1931dd024e3f540b12ea7d?s=96&d=mm&r=g","contentUrl":"https:\/\/secure.gravatar.com\/avatar\/49ba85a39487c51406dba7224109c3b2296f15c3dd1931dd024e3f540b12ea7d?s=96&d=mm&r=g","caption":"horacio"},"url":"https:\/\/jpevlogistics.com\/en\/author\/horacio\/"}]}},"_links":{"self":[{"href":"https:\/\/jpevlogistics.com\/en\/wp-json\/wp\/v2\/posts\/3097","targetHints":{"allow":["GET"]}}],"collection":[{"href":"https:\/\/jpevlogistics.com\/en\/wp-json\/wp\/v2\/posts"}],"about":[{"href":"https:\/\/jpevlogistics.com\/en\/wp-json\/wp\/v2\/types\/post"}],"author":[{"embeddable":true,"href":"https:\/\/jpevlogistics.com\/en\/wp-json\/wp\/v2\/users\/4"}],"replies":[{"embeddable":true,"href":"https:\/\/jpevlogistics.com\/en\/wp-json\/wp\/v2\/comments?post=3097"}],"version-history":[{"count":1,"href":"https:\/\/jpevlogistics.com\/en\/wp-json\/wp\/v2\/posts\/3097\/revisions"}],"predecessor-version":[{"id":3100,"href":"https:\/\/jpevlogistics.com\/en\/wp-json\/wp\/v2\/posts\/3097\/revisions\/3100"}],"wp:featuredmedia":[{"embeddable":true,"href":"https:\/\/jpevlogistics.com\/en\/wp-json\/wp\/v2\/media\/3098"}],"wp:attachment":[{"href":"https:\/\/jpevlogistics.com\/en\/wp-json\/wp\/v2\/media?parent=3097"}],"wp:term":[{"taxonomy":"category","embeddable":true,"href":"https:\/\/jpevlogistics.com\/en\/wp-json\/wp\/v2\/categories?post=3097"},{"taxonomy":"post_tag","embeddable":true,"href":"https:\/\/jpevlogistics.com\/en\/wp-json\/wp\/v2\/tags?post=3097"}],"curies":[{"name":"wp","href":"https:\/\/api.w.org\/{rel}","templated":true}]}}