{"id":3203,"date":"2024-04-12T13:24:05","date_gmt":"2024-04-12T13:24:05","guid":{"rendered":"https:\/\/jpevlogistics.com\/?p=3203"},"modified":"2024-04-12T13:24:29","modified_gmt":"2024-04-12T13:24:29","slug":"transitos-en-el-canal-de-panama-muestran-primeras-senales-positivas-pero-todo-esta-en-manos-del-clima","status":"publish","type":"post","link":"https:\/\/jpevlogistics.com\/en\/transitos-en-el-canal-de-panama-muestran-primeras-senales-positivas-pero-todo-esta-en-manos-del-clima\/","title":{"rendered":"Tr\u00e1nsitos en el Canal de Panam\u00e1 muestran primeras se\u00f1ales positivas, pero todo est\u00e1 en manos del clima"},"content":{"rendered":"<p><\/p>\n\n\n\n<p>La autoridad de la v\u00eda espera que lluvias a partir de fines de abril permitan una recuperaci\u00f3n total hasta 2025<\/p>\n\n\n\n<figure class=\"wp-block-image size-full\"><img fetchpriority=\"high\" decoding=\"async\" width=\"798\" height=\"598\" src=\"https:\/\/jpevlogistics.com\/wp-content\/uploads\/2024\/04\/canal-de-panama-2.jpeg\" alt=\"\" class=\"wp-image-3204\" srcset=\"https:\/\/jpevlogistics.com\/wp-content\/uploads\/2024\/04\/canal-de-panama-2.jpeg 798w, https:\/\/jpevlogistics.com\/wp-content\/uploads\/2024\/04\/canal-de-panama-2-300x225.jpeg 300w, https:\/\/jpevlogistics.com\/wp-content\/uploads\/2024\/04\/canal-de-panama-2-768x576.jpeg 768w, https:\/\/jpevlogistics.com\/wp-content\/uploads\/2024\/04\/canal-de-panama-2-16x12.jpeg 16w\" sizes=\"(max-width: 798px) 100vw, 798px\" \/><\/figure>\n\n\n\n<p>La Autoridad del Canal de Panam\u00e1 (ACP) indic\u00f3 esta semana que si se cumplen los pron\u00f3sticos de lluvias podr\u00e1 aliviar gradualmente las restricciones de tr\u00e1nsito y reanudar sus operaciones normales para 2025, en lo que podr\u00eda marcar el comienzo del fin de esta disrupci\u00f3n originada por el impacto del fen\u00f3meno del Ni\u00f1o y la consecuente sequ\u00eda que afecta las operaciones de la v\u00eda interoce\u00e1nica.<\/p>\n\n\n\n<p>Cabe recordar que el n\u00famero reservas disponibles se increment\u00f3 el mes pasado a 27 luego de una revisi\u00f3n de las condiciones y la ACP dijo que si las lluvias llegan como se espera a fines de este mes, podr\u00e1 aumentar progresivamente las reservas hasta el nivel habitual de la temporada de lluvias de 36. No obstante, advirti\u00f3 que, si las precipitaciones no cumplen con las expectativas, se podr\u00edan aplicar m\u00e1s restricciones.<\/p>\n\n\n\n<p><strong>Un largo camino de recuperaci\u00f3n<\/strong><\/p>\n\n\n\n<p>En marzo se comenzaron a percibir mejoras en el n\u00famero de tr\u00e1nsitos en el Canal de Panam\u00e1. Es as\u00ed como aumentaron un 12,8% en comparaci\u00f3n con febrero, marcando el primer aumento secuencial desde julio de 2023. La v\u00eda interoce\u00e1nica afectada por la sequ\u00eda atendi\u00f3 747 buques en marzo: 218 a trav\u00e9s de las esclusas Neopanamax, un 8,5% m\u00e1s que en febrero y 529 a trav\u00e9s de las esclusas Panamax, un aumento del 14,8%.<\/p>\n\n\n\n<p>No obstante, a pesar de estos avances, los tr\u00e1nsitos por el Canal de Panam\u00e1 siguen siendo dr\u00e1sticamente m\u00e1s bajos de lo normal para esta \u00e9poca del a\u00f1o y mucho m\u00e1s bajo que en octubre de 2023, antes de las restricciones en las reservas diarias. En cifras, los tr\u00e1nsitos de las esclusas Neopanamax estuvieron entre un 18% y un 20% por debajo de los niveles del mismo mes en 2022 y 2023. En tanto, en las esclusas Panamax bajaron un 36%, seg\u00fan datos publicados por la ACP.<\/p>\n\n\n\n<p>Ante esto,&nbsp;<em>Lloyd\u2019s List<\/em>&nbsp;sostiene que la ruta a la recuperaci\u00f3n ser\u00e1 larga y que la predicci\u00f3n de la ACP de una recuperaci\u00f3n total para 2025 depende de una variable que es intr\u00ednsecamente dif\u00edcil de predecir: \u201cel clima\u201d. En rigor, la ACP supone que se producir\u00e1n lluvias moderadas a fines de este mes y que las precipitaciones se intensificar\u00e1n en los meses siguientes. \u201cTodas las modificaciones de las restricciones estar\u00e1n supeditadas a las previsiones. Si las lluvias no alcanzan las expectativas, el canal podr\u00eda mantener o aplicar m\u00e1s restricciones al paso diario o al calado\u201d, advierte la propia ACP.<\/p>\n\n\n\n<p><strong>Portacontenedores, los m\u00e1s favorecidos<\/strong><\/p>\n\n\n\n<p>En el sector portacontenedores la recuperaci\u00f3n es m\u00e1s notoria. En enero se registraron 118 tr\u00e1nsitos de portacontenedores por las esclusas Neopanamax. En marzo, hubo 146, un 24% m\u00e1s que en enero y acerc\u00e1ndose al nivel previo a las restricciones: 164 en octubre de 2023. El recuento de portacontenedores Neopanamax de marzo fue solo un 11% inferior al de octubre.<\/p>\n\n\n\n<p>En las esclusas Panamax, m\u00e1s antiguas y que atienden a una gama mucho m\u00e1s amplia de naves, los tr\u00e1nsitos de portacontenedores, a diferencia de la mayor\u00eda de las otras categor\u00edas de buques, no mostraron ninguna mejora el mes pasado. Es m\u00e1s, continuaron cayendo, hasta 70 tr\u00e1nsitos en marzo, un 26% menos que en octubre.<\/p>\n\n\n\n<p><em>Simon Heaney<\/em>, gerente senior de investigaci\u00f3n de portacontenedores de&nbsp;<em>Drewry<\/em>, recuerda que desde que comenzaron las restricciones al tr\u00e1nsito el a\u00f1o pasado \u201clas l\u00edneas navieras se han llevado una porci\u00f3n mucho mayor de un pastel m\u00e1s peque\u00f1o\u201d, ya que a medida que otros sectores del transporte mar\u00edtimo se convirtieron en usuarios menos frecuentes del Canal de Panam\u00e1, la participaci\u00f3n de los portacontenedores en el tr\u00e1nsito aument\u00f3 dram\u00e1ticamente.<\/p>\n\n\n\n<p>De hecho, en los primeros seis meses del a\u00f1o fiscal 2024 de la ACP, los portacontenedores representaron el 15,7% de todos los tr\u00e1nsitos Panamax (9,9% en todo el a\u00f1o fiscal 2023), el 61,4% de todos los tr\u00e1nsitos Neopanamax (48,3% en el a\u00f1o fiscal 2023) y el 28,9% del total. tr\u00e1nsitos (19,9% en el a\u00f1o fiscal 2023).<\/p>\n\n\n\n<p>Si bien la proporci\u00f3n total de tr\u00e1nsitos de portacontenedores podr\u00eda estar a punto de disminuir, el levantamiento de las restricciones permitir\u00e1 m\u00e1s tr\u00e1nsitos diarios. \u201cUn mayor acceso es claramente bienvenido para una industria que tiene que lidiar con la situaci\u00f3n del Canal de Suez\u201d, concluye.<\/p>\n\n\n\n<p>jpevlogistics.com<\/p>","protected":false},"excerpt":{"rendered":"<p>La autoridad de la v\u00eda espera que lluvias a partir de fines de abril permitan una recuperaci\u00f3n total hasta 2025 La Autoridad del Canal de Panam\u00e1 (ACP) indic\u00f3 esta semana que si se cumplen los pron\u00f3sticos de lluvias podr\u00e1 aliviar gradualmente las restricciones de tr\u00e1nsito y reanudar sus operaciones normales para 2025, en lo que [&hellip;]<\/p>\n","protected":false},"author":4,"featured_media":3204,"comment_status":"open","ping_status":"open","sticky":false,"template":"","format":"standard","meta":{"footnotes":""},"categories":[1],"tags":[],"class_list":["post-3203","post","type-post","status-publish","format-standard","has-post-thumbnail","hentry","category-sin-categoria"],"yoast_head":"<!-- This site is optimized with the Yoast SEO plugin v27.4 - https:\/\/yoast.com\/product\/yoast-seo-wordpress\/ -->\n<title>Tr\u00e1nsitos en el Canal de Panam\u00e1 muestran primeras se\u00f1ales positivas, pero todo est\u00e1 en manos del clima - JPEV Logistics<\/title>\n<meta name=\"robots\" content=\"index, follow, max-snippet:-1, max-image-preview:large, max-video-preview:-1\" \/>\n<link rel=\"canonical\" href=\"https:\/\/jpevlogistics.com\/en\/transitos-en-el-canal-de-panama-muestran-primeras-senales-positivas-pero-todo-esta-en-manos-del-clima\/\" \/>\n<meta property=\"og:locale\" content=\"en_US\" \/>\n<meta property=\"og:type\" content=\"article\" \/>\n<meta property=\"og:title\" content=\"Tr\u00e1nsitos en el Canal de Panam\u00e1 muestran primeras se\u00f1ales positivas, pero todo est\u00e1 en manos del clima - JPEV Logistics\" \/>\n<meta property=\"og:description\" content=\"La autoridad de la v\u00eda espera que lluvias a partir de fines de abril permitan una recuperaci\u00f3n total hasta 2025 La Autoridad del Canal de Panam\u00e1 (ACP) indic\u00f3 esta semana que si se cumplen los pron\u00f3sticos de lluvias podr\u00e1 aliviar gradualmente las restricciones de tr\u00e1nsito y reanudar sus operaciones normales para 2025, en lo que [&hellip;]\" \/>\n<meta property=\"og:url\" content=\"https:\/\/jpevlogistics.com\/en\/transitos-en-el-canal-de-panama-muestran-primeras-senales-positivas-pero-todo-esta-en-manos-del-clima\/\" \/>\n<meta property=\"og:site_name\" content=\"JPEV Logistics\" \/>\n<meta property=\"article:published_time\" content=\"2024-04-12T13:24:05+00:00\" \/>\n<meta property=\"article:modified_time\" content=\"2024-04-12T13:24:29+00:00\" \/>\n<meta property=\"og:image\" content=\"https:\/\/jpevlogistics.com\/wp-content\/uploads\/2024\/04\/canal-de-panama-2.jpeg\" \/>\n\t<meta property=\"og:image:width\" content=\"798\" \/>\n\t<meta property=\"og:image:height\" content=\"598\" \/>\n\t<meta property=\"og:image:type\" content=\"image\/jpeg\" \/>\n<meta name=\"author\" content=\"horacio\" \/>\n<meta name=\"twitter:card\" content=\"summary_large_image\" \/>\n<meta name=\"twitter:label1\" content=\"Written by\" \/>\n\t<meta name=\"twitter:data1\" content=\"horacio\" \/>\n\t<meta name=\"twitter:label2\" content=\"Est. reading time\" \/>\n\t<meta name=\"twitter:data2\" content=\"4 minutes\" \/>\n<script type=\"application\/ld+json\" class=\"yoast-schema-graph\">{\"@context\":\"https:\\\/\\\/schema.org\",\"@graph\":[{\"@type\":\"Article\",\"@id\":\"https:\\\/\\\/jpevlogistics.com\\\/transitos-en-el-canal-de-panama-muestran-primeras-senales-positivas-pero-todo-esta-en-manos-del-clima\\\/#article\",\"isPartOf\":{\"@id\":\"https:\\\/\\\/jpevlogistics.com\\\/transitos-en-el-canal-de-panama-muestran-primeras-senales-positivas-pero-todo-esta-en-manos-del-clima\\\/\"},\"author\":{\"name\":\"horacio\",\"@id\":\"https:\\\/\\\/jpevlogistics.com\\\/#\\\/schema\\\/person\\\/5cb83ed90e4ad10651470058bc190e62\"},\"headline\":\"Tr\u00e1nsitos en el Canal de Panam\u00e1 muestran primeras se\u00f1ales positivas, pero todo est\u00e1 en manos del clima\",\"datePublished\":\"2024-04-12T13:24:05+00:00\",\"dateModified\":\"2024-04-12T13:24:29+00:00\",\"mainEntityOfPage\":{\"@id\":\"https:\\\/\\\/jpevlogistics.com\\\/transitos-en-el-canal-de-panama-muestran-primeras-senales-positivas-pero-todo-esta-en-manos-del-clima\\\/\"},\"wordCount\":771,\"commentCount\":0,\"publisher\":{\"@id\":\"https:\\\/\\\/jpevlogistics.com\\\/#organization\"},\"image\":{\"@id\":\"https:\\\/\\\/jpevlogistics.com\\\/transitos-en-el-canal-de-panama-muestran-primeras-senales-positivas-pero-todo-esta-en-manos-del-clima\\\/#primaryimage\"},\"thumbnailUrl\":\"https:\\\/\\\/jpevlogistics.com\\\/wp-content\\\/uploads\\\/2024\\\/04\\\/canal-de-panama-2.jpeg\",\"articleSection\":[\"Sin categor\u00eda\"],\"inLanguage\":\"en-US\",\"potentialAction\":[{\"@type\":\"CommentAction\",\"name\":\"Comment\",\"target\":[\"https:\\\/\\\/jpevlogistics.com\\\/transitos-en-el-canal-de-panama-muestran-primeras-senales-positivas-pero-todo-esta-en-manos-del-clima\\\/#respond\"]}]},{\"@type\":\"WebPage\",\"@id\":\"https:\\\/\\\/jpevlogistics.com\\\/transitos-en-el-canal-de-panama-muestran-primeras-senales-positivas-pero-todo-esta-en-manos-del-clima\\\/\",\"url\":\"https:\\\/\\\/jpevlogistics.com\\\/transitos-en-el-canal-de-panama-muestran-primeras-senales-positivas-pero-todo-esta-en-manos-del-clima\\\/\",\"name\":\"Tr\u00e1nsitos en el Canal de Panam\u00e1 muestran primeras se\u00f1ales positivas, pero todo est\u00e1 en manos del clima - JPEV Logistics\",\"isPartOf\":{\"@id\":\"https:\\\/\\\/jpevlogistics.com\\\/#website\"},\"primaryImageOfPage\":{\"@id\":\"https:\\\/\\\/jpevlogistics.com\\\/transitos-en-el-canal-de-panama-muestran-primeras-senales-positivas-pero-todo-esta-en-manos-del-clima\\\/#primaryimage\"},\"image\":{\"@id\":\"https:\\\/\\\/jpevlogistics.com\\\/transitos-en-el-canal-de-panama-muestran-primeras-senales-positivas-pero-todo-esta-en-manos-del-clima\\\/#primaryimage\"},\"thumbnailUrl\":\"https:\\\/\\\/jpevlogistics.com\\\/wp-content\\\/uploads\\\/2024\\\/04\\\/canal-de-panama-2.jpeg\",\"datePublished\":\"2024-04-12T13:24:05+00:00\",\"dateModified\":\"2024-04-12T13:24:29+00:00\",\"breadcrumb\":{\"@id\":\"https:\\\/\\\/jpevlogistics.com\\\/transitos-en-el-canal-de-panama-muestran-primeras-senales-positivas-pero-todo-esta-en-manos-del-clima\\\/#breadcrumb\"},\"inLanguage\":\"en-US\",\"potentialAction\":[{\"@type\":\"ReadAction\",\"target\":[\"https:\\\/\\\/jpevlogistics.com\\\/transitos-en-el-canal-de-panama-muestran-primeras-senales-positivas-pero-todo-esta-en-manos-del-clima\\\/\"]}]},{\"@type\":\"ImageObject\",\"inLanguage\":\"en-US\",\"@id\":\"https:\\\/\\\/jpevlogistics.com\\\/transitos-en-el-canal-de-panama-muestran-primeras-senales-positivas-pero-todo-esta-en-manos-del-clima\\\/#primaryimage\",\"url\":\"https:\\\/\\\/jpevlogistics.com\\\/wp-content\\\/uploads\\\/2024\\\/04\\\/canal-de-panama-2.jpeg\",\"contentUrl\":\"https:\\\/\\\/jpevlogistics.com\\\/wp-content\\\/uploads\\\/2024\\\/04\\\/canal-de-panama-2.jpeg\",\"width\":798,\"height\":598},{\"@type\":\"BreadcrumbList\",\"@id\":\"https:\\\/\\\/jpevlogistics.com\\\/transitos-en-el-canal-de-panama-muestran-primeras-senales-positivas-pero-todo-esta-en-manos-del-clima\\\/#breadcrumb\",\"itemListElement\":[{\"@type\":\"ListItem\",\"position\":1,\"name\":\"Portada\",\"item\":\"https:\\\/\\\/jpevlogistics.com\\\/\"},{\"@type\":\"ListItem\",\"position\":2,\"name\":\"Tr\u00e1nsitos en el Canal de Panam\u00e1 muestran primeras se\u00f1ales positivas, pero todo est\u00e1 en manos del clima\"}]},{\"@type\":\"WebSite\",\"@id\":\"https:\\\/\\\/jpevlogistics.com\\\/#website\",\"url\":\"https:\\\/\\\/jpevlogistics.com\\\/\",\"name\":\"JPEV Logistics\",\"description\":\"\",\"publisher\":{\"@id\":\"https:\\\/\\\/jpevlogistics.com\\\/#organization\"},\"potentialAction\":[{\"@type\":\"SearchAction\",\"target\":{\"@type\":\"EntryPoint\",\"urlTemplate\":\"https:\\\/\\\/jpevlogistics.com\\\/?s={search_term_string}\"},\"query-input\":{\"@type\":\"PropertyValueSpecification\",\"valueRequired\":true,\"valueName\":\"search_term_string\"}}],\"inLanguage\":\"en-US\"},{\"@type\":\"Organization\",\"@id\":\"https:\\\/\\\/jpevlogistics.com\\\/#organization\",\"name\":\"JPEV Logistics\",\"url\":\"https:\\\/\\\/jpevlogistics.com\\\/\",\"logo\":{\"@type\":\"ImageObject\",\"inLanguage\":\"en-US\",\"@id\":\"https:\\\/\\\/jpevlogistics.com\\\/#\\\/schema\\\/logo\\\/image\\\/\",\"url\":\"https:\\\/\\\/jpevlogistics.com\\\/wp-content\\\/uploads\\\/2020\\\/07\\\/logo.png\",\"contentUrl\":\"https:\\\/\\\/jpevlogistics.com\\\/wp-content\\\/uploads\\\/2020\\\/07\\\/logo.png\",\"width\":214,\"height\":81,\"caption\":\"JPEV Logistics\"},\"image\":{\"@id\":\"https:\\\/\\\/jpevlogistics.com\\\/#\\\/schema\\\/logo\\\/image\\\/\"},\"sameAs\":[\"https:\\\/\\\/www.instagram.com\\\/jpevlogistics\\\/\",\"https:\\\/\\\/www.linkedin.com\\\/company\\\/jpev-logistics\\\/\"]},{\"@type\":\"Person\",\"@id\":\"https:\\\/\\\/jpevlogistics.com\\\/#\\\/schema\\\/person\\\/5cb83ed90e4ad10651470058bc190e62\",\"name\":\"horacio\",\"image\":{\"@type\":\"ImageObject\",\"inLanguage\":\"en-US\",\"@id\":\"https:\\\/\\\/secure.gravatar.com\\\/avatar\\\/49ba85a39487c51406dba7224109c3b2296f15c3dd1931dd024e3f540b12ea7d?s=96&d=mm&r=g\",\"url\":\"https:\\\/\\\/secure.gravatar.com\\\/avatar\\\/49ba85a39487c51406dba7224109c3b2296f15c3dd1931dd024e3f540b12ea7d?s=96&d=mm&r=g\",\"contentUrl\":\"https:\\\/\\\/secure.gravatar.com\\\/avatar\\\/49ba85a39487c51406dba7224109c3b2296f15c3dd1931dd024e3f540b12ea7d?s=96&d=mm&r=g\",\"caption\":\"horacio\"},\"url\":\"https:\\\/\\\/jpevlogistics.com\\\/en\\\/author\\\/horacio\\\/\"}]}<\/script>\n<!-- \/ Yoast SEO plugin. -->","yoast_head_json":{"title":"Tr\u00e1nsitos en el Canal de Panam\u00e1 muestran primeras se\u00f1ales positivas, pero todo est\u00e1 en manos del clima - JPEV Logistics","robots":{"index":"index","follow":"follow","max-snippet":"max-snippet:-1","max-image-preview":"max-image-preview:large","max-video-preview":"max-video-preview:-1"},"canonical":"https:\/\/jpevlogistics.com\/en\/transitos-en-el-canal-de-panama-muestran-primeras-senales-positivas-pero-todo-esta-en-manos-del-clima\/","og_locale":"en_US","og_type":"article","og_title":"Tr\u00e1nsitos en el Canal de Panam\u00e1 muestran primeras se\u00f1ales positivas, pero todo est\u00e1 en manos del clima - JPEV Logistics","og_description":"La autoridad de la v\u00eda espera que lluvias a partir de fines de abril permitan una recuperaci\u00f3n total hasta 2025 La Autoridad del Canal de Panam\u00e1 (ACP) indic\u00f3 esta semana que si se cumplen los pron\u00f3sticos de lluvias podr\u00e1 aliviar gradualmente las restricciones de tr\u00e1nsito y reanudar sus operaciones normales para 2025, en lo que [&hellip;]","og_url":"https:\/\/jpevlogistics.com\/en\/transitos-en-el-canal-de-panama-muestran-primeras-senales-positivas-pero-todo-esta-en-manos-del-clima\/","og_site_name":"JPEV Logistics","article_published_time":"2024-04-12T13:24:05+00:00","article_modified_time":"2024-04-12T13:24:29+00:00","og_image":[{"width":798,"height":598,"url":"https:\/\/jpevlogistics.com\/wp-content\/uploads\/2024\/04\/canal-de-panama-2.jpeg","type":"image\/jpeg"}],"author":"horacio","twitter_card":"summary_large_image","twitter_misc":{"Written by":"horacio","Est. reading time":"4 minutes"},"schema":{"@context":"https:\/\/schema.org","@graph":[{"@type":"Article","@id":"https:\/\/jpevlogistics.com\/transitos-en-el-canal-de-panama-muestran-primeras-senales-positivas-pero-todo-esta-en-manos-del-clima\/#article","isPartOf":{"@id":"https:\/\/jpevlogistics.com\/transitos-en-el-canal-de-panama-muestran-primeras-senales-positivas-pero-todo-esta-en-manos-del-clima\/"},"author":{"name":"horacio","@id":"https:\/\/jpevlogistics.com\/#\/schema\/person\/5cb83ed90e4ad10651470058bc190e62"},"headline":"Tr\u00e1nsitos en el Canal de Panam\u00e1 muestran primeras se\u00f1ales positivas, pero todo est\u00e1 en manos del clima","datePublished":"2024-04-12T13:24:05+00:00","dateModified":"2024-04-12T13:24:29+00:00","mainEntityOfPage":{"@id":"https:\/\/jpevlogistics.com\/transitos-en-el-canal-de-panama-muestran-primeras-senales-positivas-pero-todo-esta-en-manos-del-clima\/"},"wordCount":771,"commentCount":0,"publisher":{"@id":"https:\/\/jpevlogistics.com\/#organization"},"image":{"@id":"https:\/\/jpevlogistics.com\/transitos-en-el-canal-de-panama-muestran-primeras-senales-positivas-pero-todo-esta-en-manos-del-clima\/#primaryimage"},"thumbnailUrl":"https:\/\/jpevlogistics.com\/wp-content\/uploads\/2024\/04\/canal-de-panama-2.jpeg","articleSection":["Sin categor\u00eda"],"inLanguage":"en-US","potentialAction":[{"@type":"CommentAction","name":"Comment","target":["https:\/\/jpevlogistics.com\/transitos-en-el-canal-de-panama-muestran-primeras-senales-positivas-pero-todo-esta-en-manos-del-clima\/#respond"]}]},{"@type":"WebPage","@id":"https:\/\/jpevlogistics.com\/transitos-en-el-canal-de-panama-muestran-primeras-senales-positivas-pero-todo-esta-en-manos-del-clima\/","url":"https:\/\/jpevlogistics.com\/transitos-en-el-canal-de-panama-muestran-primeras-senales-positivas-pero-todo-esta-en-manos-del-clima\/","name":"Tr\u00e1nsitos en el Canal de Panam\u00e1 muestran primeras se\u00f1ales positivas, pero todo est\u00e1 en manos del clima - JPEV Logistics","isPartOf":{"@id":"https:\/\/jpevlogistics.com\/#website"},"primaryImageOfPage":{"@id":"https:\/\/jpevlogistics.com\/transitos-en-el-canal-de-panama-muestran-primeras-senales-positivas-pero-todo-esta-en-manos-del-clima\/#primaryimage"},"image":{"@id":"https:\/\/jpevlogistics.com\/transitos-en-el-canal-de-panama-muestran-primeras-senales-positivas-pero-todo-esta-en-manos-del-clima\/#primaryimage"},"thumbnailUrl":"https:\/\/jpevlogistics.com\/wp-content\/uploads\/2024\/04\/canal-de-panama-2.jpeg","datePublished":"2024-04-12T13:24:05+00:00","dateModified":"2024-04-12T13:24:29+00:00","breadcrumb":{"@id":"https:\/\/jpevlogistics.com\/transitos-en-el-canal-de-panama-muestran-primeras-senales-positivas-pero-todo-esta-en-manos-del-clima\/#breadcrumb"},"inLanguage":"en-US","potentialAction":[{"@type":"ReadAction","target":["https:\/\/jpevlogistics.com\/transitos-en-el-canal-de-panama-muestran-primeras-senales-positivas-pero-todo-esta-en-manos-del-clima\/"]}]},{"@type":"ImageObject","inLanguage":"en-US","@id":"https:\/\/jpevlogistics.com\/transitos-en-el-canal-de-panama-muestran-primeras-senales-positivas-pero-todo-esta-en-manos-del-clima\/#primaryimage","url":"https:\/\/jpevlogistics.com\/wp-content\/uploads\/2024\/04\/canal-de-panama-2.jpeg","contentUrl":"https:\/\/jpevlogistics.com\/wp-content\/uploads\/2024\/04\/canal-de-panama-2.jpeg","width":798,"height":598},{"@type":"BreadcrumbList","@id":"https:\/\/jpevlogistics.com\/transitos-en-el-canal-de-panama-muestran-primeras-senales-positivas-pero-todo-esta-en-manos-del-clima\/#breadcrumb","itemListElement":[{"@type":"ListItem","position":1,"name":"Portada","item":"https:\/\/jpevlogistics.com\/"},{"@type":"ListItem","position":2,"name":"Tr\u00e1nsitos en el Canal de Panam\u00e1 muestran primeras se\u00f1ales positivas, pero todo est\u00e1 en manos del clima"}]},{"@type":"WebSite","@id":"https:\/\/jpevlogistics.com\/#website","url":"https:\/\/jpevlogistics.com\/","name":"JPEV Logistics","description":"","publisher":{"@id":"https:\/\/jpevlogistics.com\/#organization"},"potentialAction":[{"@type":"SearchAction","target":{"@type":"EntryPoint","urlTemplate":"https:\/\/jpevlogistics.com\/?s={search_term_string}"},"query-input":{"@type":"PropertyValueSpecification","valueRequired":true,"valueName":"search_term_string"}}],"inLanguage":"en-US"},{"@type":"Organization","@id":"https:\/\/jpevlogistics.com\/#organization","name":"JPEV Logistics","url":"https:\/\/jpevlogistics.com\/","logo":{"@type":"ImageObject","inLanguage":"en-US","@id":"https:\/\/jpevlogistics.com\/#\/schema\/logo\/image\/","url":"https:\/\/jpevlogistics.com\/wp-content\/uploads\/2020\/07\/logo.png","contentUrl":"https:\/\/jpevlogistics.com\/wp-content\/uploads\/2020\/07\/logo.png","width":214,"height":81,"caption":"JPEV Logistics"},"image":{"@id":"https:\/\/jpevlogistics.com\/#\/schema\/logo\/image\/"},"sameAs":["https:\/\/www.instagram.com\/jpevlogistics\/","https:\/\/www.linkedin.com\/company\/jpev-logistics\/"]},{"@type":"Person","@id":"https:\/\/jpevlogistics.com\/#\/schema\/person\/5cb83ed90e4ad10651470058bc190e62","name":"horacio","image":{"@type":"ImageObject","inLanguage":"en-US","@id":"https:\/\/secure.gravatar.com\/avatar\/49ba85a39487c51406dba7224109c3b2296f15c3dd1931dd024e3f540b12ea7d?s=96&d=mm&r=g","url":"https:\/\/secure.gravatar.com\/avatar\/49ba85a39487c51406dba7224109c3b2296f15c3dd1931dd024e3f540b12ea7d?s=96&d=mm&r=g","contentUrl":"https:\/\/secure.gravatar.com\/avatar\/49ba85a39487c51406dba7224109c3b2296f15c3dd1931dd024e3f540b12ea7d?s=96&d=mm&r=g","caption":"horacio"},"url":"https:\/\/jpevlogistics.com\/en\/author\/horacio\/"}]}},"_links":{"self":[{"href":"https:\/\/jpevlogistics.com\/en\/wp-json\/wp\/v2\/posts\/3203","targetHints":{"allow":["GET"]}}],"collection":[{"href":"https:\/\/jpevlogistics.com\/en\/wp-json\/wp\/v2\/posts"}],"about":[{"href":"https:\/\/jpevlogistics.com\/en\/wp-json\/wp\/v2\/types\/post"}],"author":[{"embeddable":true,"href":"https:\/\/jpevlogistics.com\/en\/wp-json\/wp\/v2\/users\/4"}],"replies":[{"embeddable":true,"href":"https:\/\/jpevlogistics.com\/en\/wp-json\/wp\/v2\/comments?post=3203"}],"version-history":[{"count":1,"href":"https:\/\/jpevlogistics.com\/en\/wp-json\/wp\/v2\/posts\/3203\/revisions"}],"predecessor-version":[{"id":3205,"href":"https:\/\/jpevlogistics.com\/en\/wp-json\/wp\/v2\/posts\/3203\/revisions\/3205"}],"wp:featuredmedia":[{"embeddable":true,"href":"https:\/\/jpevlogistics.com\/en\/wp-json\/wp\/v2\/media\/3204"}],"wp:attachment":[{"href":"https:\/\/jpevlogistics.com\/en\/wp-json\/wp\/v2\/media?parent=3203"}],"wp:term":[{"taxonomy":"category","embeddable":true,"href":"https:\/\/jpevlogistics.com\/en\/wp-json\/wp\/v2\/categories?post=3203"},{"taxonomy":"post_tag","embeddable":true,"href":"https:\/\/jpevlogistics.com\/en\/wp-json\/wp\/v2\/tags?post=3203"}],"curies":[{"name":"wp","href":"https:\/\/api.w.org\/{rel}","templated":true}]}}