{"id":3243,"date":"2024-05-09T13:33:52","date_gmt":"2024-05-09T13:33:52","guid":{"rendered":"https:\/\/jpevlogistics.com\/?p=3243"},"modified":"2024-05-09T13:33:53","modified_gmt":"2024-05-09T13:33:53","slug":"tarifas-de-fletes-china-sudamerica-en-alza-sin-techo-por-ahora","status":"publish","type":"post","link":"https:\/\/jpevlogistics.com\/en\/tarifas-de-fletes-china-sudamerica-en-alza-sin-techo-por-ahora\/","title":{"rendered":"Tarifas de fletes China Sudamerica en alza sin techo por ahora"},"content":{"rendered":"<p>09\/05\/2024 &#8211; Parece no tener techo el alza de los fletes entre Far East  y el mundo<\/p>\n\n\n\n<p>El aumento de tarifas en todas las rutas principales esta vez comenz\u00f3 principalmente en Am\u00e9rica del Sur. La raz\u00f3n principal del aumento en Am\u00e9rica del Sur es que Brasil impondr\u00e1 aranceles adicionales a los veh\u00edculos de energ\u00eda nueva de China a partir de julio y en el futuro. Se espera que BYD construya una f\u00e1brica en Brasil, lo que generar\u00e1 una demanda de aproximadamente 20,000 contenedores y causar\u00e1 una escasez de capacidad de transporte. Adem\u00e1s, la retirada de barcos de Maersk de la ruta hacia \u00c1frica Occidental y su enfoque en Am\u00e9rica del Sur tambi\u00e9n han provocado un aumento generalizado en \u00c1frica Occidental. Adem\u00e1s, las elecciones en Estados Unidos han declarado planes de imponer aranceles del 50-60% adicionales a China en el futuro, lo que ha llevado a algunas empresas chinas a aumentar su inversi\u00f3n en Am\u00e9rica del Sur.<\/p>\n\n\n\n<figure class=\"wp-block-gallery has-nested-images columns-default is-cropped wp-block-gallery-1 is-layout-flex wp-block-gallery-is-layout-flex\">\n<figure class=\"wp-block-image size-large\"><img fetchpriority=\"high\" decoding=\"async\" width=\"798\" height=\"598\" data-id=\"3244\" src=\"https:\/\/jpevlogistics.com\/wp-content\/uploads\/2024\/05\/Barco-de-tarifas-sin-techo.jpeg\" alt=\"\" class=\"wp-image-3244\" srcset=\"https:\/\/jpevlogistics.com\/wp-content\/uploads\/2024\/05\/Barco-de-tarifas-sin-techo.jpeg 798w, https:\/\/jpevlogistics.com\/wp-content\/uploads\/2024\/05\/Barco-de-tarifas-sin-techo-300x225.jpeg 300w, https:\/\/jpevlogistics.com\/wp-content\/uploads\/2024\/05\/Barco-de-tarifas-sin-techo-768x576.jpeg 768w, https:\/\/jpevlogistics.com\/wp-content\/uploads\/2024\/05\/Barco-de-tarifas-sin-techo-16x12.jpeg 16w\" sizes=\"(max-width: 798px) 100vw, 798px\" \/><\/figure>\n<\/figure>\n\n\n\n<p>El volumen de carga en Europa es relativamente estable, pero debido a la crisis en el Mar Rojo, los plazos de entrega se han alargado, lo que significa que se necesitan m\u00e1s barcos en operaci\u00f3n, lo que tambi\u00e9n puede causar una presi\u00f3n relativamente alta en la capacidad de transporte.<\/p>\n\n\n\n<p>Bas\u00e1ndonos en estos factores objetivos, los armadores han acordado aumentar las tarifas en conjunto, lo que tambi\u00e9n es un factor importante en esta ocasi\u00f3n. Seg\u00fan la experiencia y la tendencia de precios futuros de algunas compa\u00f1\u00edas navieras:<\/p>\n\n\n\n<p>1.\u2060 \u2060Se espera que la tendencia alcista en Am\u00e9rica del Sur contin\u00fae hasta fines de junio\/Julio (aproximadamente $7000 para M\u00e9xico y $9000 para Brasil y Argentina).<br>2.\u2060 \u2060El Medio Oriente est\u00e1 relativamente estable; es dif\u00edcil bajar los precios y hay cierta resistencia al aumento.<br>3.\u2060 \u2060Las compa\u00f1\u00edas navieras europeas tienen una fuerte voluntad de aumentar las tarifas, con un soporte de carga m\u00ednimo. Algunas compa\u00f1\u00edas tienen de 2 a 3 barcos que no llegan cada mes, lo que afecta significativamente. CMA CGM tiene dos barcos que no ir\u00e1n a Hamburgo, lo que dificulta encontrar espacio en Hamburgo recientemente. Se espera que no haya aumentos en junio y que los precios sean de alrededor de $5000 para finales de mayo.<br>4.\u2060 \u2060Ligero aumento en el sudeste asi\u00e1tico, con un aumento estimado de alrededor de $50 por semana.<br>5.\u2060 \u2060En \u00c1frica, se espera que la reducci\u00f3n de la capacidad de transporte y el aumento generalizado de las tarifas de las compa\u00f1\u00edas navieras afecten, con precios de alrededor de $3500-4000 para \u00c1frica Oriental.<\/p>\n\n\n\n<p>jpevlogistics.com <\/p>","protected":false},"excerpt":{"rendered":"<p>09\/05\/2024 &#8211; Parece no tener techo el alza de los fletes entre Far East y el mundo El aumento de tarifas en todas las rutas principales esta vez comenz\u00f3 principalmente en Am\u00e9rica del Sur. La raz\u00f3n principal del aumento en Am\u00e9rica del Sur es que Brasil impondr\u00e1 aranceles adicionales a los veh\u00edculos de energ\u00eda nueva [&hellip;]<\/p>\n","protected":false},"author":4,"featured_media":3244,"comment_status":"open","ping_status":"open","sticky":false,"template":"","format":"standard","meta":{"footnotes":""},"categories":[1],"tags":[],"class_list":["post-3243","post","type-post","status-publish","format-standard","has-post-thumbnail","hentry","category-sin-categoria"],"yoast_head":"<!-- This site is optimized with the Yoast SEO plugin v27.4 - https:\/\/yoast.com\/product\/yoast-seo-wordpress\/ -->\n<title>Tarifas de fletes China Sudamerica en alza sin techo por ahora - JPEV Logistics<\/title>\n<meta name=\"robots\" content=\"index, follow, max-snippet:-1, max-image-preview:large, max-video-preview:-1\" \/>\n<link rel=\"canonical\" href=\"https:\/\/jpevlogistics.com\/en\/tarifas-de-fletes-china-sudamerica-en-alza-sin-techo-por-ahora\/\" \/>\n<meta property=\"og:locale\" content=\"en_US\" \/>\n<meta property=\"og:type\" content=\"article\" \/>\n<meta property=\"og:title\" content=\"Tarifas de fletes China Sudamerica en alza sin techo por ahora - JPEV Logistics\" \/>\n<meta property=\"og:description\" content=\"09\/05\/2024 &#8211; Parece no tener techo el alza de los fletes entre Far East y el mundo El aumento de tarifas en todas las rutas principales esta vez comenz\u00f3 principalmente en Am\u00e9rica del Sur. La raz\u00f3n principal del aumento en Am\u00e9rica del Sur es que Brasil impondr\u00e1 aranceles adicionales a los veh\u00edculos de energ\u00eda nueva [&hellip;]\" \/>\n<meta property=\"og:url\" content=\"https:\/\/jpevlogistics.com\/en\/tarifas-de-fletes-china-sudamerica-en-alza-sin-techo-por-ahora\/\" \/>\n<meta property=\"og:site_name\" content=\"JPEV Logistics\" \/>\n<meta property=\"article:published_time\" content=\"2024-05-09T13:33:52+00:00\" \/>\n<meta property=\"article:modified_time\" content=\"2024-05-09T13:33:53+00:00\" \/>\n<meta property=\"og:image\" content=\"https:\/\/jpevlogistics.com\/wp-content\/uploads\/2024\/05\/Barco-de-tarifas-sin-techo.jpeg\" \/>\n\t<meta property=\"og:image:width\" content=\"798\" \/>\n\t<meta property=\"og:image:height\" content=\"598\" \/>\n\t<meta property=\"og:image:type\" content=\"image\/jpeg\" \/>\n<meta name=\"author\" content=\"horacio\" \/>\n<meta name=\"twitter:card\" content=\"summary_large_image\" \/>\n<meta name=\"twitter:label1\" content=\"Written by\" \/>\n\t<meta name=\"twitter:data1\" content=\"horacio\" \/>\n\t<meta name=\"twitter:label2\" content=\"Est. reading time\" \/>\n\t<meta name=\"twitter:data2\" content=\"2 minutes\" \/>\n<script type=\"application\/ld+json\" class=\"yoast-schema-graph\">{\"@context\":\"https:\\\/\\\/schema.org\",\"@graph\":[{\"@type\":\"Article\",\"@id\":\"https:\\\/\\\/jpevlogistics.com\\\/en\\\/tarifas-de-fletes-china-sudamerica-en-alza-sin-techo-por-ahora\\\/#article\",\"isPartOf\":{\"@id\":\"https:\\\/\\\/jpevlogistics.com\\\/en\\\/tarifas-de-fletes-china-sudamerica-en-alza-sin-techo-por-ahora\\\/\"},\"author\":{\"name\":\"horacio\",\"@id\":\"https:\\\/\\\/jpevlogistics.com\\\/#\\\/schema\\\/person\\\/5cb83ed90e4ad10651470058bc190e62\"},\"headline\":\"Tarifas de fletes China Sudamerica en alza sin techo por ahora\",\"datePublished\":\"2024-05-09T13:33:52+00:00\",\"dateModified\":\"2024-05-09T13:33:53+00:00\",\"mainEntityOfPage\":{\"@id\":\"https:\\\/\\\/jpevlogistics.com\\\/en\\\/tarifas-de-fletes-china-sudamerica-en-alza-sin-techo-por-ahora\\\/\"},\"wordCount\":445,\"commentCount\":0,\"publisher\":{\"@id\":\"https:\\\/\\\/jpevlogistics.com\\\/#organization\"},\"image\":{\"@id\":\"https:\\\/\\\/jpevlogistics.com\\\/en\\\/tarifas-de-fletes-china-sudamerica-en-alza-sin-techo-por-ahora\\\/#primaryimage\"},\"thumbnailUrl\":\"https:\\\/\\\/jpevlogistics.com\\\/wp-content\\\/uploads\\\/2024\\\/05\\\/Barco-de-tarifas-sin-techo.jpeg\",\"articleSection\":[\"Sin categor\u00eda\"],\"inLanguage\":\"en-US\",\"potentialAction\":[{\"@type\":\"CommentAction\",\"name\":\"Comment\",\"target\":[\"https:\\\/\\\/jpevlogistics.com\\\/en\\\/tarifas-de-fletes-china-sudamerica-en-alza-sin-techo-por-ahora\\\/#respond\"]}]},{\"@type\":\"WebPage\",\"@id\":\"https:\\\/\\\/jpevlogistics.com\\\/en\\\/tarifas-de-fletes-china-sudamerica-en-alza-sin-techo-por-ahora\\\/\",\"url\":\"https:\\\/\\\/jpevlogistics.com\\\/en\\\/tarifas-de-fletes-china-sudamerica-en-alza-sin-techo-por-ahora\\\/\",\"name\":\"Tarifas de fletes China Sudamerica en alza sin techo por ahora - JPEV Logistics\",\"isPartOf\":{\"@id\":\"https:\\\/\\\/jpevlogistics.com\\\/#website\"},\"primaryImageOfPage\":{\"@id\":\"https:\\\/\\\/jpevlogistics.com\\\/en\\\/tarifas-de-fletes-china-sudamerica-en-alza-sin-techo-por-ahora\\\/#primaryimage\"},\"image\":{\"@id\":\"https:\\\/\\\/jpevlogistics.com\\\/en\\\/tarifas-de-fletes-china-sudamerica-en-alza-sin-techo-por-ahora\\\/#primaryimage\"},\"thumbnailUrl\":\"https:\\\/\\\/jpevlogistics.com\\\/wp-content\\\/uploads\\\/2024\\\/05\\\/Barco-de-tarifas-sin-techo.jpeg\",\"datePublished\":\"2024-05-09T13:33:52+00:00\",\"dateModified\":\"2024-05-09T13:33:53+00:00\",\"breadcrumb\":{\"@id\":\"https:\\\/\\\/jpevlogistics.com\\\/en\\\/tarifas-de-fletes-china-sudamerica-en-alza-sin-techo-por-ahora\\\/#breadcrumb\"},\"inLanguage\":\"en-US\",\"potentialAction\":[{\"@type\":\"ReadAction\",\"target\":[\"https:\\\/\\\/jpevlogistics.com\\\/en\\\/tarifas-de-fletes-china-sudamerica-en-alza-sin-techo-por-ahora\\\/\"]}]},{\"@type\":\"ImageObject\",\"inLanguage\":\"en-US\",\"@id\":\"https:\\\/\\\/jpevlogistics.com\\\/en\\\/tarifas-de-fletes-china-sudamerica-en-alza-sin-techo-por-ahora\\\/#primaryimage\",\"url\":\"https:\\\/\\\/jpevlogistics.com\\\/wp-content\\\/uploads\\\/2024\\\/05\\\/Barco-de-tarifas-sin-techo.jpeg\",\"contentUrl\":\"https:\\\/\\\/jpevlogistics.com\\\/wp-content\\\/uploads\\\/2024\\\/05\\\/Barco-de-tarifas-sin-techo.jpeg\",\"width\":798,\"height\":598},{\"@type\":\"BreadcrumbList\",\"@id\":\"https:\\\/\\\/jpevlogistics.com\\\/en\\\/tarifas-de-fletes-china-sudamerica-en-alza-sin-techo-por-ahora\\\/#breadcrumb\",\"itemListElement\":[{\"@type\":\"ListItem\",\"position\":1,\"name\":\"Portada\",\"item\":\"https:\\\/\\\/jpevlogistics.com\\\/\"},{\"@type\":\"ListItem\",\"position\":2,\"name\":\"Tarifas de fletes China Sudamerica en alza sin techo por ahora\"}]},{\"@type\":\"WebSite\",\"@id\":\"https:\\\/\\\/jpevlogistics.com\\\/#website\",\"url\":\"https:\\\/\\\/jpevlogistics.com\\\/\",\"name\":\"JPEV Logistics\",\"description\":\"\",\"publisher\":{\"@id\":\"https:\\\/\\\/jpevlogistics.com\\\/#organization\"},\"potentialAction\":[{\"@type\":\"SearchAction\",\"target\":{\"@type\":\"EntryPoint\",\"urlTemplate\":\"https:\\\/\\\/jpevlogistics.com\\\/?s={search_term_string}\"},\"query-input\":{\"@type\":\"PropertyValueSpecification\",\"valueRequired\":true,\"valueName\":\"search_term_string\"}}],\"inLanguage\":\"en-US\"},{\"@type\":\"Organization\",\"@id\":\"https:\\\/\\\/jpevlogistics.com\\\/#organization\",\"name\":\"JPEV Logistics\",\"url\":\"https:\\\/\\\/jpevlogistics.com\\\/\",\"logo\":{\"@type\":\"ImageObject\",\"inLanguage\":\"en-US\",\"@id\":\"https:\\\/\\\/jpevlogistics.com\\\/#\\\/schema\\\/logo\\\/image\\\/\",\"url\":\"https:\\\/\\\/jpevlogistics.com\\\/wp-content\\\/uploads\\\/2020\\\/07\\\/logo.png\",\"contentUrl\":\"https:\\\/\\\/jpevlogistics.com\\\/wp-content\\\/uploads\\\/2020\\\/07\\\/logo.png\",\"width\":214,\"height\":81,\"caption\":\"JPEV Logistics\"},\"image\":{\"@id\":\"https:\\\/\\\/jpevlogistics.com\\\/#\\\/schema\\\/logo\\\/image\\\/\"},\"sameAs\":[\"https:\\\/\\\/www.instagram.com\\\/jpevlogistics\\\/\",\"https:\\\/\\\/www.linkedin.com\\\/company\\\/jpev-logistics\\\/\"]},{\"@type\":\"Person\",\"@id\":\"https:\\\/\\\/jpevlogistics.com\\\/#\\\/schema\\\/person\\\/5cb83ed90e4ad10651470058bc190e62\",\"name\":\"horacio\",\"image\":{\"@type\":\"ImageObject\",\"inLanguage\":\"en-US\",\"@id\":\"https:\\\/\\\/secure.gravatar.com\\\/avatar\\\/49ba85a39487c51406dba7224109c3b2296f15c3dd1931dd024e3f540b12ea7d?s=96&d=mm&r=g\",\"url\":\"https:\\\/\\\/secure.gravatar.com\\\/avatar\\\/49ba85a39487c51406dba7224109c3b2296f15c3dd1931dd024e3f540b12ea7d?s=96&d=mm&r=g\",\"contentUrl\":\"https:\\\/\\\/secure.gravatar.com\\\/avatar\\\/49ba85a39487c51406dba7224109c3b2296f15c3dd1931dd024e3f540b12ea7d?s=96&d=mm&r=g\",\"caption\":\"horacio\"},\"url\":\"https:\\\/\\\/jpevlogistics.com\\\/en\\\/author\\\/horacio\\\/\"}]}<\/script>\n<!-- \/ Yoast SEO plugin. -->","yoast_head_json":{"title":"Tarifas de fletes China Sudamerica en alza sin techo por ahora - JPEV Logistics","robots":{"index":"index","follow":"follow","max-snippet":"max-snippet:-1","max-image-preview":"max-image-preview:large","max-video-preview":"max-video-preview:-1"},"canonical":"https:\/\/jpevlogistics.com\/en\/tarifas-de-fletes-china-sudamerica-en-alza-sin-techo-por-ahora\/","og_locale":"en_US","og_type":"article","og_title":"Tarifas de fletes China Sudamerica en alza sin techo por ahora - JPEV Logistics","og_description":"09\/05\/2024 &#8211; Parece no tener techo el alza de los fletes entre Far East y el mundo El aumento de tarifas en todas las rutas principales esta vez comenz\u00f3 principalmente en Am\u00e9rica del Sur. La raz\u00f3n principal del aumento en Am\u00e9rica del Sur es que Brasil impondr\u00e1 aranceles adicionales a los veh\u00edculos de energ\u00eda nueva [&hellip;]","og_url":"https:\/\/jpevlogistics.com\/en\/tarifas-de-fletes-china-sudamerica-en-alza-sin-techo-por-ahora\/","og_site_name":"JPEV Logistics","article_published_time":"2024-05-09T13:33:52+00:00","article_modified_time":"2024-05-09T13:33:53+00:00","og_image":[{"width":798,"height":598,"url":"https:\/\/jpevlogistics.com\/wp-content\/uploads\/2024\/05\/Barco-de-tarifas-sin-techo.jpeg","type":"image\/jpeg"}],"author":"horacio","twitter_card":"summary_large_image","twitter_misc":{"Written by":"horacio","Est. reading time":"2 minutes"},"schema":{"@context":"https:\/\/schema.org","@graph":[{"@type":"Article","@id":"https:\/\/jpevlogistics.com\/en\/tarifas-de-fletes-china-sudamerica-en-alza-sin-techo-por-ahora\/#article","isPartOf":{"@id":"https:\/\/jpevlogistics.com\/en\/tarifas-de-fletes-china-sudamerica-en-alza-sin-techo-por-ahora\/"},"author":{"name":"horacio","@id":"https:\/\/jpevlogistics.com\/#\/schema\/person\/5cb83ed90e4ad10651470058bc190e62"},"headline":"Tarifas de fletes China Sudamerica en alza sin techo por ahora","datePublished":"2024-05-09T13:33:52+00:00","dateModified":"2024-05-09T13:33:53+00:00","mainEntityOfPage":{"@id":"https:\/\/jpevlogistics.com\/en\/tarifas-de-fletes-china-sudamerica-en-alza-sin-techo-por-ahora\/"},"wordCount":445,"commentCount":0,"publisher":{"@id":"https:\/\/jpevlogistics.com\/#organization"},"image":{"@id":"https:\/\/jpevlogistics.com\/en\/tarifas-de-fletes-china-sudamerica-en-alza-sin-techo-por-ahora\/#primaryimage"},"thumbnailUrl":"https:\/\/jpevlogistics.com\/wp-content\/uploads\/2024\/05\/Barco-de-tarifas-sin-techo.jpeg","articleSection":["Sin categor\u00eda"],"inLanguage":"en-US","potentialAction":[{"@type":"CommentAction","name":"Comment","target":["https:\/\/jpevlogistics.com\/en\/tarifas-de-fletes-china-sudamerica-en-alza-sin-techo-por-ahora\/#respond"]}]},{"@type":"WebPage","@id":"https:\/\/jpevlogistics.com\/en\/tarifas-de-fletes-china-sudamerica-en-alza-sin-techo-por-ahora\/","url":"https:\/\/jpevlogistics.com\/en\/tarifas-de-fletes-china-sudamerica-en-alza-sin-techo-por-ahora\/","name":"Tarifas de fletes China Sudamerica en alza sin techo por ahora - JPEV Logistics","isPartOf":{"@id":"https:\/\/jpevlogistics.com\/#website"},"primaryImageOfPage":{"@id":"https:\/\/jpevlogistics.com\/en\/tarifas-de-fletes-china-sudamerica-en-alza-sin-techo-por-ahora\/#primaryimage"},"image":{"@id":"https:\/\/jpevlogistics.com\/en\/tarifas-de-fletes-china-sudamerica-en-alza-sin-techo-por-ahora\/#primaryimage"},"thumbnailUrl":"https:\/\/jpevlogistics.com\/wp-content\/uploads\/2024\/05\/Barco-de-tarifas-sin-techo.jpeg","datePublished":"2024-05-09T13:33:52+00:00","dateModified":"2024-05-09T13:33:53+00:00","breadcrumb":{"@id":"https:\/\/jpevlogistics.com\/en\/tarifas-de-fletes-china-sudamerica-en-alza-sin-techo-por-ahora\/#breadcrumb"},"inLanguage":"en-US","potentialAction":[{"@type":"ReadAction","target":["https:\/\/jpevlogistics.com\/en\/tarifas-de-fletes-china-sudamerica-en-alza-sin-techo-por-ahora\/"]}]},{"@type":"ImageObject","inLanguage":"en-US","@id":"https:\/\/jpevlogistics.com\/en\/tarifas-de-fletes-china-sudamerica-en-alza-sin-techo-por-ahora\/#primaryimage","url":"https:\/\/jpevlogistics.com\/wp-content\/uploads\/2024\/05\/Barco-de-tarifas-sin-techo.jpeg","contentUrl":"https:\/\/jpevlogistics.com\/wp-content\/uploads\/2024\/05\/Barco-de-tarifas-sin-techo.jpeg","width":798,"height":598},{"@type":"BreadcrumbList","@id":"https:\/\/jpevlogistics.com\/en\/tarifas-de-fletes-china-sudamerica-en-alza-sin-techo-por-ahora\/#breadcrumb","itemListElement":[{"@type":"ListItem","position":1,"name":"Portada","item":"https:\/\/jpevlogistics.com\/"},{"@type":"ListItem","position":2,"name":"Tarifas de fletes China Sudamerica en alza sin techo por ahora"}]},{"@type":"WebSite","@id":"https:\/\/jpevlogistics.com\/#website","url":"https:\/\/jpevlogistics.com\/","name":"JPEV Logistics","description":"","publisher":{"@id":"https:\/\/jpevlogistics.com\/#organization"},"potentialAction":[{"@type":"SearchAction","target":{"@type":"EntryPoint","urlTemplate":"https:\/\/jpevlogistics.com\/?s={search_term_string}"},"query-input":{"@type":"PropertyValueSpecification","valueRequired":true,"valueName":"search_term_string"}}],"inLanguage":"en-US"},{"@type":"Organization","@id":"https:\/\/jpevlogistics.com\/#organization","name":"JPEV Logistics","url":"https:\/\/jpevlogistics.com\/","logo":{"@type":"ImageObject","inLanguage":"en-US","@id":"https:\/\/jpevlogistics.com\/#\/schema\/logo\/image\/","url":"https:\/\/jpevlogistics.com\/wp-content\/uploads\/2020\/07\/logo.png","contentUrl":"https:\/\/jpevlogistics.com\/wp-content\/uploads\/2020\/07\/logo.png","width":214,"height":81,"caption":"JPEV Logistics"},"image":{"@id":"https:\/\/jpevlogistics.com\/#\/schema\/logo\/image\/"},"sameAs":["https:\/\/www.instagram.com\/jpevlogistics\/","https:\/\/www.linkedin.com\/company\/jpev-logistics\/"]},{"@type":"Person","@id":"https:\/\/jpevlogistics.com\/#\/schema\/person\/5cb83ed90e4ad10651470058bc190e62","name":"horacio","image":{"@type":"ImageObject","inLanguage":"en-US","@id":"https:\/\/secure.gravatar.com\/avatar\/49ba85a39487c51406dba7224109c3b2296f15c3dd1931dd024e3f540b12ea7d?s=96&d=mm&r=g","url":"https:\/\/secure.gravatar.com\/avatar\/49ba85a39487c51406dba7224109c3b2296f15c3dd1931dd024e3f540b12ea7d?s=96&d=mm&r=g","contentUrl":"https:\/\/secure.gravatar.com\/avatar\/49ba85a39487c51406dba7224109c3b2296f15c3dd1931dd024e3f540b12ea7d?s=96&d=mm&r=g","caption":"horacio"},"url":"https:\/\/jpevlogistics.com\/en\/author\/horacio\/"}]}},"_links":{"self":[{"href":"https:\/\/jpevlogistics.com\/en\/wp-json\/wp\/v2\/posts\/3243","targetHints":{"allow":["GET"]}}],"collection":[{"href":"https:\/\/jpevlogistics.com\/en\/wp-json\/wp\/v2\/posts"}],"about":[{"href":"https:\/\/jpevlogistics.com\/en\/wp-json\/wp\/v2\/types\/post"}],"author":[{"embeddable":true,"href":"https:\/\/jpevlogistics.com\/en\/wp-json\/wp\/v2\/users\/4"}],"replies":[{"embeddable":true,"href":"https:\/\/jpevlogistics.com\/en\/wp-json\/wp\/v2\/comments?post=3243"}],"version-history":[{"count":1,"href":"https:\/\/jpevlogistics.com\/en\/wp-json\/wp\/v2\/posts\/3243\/revisions"}],"predecessor-version":[{"id":3245,"href":"https:\/\/jpevlogistics.com\/en\/wp-json\/wp\/v2\/posts\/3243\/revisions\/3245"}],"wp:featuredmedia":[{"embeddable":true,"href":"https:\/\/jpevlogistics.com\/en\/wp-json\/wp\/v2\/media\/3244"}],"wp:attachment":[{"href":"https:\/\/jpevlogistics.com\/en\/wp-json\/wp\/v2\/media?parent=3243"}],"wp:term":[{"taxonomy":"category","embeddable":true,"href":"https:\/\/jpevlogistics.com\/en\/wp-json\/wp\/v2\/categories?post=3243"},{"taxonomy":"post_tag","embeddable":true,"href":"https:\/\/jpevlogistics.com\/en\/wp-json\/wp\/v2\/tags?post=3243"}],"curies":[{"name":"wp","href":"https:\/\/api.w.org\/{rel}","templated":true}]}}