{"id":3327,"date":"2024-05-22T15:48:01","date_gmt":"2024-05-22T15:48:01","guid":{"rendered":"https:\/\/jpevlogistics.com\/?p=3327"},"modified":"2024-05-22T15:48:03","modified_gmt":"2024-05-22T15:48:03","slug":"creciente-demanda-escasa-capacidad-y-retrasos-en-las-recaladas-impulsan-las-tarifas-de-fletes","status":"publish","type":"post","link":"https:\/\/jpevlogistics.com\/en\/creciente-demanda-escasa-capacidad-y-retrasos-en-las-recaladas-impulsan-las-tarifas-de-fletes\/","title":{"rendered":"Creciente demanda, escasa capacidad y retrasos en las recaladas impulsan las tarifas de fletes"},"content":{"rendered":"<p>22-05-2024. Adem\u00e1s, se observa escasez de contenedores vac\u00edos y congesti\u00f3n en puertos de China, Malasia y Singapur<\/p>\n\n\n\n<p>A estas alturas del a\u00f1o ya comienzan a asentarse algunos acontecimientos que est\u00e1n impulsando las tarifas de fletes de transporte mar\u00edtimo de contenedores. Lo primero son los aumentos no estacionales de demanda de capacidad desde Asia, debido al posible inicio de un ciclo de reabastecimiento en Europa y un adelanto de la temporada alta en EE. UU., influenciada en parte por el temor a disrupciones laborales o nuevos efectos de la crisis en el Mar Rojo avanzado el a\u00f1o.\u00a0\u00a0\u00a0<\/p>\n\n\n\n<figure class=\"wp-block-image size-full\"><img fetchpriority=\"high\" decoding=\"async\" width=\"798\" height=\"598\" src=\"https:\/\/jpevlogistics.com\/wp-content\/uploads\/2024\/05\/aumento-de-tarifas-escazes-.jpeg\" alt=\"\" class=\"wp-image-3328\" srcset=\"https:\/\/jpevlogistics.com\/wp-content\/uploads\/2024\/05\/aumento-de-tarifas-escazes-.jpeg 798w, https:\/\/jpevlogistics.com\/wp-content\/uploads\/2024\/05\/aumento-de-tarifas-escazes--300x225.jpeg 300w, https:\/\/jpevlogistics.com\/wp-content\/uploads\/2024\/05\/aumento-de-tarifas-escazes--768x576.jpeg 768w, https:\/\/jpevlogistics.com\/wp-content\/uploads\/2024\/05\/aumento-de-tarifas-escazes--16x12.jpeg 16w\" sizes=\"(max-width: 798px) 100vw, 798px\" \/><\/figure>\n\n\n\n<p>Uno de los puntos focales de estas preocupaciones es que la capacidad de transporte mar\u00edtimo de contenedores ya est\u00e1 al l\u00edmite para cubrir los mercados mundiales. Esto, pese al crecimiento de la flota mediante nuevos buques que r\u00e1pidamente son absorbidos por el verdadero remolino oce\u00e1nico en que se ha transformado el desv\u00edo alrededor del Cabo de Buena Esperanza.&nbsp;<\/p>\n\n\n\n<p>A su vez, esta escasez de buques est\u00e1 provocando arribos tard\u00edos y omisiones de puertos, ya que las l\u00edneas navieras est\u00e1n optando por saltarse algunas recaladas para tratar de mantenerse al d\u00eda sus itinerarios semanales en los principales hubs. Al mismo tiempo, los retrasos y omisiones est\u00e1n generando escasez de disponibilidad de contenedores vac\u00edos y congesti\u00f3n debido a la aglomeraci\u00f3n de buques en algunos puertos de China, Singapur y Malasia.<\/p>\n\n\n\n<p>En suma, la creciente demanda, la escasa capacidad y los retrasos se combinan para hacer subir las tarifas mar\u00edtimas desde sus ya elevados pisos alcanzados en abril producto de la crisis del Mar Rojo, seg\u00fan observa el jefe de an\u00e1lisis de&nbsp;<em>Freightos<\/em>,&nbsp;<em>Judah Levine<\/em>.<\/p>\n\n\n\n<p><strong>Tarifas cobran impulso&nbsp;&nbsp;<\/strong><\/p>\n\n\n\n<p>De acuerdo con el&nbsp;<em>Freightos Baltic Index<\/em>&nbsp;(<em>FBX<\/em>), las tarifas aumentaron la semana pasada y han seguido la tendencia esta semana. En la ruta Asia &#8211; costa oeste de EE. UU. (USWC) alcanzaron los US$4.800\/FEU y a la costa este de EE. UU. (USEC) subieron hasta los US$5.800\/FEU, lo que representa un aumento de aproximadamente el 40% desde finales de abril.&nbsp; En tanto, en la ruta Asia &#8211; norte de Europa han aumentado aproximadamente un 50% desde abril a casi US$$5.000\/FEU y la de Asia -Mediterr\u00e1neo super\u00f3 los US$5.600\/FEU, ubic\u00e1ndose ambas 3,5 veces m\u00e1s altas que en 2019 (prepandemia).<\/p>\n\n\n\n<p>El transporte mar\u00edtimo de contenedores sabe de crisis y de momentos excepcionales y para tomar el pulso de lo que realmente esta aconteciendo es bueno recordar los incrementos que se vieron durante la pandemia, tambi\u00e9n ocasionados por la abrupta escasez de portacontenedores que se ocasion\u00f3 durante la pandemia de Covds-19, donde el factor causante de la absorci\u00f3n de capacidad fue la congesti\u00f3n, primero en los puertos de China y luego, en la costa oeste de EE. UU.&nbsp; Como consecuencia, en 2022, las tarifas aumentaron a alrededor de US$20.000\/FEU en la ruta Asia-USWC, aproximadamente seis veces m\u00e1s que los niveles normales.&nbsp;<\/p>\n\n\n\n<p><strong>Demanda se consolida&nbsp;&nbsp;<\/strong><\/p>\n\n\n\n<p>La Federaci\u00f3n Nacional de Retail (NRF) de EE. UU. asegur\u00f3 a principios de mayo que los doce principales puertos estadounidenses manejaron 1,96 millones de contenedores en abril, un 10% m\u00e1s que hace un a\u00f1o y un 2% m\u00e1s que en marzo, lo que apunta a una fuerte tendencia para las importaciones en el tercer trimestre, el momento de mayor actividad para el transporte mar\u00edtimo de contenedores, cuando los minoristas preparan sus existencias para las vacaciones de fin de a\u00f1o del hemisferio norte.<\/p>\n\n\n\n<p>La NRF, a trav\u00e9s de datos&nbsp;<em>Global Port Tracker<\/em>, adelant\u00f3, seg\u00fan consigna&nbsp;<em>WSJ<\/em>, que los puertos manejar\u00e1n m\u00e1s de dos millones de contenedores en mayo, el volumen m\u00e1s alto desde octubre de 2023. Tambi\u00e9n pronostic\u00f3 un aumento del 10% en las importaciones entre enero y agosto, en comparaci\u00f3n con el mismo per\u00edodo en 2019, antes de Covid, lo que deber\u00eda ayudar a mantener las tarifas en alza.<\/p>\n\n\n\n<p><strong>L\u00edneas navieras sacan cuentas felices&nbsp;<\/strong><\/p>\n\n\n\n<p>De acuerdo con&nbsp;<em>Judah Levine<\/em>&nbsp;los anuncios de las l\u00edneas navieras sobre aumentos de tarifas adicionales previstos para junio, muestran que no esperan que la demanda disminuya ni que las condiciones cambien en el corto plazo. CMA CGM estima tarifas de Asia &#8211; norte de Europa en US$6000\/FEU a partir del 1 de junio, y Hapag-Lloyd ha anunciado un recargo por temporada alta de Asia &#8211; Norte Am\u00e9rica de US$600\/FEU a partir de junio que aumentar\u00e1 a US$2000\/FEU a mediados de ese mes.<\/p>\n\n\n\n<p>Estos desarrollos sin duda favorecen la posici\u00f3n de los operadores. Maersk, la segunda l\u00ednea naviera por capacidad, dijo este mes que espera que sus ganancias subyacentes para este a\u00f1o est\u00e9n entre 4.000 y 6.000 millones de d\u00f3lares, en comparaci\u00f3n con la orientaci\u00f3n anterior de entre 1.000 y 6.000 millones de d\u00f3lares. En tanto, Hapag-LLoyd, la quinta l\u00ednea naviera m\u00e1s grande del mundo, tambi\u00e9n mejor\u00f3 sus perspectivas para el a\u00f1o.<\/p>","protected":false},"excerpt":{"rendered":"<p>22-05-2024. Adem\u00e1s, se observa escasez de contenedores vac\u00edos y congesti\u00f3n en puertos de China, Malasia y Singapur A estas alturas del a\u00f1o ya comienzan a asentarse algunos acontecimientos que est\u00e1n impulsando las tarifas de fletes de transporte mar\u00edtimo de contenedores. Lo primero son los aumentos no estacionales de demanda de capacidad desde Asia, debido al [&hellip;]<\/p>\n","protected":false},"author":4,"featured_media":3328,"comment_status":"open","ping_status":"open","sticky":false,"template":"","format":"standard","meta":{"footnotes":""},"categories":[1],"tags":[],"class_list":["post-3327","post","type-post","status-publish","format-standard","has-post-thumbnail","hentry","category-sin-categoria"],"yoast_head":"<!-- This site is optimized with the Yoast SEO plugin v27.4 - https:\/\/yoast.com\/product\/yoast-seo-wordpress\/ -->\n<title>Creciente demanda, escasa capacidad y retrasos en las recaladas impulsan las tarifas de fletes - JPEV Logistics<\/title>\n<meta name=\"robots\" content=\"index, follow, max-snippet:-1, max-image-preview:large, max-video-preview:-1\" \/>\n<link rel=\"canonical\" href=\"https:\/\/jpevlogistics.com\/en\/creciente-demanda-escasa-capacidad-y-retrasos-en-las-recaladas-impulsan-las-tarifas-de-fletes\/\" \/>\n<meta property=\"og:locale\" content=\"en_US\" \/>\n<meta property=\"og:type\" content=\"article\" \/>\n<meta property=\"og:title\" content=\"Creciente demanda, escasa capacidad y retrasos en las recaladas impulsan las tarifas de fletes - JPEV Logistics\" \/>\n<meta property=\"og:description\" content=\"22-05-2024. Adem\u00e1s, se observa escasez de contenedores vac\u00edos y congesti\u00f3n en puertos de China, Malasia y Singapur A estas alturas del a\u00f1o ya comienzan a asentarse algunos acontecimientos que est\u00e1n impulsando las tarifas de fletes de transporte mar\u00edtimo de contenedores. Lo primero son los aumentos no estacionales de demanda de capacidad desde Asia, debido al [&hellip;]\" \/>\n<meta property=\"og:url\" content=\"https:\/\/jpevlogistics.com\/en\/creciente-demanda-escasa-capacidad-y-retrasos-en-las-recaladas-impulsan-las-tarifas-de-fletes\/\" \/>\n<meta property=\"og:site_name\" content=\"JPEV Logistics\" \/>\n<meta property=\"article:published_time\" content=\"2024-05-22T15:48:01+00:00\" \/>\n<meta property=\"article:modified_time\" content=\"2024-05-22T15:48:03+00:00\" \/>\n<meta property=\"og:image\" content=\"https:\/\/jpevlogistics.com\/wp-content\/uploads\/2024\/05\/aumento-de-tarifas-escazes-.jpeg\" \/>\n\t<meta property=\"og:image:width\" content=\"798\" \/>\n\t<meta property=\"og:image:height\" content=\"598\" \/>\n\t<meta property=\"og:image:type\" content=\"image\/jpeg\" \/>\n<meta name=\"author\" content=\"horacio\" \/>\n<meta name=\"twitter:card\" content=\"summary_large_image\" \/>\n<meta name=\"twitter:label1\" content=\"Written by\" \/>\n\t<meta name=\"twitter:data1\" content=\"horacio\" \/>\n\t<meta name=\"twitter:label2\" content=\"Est. reading time\" \/>\n\t<meta name=\"twitter:data2\" content=\"4 minutes\" \/>\n<script type=\"application\/ld+json\" class=\"yoast-schema-graph\">{\"@context\":\"https:\\\/\\\/schema.org\",\"@graph\":[{\"@type\":\"Article\",\"@id\":\"https:\\\/\\\/jpevlogistics.com\\\/creciente-demanda-escasa-capacidad-y-retrasos-en-las-recaladas-impulsan-las-tarifas-de-fletes\\\/#article\",\"isPartOf\":{\"@id\":\"https:\\\/\\\/jpevlogistics.com\\\/creciente-demanda-escasa-capacidad-y-retrasos-en-las-recaladas-impulsan-las-tarifas-de-fletes\\\/\"},\"author\":{\"name\":\"horacio\",\"@id\":\"https:\\\/\\\/jpevlogistics.com\\\/#\\\/schema\\\/person\\\/5cb83ed90e4ad10651470058bc190e62\"},\"headline\":\"Creciente demanda, escasa capacidad y retrasos en las recaladas impulsan las tarifas de fletes\",\"datePublished\":\"2024-05-22T15:48:01+00:00\",\"dateModified\":\"2024-05-22T15:48:03+00:00\",\"mainEntityOfPage\":{\"@id\":\"https:\\\/\\\/jpevlogistics.com\\\/creciente-demanda-escasa-capacidad-y-retrasos-en-las-recaladas-impulsan-las-tarifas-de-fletes\\\/\"},\"wordCount\":864,\"commentCount\":0,\"publisher\":{\"@id\":\"https:\\\/\\\/jpevlogistics.com\\\/#organization\"},\"image\":{\"@id\":\"https:\\\/\\\/jpevlogistics.com\\\/creciente-demanda-escasa-capacidad-y-retrasos-en-las-recaladas-impulsan-las-tarifas-de-fletes\\\/#primaryimage\"},\"thumbnailUrl\":\"https:\\\/\\\/jpevlogistics.com\\\/wp-content\\\/uploads\\\/2024\\\/05\\\/aumento-de-tarifas-escazes-.jpeg\",\"articleSection\":[\"Sin categor\u00eda\"],\"inLanguage\":\"en-US\",\"potentialAction\":[{\"@type\":\"CommentAction\",\"name\":\"Comment\",\"target\":[\"https:\\\/\\\/jpevlogistics.com\\\/creciente-demanda-escasa-capacidad-y-retrasos-en-las-recaladas-impulsan-las-tarifas-de-fletes\\\/#respond\"]}]},{\"@type\":\"WebPage\",\"@id\":\"https:\\\/\\\/jpevlogistics.com\\\/creciente-demanda-escasa-capacidad-y-retrasos-en-las-recaladas-impulsan-las-tarifas-de-fletes\\\/\",\"url\":\"https:\\\/\\\/jpevlogistics.com\\\/creciente-demanda-escasa-capacidad-y-retrasos-en-las-recaladas-impulsan-las-tarifas-de-fletes\\\/\",\"name\":\"Creciente demanda, escasa capacidad y retrasos en las recaladas impulsan las tarifas de fletes - JPEV Logistics\",\"isPartOf\":{\"@id\":\"https:\\\/\\\/jpevlogistics.com\\\/#website\"},\"primaryImageOfPage\":{\"@id\":\"https:\\\/\\\/jpevlogistics.com\\\/creciente-demanda-escasa-capacidad-y-retrasos-en-las-recaladas-impulsan-las-tarifas-de-fletes\\\/#primaryimage\"},\"image\":{\"@id\":\"https:\\\/\\\/jpevlogistics.com\\\/creciente-demanda-escasa-capacidad-y-retrasos-en-las-recaladas-impulsan-las-tarifas-de-fletes\\\/#primaryimage\"},\"thumbnailUrl\":\"https:\\\/\\\/jpevlogistics.com\\\/wp-content\\\/uploads\\\/2024\\\/05\\\/aumento-de-tarifas-escazes-.jpeg\",\"datePublished\":\"2024-05-22T15:48:01+00:00\",\"dateModified\":\"2024-05-22T15:48:03+00:00\",\"breadcrumb\":{\"@id\":\"https:\\\/\\\/jpevlogistics.com\\\/creciente-demanda-escasa-capacidad-y-retrasos-en-las-recaladas-impulsan-las-tarifas-de-fletes\\\/#breadcrumb\"},\"inLanguage\":\"en-US\",\"potentialAction\":[{\"@type\":\"ReadAction\",\"target\":[\"https:\\\/\\\/jpevlogistics.com\\\/creciente-demanda-escasa-capacidad-y-retrasos-en-las-recaladas-impulsan-las-tarifas-de-fletes\\\/\"]}]},{\"@type\":\"ImageObject\",\"inLanguage\":\"en-US\",\"@id\":\"https:\\\/\\\/jpevlogistics.com\\\/creciente-demanda-escasa-capacidad-y-retrasos-en-las-recaladas-impulsan-las-tarifas-de-fletes\\\/#primaryimage\",\"url\":\"https:\\\/\\\/jpevlogistics.com\\\/wp-content\\\/uploads\\\/2024\\\/05\\\/aumento-de-tarifas-escazes-.jpeg\",\"contentUrl\":\"https:\\\/\\\/jpevlogistics.com\\\/wp-content\\\/uploads\\\/2024\\\/05\\\/aumento-de-tarifas-escazes-.jpeg\",\"width\":798,\"height\":598},{\"@type\":\"BreadcrumbList\",\"@id\":\"https:\\\/\\\/jpevlogistics.com\\\/creciente-demanda-escasa-capacidad-y-retrasos-en-las-recaladas-impulsan-las-tarifas-de-fletes\\\/#breadcrumb\",\"itemListElement\":[{\"@type\":\"ListItem\",\"position\":1,\"name\":\"Portada\",\"item\":\"https:\\\/\\\/jpevlogistics.com\\\/\"},{\"@type\":\"ListItem\",\"position\":2,\"name\":\"Creciente demanda, escasa capacidad y retrasos en las recaladas impulsan las tarifas de fletes\"}]},{\"@type\":\"WebSite\",\"@id\":\"https:\\\/\\\/jpevlogistics.com\\\/#website\",\"url\":\"https:\\\/\\\/jpevlogistics.com\\\/\",\"name\":\"JPEV Logistics\",\"description\":\"\",\"publisher\":{\"@id\":\"https:\\\/\\\/jpevlogistics.com\\\/#organization\"},\"potentialAction\":[{\"@type\":\"SearchAction\",\"target\":{\"@type\":\"EntryPoint\",\"urlTemplate\":\"https:\\\/\\\/jpevlogistics.com\\\/?s={search_term_string}\"},\"query-input\":{\"@type\":\"PropertyValueSpecification\",\"valueRequired\":true,\"valueName\":\"search_term_string\"}}],\"inLanguage\":\"en-US\"},{\"@type\":\"Organization\",\"@id\":\"https:\\\/\\\/jpevlogistics.com\\\/#organization\",\"name\":\"JPEV Logistics\",\"url\":\"https:\\\/\\\/jpevlogistics.com\\\/\",\"logo\":{\"@type\":\"ImageObject\",\"inLanguage\":\"en-US\",\"@id\":\"https:\\\/\\\/jpevlogistics.com\\\/#\\\/schema\\\/logo\\\/image\\\/\",\"url\":\"https:\\\/\\\/jpevlogistics.com\\\/wp-content\\\/uploads\\\/2020\\\/07\\\/logo.png\",\"contentUrl\":\"https:\\\/\\\/jpevlogistics.com\\\/wp-content\\\/uploads\\\/2020\\\/07\\\/logo.png\",\"width\":214,\"height\":81,\"caption\":\"JPEV Logistics\"},\"image\":{\"@id\":\"https:\\\/\\\/jpevlogistics.com\\\/#\\\/schema\\\/logo\\\/image\\\/\"},\"sameAs\":[\"https:\\\/\\\/www.instagram.com\\\/jpevlogistics\\\/\",\"https:\\\/\\\/www.linkedin.com\\\/company\\\/jpev-logistics\\\/\"]},{\"@type\":\"Person\",\"@id\":\"https:\\\/\\\/jpevlogistics.com\\\/#\\\/schema\\\/person\\\/5cb83ed90e4ad10651470058bc190e62\",\"name\":\"horacio\",\"image\":{\"@type\":\"ImageObject\",\"inLanguage\":\"en-US\",\"@id\":\"https:\\\/\\\/secure.gravatar.com\\\/avatar\\\/49ba85a39487c51406dba7224109c3b2296f15c3dd1931dd024e3f540b12ea7d?s=96&d=mm&r=g\",\"url\":\"https:\\\/\\\/secure.gravatar.com\\\/avatar\\\/49ba85a39487c51406dba7224109c3b2296f15c3dd1931dd024e3f540b12ea7d?s=96&d=mm&r=g\",\"contentUrl\":\"https:\\\/\\\/secure.gravatar.com\\\/avatar\\\/49ba85a39487c51406dba7224109c3b2296f15c3dd1931dd024e3f540b12ea7d?s=96&d=mm&r=g\",\"caption\":\"horacio\"},\"url\":\"https:\\\/\\\/jpevlogistics.com\\\/en\\\/author\\\/horacio\\\/\"}]}<\/script>\n<!-- \/ Yoast SEO plugin. -->","yoast_head_json":{"title":"Creciente demanda, escasa capacidad y retrasos en las recaladas impulsan las tarifas de fletes - JPEV Logistics","robots":{"index":"index","follow":"follow","max-snippet":"max-snippet:-1","max-image-preview":"max-image-preview:large","max-video-preview":"max-video-preview:-1"},"canonical":"https:\/\/jpevlogistics.com\/en\/creciente-demanda-escasa-capacidad-y-retrasos-en-las-recaladas-impulsan-las-tarifas-de-fletes\/","og_locale":"en_US","og_type":"article","og_title":"Creciente demanda, escasa capacidad y retrasos en las recaladas impulsan las tarifas de fletes - JPEV Logistics","og_description":"22-05-2024. Adem\u00e1s, se observa escasez de contenedores vac\u00edos y congesti\u00f3n en puertos de China, Malasia y Singapur A estas alturas del a\u00f1o ya comienzan a asentarse algunos acontecimientos que est\u00e1n impulsando las tarifas de fletes de transporte mar\u00edtimo de contenedores. Lo primero son los aumentos no estacionales de demanda de capacidad desde Asia, debido al [&hellip;]","og_url":"https:\/\/jpevlogistics.com\/en\/creciente-demanda-escasa-capacidad-y-retrasos-en-las-recaladas-impulsan-las-tarifas-de-fletes\/","og_site_name":"JPEV Logistics","article_published_time":"2024-05-22T15:48:01+00:00","article_modified_time":"2024-05-22T15:48:03+00:00","og_image":[{"width":798,"height":598,"url":"https:\/\/jpevlogistics.com\/wp-content\/uploads\/2024\/05\/aumento-de-tarifas-escazes-.jpeg","type":"image\/jpeg"}],"author":"horacio","twitter_card":"summary_large_image","twitter_misc":{"Written by":"horacio","Est. reading time":"4 minutes"},"schema":{"@context":"https:\/\/schema.org","@graph":[{"@type":"Article","@id":"https:\/\/jpevlogistics.com\/creciente-demanda-escasa-capacidad-y-retrasos-en-las-recaladas-impulsan-las-tarifas-de-fletes\/#article","isPartOf":{"@id":"https:\/\/jpevlogistics.com\/creciente-demanda-escasa-capacidad-y-retrasos-en-las-recaladas-impulsan-las-tarifas-de-fletes\/"},"author":{"name":"horacio","@id":"https:\/\/jpevlogistics.com\/#\/schema\/person\/5cb83ed90e4ad10651470058bc190e62"},"headline":"Creciente demanda, escasa capacidad y retrasos en las recaladas impulsan las tarifas de fletes","datePublished":"2024-05-22T15:48:01+00:00","dateModified":"2024-05-22T15:48:03+00:00","mainEntityOfPage":{"@id":"https:\/\/jpevlogistics.com\/creciente-demanda-escasa-capacidad-y-retrasos-en-las-recaladas-impulsan-las-tarifas-de-fletes\/"},"wordCount":864,"commentCount":0,"publisher":{"@id":"https:\/\/jpevlogistics.com\/#organization"},"image":{"@id":"https:\/\/jpevlogistics.com\/creciente-demanda-escasa-capacidad-y-retrasos-en-las-recaladas-impulsan-las-tarifas-de-fletes\/#primaryimage"},"thumbnailUrl":"https:\/\/jpevlogistics.com\/wp-content\/uploads\/2024\/05\/aumento-de-tarifas-escazes-.jpeg","articleSection":["Sin categor\u00eda"],"inLanguage":"en-US","potentialAction":[{"@type":"CommentAction","name":"Comment","target":["https:\/\/jpevlogistics.com\/creciente-demanda-escasa-capacidad-y-retrasos-en-las-recaladas-impulsan-las-tarifas-de-fletes\/#respond"]}]},{"@type":"WebPage","@id":"https:\/\/jpevlogistics.com\/creciente-demanda-escasa-capacidad-y-retrasos-en-las-recaladas-impulsan-las-tarifas-de-fletes\/","url":"https:\/\/jpevlogistics.com\/creciente-demanda-escasa-capacidad-y-retrasos-en-las-recaladas-impulsan-las-tarifas-de-fletes\/","name":"Creciente demanda, escasa capacidad y retrasos en las recaladas impulsan las tarifas de fletes - JPEV Logistics","isPartOf":{"@id":"https:\/\/jpevlogistics.com\/#website"},"primaryImageOfPage":{"@id":"https:\/\/jpevlogistics.com\/creciente-demanda-escasa-capacidad-y-retrasos-en-las-recaladas-impulsan-las-tarifas-de-fletes\/#primaryimage"},"image":{"@id":"https:\/\/jpevlogistics.com\/creciente-demanda-escasa-capacidad-y-retrasos-en-las-recaladas-impulsan-las-tarifas-de-fletes\/#primaryimage"},"thumbnailUrl":"https:\/\/jpevlogistics.com\/wp-content\/uploads\/2024\/05\/aumento-de-tarifas-escazes-.jpeg","datePublished":"2024-05-22T15:48:01+00:00","dateModified":"2024-05-22T15:48:03+00:00","breadcrumb":{"@id":"https:\/\/jpevlogistics.com\/creciente-demanda-escasa-capacidad-y-retrasos-en-las-recaladas-impulsan-las-tarifas-de-fletes\/#breadcrumb"},"inLanguage":"en-US","potentialAction":[{"@type":"ReadAction","target":["https:\/\/jpevlogistics.com\/creciente-demanda-escasa-capacidad-y-retrasos-en-las-recaladas-impulsan-las-tarifas-de-fletes\/"]}]},{"@type":"ImageObject","inLanguage":"en-US","@id":"https:\/\/jpevlogistics.com\/creciente-demanda-escasa-capacidad-y-retrasos-en-las-recaladas-impulsan-las-tarifas-de-fletes\/#primaryimage","url":"https:\/\/jpevlogistics.com\/wp-content\/uploads\/2024\/05\/aumento-de-tarifas-escazes-.jpeg","contentUrl":"https:\/\/jpevlogistics.com\/wp-content\/uploads\/2024\/05\/aumento-de-tarifas-escazes-.jpeg","width":798,"height":598},{"@type":"BreadcrumbList","@id":"https:\/\/jpevlogistics.com\/creciente-demanda-escasa-capacidad-y-retrasos-en-las-recaladas-impulsan-las-tarifas-de-fletes\/#breadcrumb","itemListElement":[{"@type":"ListItem","position":1,"name":"Portada","item":"https:\/\/jpevlogistics.com\/"},{"@type":"ListItem","position":2,"name":"Creciente demanda, escasa capacidad y retrasos en las recaladas impulsan las tarifas de fletes"}]},{"@type":"WebSite","@id":"https:\/\/jpevlogistics.com\/#website","url":"https:\/\/jpevlogistics.com\/","name":"JPEV Logistics","description":"","publisher":{"@id":"https:\/\/jpevlogistics.com\/#organization"},"potentialAction":[{"@type":"SearchAction","target":{"@type":"EntryPoint","urlTemplate":"https:\/\/jpevlogistics.com\/?s={search_term_string}"},"query-input":{"@type":"PropertyValueSpecification","valueRequired":true,"valueName":"search_term_string"}}],"inLanguage":"en-US"},{"@type":"Organization","@id":"https:\/\/jpevlogistics.com\/#organization","name":"JPEV Logistics","url":"https:\/\/jpevlogistics.com\/","logo":{"@type":"ImageObject","inLanguage":"en-US","@id":"https:\/\/jpevlogistics.com\/#\/schema\/logo\/image\/","url":"https:\/\/jpevlogistics.com\/wp-content\/uploads\/2020\/07\/logo.png","contentUrl":"https:\/\/jpevlogistics.com\/wp-content\/uploads\/2020\/07\/logo.png","width":214,"height":81,"caption":"JPEV Logistics"},"image":{"@id":"https:\/\/jpevlogistics.com\/#\/schema\/logo\/image\/"},"sameAs":["https:\/\/www.instagram.com\/jpevlogistics\/","https:\/\/www.linkedin.com\/company\/jpev-logistics\/"]},{"@type":"Person","@id":"https:\/\/jpevlogistics.com\/#\/schema\/person\/5cb83ed90e4ad10651470058bc190e62","name":"horacio","image":{"@type":"ImageObject","inLanguage":"en-US","@id":"https:\/\/secure.gravatar.com\/avatar\/49ba85a39487c51406dba7224109c3b2296f15c3dd1931dd024e3f540b12ea7d?s=96&d=mm&r=g","url":"https:\/\/secure.gravatar.com\/avatar\/49ba85a39487c51406dba7224109c3b2296f15c3dd1931dd024e3f540b12ea7d?s=96&d=mm&r=g","contentUrl":"https:\/\/secure.gravatar.com\/avatar\/49ba85a39487c51406dba7224109c3b2296f15c3dd1931dd024e3f540b12ea7d?s=96&d=mm&r=g","caption":"horacio"},"url":"https:\/\/jpevlogistics.com\/en\/author\/horacio\/"}]}},"_links":{"self":[{"href":"https:\/\/jpevlogistics.com\/en\/wp-json\/wp\/v2\/posts\/3327","targetHints":{"allow":["GET"]}}],"collection":[{"href":"https:\/\/jpevlogistics.com\/en\/wp-json\/wp\/v2\/posts"}],"about":[{"href":"https:\/\/jpevlogistics.com\/en\/wp-json\/wp\/v2\/types\/post"}],"author":[{"embeddable":true,"href":"https:\/\/jpevlogistics.com\/en\/wp-json\/wp\/v2\/users\/4"}],"replies":[{"embeddable":true,"href":"https:\/\/jpevlogistics.com\/en\/wp-json\/wp\/v2\/comments?post=3327"}],"version-history":[{"count":1,"href":"https:\/\/jpevlogistics.com\/en\/wp-json\/wp\/v2\/posts\/3327\/revisions"}],"predecessor-version":[{"id":3329,"href":"https:\/\/jpevlogistics.com\/en\/wp-json\/wp\/v2\/posts\/3327\/revisions\/3329"}],"wp:featuredmedia":[{"embeddable":true,"href":"https:\/\/jpevlogistics.com\/en\/wp-json\/wp\/v2\/media\/3328"}],"wp:attachment":[{"href":"https:\/\/jpevlogistics.com\/en\/wp-json\/wp\/v2\/media?parent=3327"}],"wp:term":[{"taxonomy":"category","embeddable":true,"href":"https:\/\/jpevlogistics.com\/en\/wp-json\/wp\/v2\/categories?post=3327"},{"taxonomy":"post_tag","embeddable":true,"href":"https:\/\/jpevlogistics.com\/en\/wp-json\/wp\/v2\/tags?post=3327"}],"curies":[{"name":"wp","href":"https:\/\/api.w.org\/{rel}","templated":true}]}}