{"id":3370,"date":"2024-05-31T20:54:28","date_gmt":"2024-05-31T20:54:28","guid":{"rendered":"https:\/\/jpevlogistics.com\/?p=3370"},"modified":"2024-05-31T20:54:49","modified_gmt":"2024-05-31T20:54:49","slug":"flujo-continuo-de-nuevos-portacontenedores-frenaria-el-impulso-de-las-tarifas-spot-durante-este-ano","status":"publish","type":"post","link":"https:\/\/jpevlogistics.com\/en\/flujo-continuo-de-nuevos-portacontenedores-frenaria-el-impulso-de-las-tarifas-spot-durante-este-ano\/","title":{"rendered":"Flujo continuo de nuevos portacontenedores frenar\u00eda el impulso de las tarifas spot durante este a\u00f1o"},"content":{"rendered":"<p>31\/05\/2024 &#8211; Entrega de 2 millones de TEUs de capacidad permitir\u00eda aliviar la presi\u00f3n sobre el transporte mar\u00edtimo<\/p>\n\n\n\n<p>Uno de los aspectos llamativos del actual impulso de tarifas del transporte mar\u00edtimo de contenedores, fueron los pocos antecedentes que cont\u00f3 el mercado para predecir el fen\u00f3meno. Tanto consultoras como l\u00edneas navieras fallaron en un 100% a la hora de detectar el actual momento.\u00a0<em>Simon Heaney<\/em>\u00a0<em>Senior Manager, Container Research investigates de<\/em>\u00a0<em>Drewry<\/em>, en el podcast\u00a0<em>Freight Loop<\/em>\u00a0de la consultora, junto con hacerse cargo del desacierto, analiz\u00f3 cuatro factores para descubrir las verdaderas razones de lo que ocurre y tratar de aclarar en parte hacia d\u00f3nde van las cosas. \u00a0\u00a0\u00a0\u00a0\u00a0\u00a0<\/p>\n\n\n\n<figure class=\"wp-block-image size-full\"><img fetchpriority=\"high\" decoding=\"async\" width=\"798\" height=\"598\" src=\"https:\/\/jpevlogistics.com\/wp-content\/uploads\/2024\/05\/Alzas-de-fletes-1-2.jpeg\" alt=\"\" class=\"wp-image-3371\" srcset=\"https:\/\/jpevlogistics.com\/wp-content\/uploads\/2024\/05\/Alzas-de-fletes-1-2.jpeg 798w, https:\/\/jpevlogistics.com\/wp-content\/uploads\/2024\/05\/Alzas-de-fletes-1-2-300x225.jpeg 300w, https:\/\/jpevlogistics.com\/wp-content\/uploads\/2024\/05\/Alzas-de-fletes-1-2-768x576.jpeg 768w, https:\/\/jpevlogistics.com\/wp-content\/uploads\/2024\/05\/Alzas-de-fletes-1-2-16x12.jpeg 16w\" sizes=\"(max-width: 798px) 100vw, 798px\" \/><\/figure>\n\n\n\n<p>Desde el punto de vista de la<strong>&nbsp;oferta&nbsp;<\/strong>explic\u00f3 que \u201cparece haber una impresi\u00f3n de que la capacidad de env\u00edo es muy limitada\u201d. Sin embargo, expone que esta apreciaci\u00f3n no concuerda con una acabada investigaci\u00f3n que muestra que la capacidad efectiva para la ruta Transpac\u00edfico y Lejano Oriente -Europa en abril de 2024 estaba en l\u00ednea con el mismo mes del a\u00f1o pasado. En detalle, en la ruta desde el Lejano Oriente a la costa oeste de EE. UU. (USWC) aument\u00f3 un 4% interanual; a la costa este de EE. UU. (USEC) disminuy\u00f3 un 6%, posiblemente m\u00e1s debido a las restricciones en el Canal de Panam\u00e1; al norte de Europa se mantuvo estable, mientras que al Mediterr\u00e1neo fue un 11% mayor.<\/p>\n\n\n\n<p>Lamentablemente, seg\u00fan&nbsp;<em>Heaney<\/em>, es imposible reconocer cu\u00e1n ajustado est\u00e1 el mercado, hasta conocer las cifras de&nbsp;<strong>demanda<\/strong>&nbsp;y compararlas con los datos de capacidad, ya que desafortunadamente \u201chay un agujero negro de informaci\u00f3n y en este vac\u00edo de datos existe una oportunidad para que se difunda informaci\u00f3n err\u00f3nea sobre un regreso a las condiciones de mercado pand\u00e9micas\u201d, advierte.<\/p>\n\n\n\n<p>Sin embargo, admite que los datos de demanda disponibles para el 1T 2024 confirman que los vol\u00famenes cargados estuvieron por delante de las proyecciones. En todo caso, indica, \u201cno hay datos confirmados hasta el momento que muestren que la demanda fue significativamente m\u00e1s fuerte en abril o mayo que el a\u00f1o pasado, pero existe informaci\u00f3n anecd\u00f3tica que indica que algunos importadores est\u00e1n adelantando reservas como medida de precauci\u00f3n\u201d.<\/p>\n\n\n\n<p>El tercer punto de revisi\u00f3n es el comportamiento de los&nbsp;<strong>propietarios de carga<\/strong>. En una encuesta a importadores clientes de&nbsp;<em>Drewry<\/em>, se observ\u00f3 que en la ruta Transpac\u00edfico el 60% de los consultados no inform\u00f3 ning\u00fan aumento de demanda de volumen y el 40% indic\u00f3 que \u00e9sta s\u00ed ha crecido y si bien estos \u00faltimos est\u00e1n minor\u00eda, \u201csu porcentaje es lo suficientemente alto como para sugerir que los mercados en general est\u00e1n creciendo bastante r\u00e1pido\u201d, indica&nbsp;<strong><em>Heaney<\/em><\/strong>.<\/p>\n\n\n\n<p>En cuanto a los inventarios, un 79% de los encuestados dijo que estaban actualmente en el nivel objetivo del 79% para Am\u00e9rica del Norte y en un 73% en Europa, por lo que se podr\u00eda descartar una reposici\u00f3n anormal en este \u00edtem como causa del aumento de la demanda.<\/p>\n\n\n\n<p>Por otra parte, un 19% de los encuestados indic\u00f3 que adelantar\u00eda sus env\u00edos (en la ruta Transpac\u00edfico), mientras que el 26% tomar\u00e1 la misma previsi\u00f3n en la ruta de Asia \u2013 norte de Europa. O sea, apunta Heaney, existe cierto grado de precauci\u00f3n ante posiblemente la mayor tardanza de los env\u00edos, o ante el peligro de futuras disrupciones, pero tampoco en un grado determinante. &nbsp;<\/p>\n\n\n\n<p>En el cuarto punto de an\u00e1lisis se plantea que son las propias&nbsp;<strong>disrupciones operativas<\/strong>&nbsp;las que han llevado al l\u00edmite los servicios navieros- y consecuentemente al incremento de las tarifas spot- que hasta hace unas pocas semanas se manten\u00edan bastante solventes. Sin embargo, la imposibilidad de mantener los itinerarios de forma regular, las traves\u00edas m\u00e1s extensas, el consecuente aumento de atrasos y&nbsp;<em>blank sailings<\/em>&nbsp;(cancelaciones de itinerarios) se han visto acentuados por el mal tiempo en rutas y puertos claves, provocando congesti\u00f3n y escasez de contenedores en algunos puertos de Asia. A esto se debe sumar el repentino aumento de la demanda y el coincidente agotamiento del mercado de fletamento, limitando las opciones de reacci\u00f3n de las l\u00edneas navieras.<\/p>\n\n\n\n<p><strong>Pero la flota global espera refuerzos\u2026<\/strong><\/p>\n\n\n\n<p>Pero al an\u00e1lisis de&nbsp;<em>Heaney<\/em>, tambi\u00e9n pone una luz en el horizonte, ya que sostiene que algunos de estos puntos de presi\u00f3n deber\u00edan relajarse pronto a medida que sigan fluyendo hacia el oc\u00e9ano los nuevos portacontenedores. \u201cLas brechas en los itinerarios deber\u00edan llenarse en unos cuatro meses. Se ha entregado alrededor de 1 mill\u00f3n de TEUs de nueva capacidad, gran parte del cual fue absorbida por los desv\u00edos desde el Canal de Suez, pero otros dos millones de TEUs llegar\u00e1n antes de que termine el a\u00f1o, esto ayudar\u00e1 a mejorar el flujo de contenedores de regreso a Asia, mientras que las condiciones clim\u00e1ticas no siempre ser\u00e1n tan malas\u201d.<\/p>\n\n\n\n<p>As\u00ed la cosas, deber\u00eda esperarse que el actual impulso de las tarifas spot en la ruta Asia &#8211; Europa comience a revertirse en junio, mientras que el mercado transpac\u00edfico se estabilizar\u00e1 o suavizar\u00e1 en el segundo semestre de 2024 a medida que se entregue una capacidad adicional r\u00e9cord.<\/p>\n\n\n\n<p>Un detalle, si la demanda contin\u00faa en alza, las redes de servicios navieros podr\u00edan seguir vi\u00e9ndose sometidas a presi\u00f3n mientras las cosas se componen.<\/p>","protected":false},"excerpt":{"rendered":"<p>31\/05\/2024 &#8211; Entrega de 2 millones de TEUs de capacidad permitir\u00eda aliviar la presi\u00f3n sobre el transporte mar\u00edtimo Uno de los aspectos llamativos del actual impulso de tarifas del transporte mar\u00edtimo de contenedores, fueron los pocos antecedentes que cont\u00f3 el mercado para predecir el fen\u00f3meno. Tanto consultoras como l\u00edneas navieras fallaron en un 100% a [&hellip;]<\/p>\n","protected":false},"author":4,"featured_media":3371,"comment_status":"open","ping_status":"open","sticky":false,"template":"","format":"standard","meta":{"footnotes":""},"categories":[1],"tags":[],"class_list":["post-3370","post","type-post","status-publish","format-standard","has-post-thumbnail","hentry","category-sin-categoria"],"yoast_head":"<!-- This site is optimized with the Yoast SEO plugin v27.4 - https:\/\/yoast.com\/product\/yoast-seo-wordpress\/ -->\n<title>Flujo continuo de nuevos portacontenedores frenar\u00eda el impulso de las tarifas spot durante este a\u00f1o - JPEV Logistics<\/title>\n<meta name=\"robots\" content=\"index, follow, max-snippet:-1, max-image-preview:large, max-video-preview:-1\" \/>\n<link rel=\"canonical\" href=\"https:\/\/jpevlogistics.com\/en\/flujo-continuo-de-nuevos-portacontenedores-frenaria-el-impulso-de-las-tarifas-spot-durante-este-ano\/\" \/>\n<meta property=\"og:locale\" content=\"en_US\" \/>\n<meta property=\"og:type\" content=\"article\" \/>\n<meta property=\"og:title\" content=\"Flujo continuo de nuevos portacontenedores frenar\u00eda el impulso de las tarifas spot durante este a\u00f1o - JPEV Logistics\" \/>\n<meta property=\"og:description\" content=\"31\/05\/2024 &#8211; Entrega de 2 millones de TEUs de capacidad permitir\u00eda aliviar la presi\u00f3n sobre el transporte mar\u00edtimo Uno de los aspectos llamativos del actual impulso de tarifas del transporte mar\u00edtimo de contenedores, fueron los pocos antecedentes que cont\u00f3 el mercado para predecir el fen\u00f3meno. Tanto consultoras como l\u00edneas navieras fallaron en un 100% a [&hellip;]\" \/>\n<meta property=\"og:url\" content=\"https:\/\/jpevlogistics.com\/en\/flujo-continuo-de-nuevos-portacontenedores-frenaria-el-impulso-de-las-tarifas-spot-durante-este-ano\/\" \/>\n<meta property=\"og:site_name\" content=\"JPEV Logistics\" \/>\n<meta property=\"article:published_time\" content=\"2024-05-31T20:54:28+00:00\" \/>\n<meta property=\"article:modified_time\" content=\"2024-05-31T20:54:49+00:00\" \/>\n<meta property=\"og:image\" content=\"https:\/\/jpevlogistics.com\/wp-content\/uploads\/2024\/05\/Alzas-de-fletes-1-2.jpeg\" \/>\n\t<meta property=\"og:image:width\" content=\"798\" \/>\n\t<meta property=\"og:image:height\" content=\"598\" \/>\n\t<meta property=\"og:image:type\" content=\"image\/jpeg\" \/>\n<meta name=\"author\" content=\"horacio\" \/>\n<meta name=\"twitter:card\" content=\"summary_large_image\" \/>\n<meta name=\"twitter:label1\" content=\"Written by\" \/>\n\t<meta name=\"twitter:data1\" content=\"horacio\" \/>\n\t<meta name=\"twitter:label2\" content=\"Est. reading time\" \/>\n\t<meta name=\"twitter:data2\" content=\"5 minutes\" \/>\n<script type=\"application\/ld+json\" class=\"yoast-schema-graph\">{\"@context\":\"https:\\\/\\\/schema.org\",\"@graph\":[{\"@type\":\"Article\",\"@id\":\"https:\\\/\\\/jpevlogistics.com\\\/flujo-continuo-de-nuevos-portacontenedores-frenaria-el-impulso-de-las-tarifas-spot-durante-este-ano\\\/#article\",\"isPartOf\":{\"@id\":\"https:\\\/\\\/jpevlogistics.com\\\/flujo-continuo-de-nuevos-portacontenedores-frenaria-el-impulso-de-las-tarifas-spot-durante-este-ano\\\/\"},\"author\":{\"name\":\"horacio\",\"@id\":\"https:\\\/\\\/jpevlogistics.com\\\/#\\\/schema\\\/person\\\/5cb83ed90e4ad10651470058bc190e62\"},\"headline\":\"Flujo continuo de nuevos portacontenedores frenar\u00eda el impulso de las tarifas spot durante este a\u00f1o\",\"datePublished\":\"2024-05-31T20:54:28+00:00\",\"dateModified\":\"2024-05-31T20:54:49+00:00\",\"mainEntityOfPage\":{\"@id\":\"https:\\\/\\\/jpevlogistics.com\\\/flujo-continuo-de-nuevos-portacontenedores-frenaria-el-impulso-de-las-tarifas-spot-durante-este-ano\\\/\"},\"wordCount\":936,\"commentCount\":0,\"publisher\":{\"@id\":\"https:\\\/\\\/jpevlogistics.com\\\/#organization\"},\"image\":{\"@id\":\"https:\\\/\\\/jpevlogistics.com\\\/flujo-continuo-de-nuevos-portacontenedores-frenaria-el-impulso-de-las-tarifas-spot-durante-este-ano\\\/#primaryimage\"},\"thumbnailUrl\":\"https:\\\/\\\/jpevlogistics.com\\\/wp-content\\\/uploads\\\/2024\\\/05\\\/Alzas-de-fletes-1-2.jpeg\",\"articleSection\":[\"Sin categor\u00eda\"],\"inLanguage\":\"en-US\",\"potentialAction\":[{\"@type\":\"CommentAction\",\"name\":\"Comment\",\"target\":[\"https:\\\/\\\/jpevlogistics.com\\\/flujo-continuo-de-nuevos-portacontenedores-frenaria-el-impulso-de-las-tarifas-spot-durante-este-ano\\\/#respond\"]}]},{\"@type\":\"WebPage\",\"@id\":\"https:\\\/\\\/jpevlogistics.com\\\/flujo-continuo-de-nuevos-portacontenedores-frenaria-el-impulso-de-las-tarifas-spot-durante-este-ano\\\/\",\"url\":\"https:\\\/\\\/jpevlogistics.com\\\/flujo-continuo-de-nuevos-portacontenedores-frenaria-el-impulso-de-las-tarifas-spot-durante-este-ano\\\/\",\"name\":\"Flujo continuo de nuevos portacontenedores frenar\u00eda el impulso de las tarifas spot durante este a\u00f1o - JPEV Logistics\",\"isPartOf\":{\"@id\":\"https:\\\/\\\/jpevlogistics.com\\\/#website\"},\"primaryImageOfPage\":{\"@id\":\"https:\\\/\\\/jpevlogistics.com\\\/flujo-continuo-de-nuevos-portacontenedores-frenaria-el-impulso-de-las-tarifas-spot-durante-este-ano\\\/#primaryimage\"},\"image\":{\"@id\":\"https:\\\/\\\/jpevlogistics.com\\\/flujo-continuo-de-nuevos-portacontenedores-frenaria-el-impulso-de-las-tarifas-spot-durante-este-ano\\\/#primaryimage\"},\"thumbnailUrl\":\"https:\\\/\\\/jpevlogistics.com\\\/wp-content\\\/uploads\\\/2024\\\/05\\\/Alzas-de-fletes-1-2.jpeg\",\"datePublished\":\"2024-05-31T20:54:28+00:00\",\"dateModified\":\"2024-05-31T20:54:49+00:00\",\"breadcrumb\":{\"@id\":\"https:\\\/\\\/jpevlogistics.com\\\/flujo-continuo-de-nuevos-portacontenedores-frenaria-el-impulso-de-las-tarifas-spot-durante-este-ano\\\/#breadcrumb\"},\"inLanguage\":\"en-US\",\"potentialAction\":[{\"@type\":\"ReadAction\",\"target\":[\"https:\\\/\\\/jpevlogistics.com\\\/flujo-continuo-de-nuevos-portacontenedores-frenaria-el-impulso-de-las-tarifas-spot-durante-este-ano\\\/\"]}]},{\"@type\":\"ImageObject\",\"inLanguage\":\"en-US\",\"@id\":\"https:\\\/\\\/jpevlogistics.com\\\/flujo-continuo-de-nuevos-portacontenedores-frenaria-el-impulso-de-las-tarifas-spot-durante-este-ano\\\/#primaryimage\",\"url\":\"https:\\\/\\\/jpevlogistics.com\\\/wp-content\\\/uploads\\\/2024\\\/05\\\/Alzas-de-fletes-1-2.jpeg\",\"contentUrl\":\"https:\\\/\\\/jpevlogistics.com\\\/wp-content\\\/uploads\\\/2024\\\/05\\\/Alzas-de-fletes-1-2.jpeg\",\"width\":798,\"height\":598},{\"@type\":\"BreadcrumbList\",\"@id\":\"https:\\\/\\\/jpevlogistics.com\\\/flujo-continuo-de-nuevos-portacontenedores-frenaria-el-impulso-de-las-tarifas-spot-durante-este-ano\\\/#breadcrumb\",\"itemListElement\":[{\"@type\":\"ListItem\",\"position\":1,\"name\":\"Portada\",\"item\":\"https:\\\/\\\/jpevlogistics.com\\\/\"},{\"@type\":\"ListItem\",\"position\":2,\"name\":\"Flujo continuo de nuevos portacontenedores frenar\u00eda el impulso de las tarifas spot durante este a\u00f1o\"}]},{\"@type\":\"WebSite\",\"@id\":\"https:\\\/\\\/jpevlogistics.com\\\/#website\",\"url\":\"https:\\\/\\\/jpevlogistics.com\\\/\",\"name\":\"JPEV Logistics\",\"description\":\"\",\"publisher\":{\"@id\":\"https:\\\/\\\/jpevlogistics.com\\\/#organization\"},\"potentialAction\":[{\"@type\":\"SearchAction\",\"target\":{\"@type\":\"EntryPoint\",\"urlTemplate\":\"https:\\\/\\\/jpevlogistics.com\\\/?s={search_term_string}\"},\"query-input\":{\"@type\":\"PropertyValueSpecification\",\"valueRequired\":true,\"valueName\":\"search_term_string\"}}],\"inLanguage\":\"en-US\"},{\"@type\":\"Organization\",\"@id\":\"https:\\\/\\\/jpevlogistics.com\\\/#organization\",\"name\":\"JPEV Logistics\",\"url\":\"https:\\\/\\\/jpevlogistics.com\\\/\",\"logo\":{\"@type\":\"ImageObject\",\"inLanguage\":\"en-US\",\"@id\":\"https:\\\/\\\/jpevlogistics.com\\\/#\\\/schema\\\/logo\\\/image\\\/\",\"url\":\"https:\\\/\\\/jpevlogistics.com\\\/wp-content\\\/uploads\\\/2020\\\/07\\\/logo.png\",\"contentUrl\":\"https:\\\/\\\/jpevlogistics.com\\\/wp-content\\\/uploads\\\/2020\\\/07\\\/logo.png\",\"width\":214,\"height\":81,\"caption\":\"JPEV Logistics\"},\"image\":{\"@id\":\"https:\\\/\\\/jpevlogistics.com\\\/#\\\/schema\\\/logo\\\/image\\\/\"},\"sameAs\":[\"https:\\\/\\\/www.instagram.com\\\/jpevlogistics\\\/\",\"https:\\\/\\\/www.linkedin.com\\\/company\\\/jpev-logistics\\\/\"]},{\"@type\":\"Person\",\"@id\":\"https:\\\/\\\/jpevlogistics.com\\\/#\\\/schema\\\/person\\\/5cb83ed90e4ad10651470058bc190e62\",\"name\":\"horacio\",\"image\":{\"@type\":\"ImageObject\",\"inLanguage\":\"en-US\",\"@id\":\"https:\\\/\\\/secure.gravatar.com\\\/avatar\\\/49ba85a39487c51406dba7224109c3b2296f15c3dd1931dd024e3f540b12ea7d?s=96&d=mm&r=g\",\"url\":\"https:\\\/\\\/secure.gravatar.com\\\/avatar\\\/49ba85a39487c51406dba7224109c3b2296f15c3dd1931dd024e3f540b12ea7d?s=96&d=mm&r=g\",\"contentUrl\":\"https:\\\/\\\/secure.gravatar.com\\\/avatar\\\/49ba85a39487c51406dba7224109c3b2296f15c3dd1931dd024e3f540b12ea7d?s=96&d=mm&r=g\",\"caption\":\"horacio\"},\"url\":\"https:\\\/\\\/jpevlogistics.com\\\/en\\\/author\\\/horacio\\\/\"}]}<\/script>\n<!-- \/ Yoast SEO plugin. -->","yoast_head_json":{"title":"Flujo continuo de nuevos portacontenedores frenar\u00eda el impulso de las tarifas spot durante este a\u00f1o - JPEV Logistics","robots":{"index":"index","follow":"follow","max-snippet":"max-snippet:-1","max-image-preview":"max-image-preview:large","max-video-preview":"max-video-preview:-1"},"canonical":"https:\/\/jpevlogistics.com\/en\/flujo-continuo-de-nuevos-portacontenedores-frenaria-el-impulso-de-las-tarifas-spot-durante-este-ano\/","og_locale":"en_US","og_type":"article","og_title":"Flujo continuo de nuevos portacontenedores frenar\u00eda el impulso de las tarifas spot durante este a\u00f1o - JPEV Logistics","og_description":"31\/05\/2024 &#8211; Entrega de 2 millones de TEUs de capacidad permitir\u00eda aliviar la presi\u00f3n sobre el transporte mar\u00edtimo Uno de los aspectos llamativos del actual impulso de tarifas del transporte mar\u00edtimo de contenedores, fueron los pocos antecedentes que cont\u00f3 el mercado para predecir el fen\u00f3meno. Tanto consultoras como l\u00edneas navieras fallaron en un 100% a [&hellip;]","og_url":"https:\/\/jpevlogistics.com\/en\/flujo-continuo-de-nuevos-portacontenedores-frenaria-el-impulso-de-las-tarifas-spot-durante-este-ano\/","og_site_name":"JPEV Logistics","article_published_time":"2024-05-31T20:54:28+00:00","article_modified_time":"2024-05-31T20:54:49+00:00","og_image":[{"width":798,"height":598,"url":"https:\/\/jpevlogistics.com\/wp-content\/uploads\/2024\/05\/Alzas-de-fletes-1-2.jpeg","type":"image\/jpeg"}],"author":"horacio","twitter_card":"summary_large_image","twitter_misc":{"Written by":"horacio","Est. reading time":"5 minutes"},"schema":{"@context":"https:\/\/schema.org","@graph":[{"@type":"Article","@id":"https:\/\/jpevlogistics.com\/flujo-continuo-de-nuevos-portacontenedores-frenaria-el-impulso-de-las-tarifas-spot-durante-este-ano\/#article","isPartOf":{"@id":"https:\/\/jpevlogistics.com\/flujo-continuo-de-nuevos-portacontenedores-frenaria-el-impulso-de-las-tarifas-spot-durante-este-ano\/"},"author":{"name":"horacio","@id":"https:\/\/jpevlogistics.com\/#\/schema\/person\/5cb83ed90e4ad10651470058bc190e62"},"headline":"Flujo continuo de nuevos portacontenedores frenar\u00eda el impulso de las tarifas spot durante este a\u00f1o","datePublished":"2024-05-31T20:54:28+00:00","dateModified":"2024-05-31T20:54:49+00:00","mainEntityOfPage":{"@id":"https:\/\/jpevlogistics.com\/flujo-continuo-de-nuevos-portacontenedores-frenaria-el-impulso-de-las-tarifas-spot-durante-este-ano\/"},"wordCount":936,"commentCount":0,"publisher":{"@id":"https:\/\/jpevlogistics.com\/#organization"},"image":{"@id":"https:\/\/jpevlogistics.com\/flujo-continuo-de-nuevos-portacontenedores-frenaria-el-impulso-de-las-tarifas-spot-durante-este-ano\/#primaryimage"},"thumbnailUrl":"https:\/\/jpevlogistics.com\/wp-content\/uploads\/2024\/05\/Alzas-de-fletes-1-2.jpeg","articleSection":["Sin categor\u00eda"],"inLanguage":"en-US","potentialAction":[{"@type":"CommentAction","name":"Comment","target":["https:\/\/jpevlogistics.com\/flujo-continuo-de-nuevos-portacontenedores-frenaria-el-impulso-de-las-tarifas-spot-durante-este-ano\/#respond"]}]},{"@type":"WebPage","@id":"https:\/\/jpevlogistics.com\/flujo-continuo-de-nuevos-portacontenedores-frenaria-el-impulso-de-las-tarifas-spot-durante-este-ano\/","url":"https:\/\/jpevlogistics.com\/flujo-continuo-de-nuevos-portacontenedores-frenaria-el-impulso-de-las-tarifas-spot-durante-este-ano\/","name":"Flujo continuo de nuevos portacontenedores frenar\u00eda el impulso de las tarifas spot durante este a\u00f1o - JPEV Logistics","isPartOf":{"@id":"https:\/\/jpevlogistics.com\/#website"},"primaryImageOfPage":{"@id":"https:\/\/jpevlogistics.com\/flujo-continuo-de-nuevos-portacontenedores-frenaria-el-impulso-de-las-tarifas-spot-durante-este-ano\/#primaryimage"},"image":{"@id":"https:\/\/jpevlogistics.com\/flujo-continuo-de-nuevos-portacontenedores-frenaria-el-impulso-de-las-tarifas-spot-durante-este-ano\/#primaryimage"},"thumbnailUrl":"https:\/\/jpevlogistics.com\/wp-content\/uploads\/2024\/05\/Alzas-de-fletes-1-2.jpeg","datePublished":"2024-05-31T20:54:28+00:00","dateModified":"2024-05-31T20:54:49+00:00","breadcrumb":{"@id":"https:\/\/jpevlogistics.com\/flujo-continuo-de-nuevos-portacontenedores-frenaria-el-impulso-de-las-tarifas-spot-durante-este-ano\/#breadcrumb"},"inLanguage":"en-US","potentialAction":[{"@type":"ReadAction","target":["https:\/\/jpevlogistics.com\/flujo-continuo-de-nuevos-portacontenedores-frenaria-el-impulso-de-las-tarifas-spot-durante-este-ano\/"]}]},{"@type":"ImageObject","inLanguage":"en-US","@id":"https:\/\/jpevlogistics.com\/flujo-continuo-de-nuevos-portacontenedores-frenaria-el-impulso-de-las-tarifas-spot-durante-este-ano\/#primaryimage","url":"https:\/\/jpevlogistics.com\/wp-content\/uploads\/2024\/05\/Alzas-de-fletes-1-2.jpeg","contentUrl":"https:\/\/jpevlogistics.com\/wp-content\/uploads\/2024\/05\/Alzas-de-fletes-1-2.jpeg","width":798,"height":598},{"@type":"BreadcrumbList","@id":"https:\/\/jpevlogistics.com\/flujo-continuo-de-nuevos-portacontenedores-frenaria-el-impulso-de-las-tarifas-spot-durante-este-ano\/#breadcrumb","itemListElement":[{"@type":"ListItem","position":1,"name":"Portada","item":"https:\/\/jpevlogistics.com\/"},{"@type":"ListItem","position":2,"name":"Flujo continuo de nuevos portacontenedores frenar\u00eda el impulso de las tarifas spot durante este a\u00f1o"}]},{"@type":"WebSite","@id":"https:\/\/jpevlogistics.com\/#website","url":"https:\/\/jpevlogistics.com\/","name":"JPEV Logistics","description":"","publisher":{"@id":"https:\/\/jpevlogistics.com\/#organization"},"potentialAction":[{"@type":"SearchAction","target":{"@type":"EntryPoint","urlTemplate":"https:\/\/jpevlogistics.com\/?s={search_term_string}"},"query-input":{"@type":"PropertyValueSpecification","valueRequired":true,"valueName":"search_term_string"}}],"inLanguage":"en-US"},{"@type":"Organization","@id":"https:\/\/jpevlogistics.com\/#organization","name":"JPEV Logistics","url":"https:\/\/jpevlogistics.com\/","logo":{"@type":"ImageObject","inLanguage":"en-US","@id":"https:\/\/jpevlogistics.com\/#\/schema\/logo\/image\/","url":"https:\/\/jpevlogistics.com\/wp-content\/uploads\/2020\/07\/logo.png","contentUrl":"https:\/\/jpevlogistics.com\/wp-content\/uploads\/2020\/07\/logo.png","width":214,"height":81,"caption":"JPEV Logistics"},"image":{"@id":"https:\/\/jpevlogistics.com\/#\/schema\/logo\/image\/"},"sameAs":["https:\/\/www.instagram.com\/jpevlogistics\/","https:\/\/www.linkedin.com\/company\/jpev-logistics\/"]},{"@type":"Person","@id":"https:\/\/jpevlogistics.com\/#\/schema\/person\/5cb83ed90e4ad10651470058bc190e62","name":"horacio","image":{"@type":"ImageObject","inLanguage":"en-US","@id":"https:\/\/secure.gravatar.com\/avatar\/49ba85a39487c51406dba7224109c3b2296f15c3dd1931dd024e3f540b12ea7d?s=96&d=mm&r=g","url":"https:\/\/secure.gravatar.com\/avatar\/49ba85a39487c51406dba7224109c3b2296f15c3dd1931dd024e3f540b12ea7d?s=96&d=mm&r=g","contentUrl":"https:\/\/secure.gravatar.com\/avatar\/49ba85a39487c51406dba7224109c3b2296f15c3dd1931dd024e3f540b12ea7d?s=96&d=mm&r=g","caption":"horacio"},"url":"https:\/\/jpevlogistics.com\/en\/author\/horacio\/"}]}},"_links":{"self":[{"href":"https:\/\/jpevlogistics.com\/en\/wp-json\/wp\/v2\/posts\/3370","targetHints":{"allow":["GET"]}}],"collection":[{"href":"https:\/\/jpevlogistics.com\/en\/wp-json\/wp\/v2\/posts"}],"about":[{"href":"https:\/\/jpevlogistics.com\/en\/wp-json\/wp\/v2\/types\/post"}],"author":[{"embeddable":true,"href":"https:\/\/jpevlogistics.com\/en\/wp-json\/wp\/v2\/users\/4"}],"replies":[{"embeddable":true,"href":"https:\/\/jpevlogistics.com\/en\/wp-json\/wp\/v2\/comments?post=3370"}],"version-history":[{"count":1,"href":"https:\/\/jpevlogistics.com\/en\/wp-json\/wp\/v2\/posts\/3370\/revisions"}],"predecessor-version":[{"id":3372,"href":"https:\/\/jpevlogistics.com\/en\/wp-json\/wp\/v2\/posts\/3370\/revisions\/3372"}],"wp:featuredmedia":[{"embeddable":true,"href":"https:\/\/jpevlogistics.com\/en\/wp-json\/wp\/v2\/media\/3371"}],"wp:attachment":[{"href":"https:\/\/jpevlogistics.com\/en\/wp-json\/wp\/v2\/media?parent=3370"}],"wp:term":[{"taxonomy":"category","embeddable":true,"href":"https:\/\/jpevlogistics.com\/en\/wp-json\/wp\/v2\/categories?post=3370"},{"taxonomy":"post_tag","embeddable":true,"href":"https:\/\/jpevlogistics.com\/en\/wp-json\/wp\/v2\/tags?post=3370"}],"curies":[{"name":"wp","href":"https:\/\/api.w.org\/{rel}","templated":true}]}}