{"id":3409,"date":"2024-06-07T13:31:06","date_gmt":"2024-06-07T13:31:06","guid":{"rendered":"https:\/\/jpevlogistics.com\/?p=3409"},"modified":"2024-06-07T13:31:08","modified_gmt":"2024-06-07T13:31:08","slug":"msc-conectara-asia-y-la-costa-este-de-sudamerica-mediante-nuevo-servicio-semanal","status":"publish","type":"post","link":"https:\/\/jpevlogistics.com\/en\/msc-conectara-asia-y-la-costa-este-de-sudamerica-mediante-nuevo-servicio-semanal\/","title":{"rendered":"MSC conectar\u00e1 Asia y la Costa Este de Sudam\u00e9rica mediante nuevo servicio semanal"},"content":{"rendered":"<p>07\/06\/2024 &#8211; &#8220;Carioca&#8221; complementar\u00e1 los servicios existentes &#8220;Ipanema&#8221; y &#8220;Santana&#8221;<\/p>\n\n\n\n<p>MSC anunci\u00f3 un nuevo servicio semanal denominado &#8216;Carioca&#8217;, que conectar\u00e1 Asia con la Costa Este de Sudam\u00e9rica. Este complementar\u00e1 los actuales servicios \u2018Ipanema\u2019 y \u2018Santana\u2019, ofreciendo una mayor cobertura y frecuencia en esta ruta.<\/p>\n\n\n\n<figure class=\"wp-block-image size-full\"><img fetchpriority=\"high\" decoding=\"async\" width=\"798\" height=\"598\" src=\"https:\/\/jpevlogistics.com\/wp-content\/uploads\/2024\/06\/MSC-CONECTION-.jpeg\" alt=\"\" class=\"wp-image-3410\" srcset=\"https:\/\/jpevlogistics.com\/wp-content\/uploads\/2024\/06\/MSC-CONECTION-.jpeg 798w, https:\/\/jpevlogistics.com\/wp-content\/uploads\/2024\/06\/MSC-CONECTION--300x225.jpeg 300w, https:\/\/jpevlogistics.com\/wp-content\/uploads\/2024\/06\/MSC-CONECTION--768x576.jpeg 768w, https:\/\/jpevlogistics.com\/wp-content\/uploads\/2024\/06\/MSC-CONECTION--16x12.jpeg 16w\" sizes=\"(max-width: 798px) 100vw, 798px\" \/><\/figure>\n\n\n\n<p>MSC destaca los siguientes aspectos del servicio:&nbsp;<\/p>\n\n\n\n<ul class=\"wp-block-list\">\n<li>Ampliaci\u00f3n de la cobertura portuaria: Se a\u00f1adir\u00e1n recaladas en los puertos de Itapo\u00e1 y R\u00edo de Janeiro, lo que mejorar\u00e1 el acceso a estas \u00e1reas clave.<\/li>\n\n\n\n<li>Mejora de las conexiones regionales: Se facilitar\u00e1 una mejor conexi\u00f3n con los puertos de Navegantes, Vitoria y la regi\u00f3n del R\u00edo de la Plata a trav\u00e9s de R\u00edo de Janeiro.<\/li>\n\n\n\n<li>Habr\u00e1 una mayor frecuencia de zarpes desde Corea y China hacia el sur de Brasil, espec\u00edficamente a los puertos de Santos y Paranagu\u00e1.<\/li>\n<\/ul>\n\n\n\n<p>El itinerario completo del servicio &#8220;Carioca&#8221; ser\u00e1 el siguiente: Busan &#8211; Shangh\u00e1i &#8211; Ningbo &#8211; Shekou &#8211; Singapur &#8211; R\u00edo de Janeiro &#8211; Paranagu\u00e1 &#8211; Itapo\u00e1 &#8211; Santos &#8211; Itagua\u00ed &#8211; Colombo &#8211; Singapur &#8211; Busan.<\/p>\n\n\n\n<p>El \u201cMSC Yokohama\u201d est\u00e1 programado para zarpar desde el puerto de Busan el 19 de julio de 2024, marcando el inicio del servicio &#8216;Carioca&#8217;.<\/p>\n\n\n\n<p>jpevlogistics.com <\/p>","protected":false},"excerpt":{"rendered":"<p>07\/06\/2024 &#8211; &#8220;Carioca&#8221; complementar\u00e1 los servicios existentes &#8220;Ipanema&#8221; y &#8220;Santana&#8221; MSC anunci\u00f3 un nuevo servicio semanal denominado &#8216;Carioca&#8217;, que conectar\u00e1 Asia con la Costa Este de Sudam\u00e9rica. Este complementar\u00e1 los actuales servicios \u2018Ipanema\u2019 y \u2018Santana\u2019, ofreciendo una mayor cobertura y frecuencia en esta ruta. MSC destaca los siguientes aspectos del servicio:&nbsp; El itinerario completo del [&hellip;]<\/p>\n","protected":false},"author":4,"featured_media":3410,"comment_status":"open","ping_status":"open","sticky":false,"template":"","format":"standard","meta":{"footnotes":""},"categories":[1],"tags":[],"class_list":["post-3409","post","type-post","status-publish","format-standard","has-post-thumbnail","hentry","category-sin-categoria"],"yoast_head":"<!-- This site is optimized with the Yoast SEO plugin v27.4 - https:\/\/yoast.com\/product\/yoast-seo-wordpress\/ -->\n<title>MSC conectar\u00e1 Asia y la Costa Este de Sudam\u00e9rica mediante nuevo servicio semanal - JPEV Logistics<\/title>\n<meta name=\"robots\" content=\"index, follow, max-snippet:-1, max-image-preview:large, max-video-preview:-1\" \/>\n<link rel=\"canonical\" href=\"https:\/\/jpevlogistics.com\/en\/msc-conectara-asia-y-la-costa-este-de-sudamerica-mediante-nuevo-servicio-semanal\/\" \/>\n<meta property=\"og:locale\" content=\"en_US\" \/>\n<meta property=\"og:type\" content=\"article\" \/>\n<meta property=\"og:title\" content=\"MSC conectar\u00e1 Asia y la Costa Este de Sudam\u00e9rica mediante nuevo servicio semanal - JPEV Logistics\" \/>\n<meta property=\"og:description\" content=\"07\/06\/2024 &#8211; &#8220;Carioca&#8221; complementar\u00e1 los servicios existentes &#8220;Ipanema&#8221; y &#8220;Santana&#8221; MSC anunci\u00f3 un nuevo servicio semanal denominado &#8216;Carioca&#8217;, que conectar\u00e1 Asia con la Costa Este de Sudam\u00e9rica. Este complementar\u00e1 los actuales servicios \u2018Ipanema\u2019 y \u2018Santana\u2019, ofreciendo una mayor cobertura y frecuencia en esta ruta. MSC destaca los siguientes aspectos del servicio:&nbsp; El itinerario completo del [&hellip;]\" \/>\n<meta property=\"og:url\" content=\"https:\/\/jpevlogistics.com\/en\/msc-conectara-asia-y-la-costa-este-de-sudamerica-mediante-nuevo-servicio-semanal\/\" \/>\n<meta property=\"og:site_name\" content=\"JPEV Logistics\" \/>\n<meta property=\"article:published_time\" content=\"2024-06-07T13:31:06+00:00\" \/>\n<meta property=\"article:modified_time\" content=\"2024-06-07T13:31:08+00:00\" \/>\n<meta property=\"og:image\" content=\"https:\/\/jpevlogistics.com\/wp-content\/uploads\/2024\/06\/MSC-CONECTION-.jpeg\" \/>\n\t<meta property=\"og:image:width\" content=\"798\" \/>\n\t<meta property=\"og:image:height\" content=\"598\" \/>\n\t<meta property=\"og:image:type\" content=\"image\/jpeg\" \/>\n<meta name=\"author\" content=\"horacio\" \/>\n<meta name=\"twitter:card\" content=\"summary_large_image\" \/>\n<meta name=\"twitter:label1\" content=\"Written by\" \/>\n\t<meta name=\"twitter:data1\" content=\"horacio\" \/>\n\t<meta name=\"twitter:label2\" content=\"Est. reading time\" \/>\n\t<meta name=\"twitter:data2\" content=\"1 minute\" \/>\n<script type=\"application\/ld+json\" class=\"yoast-schema-graph\">{\"@context\":\"https:\\\/\\\/schema.org\",\"@graph\":[{\"@type\":\"Article\",\"@id\":\"https:\\\/\\\/jpevlogistics.com\\\/msc-conectara-asia-y-la-costa-este-de-sudamerica-mediante-nuevo-servicio-semanal\\\/#article\",\"isPartOf\":{\"@id\":\"https:\\\/\\\/jpevlogistics.com\\\/msc-conectara-asia-y-la-costa-este-de-sudamerica-mediante-nuevo-servicio-semanal\\\/\"},\"author\":{\"name\":\"horacio\",\"@id\":\"https:\\\/\\\/jpevlogistics.com\\\/#\\\/schema\\\/person\\\/5cb83ed90e4ad10651470058bc190e62\"},\"headline\":\"MSC conectar\u00e1 Asia y la Costa Este de Sudam\u00e9rica mediante nuevo servicio semanal\",\"datePublished\":\"2024-06-07T13:31:06+00:00\",\"dateModified\":\"2024-06-07T13:31:08+00:00\",\"mainEntityOfPage\":{\"@id\":\"https:\\\/\\\/jpevlogistics.com\\\/msc-conectara-asia-y-la-costa-este-de-sudamerica-mediante-nuevo-servicio-semanal\\\/\"},\"wordCount\":217,\"commentCount\":0,\"publisher\":{\"@id\":\"https:\\\/\\\/jpevlogistics.com\\\/#organization\"},\"image\":{\"@id\":\"https:\\\/\\\/jpevlogistics.com\\\/msc-conectara-asia-y-la-costa-este-de-sudamerica-mediante-nuevo-servicio-semanal\\\/#primaryimage\"},\"thumbnailUrl\":\"https:\\\/\\\/jpevlogistics.com\\\/wp-content\\\/uploads\\\/2024\\\/06\\\/MSC-CONECTION-.jpeg\",\"articleSection\":[\"Sin categor\u00eda\"],\"inLanguage\":\"en-US\",\"potentialAction\":[{\"@type\":\"CommentAction\",\"name\":\"Comment\",\"target\":[\"https:\\\/\\\/jpevlogistics.com\\\/msc-conectara-asia-y-la-costa-este-de-sudamerica-mediante-nuevo-servicio-semanal\\\/#respond\"]}]},{\"@type\":\"WebPage\",\"@id\":\"https:\\\/\\\/jpevlogistics.com\\\/msc-conectara-asia-y-la-costa-este-de-sudamerica-mediante-nuevo-servicio-semanal\\\/\",\"url\":\"https:\\\/\\\/jpevlogistics.com\\\/msc-conectara-asia-y-la-costa-este-de-sudamerica-mediante-nuevo-servicio-semanal\\\/\",\"name\":\"MSC conectar\u00e1 Asia y la Costa Este de Sudam\u00e9rica mediante nuevo servicio semanal - JPEV Logistics\",\"isPartOf\":{\"@id\":\"https:\\\/\\\/jpevlogistics.com\\\/#website\"},\"primaryImageOfPage\":{\"@id\":\"https:\\\/\\\/jpevlogistics.com\\\/msc-conectara-asia-y-la-costa-este-de-sudamerica-mediante-nuevo-servicio-semanal\\\/#primaryimage\"},\"image\":{\"@id\":\"https:\\\/\\\/jpevlogistics.com\\\/msc-conectara-asia-y-la-costa-este-de-sudamerica-mediante-nuevo-servicio-semanal\\\/#primaryimage\"},\"thumbnailUrl\":\"https:\\\/\\\/jpevlogistics.com\\\/wp-content\\\/uploads\\\/2024\\\/06\\\/MSC-CONECTION-.jpeg\",\"datePublished\":\"2024-06-07T13:31:06+00:00\",\"dateModified\":\"2024-06-07T13:31:08+00:00\",\"breadcrumb\":{\"@id\":\"https:\\\/\\\/jpevlogistics.com\\\/msc-conectara-asia-y-la-costa-este-de-sudamerica-mediante-nuevo-servicio-semanal\\\/#breadcrumb\"},\"inLanguage\":\"en-US\",\"potentialAction\":[{\"@type\":\"ReadAction\",\"target\":[\"https:\\\/\\\/jpevlogistics.com\\\/msc-conectara-asia-y-la-costa-este-de-sudamerica-mediante-nuevo-servicio-semanal\\\/\"]}]},{\"@type\":\"ImageObject\",\"inLanguage\":\"en-US\",\"@id\":\"https:\\\/\\\/jpevlogistics.com\\\/msc-conectara-asia-y-la-costa-este-de-sudamerica-mediante-nuevo-servicio-semanal\\\/#primaryimage\",\"url\":\"https:\\\/\\\/jpevlogistics.com\\\/wp-content\\\/uploads\\\/2024\\\/06\\\/MSC-CONECTION-.jpeg\",\"contentUrl\":\"https:\\\/\\\/jpevlogistics.com\\\/wp-content\\\/uploads\\\/2024\\\/06\\\/MSC-CONECTION-.jpeg\",\"width\":798,\"height\":598},{\"@type\":\"BreadcrumbList\",\"@id\":\"https:\\\/\\\/jpevlogistics.com\\\/msc-conectara-asia-y-la-costa-este-de-sudamerica-mediante-nuevo-servicio-semanal\\\/#breadcrumb\",\"itemListElement\":[{\"@type\":\"ListItem\",\"position\":1,\"name\":\"Portada\",\"item\":\"https:\\\/\\\/jpevlogistics.com\\\/\"},{\"@type\":\"ListItem\",\"position\":2,\"name\":\"MSC conectar\u00e1 Asia y la Costa Este de Sudam\u00e9rica mediante nuevo servicio semanal\"}]},{\"@type\":\"WebSite\",\"@id\":\"https:\\\/\\\/jpevlogistics.com\\\/#website\",\"url\":\"https:\\\/\\\/jpevlogistics.com\\\/\",\"name\":\"JPEV Logistics\",\"description\":\"\",\"publisher\":{\"@id\":\"https:\\\/\\\/jpevlogistics.com\\\/#organization\"},\"potentialAction\":[{\"@type\":\"SearchAction\",\"target\":{\"@type\":\"EntryPoint\",\"urlTemplate\":\"https:\\\/\\\/jpevlogistics.com\\\/?s={search_term_string}\"},\"query-input\":{\"@type\":\"PropertyValueSpecification\",\"valueRequired\":true,\"valueName\":\"search_term_string\"}}],\"inLanguage\":\"en-US\"},{\"@type\":\"Organization\",\"@id\":\"https:\\\/\\\/jpevlogistics.com\\\/#organization\",\"name\":\"JPEV Logistics\",\"url\":\"https:\\\/\\\/jpevlogistics.com\\\/\",\"logo\":{\"@type\":\"ImageObject\",\"inLanguage\":\"en-US\",\"@id\":\"https:\\\/\\\/jpevlogistics.com\\\/#\\\/schema\\\/logo\\\/image\\\/\",\"url\":\"https:\\\/\\\/jpevlogistics.com\\\/wp-content\\\/uploads\\\/2020\\\/07\\\/logo.png\",\"contentUrl\":\"https:\\\/\\\/jpevlogistics.com\\\/wp-content\\\/uploads\\\/2020\\\/07\\\/logo.png\",\"width\":214,\"height\":81,\"caption\":\"JPEV Logistics\"},\"image\":{\"@id\":\"https:\\\/\\\/jpevlogistics.com\\\/#\\\/schema\\\/logo\\\/image\\\/\"},\"sameAs\":[\"https:\\\/\\\/www.instagram.com\\\/jpevlogistics\\\/\",\"https:\\\/\\\/www.linkedin.com\\\/company\\\/jpev-logistics\\\/\"]},{\"@type\":\"Person\",\"@id\":\"https:\\\/\\\/jpevlogistics.com\\\/#\\\/schema\\\/person\\\/5cb83ed90e4ad10651470058bc190e62\",\"name\":\"horacio\",\"image\":{\"@type\":\"ImageObject\",\"inLanguage\":\"en-US\",\"@id\":\"https:\\\/\\\/secure.gravatar.com\\\/avatar\\\/49ba85a39487c51406dba7224109c3b2296f15c3dd1931dd024e3f540b12ea7d?s=96&d=mm&r=g\",\"url\":\"https:\\\/\\\/secure.gravatar.com\\\/avatar\\\/49ba85a39487c51406dba7224109c3b2296f15c3dd1931dd024e3f540b12ea7d?s=96&d=mm&r=g\",\"contentUrl\":\"https:\\\/\\\/secure.gravatar.com\\\/avatar\\\/49ba85a39487c51406dba7224109c3b2296f15c3dd1931dd024e3f540b12ea7d?s=96&d=mm&r=g\",\"caption\":\"horacio\"},\"url\":\"https:\\\/\\\/jpevlogistics.com\\\/en\\\/author\\\/horacio\\\/\"}]}<\/script>\n<!-- \/ Yoast SEO plugin. -->","yoast_head_json":{"title":"MSC conectar\u00e1 Asia y la Costa Este de Sudam\u00e9rica mediante nuevo servicio semanal - JPEV Logistics","robots":{"index":"index","follow":"follow","max-snippet":"max-snippet:-1","max-image-preview":"max-image-preview:large","max-video-preview":"max-video-preview:-1"},"canonical":"https:\/\/jpevlogistics.com\/en\/msc-conectara-asia-y-la-costa-este-de-sudamerica-mediante-nuevo-servicio-semanal\/","og_locale":"en_US","og_type":"article","og_title":"MSC conectar\u00e1 Asia y la Costa Este de Sudam\u00e9rica mediante nuevo servicio semanal - JPEV Logistics","og_description":"07\/06\/2024 &#8211; &#8220;Carioca&#8221; complementar\u00e1 los servicios existentes &#8220;Ipanema&#8221; y &#8220;Santana&#8221; MSC anunci\u00f3 un nuevo servicio semanal denominado &#8216;Carioca&#8217;, que conectar\u00e1 Asia con la Costa Este de Sudam\u00e9rica. Este complementar\u00e1 los actuales servicios \u2018Ipanema\u2019 y \u2018Santana\u2019, ofreciendo una mayor cobertura y frecuencia en esta ruta. MSC destaca los siguientes aspectos del servicio:&nbsp; El itinerario completo del [&hellip;]","og_url":"https:\/\/jpevlogistics.com\/en\/msc-conectara-asia-y-la-costa-este-de-sudamerica-mediante-nuevo-servicio-semanal\/","og_site_name":"JPEV Logistics","article_published_time":"2024-06-07T13:31:06+00:00","article_modified_time":"2024-06-07T13:31:08+00:00","og_image":[{"width":798,"height":598,"url":"https:\/\/jpevlogistics.com\/wp-content\/uploads\/2024\/06\/MSC-CONECTION-.jpeg","type":"image\/jpeg"}],"author":"horacio","twitter_card":"summary_large_image","twitter_misc":{"Written by":"horacio","Est. reading time":"1 minute"},"schema":{"@context":"https:\/\/schema.org","@graph":[{"@type":"Article","@id":"https:\/\/jpevlogistics.com\/msc-conectara-asia-y-la-costa-este-de-sudamerica-mediante-nuevo-servicio-semanal\/#article","isPartOf":{"@id":"https:\/\/jpevlogistics.com\/msc-conectara-asia-y-la-costa-este-de-sudamerica-mediante-nuevo-servicio-semanal\/"},"author":{"name":"horacio","@id":"https:\/\/jpevlogistics.com\/#\/schema\/person\/5cb83ed90e4ad10651470058bc190e62"},"headline":"MSC conectar\u00e1 Asia y la Costa Este de Sudam\u00e9rica mediante nuevo servicio semanal","datePublished":"2024-06-07T13:31:06+00:00","dateModified":"2024-06-07T13:31:08+00:00","mainEntityOfPage":{"@id":"https:\/\/jpevlogistics.com\/msc-conectara-asia-y-la-costa-este-de-sudamerica-mediante-nuevo-servicio-semanal\/"},"wordCount":217,"commentCount":0,"publisher":{"@id":"https:\/\/jpevlogistics.com\/#organization"},"image":{"@id":"https:\/\/jpevlogistics.com\/msc-conectara-asia-y-la-costa-este-de-sudamerica-mediante-nuevo-servicio-semanal\/#primaryimage"},"thumbnailUrl":"https:\/\/jpevlogistics.com\/wp-content\/uploads\/2024\/06\/MSC-CONECTION-.jpeg","articleSection":["Sin categor\u00eda"],"inLanguage":"en-US","potentialAction":[{"@type":"CommentAction","name":"Comment","target":["https:\/\/jpevlogistics.com\/msc-conectara-asia-y-la-costa-este-de-sudamerica-mediante-nuevo-servicio-semanal\/#respond"]}]},{"@type":"WebPage","@id":"https:\/\/jpevlogistics.com\/msc-conectara-asia-y-la-costa-este-de-sudamerica-mediante-nuevo-servicio-semanal\/","url":"https:\/\/jpevlogistics.com\/msc-conectara-asia-y-la-costa-este-de-sudamerica-mediante-nuevo-servicio-semanal\/","name":"MSC conectar\u00e1 Asia y la Costa Este de Sudam\u00e9rica mediante nuevo servicio semanal - JPEV Logistics","isPartOf":{"@id":"https:\/\/jpevlogistics.com\/#website"},"primaryImageOfPage":{"@id":"https:\/\/jpevlogistics.com\/msc-conectara-asia-y-la-costa-este-de-sudamerica-mediante-nuevo-servicio-semanal\/#primaryimage"},"image":{"@id":"https:\/\/jpevlogistics.com\/msc-conectara-asia-y-la-costa-este-de-sudamerica-mediante-nuevo-servicio-semanal\/#primaryimage"},"thumbnailUrl":"https:\/\/jpevlogistics.com\/wp-content\/uploads\/2024\/06\/MSC-CONECTION-.jpeg","datePublished":"2024-06-07T13:31:06+00:00","dateModified":"2024-06-07T13:31:08+00:00","breadcrumb":{"@id":"https:\/\/jpevlogistics.com\/msc-conectara-asia-y-la-costa-este-de-sudamerica-mediante-nuevo-servicio-semanal\/#breadcrumb"},"inLanguage":"en-US","potentialAction":[{"@type":"ReadAction","target":["https:\/\/jpevlogistics.com\/msc-conectara-asia-y-la-costa-este-de-sudamerica-mediante-nuevo-servicio-semanal\/"]}]},{"@type":"ImageObject","inLanguage":"en-US","@id":"https:\/\/jpevlogistics.com\/msc-conectara-asia-y-la-costa-este-de-sudamerica-mediante-nuevo-servicio-semanal\/#primaryimage","url":"https:\/\/jpevlogistics.com\/wp-content\/uploads\/2024\/06\/MSC-CONECTION-.jpeg","contentUrl":"https:\/\/jpevlogistics.com\/wp-content\/uploads\/2024\/06\/MSC-CONECTION-.jpeg","width":798,"height":598},{"@type":"BreadcrumbList","@id":"https:\/\/jpevlogistics.com\/msc-conectara-asia-y-la-costa-este-de-sudamerica-mediante-nuevo-servicio-semanal\/#breadcrumb","itemListElement":[{"@type":"ListItem","position":1,"name":"Portada","item":"https:\/\/jpevlogistics.com\/"},{"@type":"ListItem","position":2,"name":"MSC conectar\u00e1 Asia y la Costa Este de Sudam\u00e9rica mediante nuevo servicio semanal"}]},{"@type":"WebSite","@id":"https:\/\/jpevlogistics.com\/#website","url":"https:\/\/jpevlogistics.com\/","name":"JPEV Logistics","description":"","publisher":{"@id":"https:\/\/jpevlogistics.com\/#organization"},"potentialAction":[{"@type":"SearchAction","target":{"@type":"EntryPoint","urlTemplate":"https:\/\/jpevlogistics.com\/?s={search_term_string}"},"query-input":{"@type":"PropertyValueSpecification","valueRequired":true,"valueName":"search_term_string"}}],"inLanguage":"en-US"},{"@type":"Organization","@id":"https:\/\/jpevlogistics.com\/#organization","name":"JPEV Logistics","url":"https:\/\/jpevlogistics.com\/","logo":{"@type":"ImageObject","inLanguage":"en-US","@id":"https:\/\/jpevlogistics.com\/#\/schema\/logo\/image\/","url":"https:\/\/jpevlogistics.com\/wp-content\/uploads\/2020\/07\/logo.png","contentUrl":"https:\/\/jpevlogistics.com\/wp-content\/uploads\/2020\/07\/logo.png","width":214,"height":81,"caption":"JPEV Logistics"},"image":{"@id":"https:\/\/jpevlogistics.com\/#\/schema\/logo\/image\/"},"sameAs":["https:\/\/www.instagram.com\/jpevlogistics\/","https:\/\/www.linkedin.com\/company\/jpev-logistics\/"]},{"@type":"Person","@id":"https:\/\/jpevlogistics.com\/#\/schema\/person\/5cb83ed90e4ad10651470058bc190e62","name":"horacio","image":{"@type":"ImageObject","inLanguage":"en-US","@id":"https:\/\/secure.gravatar.com\/avatar\/49ba85a39487c51406dba7224109c3b2296f15c3dd1931dd024e3f540b12ea7d?s=96&d=mm&r=g","url":"https:\/\/secure.gravatar.com\/avatar\/49ba85a39487c51406dba7224109c3b2296f15c3dd1931dd024e3f540b12ea7d?s=96&d=mm&r=g","contentUrl":"https:\/\/secure.gravatar.com\/avatar\/49ba85a39487c51406dba7224109c3b2296f15c3dd1931dd024e3f540b12ea7d?s=96&d=mm&r=g","caption":"horacio"},"url":"https:\/\/jpevlogistics.com\/en\/author\/horacio\/"}]}},"_links":{"self":[{"href":"https:\/\/jpevlogistics.com\/en\/wp-json\/wp\/v2\/posts\/3409","targetHints":{"allow":["GET"]}}],"collection":[{"href":"https:\/\/jpevlogistics.com\/en\/wp-json\/wp\/v2\/posts"}],"about":[{"href":"https:\/\/jpevlogistics.com\/en\/wp-json\/wp\/v2\/types\/post"}],"author":[{"embeddable":true,"href":"https:\/\/jpevlogistics.com\/en\/wp-json\/wp\/v2\/users\/4"}],"replies":[{"embeddable":true,"href":"https:\/\/jpevlogistics.com\/en\/wp-json\/wp\/v2\/comments?post=3409"}],"version-history":[{"count":1,"href":"https:\/\/jpevlogistics.com\/en\/wp-json\/wp\/v2\/posts\/3409\/revisions"}],"predecessor-version":[{"id":3411,"href":"https:\/\/jpevlogistics.com\/en\/wp-json\/wp\/v2\/posts\/3409\/revisions\/3411"}],"wp:featuredmedia":[{"embeddable":true,"href":"https:\/\/jpevlogistics.com\/en\/wp-json\/wp\/v2\/media\/3410"}],"wp:attachment":[{"href":"https:\/\/jpevlogistics.com\/en\/wp-json\/wp\/v2\/media?parent=3409"}],"wp:term":[{"taxonomy":"category","embeddable":true,"href":"https:\/\/jpevlogistics.com\/en\/wp-json\/wp\/v2\/categories?post=3409"},{"taxonomy":"post_tag","embeddable":true,"href":"https:\/\/jpevlogistics.com\/en\/wp-json\/wp\/v2\/tags?post=3409"}],"curies":[{"name":"wp","href":"https:\/\/api.w.org\/{rel}","templated":true}]}}