{"id":3539,"date":"2024-07-03T21:37:52","date_gmt":"2024-07-03T21:37:52","guid":{"rendered":"https:\/\/jpevlogistics.com\/?p=3539"},"modified":"2024-07-03T21:37:54","modified_gmt":"2024-07-03T21:37:54","slug":"sector-portacontenedor-enfrenta-tres-escenarios-posibles-para-el-segundo-semestre","status":"publish","type":"post","link":"https:\/\/jpevlogistics.com\/en\/sector-portacontenedor-enfrenta-tres-escenarios-posibles-para-el-segundo-semestre\/","title":{"rendered":"Sector portacontenedor enfrenta tres escenarios posibles para el segundo semestre"},"content":{"rendered":"<p>03\/07\/2024 &#8211; La opci\u00f3n m\u00e1s favorable incluye un alza de las tarifas hasta los US$10.000\/FEU<\/p>\n\n\n\n<p>El primer semestre de 2024 bajo ninguna perspectiva fue lo que se esperaba, mientras los pron\u00f3sticos realizados el a\u00f1o pasado apuntaban a un exceso de capacidad y una consiguiente baja de tarifas. Sin embargo, la crisis en el Mar Rojo, iniciada en diciembre de 2023, puso al rev\u00e9s las piezas del tablero, llevando a las l\u00edneas navieras a corregir al alza sus proyecciones, mientras los propietarios de carga est\u00e1n viviendo un\u00a0<em>d\u00e9j\u00e0 vu\u00a0<\/em>que recuerda los peores d\u00edas de la pandemia. Pero el inicio del segundo semestre es un buen momento para realizar aprontes de los que ser\u00e1 esta nueva etapa del a\u00f1o.<\/p>\n\n\n\n<figure class=\"wp-block-image size-full\"><img fetchpriority=\"high\" decoding=\"async\" width=\"798\" height=\"598\" src=\"https:\/\/jpevlogistics.com\/wp-content\/uploads\/2024\/07\/Portacontenedores.jpeg\" alt=\"\" class=\"wp-image-3540\" srcset=\"https:\/\/jpevlogistics.com\/wp-content\/uploads\/2024\/07\/Portacontenedores.jpeg 798w, https:\/\/jpevlogistics.com\/wp-content\/uploads\/2024\/07\/Portacontenedores-300x225.jpeg 300w, https:\/\/jpevlogistics.com\/wp-content\/uploads\/2024\/07\/Portacontenedores-768x576.jpeg 768w, https:\/\/jpevlogistics.com\/wp-content\/uploads\/2024\/07\/Portacontenedores-16x12.jpeg 16w\" sizes=\"(max-width: 798px) 100vw, 798px\" \/><\/figure>\n\n\n\n<p><em>Judah Levine<\/em>, jefe de investigaci\u00f3n de&nbsp;<em>Freightos<\/em>&nbsp;plantea tres escenarios posibles para la industria mar\u00edtima mundial:<\/p>\n\n\n\n<p>En el&nbsp;<strong>peor de los escenarios<\/strong>, los buques seguir\u00e1n evitando el Mar Rojo, la demanda inicial de la temporada alta se mantiene s\u00f3lida y la congesti\u00f3n portuaria persistir\u00e1 durante meses, extendiendo las disrupciones globales m\u00e1s all\u00e1 del A\u00f1o Nuevo Lunar chino, que comienza a fines de enero. Si a esto se le sum una huelga de estibadores en la costa este y del Golfo de EE. UU., las tarifas de los contenedores alcanzar\u00edan los m\u00e1ximos hist\u00f3ricos establecidos durante la pandemia.<\/p>\n\n\n\n<p>Que se produzca el&nbsp;<strong>mejor de los escenarios<\/strong>&nbsp;depende del fin de los ataques hut\u00edes en el Mar Rojo, lo que permitir\u00eda a las l\u00edneas navieras retomar sus itinerarios normales de navegaci\u00f3n. Despu\u00e9s de unos meses de ajustes, las tarifas de fletes caer\u00edan dr\u00e1sticamente a medida que la oferta supere la demanda, de modo que los nuevos buques que se integren al mercado presionar\u00edan a la baja la tarifa de flete de un contenedor de 40 pies, llev\u00e1ndola a niveles prepand\u00e9micos de alrededor de US$1.000 en la ruta Asia- a ambas costas de EE. UU. y Europa.<\/p>\n\n\n\n<p>Pero para&nbsp;<em>Levine<\/em>&nbsp;existe un&nbsp;<strong>escenario m\u00e1s probable<\/strong>, en donde la fortaleza actual de la demanda se suaviza, lo que demostrar\u00eda que los primeros pedidos de la temporada se adelantaron de su periodo habitual del tercer y cuarto trimestre, debido al temor a la aplicaci\u00f3n inminente de nuevos aranceles en EE. UU. sobre las importaciones chinas, a los retrasos producidos por la crisis del Mar Rojo, a las preocupaciones por las huelgas de estibadores, o a una mezcla de estos tres factores. Como consecuencia las tarifas spot a\u00fan podr\u00edan alcanzar un m\u00e1ximo de alrededor de US$10.000\/FEU en julio y agosto, pero volver\u00edan a bajar m\u00e1s adelante este a\u00f1o.<\/p>\n\n\n\n<p><em>Levine<\/em>&nbsp;comenta que por momentos el entorno tarifario podr\u00eda igualar a lo experimentado durante la pandemia, aunque con una menor extensi\u00f3n de tiempo: \u201cpara m\u00ed, el escenario m\u00e1s probable es que veremos un par de meses en los que habr\u00e1 mucha presi\u00f3n\u201d y agrega que \u201ces posible que incluso lleguemos a esos niveles de US$15.000\/FEU pero durante la pandemia tuvimos meses y meses de eso. Esta vez creo que podr\u00edamos tener algunos meses, pero no muchos\u201d.<\/p>\n\n\n\n<p><strong>Maersk reconoce dif\u00edcil momento&nbsp;&nbsp;<\/strong><\/p>\n\n\n\n<p>El CEO de Maersk,&nbsp;<em>Vincent Clerc<\/em>, ratifica el escenario m\u00e1s probable anticipado por&nbsp;<em>Levine&nbsp;<\/em>al indicar que los pr\u00f3ximos meses ser\u00e1n desafiantes tanto para las l\u00edneas navieras como para las empresas, ya que la situaci\u00f3n del Mar Rojo ya se extiende hasta el tercer trimestre de 2024.<\/p>\n\n\n\n<p>Clerc, en un reciente evento en l\u00ednea con clientes, indic\u00f3 adem\u00e1s que, por el momento, los buques de Maersk contin\u00faan desvi\u00e1ndose por el sur \u00c1frica a trav\u00e9s del Cabo de Buena Esperanza en Sud\u00e1frica y reconoci\u00f3 que la situaci\u00f3n es dif\u00edcil tanto para las l\u00edneas navieras como para las empresas que necesitan transportar su carga.<\/p>\n\n\n\n<p>Detall\u00f3 que ampliar los itinerarios para viajar por la ruta m\u00e1s larga alrededor de \u00c1frica requiere de dos a tres buques e indic\u00f3 que \u201choy d\u00eda, todos los buques que pueden navegar y todos los buques que antes no se utilizaban bien en otras partes del mundo han sido redistribuidos para intentar tapar los agujeros. Esto ha aliviado parte, pero no todo el problema en toda la industria, incluyendo a Maersk\u201d.<\/p>\n\n\n\n<p><strong>Congesti\u00f3n y escasez de contenedores<\/strong><\/p>\n\n\n\n<p>El puerto de Singapur, el segundo puerto m\u00e1s activo del mundo y un hub clave de transferencia de carga entre Asia y Occidente, se ha convertido en un nudo importante de las actuales disrupciones al registrar un aumento del 44% los env\u00edos retrasados \u200ben mayo respecto al a\u00f1o anterior, y de un 27% interanual hasta el 25 de junio, seg\u00fan datos de&nbsp;<em>FourKites<\/em>, plataforma de visibilidad en tiempo real de la cadena de suministro.<\/p>\n\n\n\n<p>Mike De Angelis, jefe de soluciones oce\u00e1nicas internacionales de&nbsp;<em>FourKites<\/em>&nbsp;indic\u00f3 a&nbsp;<em>Bloomberg&nbsp;<\/em>que la \u201cfalta de contenedores vac\u00edos disponibles en mercados de exportaci\u00f3n clave es una preocupaci\u00f3n constante&#8221; y a\u00f1adi\u00f3 que &#8220;los contenedores est\u00e1n quedando atrapados en una serie global de retrasos&#8221;.<\/p>\n\n\n\n<p><strong>Por JPEV Logistics<\/strong><\/p>\n\n\n\n<p><\/p>","protected":false},"excerpt":{"rendered":"<p>03\/07\/2024 &#8211; La opci\u00f3n m\u00e1s favorable incluye un alza de las tarifas hasta los US$10.000\/FEU El primer semestre de 2024 bajo ninguna perspectiva fue lo que se esperaba, mientras los pron\u00f3sticos realizados el a\u00f1o pasado apuntaban a un exceso de capacidad y una consiguiente baja de tarifas. Sin embargo, la crisis en el Mar Rojo, [&hellip;]<\/p>\n","protected":false},"author":4,"featured_media":3540,"comment_status":"open","ping_status":"open","sticky":false,"template":"","format":"standard","meta":{"footnotes":""},"categories":[1],"tags":[],"class_list":["post-3539","post","type-post","status-publish","format-standard","has-post-thumbnail","hentry","category-sin-categoria"],"yoast_head":"<!-- This site is optimized with the Yoast SEO plugin v27.4 - https:\/\/yoast.com\/product\/yoast-seo-wordpress\/ -->\n<title>Sector portacontenedor enfrenta tres escenarios posibles para el segundo semestre - JPEV Logistics<\/title>\n<meta name=\"robots\" content=\"index, follow, max-snippet:-1, max-image-preview:large, max-video-preview:-1\" \/>\n<link rel=\"canonical\" href=\"https:\/\/jpevlogistics.com\/en\/sector-portacontenedor-enfrenta-tres-escenarios-posibles-para-el-segundo-semestre\/\" \/>\n<meta property=\"og:locale\" content=\"en_US\" \/>\n<meta property=\"og:type\" content=\"article\" \/>\n<meta property=\"og:title\" content=\"Sector portacontenedor enfrenta tres escenarios posibles para el segundo semestre - JPEV Logistics\" \/>\n<meta property=\"og:description\" content=\"03\/07\/2024 &#8211; La opci\u00f3n m\u00e1s favorable incluye un alza de las tarifas hasta los US$10.000\/FEU El primer semestre de 2024 bajo ninguna perspectiva fue lo que se esperaba, mientras los pron\u00f3sticos realizados el a\u00f1o pasado apuntaban a un exceso de capacidad y una consiguiente baja de tarifas. Sin embargo, la crisis en el Mar Rojo, [&hellip;]\" \/>\n<meta property=\"og:url\" content=\"https:\/\/jpevlogistics.com\/en\/sector-portacontenedor-enfrenta-tres-escenarios-posibles-para-el-segundo-semestre\/\" \/>\n<meta property=\"og:site_name\" content=\"JPEV Logistics\" \/>\n<meta property=\"article:published_time\" content=\"2024-07-03T21:37:52+00:00\" \/>\n<meta property=\"article:modified_time\" content=\"2024-07-03T21:37:54+00:00\" \/>\n<meta property=\"og:image\" content=\"https:\/\/jpevlogistics.com\/wp-content\/uploads\/2024\/07\/Portacontenedores.jpeg\" \/>\n\t<meta property=\"og:image:width\" content=\"798\" \/>\n\t<meta property=\"og:image:height\" content=\"598\" \/>\n\t<meta property=\"og:image:type\" content=\"image\/jpeg\" \/>\n<meta name=\"author\" content=\"horacio\" \/>\n<meta name=\"twitter:card\" content=\"summary_large_image\" \/>\n<meta name=\"twitter:label1\" content=\"Written by\" \/>\n\t<meta name=\"twitter:data1\" content=\"horacio\" \/>\n\t<meta name=\"twitter:label2\" content=\"Est. reading time\" \/>\n\t<meta name=\"twitter:data2\" content=\"4 minutes\" \/>\n<script type=\"application\/ld+json\" class=\"yoast-schema-graph\">{\"@context\":\"https:\\\/\\\/schema.org\",\"@graph\":[{\"@type\":\"Article\",\"@id\":\"https:\\\/\\\/jpevlogistics.com\\\/sector-portacontenedor-enfrenta-tres-escenarios-posibles-para-el-segundo-semestre\\\/#article\",\"isPartOf\":{\"@id\":\"https:\\\/\\\/jpevlogistics.com\\\/sector-portacontenedor-enfrenta-tres-escenarios-posibles-para-el-segundo-semestre\\\/\"},\"author\":{\"name\":\"horacio\",\"@id\":\"https:\\\/\\\/jpevlogistics.com\\\/#\\\/schema\\\/person\\\/5cb83ed90e4ad10651470058bc190e62\"},\"headline\":\"Sector portacontenedor enfrenta tres escenarios posibles para el segundo semestre\",\"datePublished\":\"2024-07-03T21:37:52+00:00\",\"dateModified\":\"2024-07-03T21:37:54+00:00\",\"mainEntityOfPage\":{\"@id\":\"https:\\\/\\\/jpevlogistics.com\\\/sector-portacontenedor-enfrenta-tres-escenarios-posibles-para-el-segundo-semestre\\\/\"},\"wordCount\":893,\"commentCount\":0,\"publisher\":{\"@id\":\"https:\\\/\\\/jpevlogistics.com\\\/#organization\"},\"image\":{\"@id\":\"https:\\\/\\\/jpevlogistics.com\\\/sector-portacontenedor-enfrenta-tres-escenarios-posibles-para-el-segundo-semestre\\\/#primaryimage\"},\"thumbnailUrl\":\"https:\\\/\\\/jpevlogistics.com\\\/wp-content\\\/uploads\\\/2024\\\/07\\\/Portacontenedores.jpeg\",\"articleSection\":[\"Sin categor\u00eda\"],\"inLanguage\":\"en-US\",\"potentialAction\":[{\"@type\":\"CommentAction\",\"name\":\"Comment\",\"target\":[\"https:\\\/\\\/jpevlogistics.com\\\/sector-portacontenedor-enfrenta-tres-escenarios-posibles-para-el-segundo-semestre\\\/#respond\"]}]},{\"@type\":\"WebPage\",\"@id\":\"https:\\\/\\\/jpevlogistics.com\\\/sector-portacontenedor-enfrenta-tres-escenarios-posibles-para-el-segundo-semestre\\\/\",\"url\":\"https:\\\/\\\/jpevlogistics.com\\\/sector-portacontenedor-enfrenta-tres-escenarios-posibles-para-el-segundo-semestre\\\/\",\"name\":\"Sector portacontenedor enfrenta tres escenarios posibles para el segundo semestre - JPEV Logistics\",\"isPartOf\":{\"@id\":\"https:\\\/\\\/jpevlogistics.com\\\/#website\"},\"primaryImageOfPage\":{\"@id\":\"https:\\\/\\\/jpevlogistics.com\\\/sector-portacontenedor-enfrenta-tres-escenarios-posibles-para-el-segundo-semestre\\\/#primaryimage\"},\"image\":{\"@id\":\"https:\\\/\\\/jpevlogistics.com\\\/sector-portacontenedor-enfrenta-tres-escenarios-posibles-para-el-segundo-semestre\\\/#primaryimage\"},\"thumbnailUrl\":\"https:\\\/\\\/jpevlogistics.com\\\/wp-content\\\/uploads\\\/2024\\\/07\\\/Portacontenedores.jpeg\",\"datePublished\":\"2024-07-03T21:37:52+00:00\",\"dateModified\":\"2024-07-03T21:37:54+00:00\",\"breadcrumb\":{\"@id\":\"https:\\\/\\\/jpevlogistics.com\\\/sector-portacontenedor-enfrenta-tres-escenarios-posibles-para-el-segundo-semestre\\\/#breadcrumb\"},\"inLanguage\":\"en-US\",\"potentialAction\":[{\"@type\":\"ReadAction\",\"target\":[\"https:\\\/\\\/jpevlogistics.com\\\/sector-portacontenedor-enfrenta-tres-escenarios-posibles-para-el-segundo-semestre\\\/\"]}]},{\"@type\":\"ImageObject\",\"inLanguage\":\"en-US\",\"@id\":\"https:\\\/\\\/jpevlogistics.com\\\/sector-portacontenedor-enfrenta-tres-escenarios-posibles-para-el-segundo-semestre\\\/#primaryimage\",\"url\":\"https:\\\/\\\/jpevlogistics.com\\\/wp-content\\\/uploads\\\/2024\\\/07\\\/Portacontenedores.jpeg\",\"contentUrl\":\"https:\\\/\\\/jpevlogistics.com\\\/wp-content\\\/uploads\\\/2024\\\/07\\\/Portacontenedores.jpeg\",\"width\":798,\"height\":598},{\"@type\":\"BreadcrumbList\",\"@id\":\"https:\\\/\\\/jpevlogistics.com\\\/sector-portacontenedor-enfrenta-tres-escenarios-posibles-para-el-segundo-semestre\\\/#breadcrumb\",\"itemListElement\":[{\"@type\":\"ListItem\",\"position\":1,\"name\":\"Portada\",\"item\":\"https:\\\/\\\/jpevlogistics.com\\\/\"},{\"@type\":\"ListItem\",\"position\":2,\"name\":\"Sector portacontenedor enfrenta tres escenarios posibles para el segundo semestre\"}]},{\"@type\":\"WebSite\",\"@id\":\"https:\\\/\\\/jpevlogistics.com\\\/#website\",\"url\":\"https:\\\/\\\/jpevlogistics.com\\\/\",\"name\":\"JPEV Logistics\",\"description\":\"\",\"publisher\":{\"@id\":\"https:\\\/\\\/jpevlogistics.com\\\/#organization\"},\"potentialAction\":[{\"@type\":\"SearchAction\",\"target\":{\"@type\":\"EntryPoint\",\"urlTemplate\":\"https:\\\/\\\/jpevlogistics.com\\\/?s={search_term_string}\"},\"query-input\":{\"@type\":\"PropertyValueSpecification\",\"valueRequired\":true,\"valueName\":\"search_term_string\"}}],\"inLanguage\":\"en-US\"},{\"@type\":\"Organization\",\"@id\":\"https:\\\/\\\/jpevlogistics.com\\\/#organization\",\"name\":\"JPEV Logistics\",\"url\":\"https:\\\/\\\/jpevlogistics.com\\\/\",\"logo\":{\"@type\":\"ImageObject\",\"inLanguage\":\"en-US\",\"@id\":\"https:\\\/\\\/jpevlogistics.com\\\/#\\\/schema\\\/logo\\\/image\\\/\",\"url\":\"https:\\\/\\\/jpevlogistics.com\\\/wp-content\\\/uploads\\\/2020\\\/07\\\/logo.png\",\"contentUrl\":\"https:\\\/\\\/jpevlogistics.com\\\/wp-content\\\/uploads\\\/2020\\\/07\\\/logo.png\",\"width\":214,\"height\":81,\"caption\":\"JPEV Logistics\"},\"image\":{\"@id\":\"https:\\\/\\\/jpevlogistics.com\\\/#\\\/schema\\\/logo\\\/image\\\/\"},\"sameAs\":[\"https:\\\/\\\/www.instagram.com\\\/jpevlogistics\\\/\",\"https:\\\/\\\/www.linkedin.com\\\/company\\\/jpev-logistics\\\/\"]},{\"@type\":\"Person\",\"@id\":\"https:\\\/\\\/jpevlogistics.com\\\/#\\\/schema\\\/person\\\/5cb83ed90e4ad10651470058bc190e62\",\"name\":\"horacio\",\"image\":{\"@type\":\"ImageObject\",\"inLanguage\":\"en-US\",\"@id\":\"https:\\\/\\\/secure.gravatar.com\\\/avatar\\\/49ba85a39487c51406dba7224109c3b2296f15c3dd1931dd024e3f540b12ea7d?s=96&d=mm&r=g\",\"url\":\"https:\\\/\\\/secure.gravatar.com\\\/avatar\\\/49ba85a39487c51406dba7224109c3b2296f15c3dd1931dd024e3f540b12ea7d?s=96&d=mm&r=g\",\"contentUrl\":\"https:\\\/\\\/secure.gravatar.com\\\/avatar\\\/49ba85a39487c51406dba7224109c3b2296f15c3dd1931dd024e3f540b12ea7d?s=96&d=mm&r=g\",\"caption\":\"horacio\"},\"url\":\"https:\\\/\\\/jpevlogistics.com\\\/en\\\/author\\\/horacio\\\/\"}]}<\/script>\n<!-- \/ Yoast SEO plugin. -->","yoast_head_json":{"title":"Sector portacontenedor enfrenta tres escenarios posibles para el segundo semestre - JPEV Logistics","robots":{"index":"index","follow":"follow","max-snippet":"max-snippet:-1","max-image-preview":"max-image-preview:large","max-video-preview":"max-video-preview:-1"},"canonical":"https:\/\/jpevlogistics.com\/en\/sector-portacontenedor-enfrenta-tres-escenarios-posibles-para-el-segundo-semestre\/","og_locale":"en_US","og_type":"article","og_title":"Sector portacontenedor enfrenta tres escenarios posibles para el segundo semestre - JPEV Logistics","og_description":"03\/07\/2024 &#8211; La opci\u00f3n m\u00e1s favorable incluye un alza de las tarifas hasta los US$10.000\/FEU El primer semestre de 2024 bajo ninguna perspectiva fue lo que se esperaba, mientras los pron\u00f3sticos realizados el a\u00f1o pasado apuntaban a un exceso de capacidad y una consiguiente baja de tarifas. Sin embargo, la crisis en el Mar Rojo, [&hellip;]","og_url":"https:\/\/jpevlogistics.com\/en\/sector-portacontenedor-enfrenta-tres-escenarios-posibles-para-el-segundo-semestre\/","og_site_name":"JPEV Logistics","article_published_time":"2024-07-03T21:37:52+00:00","article_modified_time":"2024-07-03T21:37:54+00:00","og_image":[{"width":798,"height":598,"url":"https:\/\/jpevlogistics.com\/wp-content\/uploads\/2024\/07\/Portacontenedores.jpeg","type":"image\/jpeg"}],"author":"horacio","twitter_card":"summary_large_image","twitter_misc":{"Written by":"horacio","Est. reading time":"4 minutes"},"schema":{"@context":"https:\/\/schema.org","@graph":[{"@type":"Article","@id":"https:\/\/jpevlogistics.com\/sector-portacontenedor-enfrenta-tres-escenarios-posibles-para-el-segundo-semestre\/#article","isPartOf":{"@id":"https:\/\/jpevlogistics.com\/sector-portacontenedor-enfrenta-tres-escenarios-posibles-para-el-segundo-semestre\/"},"author":{"name":"horacio","@id":"https:\/\/jpevlogistics.com\/#\/schema\/person\/5cb83ed90e4ad10651470058bc190e62"},"headline":"Sector portacontenedor enfrenta tres escenarios posibles para el segundo semestre","datePublished":"2024-07-03T21:37:52+00:00","dateModified":"2024-07-03T21:37:54+00:00","mainEntityOfPage":{"@id":"https:\/\/jpevlogistics.com\/sector-portacontenedor-enfrenta-tres-escenarios-posibles-para-el-segundo-semestre\/"},"wordCount":893,"commentCount":0,"publisher":{"@id":"https:\/\/jpevlogistics.com\/#organization"},"image":{"@id":"https:\/\/jpevlogistics.com\/sector-portacontenedor-enfrenta-tres-escenarios-posibles-para-el-segundo-semestre\/#primaryimage"},"thumbnailUrl":"https:\/\/jpevlogistics.com\/wp-content\/uploads\/2024\/07\/Portacontenedores.jpeg","articleSection":["Sin categor\u00eda"],"inLanguage":"en-US","potentialAction":[{"@type":"CommentAction","name":"Comment","target":["https:\/\/jpevlogistics.com\/sector-portacontenedor-enfrenta-tres-escenarios-posibles-para-el-segundo-semestre\/#respond"]}]},{"@type":"WebPage","@id":"https:\/\/jpevlogistics.com\/sector-portacontenedor-enfrenta-tres-escenarios-posibles-para-el-segundo-semestre\/","url":"https:\/\/jpevlogistics.com\/sector-portacontenedor-enfrenta-tres-escenarios-posibles-para-el-segundo-semestre\/","name":"Sector portacontenedor enfrenta tres escenarios posibles para el segundo semestre - JPEV Logistics","isPartOf":{"@id":"https:\/\/jpevlogistics.com\/#website"},"primaryImageOfPage":{"@id":"https:\/\/jpevlogistics.com\/sector-portacontenedor-enfrenta-tres-escenarios-posibles-para-el-segundo-semestre\/#primaryimage"},"image":{"@id":"https:\/\/jpevlogistics.com\/sector-portacontenedor-enfrenta-tres-escenarios-posibles-para-el-segundo-semestre\/#primaryimage"},"thumbnailUrl":"https:\/\/jpevlogistics.com\/wp-content\/uploads\/2024\/07\/Portacontenedores.jpeg","datePublished":"2024-07-03T21:37:52+00:00","dateModified":"2024-07-03T21:37:54+00:00","breadcrumb":{"@id":"https:\/\/jpevlogistics.com\/sector-portacontenedor-enfrenta-tres-escenarios-posibles-para-el-segundo-semestre\/#breadcrumb"},"inLanguage":"en-US","potentialAction":[{"@type":"ReadAction","target":["https:\/\/jpevlogistics.com\/sector-portacontenedor-enfrenta-tres-escenarios-posibles-para-el-segundo-semestre\/"]}]},{"@type":"ImageObject","inLanguage":"en-US","@id":"https:\/\/jpevlogistics.com\/sector-portacontenedor-enfrenta-tres-escenarios-posibles-para-el-segundo-semestre\/#primaryimage","url":"https:\/\/jpevlogistics.com\/wp-content\/uploads\/2024\/07\/Portacontenedores.jpeg","contentUrl":"https:\/\/jpevlogistics.com\/wp-content\/uploads\/2024\/07\/Portacontenedores.jpeg","width":798,"height":598},{"@type":"BreadcrumbList","@id":"https:\/\/jpevlogistics.com\/sector-portacontenedor-enfrenta-tres-escenarios-posibles-para-el-segundo-semestre\/#breadcrumb","itemListElement":[{"@type":"ListItem","position":1,"name":"Portada","item":"https:\/\/jpevlogistics.com\/"},{"@type":"ListItem","position":2,"name":"Sector portacontenedor enfrenta tres escenarios posibles para el segundo semestre"}]},{"@type":"WebSite","@id":"https:\/\/jpevlogistics.com\/#website","url":"https:\/\/jpevlogistics.com\/","name":"JPEV Logistics","description":"","publisher":{"@id":"https:\/\/jpevlogistics.com\/#organization"},"potentialAction":[{"@type":"SearchAction","target":{"@type":"EntryPoint","urlTemplate":"https:\/\/jpevlogistics.com\/?s={search_term_string}"},"query-input":{"@type":"PropertyValueSpecification","valueRequired":true,"valueName":"search_term_string"}}],"inLanguage":"en-US"},{"@type":"Organization","@id":"https:\/\/jpevlogistics.com\/#organization","name":"JPEV Logistics","url":"https:\/\/jpevlogistics.com\/","logo":{"@type":"ImageObject","inLanguage":"en-US","@id":"https:\/\/jpevlogistics.com\/#\/schema\/logo\/image\/","url":"https:\/\/jpevlogistics.com\/wp-content\/uploads\/2020\/07\/logo.png","contentUrl":"https:\/\/jpevlogistics.com\/wp-content\/uploads\/2020\/07\/logo.png","width":214,"height":81,"caption":"JPEV Logistics"},"image":{"@id":"https:\/\/jpevlogistics.com\/#\/schema\/logo\/image\/"},"sameAs":["https:\/\/www.instagram.com\/jpevlogistics\/","https:\/\/www.linkedin.com\/company\/jpev-logistics\/"]},{"@type":"Person","@id":"https:\/\/jpevlogistics.com\/#\/schema\/person\/5cb83ed90e4ad10651470058bc190e62","name":"horacio","image":{"@type":"ImageObject","inLanguage":"en-US","@id":"https:\/\/secure.gravatar.com\/avatar\/49ba85a39487c51406dba7224109c3b2296f15c3dd1931dd024e3f540b12ea7d?s=96&d=mm&r=g","url":"https:\/\/secure.gravatar.com\/avatar\/49ba85a39487c51406dba7224109c3b2296f15c3dd1931dd024e3f540b12ea7d?s=96&d=mm&r=g","contentUrl":"https:\/\/secure.gravatar.com\/avatar\/49ba85a39487c51406dba7224109c3b2296f15c3dd1931dd024e3f540b12ea7d?s=96&d=mm&r=g","caption":"horacio"},"url":"https:\/\/jpevlogistics.com\/en\/author\/horacio\/"}]}},"_links":{"self":[{"href":"https:\/\/jpevlogistics.com\/en\/wp-json\/wp\/v2\/posts\/3539","targetHints":{"allow":["GET"]}}],"collection":[{"href":"https:\/\/jpevlogistics.com\/en\/wp-json\/wp\/v2\/posts"}],"about":[{"href":"https:\/\/jpevlogistics.com\/en\/wp-json\/wp\/v2\/types\/post"}],"author":[{"embeddable":true,"href":"https:\/\/jpevlogistics.com\/en\/wp-json\/wp\/v2\/users\/4"}],"replies":[{"embeddable":true,"href":"https:\/\/jpevlogistics.com\/en\/wp-json\/wp\/v2\/comments?post=3539"}],"version-history":[{"count":1,"href":"https:\/\/jpevlogistics.com\/en\/wp-json\/wp\/v2\/posts\/3539\/revisions"}],"predecessor-version":[{"id":3541,"href":"https:\/\/jpevlogistics.com\/en\/wp-json\/wp\/v2\/posts\/3539\/revisions\/3541"}],"wp:featuredmedia":[{"embeddable":true,"href":"https:\/\/jpevlogistics.com\/en\/wp-json\/wp\/v2\/media\/3540"}],"wp:attachment":[{"href":"https:\/\/jpevlogistics.com\/en\/wp-json\/wp\/v2\/media?parent=3539"}],"wp:term":[{"taxonomy":"category","embeddable":true,"href":"https:\/\/jpevlogistics.com\/en\/wp-json\/wp\/v2\/categories?post=3539"},{"taxonomy":"post_tag","embeddable":true,"href":"https:\/\/jpevlogistics.com\/en\/wp-json\/wp\/v2\/tags?post=3539"}],"curies":[{"name":"wp","href":"https:\/\/api.w.org\/{rel}","templated":true}]}}