{"id":3610,"date":"2024-07-22T13:50:15","date_gmt":"2024-07-22T13:50:15","guid":{"rendered":"https:\/\/jpevlogistics.com\/?p=3610"},"modified":"2024-07-22T13:50:58","modified_gmt":"2024-07-22T13:50:58","slug":"tarifas-spot-de-transporte-de-contenedores-inician-ciclo-a-la-baja-pero-esto-no-significara-su-colapso","status":"publish","type":"post","link":"https:\/\/jpevlogistics.com\/en\/tarifas-spot-de-transporte-de-contenedores-inician-ciclo-a-la-baja-pero-esto-no-significara-su-colapso\/","title":{"rendered":"Tarifas spot de transporte de contenedores inician ciclo a la baja, pero esto no significar\u00e1 su colapso"},"content":{"rendered":"<p>22-07-2024 , A menos que contin\u00fae la Crisis del Mar Rojo, la situaci\u00f3n no podr\u00e1 resolverse por completo<\/p>\n\n\n\n<p>En la edici\u00f3n anterior de\u00a0<strong>JPEV LOGISTICS \u00a0<\/strong>describimos c\u00f3mo las<strong>\u00a0<\/strong>alzas de tarifas de fletes est\u00e1n perdiendo \u00edmpetu y que incluso algunas l\u00edneas navieras comenzaron a ofrecer rebajas para poder completar la capacidad de los buques. Con esto ya se podr\u00eda considerar que las tarifas spot est\u00e1n alcanzando su punto m\u00e1ximo, tras lo cual, l\u00f3gicamente deber\u00eda venir una disminuci\u00f3n de su valor. De acuerdo con\u00a0<em>Xeneta<\/em>, las tarifas spot promedio desde el Lejano Oriente hasta la Costa Este de EE. UU. (USEC) se situaron en US$10.078\/FEU el 17 de julio. Mientras que a la Costa Oeste de EE. UU (USWC)., promediaron US$7.917\/FEU. Estas cifras reflejan un alza del 140% desde fines de abril, cuando se iniciaron los \u00faltimos incrementos en ambas rutas.<\/p>\n\n\n\n<p>En las rutas desde el Lejano Oriente hacia el norte de Europa y el Mediterr\u00e1neo, las alzas promediaron aumentos de un 163% y un 95%, respectivamente, en el mismo periodo hasta situarse en US$8.499\/FEU y US$8.127 por FEU, cada una.<\/p>\n\n\n\n<p>\u00bfPero qu\u00e9 hace suponer el fin de los aumentos? De acuerdo con&nbsp;<em>Xeneta<\/em>&nbsp;al observar la ruta Lejano Oriente &#8211; USWC, si bien las tarifas spot promedio aumentaron ligeramente a mediados de julio, el nivel medio-alto del mercado se ha mantenido estable, lo que indica que un n\u00famero creciente de propietarios de carga y transitarios ya no sienten que necesiten pagar tarifas spot cada vez m\u00e1s altas para garantizar que sus contenedores sean transportados, generando un enfriamiento en el extremo superior que impacta en el crecimiento promedio de las tarifas spot.<\/p>\n\n\n\n<figure class=\"wp-block-image size-full\"><img fetchpriority=\"high\" decoding=\"async\" width=\"798\" height=\"597\" src=\"https:\/\/jpevlogistics.com\/wp-content\/uploads\/2024\/07\/tarifas-spot-2.jpeg\" alt=\"\" class=\"wp-image-3611\" srcset=\"https:\/\/jpevlogistics.com\/wp-content\/uploads\/2024\/07\/tarifas-spot-2.jpeg 798w, https:\/\/jpevlogistics.com\/wp-content\/uploads\/2024\/07\/tarifas-spot-2-300x224.jpeg 300w, https:\/\/jpevlogistics.com\/wp-content\/uploads\/2024\/07\/tarifas-spot-2-768x575.jpeg 768w, https:\/\/jpevlogistics.com\/wp-content\/uploads\/2024\/07\/tarifas-spot-2-16x12.jpeg 16w\" sizes=\"(max-width: 798px) 100vw, 798px\" \/><\/figure>\n\n\n\n<p><strong>L\u00edneas navieras pierden agresividad<\/strong><\/p>\n\n\n\n<p>Reafirma lo anterior, el hecho de que, seg\u00fan la consultora, algunas l\u00edneas navieras intentaron presionar para obtener tarifas spot m\u00e1s altas mediante aumentos generales de tarifas (GRI) a mediados de julio, sin embargo, otras se abstuvieron y prefirieron ofrecer rebajas por primera vez en meses, dando con ello la opci\u00f3n a los propietarios de carga y transitarios de confrontar ofertas y asegurar las tarifas m\u00e1s convenientes, desbaratando la presi\u00f3n de los operadores m\u00e1s agresivos y al mismo tiempo, recuperando poder de negociaci\u00f3n.<\/p>\n\n\n\n<p><strong>\u00bfHacia d\u00f3nde va el mercado entonces?&nbsp;<\/strong><\/p>\n\n\n\n<p>Si bien lo anterior marca un innegable punto de inflexi\u00f3n en el mercado global de transporte mar\u00edtimo, est\u00e1 claro que las rutas individualmente se acomodar\u00e1n a su propio ritmo a las nuevas circunstancias. Por ejemplo, entre el Lejano Oriente y el norte de Europa todav\u00eda se ha producido un ligero repunte en el mercado medio-alto.&nbsp; Por el contrario, en Shangh\u00e1i-Manzanillo en la Costa Oeste de M\u00e9xico las tarifas spot promedio han ca\u00eddo un 10% promedio desde el peak del 1 de julio, lo que posiblemente se debe a la mayor capacidad disponible en la ruita a medida que los operadores incorporan numerosos servicios nuevos en respuesta al crecimiento r\u00e9cord de la demanda.<\/p>\n\n\n\n<p><strong>\u00bfColapsar\u00e1n las tarifas?&nbsp;<\/strong><\/p>\n\n\n\n<p>No. En este punto se debe recordar que la causa fundamental del incremento de las tarifas spot en 2024 es el conflicto en el Mar Rojo que a\u00fan obliga a que la mayor\u00eda de los portacontenedores sigan navegando alrededor del Cabo de Buena Esperanza. Adem\u00e1s, habr\u00eda que agregar que los recientes bombardeos de Israel en Yemen no aportan mucho a favor de un retorno de las l\u00edneas navieras a sus itinerarios anteriores al estallido de la crisis. Como se ha comentado, a menos que se produzca un retorno a gran escala de los portacontenedores al Canal de Suez, la situaci\u00f3n no podr\u00e1 resolverse por completo.<\/p>\n\n\n\n<p>Sin embargo, la historia reciente muestra que es posible que las tarifas spot se suavicen en las principales rutas desde el Lejano Oriente mientras las desviaciones del Mar Rojo sigan vigentes.<\/p>\n\n\n\n<p>Tambi\u00e9n, para aportar algo de serenidad a los propietarios de carga y a los transitarios, se debe recordar que este a\u00f1o, antes de los peaks m\u00e1s recientes de las tarifas spot, las rutas desde el Lejano Oriente a la USWC y a ala USEC alcanzaron un r\u00e9cord el 1 de febrero para disminuir luego un 32% y un 33%, respectivamente, el 30 de abril (cuando acometi\u00f3 una nueva tendencia al alza). En la ruta al norte de Europa se produjo el mismo movimiento con un peak a mediados de enero, para luego descender un 33%<\/p>\n\n\n\n<p><strong>Las complicaciones continuar\u00e1n el resto de 2024<\/strong><\/p>\n\n\n\n<p>Pese a lo positivo del nuevo escenario desde la perspectiva de los propietarios de carga y de los transitarios, han surgido nuevos nubarrones en el horizonte, siendo el principal la ya casi inminente huelga de estibadores en la USEC y el Golfo de EE. UU., mientras que una eventual victoria de Donald Trump en las elecciones impulsar\u00eda el anticipo de las importaciones antes de lo que ser\u00edan las inevitables nuevas alzas arancelarias a las importaciones procedentes de China.<\/p>\n\n\n\n<p>Puntos a favor lo conforman la disminuci\u00f3n de la congesti\u00f3n portuaria y la entrega de m\u00e1s y m\u00e1s buques nuevos en lo que resta del a\u00f1o, lo que deber\u00eda aumentar a\u00fan m\u00e1s la capacidad, reduciendo la escasez ocasionada por la absorci\u00f3n de naves que ha significado la extensa ruta alrededor del Cabo de Buena Esperanza. Esto por supuesto quitar\u00eda un factor de presi\u00f3n al alza sobre las tarifas spot y asegurar\u00eda al menos que los embarques de contenedores no sean pospuestos.&nbsp;&nbsp;&nbsp;&nbsp;&nbsp;&nbsp;&nbsp;&nbsp;<\/p>\n\n\n\n<p><strong>Por JPEV Logistics \u00a0<\/strong><\/p>\n\n\n\n<p><\/p>","protected":false},"excerpt":{"rendered":"<p>22-07-2024 , A menos que contin\u00fae la Crisis del Mar Rojo, la situaci\u00f3n no podr\u00e1 resolverse por completo En la edici\u00f3n anterior de\u00a0JPEV LOGISTICS \u00a0describimos c\u00f3mo las\u00a0alzas de tarifas de fletes est\u00e1n perdiendo \u00edmpetu y que incluso algunas l\u00edneas navieras comenzaron a ofrecer rebajas para poder completar la capacidad de los buques. Con esto ya [&hellip;]<\/p>\n","protected":false},"author":4,"featured_media":3611,"comment_status":"open","ping_status":"open","sticky":false,"template":"","format":"standard","meta":{"footnotes":""},"categories":[1],"tags":[],"class_list":["post-3610","post","type-post","status-publish","format-standard","has-post-thumbnail","hentry","category-sin-categoria"],"yoast_head":"<!-- This site is optimized with the Yoast SEO plugin v27.4 - https:\/\/yoast.com\/product\/yoast-seo-wordpress\/ -->\n<title>Tarifas spot de transporte de contenedores inician ciclo a la baja, pero esto no significar\u00e1 su colapso - JPEV Logistics<\/title>\n<meta name=\"robots\" content=\"index, follow, max-snippet:-1, max-image-preview:large, max-video-preview:-1\" \/>\n<link rel=\"canonical\" href=\"https:\/\/jpevlogistics.com\/en\/tarifas-spot-de-transporte-de-contenedores-inician-ciclo-a-la-baja-pero-esto-no-significara-su-colapso\/\" \/>\n<meta property=\"og:locale\" content=\"en_US\" \/>\n<meta property=\"og:type\" content=\"article\" \/>\n<meta property=\"og:title\" content=\"Tarifas spot de transporte de contenedores inician ciclo a la baja, pero esto no significar\u00e1 su colapso - JPEV Logistics\" \/>\n<meta property=\"og:description\" content=\"22-07-2024 , A menos que contin\u00fae la Crisis del Mar Rojo, la situaci\u00f3n no podr\u00e1 resolverse por completo En la edici\u00f3n anterior de\u00a0JPEV LOGISTICS \u00a0describimos c\u00f3mo las\u00a0alzas de tarifas de fletes est\u00e1n perdiendo \u00edmpetu y que incluso algunas l\u00edneas navieras comenzaron a ofrecer rebajas para poder completar la capacidad de los buques. Con esto ya [&hellip;]\" \/>\n<meta property=\"og:url\" content=\"https:\/\/jpevlogistics.com\/en\/tarifas-spot-de-transporte-de-contenedores-inician-ciclo-a-la-baja-pero-esto-no-significara-su-colapso\/\" \/>\n<meta property=\"og:site_name\" content=\"JPEV Logistics\" \/>\n<meta property=\"article:published_time\" content=\"2024-07-22T13:50:15+00:00\" \/>\n<meta property=\"article:modified_time\" content=\"2024-07-22T13:50:58+00:00\" \/>\n<meta property=\"og:image\" content=\"https:\/\/jpevlogistics.com\/wp-content\/uploads\/2024\/07\/tarifas-spot-2.jpeg\" \/>\n\t<meta property=\"og:image:width\" content=\"798\" \/>\n\t<meta property=\"og:image:height\" content=\"597\" \/>\n\t<meta property=\"og:image:type\" content=\"image\/jpeg\" \/>\n<meta name=\"author\" content=\"horacio\" \/>\n<meta name=\"twitter:card\" content=\"summary_large_image\" \/>\n<meta name=\"twitter:label1\" content=\"Written by\" \/>\n\t<meta name=\"twitter:data1\" content=\"horacio\" \/>\n\t<meta name=\"twitter:label2\" content=\"Est. reading time\" \/>\n\t<meta name=\"twitter:data2\" content=\"5 minutes\" \/>\n<script type=\"application\/ld+json\" class=\"yoast-schema-graph\">{\"@context\":\"https:\\\/\\\/schema.org\",\"@graph\":[{\"@type\":\"Article\",\"@id\":\"https:\\\/\\\/jpevlogistics.com\\\/en\\\/tarifas-spot-de-transporte-de-contenedores-inician-ciclo-a-la-baja-pero-esto-no-significara-su-colapso\\\/#article\",\"isPartOf\":{\"@id\":\"https:\\\/\\\/jpevlogistics.com\\\/en\\\/tarifas-spot-de-transporte-de-contenedores-inician-ciclo-a-la-baja-pero-esto-no-significara-su-colapso\\\/\"},\"author\":{\"name\":\"horacio\",\"@id\":\"https:\\\/\\\/jpevlogistics.com\\\/#\\\/schema\\\/person\\\/5cb83ed90e4ad10651470058bc190e62\"},\"headline\":\"Tarifas spot de transporte de contenedores inician ciclo a la baja, pero esto no significar\u00e1 su colapso\",\"datePublished\":\"2024-07-22T13:50:15+00:00\",\"dateModified\":\"2024-07-22T13:50:58+00:00\",\"mainEntityOfPage\":{\"@id\":\"https:\\\/\\\/jpevlogistics.com\\\/en\\\/tarifas-spot-de-transporte-de-contenedores-inician-ciclo-a-la-baja-pero-esto-no-significara-su-colapso\\\/\"},\"wordCount\":957,\"commentCount\":0,\"publisher\":{\"@id\":\"https:\\\/\\\/jpevlogistics.com\\\/#organization\"},\"image\":{\"@id\":\"https:\\\/\\\/jpevlogistics.com\\\/en\\\/tarifas-spot-de-transporte-de-contenedores-inician-ciclo-a-la-baja-pero-esto-no-significara-su-colapso\\\/#primaryimage\"},\"thumbnailUrl\":\"https:\\\/\\\/jpevlogistics.com\\\/wp-content\\\/uploads\\\/2024\\\/07\\\/tarifas-spot-2.jpeg\",\"articleSection\":[\"Sin categor\u00eda\"],\"inLanguage\":\"en-US\",\"potentialAction\":[{\"@type\":\"CommentAction\",\"name\":\"Comment\",\"target\":[\"https:\\\/\\\/jpevlogistics.com\\\/en\\\/tarifas-spot-de-transporte-de-contenedores-inician-ciclo-a-la-baja-pero-esto-no-significara-su-colapso\\\/#respond\"]}]},{\"@type\":\"WebPage\",\"@id\":\"https:\\\/\\\/jpevlogistics.com\\\/en\\\/tarifas-spot-de-transporte-de-contenedores-inician-ciclo-a-la-baja-pero-esto-no-significara-su-colapso\\\/\",\"url\":\"https:\\\/\\\/jpevlogistics.com\\\/en\\\/tarifas-spot-de-transporte-de-contenedores-inician-ciclo-a-la-baja-pero-esto-no-significara-su-colapso\\\/\",\"name\":\"Tarifas spot de transporte de contenedores inician ciclo a la baja, pero esto no significar\u00e1 su colapso - JPEV Logistics\",\"isPartOf\":{\"@id\":\"https:\\\/\\\/jpevlogistics.com\\\/#website\"},\"primaryImageOfPage\":{\"@id\":\"https:\\\/\\\/jpevlogistics.com\\\/en\\\/tarifas-spot-de-transporte-de-contenedores-inician-ciclo-a-la-baja-pero-esto-no-significara-su-colapso\\\/#primaryimage\"},\"image\":{\"@id\":\"https:\\\/\\\/jpevlogistics.com\\\/en\\\/tarifas-spot-de-transporte-de-contenedores-inician-ciclo-a-la-baja-pero-esto-no-significara-su-colapso\\\/#primaryimage\"},\"thumbnailUrl\":\"https:\\\/\\\/jpevlogistics.com\\\/wp-content\\\/uploads\\\/2024\\\/07\\\/tarifas-spot-2.jpeg\",\"datePublished\":\"2024-07-22T13:50:15+00:00\",\"dateModified\":\"2024-07-22T13:50:58+00:00\",\"breadcrumb\":{\"@id\":\"https:\\\/\\\/jpevlogistics.com\\\/en\\\/tarifas-spot-de-transporte-de-contenedores-inician-ciclo-a-la-baja-pero-esto-no-significara-su-colapso\\\/#breadcrumb\"},\"inLanguage\":\"en-US\",\"potentialAction\":[{\"@type\":\"ReadAction\",\"target\":[\"https:\\\/\\\/jpevlogistics.com\\\/en\\\/tarifas-spot-de-transporte-de-contenedores-inician-ciclo-a-la-baja-pero-esto-no-significara-su-colapso\\\/\"]}]},{\"@type\":\"ImageObject\",\"inLanguage\":\"en-US\",\"@id\":\"https:\\\/\\\/jpevlogistics.com\\\/en\\\/tarifas-spot-de-transporte-de-contenedores-inician-ciclo-a-la-baja-pero-esto-no-significara-su-colapso\\\/#primaryimage\",\"url\":\"https:\\\/\\\/jpevlogistics.com\\\/wp-content\\\/uploads\\\/2024\\\/07\\\/tarifas-spot-2.jpeg\",\"contentUrl\":\"https:\\\/\\\/jpevlogistics.com\\\/wp-content\\\/uploads\\\/2024\\\/07\\\/tarifas-spot-2.jpeg\",\"width\":798,\"height\":597},{\"@type\":\"BreadcrumbList\",\"@id\":\"https:\\\/\\\/jpevlogistics.com\\\/en\\\/tarifas-spot-de-transporte-de-contenedores-inician-ciclo-a-la-baja-pero-esto-no-significara-su-colapso\\\/#breadcrumb\",\"itemListElement\":[{\"@type\":\"ListItem\",\"position\":1,\"name\":\"Portada\",\"item\":\"https:\\\/\\\/jpevlogistics.com\\\/\"},{\"@type\":\"ListItem\",\"position\":2,\"name\":\"Tarifas spot de transporte de contenedores inician ciclo a la baja, pero esto no significar\u00e1 su colapso\"}]},{\"@type\":\"WebSite\",\"@id\":\"https:\\\/\\\/jpevlogistics.com\\\/#website\",\"url\":\"https:\\\/\\\/jpevlogistics.com\\\/\",\"name\":\"JPEV Logistics\",\"description\":\"\",\"publisher\":{\"@id\":\"https:\\\/\\\/jpevlogistics.com\\\/#organization\"},\"potentialAction\":[{\"@type\":\"SearchAction\",\"target\":{\"@type\":\"EntryPoint\",\"urlTemplate\":\"https:\\\/\\\/jpevlogistics.com\\\/?s={search_term_string}\"},\"query-input\":{\"@type\":\"PropertyValueSpecification\",\"valueRequired\":true,\"valueName\":\"search_term_string\"}}],\"inLanguage\":\"en-US\"},{\"@type\":\"Organization\",\"@id\":\"https:\\\/\\\/jpevlogistics.com\\\/#organization\",\"name\":\"JPEV Logistics\",\"url\":\"https:\\\/\\\/jpevlogistics.com\\\/\",\"logo\":{\"@type\":\"ImageObject\",\"inLanguage\":\"en-US\",\"@id\":\"https:\\\/\\\/jpevlogistics.com\\\/#\\\/schema\\\/logo\\\/image\\\/\",\"url\":\"https:\\\/\\\/jpevlogistics.com\\\/wp-content\\\/uploads\\\/2020\\\/07\\\/logo.png\",\"contentUrl\":\"https:\\\/\\\/jpevlogistics.com\\\/wp-content\\\/uploads\\\/2020\\\/07\\\/logo.png\",\"width\":214,\"height\":81,\"caption\":\"JPEV Logistics\"},\"image\":{\"@id\":\"https:\\\/\\\/jpevlogistics.com\\\/#\\\/schema\\\/logo\\\/image\\\/\"},\"sameAs\":[\"https:\\\/\\\/www.instagram.com\\\/jpevlogistics\\\/\",\"https:\\\/\\\/www.linkedin.com\\\/company\\\/jpev-logistics\\\/\"]},{\"@type\":\"Person\",\"@id\":\"https:\\\/\\\/jpevlogistics.com\\\/#\\\/schema\\\/person\\\/5cb83ed90e4ad10651470058bc190e62\",\"name\":\"horacio\",\"image\":{\"@type\":\"ImageObject\",\"inLanguage\":\"en-US\",\"@id\":\"https:\\\/\\\/secure.gravatar.com\\\/avatar\\\/49ba85a39487c51406dba7224109c3b2296f15c3dd1931dd024e3f540b12ea7d?s=96&d=mm&r=g\",\"url\":\"https:\\\/\\\/secure.gravatar.com\\\/avatar\\\/49ba85a39487c51406dba7224109c3b2296f15c3dd1931dd024e3f540b12ea7d?s=96&d=mm&r=g\",\"contentUrl\":\"https:\\\/\\\/secure.gravatar.com\\\/avatar\\\/49ba85a39487c51406dba7224109c3b2296f15c3dd1931dd024e3f540b12ea7d?s=96&d=mm&r=g\",\"caption\":\"horacio\"},\"url\":\"https:\\\/\\\/jpevlogistics.com\\\/en\\\/author\\\/horacio\\\/\"}]}<\/script>\n<!-- \/ Yoast SEO plugin. -->","yoast_head_json":{"title":"Tarifas spot de transporte de contenedores inician ciclo a la baja, pero esto no significar\u00e1 su colapso - JPEV Logistics","robots":{"index":"index","follow":"follow","max-snippet":"max-snippet:-1","max-image-preview":"max-image-preview:large","max-video-preview":"max-video-preview:-1"},"canonical":"https:\/\/jpevlogistics.com\/en\/tarifas-spot-de-transporte-de-contenedores-inician-ciclo-a-la-baja-pero-esto-no-significara-su-colapso\/","og_locale":"en_US","og_type":"article","og_title":"Tarifas spot de transporte de contenedores inician ciclo a la baja, pero esto no significar\u00e1 su colapso - JPEV Logistics","og_description":"22-07-2024 , A menos que contin\u00fae la Crisis del Mar Rojo, la situaci\u00f3n no podr\u00e1 resolverse por completo En la edici\u00f3n anterior de\u00a0JPEV LOGISTICS \u00a0describimos c\u00f3mo las\u00a0alzas de tarifas de fletes est\u00e1n perdiendo \u00edmpetu y que incluso algunas l\u00edneas navieras comenzaron a ofrecer rebajas para poder completar la capacidad de los buques. Con esto ya [&hellip;]","og_url":"https:\/\/jpevlogistics.com\/en\/tarifas-spot-de-transporte-de-contenedores-inician-ciclo-a-la-baja-pero-esto-no-significara-su-colapso\/","og_site_name":"JPEV Logistics","article_published_time":"2024-07-22T13:50:15+00:00","article_modified_time":"2024-07-22T13:50:58+00:00","og_image":[{"width":798,"height":597,"url":"https:\/\/jpevlogistics.com\/wp-content\/uploads\/2024\/07\/tarifas-spot-2.jpeg","type":"image\/jpeg"}],"author":"horacio","twitter_card":"summary_large_image","twitter_misc":{"Written by":"horacio","Est. reading time":"5 minutes"},"schema":{"@context":"https:\/\/schema.org","@graph":[{"@type":"Article","@id":"https:\/\/jpevlogistics.com\/en\/tarifas-spot-de-transporte-de-contenedores-inician-ciclo-a-la-baja-pero-esto-no-significara-su-colapso\/#article","isPartOf":{"@id":"https:\/\/jpevlogistics.com\/en\/tarifas-spot-de-transporte-de-contenedores-inician-ciclo-a-la-baja-pero-esto-no-significara-su-colapso\/"},"author":{"name":"horacio","@id":"https:\/\/jpevlogistics.com\/#\/schema\/person\/5cb83ed90e4ad10651470058bc190e62"},"headline":"Tarifas spot de transporte de contenedores inician ciclo a la baja, pero esto no significar\u00e1 su colapso","datePublished":"2024-07-22T13:50:15+00:00","dateModified":"2024-07-22T13:50:58+00:00","mainEntityOfPage":{"@id":"https:\/\/jpevlogistics.com\/en\/tarifas-spot-de-transporte-de-contenedores-inician-ciclo-a-la-baja-pero-esto-no-significara-su-colapso\/"},"wordCount":957,"commentCount":0,"publisher":{"@id":"https:\/\/jpevlogistics.com\/#organization"},"image":{"@id":"https:\/\/jpevlogistics.com\/en\/tarifas-spot-de-transporte-de-contenedores-inician-ciclo-a-la-baja-pero-esto-no-significara-su-colapso\/#primaryimage"},"thumbnailUrl":"https:\/\/jpevlogistics.com\/wp-content\/uploads\/2024\/07\/tarifas-spot-2.jpeg","articleSection":["Sin categor\u00eda"],"inLanguage":"en-US","potentialAction":[{"@type":"CommentAction","name":"Comment","target":["https:\/\/jpevlogistics.com\/en\/tarifas-spot-de-transporte-de-contenedores-inician-ciclo-a-la-baja-pero-esto-no-significara-su-colapso\/#respond"]}]},{"@type":"WebPage","@id":"https:\/\/jpevlogistics.com\/en\/tarifas-spot-de-transporte-de-contenedores-inician-ciclo-a-la-baja-pero-esto-no-significara-su-colapso\/","url":"https:\/\/jpevlogistics.com\/en\/tarifas-spot-de-transporte-de-contenedores-inician-ciclo-a-la-baja-pero-esto-no-significara-su-colapso\/","name":"Tarifas spot de transporte de contenedores inician ciclo a la baja, pero esto no significar\u00e1 su colapso - JPEV Logistics","isPartOf":{"@id":"https:\/\/jpevlogistics.com\/#website"},"primaryImageOfPage":{"@id":"https:\/\/jpevlogistics.com\/en\/tarifas-spot-de-transporte-de-contenedores-inician-ciclo-a-la-baja-pero-esto-no-significara-su-colapso\/#primaryimage"},"image":{"@id":"https:\/\/jpevlogistics.com\/en\/tarifas-spot-de-transporte-de-contenedores-inician-ciclo-a-la-baja-pero-esto-no-significara-su-colapso\/#primaryimage"},"thumbnailUrl":"https:\/\/jpevlogistics.com\/wp-content\/uploads\/2024\/07\/tarifas-spot-2.jpeg","datePublished":"2024-07-22T13:50:15+00:00","dateModified":"2024-07-22T13:50:58+00:00","breadcrumb":{"@id":"https:\/\/jpevlogistics.com\/en\/tarifas-spot-de-transporte-de-contenedores-inician-ciclo-a-la-baja-pero-esto-no-significara-su-colapso\/#breadcrumb"},"inLanguage":"en-US","potentialAction":[{"@type":"ReadAction","target":["https:\/\/jpevlogistics.com\/en\/tarifas-spot-de-transporte-de-contenedores-inician-ciclo-a-la-baja-pero-esto-no-significara-su-colapso\/"]}]},{"@type":"ImageObject","inLanguage":"en-US","@id":"https:\/\/jpevlogistics.com\/en\/tarifas-spot-de-transporte-de-contenedores-inician-ciclo-a-la-baja-pero-esto-no-significara-su-colapso\/#primaryimage","url":"https:\/\/jpevlogistics.com\/wp-content\/uploads\/2024\/07\/tarifas-spot-2.jpeg","contentUrl":"https:\/\/jpevlogistics.com\/wp-content\/uploads\/2024\/07\/tarifas-spot-2.jpeg","width":798,"height":597},{"@type":"BreadcrumbList","@id":"https:\/\/jpevlogistics.com\/en\/tarifas-spot-de-transporte-de-contenedores-inician-ciclo-a-la-baja-pero-esto-no-significara-su-colapso\/#breadcrumb","itemListElement":[{"@type":"ListItem","position":1,"name":"Portada","item":"https:\/\/jpevlogistics.com\/"},{"@type":"ListItem","position":2,"name":"Tarifas spot de transporte de contenedores inician ciclo a la baja, pero esto no significar\u00e1 su colapso"}]},{"@type":"WebSite","@id":"https:\/\/jpevlogistics.com\/#website","url":"https:\/\/jpevlogistics.com\/","name":"JPEV Logistics","description":"","publisher":{"@id":"https:\/\/jpevlogistics.com\/#organization"},"potentialAction":[{"@type":"SearchAction","target":{"@type":"EntryPoint","urlTemplate":"https:\/\/jpevlogistics.com\/?s={search_term_string}"},"query-input":{"@type":"PropertyValueSpecification","valueRequired":true,"valueName":"search_term_string"}}],"inLanguage":"en-US"},{"@type":"Organization","@id":"https:\/\/jpevlogistics.com\/#organization","name":"JPEV Logistics","url":"https:\/\/jpevlogistics.com\/","logo":{"@type":"ImageObject","inLanguage":"en-US","@id":"https:\/\/jpevlogistics.com\/#\/schema\/logo\/image\/","url":"https:\/\/jpevlogistics.com\/wp-content\/uploads\/2020\/07\/logo.png","contentUrl":"https:\/\/jpevlogistics.com\/wp-content\/uploads\/2020\/07\/logo.png","width":214,"height":81,"caption":"JPEV Logistics"},"image":{"@id":"https:\/\/jpevlogistics.com\/#\/schema\/logo\/image\/"},"sameAs":["https:\/\/www.instagram.com\/jpevlogistics\/","https:\/\/www.linkedin.com\/company\/jpev-logistics\/"]},{"@type":"Person","@id":"https:\/\/jpevlogistics.com\/#\/schema\/person\/5cb83ed90e4ad10651470058bc190e62","name":"horacio","image":{"@type":"ImageObject","inLanguage":"en-US","@id":"https:\/\/secure.gravatar.com\/avatar\/49ba85a39487c51406dba7224109c3b2296f15c3dd1931dd024e3f540b12ea7d?s=96&d=mm&r=g","url":"https:\/\/secure.gravatar.com\/avatar\/49ba85a39487c51406dba7224109c3b2296f15c3dd1931dd024e3f540b12ea7d?s=96&d=mm&r=g","contentUrl":"https:\/\/secure.gravatar.com\/avatar\/49ba85a39487c51406dba7224109c3b2296f15c3dd1931dd024e3f540b12ea7d?s=96&d=mm&r=g","caption":"horacio"},"url":"https:\/\/jpevlogistics.com\/en\/author\/horacio\/"}]}},"_links":{"self":[{"href":"https:\/\/jpevlogistics.com\/en\/wp-json\/wp\/v2\/posts\/3610","targetHints":{"allow":["GET"]}}],"collection":[{"href":"https:\/\/jpevlogistics.com\/en\/wp-json\/wp\/v2\/posts"}],"about":[{"href":"https:\/\/jpevlogistics.com\/en\/wp-json\/wp\/v2\/types\/post"}],"author":[{"embeddable":true,"href":"https:\/\/jpevlogistics.com\/en\/wp-json\/wp\/v2\/users\/4"}],"replies":[{"embeddable":true,"href":"https:\/\/jpevlogistics.com\/en\/wp-json\/wp\/v2\/comments?post=3610"}],"version-history":[{"count":2,"href":"https:\/\/jpevlogistics.com\/en\/wp-json\/wp\/v2\/posts\/3610\/revisions"}],"predecessor-version":[{"id":3613,"href":"https:\/\/jpevlogistics.com\/en\/wp-json\/wp\/v2\/posts\/3610\/revisions\/3613"}],"wp:featuredmedia":[{"embeddable":true,"href":"https:\/\/jpevlogistics.com\/en\/wp-json\/wp\/v2\/media\/3611"}],"wp:attachment":[{"href":"https:\/\/jpevlogistics.com\/en\/wp-json\/wp\/v2\/media?parent=3610"}],"wp:term":[{"taxonomy":"category","embeddable":true,"href":"https:\/\/jpevlogistics.com\/en\/wp-json\/wp\/v2\/categories?post=3610"},{"taxonomy":"post_tag","embeddable":true,"href":"https:\/\/jpevlogistics.com\/en\/wp-json\/wp\/v2\/tags?post=3610"}],"curies":[{"name":"wp","href":"https:\/\/api.w.org\/{rel}","templated":true}]}}