{"id":3649,"date":"2024-08-02T13:52:44","date_gmt":"2024-08-02T13:52:44","guid":{"rendered":"https:\/\/jpevlogistics.com\/?p=3649"},"modified":"2024-08-02T13:52:46","modified_gmt":"2024-08-02T13:52:46","slug":"tarifas-de-largo-plazo-marcan-alza-mientras-que-el-mercado-spot-sigue-a-la-baja-por-cual-optar","status":"publish","type":"post","link":"https:\/\/jpevlogistics.com\/en\/tarifas-de-largo-plazo-marcan-alza-mientras-que-el-mercado-spot-sigue-a-la-baja-por-cual-optar\/","title":{"rendered":"Tarifas de largo plazo marcan alza, mientras que el mercado spot sigue a la baja: \u00bfpor cu\u00e1l optar?"},"content":{"rendered":"<p>02\/08\/2024 &#8211; Propietarios de carga y l\u00edneas navieras aguardan desenlace para saber qui\u00e9n tendr\u00e1 mayor poder de negociaci\u00f3n<\/p>\n\n\n\n<p>Las tarifas mar\u00edtimas desde Asia se han mantenido casi al mismo nivel de la semana pasada, pero desde Asia a la Costa Oeste de EE. UU. (USWC) siguen siendo un 6% m\u00e1s bajas que a mediados de julio, mientras que a hacia Europa han disminuido un 3% desde su m\u00e1ximo del a\u00f1o alcanzado a principios de julio.&nbsp;<\/p>\n\n\n\n<p>Estas tendencias de acuerdo con&nbsp;<em>Judah Levine<\/em>, jefe de Investigaci\u00f3n de&nbsp;<em>Freightos<\/em>&nbsp;sugieren que las tarifas spot pueden haber alcanzado tras alcanzar su m\u00e1ximo de temporada y podr\u00edan continuar disminuyendo. De hecho, indica que algunas L\u00edneas navieras tambi\u00e9n han comenzado a reducir sus recargos para algunas rutas del sur de Asia y \u00c1frica, lo que tambi\u00e9n puede indicar que existe mayor capacidad disponible en las redes de servicios como resultado de la mejora de las condiciones en las principales rutas mar\u00edtimas.<\/p>\n\n\n\n<figure class=\"wp-block-image size-full\"><img fetchpriority=\"high\" decoding=\"async\" width=\"798\" height=\"598\" src=\"https:\/\/jpevlogistics.com\/wp-content\/uploads\/2024\/08\/alza-de-tarifas-1.jpeg\" alt=\"\" class=\"wp-image-3650\" srcset=\"https:\/\/jpevlogistics.com\/wp-content\/uploads\/2024\/08\/alza-de-tarifas-1.jpeg 798w, https:\/\/jpevlogistics.com\/wp-content\/uploads\/2024\/08\/alza-de-tarifas-1-300x225.jpeg 300w, https:\/\/jpevlogistics.com\/wp-content\/uploads\/2024\/08\/alza-de-tarifas-1-768x576.jpeg 768w, https:\/\/jpevlogistics.com\/wp-content\/uploads\/2024\/08\/alza-de-tarifas-1-16x12.jpeg 16w\" sizes=\"(max-width: 798px) 100vw, 798px\" \/><\/figure>\n\n\n\n<p><strong>Descenso de tarifas spot&nbsp;<\/strong><\/p>\n\n\n\n<p><em>Levine&nbsp;<\/em>expone que se puede suponer que las tarifas ya alcanzaron su peak (momento que implica el comienzo del descenso) debido en parte a la&nbsp;<strong>disminuci\u00f3n de la congesti\u00f3n<\/strong>&nbsp;en los hubs asi\u00e1ticos, a que las l\u00edneas navieras siguen a\u00f1adiendo capacidad a las principales rutas este-oeste y&nbsp;<strong>la entrega proyectada de un mill\u00f3n m\u00e1s de TEUs de nueva capacidad<\/strong>&nbsp;antes de fin de a\u00f1o. Otras informaciones confirman&nbsp;<strong>menores niveles de utilizaci\u00f3n de espacios<\/strong>&nbsp;de los buques en la ruta Asia-Europa.<\/p>\n\n\n\n<p>No obstante, la mayor contribuci\u00f3n a la disminuci\u00f3n de las tarifas para&nbsp;<em>Levine<\/em>&nbsp;es probablemente&nbsp;<strong>el temprano comienzo de la temporada alta para Norteam\u00e9rica y Europa<\/strong>. Esto se produjo en mayo, luego que muchos importadores consideraron los itinerarios m\u00e1s largos y se programaron de modo de evitar los retrasos provocados por la crisis del Mar Rojo en los periodos m\u00e1s cercanos de las vacaciones, o bien para asegurar los embarques antes de la implementaci\u00f3n de nuevos aranceles a las importaciones desde China o antes de posibles disrupciones laborales de la Costa Este de EE. UU. (USEC)<\/p>\n\n\n\n<p>De acuerdo con&nbsp;<em>Levine<\/em>, este adelantamiento generalizado pudo dar lugar al&nbsp;<em>peak&nbsp;<\/em>de la demanda y, en consecuencia, a la escasez de espacio y el aumento de las tarifas spot observados.&nbsp;<\/p>\n\n\n\n<p>Seg\u00fan el analista, a pesar de que los vol\u00famenes han aumentado desde mayo, los puertos de destino en Norteam\u00e9rica o en el norte de Europa no han sufrido congesti\u00f3n o retrasos significativos como resultado. Por lo cual, si los vol\u00famenes m\u00e1ximos ya est\u00e1n en camino, los puertos de la USWC estar\u00edan en condiciones de sobrellevar otro aumento de movimiento, incluido un posible incremento a causa de los posibles vol\u00famenes que se desviar\u00e1n desde la USEC en caso de concretarse la huelga de estibadores en octubre.<\/p>\n\n\n\n<p><strong>Tarifas a largo plazo en alza<\/strong><\/p>\n\n\n\n<p>El frente de las tarifas de contrato, o de largo plazo, comenz\u00f3 a dar se\u00f1ales de fortaleza, justo cuando las tarifas spot comienzan a suavizarse. Es as\u00ed como el Xeneta Shipping Index,&nbsp;<em>XSI<\/em>, present\u00f3 un aumento de un 2,5% en julio para situarse en 151,5 puntos. M\u00e1s notoriamente, el sub\u00edndice XSI subyacente para las exportaciones desde el Lejano Oriente, que incluye las mayores rutas mar\u00edtimas del mundo, desde Asia a Europa y a EE. UU., aument\u00f3 un 12,6% en julio a 178,8 puntos.<\/p>\n\n\n\n<p><em>Emily Stausb\u00f8ll<\/em>, analista s\u00e9nior de transporte mar\u00edtimo de&nbsp;<em>Xeneta<\/em>, indica que el comportamiento opuesto entre los mercados spot y de largo plazo, significa que el diferencial entre ambos mercados se est\u00e1 reduciendo, lo que presenta un equilibrio delicado de cara a las negociaciones de contratos a largo plazo entre propietarios de carga\/expedidores y l\u00edneas navieras a finales de este a\u00f1o, donde se jugar\u00e1n cosas importantes: \u201cEste es un momento crucial para el mercado. La gran pregunta es, \u00bfcu\u00e1nto subir\u00e1n las tarifas a largo plazo antes de que el crecimiento se vea frenado por la ca\u00edda del mercado spot?\u201d, interroga.<\/p>\n\n\n\n<p>Lo que vuelve interesante el asunto es que hay esperanzas confrontadas entre un lado y otro: \u201clos propietarios de carga esperar\u00e1n que las tarifas spot caigan con fuerza y \u200b\u200brapidez, mientras que las l\u00edneas navieras har\u00e1n todo lo posible para mantenerlas elevadas durante el mayor tiempo posible\u201d.<\/p>\n\n\n\n<p><em>Stausb\u00f8ll&nbsp;<\/em>a\u00f1ade que \u201cel punto en el que se encuentren los mercados a largo plazo y spot en el momento en que comiencen las negociaciones de nuevos contratos ser\u00e1 crucial para determinar qui\u00e9n tiene la mano m\u00e1s fuerte, acaso los propietarios de carga o bien, las l\u00edneas navieras\u201d.<\/p>\n\n\n\n<p>\u00a1Pero atenci\u00f3n! En el escenario hay m\u00faltiples amenazas latentes rondando: la continuidad de los desv\u00edos en el Mar Rojo, la posible huelga en la USEC y los aranceles que sin duda se aplicar\u00e1 EE. UU. en caso de que Donald Trump acceda nuevamente a la presidencia de EE. UU.&nbsp;&nbsp;&nbsp;&nbsp;&nbsp;&nbsp;&nbsp;&nbsp;&nbsp;&nbsp;&nbsp;&nbsp;&nbsp;<\/p>\n\n\n\n<p><strong>Por MundoMaritimo<\/strong><\/p>","protected":false},"excerpt":{"rendered":"<p>02\/08\/2024 &#8211; Propietarios de carga y l\u00edneas navieras aguardan desenlace para saber qui\u00e9n tendr\u00e1 mayor poder de negociaci\u00f3n Las tarifas mar\u00edtimas desde Asia se han mantenido casi al mismo nivel de la semana pasada, pero desde Asia a la Costa Oeste de EE. UU. (USWC) siguen siendo un 6% m\u00e1s bajas que a mediados de [&hellip;]<\/p>\n","protected":false},"author":4,"featured_media":3650,"comment_status":"open","ping_status":"open","sticky":false,"template":"","format":"standard","meta":{"footnotes":""},"categories":[1],"tags":[],"class_list":["post-3649","post","type-post","status-publish","format-standard","has-post-thumbnail","hentry","category-sin-categoria"],"yoast_head":"<!-- This site is optimized with the Yoast SEO plugin v27.4 - https:\/\/yoast.com\/product\/yoast-seo-wordpress\/ -->\n<title>Tarifas de largo plazo marcan alza, mientras que el mercado spot sigue a la baja: \u00bfpor cu\u00e1l optar? - JPEV Logistics<\/title>\n<meta name=\"robots\" content=\"index, follow, max-snippet:-1, max-image-preview:large, max-video-preview:-1\" \/>\n<link rel=\"canonical\" href=\"https:\/\/jpevlogistics.com\/en\/tarifas-de-largo-plazo-marcan-alza-mientras-que-el-mercado-spot-sigue-a-la-baja-por-cual-optar\/\" \/>\n<meta property=\"og:locale\" content=\"en_US\" \/>\n<meta property=\"og:type\" content=\"article\" \/>\n<meta property=\"og:title\" content=\"Tarifas de largo plazo marcan alza, mientras que el mercado spot sigue a la baja: \u00bfpor cu\u00e1l optar? - JPEV Logistics\" \/>\n<meta property=\"og:description\" content=\"02\/08\/2024 &#8211; Propietarios de carga y l\u00edneas navieras aguardan desenlace para saber qui\u00e9n tendr\u00e1 mayor poder de negociaci\u00f3n Las tarifas mar\u00edtimas desde Asia se han mantenido casi al mismo nivel de la semana pasada, pero desde Asia a la Costa Oeste de EE. UU. (USWC) siguen siendo un 6% m\u00e1s bajas que a mediados de [&hellip;]\" \/>\n<meta property=\"og:url\" content=\"https:\/\/jpevlogistics.com\/en\/tarifas-de-largo-plazo-marcan-alza-mientras-que-el-mercado-spot-sigue-a-la-baja-por-cual-optar\/\" \/>\n<meta property=\"og:site_name\" content=\"JPEV Logistics\" \/>\n<meta property=\"article:published_time\" content=\"2024-08-02T13:52:44+00:00\" \/>\n<meta property=\"article:modified_time\" content=\"2024-08-02T13:52:46+00:00\" \/>\n<meta property=\"og:image\" content=\"https:\/\/jpevlogistics.com\/wp-content\/uploads\/2024\/08\/alza-de-tarifas-1.jpeg\" \/>\n\t<meta property=\"og:image:width\" content=\"798\" \/>\n\t<meta property=\"og:image:height\" content=\"598\" \/>\n\t<meta property=\"og:image:type\" content=\"image\/jpeg\" \/>\n<meta name=\"author\" content=\"horacio\" \/>\n<meta name=\"twitter:card\" content=\"summary_large_image\" \/>\n<meta name=\"twitter:label1\" content=\"Written by\" \/>\n\t<meta name=\"twitter:data1\" content=\"horacio\" \/>\n\t<meta name=\"twitter:label2\" content=\"Est. reading time\" \/>\n\t<meta name=\"twitter:data2\" content=\"4 minutes\" \/>\n<script type=\"application\/ld+json\" class=\"yoast-schema-graph\">{\"@context\":\"https:\\\/\\\/schema.org\",\"@graph\":[{\"@type\":\"Article\",\"@id\":\"https:\\\/\\\/jpevlogistics.com\\\/en\\\/tarifas-de-largo-plazo-marcan-alza-mientras-que-el-mercado-spot-sigue-a-la-baja-por-cual-optar\\\/#article\",\"isPartOf\":{\"@id\":\"https:\\\/\\\/jpevlogistics.com\\\/en\\\/tarifas-de-largo-plazo-marcan-alza-mientras-que-el-mercado-spot-sigue-a-la-baja-por-cual-optar\\\/\"},\"author\":{\"name\":\"horacio\",\"@id\":\"https:\\\/\\\/jpevlogistics.com\\\/#\\\/schema\\\/person\\\/5cb83ed90e4ad10651470058bc190e62\"},\"headline\":\"Tarifas de largo plazo marcan alza, mientras que el mercado spot sigue a la baja: \u00bfpor cu\u00e1l optar?\",\"datePublished\":\"2024-08-02T13:52:44+00:00\",\"dateModified\":\"2024-08-02T13:52:46+00:00\",\"mainEntityOfPage\":{\"@id\":\"https:\\\/\\\/jpevlogistics.com\\\/en\\\/tarifas-de-largo-plazo-marcan-alza-mientras-que-el-mercado-spot-sigue-a-la-baja-por-cual-optar\\\/\"},\"wordCount\":897,\"commentCount\":0,\"publisher\":{\"@id\":\"https:\\\/\\\/jpevlogistics.com\\\/#organization\"},\"image\":{\"@id\":\"https:\\\/\\\/jpevlogistics.com\\\/en\\\/tarifas-de-largo-plazo-marcan-alza-mientras-que-el-mercado-spot-sigue-a-la-baja-por-cual-optar\\\/#primaryimage\"},\"thumbnailUrl\":\"https:\\\/\\\/jpevlogistics.com\\\/wp-content\\\/uploads\\\/2024\\\/08\\\/alza-de-tarifas-1.jpeg\",\"articleSection\":[\"Sin categor\u00eda\"],\"inLanguage\":\"en-US\",\"potentialAction\":[{\"@type\":\"CommentAction\",\"name\":\"Comment\",\"target\":[\"https:\\\/\\\/jpevlogistics.com\\\/en\\\/tarifas-de-largo-plazo-marcan-alza-mientras-que-el-mercado-spot-sigue-a-la-baja-por-cual-optar\\\/#respond\"]}]},{\"@type\":\"WebPage\",\"@id\":\"https:\\\/\\\/jpevlogistics.com\\\/en\\\/tarifas-de-largo-plazo-marcan-alza-mientras-que-el-mercado-spot-sigue-a-la-baja-por-cual-optar\\\/\",\"url\":\"https:\\\/\\\/jpevlogistics.com\\\/en\\\/tarifas-de-largo-plazo-marcan-alza-mientras-que-el-mercado-spot-sigue-a-la-baja-por-cual-optar\\\/\",\"name\":\"Tarifas de largo plazo marcan alza, mientras que el mercado spot sigue a la baja: \u00bfpor cu\u00e1l optar? - JPEV Logistics\",\"isPartOf\":{\"@id\":\"https:\\\/\\\/jpevlogistics.com\\\/#website\"},\"primaryImageOfPage\":{\"@id\":\"https:\\\/\\\/jpevlogistics.com\\\/en\\\/tarifas-de-largo-plazo-marcan-alza-mientras-que-el-mercado-spot-sigue-a-la-baja-por-cual-optar\\\/#primaryimage\"},\"image\":{\"@id\":\"https:\\\/\\\/jpevlogistics.com\\\/en\\\/tarifas-de-largo-plazo-marcan-alza-mientras-que-el-mercado-spot-sigue-a-la-baja-por-cual-optar\\\/#primaryimage\"},\"thumbnailUrl\":\"https:\\\/\\\/jpevlogistics.com\\\/wp-content\\\/uploads\\\/2024\\\/08\\\/alza-de-tarifas-1.jpeg\",\"datePublished\":\"2024-08-02T13:52:44+00:00\",\"dateModified\":\"2024-08-02T13:52:46+00:00\",\"breadcrumb\":{\"@id\":\"https:\\\/\\\/jpevlogistics.com\\\/en\\\/tarifas-de-largo-plazo-marcan-alza-mientras-que-el-mercado-spot-sigue-a-la-baja-por-cual-optar\\\/#breadcrumb\"},\"inLanguage\":\"en-US\",\"potentialAction\":[{\"@type\":\"ReadAction\",\"target\":[\"https:\\\/\\\/jpevlogistics.com\\\/en\\\/tarifas-de-largo-plazo-marcan-alza-mientras-que-el-mercado-spot-sigue-a-la-baja-por-cual-optar\\\/\"]}]},{\"@type\":\"ImageObject\",\"inLanguage\":\"en-US\",\"@id\":\"https:\\\/\\\/jpevlogistics.com\\\/en\\\/tarifas-de-largo-plazo-marcan-alza-mientras-que-el-mercado-spot-sigue-a-la-baja-por-cual-optar\\\/#primaryimage\",\"url\":\"https:\\\/\\\/jpevlogistics.com\\\/wp-content\\\/uploads\\\/2024\\\/08\\\/alza-de-tarifas-1.jpeg\",\"contentUrl\":\"https:\\\/\\\/jpevlogistics.com\\\/wp-content\\\/uploads\\\/2024\\\/08\\\/alza-de-tarifas-1.jpeg\",\"width\":798,\"height\":598},{\"@type\":\"BreadcrumbList\",\"@id\":\"https:\\\/\\\/jpevlogistics.com\\\/en\\\/tarifas-de-largo-plazo-marcan-alza-mientras-que-el-mercado-spot-sigue-a-la-baja-por-cual-optar\\\/#breadcrumb\",\"itemListElement\":[{\"@type\":\"ListItem\",\"position\":1,\"name\":\"Portada\",\"item\":\"https:\\\/\\\/jpevlogistics.com\\\/\"},{\"@type\":\"ListItem\",\"position\":2,\"name\":\"Tarifas de largo plazo marcan alza, mientras que el mercado spot sigue a la baja: \u00bfpor cu\u00e1l optar?\"}]},{\"@type\":\"WebSite\",\"@id\":\"https:\\\/\\\/jpevlogistics.com\\\/#website\",\"url\":\"https:\\\/\\\/jpevlogistics.com\\\/\",\"name\":\"JPEV Logistics\",\"description\":\"\",\"publisher\":{\"@id\":\"https:\\\/\\\/jpevlogistics.com\\\/#organization\"},\"potentialAction\":[{\"@type\":\"SearchAction\",\"target\":{\"@type\":\"EntryPoint\",\"urlTemplate\":\"https:\\\/\\\/jpevlogistics.com\\\/?s={search_term_string}\"},\"query-input\":{\"@type\":\"PropertyValueSpecification\",\"valueRequired\":true,\"valueName\":\"search_term_string\"}}],\"inLanguage\":\"en-US\"},{\"@type\":\"Organization\",\"@id\":\"https:\\\/\\\/jpevlogistics.com\\\/#organization\",\"name\":\"JPEV Logistics\",\"url\":\"https:\\\/\\\/jpevlogistics.com\\\/\",\"logo\":{\"@type\":\"ImageObject\",\"inLanguage\":\"en-US\",\"@id\":\"https:\\\/\\\/jpevlogistics.com\\\/#\\\/schema\\\/logo\\\/image\\\/\",\"url\":\"https:\\\/\\\/jpevlogistics.com\\\/wp-content\\\/uploads\\\/2020\\\/07\\\/logo.png\",\"contentUrl\":\"https:\\\/\\\/jpevlogistics.com\\\/wp-content\\\/uploads\\\/2020\\\/07\\\/logo.png\",\"width\":214,\"height\":81,\"caption\":\"JPEV Logistics\"},\"image\":{\"@id\":\"https:\\\/\\\/jpevlogistics.com\\\/#\\\/schema\\\/logo\\\/image\\\/\"},\"sameAs\":[\"https:\\\/\\\/www.instagram.com\\\/jpevlogistics\\\/\",\"https:\\\/\\\/www.linkedin.com\\\/company\\\/jpev-logistics\\\/\"]},{\"@type\":\"Person\",\"@id\":\"https:\\\/\\\/jpevlogistics.com\\\/#\\\/schema\\\/person\\\/5cb83ed90e4ad10651470058bc190e62\",\"name\":\"horacio\",\"image\":{\"@type\":\"ImageObject\",\"inLanguage\":\"en-US\",\"@id\":\"https:\\\/\\\/secure.gravatar.com\\\/avatar\\\/49ba85a39487c51406dba7224109c3b2296f15c3dd1931dd024e3f540b12ea7d?s=96&d=mm&r=g\",\"url\":\"https:\\\/\\\/secure.gravatar.com\\\/avatar\\\/49ba85a39487c51406dba7224109c3b2296f15c3dd1931dd024e3f540b12ea7d?s=96&d=mm&r=g\",\"contentUrl\":\"https:\\\/\\\/secure.gravatar.com\\\/avatar\\\/49ba85a39487c51406dba7224109c3b2296f15c3dd1931dd024e3f540b12ea7d?s=96&d=mm&r=g\",\"caption\":\"horacio\"},\"url\":\"https:\\\/\\\/jpevlogistics.com\\\/en\\\/author\\\/horacio\\\/\"}]}<\/script>\n<!-- \/ Yoast SEO plugin. -->","yoast_head_json":{"title":"Tarifas de largo plazo marcan alza, mientras que el mercado spot sigue a la baja: \u00bfpor cu\u00e1l optar? - JPEV Logistics","robots":{"index":"index","follow":"follow","max-snippet":"max-snippet:-1","max-image-preview":"max-image-preview:large","max-video-preview":"max-video-preview:-1"},"canonical":"https:\/\/jpevlogistics.com\/en\/tarifas-de-largo-plazo-marcan-alza-mientras-que-el-mercado-spot-sigue-a-la-baja-por-cual-optar\/","og_locale":"en_US","og_type":"article","og_title":"Tarifas de largo plazo marcan alza, mientras que el mercado spot sigue a la baja: \u00bfpor cu\u00e1l optar? - JPEV Logistics","og_description":"02\/08\/2024 &#8211; Propietarios de carga y l\u00edneas navieras aguardan desenlace para saber qui\u00e9n tendr\u00e1 mayor poder de negociaci\u00f3n Las tarifas mar\u00edtimas desde Asia se han mantenido casi al mismo nivel de la semana pasada, pero desde Asia a la Costa Oeste de EE. UU. (USWC) siguen siendo un 6% m\u00e1s bajas que a mediados de [&hellip;]","og_url":"https:\/\/jpevlogistics.com\/en\/tarifas-de-largo-plazo-marcan-alza-mientras-que-el-mercado-spot-sigue-a-la-baja-por-cual-optar\/","og_site_name":"JPEV Logistics","article_published_time":"2024-08-02T13:52:44+00:00","article_modified_time":"2024-08-02T13:52:46+00:00","og_image":[{"width":798,"height":598,"url":"https:\/\/jpevlogistics.com\/wp-content\/uploads\/2024\/08\/alza-de-tarifas-1.jpeg","type":"image\/jpeg"}],"author":"horacio","twitter_card":"summary_large_image","twitter_misc":{"Written by":"horacio","Est. reading time":"4 minutes"},"schema":{"@context":"https:\/\/schema.org","@graph":[{"@type":"Article","@id":"https:\/\/jpevlogistics.com\/en\/tarifas-de-largo-plazo-marcan-alza-mientras-que-el-mercado-spot-sigue-a-la-baja-por-cual-optar\/#article","isPartOf":{"@id":"https:\/\/jpevlogistics.com\/en\/tarifas-de-largo-plazo-marcan-alza-mientras-que-el-mercado-spot-sigue-a-la-baja-por-cual-optar\/"},"author":{"name":"horacio","@id":"https:\/\/jpevlogistics.com\/#\/schema\/person\/5cb83ed90e4ad10651470058bc190e62"},"headline":"Tarifas de largo plazo marcan alza, mientras que el mercado spot sigue a la baja: \u00bfpor cu\u00e1l optar?","datePublished":"2024-08-02T13:52:44+00:00","dateModified":"2024-08-02T13:52:46+00:00","mainEntityOfPage":{"@id":"https:\/\/jpevlogistics.com\/en\/tarifas-de-largo-plazo-marcan-alza-mientras-que-el-mercado-spot-sigue-a-la-baja-por-cual-optar\/"},"wordCount":897,"commentCount":0,"publisher":{"@id":"https:\/\/jpevlogistics.com\/#organization"},"image":{"@id":"https:\/\/jpevlogistics.com\/en\/tarifas-de-largo-plazo-marcan-alza-mientras-que-el-mercado-spot-sigue-a-la-baja-por-cual-optar\/#primaryimage"},"thumbnailUrl":"https:\/\/jpevlogistics.com\/wp-content\/uploads\/2024\/08\/alza-de-tarifas-1.jpeg","articleSection":["Sin categor\u00eda"],"inLanguage":"en-US","potentialAction":[{"@type":"CommentAction","name":"Comment","target":["https:\/\/jpevlogistics.com\/en\/tarifas-de-largo-plazo-marcan-alza-mientras-que-el-mercado-spot-sigue-a-la-baja-por-cual-optar\/#respond"]}]},{"@type":"WebPage","@id":"https:\/\/jpevlogistics.com\/en\/tarifas-de-largo-plazo-marcan-alza-mientras-que-el-mercado-spot-sigue-a-la-baja-por-cual-optar\/","url":"https:\/\/jpevlogistics.com\/en\/tarifas-de-largo-plazo-marcan-alza-mientras-que-el-mercado-spot-sigue-a-la-baja-por-cual-optar\/","name":"Tarifas de largo plazo marcan alza, mientras que el mercado spot sigue a la baja: \u00bfpor cu\u00e1l optar? - JPEV Logistics","isPartOf":{"@id":"https:\/\/jpevlogistics.com\/#website"},"primaryImageOfPage":{"@id":"https:\/\/jpevlogistics.com\/en\/tarifas-de-largo-plazo-marcan-alza-mientras-que-el-mercado-spot-sigue-a-la-baja-por-cual-optar\/#primaryimage"},"image":{"@id":"https:\/\/jpevlogistics.com\/en\/tarifas-de-largo-plazo-marcan-alza-mientras-que-el-mercado-spot-sigue-a-la-baja-por-cual-optar\/#primaryimage"},"thumbnailUrl":"https:\/\/jpevlogistics.com\/wp-content\/uploads\/2024\/08\/alza-de-tarifas-1.jpeg","datePublished":"2024-08-02T13:52:44+00:00","dateModified":"2024-08-02T13:52:46+00:00","breadcrumb":{"@id":"https:\/\/jpevlogistics.com\/en\/tarifas-de-largo-plazo-marcan-alza-mientras-que-el-mercado-spot-sigue-a-la-baja-por-cual-optar\/#breadcrumb"},"inLanguage":"en-US","potentialAction":[{"@type":"ReadAction","target":["https:\/\/jpevlogistics.com\/en\/tarifas-de-largo-plazo-marcan-alza-mientras-que-el-mercado-spot-sigue-a-la-baja-por-cual-optar\/"]}]},{"@type":"ImageObject","inLanguage":"en-US","@id":"https:\/\/jpevlogistics.com\/en\/tarifas-de-largo-plazo-marcan-alza-mientras-que-el-mercado-spot-sigue-a-la-baja-por-cual-optar\/#primaryimage","url":"https:\/\/jpevlogistics.com\/wp-content\/uploads\/2024\/08\/alza-de-tarifas-1.jpeg","contentUrl":"https:\/\/jpevlogistics.com\/wp-content\/uploads\/2024\/08\/alza-de-tarifas-1.jpeg","width":798,"height":598},{"@type":"BreadcrumbList","@id":"https:\/\/jpevlogistics.com\/en\/tarifas-de-largo-plazo-marcan-alza-mientras-que-el-mercado-spot-sigue-a-la-baja-por-cual-optar\/#breadcrumb","itemListElement":[{"@type":"ListItem","position":1,"name":"Portada","item":"https:\/\/jpevlogistics.com\/"},{"@type":"ListItem","position":2,"name":"Tarifas de largo plazo marcan alza, mientras que el mercado spot sigue a la baja: \u00bfpor cu\u00e1l optar?"}]},{"@type":"WebSite","@id":"https:\/\/jpevlogistics.com\/#website","url":"https:\/\/jpevlogistics.com\/","name":"JPEV Logistics","description":"","publisher":{"@id":"https:\/\/jpevlogistics.com\/#organization"},"potentialAction":[{"@type":"SearchAction","target":{"@type":"EntryPoint","urlTemplate":"https:\/\/jpevlogistics.com\/?s={search_term_string}"},"query-input":{"@type":"PropertyValueSpecification","valueRequired":true,"valueName":"search_term_string"}}],"inLanguage":"en-US"},{"@type":"Organization","@id":"https:\/\/jpevlogistics.com\/#organization","name":"JPEV Logistics","url":"https:\/\/jpevlogistics.com\/","logo":{"@type":"ImageObject","inLanguage":"en-US","@id":"https:\/\/jpevlogistics.com\/#\/schema\/logo\/image\/","url":"https:\/\/jpevlogistics.com\/wp-content\/uploads\/2020\/07\/logo.png","contentUrl":"https:\/\/jpevlogistics.com\/wp-content\/uploads\/2020\/07\/logo.png","width":214,"height":81,"caption":"JPEV Logistics"},"image":{"@id":"https:\/\/jpevlogistics.com\/#\/schema\/logo\/image\/"},"sameAs":["https:\/\/www.instagram.com\/jpevlogistics\/","https:\/\/www.linkedin.com\/company\/jpev-logistics\/"]},{"@type":"Person","@id":"https:\/\/jpevlogistics.com\/#\/schema\/person\/5cb83ed90e4ad10651470058bc190e62","name":"horacio","image":{"@type":"ImageObject","inLanguage":"en-US","@id":"https:\/\/secure.gravatar.com\/avatar\/49ba85a39487c51406dba7224109c3b2296f15c3dd1931dd024e3f540b12ea7d?s=96&d=mm&r=g","url":"https:\/\/secure.gravatar.com\/avatar\/49ba85a39487c51406dba7224109c3b2296f15c3dd1931dd024e3f540b12ea7d?s=96&d=mm&r=g","contentUrl":"https:\/\/secure.gravatar.com\/avatar\/49ba85a39487c51406dba7224109c3b2296f15c3dd1931dd024e3f540b12ea7d?s=96&d=mm&r=g","caption":"horacio"},"url":"https:\/\/jpevlogistics.com\/en\/author\/horacio\/"}]}},"_links":{"self":[{"href":"https:\/\/jpevlogistics.com\/en\/wp-json\/wp\/v2\/posts\/3649","targetHints":{"allow":["GET"]}}],"collection":[{"href":"https:\/\/jpevlogistics.com\/en\/wp-json\/wp\/v2\/posts"}],"about":[{"href":"https:\/\/jpevlogistics.com\/en\/wp-json\/wp\/v2\/types\/post"}],"author":[{"embeddable":true,"href":"https:\/\/jpevlogistics.com\/en\/wp-json\/wp\/v2\/users\/4"}],"replies":[{"embeddable":true,"href":"https:\/\/jpevlogistics.com\/en\/wp-json\/wp\/v2\/comments?post=3649"}],"version-history":[{"count":1,"href":"https:\/\/jpevlogistics.com\/en\/wp-json\/wp\/v2\/posts\/3649\/revisions"}],"predecessor-version":[{"id":3651,"href":"https:\/\/jpevlogistics.com\/en\/wp-json\/wp\/v2\/posts\/3649\/revisions\/3651"}],"wp:featuredmedia":[{"embeddable":true,"href":"https:\/\/jpevlogistics.com\/en\/wp-json\/wp\/v2\/media\/3650"}],"wp:attachment":[{"href":"https:\/\/jpevlogistics.com\/en\/wp-json\/wp\/v2\/media?parent=3649"}],"wp:term":[{"taxonomy":"category","embeddable":true,"href":"https:\/\/jpevlogistics.com\/en\/wp-json\/wp\/v2\/categories?post=3649"},{"taxonomy":"post_tag","embeddable":true,"href":"https:\/\/jpevlogistics.com\/en\/wp-json\/wp\/v2\/tags?post=3649"}],"curies":[{"name":"wp","href":"https:\/\/api.w.org\/{rel}","templated":true}]}}