{"id":3769,"date":"2024-08-26T21:34:14","date_gmt":"2024-08-26T21:34:14","guid":{"rendered":"https:\/\/jpevlogistics.com\/?p=3769"},"modified":"2024-08-26T21:34:26","modified_gmt":"2024-08-26T21:34:26","slug":"repunte-de-incendios-en-portacontenedores-despierta-preocupacion-en-la-industria-maritima","status":"publish","type":"post","link":"https:\/\/jpevlogistics.com\/en\/repunte-de-incendios-en-portacontenedores-despierta-preocupacion-en-la-industria-maritima\/","title":{"rendered":"Repunte de incendios en portacontenedores despierta preocupaci\u00f3n en la industria mar\u00edtima"},"content":{"rendered":"<p>26\/08\/2024 &#8211; Situaci\u00f3n pone en relieve la necesidad de una mayor atenci\u00f3n en la seguridad y manejo de carga<\/p>\n\n\n\n<p>En los \u00faltimos meses, se ha registrado un aumento preocupante en los incendios de portacontenedores a bordo, seg\u00fan reportes de&nbsp;<em>Gard<\/em>. Y es que, tras un periodo relativamente tranquilo a principios de 2024, varios incidentes graves encienden las alarmas en la industria, incluyendo un siniestro de gran magnitud que result\u00f3 en la tr\u00e1gica p\u00e9rdida de vidas humanas. Por si fuera poco, la congesti\u00f3n en los puertos asi\u00e1ticos y el creciente tr\u00e1fico de grandes buques en \u00c1frica han sido se\u00f1alados como factores de riesgo adicionales.<\/p>\n\n\n\n<figure class=\"wp-block-image size-full\"><img fetchpriority=\"high\" decoding=\"async\" width=\"798\" height=\"598\" src=\"https:\/\/jpevlogistics.com\/wp-content\/uploads\/2024\/08\/Fuego-en-contenedores-.jpeg\" alt=\"\" class=\"wp-image-3770\" srcset=\"https:\/\/jpevlogistics.com\/wp-content\/uploads\/2024\/08\/Fuego-en-contenedores-.jpeg 798w, https:\/\/jpevlogistics.com\/wp-content\/uploads\/2024\/08\/Fuego-en-contenedores--300x225.jpeg 300w, https:\/\/jpevlogistics.com\/wp-content\/uploads\/2024\/08\/Fuego-en-contenedores--768x576.jpeg 768w, https:\/\/jpevlogistics.com\/wp-content\/uploads\/2024\/08\/Fuego-en-contenedores--16x12.jpeg 16w\" sizes=\"(max-width: 798px) 100vw, 798px\" \/><\/figure>\n\n\n\n<p>Claro, el problema de los incendios relacionados con la carga en portacontenedores no es nuevo, pero las cifras recientes subrayan la peligrosidad actual. De acuerdo con el Sistema de Notificaci\u00f3n de Incidentes de Carga (CINS), en 2023 se produjo un incendio en un portacontenedor cada nueve d\u00edas, lo que representa un aumento en comparaci\u00f3n con 2020, cuando la media era de uno cada dos semanas. Y si bien los primeros meses de 2024 mostraron una reducci\u00f3n en la frecuencia de estos incidentes, con una ausencia notable de incendios a gran escala hasta mayo, la tendencia repunt\u00f3 con situaciones como las del &#8220;Northern Juvenile&#8221;, &#8220;<a href=\"https:\/\/www.mundomaritimo.cl\/noticias\/se-declara-incendio-en-el-portacontenedores-maersk-frankfurt-frente-a-las-costas-de-goa-india\">Maersk Frankfurt<\/a>&#8220;, y &#8220;<a href=\"https:\/\/mundomaritimo.cl\/noticias\/portacontenedores-ym-mobility-sufre-violenta-explosion-a-bordo-en-el-puerto-de-ningbo-china\">YM Mobility<\/a>&#8220;.<\/p>\n\n\n\n<p><strong>Riesgos y desaf\u00edos&nbsp;<\/strong><\/p>\n\n\n\n<p>Varios factores contribuyen a la alta frecuencia y gravedad de incendios en los portacontenedores. Entre ellos, la ubicaci\u00f3n de los contenedores a bordo, la proximidad a otras cargas y la diferencia entre que el incendio ocurra en puerto o en alta mar. Adem\u00e1s, la congesti\u00f3n en los puertos, especialmente en Asia, complica las operaciones de rescate y aumenta las p\u00e9rdidas y el impacto ambiental. El aumento del tr\u00e1fico mar\u00edtimo alrededor del Cabo de Buena Esperanza, provocado por desv\u00edos de rutas debido a la inseguridad en el Mar Rojo, tambi\u00e9n presenta nuevos retos, ya que muchos puertos en \u00c1frica carecen de la infraestructura necesaria para acoger a los portacontenedores m\u00e1s grandes.<\/p>\n\n\n\n<p>El transporte de bienes peligrosos sigue siendo un desaf\u00edo central. A pesar de las medidas adoptadas para prevenir declaraciones err\u00f3neas, algunas cargas inseguras contin\u00faan infiltr\u00e1ndose en la cadena log\u00edstica. Las bater\u00edas de iones de litio, el carb\u00f3n vegetal, y ciertos productos qu\u00edmicos se destacan como las principales fuentes de incendios en contenedores. El aumento en el transporte de veh\u00edculos el\u00e9ctricos y sus bater\u00edas usadas tambi\u00e9n ponen en la palestra nuevas preocupaciones.<\/p>\n\n\n\n<p>En respuesta, tanto la Organizaci\u00f3n Mar\u00edtima Internacional (OMI) como otras entidades como la AESM y proyectos como Cargosafe y Overheat, est\u00e1n trabajando en mejorar las normas de detecci\u00f3n y control de incendios en los grandes portacontenedores. Se prev\u00e9 que nuevas regulaciones entren en vigor en los pr\u00f3ximos a\u00f1os, mientras que las navieras contin\u00faan adoptando tecnolog\u00edas avanzadas para combatir la situaci\u00f3n actual.<\/p>\n\n\n\n<p><strong>No es momento de relajarse&nbsp;<\/strong><\/p>\n\n\n\n<p><em>Gard<\/em>&nbsp;insiste en que, con aproximadamente 250 millones de contenedores movilizados cada a\u00f1o, la mayor\u00eda de las operaciones transcurren sin incidentes. Sin embargo, incluso un peque\u00f1o incendio puede escalar r\u00e1pidamente, convirti\u00e9ndose en una crisis de grandes proporciones, por lo que la industria debe tomarse seriamente el desaf\u00edo de mejorar la seguridad y reducir la frecuencia de estos peligrosos incidentes.<\/p>\n\n\n\n<p><strong>jpevlogistics.com<\/strong><\/p>","protected":false},"excerpt":{"rendered":"<p>26\/08\/2024 &#8211; Situaci\u00f3n pone en relieve la necesidad de una mayor atenci\u00f3n en la seguridad y manejo de carga En los \u00faltimos meses, se ha registrado un aumento preocupante en los incendios de portacontenedores a bordo, seg\u00fan reportes de&nbsp;Gard. Y es que, tras un periodo relativamente tranquilo a principios de 2024, varios incidentes graves encienden [&hellip;]<\/p>\n","protected":false},"author":4,"featured_media":3770,"comment_status":"open","ping_status":"open","sticky":false,"template":"","format":"standard","meta":{"footnotes":""},"categories":[1],"tags":[],"class_list":["post-3769","post","type-post","status-publish","format-standard","has-post-thumbnail","hentry","category-sin-categoria"],"yoast_head":"<!-- This site is optimized with the Yoast SEO plugin v27.4 - https:\/\/yoast.com\/product\/yoast-seo-wordpress\/ -->\n<title>Repunte de incendios en portacontenedores despierta preocupaci\u00f3n en la industria mar\u00edtima - JPEV Logistics<\/title>\n<meta name=\"robots\" content=\"index, follow, max-snippet:-1, max-image-preview:large, max-video-preview:-1\" \/>\n<link rel=\"canonical\" href=\"https:\/\/jpevlogistics.com\/en\/repunte-de-incendios-en-portacontenedores-despierta-preocupacion-en-la-industria-maritima\/\" \/>\n<meta property=\"og:locale\" content=\"en_US\" \/>\n<meta property=\"og:type\" content=\"article\" \/>\n<meta property=\"og:title\" content=\"Repunte de incendios en portacontenedores despierta preocupaci\u00f3n en la industria mar\u00edtima - JPEV Logistics\" \/>\n<meta property=\"og:description\" content=\"26\/08\/2024 &#8211; Situaci\u00f3n pone en relieve la necesidad de una mayor atenci\u00f3n en la seguridad y manejo de carga En los \u00faltimos meses, se ha registrado un aumento preocupante en los incendios de portacontenedores a bordo, seg\u00fan reportes de&nbsp;Gard. Y es que, tras un periodo relativamente tranquilo a principios de 2024, varios incidentes graves encienden [&hellip;]\" \/>\n<meta property=\"og:url\" content=\"https:\/\/jpevlogistics.com\/en\/repunte-de-incendios-en-portacontenedores-despierta-preocupacion-en-la-industria-maritima\/\" \/>\n<meta property=\"og:site_name\" content=\"JPEV Logistics\" \/>\n<meta property=\"article:published_time\" content=\"2024-08-26T21:34:14+00:00\" \/>\n<meta property=\"article:modified_time\" content=\"2024-08-26T21:34:26+00:00\" \/>\n<meta property=\"og:image\" content=\"https:\/\/jpevlogistics.com\/wp-content\/uploads\/2024\/08\/Fuego-en-contenedores-.jpeg\" \/>\n\t<meta property=\"og:image:width\" content=\"798\" \/>\n\t<meta property=\"og:image:height\" content=\"598\" \/>\n\t<meta property=\"og:image:type\" content=\"image\/jpeg\" \/>\n<meta name=\"author\" content=\"horacio\" \/>\n<meta name=\"twitter:card\" content=\"summary_large_image\" \/>\n<meta name=\"twitter:label1\" content=\"Written by\" \/>\n\t<meta name=\"twitter:data1\" content=\"horacio\" \/>\n\t<meta name=\"twitter:label2\" content=\"Est. reading time\" \/>\n\t<meta name=\"twitter:data2\" content=\"3 minutes\" \/>\n<script type=\"application\/ld+json\" class=\"yoast-schema-graph\">{\"@context\":\"https:\\\/\\\/schema.org\",\"@graph\":[{\"@type\":\"Article\",\"@id\":\"https:\\\/\\\/jpevlogistics.com\\\/en\\\/repunte-de-incendios-en-portacontenedores-despierta-preocupacion-en-la-industria-maritima\\\/#article\",\"isPartOf\":{\"@id\":\"https:\\\/\\\/jpevlogistics.com\\\/en\\\/repunte-de-incendios-en-portacontenedores-despierta-preocupacion-en-la-industria-maritima\\\/\"},\"author\":{\"name\":\"horacio\",\"@id\":\"https:\\\/\\\/jpevlogistics.com\\\/#\\\/schema\\\/person\\\/5cb83ed90e4ad10651470058bc190e62\"},\"headline\":\"Repunte de incendios en portacontenedores despierta preocupaci\u00f3n en la industria mar\u00edtima\",\"datePublished\":\"2024-08-26T21:34:14+00:00\",\"dateModified\":\"2024-08-26T21:34:26+00:00\",\"mainEntityOfPage\":{\"@id\":\"https:\\\/\\\/jpevlogistics.com\\\/en\\\/repunte-de-incendios-en-portacontenedores-despierta-preocupacion-en-la-industria-maritima\\\/\"},\"wordCount\":583,\"commentCount\":0,\"publisher\":{\"@id\":\"https:\\\/\\\/jpevlogistics.com\\\/#organization\"},\"image\":{\"@id\":\"https:\\\/\\\/jpevlogistics.com\\\/en\\\/repunte-de-incendios-en-portacontenedores-despierta-preocupacion-en-la-industria-maritima\\\/#primaryimage\"},\"thumbnailUrl\":\"https:\\\/\\\/jpevlogistics.com\\\/wp-content\\\/uploads\\\/2024\\\/08\\\/Fuego-en-contenedores-.jpeg\",\"articleSection\":[\"Sin categor\u00eda\"],\"inLanguage\":\"en-US\",\"potentialAction\":[{\"@type\":\"CommentAction\",\"name\":\"Comment\",\"target\":[\"https:\\\/\\\/jpevlogistics.com\\\/en\\\/repunte-de-incendios-en-portacontenedores-despierta-preocupacion-en-la-industria-maritima\\\/#respond\"]}]},{\"@type\":\"WebPage\",\"@id\":\"https:\\\/\\\/jpevlogistics.com\\\/en\\\/repunte-de-incendios-en-portacontenedores-despierta-preocupacion-en-la-industria-maritima\\\/\",\"url\":\"https:\\\/\\\/jpevlogistics.com\\\/en\\\/repunte-de-incendios-en-portacontenedores-despierta-preocupacion-en-la-industria-maritima\\\/\",\"name\":\"Repunte de incendios en portacontenedores despierta preocupaci\u00f3n en la industria mar\u00edtima - JPEV Logistics\",\"isPartOf\":{\"@id\":\"https:\\\/\\\/jpevlogistics.com\\\/#website\"},\"primaryImageOfPage\":{\"@id\":\"https:\\\/\\\/jpevlogistics.com\\\/en\\\/repunte-de-incendios-en-portacontenedores-despierta-preocupacion-en-la-industria-maritima\\\/#primaryimage\"},\"image\":{\"@id\":\"https:\\\/\\\/jpevlogistics.com\\\/en\\\/repunte-de-incendios-en-portacontenedores-despierta-preocupacion-en-la-industria-maritima\\\/#primaryimage\"},\"thumbnailUrl\":\"https:\\\/\\\/jpevlogistics.com\\\/wp-content\\\/uploads\\\/2024\\\/08\\\/Fuego-en-contenedores-.jpeg\",\"datePublished\":\"2024-08-26T21:34:14+00:00\",\"dateModified\":\"2024-08-26T21:34:26+00:00\",\"breadcrumb\":{\"@id\":\"https:\\\/\\\/jpevlogistics.com\\\/en\\\/repunte-de-incendios-en-portacontenedores-despierta-preocupacion-en-la-industria-maritima\\\/#breadcrumb\"},\"inLanguage\":\"en-US\",\"potentialAction\":[{\"@type\":\"ReadAction\",\"target\":[\"https:\\\/\\\/jpevlogistics.com\\\/en\\\/repunte-de-incendios-en-portacontenedores-despierta-preocupacion-en-la-industria-maritima\\\/\"]}]},{\"@type\":\"ImageObject\",\"inLanguage\":\"en-US\",\"@id\":\"https:\\\/\\\/jpevlogistics.com\\\/en\\\/repunte-de-incendios-en-portacontenedores-despierta-preocupacion-en-la-industria-maritima\\\/#primaryimage\",\"url\":\"https:\\\/\\\/jpevlogistics.com\\\/wp-content\\\/uploads\\\/2024\\\/08\\\/Fuego-en-contenedores-.jpeg\",\"contentUrl\":\"https:\\\/\\\/jpevlogistics.com\\\/wp-content\\\/uploads\\\/2024\\\/08\\\/Fuego-en-contenedores-.jpeg\",\"width\":798,\"height\":598},{\"@type\":\"BreadcrumbList\",\"@id\":\"https:\\\/\\\/jpevlogistics.com\\\/en\\\/repunte-de-incendios-en-portacontenedores-despierta-preocupacion-en-la-industria-maritima\\\/#breadcrumb\",\"itemListElement\":[{\"@type\":\"ListItem\",\"position\":1,\"name\":\"Portada\",\"item\":\"https:\\\/\\\/jpevlogistics.com\\\/\"},{\"@type\":\"ListItem\",\"position\":2,\"name\":\"Repunte de incendios en portacontenedores despierta preocupaci\u00f3n en la industria mar\u00edtima\"}]},{\"@type\":\"WebSite\",\"@id\":\"https:\\\/\\\/jpevlogistics.com\\\/#website\",\"url\":\"https:\\\/\\\/jpevlogistics.com\\\/\",\"name\":\"JPEV Logistics\",\"description\":\"\",\"publisher\":{\"@id\":\"https:\\\/\\\/jpevlogistics.com\\\/#organization\"},\"potentialAction\":[{\"@type\":\"SearchAction\",\"target\":{\"@type\":\"EntryPoint\",\"urlTemplate\":\"https:\\\/\\\/jpevlogistics.com\\\/?s={search_term_string}\"},\"query-input\":{\"@type\":\"PropertyValueSpecification\",\"valueRequired\":true,\"valueName\":\"search_term_string\"}}],\"inLanguage\":\"en-US\"},{\"@type\":\"Organization\",\"@id\":\"https:\\\/\\\/jpevlogistics.com\\\/#organization\",\"name\":\"JPEV Logistics\",\"url\":\"https:\\\/\\\/jpevlogistics.com\\\/\",\"logo\":{\"@type\":\"ImageObject\",\"inLanguage\":\"en-US\",\"@id\":\"https:\\\/\\\/jpevlogistics.com\\\/#\\\/schema\\\/logo\\\/image\\\/\",\"url\":\"https:\\\/\\\/jpevlogistics.com\\\/wp-content\\\/uploads\\\/2020\\\/07\\\/logo.png\",\"contentUrl\":\"https:\\\/\\\/jpevlogistics.com\\\/wp-content\\\/uploads\\\/2020\\\/07\\\/logo.png\",\"width\":214,\"height\":81,\"caption\":\"JPEV Logistics\"},\"image\":{\"@id\":\"https:\\\/\\\/jpevlogistics.com\\\/#\\\/schema\\\/logo\\\/image\\\/\"},\"sameAs\":[\"https:\\\/\\\/www.instagram.com\\\/jpevlogistics\\\/\",\"https:\\\/\\\/www.linkedin.com\\\/company\\\/jpev-logistics\\\/\"]},{\"@type\":\"Person\",\"@id\":\"https:\\\/\\\/jpevlogistics.com\\\/#\\\/schema\\\/person\\\/5cb83ed90e4ad10651470058bc190e62\",\"name\":\"horacio\",\"image\":{\"@type\":\"ImageObject\",\"inLanguage\":\"en-US\",\"@id\":\"https:\\\/\\\/secure.gravatar.com\\\/avatar\\\/49ba85a39487c51406dba7224109c3b2296f15c3dd1931dd024e3f540b12ea7d?s=96&d=mm&r=g\",\"url\":\"https:\\\/\\\/secure.gravatar.com\\\/avatar\\\/49ba85a39487c51406dba7224109c3b2296f15c3dd1931dd024e3f540b12ea7d?s=96&d=mm&r=g\",\"contentUrl\":\"https:\\\/\\\/secure.gravatar.com\\\/avatar\\\/49ba85a39487c51406dba7224109c3b2296f15c3dd1931dd024e3f540b12ea7d?s=96&d=mm&r=g\",\"caption\":\"horacio\"},\"url\":\"https:\\\/\\\/jpevlogistics.com\\\/en\\\/author\\\/horacio\\\/\"}]}<\/script>\n<!-- \/ Yoast SEO plugin. -->","yoast_head_json":{"title":"Repunte de incendios en portacontenedores despierta preocupaci\u00f3n en la industria mar\u00edtima - JPEV Logistics","robots":{"index":"index","follow":"follow","max-snippet":"max-snippet:-1","max-image-preview":"max-image-preview:large","max-video-preview":"max-video-preview:-1"},"canonical":"https:\/\/jpevlogistics.com\/en\/repunte-de-incendios-en-portacontenedores-despierta-preocupacion-en-la-industria-maritima\/","og_locale":"en_US","og_type":"article","og_title":"Repunte de incendios en portacontenedores despierta preocupaci\u00f3n en la industria mar\u00edtima - JPEV Logistics","og_description":"26\/08\/2024 &#8211; Situaci\u00f3n pone en relieve la necesidad de una mayor atenci\u00f3n en la seguridad y manejo de carga En los \u00faltimos meses, se ha registrado un aumento preocupante en los incendios de portacontenedores a bordo, seg\u00fan reportes de&nbsp;Gard. Y es que, tras un periodo relativamente tranquilo a principios de 2024, varios incidentes graves encienden [&hellip;]","og_url":"https:\/\/jpevlogistics.com\/en\/repunte-de-incendios-en-portacontenedores-despierta-preocupacion-en-la-industria-maritima\/","og_site_name":"JPEV Logistics","article_published_time":"2024-08-26T21:34:14+00:00","article_modified_time":"2024-08-26T21:34:26+00:00","og_image":[{"width":798,"height":598,"url":"https:\/\/jpevlogistics.com\/wp-content\/uploads\/2024\/08\/Fuego-en-contenedores-.jpeg","type":"image\/jpeg"}],"author":"horacio","twitter_card":"summary_large_image","twitter_misc":{"Written by":"horacio","Est. reading time":"3 minutes"},"schema":{"@context":"https:\/\/schema.org","@graph":[{"@type":"Article","@id":"https:\/\/jpevlogistics.com\/en\/repunte-de-incendios-en-portacontenedores-despierta-preocupacion-en-la-industria-maritima\/#article","isPartOf":{"@id":"https:\/\/jpevlogistics.com\/en\/repunte-de-incendios-en-portacontenedores-despierta-preocupacion-en-la-industria-maritima\/"},"author":{"name":"horacio","@id":"https:\/\/jpevlogistics.com\/#\/schema\/person\/5cb83ed90e4ad10651470058bc190e62"},"headline":"Repunte de incendios en portacontenedores despierta preocupaci\u00f3n en la industria mar\u00edtima","datePublished":"2024-08-26T21:34:14+00:00","dateModified":"2024-08-26T21:34:26+00:00","mainEntityOfPage":{"@id":"https:\/\/jpevlogistics.com\/en\/repunte-de-incendios-en-portacontenedores-despierta-preocupacion-en-la-industria-maritima\/"},"wordCount":583,"commentCount":0,"publisher":{"@id":"https:\/\/jpevlogistics.com\/#organization"},"image":{"@id":"https:\/\/jpevlogistics.com\/en\/repunte-de-incendios-en-portacontenedores-despierta-preocupacion-en-la-industria-maritima\/#primaryimage"},"thumbnailUrl":"https:\/\/jpevlogistics.com\/wp-content\/uploads\/2024\/08\/Fuego-en-contenedores-.jpeg","articleSection":["Sin categor\u00eda"],"inLanguage":"en-US","potentialAction":[{"@type":"CommentAction","name":"Comment","target":["https:\/\/jpevlogistics.com\/en\/repunte-de-incendios-en-portacontenedores-despierta-preocupacion-en-la-industria-maritima\/#respond"]}]},{"@type":"WebPage","@id":"https:\/\/jpevlogistics.com\/en\/repunte-de-incendios-en-portacontenedores-despierta-preocupacion-en-la-industria-maritima\/","url":"https:\/\/jpevlogistics.com\/en\/repunte-de-incendios-en-portacontenedores-despierta-preocupacion-en-la-industria-maritima\/","name":"Repunte de incendios en portacontenedores despierta preocupaci\u00f3n en la industria mar\u00edtima - JPEV Logistics","isPartOf":{"@id":"https:\/\/jpevlogistics.com\/#website"},"primaryImageOfPage":{"@id":"https:\/\/jpevlogistics.com\/en\/repunte-de-incendios-en-portacontenedores-despierta-preocupacion-en-la-industria-maritima\/#primaryimage"},"image":{"@id":"https:\/\/jpevlogistics.com\/en\/repunte-de-incendios-en-portacontenedores-despierta-preocupacion-en-la-industria-maritima\/#primaryimage"},"thumbnailUrl":"https:\/\/jpevlogistics.com\/wp-content\/uploads\/2024\/08\/Fuego-en-contenedores-.jpeg","datePublished":"2024-08-26T21:34:14+00:00","dateModified":"2024-08-26T21:34:26+00:00","breadcrumb":{"@id":"https:\/\/jpevlogistics.com\/en\/repunte-de-incendios-en-portacontenedores-despierta-preocupacion-en-la-industria-maritima\/#breadcrumb"},"inLanguage":"en-US","potentialAction":[{"@type":"ReadAction","target":["https:\/\/jpevlogistics.com\/en\/repunte-de-incendios-en-portacontenedores-despierta-preocupacion-en-la-industria-maritima\/"]}]},{"@type":"ImageObject","inLanguage":"en-US","@id":"https:\/\/jpevlogistics.com\/en\/repunte-de-incendios-en-portacontenedores-despierta-preocupacion-en-la-industria-maritima\/#primaryimage","url":"https:\/\/jpevlogistics.com\/wp-content\/uploads\/2024\/08\/Fuego-en-contenedores-.jpeg","contentUrl":"https:\/\/jpevlogistics.com\/wp-content\/uploads\/2024\/08\/Fuego-en-contenedores-.jpeg","width":798,"height":598},{"@type":"BreadcrumbList","@id":"https:\/\/jpevlogistics.com\/en\/repunte-de-incendios-en-portacontenedores-despierta-preocupacion-en-la-industria-maritima\/#breadcrumb","itemListElement":[{"@type":"ListItem","position":1,"name":"Portada","item":"https:\/\/jpevlogistics.com\/"},{"@type":"ListItem","position":2,"name":"Repunte de incendios en portacontenedores despierta preocupaci\u00f3n en la industria mar\u00edtima"}]},{"@type":"WebSite","@id":"https:\/\/jpevlogistics.com\/#website","url":"https:\/\/jpevlogistics.com\/","name":"JPEV Logistics","description":"","publisher":{"@id":"https:\/\/jpevlogistics.com\/#organization"},"potentialAction":[{"@type":"SearchAction","target":{"@type":"EntryPoint","urlTemplate":"https:\/\/jpevlogistics.com\/?s={search_term_string}"},"query-input":{"@type":"PropertyValueSpecification","valueRequired":true,"valueName":"search_term_string"}}],"inLanguage":"en-US"},{"@type":"Organization","@id":"https:\/\/jpevlogistics.com\/#organization","name":"JPEV Logistics","url":"https:\/\/jpevlogistics.com\/","logo":{"@type":"ImageObject","inLanguage":"en-US","@id":"https:\/\/jpevlogistics.com\/#\/schema\/logo\/image\/","url":"https:\/\/jpevlogistics.com\/wp-content\/uploads\/2020\/07\/logo.png","contentUrl":"https:\/\/jpevlogistics.com\/wp-content\/uploads\/2020\/07\/logo.png","width":214,"height":81,"caption":"JPEV Logistics"},"image":{"@id":"https:\/\/jpevlogistics.com\/#\/schema\/logo\/image\/"},"sameAs":["https:\/\/www.instagram.com\/jpevlogistics\/","https:\/\/www.linkedin.com\/company\/jpev-logistics\/"]},{"@type":"Person","@id":"https:\/\/jpevlogistics.com\/#\/schema\/person\/5cb83ed90e4ad10651470058bc190e62","name":"horacio","image":{"@type":"ImageObject","inLanguage":"en-US","@id":"https:\/\/secure.gravatar.com\/avatar\/49ba85a39487c51406dba7224109c3b2296f15c3dd1931dd024e3f540b12ea7d?s=96&d=mm&r=g","url":"https:\/\/secure.gravatar.com\/avatar\/49ba85a39487c51406dba7224109c3b2296f15c3dd1931dd024e3f540b12ea7d?s=96&d=mm&r=g","contentUrl":"https:\/\/secure.gravatar.com\/avatar\/49ba85a39487c51406dba7224109c3b2296f15c3dd1931dd024e3f540b12ea7d?s=96&d=mm&r=g","caption":"horacio"},"url":"https:\/\/jpevlogistics.com\/en\/author\/horacio\/"}]}},"_links":{"self":[{"href":"https:\/\/jpevlogistics.com\/en\/wp-json\/wp\/v2\/posts\/3769","targetHints":{"allow":["GET"]}}],"collection":[{"href":"https:\/\/jpevlogistics.com\/en\/wp-json\/wp\/v2\/posts"}],"about":[{"href":"https:\/\/jpevlogistics.com\/en\/wp-json\/wp\/v2\/types\/post"}],"author":[{"embeddable":true,"href":"https:\/\/jpevlogistics.com\/en\/wp-json\/wp\/v2\/users\/4"}],"replies":[{"embeddable":true,"href":"https:\/\/jpevlogistics.com\/en\/wp-json\/wp\/v2\/comments?post=3769"}],"version-history":[{"count":1,"href":"https:\/\/jpevlogistics.com\/en\/wp-json\/wp\/v2\/posts\/3769\/revisions"}],"predecessor-version":[{"id":3771,"href":"https:\/\/jpevlogistics.com\/en\/wp-json\/wp\/v2\/posts\/3769\/revisions\/3771"}],"wp:featuredmedia":[{"embeddable":true,"href":"https:\/\/jpevlogistics.com\/en\/wp-json\/wp\/v2\/media\/3770"}],"wp:attachment":[{"href":"https:\/\/jpevlogistics.com\/en\/wp-json\/wp\/v2\/media?parent=3769"}],"wp:term":[{"taxonomy":"category","embeddable":true,"href":"https:\/\/jpevlogistics.com\/en\/wp-json\/wp\/v2\/categories?post=3769"},{"taxonomy":"post_tag","embeddable":true,"href":"https:\/\/jpevlogistics.com\/en\/wp-json\/wp\/v2\/tags?post=3769"}],"curies":[{"name":"wp","href":"https:\/\/api.w.org\/{rel}","templated":true}]}}