{"id":3784,"date":"2024-09-02T19:48:15","date_gmt":"2024-09-02T19:48:15","guid":{"rendered":"https:\/\/jpevlogistics.com\/?p=3784"},"modified":"2024-09-02T19:48:16","modified_gmt":"2024-09-02T19:48:16","slug":"demanda-mundial-de-transporte-maritimo-de-contenedores-alcanza-record-historico-en-agosto-de-2024","status":"publish","type":"post","link":"https:\/\/jpevlogistics.com\/en\/demanda-mundial-de-transporte-maritimo-de-contenedores-alcanza-record-historico-en-agosto-de-2024\/","title":{"rendered":"Demanda mundial de transporte mar\u00edtimo de contenedores alcanza r\u00e9cord hist\u00f3rico en Agosto de 2024"},"content":{"rendered":"<p>02\/09\/2024 &#8211; Las tarifas a nivel global nuevamente en suba <\/p>\n\n\n\n<p>La demanda mundial de transporte mar\u00edtimo de contenedores alcanz\u00f3 un r\u00e9cord hist\u00f3rico en Agosto de 2024, en medio de un aumento de las tarifas spot y una grave congesti\u00f3n portuaria, seg\u00fan dieron cuenta los datos publicados por\u00a0<strong>Xeneta<\/strong>\u00a0y\u00a0<strong>Container Trades Statistics<\/strong>.<\/p>\n\n\n\n<p>Los 15,94 millones de TEU transportados por v\u00eda mar\u00edtima en mayo superaron el r\u00e9cord anterior de 15,72 millones TEU, el que fue establecido en igual mes de 2023.<\/p>\n\n\n\n<figure class=\"wp-block-image size-full\"><img fetchpriority=\"high\" decoding=\"async\" width=\"612\" height=\"408\" src=\"https:\/\/jpevlogistics.com\/wp-content\/uploads\/2024\/09\/Tarifas-caras.jpeg\" alt=\"\" class=\"wp-image-3786\" srcset=\"https:\/\/jpevlogistics.com\/wp-content\/uploads\/2024\/09\/Tarifas-caras.jpeg 612w, https:\/\/jpevlogistics.com\/wp-content\/uploads\/2024\/09\/Tarifas-caras-300x200.jpeg 300w, https:\/\/jpevlogistics.com\/wp-content\/uploads\/2024\/09\/Tarifas-caras-18x12.jpeg 18w\" sizes=\"(max-width: 612px) 100vw, 612px\" \/><figcaption class=\"wp-element-caption\">Chebucto Head, Canada &#8211; October 20, 2015: A sea level view of Hapag-Lloyd&#8217;s Budapest Express nearing the mouth of Halifax Harbour.<\/figcaption><\/figure>\n\n\n\n<p>Los niveles r\u00e9cord de demanda en el octavo mes de 2024 elevan los vol\u00famenes acumulados en el a\u00f1o a poco menos de 74 millones de TEU, lo que supone un incremento de 7,5% en comparaci\u00f3n al periodo enero-mayo de 2023.<\/p>\n\n\n\n<p><strong>Emily Stausb\u00f8ll, analista s\u00e9nior de env\u00edos de Xeneta<\/strong>, coment\u00f3 que \u201cse est\u00e1n enviando m\u00e1s mercanc\u00edas en contenedores por v\u00eda mar\u00edtima que nunca antes en un momento en que la capacidad disponible se ve afectada por desv\u00edos en \u00c1frica debido al conflicto en el Mar Rojo y la grave congesti\u00f3n portuaria en Asia y Europa.<\/p>\n\n\n\n<p>\u201cSe trata de una tormenta perfecta de presi\u00f3n sobre las cadenas de suministro oce\u00e1nico que ha provocado el caos de los \u00faltimos meses. En muchos sentidos, es impresionante que las redes navieras mundiales hayan podido transportar este enorme volumen de contenedores en circunstancias tan dif\u00edciles\u201d, agreg\u00f3.<\/p>\n\n\n\n<p>El nivel r\u00e9cord de demanda global se debe en gran medida a los vol\u00famenes provenientes del Lejano Oriente, donde China registr\u00f3 un r\u00e9cord hist\u00f3rico de 6,2 millones de TEU exportados en mayo (incluidos 853.000 TEU de demanda de contenedores dentro de China). Esto representa el 39% del comercio mundial de contenedores en mayo y coincidi\u00f3 con un aumento vertiginoso de las tarifas spot en las principales rutas de primera l\u00ednea.<\/p>\n\n\n\n<p>Los \u00faltimos datos de Xeneta muestran que las tarifas spot promedio desde el Lejano Oriente hasta la Costa Oeste de Estados Unidos se situaron en USD 7.840 por FEU el 9 de julio, lo que es 200% m\u00e1s que el 30 de abril.<\/p>\n\n\n\n<p>En la Costa Este de Estados Unidos, los tipos spot promedio subieron 130% en el mismo per\u00edodo, hasta situarse en 9.550 USD por FEU. En el norte de Europa y el Mediterr\u00e1neo, los tipos spot se elevaron 148% y 88%, respectivamente, hasta situarse en 8.030 USD y 7.830 USD por FEU.<\/p>\n\n\n\n<p>\u201cDado que ya estamos viendo vol\u00famenes r\u00e9cord en mayo antes de la temporada alta tradicional en el tercer trimestre, se puede entender por qu\u00e9 los transportistas est\u00e1n tan preocupados. El mercado spot sigue en alza, el conflicto en el Mar Rojo no muestra se\u00f1ales de terminar y la congesti\u00f3n portuaria que estamos viendo en Asia y Europa tardar\u00e1 en despresurizarse\u201d, acot\u00f3 Stausb\u00f8ll.<\/p>\n\n\n\n<p>\u201cLa gran pregunta para el mercado es si los vol\u00famenes r\u00e9cord de mayo significar\u00e1n vol\u00famenes reducidos en la temporada alta tradicional. Numerosos factores entran en juego, no solo la demanda subyacente de los consumidores, sino tambi\u00e9n el nerviosismo de los transportistas por anticipar las importaciones y la posibilidad de que se impongan m\u00e1s aranceles a las importaciones de China. Si bien esta combinaci\u00f3n podr\u00eda mantener alta la demanda durante los pr\u00f3ximos meses, debe haber un l\u00edmite a cu\u00e1nto tiempo pueden durar los niveles r\u00e9cord de demanda\u201d, complement\u00f3.<\/p>\n\n\n\n<p>El impacto de los niveles r\u00e9cord de demanda combinados con mayores distancias de navegaci\u00f3n alrededor del&nbsp;<strong>Cabo de Buena Esperanza<\/strong>&nbsp;se demuestra a trav\u00e9s de los c\u00e1lculos de TEU-milla. Estos datos reflejan la distancia que recorre cada contenedor a nivel mundial.<\/p>\n\n\n\n<p>Las TEU-millas han subido 17,9% a nivel mundial en 2024 hasta la fecha en comparaci\u00f3n con el mismo per\u00edodo en 2023. Esto se debe principalmente a los desv\u00edos del<strong>&nbsp;Mar Rojo<\/strong>&nbsp;y las distancias de navegaci\u00f3n m\u00e1s largas alrededor del Cabo de Buena Esperanza.<\/p>\n\n\n\n<p>Sin embargo, los tr\u00e1ficos m\u00e1s afectados por las desviaciones del Mar Rojo son los principales de aguas profundas del Lejano Oriente, que tambi\u00e9n son los que impulsan los niveles r\u00e9cord de demanda de transporte mar\u00edtimo de contenedores.<\/p>\n\n\n\n<p>Si los transportistas de contenedores mar\u00edtimos hubieran seguido utilizando el<strong>&nbsp;Canal de Suez<\/strong>, los TEU-millas habr\u00edan crecido 8,6% en lo que va de 2024, una cifra menor, pero a\u00fan significativa.<\/p>\n\n\n\n<p>\u201cA principios de este a\u00f1o vimos un aumento en las tarifas spot de transporte mar\u00edtimo y nos preguntamos si realmente hab\u00eda una escasez de capacidad o si se trataba de un caso de p\u00e1nico innecesario en el mercado tras la escalada del conflicto en el Mar Rojo\u201d, profundiz\u00f3 Stausb\u00f8ll.<\/p>\n\n\n\n<p>\u201cAhora podemos ver claramente en los datos que la restricci\u00f3n de la capacidad era muy real, especialmente cuando se tiene en cuenta el aumento de TEU-milla sumado a los vol\u00famenes globales r\u00e9cord y la congesti\u00f3n portuaria. Tambi\u00e9n demuestra el exceso de oferta de capacidad que habr\u00eda habido en el mercado en 2024 si no se hubiera producido el conflicto del Mar Rojo\u201d, concluy\u00f3.<\/p>\n\n\n\n<hr class=\"wp-block-separator has-alpha-channel-opacity\"\/>","protected":false},"excerpt":{"rendered":"<p>02\/09\/2024 &#8211; Las tarifas a nivel global nuevamente en suba La demanda mundial de transporte mar\u00edtimo de contenedores alcanz\u00f3 un r\u00e9cord hist\u00f3rico en Agosto de 2024, en medio de un aumento de las tarifas spot y una grave congesti\u00f3n portuaria, seg\u00fan dieron cuenta los datos publicados por\u00a0Xeneta\u00a0y\u00a0Container Trades Statistics. Los 15,94 millones de TEU transportados [&hellip;]<\/p>\n","protected":false},"author":4,"featured_media":3786,"comment_status":"open","ping_status":"open","sticky":false,"template":"","format":"standard","meta":{"footnotes":""},"categories":[1],"tags":[],"class_list":["post-3784","post","type-post","status-publish","format-standard","has-post-thumbnail","hentry","category-sin-categoria"],"yoast_head":"<!-- This site is optimized with the Yoast SEO plugin v27.4 - https:\/\/yoast.com\/product\/yoast-seo-wordpress\/ -->\n<title>Demanda mundial de transporte mar\u00edtimo de contenedores alcanza r\u00e9cord hist\u00f3rico en Agosto de 2024 - JPEV Logistics<\/title>\n<meta name=\"robots\" content=\"index, follow, max-snippet:-1, max-image-preview:large, max-video-preview:-1\" \/>\n<link rel=\"canonical\" href=\"https:\/\/jpevlogistics.com\/en\/demanda-mundial-de-transporte-maritimo-de-contenedores-alcanza-record-historico-en-agosto-de-2024\/\" \/>\n<meta property=\"og:locale\" content=\"en_US\" \/>\n<meta property=\"og:type\" content=\"article\" \/>\n<meta property=\"og:title\" content=\"Demanda mundial de transporte mar\u00edtimo de contenedores alcanza r\u00e9cord hist\u00f3rico en Agosto de 2024 - JPEV Logistics\" \/>\n<meta property=\"og:description\" content=\"02\/09\/2024 &#8211; Las tarifas a nivel global nuevamente en suba La demanda mundial de transporte mar\u00edtimo de contenedores alcanz\u00f3 un r\u00e9cord hist\u00f3rico en Agosto de 2024, en medio de un aumento de las tarifas spot y una grave congesti\u00f3n portuaria, seg\u00fan dieron cuenta los datos publicados por\u00a0Xeneta\u00a0y\u00a0Container Trades Statistics. Los 15,94 millones de TEU transportados [&hellip;]\" \/>\n<meta property=\"og:url\" content=\"https:\/\/jpevlogistics.com\/en\/demanda-mundial-de-transporte-maritimo-de-contenedores-alcanza-record-historico-en-agosto-de-2024\/\" \/>\n<meta property=\"og:site_name\" content=\"JPEV Logistics\" \/>\n<meta property=\"article:published_time\" content=\"2024-09-02T19:48:15+00:00\" \/>\n<meta property=\"article:modified_time\" content=\"2024-09-02T19:48:16+00:00\" \/>\n<meta property=\"og:image\" content=\"https:\/\/jpevlogistics.com\/wp-content\/uploads\/2024\/09\/Tarifas-caras.jpeg\" \/>\n\t<meta property=\"og:image:width\" content=\"612\" \/>\n\t<meta property=\"og:image:height\" content=\"408\" \/>\n\t<meta property=\"og:image:type\" content=\"image\/jpeg\" \/>\n<meta name=\"author\" content=\"horacio\" \/>\n<meta name=\"twitter:card\" content=\"summary_large_image\" \/>\n<meta name=\"twitter:label1\" content=\"Written by\" \/>\n\t<meta name=\"twitter:data1\" content=\"horacio\" \/>\n\t<meta name=\"twitter:label2\" content=\"Est. reading time\" \/>\n\t<meta name=\"twitter:data2\" content=\"4 minutes\" \/>\n<script type=\"application\/ld+json\" class=\"yoast-schema-graph\">{\"@context\":\"https:\\\/\\\/schema.org\",\"@graph\":[{\"@type\":\"Article\",\"@id\":\"https:\\\/\\\/jpevlogistics.com\\\/en\\\/demanda-mundial-de-transporte-maritimo-de-contenedores-alcanza-record-historico-en-agosto-de-2024\\\/#article\",\"isPartOf\":{\"@id\":\"https:\\\/\\\/jpevlogistics.com\\\/en\\\/demanda-mundial-de-transporte-maritimo-de-contenedores-alcanza-record-historico-en-agosto-de-2024\\\/\"},\"author\":{\"name\":\"horacio\",\"@id\":\"https:\\\/\\\/jpevlogistics.com\\\/#\\\/schema\\\/person\\\/5cb83ed90e4ad10651470058bc190e62\"},\"headline\":\"Demanda mundial de transporte mar\u00edtimo de contenedores alcanza r\u00e9cord hist\u00f3rico en Agosto de 2024\",\"datePublished\":\"2024-09-02T19:48:15+00:00\",\"dateModified\":\"2024-09-02T19:48:16+00:00\",\"mainEntityOfPage\":{\"@id\":\"https:\\\/\\\/jpevlogistics.com\\\/en\\\/demanda-mundial-de-transporte-maritimo-de-contenedores-alcanza-record-historico-en-agosto-de-2024\\\/\"},\"wordCount\":889,\"commentCount\":0,\"publisher\":{\"@id\":\"https:\\\/\\\/jpevlogistics.com\\\/#organization\"},\"image\":{\"@id\":\"https:\\\/\\\/jpevlogistics.com\\\/en\\\/demanda-mundial-de-transporte-maritimo-de-contenedores-alcanza-record-historico-en-agosto-de-2024\\\/#primaryimage\"},\"thumbnailUrl\":\"https:\\\/\\\/jpevlogistics.com\\\/wp-content\\\/uploads\\\/2024\\\/09\\\/Tarifas-caras.jpeg\",\"articleSection\":[\"Sin categor\u00eda\"],\"inLanguage\":\"en-US\",\"potentialAction\":[{\"@type\":\"CommentAction\",\"name\":\"Comment\",\"target\":[\"https:\\\/\\\/jpevlogistics.com\\\/en\\\/demanda-mundial-de-transporte-maritimo-de-contenedores-alcanza-record-historico-en-agosto-de-2024\\\/#respond\"]}]},{\"@type\":\"WebPage\",\"@id\":\"https:\\\/\\\/jpevlogistics.com\\\/en\\\/demanda-mundial-de-transporte-maritimo-de-contenedores-alcanza-record-historico-en-agosto-de-2024\\\/\",\"url\":\"https:\\\/\\\/jpevlogistics.com\\\/en\\\/demanda-mundial-de-transporte-maritimo-de-contenedores-alcanza-record-historico-en-agosto-de-2024\\\/\",\"name\":\"Demanda mundial de transporte mar\u00edtimo de contenedores alcanza r\u00e9cord hist\u00f3rico en Agosto de 2024 - JPEV Logistics\",\"isPartOf\":{\"@id\":\"https:\\\/\\\/jpevlogistics.com\\\/#website\"},\"primaryImageOfPage\":{\"@id\":\"https:\\\/\\\/jpevlogistics.com\\\/en\\\/demanda-mundial-de-transporte-maritimo-de-contenedores-alcanza-record-historico-en-agosto-de-2024\\\/#primaryimage\"},\"image\":{\"@id\":\"https:\\\/\\\/jpevlogistics.com\\\/en\\\/demanda-mundial-de-transporte-maritimo-de-contenedores-alcanza-record-historico-en-agosto-de-2024\\\/#primaryimage\"},\"thumbnailUrl\":\"https:\\\/\\\/jpevlogistics.com\\\/wp-content\\\/uploads\\\/2024\\\/09\\\/Tarifas-caras.jpeg\",\"datePublished\":\"2024-09-02T19:48:15+00:00\",\"dateModified\":\"2024-09-02T19:48:16+00:00\",\"breadcrumb\":{\"@id\":\"https:\\\/\\\/jpevlogistics.com\\\/en\\\/demanda-mundial-de-transporte-maritimo-de-contenedores-alcanza-record-historico-en-agosto-de-2024\\\/#breadcrumb\"},\"inLanguage\":\"en-US\",\"potentialAction\":[{\"@type\":\"ReadAction\",\"target\":[\"https:\\\/\\\/jpevlogistics.com\\\/en\\\/demanda-mundial-de-transporte-maritimo-de-contenedores-alcanza-record-historico-en-agosto-de-2024\\\/\"]}]},{\"@type\":\"ImageObject\",\"inLanguage\":\"en-US\",\"@id\":\"https:\\\/\\\/jpevlogistics.com\\\/en\\\/demanda-mundial-de-transporte-maritimo-de-contenedores-alcanza-record-historico-en-agosto-de-2024\\\/#primaryimage\",\"url\":\"https:\\\/\\\/jpevlogistics.com\\\/wp-content\\\/uploads\\\/2024\\\/09\\\/Tarifas-caras.jpeg\",\"contentUrl\":\"https:\\\/\\\/jpevlogistics.com\\\/wp-content\\\/uploads\\\/2024\\\/09\\\/Tarifas-caras.jpeg\",\"width\":612,\"height\":408,\"caption\":\"Chebucto Head, Canada - October 20, 2015: A sea level view of Hapag-Lloyd's Budapest Express nearing the mouth of Halifax Harbour.\"},{\"@type\":\"BreadcrumbList\",\"@id\":\"https:\\\/\\\/jpevlogistics.com\\\/en\\\/demanda-mundial-de-transporte-maritimo-de-contenedores-alcanza-record-historico-en-agosto-de-2024\\\/#breadcrumb\",\"itemListElement\":[{\"@type\":\"ListItem\",\"position\":1,\"name\":\"Portada\",\"item\":\"https:\\\/\\\/jpevlogistics.com\\\/\"},{\"@type\":\"ListItem\",\"position\":2,\"name\":\"Demanda mundial de transporte mar\u00edtimo de contenedores alcanza r\u00e9cord hist\u00f3rico en Agosto de 2024\"}]},{\"@type\":\"WebSite\",\"@id\":\"https:\\\/\\\/jpevlogistics.com\\\/#website\",\"url\":\"https:\\\/\\\/jpevlogistics.com\\\/\",\"name\":\"JPEV Logistics\",\"description\":\"\",\"publisher\":{\"@id\":\"https:\\\/\\\/jpevlogistics.com\\\/#organization\"},\"potentialAction\":[{\"@type\":\"SearchAction\",\"target\":{\"@type\":\"EntryPoint\",\"urlTemplate\":\"https:\\\/\\\/jpevlogistics.com\\\/?s={search_term_string}\"},\"query-input\":{\"@type\":\"PropertyValueSpecification\",\"valueRequired\":true,\"valueName\":\"search_term_string\"}}],\"inLanguage\":\"en-US\"},{\"@type\":\"Organization\",\"@id\":\"https:\\\/\\\/jpevlogistics.com\\\/#organization\",\"name\":\"JPEV Logistics\",\"url\":\"https:\\\/\\\/jpevlogistics.com\\\/\",\"logo\":{\"@type\":\"ImageObject\",\"inLanguage\":\"en-US\",\"@id\":\"https:\\\/\\\/jpevlogistics.com\\\/#\\\/schema\\\/logo\\\/image\\\/\",\"url\":\"https:\\\/\\\/jpevlogistics.com\\\/wp-content\\\/uploads\\\/2020\\\/07\\\/logo.png\",\"contentUrl\":\"https:\\\/\\\/jpevlogistics.com\\\/wp-content\\\/uploads\\\/2020\\\/07\\\/logo.png\",\"width\":214,\"height\":81,\"caption\":\"JPEV Logistics\"},\"image\":{\"@id\":\"https:\\\/\\\/jpevlogistics.com\\\/#\\\/schema\\\/logo\\\/image\\\/\"},\"sameAs\":[\"https:\\\/\\\/www.instagram.com\\\/jpevlogistics\\\/\",\"https:\\\/\\\/www.linkedin.com\\\/company\\\/jpev-logistics\\\/\"]},{\"@type\":\"Person\",\"@id\":\"https:\\\/\\\/jpevlogistics.com\\\/#\\\/schema\\\/person\\\/5cb83ed90e4ad10651470058bc190e62\",\"name\":\"horacio\",\"image\":{\"@type\":\"ImageObject\",\"inLanguage\":\"en-US\",\"@id\":\"https:\\\/\\\/secure.gravatar.com\\\/avatar\\\/49ba85a39487c51406dba7224109c3b2296f15c3dd1931dd024e3f540b12ea7d?s=96&d=mm&r=g\",\"url\":\"https:\\\/\\\/secure.gravatar.com\\\/avatar\\\/49ba85a39487c51406dba7224109c3b2296f15c3dd1931dd024e3f540b12ea7d?s=96&d=mm&r=g\",\"contentUrl\":\"https:\\\/\\\/secure.gravatar.com\\\/avatar\\\/49ba85a39487c51406dba7224109c3b2296f15c3dd1931dd024e3f540b12ea7d?s=96&d=mm&r=g\",\"caption\":\"horacio\"},\"url\":\"https:\\\/\\\/jpevlogistics.com\\\/en\\\/author\\\/horacio\\\/\"}]}<\/script>\n<!-- \/ Yoast SEO plugin. -->","yoast_head_json":{"title":"Demanda mundial de transporte mar\u00edtimo de contenedores alcanza r\u00e9cord hist\u00f3rico en Agosto de 2024 - JPEV Logistics","robots":{"index":"index","follow":"follow","max-snippet":"max-snippet:-1","max-image-preview":"max-image-preview:large","max-video-preview":"max-video-preview:-1"},"canonical":"https:\/\/jpevlogistics.com\/en\/demanda-mundial-de-transporte-maritimo-de-contenedores-alcanza-record-historico-en-agosto-de-2024\/","og_locale":"en_US","og_type":"article","og_title":"Demanda mundial de transporte mar\u00edtimo de contenedores alcanza r\u00e9cord hist\u00f3rico en Agosto de 2024 - JPEV Logistics","og_description":"02\/09\/2024 &#8211; Las tarifas a nivel global nuevamente en suba La demanda mundial de transporte mar\u00edtimo de contenedores alcanz\u00f3 un r\u00e9cord hist\u00f3rico en Agosto de 2024, en medio de un aumento de las tarifas spot y una grave congesti\u00f3n portuaria, seg\u00fan dieron cuenta los datos publicados por\u00a0Xeneta\u00a0y\u00a0Container Trades Statistics. Los 15,94 millones de TEU transportados [&hellip;]","og_url":"https:\/\/jpevlogistics.com\/en\/demanda-mundial-de-transporte-maritimo-de-contenedores-alcanza-record-historico-en-agosto-de-2024\/","og_site_name":"JPEV Logistics","article_published_time":"2024-09-02T19:48:15+00:00","article_modified_time":"2024-09-02T19:48:16+00:00","og_image":[{"width":612,"height":408,"url":"https:\/\/jpevlogistics.com\/wp-content\/uploads\/2024\/09\/Tarifas-caras.jpeg","type":"image\/jpeg"}],"author":"horacio","twitter_card":"summary_large_image","twitter_misc":{"Written by":"horacio","Est. reading time":"4 minutes"},"schema":{"@context":"https:\/\/schema.org","@graph":[{"@type":"Article","@id":"https:\/\/jpevlogistics.com\/en\/demanda-mundial-de-transporte-maritimo-de-contenedores-alcanza-record-historico-en-agosto-de-2024\/#article","isPartOf":{"@id":"https:\/\/jpevlogistics.com\/en\/demanda-mundial-de-transporte-maritimo-de-contenedores-alcanza-record-historico-en-agosto-de-2024\/"},"author":{"name":"horacio","@id":"https:\/\/jpevlogistics.com\/#\/schema\/person\/5cb83ed90e4ad10651470058bc190e62"},"headline":"Demanda mundial de transporte mar\u00edtimo de contenedores alcanza r\u00e9cord hist\u00f3rico en Agosto de 2024","datePublished":"2024-09-02T19:48:15+00:00","dateModified":"2024-09-02T19:48:16+00:00","mainEntityOfPage":{"@id":"https:\/\/jpevlogistics.com\/en\/demanda-mundial-de-transporte-maritimo-de-contenedores-alcanza-record-historico-en-agosto-de-2024\/"},"wordCount":889,"commentCount":0,"publisher":{"@id":"https:\/\/jpevlogistics.com\/#organization"},"image":{"@id":"https:\/\/jpevlogistics.com\/en\/demanda-mundial-de-transporte-maritimo-de-contenedores-alcanza-record-historico-en-agosto-de-2024\/#primaryimage"},"thumbnailUrl":"https:\/\/jpevlogistics.com\/wp-content\/uploads\/2024\/09\/Tarifas-caras.jpeg","articleSection":["Sin categor\u00eda"],"inLanguage":"en-US","potentialAction":[{"@type":"CommentAction","name":"Comment","target":["https:\/\/jpevlogistics.com\/en\/demanda-mundial-de-transporte-maritimo-de-contenedores-alcanza-record-historico-en-agosto-de-2024\/#respond"]}]},{"@type":"WebPage","@id":"https:\/\/jpevlogistics.com\/en\/demanda-mundial-de-transporte-maritimo-de-contenedores-alcanza-record-historico-en-agosto-de-2024\/","url":"https:\/\/jpevlogistics.com\/en\/demanda-mundial-de-transporte-maritimo-de-contenedores-alcanza-record-historico-en-agosto-de-2024\/","name":"Demanda mundial de transporte mar\u00edtimo de contenedores alcanza r\u00e9cord hist\u00f3rico en Agosto de 2024 - JPEV Logistics","isPartOf":{"@id":"https:\/\/jpevlogistics.com\/#website"},"primaryImageOfPage":{"@id":"https:\/\/jpevlogistics.com\/en\/demanda-mundial-de-transporte-maritimo-de-contenedores-alcanza-record-historico-en-agosto-de-2024\/#primaryimage"},"image":{"@id":"https:\/\/jpevlogistics.com\/en\/demanda-mundial-de-transporte-maritimo-de-contenedores-alcanza-record-historico-en-agosto-de-2024\/#primaryimage"},"thumbnailUrl":"https:\/\/jpevlogistics.com\/wp-content\/uploads\/2024\/09\/Tarifas-caras.jpeg","datePublished":"2024-09-02T19:48:15+00:00","dateModified":"2024-09-02T19:48:16+00:00","breadcrumb":{"@id":"https:\/\/jpevlogistics.com\/en\/demanda-mundial-de-transporte-maritimo-de-contenedores-alcanza-record-historico-en-agosto-de-2024\/#breadcrumb"},"inLanguage":"en-US","potentialAction":[{"@type":"ReadAction","target":["https:\/\/jpevlogistics.com\/en\/demanda-mundial-de-transporte-maritimo-de-contenedores-alcanza-record-historico-en-agosto-de-2024\/"]}]},{"@type":"ImageObject","inLanguage":"en-US","@id":"https:\/\/jpevlogistics.com\/en\/demanda-mundial-de-transporte-maritimo-de-contenedores-alcanza-record-historico-en-agosto-de-2024\/#primaryimage","url":"https:\/\/jpevlogistics.com\/wp-content\/uploads\/2024\/09\/Tarifas-caras.jpeg","contentUrl":"https:\/\/jpevlogistics.com\/wp-content\/uploads\/2024\/09\/Tarifas-caras.jpeg","width":612,"height":408,"caption":"Chebucto Head, Canada - October 20, 2015: A sea level view of Hapag-Lloyd's Budapest Express nearing the mouth of Halifax Harbour."},{"@type":"BreadcrumbList","@id":"https:\/\/jpevlogistics.com\/en\/demanda-mundial-de-transporte-maritimo-de-contenedores-alcanza-record-historico-en-agosto-de-2024\/#breadcrumb","itemListElement":[{"@type":"ListItem","position":1,"name":"Portada","item":"https:\/\/jpevlogistics.com\/"},{"@type":"ListItem","position":2,"name":"Demanda mundial de transporte mar\u00edtimo de contenedores alcanza r\u00e9cord hist\u00f3rico en Agosto de 2024"}]},{"@type":"WebSite","@id":"https:\/\/jpevlogistics.com\/#website","url":"https:\/\/jpevlogistics.com\/","name":"JPEV Logistics","description":"","publisher":{"@id":"https:\/\/jpevlogistics.com\/#organization"},"potentialAction":[{"@type":"SearchAction","target":{"@type":"EntryPoint","urlTemplate":"https:\/\/jpevlogistics.com\/?s={search_term_string}"},"query-input":{"@type":"PropertyValueSpecification","valueRequired":true,"valueName":"search_term_string"}}],"inLanguage":"en-US"},{"@type":"Organization","@id":"https:\/\/jpevlogistics.com\/#organization","name":"JPEV Logistics","url":"https:\/\/jpevlogistics.com\/","logo":{"@type":"ImageObject","inLanguage":"en-US","@id":"https:\/\/jpevlogistics.com\/#\/schema\/logo\/image\/","url":"https:\/\/jpevlogistics.com\/wp-content\/uploads\/2020\/07\/logo.png","contentUrl":"https:\/\/jpevlogistics.com\/wp-content\/uploads\/2020\/07\/logo.png","width":214,"height":81,"caption":"JPEV Logistics"},"image":{"@id":"https:\/\/jpevlogistics.com\/#\/schema\/logo\/image\/"},"sameAs":["https:\/\/www.instagram.com\/jpevlogistics\/","https:\/\/www.linkedin.com\/company\/jpev-logistics\/"]},{"@type":"Person","@id":"https:\/\/jpevlogistics.com\/#\/schema\/person\/5cb83ed90e4ad10651470058bc190e62","name":"horacio","image":{"@type":"ImageObject","inLanguage":"en-US","@id":"https:\/\/secure.gravatar.com\/avatar\/49ba85a39487c51406dba7224109c3b2296f15c3dd1931dd024e3f540b12ea7d?s=96&d=mm&r=g","url":"https:\/\/secure.gravatar.com\/avatar\/49ba85a39487c51406dba7224109c3b2296f15c3dd1931dd024e3f540b12ea7d?s=96&d=mm&r=g","contentUrl":"https:\/\/secure.gravatar.com\/avatar\/49ba85a39487c51406dba7224109c3b2296f15c3dd1931dd024e3f540b12ea7d?s=96&d=mm&r=g","caption":"horacio"},"url":"https:\/\/jpevlogistics.com\/en\/author\/horacio\/"}]}},"_links":{"self":[{"href":"https:\/\/jpevlogistics.com\/en\/wp-json\/wp\/v2\/posts\/3784","targetHints":{"allow":["GET"]}}],"collection":[{"href":"https:\/\/jpevlogistics.com\/en\/wp-json\/wp\/v2\/posts"}],"about":[{"href":"https:\/\/jpevlogistics.com\/en\/wp-json\/wp\/v2\/types\/post"}],"author":[{"embeddable":true,"href":"https:\/\/jpevlogistics.com\/en\/wp-json\/wp\/v2\/users\/4"}],"replies":[{"embeddable":true,"href":"https:\/\/jpevlogistics.com\/en\/wp-json\/wp\/v2\/comments?post=3784"}],"version-history":[{"count":1,"href":"https:\/\/jpevlogistics.com\/en\/wp-json\/wp\/v2\/posts\/3784\/revisions"}],"predecessor-version":[{"id":3787,"href":"https:\/\/jpevlogistics.com\/en\/wp-json\/wp\/v2\/posts\/3784\/revisions\/3787"}],"wp:featuredmedia":[{"embeddable":true,"href":"https:\/\/jpevlogistics.com\/en\/wp-json\/wp\/v2\/media\/3786"}],"wp:attachment":[{"href":"https:\/\/jpevlogistics.com\/en\/wp-json\/wp\/v2\/media?parent=3784"}],"wp:term":[{"taxonomy":"category","embeddable":true,"href":"https:\/\/jpevlogistics.com\/en\/wp-json\/wp\/v2\/categories?post=3784"},{"taxonomy":"post_tag","embeddable":true,"href":"https:\/\/jpevlogistics.com\/en\/wp-json\/wp\/v2\/tags?post=3784"}],"curies":[{"name":"wp","href":"https:\/\/api.w.org\/{rel}","templated":true}]}}