{"id":3823,"date":"2024-09-16T21:17:09","date_gmt":"2024-09-16T21:17:09","guid":{"rendered":"https:\/\/jpevlogistics.com\/?p=3823"},"modified":"2024-09-16T21:19:15","modified_gmt":"2024-09-16T21:19:15","slug":"cargas-mercosur-almacenadas-en-zona-franca-la-plata-no-pierde-referencias-de-acuerdos","status":"publish","type":"post","link":"https:\/\/jpevlogistics.com\/en\/cargas-mercosur-almacenadas-en-zona-franca-la-plata-no-pierde-referencias-de-acuerdos\/","title":{"rendered":"Cargas Mercosur almacenadas en Zona Franca La Plata no pierde referencias de acuerdos"},"content":{"rendered":"<p>16\/09\/2024 &#8211; Usar la Zona Franca de La Plata ser\u00e1 mucho mas rentable para quienes operan con Mercosur <\/p>\n\n\n\n<p>A partir del Viernes 13 de Septiembre, la C\u00e1mara Argentina de Concesionarios de Zonas Francas ha sido oficialmente habilitada para implementar el sistema de emisi\u00f3n de los Certificados de Origen Derivado, de acuerdo con lo establecido en la Resoluci\u00f3n 669\/2021 de la entonces Secretar\u00eda de Industria, Econom\u00eda del Conocimiento y Gesti\u00f3n Comercial Interna, siguiendo la Decisi\u00f3n CMC 33\/15.<\/p>\n\n\n\n<p>El objetivo principal del Certificado de Origen Derivado es permitir que las mercanc\u00edas almacenadas en estas \u00e1reas especiales puedan realizar retiros parciales sin perder su origen MERCOSUR manteniendo las preferencias arancelarias de dicho acuerdo.<\/p>\n\n\n\n<p>De esta manera el uso de la Zona Franca La Plata ser\u00e1 mas rentable para quienes operen con Mercosur , utilizando dicha zona como HUB para el mercado local como as\u00ed tambi\u00e9n para sus exportaciones .<\/p>\n\n\n\n<figure class=\"wp-block-image size-large is-style-default\"><img fetchpriority=\"high\" decoding=\"async\" width=\"1024\" height=\"767\" src=\"https:\/\/jpevlogistics.com\/wp-content\/uploads\/2024\/09\/Zona-franca-la-Plata--1024x767.jpeg\" alt=\"\" class=\"wp-image-3824\" srcset=\"https:\/\/jpevlogistics.com\/wp-content\/uploads\/2024\/09\/Zona-franca-la-Plata--1024x767.jpeg 1024w, https:\/\/jpevlogistics.com\/wp-content\/uploads\/2024\/09\/Zona-franca-la-Plata--300x225.jpeg 300w, https:\/\/jpevlogistics.com\/wp-content\/uploads\/2024\/09\/Zona-franca-la-Plata--768x576.jpeg 768w, https:\/\/jpevlogistics.com\/wp-content\/uploads\/2024\/09\/Zona-franca-la-Plata--1536x1151.jpeg 1536w, https:\/\/jpevlogistics.com\/wp-content\/uploads\/2024\/09\/Zona-franca-la-Plata--16x12.jpeg 16w, https:\/\/jpevlogistics.com\/wp-content\/uploads\/2024\/09\/Zona-franca-la-Plata-.jpeg 1996w\" sizes=\"(max-width: 1024px) 100vw, 1024px\" \/><\/figure>\n\n\n\n<p>El grupo JPEV Logistics SRL, esta preparada logisticamente para operar en esta modalidad contando con una estructura de 3500 m2 de dep\u00f3sitos para deposito y almacenaje , transportes nacionales e internacionales para la entrega donde sea necesario <\/p>\n\n\n\n<p><\/p>","protected":false},"excerpt":{"rendered":"<p>16\/09\/2024 &#8211; Usar la Zona Franca de La Plata ser\u00e1 mucho mas rentable para quienes operan con Mercosur A partir del Viernes 13 de Septiembre, la C\u00e1mara Argentina de Concesionarios de Zonas Francas ha sido oficialmente habilitada para implementar el sistema de emisi\u00f3n de los Certificados de Origen Derivado, de acuerdo con lo establecido en [&hellip;]<\/p>\n","protected":false},"author":4,"featured_media":3824,"comment_status":"open","ping_status":"open","sticky":false,"template":"","format":"standard","meta":{"footnotes":""},"categories":[1],"tags":[],"class_list":["post-3823","post","type-post","status-publish","format-standard","has-post-thumbnail","hentry","category-sin-categoria"],"yoast_head":"<!-- This site is optimized with the Yoast SEO plugin v27.4 - https:\/\/yoast.com\/product\/yoast-seo-wordpress\/ -->\n<title>Cargas Mercosur almacenadas en Zona Franca La Plata no pierde referencias de acuerdos - JPEV Logistics<\/title>\n<meta name=\"robots\" content=\"index, follow, max-snippet:-1, max-image-preview:large, max-video-preview:-1\" \/>\n<link rel=\"canonical\" href=\"https:\/\/jpevlogistics.com\/en\/cargas-mercosur-almacenadas-en-zona-franca-la-plata-no-pierde-referencias-de-acuerdos\/\" \/>\n<meta property=\"og:locale\" content=\"en_US\" \/>\n<meta property=\"og:type\" content=\"article\" \/>\n<meta property=\"og:title\" content=\"Cargas Mercosur almacenadas en Zona Franca La Plata no pierde referencias de acuerdos - JPEV Logistics\" \/>\n<meta property=\"og:description\" content=\"16\/09\/2024 &#8211; Usar la Zona Franca de La Plata ser\u00e1 mucho mas rentable para quienes operan con Mercosur A partir del Viernes 13 de Septiembre, la C\u00e1mara Argentina de Concesionarios de Zonas Francas ha sido oficialmente habilitada para implementar el sistema de emisi\u00f3n de los Certificados de Origen Derivado, de acuerdo con lo establecido en [&hellip;]\" \/>\n<meta property=\"og:url\" content=\"https:\/\/jpevlogistics.com\/en\/cargas-mercosur-almacenadas-en-zona-franca-la-plata-no-pierde-referencias-de-acuerdos\/\" \/>\n<meta property=\"og:site_name\" content=\"JPEV Logistics\" \/>\n<meta property=\"article:published_time\" content=\"2024-09-16T21:17:09+00:00\" \/>\n<meta property=\"article:modified_time\" content=\"2024-09-16T21:19:15+00:00\" \/>\n<meta property=\"og:image\" content=\"https:\/\/jpevlogistics.com\/wp-content\/uploads\/2024\/09\/Zona-franca-la-Plata-.jpeg\" \/>\n\t<meta property=\"og:image:width\" content=\"1996\" \/>\n\t<meta property=\"og:image:height\" content=\"1496\" \/>\n\t<meta property=\"og:image:type\" content=\"image\/jpeg\" \/>\n<meta name=\"author\" content=\"horacio\" \/>\n<meta name=\"twitter:card\" content=\"summary_large_image\" \/>\n<meta name=\"twitter:label1\" content=\"Written by\" \/>\n\t<meta name=\"twitter:data1\" content=\"horacio\" \/>\n\t<meta name=\"twitter:label2\" content=\"Est. reading time\" \/>\n\t<meta name=\"twitter:data2\" content=\"1 minute\" \/>\n<script type=\"application\/ld+json\" class=\"yoast-schema-graph\">{\"@context\":\"https:\\\/\\\/schema.org\",\"@graph\":[{\"@type\":\"Article\",\"@id\":\"https:\\\/\\\/jpevlogistics.com\\\/cargas-mercosur-almacenadas-en-zona-franca-la-plata-no-pierde-referencias-de-acuerdos\\\/#article\",\"isPartOf\":{\"@id\":\"https:\\\/\\\/jpevlogistics.com\\\/cargas-mercosur-almacenadas-en-zona-franca-la-plata-no-pierde-referencias-de-acuerdos\\\/\"},\"author\":{\"name\":\"horacio\",\"@id\":\"https:\\\/\\\/jpevlogistics.com\\\/#\\\/schema\\\/person\\\/5cb83ed90e4ad10651470058bc190e62\"},\"headline\":\"Cargas Mercosur almacenadas en Zona Franca La Plata no pierde referencias de acuerdos\",\"datePublished\":\"2024-09-16T21:17:09+00:00\",\"dateModified\":\"2024-09-16T21:19:15+00:00\",\"mainEntityOfPage\":{\"@id\":\"https:\\\/\\\/jpevlogistics.com\\\/cargas-mercosur-almacenadas-en-zona-franca-la-plata-no-pierde-referencias-de-acuerdos\\\/\"},\"wordCount\":198,\"commentCount\":0,\"publisher\":{\"@id\":\"https:\\\/\\\/jpevlogistics.com\\\/#organization\"},\"image\":{\"@id\":\"https:\\\/\\\/jpevlogistics.com\\\/cargas-mercosur-almacenadas-en-zona-franca-la-plata-no-pierde-referencias-de-acuerdos\\\/#primaryimage\"},\"thumbnailUrl\":\"https:\\\/\\\/jpevlogistics.com\\\/wp-content\\\/uploads\\\/2024\\\/09\\\/Zona-franca-la-Plata-.jpeg\",\"articleSection\":[\"Sin categor\u00eda\"],\"inLanguage\":\"en-US\",\"potentialAction\":[{\"@type\":\"CommentAction\",\"name\":\"Comment\",\"target\":[\"https:\\\/\\\/jpevlogistics.com\\\/cargas-mercosur-almacenadas-en-zona-franca-la-plata-no-pierde-referencias-de-acuerdos\\\/#respond\"]}]},{\"@type\":\"WebPage\",\"@id\":\"https:\\\/\\\/jpevlogistics.com\\\/cargas-mercosur-almacenadas-en-zona-franca-la-plata-no-pierde-referencias-de-acuerdos\\\/\",\"url\":\"https:\\\/\\\/jpevlogistics.com\\\/cargas-mercosur-almacenadas-en-zona-franca-la-plata-no-pierde-referencias-de-acuerdos\\\/\",\"name\":\"Cargas Mercosur almacenadas en Zona Franca La Plata no pierde referencias de acuerdos - JPEV Logistics\",\"isPartOf\":{\"@id\":\"https:\\\/\\\/jpevlogistics.com\\\/#website\"},\"primaryImageOfPage\":{\"@id\":\"https:\\\/\\\/jpevlogistics.com\\\/cargas-mercosur-almacenadas-en-zona-franca-la-plata-no-pierde-referencias-de-acuerdos\\\/#primaryimage\"},\"image\":{\"@id\":\"https:\\\/\\\/jpevlogistics.com\\\/cargas-mercosur-almacenadas-en-zona-franca-la-plata-no-pierde-referencias-de-acuerdos\\\/#primaryimage\"},\"thumbnailUrl\":\"https:\\\/\\\/jpevlogistics.com\\\/wp-content\\\/uploads\\\/2024\\\/09\\\/Zona-franca-la-Plata-.jpeg\",\"datePublished\":\"2024-09-16T21:17:09+00:00\",\"dateModified\":\"2024-09-16T21:19:15+00:00\",\"breadcrumb\":{\"@id\":\"https:\\\/\\\/jpevlogistics.com\\\/cargas-mercosur-almacenadas-en-zona-franca-la-plata-no-pierde-referencias-de-acuerdos\\\/#breadcrumb\"},\"inLanguage\":\"en-US\",\"potentialAction\":[{\"@type\":\"ReadAction\",\"target\":[\"https:\\\/\\\/jpevlogistics.com\\\/cargas-mercosur-almacenadas-en-zona-franca-la-plata-no-pierde-referencias-de-acuerdos\\\/\"]}]},{\"@type\":\"ImageObject\",\"inLanguage\":\"en-US\",\"@id\":\"https:\\\/\\\/jpevlogistics.com\\\/cargas-mercosur-almacenadas-en-zona-franca-la-plata-no-pierde-referencias-de-acuerdos\\\/#primaryimage\",\"url\":\"https:\\\/\\\/jpevlogistics.com\\\/wp-content\\\/uploads\\\/2024\\\/09\\\/Zona-franca-la-Plata-.jpeg\",\"contentUrl\":\"https:\\\/\\\/jpevlogistics.com\\\/wp-content\\\/uploads\\\/2024\\\/09\\\/Zona-franca-la-Plata-.jpeg\",\"width\":1996,\"height\":1496},{\"@type\":\"BreadcrumbList\",\"@id\":\"https:\\\/\\\/jpevlogistics.com\\\/cargas-mercosur-almacenadas-en-zona-franca-la-plata-no-pierde-referencias-de-acuerdos\\\/#breadcrumb\",\"itemListElement\":[{\"@type\":\"ListItem\",\"position\":1,\"name\":\"Portada\",\"item\":\"https:\\\/\\\/jpevlogistics.com\\\/\"},{\"@type\":\"ListItem\",\"position\":2,\"name\":\"Cargas Mercosur almacenadas en Zona Franca La Plata no pierde referencias de acuerdos\"}]},{\"@type\":\"WebSite\",\"@id\":\"https:\\\/\\\/jpevlogistics.com\\\/#website\",\"url\":\"https:\\\/\\\/jpevlogistics.com\\\/\",\"name\":\"JPEV Logistics\",\"description\":\"\",\"publisher\":{\"@id\":\"https:\\\/\\\/jpevlogistics.com\\\/#organization\"},\"potentialAction\":[{\"@type\":\"SearchAction\",\"target\":{\"@type\":\"EntryPoint\",\"urlTemplate\":\"https:\\\/\\\/jpevlogistics.com\\\/?s={search_term_string}\"},\"query-input\":{\"@type\":\"PropertyValueSpecification\",\"valueRequired\":true,\"valueName\":\"search_term_string\"}}],\"inLanguage\":\"en-US\"},{\"@type\":\"Organization\",\"@id\":\"https:\\\/\\\/jpevlogistics.com\\\/#organization\",\"name\":\"JPEV Logistics\",\"url\":\"https:\\\/\\\/jpevlogistics.com\\\/\",\"logo\":{\"@type\":\"ImageObject\",\"inLanguage\":\"en-US\",\"@id\":\"https:\\\/\\\/jpevlogistics.com\\\/#\\\/schema\\\/logo\\\/image\\\/\",\"url\":\"https:\\\/\\\/jpevlogistics.com\\\/wp-content\\\/uploads\\\/2020\\\/07\\\/logo.png\",\"contentUrl\":\"https:\\\/\\\/jpevlogistics.com\\\/wp-content\\\/uploads\\\/2020\\\/07\\\/logo.png\",\"width\":214,\"height\":81,\"caption\":\"JPEV Logistics\"},\"image\":{\"@id\":\"https:\\\/\\\/jpevlogistics.com\\\/#\\\/schema\\\/logo\\\/image\\\/\"},\"sameAs\":[\"https:\\\/\\\/www.instagram.com\\\/jpevlogistics\\\/\",\"https:\\\/\\\/www.linkedin.com\\\/company\\\/jpev-logistics\\\/\"]},{\"@type\":\"Person\",\"@id\":\"https:\\\/\\\/jpevlogistics.com\\\/#\\\/schema\\\/person\\\/5cb83ed90e4ad10651470058bc190e62\",\"name\":\"horacio\",\"image\":{\"@type\":\"ImageObject\",\"inLanguage\":\"en-US\",\"@id\":\"https:\\\/\\\/secure.gravatar.com\\\/avatar\\\/49ba85a39487c51406dba7224109c3b2296f15c3dd1931dd024e3f540b12ea7d?s=96&d=mm&r=g\",\"url\":\"https:\\\/\\\/secure.gravatar.com\\\/avatar\\\/49ba85a39487c51406dba7224109c3b2296f15c3dd1931dd024e3f540b12ea7d?s=96&d=mm&r=g\",\"contentUrl\":\"https:\\\/\\\/secure.gravatar.com\\\/avatar\\\/49ba85a39487c51406dba7224109c3b2296f15c3dd1931dd024e3f540b12ea7d?s=96&d=mm&r=g\",\"caption\":\"horacio\"},\"url\":\"https:\\\/\\\/jpevlogistics.com\\\/en\\\/author\\\/horacio\\\/\"}]}<\/script>\n<!-- \/ Yoast SEO plugin. -->","yoast_head_json":{"title":"Cargas Mercosur almacenadas en Zona Franca La Plata no pierde referencias de acuerdos - JPEV Logistics","robots":{"index":"index","follow":"follow","max-snippet":"max-snippet:-1","max-image-preview":"max-image-preview:large","max-video-preview":"max-video-preview:-1"},"canonical":"https:\/\/jpevlogistics.com\/en\/cargas-mercosur-almacenadas-en-zona-franca-la-plata-no-pierde-referencias-de-acuerdos\/","og_locale":"en_US","og_type":"article","og_title":"Cargas Mercosur almacenadas en Zona Franca La Plata no pierde referencias de acuerdos - JPEV Logistics","og_description":"16\/09\/2024 &#8211; Usar la Zona Franca de La Plata ser\u00e1 mucho mas rentable para quienes operan con Mercosur A partir del Viernes 13 de Septiembre, la C\u00e1mara Argentina de Concesionarios de Zonas Francas ha sido oficialmente habilitada para implementar el sistema de emisi\u00f3n de los Certificados de Origen Derivado, de acuerdo con lo establecido en [&hellip;]","og_url":"https:\/\/jpevlogistics.com\/en\/cargas-mercosur-almacenadas-en-zona-franca-la-plata-no-pierde-referencias-de-acuerdos\/","og_site_name":"JPEV Logistics","article_published_time":"2024-09-16T21:17:09+00:00","article_modified_time":"2024-09-16T21:19:15+00:00","og_image":[{"width":1996,"height":1496,"url":"https:\/\/jpevlogistics.com\/wp-content\/uploads\/2024\/09\/Zona-franca-la-Plata-.jpeg","type":"image\/jpeg"}],"author":"horacio","twitter_card":"summary_large_image","twitter_misc":{"Written by":"horacio","Est. reading time":"1 minute"},"schema":{"@context":"https:\/\/schema.org","@graph":[{"@type":"Article","@id":"https:\/\/jpevlogistics.com\/cargas-mercosur-almacenadas-en-zona-franca-la-plata-no-pierde-referencias-de-acuerdos\/#article","isPartOf":{"@id":"https:\/\/jpevlogistics.com\/cargas-mercosur-almacenadas-en-zona-franca-la-plata-no-pierde-referencias-de-acuerdos\/"},"author":{"name":"horacio","@id":"https:\/\/jpevlogistics.com\/#\/schema\/person\/5cb83ed90e4ad10651470058bc190e62"},"headline":"Cargas Mercosur almacenadas en Zona Franca La Plata no pierde referencias de acuerdos","datePublished":"2024-09-16T21:17:09+00:00","dateModified":"2024-09-16T21:19:15+00:00","mainEntityOfPage":{"@id":"https:\/\/jpevlogistics.com\/cargas-mercosur-almacenadas-en-zona-franca-la-plata-no-pierde-referencias-de-acuerdos\/"},"wordCount":198,"commentCount":0,"publisher":{"@id":"https:\/\/jpevlogistics.com\/#organization"},"image":{"@id":"https:\/\/jpevlogistics.com\/cargas-mercosur-almacenadas-en-zona-franca-la-plata-no-pierde-referencias-de-acuerdos\/#primaryimage"},"thumbnailUrl":"https:\/\/jpevlogistics.com\/wp-content\/uploads\/2024\/09\/Zona-franca-la-Plata-.jpeg","articleSection":["Sin categor\u00eda"],"inLanguage":"en-US","potentialAction":[{"@type":"CommentAction","name":"Comment","target":["https:\/\/jpevlogistics.com\/cargas-mercosur-almacenadas-en-zona-franca-la-plata-no-pierde-referencias-de-acuerdos\/#respond"]}]},{"@type":"WebPage","@id":"https:\/\/jpevlogistics.com\/cargas-mercosur-almacenadas-en-zona-franca-la-plata-no-pierde-referencias-de-acuerdos\/","url":"https:\/\/jpevlogistics.com\/cargas-mercosur-almacenadas-en-zona-franca-la-plata-no-pierde-referencias-de-acuerdos\/","name":"Cargas Mercosur almacenadas en Zona Franca La Plata no pierde referencias de acuerdos - JPEV Logistics","isPartOf":{"@id":"https:\/\/jpevlogistics.com\/#website"},"primaryImageOfPage":{"@id":"https:\/\/jpevlogistics.com\/cargas-mercosur-almacenadas-en-zona-franca-la-plata-no-pierde-referencias-de-acuerdos\/#primaryimage"},"image":{"@id":"https:\/\/jpevlogistics.com\/cargas-mercosur-almacenadas-en-zona-franca-la-plata-no-pierde-referencias-de-acuerdos\/#primaryimage"},"thumbnailUrl":"https:\/\/jpevlogistics.com\/wp-content\/uploads\/2024\/09\/Zona-franca-la-Plata-.jpeg","datePublished":"2024-09-16T21:17:09+00:00","dateModified":"2024-09-16T21:19:15+00:00","breadcrumb":{"@id":"https:\/\/jpevlogistics.com\/cargas-mercosur-almacenadas-en-zona-franca-la-plata-no-pierde-referencias-de-acuerdos\/#breadcrumb"},"inLanguage":"en-US","potentialAction":[{"@type":"ReadAction","target":["https:\/\/jpevlogistics.com\/cargas-mercosur-almacenadas-en-zona-franca-la-plata-no-pierde-referencias-de-acuerdos\/"]}]},{"@type":"ImageObject","inLanguage":"en-US","@id":"https:\/\/jpevlogistics.com\/cargas-mercosur-almacenadas-en-zona-franca-la-plata-no-pierde-referencias-de-acuerdos\/#primaryimage","url":"https:\/\/jpevlogistics.com\/wp-content\/uploads\/2024\/09\/Zona-franca-la-Plata-.jpeg","contentUrl":"https:\/\/jpevlogistics.com\/wp-content\/uploads\/2024\/09\/Zona-franca-la-Plata-.jpeg","width":1996,"height":1496},{"@type":"BreadcrumbList","@id":"https:\/\/jpevlogistics.com\/cargas-mercosur-almacenadas-en-zona-franca-la-plata-no-pierde-referencias-de-acuerdos\/#breadcrumb","itemListElement":[{"@type":"ListItem","position":1,"name":"Portada","item":"https:\/\/jpevlogistics.com\/"},{"@type":"ListItem","position":2,"name":"Cargas Mercosur almacenadas en Zona Franca La Plata no pierde referencias de acuerdos"}]},{"@type":"WebSite","@id":"https:\/\/jpevlogistics.com\/#website","url":"https:\/\/jpevlogistics.com\/","name":"JPEV Logistics","description":"","publisher":{"@id":"https:\/\/jpevlogistics.com\/#organization"},"potentialAction":[{"@type":"SearchAction","target":{"@type":"EntryPoint","urlTemplate":"https:\/\/jpevlogistics.com\/?s={search_term_string}"},"query-input":{"@type":"PropertyValueSpecification","valueRequired":true,"valueName":"search_term_string"}}],"inLanguage":"en-US"},{"@type":"Organization","@id":"https:\/\/jpevlogistics.com\/#organization","name":"JPEV Logistics","url":"https:\/\/jpevlogistics.com\/","logo":{"@type":"ImageObject","inLanguage":"en-US","@id":"https:\/\/jpevlogistics.com\/#\/schema\/logo\/image\/","url":"https:\/\/jpevlogistics.com\/wp-content\/uploads\/2020\/07\/logo.png","contentUrl":"https:\/\/jpevlogistics.com\/wp-content\/uploads\/2020\/07\/logo.png","width":214,"height":81,"caption":"JPEV Logistics"},"image":{"@id":"https:\/\/jpevlogistics.com\/#\/schema\/logo\/image\/"},"sameAs":["https:\/\/www.instagram.com\/jpevlogistics\/","https:\/\/www.linkedin.com\/company\/jpev-logistics\/"]},{"@type":"Person","@id":"https:\/\/jpevlogistics.com\/#\/schema\/person\/5cb83ed90e4ad10651470058bc190e62","name":"horacio","image":{"@type":"ImageObject","inLanguage":"en-US","@id":"https:\/\/secure.gravatar.com\/avatar\/49ba85a39487c51406dba7224109c3b2296f15c3dd1931dd024e3f540b12ea7d?s=96&d=mm&r=g","url":"https:\/\/secure.gravatar.com\/avatar\/49ba85a39487c51406dba7224109c3b2296f15c3dd1931dd024e3f540b12ea7d?s=96&d=mm&r=g","contentUrl":"https:\/\/secure.gravatar.com\/avatar\/49ba85a39487c51406dba7224109c3b2296f15c3dd1931dd024e3f540b12ea7d?s=96&d=mm&r=g","caption":"horacio"},"url":"https:\/\/jpevlogistics.com\/en\/author\/horacio\/"}]}},"_links":{"self":[{"href":"https:\/\/jpevlogistics.com\/en\/wp-json\/wp\/v2\/posts\/3823","targetHints":{"allow":["GET"]}}],"collection":[{"href":"https:\/\/jpevlogistics.com\/en\/wp-json\/wp\/v2\/posts"}],"about":[{"href":"https:\/\/jpevlogistics.com\/en\/wp-json\/wp\/v2\/types\/post"}],"author":[{"embeddable":true,"href":"https:\/\/jpevlogistics.com\/en\/wp-json\/wp\/v2\/users\/4"}],"replies":[{"embeddable":true,"href":"https:\/\/jpevlogistics.com\/en\/wp-json\/wp\/v2\/comments?post=3823"}],"version-history":[{"count":2,"href":"https:\/\/jpevlogistics.com\/en\/wp-json\/wp\/v2\/posts\/3823\/revisions"}],"predecessor-version":[{"id":3827,"href":"https:\/\/jpevlogistics.com\/en\/wp-json\/wp\/v2\/posts\/3823\/revisions\/3827"}],"wp:featuredmedia":[{"embeddable":true,"href":"https:\/\/jpevlogistics.com\/en\/wp-json\/wp\/v2\/media\/3824"}],"wp:attachment":[{"href":"https:\/\/jpevlogistics.com\/en\/wp-json\/wp\/v2\/media?parent=3823"}],"wp:term":[{"taxonomy":"category","embeddable":true,"href":"https:\/\/jpevlogistics.com\/en\/wp-json\/wp\/v2\/categories?post=3823"},{"taxonomy":"post_tag","embeddable":true,"href":"https:\/\/jpevlogistics.com\/en\/wp-json\/wp\/v2\/tags?post=3823"}],"curies":[{"name":"wp","href":"https:\/\/api.w.org\/{rel}","templated":true}]}}