{"id":3829,"date":"2024-09-18T12:36:20","date_gmt":"2024-09-18T12:36:20","guid":{"rendered":"https:\/\/jpevlogistics.com\/?p=3829"},"modified":"2024-09-18T12:36:49","modified_gmt":"2024-09-18T12:36:49","slug":"fin-adelantado-de-la-temporada-alta-marca-notable-caida-de-las-tarifas-spot-en-las-principales-rutas","status":"publish","type":"post","link":"https:\/\/jpevlogistics.com\/en\/fin-adelantado-de-la-temporada-alta-marca-notable-caida-de-las-tarifas-spot-en-las-principales-rutas\/","title":{"rendered":"Fin adelantado de la temporada alta marca notable ca\u00edda de las tarifas spot en las principales rutas"},"content":{"rendered":"<p><\/p>\n\n\n\n<p>Al parecer las l\u00edneas navieras se han enfrascado en una batalla tarifaria en las \u00faltimas semanas. As\u00ed lo muestra el \u00cdndice de Carga Contenerizada de Shangh\u00e1i (SCFI) que mide tarifas spot y que a comienzos de la semana pasada cay\u00f3 un 8%, siendo las rutas Asia-Norte de Europa y Asia-USEC las que presentaron las bajas m\u00e1s pronunciadas.<\/p>\n\n\n\n<p>Esta ca\u00edda fue ratificada por el&nbsp;<em>World Container Index<\/em>&nbsp;(WCI) de&nbsp;<em>Drewry&nbsp;<\/em>que a fines de la semana pasada en la ruta Asia-Norte de Europa, situ\u00f3 las tarifas spot en US$5.152\/FEU, marcando una baja de US$1.067\/FEU (17%) en una semana. Al hacer la comparaci\u00f3n con el&nbsp;<em>peak&nbsp;<\/em>de julio, la ca\u00edda supera los US$3.000\/FEU.<\/p>\n\n\n\n<p>En tanto, las tarifas en la ruta Asia-Mediterr\u00e1neo, al situarse en US$5.256\/FEU- una ca\u00edda del 10% semanal- han bajado casi US$2.500\/FEU desde el&nbsp;<em>peak<\/em>&nbsp;y, les queda por bajar otros US$700\/FEU, seg\u00fan fuentes de la industria, para llegar al fondo esperado estacionalmente.<\/p>\n\n\n\n<p>En Asia-USEC, las tarifas de flete spot cayeron US$1.790\/FEU en una semana (21%), mientras en Asia-USWC bajaron US$403\/FEU (7%) y han bajado US$1.800\/FEU desde el&nbsp;<em>peak<\/em>.<\/p>\n\n\n\n<p>Sin embargo, esta ca\u00edda a juzgar por los analistas est\u00e1 por debajo de lo que se podr\u00eda esperar estacionalmente, por lo que se puede se\u00f1alar que hay una clara debilidad en comparaci\u00f3n con la estacionalidad normal en los intercambios Este-Oeste, ya que las l\u00edneas navieras enfrentan un final muy temprano de la temporada alta.<\/p>\n\n\n\n<p>La ca\u00edda ha sido tal que ni la inminente huelga prevista en los puertos de la USEC a partir del 1 de octubre no pudo impulsar las tarifas del mercado, ya que las l\u00edneas navieras optaron por abortar sus planes de aplicar un aumento general de tarifas de fletes (GRIs) para mediados de septiembre, ya que la demanda de carga no fue suficiente para respaldar cualquier aumento antes de las vacaciones de la Semana Dorada en China (primera semana de octubre).<\/p>\n\n\n\n<figure class=\"wp-block-image size-full is-resized\"><img fetchpriority=\"high\" decoding=\"async\" width=\"798\" height=\"597\" src=\"https:\/\/jpevlogistics.com\/wp-content\/uploads\/2024\/09\/798-4.jpg\" alt=\"\" class=\"wp-image-3831\" style=\"width:840px;height:auto\" srcset=\"https:\/\/jpevlogistics.com\/wp-content\/uploads\/2024\/09\/798-4.jpg 798w, https:\/\/jpevlogistics.com\/wp-content\/uploads\/2024\/09\/798-4-300x224.jpg 300w, https:\/\/jpevlogistics.com\/wp-content\/uploads\/2024\/09\/798-4-768x575.jpg 768w, https:\/\/jpevlogistics.com\/wp-content\/uploads\/2024\/09\/798-4-16x12.jpg 16w\" sizes=\"(max-width: 798px) 100vw, 798px\" \/><\/figure>\n\n\n\n<p>Pero hay un elemento m\u00e1s que recordar para poder observar el contexto de los datos anteriores. Las tarifas de flete spot en Asia-Europa, siguen estando US$2.000\/FEU por encima del nivel de principios de mayo, antes de que comenzara la temporada alta. En el caso de Asia-Mediterr\u00e1neo, todav\u00eda se encuentran a US$1.600\/FEU arriba, mientras que en la ruta Asia\/USEC-USWC son superiores por US$2.200\/FEU.<\/p>\n\n\n\n<p><strong>\u00bfC\u00f3mo van las cosas en la USEC y la USGC?<\/strong><\/p>\n\n\n\n<p>Mal. Es el mejor t\u00e9rmino para describir el desarrollo de los acontecimientos en ambas costas estadounidenses, luego de considerar algunas de las recientes declaraciones provenientes de la International Longshoremen&#8217;s Association (ILA), entidad que agrupa a unos 45.000 trabajadores portuarios de la USEC y de la USGC. Una de ellas, por ejemplo, da cuenta del esp\u00edritu de confrontaci\u00f3n imperante: \u201cCuando nos mantenemos firmes en nuestra posici\u00f3n, se quejan de haber gastado decenas o cientos de millones de d\u00f3lares, esperando que sintamos l\u00e1stima por ellos y negociemos un trato inferior. Bueno, \u00a1eso no va a suceder!&#8221;.<\/p>\n\n\n\n<p>Otra tiene que ver con uno de los puntos de m\u00e1s f\u00e9rrea disputa de los estibadores con la United States Maritime Alliance (USMX), asociaci\u00f3n que representa a los empleadores portuarios: \u201cNo queremos ning\u00fan tipo de semiautomatizaci\u00f3n o automatizaci\u00f3n completa. Queremos nuestros empleos, los trabajos que hemos hecho hist\u00f3ricamente durante m\u00e1s de 132 a\u00f1os&#8221;.<\/p>\n\n\n\n<p>Por su puesto esta actitud, en parte tambi\u00e9n es gran responsable de la ca\u00edda de las tarifas de fletes spot hacia la USEC, mientras que los importadores ya se aprontan a las consecuencias y han comenzado a optar por los puertos de la USWC para el desembarque de sus bienes.<\/p>\n\n\n\n<p>El apremio de las importaciones de bienes contenerizados en EE. UU., antes del 1 de octubre- fecha estipulada para el inicio de la huelga- se reflej\u00f3 en agosto que registr\u00f3 un aumento del 12,9% interanual.<\/p>\n\n\n\n<p>Seg\u00fan fuentes especializadas de la industria los puertos estadounidenses procesaron casi 2,5 millones de TEUs en agosto, un 3% menos que en julio, cuando las importaciones alcanzaron un m\u00e1ximo de 26 meses. Curiosamente, el volumen superior a 2,4 millones de TEUs, registrados a inicios de la pandemia, provoc\u00f3 una marcada congesti\u00f3n de buques y de contenedores, hecho que no se habr\u00eda replic\u00f3 en esta \u00faltima avalancha de carga.<\/p>\n\n\n\n<p>Maersk, miembro de la USMX, inform\u00f3 a sus clientes que la posibilidad de una huelga en puertos como Nueva York-Nueva Jersey, Houston y Savannah, Georgia, aumenta cada d\u00eda sin un contrato establecido en mano. &#8220;Si se produjera un paro generalizado de las actividades en la USEC y la USWC, incluso un cierre de una semana podr\u00eda tardar entre cuatro y seis semanas en recuperarse, con retrasos y demoras importantes que se agravar\u00edan con cada d\u00eda que se prolongue la huelga&#8221;, ha advertido la l\u00ednea naviera.<\/p>\n\n\n\n<p><\/p>","protected":false},"excerpt":{"rendered":"<p>Al parecer las l\u00edneas navieras se han enfrascado en una batalla tarifaria en las \u00faltimas semanas. As\u00ed lo muestra el \u00cdndice de Carga Contenerizada de Shangh\u00e1i (SCFI) que mide tarifas spot y que a comienzos de la semana pasada cay\u00f3 un 8%, siendo las rutas Asia-Norte de Europa y Asia-USEC las que presentaron las bajas [&hellip;]<\/p>\n","protected":false},"author":4,"featured_media":3830,"comment_status":"open","ping_status":"open","sticky":false,"template":"","format":"standard","meta":{"footnotes":""},"categories":[1],"tags":[],"class_list":["post-3829","post","type-post","status-publish","format-standard","has-post-thumbnail","hentry","category-sin-categoria"],"yoast_head":"<!-- This site is optimized with the Yoast SEO plugin v27.4 - https:\/\/yoast.com\/product\/yoast-seo-wordpress\/ -->\n<title>Fin adelantado de la temporada alta marca notable ca\u00edda de las tarifas spot en las principales rutas - JPEV Logistics<\/title>\n<meta name=\"robots\" content=\"index, follow, max-snippet:-1, max-image-preview:large, max-video-preview:-1\" \/>\n<link rel=\"canonical\" href=\"https:\/\/jpevlogistics.com\/en\/fin-adelantado-de-la-temporada-alta-marca-notable-caida-de-las-tarifas-spot-en-las-principales-rutas\/\" \/>\n<meta property=\"og:locale\" content=\"en_US\" \/>\n<meta property=\"og:type\" content=\"article\" \/>\n<meta property=\"og:title\" content=\"Fin adelantado de la temporada alta marca notable ca\u00edda de las tarifas spot en las principales rutas - JPEV Logistics\" \/>\n<meta property=\"og:description\" content=\"Al parecer las l\u00edneas navieras se han enfrascado en una batalla tarifaria en las \u00faltimas semanas. As\u00ed lo muestra el \u00cdndice de Carga Contenerizada de Shangh\u00e1i (SCFI) que mide tarifas spot y que a comienzos de la semana pasada cay\u00f3 un 8%, siendo las rutas Asia-Norte de Europa y Asia-USEC las que presentaron las bajas [&hellip;]\" \/>\n<meta property=\"og:url\" content=\"https:\/\/jpevlogistics.com\/en\/fin-adelantado-de-la-temporada-alta-marca-notable-caida-de-las-tarifas-spot-en-las-principales-rutas\/\" \/>\n<meta property=\"og:site_name\" content=\"JPEV Logistics\" \/>\n<meta property=\"article:published_time\" content=\"2024-09-18T12:36:20+00:00\" \/>\n<meta property=\"article:modified_time\" content=\"2024-09-18T12:36:49+00:00\" \/>\n<meta property=\"og:image\" content=\"https:\/\/jpevlogistics.com\/wp-content\/uploads\/2024\/09\/798-3.jpg\" \/>\n\t<meta property=\"og:image:width\" content=\"798\" \/>\n\t<meta property=\"og:image:height\" content=\"597\" \/>\n\t<meta property=\"og:image:type\" content=\"image\/jpeg\" \/>\n<meta name=\"author\" content=\"horacio\" \/>\n<meta name=\"twitter:card\" content=\"summary_large_image\" \/>\n<meta name=\"twitter:label1\" content=\"Written by\" \/>\n\t<meta name=\"twitter:data1\" content=\"horacio\" \/>\n\t<meta name=\"twitter:label2\" content=\"Est. reading time\" \/>\n\t<meta name=\"twitter:data2\" content=\"4 minutes\" \/>\n<script type=\"application\/ld+json\" class=\"yoast-schema-graph\">{\"@context\":\"https:\\\/\\\/schema.org\",\"@graph\":[{\"@type\":\"Article\",\"@id\":\"https:\\\/\\\/jpevlogistics.com\\\/en\\\/fin-adelantado-de-la-temporada-alta-marca-notable-caida-de-las-tarifas-spot-en-las-principales-rutas\\\/#article\",\"isPartOf\":{\"@id\":\"https:\\\/\\\/jpevlogistics.com\\\/en\\\/fin-adelantado-de-la-temporada-alta-marca-notable-caida-de-las-tarifas-spot-en-las-principales-rutas\\\/\"},\"author\":{\"name\":\"horacio\",\"@id\":\"https:\\\/\\\/jpevlogistics.com\\\/#\\\/schema\\\/person\\\/5cb83ed90e4ad10651470058bc190e62\"},\"headline\":\"Fin adelantado de la temporada alta marca notable ca\u00edda de las tarifas spot en las principales rutas\",\"datePublished\":\"2024-09-18T12:36:20+00:00\",\"dateModified\":\"2024-09-18T12:36:49+00:00\",\"mainEntityOfPage\":{\"@id\":\"https:\\\/\\\/jpevlogistics.com\\\/en\\\/fin-adelantado-de-la-temporada-alta-marca-notable-caida-de-las-tarifas-spot-en-las-principales-rutas\\\/\"},\"wordCount\":844,\"commentCount\":0,\"publisher\":{\"@id\":\"https:\\\/\\\/jpevlogistics.com\\\/#organization\"},\"image\":{\"@id\":\"https:\\\/\\\/jpevlogistics.com\\\/en\\\/fin-adelantado-de-la-temporada-alta-marca-notable-caida-de-las-tarifas-spot-en-las-principales-rutas\\\/#primaryimage\"},\"thumbnailUrl\":\"https:\\\/\\\/jpevlogistics.com\\\/wp-content\\\/uploads\\\/2024\\\/09\\\/798-3.jpg\",\"articleSection\":[\"Sin categor\u00eda\"],\"inLanguage\":\"en-US\",\"potentialAction\":[{\"@type\":\"CommentAction\",\"name\":\"Comment\",\"target\":[\"https:\\\/\\\/jpevlogistics.com\\\/en\\\/fin-adelantado-de-la-temporada-alta-marca-notable-caida-de-las-tarifas-spot-en-las-principales-rutas\\\/#respond\"]}]},{\"@type\":\"WebPage\",\"@id\":\"https:\\\/\\\/jpevlogistics.com\\\/en\\\/fin-adelantado-de-la-temporada-alta-marca-notable-caida-de-las-tarifas-spot-en-las-principales-rutas\\\/\",\"url\":\"https:\\\/\\\/jpevlogistics.com\\\/en\\\/fin-adelantado-de-la-temporada-alta-marca-notable-caida-de-las-tarifas-spot-en-las-principales-rutas\\\/\",\"name\":\"Fin adelantado de la temporada alta marca notable ca\u00edda de las tarifas spot en las principales rutas - JPEV Logistics\",\"isPartOf\":{\"@id\":\"https:\\\/\\\/jpevlogistics.com\\\/#website\"},\"primaryImageOfPage\":{\"@id\":\"https:\\\/\\\/jpevlogistics.com\\\/en\\\/fin-adelantado-de-la-temporada-alta-marca-notable-caida-de-las-tarifas-spot-en-las-principales-rutas\\\/#primaryimage\"},\"image\":{\"@id\":\"https:\\\/\\\/jpevlogistics.com\\\/en\\\/fin-adelantado-de-la-temporada-alta-marca-notable-caida-de-las-tarifas-spot-en-las-principales-rutas\\\/#primaryimage\"},\"thumbnailUrl\":\"https:\\\/\\\/jpevlogistics.com\\\/wp-content\\\/uploads\\\/2024\\\/09\\\/798-3.jpg\",\"datePublished\":\"2024-09-18T12:36:20+00:00\",\"dateModified\":\"2024-09-18T12:36:49+00:00\",\"breadcrumb\":{\"@id\":\"https:\\\/\\\/jpevlogistics.com\\\/en\\\/fin-adelantado-de-la-temporada-alta-marca-notable-caida-de-las-tarifas-spot-en-las-principales-rutas\\\/#breadcrumb\"},\"inLanguage\":\"en-US\",\"potentialAction\":[{\"@type\":\"ReadAction\",\"target\":[\"https:\\\/\\\/jpevlogistics.com\\\/en\\\/fin-adelantado-de-la-temporada-alta-marca-notable-caida-de-las-tarifas-spot-en-las-principales-rutas\\\/\"]}]},{\"@type\":\"ImageObject\",\"inLanguage\":\"en-US\",\"@id\":\"https:\\\/\\\/jpevlogistics.com\\\/en\\\/fin-adelantado-de-la-temporada-alta-marca-notable-caida-de-las-tarifas-spot-en-las-principales-rutas\\\/#primaryimage\",\"url\":\"https:\\\/\\\/jpevlogistics.com\\\/wp-content\\\/uploads\\\/2024\\\/09\\\/798-3.jpg\",\"contentUrl\":\"https:\\\/\\\/jpevlogistics.com\\\/wp-content\\\/uploads\\\/2024\\\/09\\\/798-3.jpg\",\"width\":798,\"height\":597},{\"@type\":\"BreadcrumbList\",\"@id\":\"https:\\\/\\\/jpevlogistics.com\\\/en\\\/fin-adelantado-de-la-temporada-alta-marca-notable-caida-de-las-tarifas-spot-en-las-principales-rutas\\\/#breadcrumb\",\"itemListElement\":[{\"@type\":\"ListItem\",\"position\":1,\"name\":\"Portada\",\"item\":\"https:\\\/\\\/jpevlogistics.com\\\/\"},{\"@type\":\"ListItem\",\"position\":2,\"name\":\"Fin adelantado de la temporada alta marca notable ca\u00edda de las tarifas spot en las principales rutas\"}]},{\"@type\":\"WebSite\",\"@id\":\"https:\\\/\\\/jpevlogistics.com\\\/#website\",\"url\":\"https:\\\/\\\/jpevlogistics.com\\\/\",\"name\":\"JPEV Logistics\",\"description\":\"\",\"publisher\":{\"@id\":\"https:\\\/\\\/jpevlogistics.com\\\/#organization\"},\"potentialAction\":[{\"@type\":\"SearchAction\",\"target\":{\"@type\":\"EntryPoint\",\"urlTemplate\":\"https:\\\/\\\/jpevlogistics.com\\\/?s={search_term_string}\"},\"query-input\":{\"@type\":\"PropertyValueSpecification\",\"valueRequired\":true,\"valueName\":\"search_term_string\"}}],\"inLanguage\":\"en-US\"},{\"@type\":\"Organization\",\"@id\":\"https:\\\/\\\/jpevlogistics.com\\\/#organization\",\"name\":\"JPEV Logistics\",\"url\":\"https:\\\/\\\/jpevlogistics.com\\\/\",\"logo\":{\"@type\":\"ImageObject\",\"inLanguage\":\"en-US\",\"@id\":\"https:\\\/\\\/jpevlogistics.com\\\/#\\\/schema\\\/logo\\\/image\\\/\",\"url\":\"https:\\\/\\\/jpevlogistics.com\\\/wp-content\\\/uploads\\\/2020\\\/07\\\/logo.png\",\"contentUrl\":\"https:\\\/\\\/jpevlogistics.com\\\/wp-content\\\/uploads\\\/2020\\\/07\\\/logo.png\",\"width\":214,\"height\":81,\"caption\":\"JPEV Logistics\"},\"image\":{\"@id\":\"https:\\\/\\\/jpevlogistics.com\\\/#\\\/schema\\\/logo\\\/image\\\/\"},\"sameAs\":[\"https:\\\/\\\/www.instagram.com\\\/jpevlogistics\\\/\",\"https:\\\/\\\/www.linkedin.com\\\/company\\\/jpev-logistics\\\/\"]},{\"@type\":\"Person\",\"@id\":\"https:\\\/\\\/jpevlogistics.com\\\/#\\\/schema\\\/person\\\/5cb83ed90e4ad10651470058bc190e62\",\"name\":\"horacio\",\"image\":{\"@type\":\"ImageObject\",\"inLanguage\":\"en-US\",\"@id\":\"https:\\\/\\\/secure.gravatar.com\\\/avatar\\\/49ba85a39487c51406dba7224109c3b2296f15c3dd1931dd024e3f540b12ea7d?s=96&d=mm&r=g\",\"url\":\"https:\\\/\\\/secure.gravatar.com\\\/avatar\\\/49ba85a39487c51406dba7224109c3b2296f15c3dd1931dd024e3f540b12ea7d?s=96&d=mm&r=g\",\"contentUrl\":\"https:\\\/\\\/secure.gravatar.com\\\/avatar\\\/49ba85a39487c51406dba7224109c3b2296f15c3dd1931dd024e3f540b12ea7d?s=96&d=mm&r=g\",\"caption\":\"horacio\"},\"url\":\"https:\\\/\\\/jpevlogistics.com\\\/en\\\/author\\\/horacio\\\/\"}]}<\/script>\n<!-- \/ Yoast SEO plugin. -->","yoast_head_json":{"title":"Fin adelantado de la temporada alta marca notable ca\u00edda de las tarifas spot en las principales rutas - JPEV Logistics","robots":{"index":"index","follow":"follow","max-snippet":"max-snippet:-1","max-image-preview":"max-image-preview:large","max-video-preview":"max-video-preview:-1"},"canonical":"https:\/\/jpevlogistics.com\/en\/fin-adelantado-de-la-temporada-alta-marca-notable-caida-de-las-tarifas-spot-en-las-principales-rutas\/","og_locale":"en_US","og_type":"article","og_title":"Fin adelantado de la temporada alta marca notable ca\u00edda de las tarifas spot en las principales rutas - JPEV Logistics","og_description":"Al parecer las l\u00edneas navieras se han enfrascado en una batalla tarifaria en las \u00faltimas semanas. As\u00ed lo muestra el \u00cdndice de Carga Contenerizada de Shangh\u00e1i (SCFI) que mide tarifas spot y que a comienzos de la semana pasada cay\u00f3 un 8%, siendo las rutas Asia-Norte de Europa y Asia-USEC las que presentaron las bajas [&hellip;]","og_url":"https:\/\/jpevlogistics.com\/en\/fin-adelantado-de-la-temporada-alta-marca-notable-caida-de-las-tarifas-spot-en-las-principales-rutas\/","og_site_name":"JPEV Logistics","article_published_time":"2024-09-18T12:36:20+00:00","article_modified_time":"2024-09-18T12:36:49+00:00","og_image":[{"width":798,"height":597,"url":"https:\/\/jpevlogistics.com\/wp-content\/uploads\/2024\/09\/798-3.jpg","type":"image\/jpeg"}],"author":"horacio","twitter_card":"summary_large_image","twitter_misc":{"Written by":"horacio","Est. reading time":"4 minutes"},"schema":{"@context":"https:\/\/schema.org","@graph":[{"@type":"Article","@id":"https:\/\/jpevlogistics.com\/en\/fin-adelantado-de-la-temporada-alta-marca-notable-caida-de-las-tarifas-spot-en-las-principales-rutas\/#article","isPartOf":{"@id":"https:\/\/jpevlogistics.com\/en\/fin-adelantado-de-la-temporada-alta-marca-notable-caida-de-las-tarifas-spot-en-las-principales-rutas\/"},"author":{"name":"horacio","@id":"https:\/\/jpevlogistics.com\/#\/schema\/person\/5cb83ed90e4ad10651470058bc190e62"},"headline":"Fin adelantado de la temporada alta marca notable ca\u00edda de las tarifas spot en las principales rutas","datePublished":"2024-09-18T12:36:20+00:00","dateModified":"2024-09-18T12:36:49+00:00","mainEntityOfPage":{"@id":"https:\/\/jpevlogistics.com\/en\/fin-adelantado-de-la-temporada-alta-marca-notable-caida-de-las-tarifas-spot-en-las-principales-rutas\/"},"wordCount":844,"commentCount":0,"publisher":{"@id":"https:\/\/jpevlogistics.com\/#organization"},"image":{"@id":"https:\/\/jpevlogistics.com\/en\/fin-adelantado-de-la-temporada-alta-marca-notable-caida-de-las-tarifas-spot-en-las-principales-rutas\/#primaryimage"},"thumbnailUrl":"https:\/\/jpevlogistics.com\/wp-content\/uploads\/2024\/09\/798-3.jpg","articleSection":["Sin categor\u00eda"],"inLanguage":"en-US","potentialAction":[{"@type":"CommentAction","name":"Comment","target":["https:\/\/jpevlogistics.com\/en\/fin-adelantado-de-la-temporada-alta-marca-notable-caida-de-las-tarifas-spot-en-las-principales-rutas\/#respond"]}]},{"@type":"WebPage","@id":"https:\/\/jpevlogistics.com\/en\/fin-adelantado-de-la-temporada-alta-marca-notable-caida-de-las-tarifas-spot-en-las-principales-rutas\/","url":"https:\/\/jpevlogistics.com\/en\/fin-adelantado-de-la-temporada-alta-marca-notable-caida-de-las-tarifas-spot-en-las-principales-rutas\/","name":"Fin adelantado de la temporada alta marca notable ca\u00edda de las tarifas spot en las principales rutas - JPEV Logistics","isPartOf":{"@id":"https:\/\/jpevlogistics.com\/#website"},"primaryImageOfPage":{"@id":"https:\/\/jpevlogistics.com\/en\/fin-adelantado-de-la-temporada-alta-marca-notable-caida-de-las-tarifas-spot-en-las-principales-rutas\/#primaryimage"},"image":{"@id":"https:\/\/jpevlogistics.com\/en\/fin-adelantado-de-la-temporada-alta-marca-notable-caida-de-las-tarifas-spot-en-las-principales-rutas\/#primaryimage"},"thumbnailUrl":"https:\/\/jpevlogistics.com\/wp-content\/uploads\/2024\/09\/798-3.jpg","datePublished":"2024-09-18T12:36:20+00:00","dateModified":"2024-09-18T12:36:49+00:00","breadcrumb":{"@id":"https:\/\/jpevlogistics.com\/en\/fin-adelantado-de-la-temporada-alta-marca-notable-caida-de-las-tarifas-spot-en-las-principales-rutas\/#breadcrumb"},"inLanguage":"en-US","potentialAction":[{"@type":"ReadAction","target":["https:\/\/jpevlogistics.com\/en\/fin-adelantado-de-la-temporada-alta-marca-notable-caida-de-las-tarifas-spot-en-las-principales-rutas\/"]}]},{"@type":"ImageObject","inLanguage":"en-US","@id":"https:\/\/jpevlogistics.com\/en\/fin-adelantado-de-la-temporada-alta-marca-notable-caida-de-las-tarifas-spot-en-las-principales-rutas\/#primaryimage","url":"https:\/\/jpevlogistics.com\/wp-content\/uploads\/2024\/09\/798-3.jpg","contentUrl":"https:\/\/jpevlogistics.com\/wp-content\/uploads\/2024\/09\/798-3.jpg","width":798,"height":597},{"@type":"BreadcrumbList","@id":"https:\/\/jpevlogistics.com\/en\/fin-adelantado-de-la-temporada-alta-marca-notable-caida-de-las-tarifas-spot-en-las-principales-rutas\/#breadcrumb","itemListElement":[{"@type":"ListItem","position":1,"name":"Portada","item":"https:\/\/jpevlogistics.com\/"},{"@type":"ListItem","position":2,"name":"Fin adelantado de la temporada alta marca notable ca\u00edda de las tarifas spot en las principales rutas"}]},{"@type":"WebSite","@id":"https:\/\/jpevlogistics.com\/#website","url":"https:\/\/jpevlogistics.com\/","name":"JPEV Logistics","description":"","publisher":{"@id":"https:\/\/jpevlogistics.com\/#organization"},"potentialAction":[{"@type":"SearchAction","target":{"@type":"EntryPoint","urlTemplate":"https:\/\/jpevlogistics.com\/?s={search_term_string}"},"query-input":{"@type":"PropertyValueSpecification","valueRequired":true,"valueName":"search_term_string"}}],"inLanguage":"en-US"},{"@type":"Organization","@id":"https:\/\/jpevlogistics.com\/#organization","name":"JPEV Logistics","url":"https:\/\/jpevlogistics.com\/","logo":{"@type":"ImageObject","inLanguage":"en-US","@id":"https:\/\/jpevlogistics.com\/#\/schema\/logo\/image\/","url":"https:\/\/jpevlogistics.com\/wp-content\/uploads\/2020\/07\/logo.png","contentUrl":"https:\/\/jpevlogistics.com\/wp-content\/uploads\/2020\/07\/logo.png","width":214,"height":81,"caption":"JPEV Logistics"},"image":{"@id":"https:\/\/jpevlogistics.com\/#\/schema\/logo\/image\/"},"sameAs":["https:\/\/www.instagram.com\/jpevlogistics\/","https:\/\/www.linkedin.com\/company\/jpev-logistics\/"]},{"@type":"Person","@id":"https:\/\/jpevlogistics.com\/#\/schema\/person\/5cb83ed90e4ad10651470058bc190e62","name":"horacio","image":{"@type":"ImageObject","inLanguage":"en-US","@id":"https:\/\/secure.gravatar.com\/avatar\/49ba85a39487c51406dba7224109c3b2296f15c3dd1931dd024e3f540b12ea7d?s=96&d=mm&r=g","url":"https:\/\/secure.gravatar.com\/avatar\/49ba85a39487c51406dba7224109c3b2296f15c3dd1931dd024e3f540b12ea7d?s=96&d=mm&r=g","contentUrl":"https:\/\/secure.gravatar.com\/avatar\/49ba85a39487c51406dba7224109c3b2296f15c3dd1931dd024e3f540b12ea7d?s=96&d=mm&r=g","caption":"horacio"},"url":"https:\/\/jpevlogistics.com\/en\/author\/horacio\/"}]}},"_links":{"self":[{"href":"https:\/\/jpevlogistics.com\/en\/wp-json\/wp\/v2\/posts\/3829","targetHints":{"allow":["GET"]}}],"collection":[{"href":"https:\/\/jpevlogistics.com\/en\/wp-json\/wp\/v2\/posts"}],"about":[{"href":"https:\/\/jpevlogistics.com\/en\/wp-json\/wp\/v2\/types\/post"}],"author":[{"embeddable":true,"href":"https:\/\/jpevlogistics.com\/en\/wp-json\/wp\/v2\/users\/4"}],"replies":[{"embeddable":true,"href":"https:\/\/jpevlogistics.com\/en\/wp-json\/wp\/v2\/comments?post=3829"}],"version-history":[{"count":2,"href":"https:\/\/jpevlogistics.com\/en\/wp-json\/wp\/v2\/posts\/3829\/revisions"}],"predecessor-version":[{"id":3833,"href":"https:\/\/jpevlogistics.com\/en\/wp-json\/wp\/v2\/posts\/3829\/revisions\/3833"}],"wp:featuredmedia":[{"embeddable":true,"href":"https:\/\/jpevlogistics.com\/en\/wp-json\/wp\/v2\/media\/3830"}],"wp:attachment":[{"href":"https:\/\/jpevlogistics.com\/en\/wp-json\/wp\/v2\/media?parent=3829"}],"wp:term":[{"taxonomy":"category","embeddable":true,"href":"https:\/\/jpevlogistics.com\/en\/wp-json\/wp\/v2\/categories?post=3829"},{"taxonomy":"post_tag","embeddable":true,"href":"https:\/\/jpevlogistics.com\/en\/wp-json\/wp\/v2\/tags?post=3829"}],"curies":[{"name":"wp","href":"https:\/\/api.w.org\/{rel}","templated":true}]}}