{"id":3848,"date":"2024-09-24T14:44:53","date_gmt":"2024-09-24T14:44:53","guid":{"rendered":"https:\/\/jpevlogistics.com\/?p=3848"},"modified":"2024-09-24T14:54:52","modified_gmt":"2024-09-24T14:54:52","slug":"norcoast-anadira-al-puerto-de-itajai-en-su-servicio-de-cabotaje-en-brasil","status":"publish","type":"post","link":"https:\/\/jpevlogistics.com\/en\/norcoast-anadira-al-puerto-de-itajai-en-su-servicio-de-cabotaje-en-brasil\/","title":{"rendered":"Norcoast a\u00f1adir\u00e1 al puerto de Itaja\u00ed en su servicio de cabotaje en Brasil"},"content":{"rendered":"<p>Norcoast, empresa conjunta brasile\u00f1a de transporte de contenedores de cabotaje Hapag-Lloyd y Norsul, comenzar\u00e1 a prestar servicio de cabotaje en el puerto de Itaja\u00ed, a partir de principios de octubre.&nbsp;<\/p>\n\n\n\n<p>De acuerdo con&nbsp;<a href=\"https:\/\/public.axsmarine.com\/alphaliner\">Alphaliner<\/a>, el servicio recalar\u00e1 a partir de ahora en Santos, Itaja\u00ed, Paranagu\u00e1, Suape, Pec\u00e9m, Manaos, Pec\u00e9m, Suape, Santos. El itinerario se completar\u00e1 en cuatro semanas, ofreciendo zarpes semanales.&nbsp;<\/p>\n\n\n\n<figure class=\"wp-block-image aligncenter size-full is-resized\"><img fetchpriority=\"high\" decoding=\"async\" width=\"798\" height=\"598\" src=\"https:\/\/jpevlogistics.com\/wp-content\/uploads\/2024\/09\/image.png\" alt=\"\" class=\"wp-image-3849\" style=\"width:617px;height:auto\" srcset=\"https:\/\/jpevlogistics.com\/wp-content\/uploads\/2024\/09\/image.png 798w, https:\/\/jpevlogistics.com\/wp-content\/uploads\/2024\/09\/image-300x225.png 300w, https:\/\/jpevlogistics.com\/wp-content\/uploads\/2024\/09\/image-768x576.png 768w, https:\/\/jpevlogistics.com\/wp-content\/uploads\/2024\/09\/image-16x12.png 16w\" sizes=\"(max-width: 798px) 100vw, 798px\" \/><\/figure>\n\n\n\n<p>La flota desplegada consiste en cuatro buques ex-holandeses &#8216;SDARI 3500&#8217; de 3.510 TEUs proporcionados por Hapag-Lloyd, el \u201cNC Bruma\u201d (originalmente \u201cNiledutch Dordrecht), \u201cNC Brenda\u201d (\u201cNiledutch Breda\u201d), \u201cNC Bravo\u201d (Niledutch Antwepen) y el \u201cNC Brisa\u201d (\u201cNiledutch Rotterdam).&nbsp;<\/p>\n\n\n\n<p>Norcoast es una naviera nueva, que inici\u00f3 sus actividades de cabotaje de contenedores en Brasil en febrero de este a\u00f1o.<\/p>","protected":false},"excerpt":{"rendered":"<p>Norcoast, empresa conjunta brasile\u00f1a de transporte de contenedores de cabotaje Hapag-Lloyd y Norsul, comenzar\u00e1 a prestar servicio de cabotaje en el puerto de Itaja\u00ed, a partir de principios de octubre.&nbsp; De acuerdo con&nbsp;Alphaliner, el servicio recalar\u00e1 a partir de ahora en Santos, Itaja\u00ed, Paranagu\u00e1, Suape, Pec\u00e9m, Manaos, Pec\u00e9m, Suape, Santos. El itinerario se completar\u00e1 en [&hellip;]<\/p>\n","protected":false},"author":4,"featured_media":3854,"comment_status":"open","ping_status":"open","sticky":false,"template":"","format":"standard","meta":{"footnotes":""},"categories":[1],"tags":[],"class_list":["post-3848","post","type-post","status-publish","format-standard","has-post-thumbnail","hentry","category-sin-categoria"],"yoast_head":"<!-- This site is optimized with the Yoast SEO plugin v27.4 - https:\/\/yoast.com\/product\/yoast-seo-wordpress\/ -->\n<title>Norcoast a\u00f1adir\u00e1 al puerto de Itaja\u00ed en su servicio de cabotaje en Brasil - JPEV Logistics<\/title>\n<meta name=\"robots\" content=\"index, follow, max-snippet:-1, max-image-preview:large, max-video-preview:-1\" \/>\n<link rel=\"canonical\" href=\"https:\/\/jpevlogistics.com\/en\/norcoast-anadira-al-puerto-de-itajai-en-su-servicio-de-cabotaje-en-brasil\/\" \/>\n<meta property=\"og:locale\" content=\"en_US\" \/>\n<meta property=\"og:type\" content=\"article\" \/>\n<meta property=\"og:title\" content=\"Norcoast a\u00f1adir\u00e1 al puerto de Itaja\u00ed en su servicio de cabotaje en Brasil - JPEV Logistics\" \/>\n<meta property=\"og:description\" content=\"Norcoast, empresa conjunta brasile\u00f1a de transporte de contenedores de cabotaje Hapag-Lloyd y Norsul, comenzar\u00e1 a prestar servicio de cabotaje en el puerto de Itaja\u00ed, a partir de principios de octubre.&nbsp; De acuerdo con&nbsp;Alphaliner, el servicio recalar\u00e1 a partir de ahora en Santos, Itaja\u00ed, Paranagu\u00e1, Suape, Pec\u00e9m, Manaos, Pec\u00e9m, Suape, Santos. El itinerario se completar\u00e1 en [&hellip;]\" \/>\n<meta property=\"og:url\" content=\"https:\/\/jpevlogistics.com\/en\/norcoast-anadira-al-puerto-de-itajai-en-su-servicio-de-cabotaje-en-brasil\/\" \/>\n<meta property=\"og:site_name\" content=\"JPEV Logistics\" \/>\n<meta property=\"article:published_time\" content=\"2024-09-24T14:44:53+00:00\" \/>\n<meta property=\"article:modified_time\" content=\"2024-09-24T14:54:52+00:00\" \/>\n<meta property=\"og:image\" content=\"https:\/\/jpevlogistics.com\/wp-content\/uploads\/2024\/09\/798-11.jpg\" \/>\n\t<meta property=\"og:image:width\" content=\"798\" \/>\n\t<meta property=\"og:image:height\" content=\"598\" \/>\n\t<meta property=\"og:image:type\" content=\"image\/jpeg\" \/>\n<meta name=\"author\" content=\"horacio\" \/>\n<meta name=\"twitter:card\" content=\"summary_large_image\" \/>\n<meta name=\"twitter:label1\" content=\"Written by\" \/>\n\t<meta name=\"twitter:data1\" content=\"horacio\" \/>\n\t<meta name=\"twitter:label2\" content=\"Est. reading time\" \/>\n\t<meta name=\"twitter:data2\" content=\"1 minute\" \/>\n<script type=\"application\/ld+json\" class=\"yoast-schema-graph\">{\"@context\":\"https:\\\/\\\/schema.org\",\"@graph\":[{\"@type\":\"Article\",\"@id\":\"https:\\\/\\\/jpevlogistics.com\\\/norcoast-anadira-al-puerto-de-itajai-en-su-servicio-de-cabotaje-en-brasil\\\/#article\",\"isPartOf\":{\"@id\":\"https:\\\/\\\/jpevlogistics.com\\\/norcoast-anadira-al-puerto-de-itajai-en-su-servicio-de-cabotaje-en-brasil\\\/\"},\"author\":{\"name\":\"horacio\",\"@id\":\"https:\\\/\\\/jpevlogistics.com\\\/#\\\/schema\\\/person\\\/5cb83ed90e4ad10651470058bc190e62\"},\"headline\":\"Norcoast a\u00f1adir\u00e1 al puerto de Itaja\u00ed en su servicio de cabotaje en Brasil\",\"datePublished\":\"2024-09-24T14:44:53+00:00\",\"dateModified\":\"2024-09-24T14:54:52+00:00\",\"mainEntityOfPage\":{\"@id\":\"https:\\\/\\\/jpevlogistics.com\\\/norcoast-anadira-al-puerto-de-itajai-en-su-servicio-de-cabotaje-en-brasil\\\/\"},\"wordCount\":137,\"commentCount\":0,\"publisher\":{\"@id\":\"https:\\\/\\\/jpevlogistics.com\\\/#organization\"},\"image\":{\"@id\":\"https:\\\/\\\/jpevlogistics.com\\\/norcoast-anadira-al-puerto-de-itajai-en-su-servicio-de-cabotaje-en-brasil\\\/#primaryimage\"},\"thumbnailUrl\":\"https:\\\/\\\/jpevlogistics.com\\\/wp-content\\\/uploads\\\/2024\\\/09\\\/798-11.jpg\",\"articleSection\":[\"Sin categor\u00eda\"],\"inLanguage\":\"en-US\",\"potentialAction\":[{\"@type\":\"CommentAction\",\"name\":\"Comment\",\"target\":[\"https:\\\/\\\/jpevlogistics.com\\\/norcoast-anadira-al-puerto-de-itajai-en-su-servicio-de-cabotaje-en-brasil\\\/#respond\"]}]},{\"@type\":\"WebPage\",\"@id\":\"https:\\\/\\\/jpevlogistics.com\\\/norcoast-anadira-al-puerto-de-itajai-en-su-servicio-de-cabotaje-en-brasil\\\/\",\"url\":\"https:\\\/\\\/jpevlogistics.com\\\/norcoast-anadira-al-puerto-de-itajai-en-su-servicio-de-cabotaje-en-brasil\\\/\",\"name\":\"Norcoast a\u00f1adir\u00e1 al puerto de Itaja\u00ed en su servicio de cabotaje en Brasil - JPEV Logistics\",\"isPartOf\":{\"@id\":\"https:\\\/\\\/jpevlogistics.com\\\/#website\"},\"primaryImageOfPage\":{\"@id\":\"https:\\\/\\\/jpevlogistics.com\\\/norcoast-anadira-al-puerto-de-itajai-en-su-servicio-de-cabotaje-en-brasil\\\/#primaryimage\"},\"image\":{\"@id\":\"https:\\\/\\\/jpevlogistics.com\\\/norcoast-anadira-al-puerto-de-itajai-en-su-servicio-de-cabotaje-en-brasil\\\/#primaryimage\"},\"thumbnailUrl\":\"https:\\\/\\\/jpevlogistics.com\\\/wp-content\\\/uploads\\\/2024\\\/09\\\/798-11.jpg\",\"datePublished\":\"2024-09-24T14:44:53+00:00\",\"dateModified\":\"2024-09-24T14:54:52+00:00\",\"breadcrumb\":{\"@id\":\"https:\\\/\\\/jpevlogistics.com\\\/norcoast-anadira-al-puerto-de-itajai-en-su-servicio-de-cabotaje-en-brasil\\\/#breadcrumb\"},\"inLanguage\":\"en-US\",\"potentialAction\":[{\"@type\":\"ReadAction\",\"target\":[\"https:\\\/\\\/jpevlogistics.com\\\/norcoast-anadira-al-puerto-de-itajai-en-su-servicio-de-cabotaje-en-brasil\\\/\"]}]},{\"@type\":\"ImageObject\",\"inLanguage\":\"en-US\",\"@id\":\"https:\\\/\\\/jpevlogistics.com\\\/norcoast-anadira-al-puerto-de-itajai-en-su-servicio-de-cabotaje-en-brasil\\\/#primaryimage\",\"url\":\"https:\\\/\\\/jpevlogistics.com\\\/wp-content\\\/uploads\\\/2024\\\/09\\\/798-11.jpg\",\"contentUrl\":\"https:\\\/\\\/jpevlogistics.com\\\/wp-content\\\/uploads\\\/2024\\\/09\\\/798-11.jpg\",\"width\":798,\"height\":598},{\"@type\":\"BreadcrumbList\",\"@id\":\"https:\\\/\\\/jpevlogistics.com\\\/norcoast-anadira-al-puerto-de-itajai-en-su-servicio-de-cabotaje-en-brasil\\\/#breadcrumb\",\"itemListElement\":[{\"@type\":\"ListItem\",\"position\":1,\"name\":\"Portada\",\"item\":\"https:\\\/\\\/jpevlogistics.com\\\/\"},{\"@type\":\"ListItem\",\"position\":2,\"name\":\"Norcoast a\u00f1adir\u00e1 al puerto de Itaja\u00ed en su servicio de cabotaje en Brasil\"}]},{\"@type\":\"WebSite\",\"@id\":\"https:\\\/\\\/jpevlogistics.com\\\/#website\",\"url\":\"https:\\\/\\\/jpevlogistics.com\\\/\",\"name\":\"JPEV Logistics\",\"description\":\"\",\"publisher\":{\"@id\":\"https:\\\/\\\/jpevlogistics.com\\\/#organization\"},\"potentialAction\":[{\"@type\":\"SearchAction\",\"target\":{\"@type\":\"EntryPoint\",\"urlTemplate\":\"https:\\\/\\\/jpevlogistics.com\\\/?s={search_term_string}\"},\"query-input\":{\"@type\":\"PropertyValueSpecification\",\"valueRequired\":true,\"valueName\":\"search_term_string\"}}],\"inLanguage\":\"en-US\"},{\"@type\":\"Organization\",\"@id\":\"https:\\\/\\\/jpevlogistics.com\\\/#organization\",\"name\":\"JPEV Logistics\",\"url\":\"https:\\\/\\\/jpevlogistics.com\\\/\",\"logo\":{\"@type\":\"ImageObject\",\"inLanguage\":\"en-US\",\"@id\":\"https:\\\/\\\/jpevlogistics.com\\\/#\\\/schema\\\/logo\\\/image\\\/\",\"url\":\"https:\\\/\\\/jpevlogistics.com\\\/wp-content\\\/uploads\\\/2020\\\/07\\\/logo.png\",\"contentUrl\":\"https:\\\/\\\/jpevlogistics.com\\\/wp-content\\\/uploads\\\/2020\\\/07\\\/logo.png\",\"width\":214,\"height\":81,\"caption\":\"JPEV Logistics\"},\"image\":{\"@id\":\"https:\\\/\\\/jpevlogistics.com\\\/#\\\/schema\\\/logo\\\/image\\\/\"},\"sameAs\":[\"https:\\\/\\\/www.instagram.com\\\/jpevlogistics\\\/\",\"https:\\\/\\\/www.linkedin.com\\\/company\\\/jpev-logistics\\\/\"]},{\"@type\":\"Person\",\"@id\":\"https:\\\/\\\/jpevlogistics.com\\\/#\\\/schema\\\/person\\\/5cb83ed90e4ad10651470058bc190e62\",\"name\":\"horacio\",\"image\":{\"@type\":\"ImageObject\",\"inLanguage\":\"en-US\",\"@id\":\"https:\\\/\\\/secure.gravatar.com\\\/avatar\\\/49ba85a39487c51406dba7224109c3b2296f15c3dd1931dd024e3f540b12ea7d?s=96&d=mm&r=g\",\"url\":\"https:\\\/\\\/secure.gravatar.com\\\/avatar\\\/49ba85a39487c51406dba7224109c3b2296f15c3dd1931dd024e3f540b12ea7d?s=96&d=mm&r=g\",\"contentUrl\":\"https:\\\/\\\/secure.gravatar.com\\\/avatar\\\/49ba85a39487c51406dba7224109c3b2296f15c3dd1931dd024e3f540b12ea7d?s=96&d=mm&r=g\",\"caption\":\"horacio\"},\"url\":\"https:\\\/\\\/jpevlogistics.com\\\/en\\\/author\\\/horacio\\\/\"}]}<\/script>\n<!-- \/ Yoast SEO plugin. -->","yoast_head_json":{"title":"Norcoast a\u00f1adir\u00e1 al puerto de Itaja\u00ed en su servicio de cabotaje en Brasil - JPEV Logistics","robots":{"index":"index","follow":"follow","max-snippet":"max-snippet:-1","max-image-preview":"max-image-preview:large","max-video-preview":"max-video-preview:-1"},"canonical":"https:\/\/jpevlogistics.com\/en\/norcoast-anadira-al-puerto-de-itajai-en-su-servicio-de-cabotaje-en-brasil\/","og_locale":"en_US","og_type":"article","og_title":"Norcoast a\u00f1adir\u00e1 al puerto de Itaja\u00ed en su servicio de cabotaje en Brasil - JPEV Logistics","og_description":"Norcoast, empresa conjunta brasile\u00f1a de transporte de contenedores de cabotaje Hapag-Lloyd y Norsul, comenzar\u00e1 a prestar servicio de cabotaje en el puerto de Itaja\u00ed, a partir de principios de octubre.&nbsp; De acuerdo con&nbsp;Alphaliner, el servicio recalar\u00e1 a partir de ahora en Santos, Itaja\u00ed, Paranagu\u00e1, Suape, Pec\u00e9m, Manaos, Pec\u00e9m, Suape, Santos. El itinerario se completar\u00e1 en [&hellip;]","og_url":"https:\/\/jpevlogistics.com\/en\/norcoast-anadira-al-puerto-de-itajai-en-su-servicio-de-cabotaje-en-brasil\/","og_site_name":"JPEV Logistics","article_published_time":"2024-09-24T14:44:53+00:00","article_modified_time":"2024-09-24T14:54:52+00:00","og_image":[{"width":798,"height":598,"url":"https:\/\/jpevlogistics.com\/wp-content\/uploads\/2024\/09\/798-11.jpg","type":"image\/jpeg"}],"author":"horacio","twitter_card":"summary_large_image","twitter_misc":{"Written by":"horacio","Est. reading time":"1 minute"},"schema":{"@context":"https:\/\/schema.org","@graph":[{"@type":"Article","@id":"https:\/\/jpevlogistics.com\/norcoast-anadira-al-puerto-de-itajai-en-su-servicio-de-cabotaje-en-brasil\/#article","isPartOf":{"@id":"https:\/\/jpevlogistics.com\/norcoast-anadira-al-puerto-de-itajai-en-su-servicio-de-cabotaje-en-brasil\/"},"author":{"name":"horacio","@id":"https:\/\/jpevlogistics.com\/#\/schema\/person\/5cb83ed90e4ad10651470058bc190e62"},"headline":"Norcoast a\u00f1adir\u00e1 al puerto de Itaja\u00ed en su servicio de cabotaje en Brasil","datePublished":"2024-09-24T14:44:53+00:00","dateModified":"2024-09-24T14:54:52+00:00","mainEntityOfPage":{"@id":"https:\/\/jpevlogistics.com\/norcoast-anadira-al-puerto-de-itajai-en-su-servicio-de-cabotaje-en-brasil\/"},"wordCount":137,"commentCount":0,"publisher":{"@id":"https:\/\/jpevlogistics.com\/#organization"},"image":{"@id":"https:\/\/jpevlogistics.com\/norcoast-anadira-al-puerto-de-itajai-en-su-servicio-de-cabotaje-en-brasil\/#primaryimage"},"thumbnailUrl":"https:\/\/jpevlogistics.com\/wp-content\/uploads\/2024\/09\/798-11.jpg","articleSection":["Sin categor\u00eda"],"inLanguage":"en-US","potentialAction":[{"@type":"CommentAction","name":"Comment","target":["https:\/\/jpevlogistics.com\/norcoast-anadira-al-puerto-de-itajai-en-su-servicio-de-cabotaje-en-brasil\/#respond"]}]},{"@type":"WebPage","@id":"https:\/\/jpevlogistics.com\/norcoast-anadira-al-puerto-de-itajai-en-su-servicio-de-cabotaje-en-brasil\/","url":"https:\/\/jpevlogistics.com\/norcoast-anadira-al-puerto-de-itajai-en-su-servicio-de-cabotaje-en-brasil\/","name":"Norcoast a\u00f1adir\u00e1 al puerto de Itaja\u00ed en su servicio de cabotaje en Brasil - JPEV Logistics","isPartOf":{"@id":"https:\/\/jpevlogistics.com\/#website"},"primaryImageOfPage":{"@id":"https:\/\/jpevlogistics.com\/norcoast-anadira-al-puerto-de-itajai-en-su-servicio-de-cabotaje-en-brasil\/#primaryimage"},"image":{"@id":"https:\/\/jpevlogistics.com\/norcoast-anadira-al-puerto-de-itajai-en-su-servicio-de-cabotaje-en-brasil\/#primaryimage"},"thumbnailUrl":"https:\/\/jpevlogistics.com\/wp-content\/uploads\/2024\/09\/798-11.jpg","datePublished":"2024-09-24T14:44:53+00:00","dateModified":"2024-09-24T14:54:52+00:00","breadcrumb":{"@id":"https:\/\/jpevlogistics.com\/norcoast-anadira-al-puerto-de-itajai-en-su-servicio-de-cabotaje-en-brasil\/#breadcrumb"},"inLanguage":"en-US","potentialAction":[{"@type":"ReadAction","target":["https:\/\/jpevlogistics.com\/norcoast-anadira-al-puerto-de-itajai-en-su-servicio-de-cabotaje-en-brasil\/"]}]},{"@type":"ImageObject","inLanguage":"en-US","@id":"https:\/\/jpevlogistics.com\/norcoast-anadira-al-puerto-de-itajai-en-su-servicio-de-cabotaje-en-brasil\/#primaryimage","url":"https:\/\/jpevlogistics.com\/wp-content\/uploads\/2024\/09\/798-11.jpg","contentUrl":"https:\/\/jpevlogistics.com\/wp-content\/uploads\/2024\/09\/798-11.jpg","width":798,"height":598},{"@type":"BreadcrumbList","@id":"https:\/\/jpevlogistics.com\/norcoast-anadira-al-puerto-de-itajai-en-su-servicio-de-cabotaje-en-brasil\/#breadcrumb","itemListElement":[{"@type":"ListItem","position":1,"name":"Portada","item":"https:\/\/jpevlogistics.com\/"},{"@type":"ListItem","position":2,"name":"Norcoast a\u00f1adir\u00e1 al puerto de Itaja\u00ed en su servicio de cabotaje en Brasil"}]},{"@type":"WebSite","@id":"https:\/\/jpevlogistics.com\/#website","url":"https:\/\/jpevlogistics.com\/","name":"JPEV Logistics","description":"","publisher":{"@id":"https:\/\/jpevlogistics.com\/#organization"},"potentialAction":[{"@type":"SearchAction","target":{"@type":"EntryPoint","urlTemplate":"https:\/\/jpevlogistics.com\/?s={search_term_string}"},"query-input":{"@type":"PropertyValueSpecification","valueRequired":true,"valueName":"search_term_string"}}],"inLanguage":"en-US"},{"@type":"Organization","@id":"https:\/\/jpevlogistics.com\/#organization","name":"JPEV Logistics","url":"https:\/\/jpevlogistics.com\/","logo":{"@type":"ImageObject","inLanguage":"en-US","@id":"https:\/\/jpevlogistics.com\/#\/schema\/logo\/image\/","url":"https:\/\/jpevlogistics.com\/wp-content\/uploads\/2020\/07\/logo.png","contentUrl":"https:\/\/jpevlogistics.com\/wp-content\/uploads\/2020\/07\/logo.png","width":214,"height":81,"caption":"JPEV Logistics"},"image":{"@id":"https:\/\/jpevlogistics.com\/#\/schema\/logo\/image\/"},"sameAs":["https:\/\/www.instagram.com\/jpevlogistics\/","https:\/\/www.linkedin.com\/company\/jpev-logistics\/"]},{"@type":"Person","@id":"https:\/\/jpevlogistics.com\/#\/schema\/person\/5cb83ed90e4ad10651470058bc190e62","name":"horacio","image":{"@type":"ImageObject","inLanguage":"en-US","@id":"https:\/\/secure.gravatar.com\/avatar\/49ba85a39487c51406dba7224109c3b2296f15c3dd1931dd024e3f540b12ea7d?s=96&d=mm&r=g","url":"https:\/\/secure.gravatar.com\/avatar\/49ba85a39487c51406dba7224109c3b2296f15c3dd1931dd024e3f540b12ea7d?s=96&d=mm&r=g","contentUrl":"https:\/\/secure.gravatar.com\/avatar\/49ba85a39487c51406dba7224109c3b2296f15c3dd1931dd024e3f540b12ea7d?s=96&d=mm&r=g","caption":"horacio"},"url":"https:\/\/jpevlogistics.com\/en\/author\/horacio\/"}]}},"_links":{"self":[{"href":"https:\/\/jpevlogistics.com\/en\/wp-json\/wp\/v2\/posts\/3848","targetHints":{"allow":["GET"]}}],"collection":[{"href":"https:\/\/jpevlogistics.com\/en\/wp-json\/wp\/v2\/posts"}],"about":[{"href":"https:\/\/jpevlogistics.com\/en\/wp-json\/wp\/v2\/types\/post"}],"author":[{"embeddable":true,"href":"https:\/\/jpevlogistics.com\/en\/wp-json\/wp\/v2\/users\/4"}],"replies":[{"embeddable":true,"href":"https:\/\/jpevlogistics.com\/en\/wp-json\/wp\/v2\/comments?post=3848"}],"version-history":[{"count":2,"href":"https:\/\/jpevlogistics.com\/en\/wp-json\/wp\/v2\/posts\/3848\/revisions"}],"predecessor-version":[{"id":3853,"href":"https:\/\/jpevlogistics.com\/en\/wp-json\/wp\/v2\/posts\/3848\/revisions\/3853"}],"wp:featuredmedia":[{"embeddable":true,"href":"https:\/\/jpevlogistics.com\/en\/wp-json\/wp\/v2\/media\/3854"}],"wp:attachment":[{"href":"https:\/\/jpevlogistics.com\/en\/wp-json\/wp\/v2\/media?parent=3848"}],"wp:term":[{"taxonomy":"category","embeddable":true,"href":"https:\/\/jpevlogistics.com\/en\/wp-json\/wp\/v2\/categories?post=3848"},{"taxonomy":"post_tag","embeddable":true,"href":"https:\/\/jpevlogistics.com\/en\/wp-json\/wp\/v2\/tags?post=3848"}],"curies":[{"name":"wp","href":"https:\/\/api.w.org\/{rel}","templated":true}]}}