{"id":4104,"date":"2025-04-07T15:48:33","date_gmt":"2025-04-07T15:48:33","guid":{"rendered":"https:\/\/jpevlogistics.com\/?p=4104"},"modified":"2025-04-07T15:49:48","modified_gmt":"2025-04-07T15:49:48","slug":"porto-xavier-san-javier-un-paso-fronterizo-clave-en-la-conexion-comercial-entre-argentina-y-brasil","status":"publish","type":"post","link":"https:\/\/jpevlogistics.com\/en\/porto-xavier-san-javier-un-paso-fronterizo-clave-en-la-conexion-comercial-entre-argentina-y-brasil\/","title":{"rendered":"Porto Xavier &#8211; San Javier: Un paso fronterizo clave en la conexi\u00f3n comercial entre Argentina y Brasil"},"content":{"rendered":"<figure class=\"wp-block-gallery has-nested-images columns-default is-cropped wp-block-gallery-1 is-layout-flex wp-block-gallery-is-layout-flex\">\n<figure class=\"wp-block-image size-large\"><img fetchpriority=\"high\" decoding=\"async\" width=\"1000\" height=\"563\" data-id=\"4073\" src=\"https:\/\/jpevlogistics.com\/wp-content\/uploads\/2021\/04\/Balsa-San-Javier-puerto-Paso-Barca-camiones-frontera.jpg\" alt=\"\" class=\"wp-image-4073\" srcset=\"https:\/\/jpevlogistics.com\/wp-content\/uploads\/2021\/04\/Balsa-San-Javier-puerto-Paso-Barca-camiones-frontera.jpg 1000w, https:\/\/jpevlogistics.com\/wp-content\/uploads\/2021\/04\/Balsa-San-Javier-puerto-Paso-Barca-camiones-frontera-300x169.jpg 300w, https:\/\/jpevlogistics.com\/wp-content\/uploads\/2021\/04\/Balsa-San-Javier-puerto-Paso-Barca-camiones-frontera-768x432.jpg 768w, https:\/\/jpevlogistics.com\/wp-content\/uploads\/2021\/04\/Balsa-San-Javier-puerto-Paso-Barca-camiones-frontera-18x10.jpg 18w\" sizes=\"(max-width: 1000px) 100vw, 1000px\" \/><\/figure>\n<\/figure>\n\n\n\n<p>El comercio entre Argentina y Brasil representa m\u00e1s del 20% del intercambio total dentro del Mercosur, y el transporte terrestre es la columna vertebral de esta relaci\u00f3n. Si bien los pasos tradicionales como <strong>Uruguaiana &#8211; Paso de los Libres<\/strong> y <strong>S\u00e3o Borja &#8211; Santo Tom\u00e9<\/strong> siguen concentrando gran parte del flujo de cargas, <strong>Porto Xavier &#8211; San Javier<\/strong> comenz\u00f3 a destacarse como una alternativa \u00e1gil y eficiente para cruzar la frontera.<\/p>\n\n\n\n<p>Este cruce, que conecta el estado de <strong>R\u00edo Grande do Sul<\/strong> con la provincia de <strong>Misiones<\/strong>, est\u00e1 ganando terreno por su rapidez en los tr\u00e1mites aduaneros y su menor nivel de congesti\u00f3n en comparaci\u00f3n con otros pasos m\u00e1s transitados.<\/p>\n\n\n\n<h3 class=\"wp-block-heading\"><strong>\u00bfPor qu\u00e9 elegimos Porto Xavier &#8211; San Javier es una opci\u00f3n estrat\u00e9gica?<\/strong><\/h3>\n\n\n\n<p>Porque cuenta con:<\/p>\n\n\n\n<p>\u2705 <strong>Aduanas eficientes<\/strong>: Una de las grandes ventajas de este cruce es la <strong>agilidad en los tr\u00e1mites de importaci\u00f3n y exportaci\u00f3n<\/strong>, permitiendo que las cargas sean liberadas en el mismo d\u00eda.<\/p>\n\n\n\n<p>\u2705 <strong>Menos demoras<\/strong>: Mientras que otros pasos fronterizos pueden verse saturados en ciertos momentos del a\u00f1o, en Porto Xavier &#8211; San Javier<strong> circulan aproximadamente 150 camiones por d\u00eda<\/strong>, lo que reduce tiempos de espera y agiliza el tr\u00e1nsito.<\/p>\n\n\n\n<p>\u2705 <strong>Cruce fluvial<\/strong>: A diferencia de otros puntos de la frontera terrestre, aqu\u00ed los camiones cruzan el r\u00edo Uruguay en balsa, un sistema que funciona con regularidad y permite un <strong>flujo constante<\/strong> de veh\u00edculos comerciales.<\/p>\n\n\n\n<p>\u2705 <strong>Conexi\u00f3n con las principales rutas de Brasil y Argentina<\/strong>: Este paso facilita el acceso a importantes centros industriales y comerciales en el sur de Brasil y el noreste argentino, favoreciendo la distribuci\u00f3n de cargas a nivel regional.<\/p>\n\n\n\n<h3 class=\"wp-block-heading\"><strong>JPEV Logistics ya opera en este corredor<\/strong><\/h3>\n\n\n\n<p>En <strong>JPEV Logistics<\/strong>, siempre estamos atentos a nuevas oportunidades para mejorar la eficiencia en el transporte internacional. Conscientes del potencial de este paso fronterizo, <strong>ya estamos operando activamente en Porto Xavier &#8211; San Javier<\/strong>, facilitando la log\u00edstica de cargas entre Argentina y Brasil.<\/p>\n\n\n\n<figure class=\"wp-block-gallery has-nested-images columns-default is-cropped wp-block-gallery-2 is-layout-flex wp-block-gallery-is-layout-flex\">\n<figure class=\"wp-block-image size-large\"><img decoding=\"async\" width=\"1024\" height=\"576\" data-id=\"4076\" src=\"https:\/\/jpevlogistics.com\/wp-content\/uploads\/2021\/04\/NSN-Transportes-1024x576.jpg\" alt=\"\" class=\"wp-image-4076\" srcset=\"https:\/\/jpevlogistics.com\/wp-content\/uploads\/2021\/04\/NSN-Transportes-1024x576.jpg 1024w, https:\/\/jpevlogistics.com\/wp-content\/uploads\/2021\/04\/NSN-Transportes-300x169.jpg 300w, https:\/\/jpevlogistics.com\/wp-content\/uploads\/2021\/04\/NSN-Transportes-768x432.jpg 768w, https:\/\/jpevlogistics.com\/wp-content\/uploads\/2021\/04\/NSN-Transportes-18x10.jpg 18w, https:\/\/jpevlogistics.com\/wp-content\/uploads\/2021\/04\/NSN-Transportes.jpg 1360w\" sizes=\"(max-width: 1024px) 100vw, 1024px\" \/><\/figure>\n<\/figure>\n\n\n\n<p>Para brindar un servicio en esta ruta, establecimos un acuerdo estrat\u00e9gico con <strong>NSN Transportes LTDA<\/strong>, una empresa de transporte brasile\u00f1a con la que trabajamos de manera directa para optimizar costos y garantizar disponibilidad en el servicio. Gracias a esta colaboraci\u00f3n, podemos ofrecer tarifas competitivas y eficiencia para el traslado.<\/p>\n\n\n\n<p>Si tu empresa opera en el comercio Argentina-Brasil y busc\u00e1s nuevas alternativas para optimizar tu log\u00edstica, en JPEV podemos ayudarte.<\/p>\n\n\n\n<p>? <strong>Contactanos<\/strong> para conocer m\u00e1s sobre este y otros servicios de transporte internacional.<\/p>\n\n\n\n<p><\/p>","protected":false},"excerpt":{"rendered":"<p>El comercio entre Argentina y Brasil representa m\u00e1s del 20% del intercambio total dentro del Mercosur, y el transporte terrestre es la columna vertebral de esta relaci\u00f3n. Si bien los pasos tradicionales como Uruguaiana &#8211; Paso de los Libres y S\u00e3o Borja &#8211; Santo Tom\u00e9 siguen concentrando gran parte del flujo de cargas, Porto Xavier [&hellip;]<\/p>\n","protected":false},"author":4,"featured_media":4073,"comment_status":"open","ping_status":"open","sticky":false,"template":"","format":"standard","meta":{"footnotes":""},"categories":[1],"tags":[],"class_list":["post-4104","post","type-post","status-publish","format-standard","has-post-thumbnail","hentry","category-sin-categoria"],"yoast_head":"<!-- This site is optimized with the Yoast SEO plugin v27.4 - https:\/\/yoast.com\/product\/yoast-seo-wordpress\/ -->\n<title>Porto Xavier - San Javier: Un paso fronterizo clave en la conexi\u00f3n comercial entre Argentina y Brasil - JPEV Logistics<\/title>\n<meta name=\"robots\" content=\"index, follow, max-snippet:-1, max-image-preview:large, max-video-preview:-1\" \/>\n<link rel=\"canonical\" href=\"https:\/\/jpevlogistics.com\/en\/porto-xavier-san-javier-un-paso-fronterizo-clave-en-la-conexion-comercial-entre-argentina-y-brasil\/\" \/>\n<meta property=\"og:locale\" content=\"en_US\" \/>\n<meta property=\"og:type\" content=\"article\" \/>\n<meta property=\"og:title\" content=\"Porto Xavier - San Javier: Un paso fronterizo clave en la conexi\u00f3n comercial entre Argentina y Brasil - JPEV Logistics\" \/>\n<meta property=\"og:description\" content=\"El comercio entre Argentina y Brasil representa m\u00e1s del 20% del intercambio total dentro del Mercosur, y el transporte terrestre es la columna vertebral de esta relaci\u00f3n. Si bien los pasos tradicionales como Uruguaiana &#8211; Paso de los Libres y S\u00e3o Borja &#8211; Santo Tom\u00e9 siguen concentrando gran parte del flujo de cargas, Porto Xavier [&hellip;]\" \/>\n<meta property=\"og:url\" content=\"https:\/\/jpevlogistics.com\/en\/porto-xavier-san-javier-un-paso-fronterizo-clave-en-la-conexion-comercial-entre-argentina-y-brasil\/\" \/>\n<meta property=\"og:site_name\" content=\"JPEV Logistics\" \/>\n<meta property=\"article:published_time\" content=\"2025-04-07T15:48:33+00:00\" \/>\n<meta property=\"article:modified_time\" content=\"2025-04-07T15:49:48+00:00\" \/>\n<meta property=\"og:image\" content=\"https:\/\/jpevlogistics.com\/wp-content\/uploads\/2021\/04\/Balsa-San-Javier-puerto-Paso-Barca-camiones-frontera.jpg\" \/>\n\t<meta property=\"og:image:width\" content=\"1000\" \/>\n\t<meta property=\"og:image:height\" content=\"563\" \/>\n\t<meta property=\"og:image:type\" content=\"image\/jpeg\" \/>\n<meta name=\"author\" content=\"horacio\" \/>\n<meta name=\"twitter:card\" content=\"summary_large_image\" \/>\n<meta name=\"twitter:label1\" content=\"Written by\" \/>\n\t<meta name=\"twitter:data1\" content=\"horacio\" \/>\n\t<meta name=\"twitter:label2\" content=\"Est. reading time\" \/>\n\t<meta name=\"twitter:data2\" content=\"2 minutes\" \/>\n<script type=\"application\/ld+json\" class=\"yoast-schema-graph\">{\"@context\":\"https:\\\/\\\/schema.org\",\"@graph\":[{\"@type\":\"Article\",\"@id\":\"https:\\\/\\\/jpevlogistics.com\\\/porto-xavier-san-javier-un-paso-fronterizo-clave-en-la-conexion-comercial-entre-argentina-y-brasil\\\/#article\",\"isPartOf\":{\"@id\":\"https:\\\/\\\/jpevlogistics.com\\\/porto-xavier-san-javier-un-paso-fronterizo-clave-en-la-conexion-comercial-entre-argentina-y-brasil\\\/\"},\"author\":{\"name\":\"horacio\",\"@id\":\"https:\\\/\\\/jpevlogistics.com\\\/#\\\/schema\\\/person\\\/5cb83ed90e4ad10651470058bc190e62\"},\"headline\":\"Porto Xavier &#8211; San Javier: Un paso fronterizo clave en la conexi\u00f3n comercial entre Argentina y Brasil\",\"datePublished\":\"2025-04-07T15:48:33+00:00\",\"dateModified\":\"2025-04-07T15:49:48+00:00\",\"mainEntityOfPage\":{\"@id\":\"https:\\\/\\\/jpevlogistics.com\\\/porto-xavier-san-javier-un-paso-fronterizo-clave-en-la-conexion-comercial-entre-argentina-y-brasil\\\/\"},\"wordCount\":438,\"commentCount\":0,\"publisher\":{\"@id\":\"https:\\\/\\\/jpevlogistics.com\\\/#organization\"},\"image\":{\"@id\":\"https:\\\/\\\/jpevlogistics.com\\\/porto-xavier-san-javier-un-paso-fronterizo-clave-en-la-conexion-comercial-entre-argentina-y-brasil\\\/#primaryimage\"},\"thumbnailUrl\":\"https:\\\/\\\/jpevlogistics.com\\\/wp-content\\\/uploads\\\/2021\\\/04\\\/Balsa-San-Javier-puerto-Paso-Barca-camiones-frontera.jpg\",\"articleSection\":[\"Sin categor\u00eda\"],\"inLanguage\":\"en-US\",\"potentialAction\":[{\"@type\":\"CommentAction\",\"name\":\"Comment\",\"target\":[\"https:\\\/\\\/jpevlogistics.com\\\/porto-xavier-san-javier-un-paso-fronterizo-clave-en-la-conexion-comercial-entre-argentina-y-brasil\\\/#respond\"]}]},{\"@type\":\"WebPage\",\"@id\":\"https:\\\/\\\/jpevlogistics.com\\\/porto-xavier-san-javier-un-paso-fronterizo-clave-en-la-conexion-comercial-entre-argentina-y-brasil\\\/\",\"url\":\"https:\\\/\\\/jpevlogistics.com\\\/porto-xavier-san-javier-un-paso-fronterizo-clave-en-la-conexion-comercial-entre-argentina-y-brasil\\\/\",\"name\":\"Porto Xavier - San Javier: Un paso fronterizo clave en la conexi\u00f3n comercial entre Argentina y Brasil - JPEV Logistics\",\"isPartOf\":{\"@id\":\"https:\\\/\\\/jpevlogistics.com\\\/#website\"},\"primaryImageOfPage\":{\"@id\":\"https:\\\/\\\/jpevlogistics.com\\\/porto-xavier-san-javier-un-paso-fronterizo-clave-en-la-conexion-comercial-entre-argentina-y-brasil\\\/#primaryimage\"},\"image\":{\"@id\":\"https:\\\/\\\/jpevlogistics.com\\\/porto-xavier-san-javier-un-paso-fronterizo-clave-en-la-conexion-comercial-entre-argentina-y-brasil\\\/#primaryimage\"},\"thumbnailUrl\":\"https:\\\/\\\/jpevlogistics.com\\\/wp-content\\\/uploads\\\/2021\\\/04\\\/Balsa-San-Javier-puerto-Paso-Barca-camiones-frontera.jpg\",\"datePublished\":\"2025-04-07T15:48:33+00:00\",\"dateModified\":\"2025-04-07T15:49:48+00:00\",\"breadcrumb\":{\"@id\":\"https:\\\/\\\/jpevlogistics.com\\\/porto-xavier-san-javier-un-paso-fronterizo-clave-en-la-conexion-comercial-entre-argentina-y-brasil\\\/#breadcrumb\"},\"inLanguage\":\"en-US\",\"potentialAction\":[{\"@type\":\"ReadAction\",\"target\":[\"https:\\\/\\\/jpevlogistics.com\\\/porto-xavier-san-javier-un-paso-fronterizo-clave-en-la-conexion-comercial-entre-argentina-y-brasil\\\/\"]}]},{\"@type\":\"ImageObject\",\"inLanguage\":\"en-US\",\"@id\":\"https:\\\/\\\/jpevlogistics.com\\\/porto-xavier-san-javier-un-paso-fronterizo-clave-en-la-conexion-comercial-entre-argentina-y-brasil\\\/#primaryimage\",\"url\":\"https:\\\/\\\/jpevlogistics.com\\\/wp-content\\\/uploads\\\/2021\\\/04\\\/Balsa-San-Javier-puerto-Paso-Barca-camiones-frontera.jpg\",\"contentUrl\":\"https:\\\/\\\/jpevlogistics.com\\\/wp-content\\\/uploads\\\/2021\\\/04\\\/Balsa-San-Javier-puerto-Paso-Barca-camiones-frontera.jpg\",\"width\":1000,\"height\":563},{\"@type\":\"BreadcrumbList\",\"@id\":\"https:\\\/\\\/jpevlogistics.com\\\/porto-xavier-san-javier-un-paso-fronterizo-clave-en-la-conexion-comercial-entre-argentina-y-brasil\\\/#breadcrumb\",\"itemListElement\":[{\"@type\":\"ListItem\",\"position\":1,\"name\":\"Portada\",\"item\":\"https:\\\/\\\/jpevlogistics.com\\\/\"},{\"@type\":\"ListItem\",\"position\":2,\"name\":\"Porto Xavier &#8211; San Javier: Un paso fronterizo clave en la conexi\u00f3n comercial entre Argentina y Brasil\"}]},{\"@type\":\"WebSite\",\"@id\":\"https:\\\/\\\/jpevlogistics.com\\\/#website\",\"url\":\"https:\\\/\\\/jpevlogistics.com\\\/\",\"name\":\"JPEV Logistics\",\"description\":\"\",\"publisher\":{\"@id\":\"https:\\\/\\\/jpevlogistics.com\\\/#organization\"},\"potentialAction\":[{\"@type\":\"SearchAction\",\"target\":{\"@type\":\"EntryPoint\",\"urlTemplate\":\"https:\\\/\\\/jpevlogistics.com\\\/?s={search_term_string}\"},\"query-input\":{\"@type\":\"PropertyValueSpecification\",\"valueRequired\":true,\"valueName\":\"search_term_string\"}}],\"inLanguage\":\"en-US\"},{\"@type\":\"Organization\",\"@id\":\"https:\\\/\\\/jpevlogistics.com\\\/#organization\",\"name\":\"JPEV Logistics\",\"url\":\"https:\\\/\\\/jpevlogistics.com\\\/\",\"logo\":{\"@type\":\"ImageObject\",\"inLanguage\":\"en-US\",\"@id\":\"https:\\\/\\\/jpevlogistics.com\\\/#\\\/schema\\\/logo\\\/image\\\/\",\"url\":\"https:\\\/\\\/jpevlogistics.com\\\/wp-content\\\/uploads\\\/2020\\\/07\\\/logo.png\",\"contentUrl\":\"https:\\\/\\\/jpevlogistics.com\\\/wp-content\\\/uploads\\\/2020\\\/07\\\/logo.png\",\"width\":214,\"height\":81,\"caption\":\"JPEV Logistics\"},\"image\":{\"@id\":\"https:\\\/\\\/jpevlogistics.com\\\/#\\\/schema\\\/logo\\\/image\\\/\"},\"sameAs\":[\"https:\\\/\\\/www.instagram.com\\\/jpevlogistics\\\/\",\"https:\\\/\\\/www.linkedin.com\\\/company\\\/jpev-logistics\\\/\"]},{\"@type\":\"Person\",\"@id\":\"https:\\\/\\\/jpevlogistics.com\\\/#\\\/schema\\\/person\\\/5cb83ed90e4ad10651470058bc190e62\",\"name\":\"horacio\",\"image\":{\"@type\":\"ImageObject\",\"inLanguage\":\"en-US\",\"@id\":\"https:\\\/\\\/secure.gravatar.com\\\/avatar\\\/49ba85a39487c51406dba7224109c3b2296f15c3dd1931dd024e3f540b12ea7d?s=96&d=mm&r=g\",\"url\":\"https:\\\/\\\/secure.gravatar.com\\\/avatar\\\/49ba85a39487c51406dba7224109c3b2296f15c3dd1931dd024e3f540b12ea7d?s=96&d=mm&r=g\",\"contentUrl\":\"https:\\\/\\\/secure.gravatar.com\\\/avatar\\\/49ba85a39487c51406dba7224109c3b2296f15c3dd1931dd024e3f540b12ea7d?s=96&d=mm&r=g\",\"caption\":\"horacio\"},\"url\":\"https:\\\/\\\/jpevlogistics.com\\\/en\\\/author\\\/horacio\\\/\"}]}<\/script>\n<!-- \/ Yoast SEO plugin. -->","yoast_head_json":{"title":"Porto Xavier - San Javier: Un paso fronterizo clave en la conexi\u00f3n comercial entre Argentina y Brasil - JPEV Logistics","robots":{"index":"index","follow":"follow","max-snippet":"max-snippet:-1","max-image-preview":"max-image-preview:large","max-video-preview":"max-video-preview:-1"},"canonical":"https:\/\/jpevlogistics.com\/en\/porto-xavier-san-javier-un-paso-fronterizo-clave-en-la-conexion-comercial-entre-argentina-y-brasil\/","og_locale":"en_US","og_type":"article","og_title":"Porto Xavier - San Javier: Un paso fronterizo clave en la conexi\u00f3n comercial entre Argentina y Brasil - JPEV Logistics","og_description":"El comercio entre Argentina y Brasil representa m\u00e1s del 20% del intercambio total dentro del Mercosur, y el transporte terrestre es la columna vertebral de esta relaci\u00f3n. Si bien los pasos tradicionales como Uruguaiana &#8211; Paso de los Libres y S\u00e3o Borja &#8211; Santo Tom\u00e9 siguen concentrando gran parte del flujo de cargas, Porto Xavier [&hellip;]","og_url":"https:\/\/jpevlogistics.com\/en\/porto-xavier-san-javier-un-paso-fronterizo-clave-en-la-conexion-comercial-entre-argentina-y-brasil\/","og_site_name":"JPEV Logistics","article_published_time":"2025-04-07T15:48:33+00:00","article_modified_time":"2025-04-07T15:49:48+00:00","og_image":[{"width":1000,"height":563,"url":"https:\/\/jpevlogistics.com\/wp-content\/uploads\/2021\/04\/Balsa-San-Javier-puerto-Paso-Barca-camiones-frontera.jpg","type":"image\/jpeg"}],"author":"horacio","twitter_card":"summary_large_image","twitter_misc":{"Written by":"horacio","Est. reading time":"2 minutes"},"schema":{"@context":"https:\/\/schema.org","@graph":[{"@type":"Article","@id":"https:\/\/jpevlogistics.com\/porto-xavier-san-javier-un-paso-fronterizo-clave-en-la-conexion-comercial-entre-argentina-y-brasil\/#article","isPartOf":{"@id":"https:\/\/jpevlogistics.com\/porto-xavier-san-javier-un-paso-fronterizo-clave-en-la-conexion-comercial-entre-argentina-y-brasil\/"},"author":{"name":"horacio","@id":"https:\/\/jpevlogistics.com\/#\/schema\/person\/5cb83ed90e4ad10651470058bc190e62"},"headline":"Porto Xavier &#8211; San Javier: Un paso fronterizo clave en la conexi\u00f3n comercial entre Argentina y Brasil","datePublished":"2025-04-07T15:48:33+00:00","dateModified":"2025-04-07T15:49:48+00:00","mainEntityOfPage":{"@id":"https:\/\/jpevlogistics.com\/porto-xavier-san-javier-un-paso-fronterizo-clave-en-la-conexion-comercial-entre-argentina-y-brasil\/"},"wordCount":438,"commentCount":0,"publisher":{"@id":"https:\/\/jpevlogistics.com\/#organization"},"image":{"@id":"https:\/\/jpevlogistics.com\/porto-xavier-san-javier-un-paso-fronterizo-clave-en-la-conexion-comercial-entre-argentina-y-brasil\/#primaryimage"},"thumbnailUrl":"https:\/\/jpevlogistics.com\/wp-content\/uploads\/2021\/04\/Balsa-San-Javier-puerto-Paso-Barca-camiones-frontera.jpg","articleSection":["Sin categor\u00eda"],"inLanguage":"en-US","potentialAction":[{"@type":"CommentAction","name":"Comment","target":["https:\/\/jpevlogistics.com\/porto-xavier-san-javier-un-paso-fronterizo-clave-en-la-conexion-comercial-entre-argentina-y-brasil\/#respond"]}]},{"@type":"WebPage","@id":"https:\/\/jpevlogistics.com\/porto-xavier-san-javier-un-paso-fronterizo-clave-en-la-conexion-comercial-entre-argentina-y-brasil\/","url":"https:\/\/jpevlogistics.com\/porto-xavier-san-javier-un-paso-fronterizo-clave-en-la-conexion-comercial-entre-argentina-y-brasil\/","name":"Porto Xavier - San Javier: Un paso fronterizo clave en la conexi\u00f3n comercial entre Argentina y Brasil - JPEV Logistics","isPartOf":{"@id":"https:\/\/jpevlogistics.com\/#website"},"primaryImageOfPage":{"@id":"https:\/\/jpevlogistics.com\/porto-xavier-san-javier-un-paso-fronterizo-clave-en-la-conexion-comercial-entre-argentina-y-brasil\/#primaryimage"},"image":{"@id":"https:\/\/jpevlogistics.com\/porto-xavier-san-javier-un-paso-fronterizo-clave-en-la-conexion-comercial-entre-argentina-y-brasil\/#primaryimage"},"thumbnailUrl":"https:\/\/jpevlogistics.com\/wp-content\/uploads\/2021\/04\/Balsa-San-Javier-puerto-Paso-Barca-camiones-frontera.jpg","datePublished":"2025-04-07T15:48:33+00:00","dateModified":"2025-04-07T15:49:48+00:00","breadcrumb":{"@id":"https:\/\/jpevlogistics.com\/porto-xavier-san-javier-un-paso-fronterizo-clave-en-la-conexion-comercial-entre-argentina-y-brasil\/#breadcrumb"},"inLanguage":"en-US","potentialAction":[{"@type":"ReadAction","target":["https:\/\/jpevlogistics.com\/porto-xavier-san-javier-un-paso-fronterizo-clave-en-la-conexion-comercial-entre-argentina-y-brasil\/"]}]},{"@type":"ImageObject","inLanguage":"en-US","@id":"https:\/\/jpevlogistics.com\/porto-xavier-san-javier-un-paso-fronterizo-clave-en-la-conexion-comercial-entre-argentina-y-brasil\/#primaryimage","url":"https:\/\/jpevlogistics.com\/wp-content\/uploads\/2021\/04\/Balsa-San-Javier-puerto-Paso-Barca-camiones-frontera.jpg","contentUrl":"https:\/\/jpevlogistics.com\/wp-content\/uploads\/2021\/04\/Balsa-San-Javier-puerto-Paso-Barca-camiones-frontera.jpg","width":1000,"height":563},{"@type":"BreadcrumbList","@id":"https:\/\/jpevlogistics.com\/porto-xavier-san-javier-un-paso-fronterizo-clave-en-la-conexion-comercial-entre-argentina-y-brasil\/#breadcrumb","itemListElement":[{"@type":"ListItem","position":1,"name":"Portada","item":"https:\/\/jpevlogistics.com\/"},{"@type":"ListItem","position":2,"name":"Porto Xavier &#8211; San Javier: Un paso fronterizo clave en la conexi\u00f3n comercial entre Argentina y Brasil"}]},{"@type":"WebSite","@id":"https:\/\/jpevlogistics.com\/#website","url":"https:\/\/jpevlogistics.com\/","name":"JPEV Logistics","description":"","publisher":{"@id":"https:\/\/jpevlogistics.com\/#organization"},"potentialAction":[{"@type":"SearchAction","target":{"@type":"EntryPoint","urlTemplate":"https:\/\/jpevlogistics.com\/?s={search_term_string}"},"query-input":{"@type":"PropertyValueSpecification","valueRequired":true,"valueName":"search_term_string"}}],"inLanguage":"en-US"},{"@type":"Organization","@id":"https:\/\/jpevlogistics.com\/#organization","name":"JPEV Logistics","url":"https:\/\/jpevlogistics.com\/","logo":{"@type":"ImageObject","inLanguage":"en-US","@id":"https:\/\/jpevlogistics.com\/#\/schema\/logo\/image\/","url":"https:\/\/jpevlogistics.com\/wp-content\/uploads\/2020\/07\/logo.png","contentUrl":"https:\/\/jpevlogistics.com\/wp-content\/uploads\/2020\/07\/logo.png","width":214,"height":81,"caption":"JPEV Logistics"},"image":{"@id":"https:\/\/jpevlogistics.com\/#\/schema\/logo\/image\/"},"sameAs":["https:\/\/www.instagram.com\/jpevlogistics\/","https:\/\/www.linkedin.com\/company\/jpev-logistics\/"]},{"@type":"Person","@id":"https:\/\/jpevlogistics.com\/#\/schema\/person\/5cb83ed90e4ad10651470058bc190e62","name":"horacio","image":{"@type":"ImageObject","inLanguage":"en-US","@id":"https:\/\/secure.gravatar.com\/avatar\/49ba85a39487c51406dba7224109c3b2296f15c3dd1931dd024e3f540b12ea7d?s=96&d=mm&r=g","url":"https:\/\/secure.gravatar.com\/avatar\/49ba85a39487c51406dba7224109c3b2296f15c3dd1931dd024e3f540b12ea7d?s=96&d=mm&r=g","contentUrl":"https:\/\/secure.gravatar.com\/avatar\/49ba85a39487c51406dba7224109c3b2296f15c3dd1931dd024e3f540b12ea7d?s=96&d=mm&r=g","caption":"horacio"},"url":"https:\/\/jpevlogistics.com\/en\/author\/horacio\/"}]}},"_links":{"self":[{"href":"https:\/\/jpevlogistics.com\/en\/wp-json\/wp\/v2\/posts\/4104","targetHints":{"allow":["GET"]}}],"collection":[{"href":"https:\/\/jpevlogistics.com\/en\/wp-json\/wp\/v2\/posts"}],"about":[{"href":"https:\/\/jpevlogistics.com\/en\/wp-json\/wp\/v2\/types\/post"}],"author":[{"embeddable":true,"href":"https:\/\/jpevlogistics.com\/en\/wp-json\/wp\/v2\/users\/4"}],"replies":[{"embeddable":true,"href":"https:\/\/jpevlogistics.com\/en\/wp-json\/wp\/v2\/comments?post=4104"}],"version-history":[{"count":1,"href":"https:\/\/jpevlogistics.com\/en\/wp-json\/wp\/v2\/posts\/4104\/revisions"}],"predecessor-version":[{"id":4105,"href":"https:\/\/jpevlogistics.com\/en\/wp-json\/wp\/v2\/posts\/4104\/revisions\/4105"}],"wp:featuredmedia":[{"embeddable":true,"href":"https:\/\/jpevlogistics.com\/en\/wp-json\/wp\/v2\/media\/4073"}],"wp:attachment":[{"href":"https:\/\/jpevlogistics.com\/en\/wp-json\/wp\/v2\/media?parent=4104"}],"wp:term":[{"taxonomy":"category","embeddable":true,"href":"https:\/\/jpevlogistics.com\/en\/wp-json\/wp\/v2\/categories?post=4104"},{"taxonomy":"post_tag","embeddable":true,"href":"https:\/\/jpevlogistics.com\/en\/wp-json\/wp\/v2\/tags?post=4104"}],"curies":[{"name":"wp","href":"https:\/\/api.w.org\/{rel}","templated":true}]}}