{"id":4117,"date":"2025-04-10T14:00:12","date_gmt":"2025-04-10T14:00:12","guid":{"rendered":"https:\/\/jpevlogistics.com\/?p=4117"},"modified":"2025-04-10T14:00:14","modified_gmt":"2025-04-10T14:00:14","slug":"america-latina-mide-el-impacto-de-los-aranceles-reciprocos-de-ee-uu-y-evalua-cursos-de-accion","status":"publish","type":"post","link":"https:\/\/jpevlogistics.com\/en\/america-latina-mide-el-impacto-de-los-aranceles-reciprocos-de-ee-uu-y-evalua-cursos-de-accion\/","title":{"rendered":"Am\u00e9rica Latina mide el impacto de los aranceles rec\u00edprocos de EE. UU. y eval\u00faa cursos de acci\u00f3n"},"content":{"rendered":"<p>10\/04\/2025 &#8211; Si bien la regi\u00f3n est\u00e1 entre las menos afectada, Guyana, Nicaragua y Venezuela se ven ampliamente perjudicados<\/p>\n\n\n\n<p>El gobierno de Estados Unidos anunci\u00f3 la aplicaci\u00f3n de una serie de&nbsp;<a href=\"https:\/\/www.mundomaritimo.cl\/noticias\/ee-uu-aplica-aranceles-reciprocos-y-genera-nueva-ola-de-amenazas-a-las-cadenas-de-suministro-globales\"><strong>\u201caranceles rec\u00edprocos\u201d<\/strong><\/a>&nbsp; por un m\u00ednimo del 10% a la mayor\u00eda de los productos importados desde el resto del mundo, como parte de una estrategia comercial encabezada por el Presidente Donald Trump que&nbsp; busca reducir el d\u00e9ficit comercial estadounidense. Por su puesto, la medida tendr\u00e1 implicancias econ\u00f3micas directas para Am\u00e9rica Latina, donde ya se analizan los posibles efectos y reacciones.<\/p>\n\n\n\n<figure class=\"wp-block-image size-full\"><img fetchpriority=\"high\" decoding=\"async\" width=\"798\" height=\"598\" src=\"https:\/\/jpevlogistics.com\/wp-content\/uploads\/2025\/04\/Sudamerica-.jpeg\" alt=\"\" class=\"wp-image-4118\" srcset=\"https:\/\/jpevlogistics.com\/wp-content\/uploads\/2025\/04\/Sudamerica-.jpeg 798w, https:\/\/jpevlogistics.com\/wp-content\/uploads\/2025\/04\/Sudamerica--300x225.jpeg 300w, https:\/\/jpevlogistics.com\/wp-content\/uploads\/2025\/04\/Sudamerica--768x576.jpeg 768w, https:\/\/jpevlogistics.com\/wp-content\/uploads\/2025\/04\/Sudamerica--16x12.jpeg 16w\" sizes=\"(max-width: 798px) 100vw, 798px\" \/><\/figure>\n\n\n\n<p>La aplicaci\u00f3n ser\u00e1 m\u00e1s severa en las econom\u00edas que, seg\u00fan Washington, presentan desequilibrios comerciales significativos, como es el caso de China, que enfrentar\u00e1 un arancel del 34%, mientras que en Am\u00e9rica Latina,&nbsp;<strong>Guyana<\/strong>,&nbsp;<strong>Nicaragua<\/strong>&nbsp;y&nbsp;<strong>Venezuela<\/strong>&nbsp;se ver\u00e1n afectados con tarifas del 38%, 19% y 15%, respectivamente.<\/p>\n\n\n\n<p>En contraste, pa\u00edses como&nbsp;<strong>M\u00e9xico<\/strong>&nbsp;no han sido incluidos por ahora, debido a las condiciones del Tratado de libre comercio entre M\u00e9xico, Estados Unidos y Canad\u00e1 (T-MEC). Sin embargo, seg\u00fan&nbsp;<em>Bloomberg en L\u00ednea<\/em>, expertos advierten que el pa\u00eds contin\u00faa bajo observaci\u00f3n en el radar comercial estadounidense.<\/p>\n\n\n\n<p><strong>Impacto regional<\/strong><\/p>\n\n\n\n<p>De acuerdo con datos de la Comisi\u00f3n Econ\u00f3mica para Am\u00e9rica Latina y el Caribe (CEPAL), en 2023 las exportaciones de bienes de Am\u00e9rica Latina y el Caribe a Estados Unidos alcanzaron los US$611.000 millones, mientras que las importaciones desde EE.UU. totalizaron US$486.000 millones.&nbsp;<\/p>\n\n\n\n<p>Analistas anticipan que los nuevos aranceles podr\u00edan ralentizar el comercio regional, generar presiones inflacionarias \u2014sobre todo por el aumento de precios en materias primas\u2014 y reducir el crecimiento econ\u00f3mico, especialmente en los pa\u00edses m\u00e1s vulnerables.&nbsp;<\/p>\n\n\n\n<p><strong>Pa\u00edses y sectores m\u00e1s afectados<\/strong><\/p>\n\n\n\n<p>En Am\u00e9rica Central, pa\u00edses como&nbsp;<strong>Honduras<\/strong>,&nbsp;<strong>El Salvador<\/strong>,&nbsp;<strong>Rep\u00fablica Dominicana<\/strong>&nbsp;y&nbsp;<strong>Panam\u00e1<\/strong>&nbsp;aparecen entre los m\u00e1s vulnerables debido a su alta dependencia del mercado estadounidense, la migraci\u00f3n, las remesas y el tr\u00e1fico comercial, comentan desde&nbsp;<em>BBC<\/em>&nbsp;<em>Mundo<\/em>.<\/p>\n\n\n\n<p><strong>Costa Rica<\/strong>, por su parte, reconoci\u00f3 que aunque el 10% de arancel representa una carga, fue de los menores aplicado globalmente. \u201cNo nos est\u00e1n castigando en ese sentido\u201d, afirm\u00f3 el presidente Rodrigo Chaves.<\/p>\n\n\n\n<p>En Sudam\u00e9rica,&nbsp;<strong>Brasil<\/strong>&nbsp;expres\u00f3 su rechazo a las medidas. El presidente Lula da Silva asegur\u00f3 que su pa\u00eds responder\u00e1 utilizando las herramientas disponibles en el marco de la Organizaci\u00f3n Mundial del Comercio (OMC). Brasil exporta a EE. UU. productos clave como petr\u00f3leo, soja, hierro y ma\u00edz, muchos de los cuales ahora enfrentar\u00e1n nuevos costos.<\/p>\n\n\n\n<p><strong>Chile<\/strong>, que mantiene un tratado de libre comercio con Estados Unidos desde 2003, tambi\u00e9n fue incluido en el paquete arancelario. El impuesto del 10% afectar\u00e1 a productos como salm\u00f3n, uvas y vino. Autoridades chilenas indicaron que est\u00e1n analizando los alcances de la decisi\u00f3n, mientras que economistas locales advierten que el impacto ser\u00e1 negativo tanto para la demanda externa como para el crecimiento econ\u00f3mico interno.<\/p>\n\n\n\n<p>En&nbsp;<strong>Per\u00fa<\/strong>, los sectores textil, agroindustrial y minero podr\u00edan ser los m\u00e1s afectados. El gobierno anunci\u00f3 que pedir\u00e1 a la administraci\u00f3n estadounidense la reconsideraci\u00f3n de los aranceles. Pese al impacto esperado en ciertos sectores, algunos expertos estiman que el pa\u00eds podr\u00eda mantenerse competitivo frente a pa\u00edses con grav\u00e1menes m\u00e1s altos.<\/p>\n\n\n\n<p><strong>Ecuador<\/strong>&nbsp;y&nbsp;<strong>Colombia<\/strong>&nbsp;tambi\u00e9n estudian los pasos a seguir. En el caso colombiano, la C\u00e1mara de Comercio Colombo Americana (AmCham) propuso establecer un canal directo con la Oficina del Representante Comercial de EE. UU. (USTR) para buscar una posible exclusi\u00f3n de ciertos productos.<\/p>\n\n\n\n<p><strong>Perspectivas<\/strong><\/p>\n\n\n\n<p>Las medidas unilaterales de EE. UU. podr\u00edan tener consecuencias m\u00e1s amplias si otros pa\u00edses deciden aplicar represalias. Esto elevar\u00eda la incertidumbre en los mercados internacionales y afectar\u00eda la inversi\u00f3n extranjera directa, seg\u00fan diversos analistas.<\/p>\n\n\n\n<p>Para Am\u00e9rica Latina, la situaci\u00f3n abre la puerta a una posible reconfiguraci\u00f3n de las estrategias exportadoras. El caf\u00e9 colombiano, los ar\u00e1ndanos peruanos, el vino argentino y el camar\u00f3n ecuatoriano son algunos de los productos que, pese a los aranceles, podr\u00edan mantenerse atractivos por su relaci\u00f3n calidad-precio, si logran diferenciarse frente a los competidores con mayores cargas fiscales.<\/p>\n\n\n\n<p><strong>Finalmente\u2026<\/strong><\/p>\n\n\n\n<p>A medida que se aclaran los detalles sobre la implementaci\u00f3n de los aranceles, Am\u00e9rica Latina eval\u00faa sus opciones. Mientras algunos pa\u00edses apuestan por el di\u00e1logo diplom\u00e1tico, otros consideran activar mecanismos legales o represalias comerciales. La regi\u00f3n, en todo caso, se enfrenta a un entorno global m\u00e1s incierto, en el que la diversificaci\u00f3n exportadora y el fortalecimiento de alianzas multilaterales ser\u00e1n clave para reducir vulnerabilidades y sostener el crecimiento.<\/p>","protected":false},"excerpt":{"rendered":"<p>10\/04\/2025 &#8211; Si bien la regi\u00f3n est\u00e1 entre las menos afectada, Guyana, Nicaragua y Venezuela se ven ampliamente perjudicados El gobierno de Estados Unidos anunci\u00f3 la aplicaci\u00f3n de una serie de&nbsp;\u201caranceles rec\u00edprocos\u201d&nbsp; por un m\u00ednimo del 10% a la mayor\u00eda de los productos importados desde el resto del mundo, como parte de una estrategia comercial [&hellip;]<\/p>\n","protected":false},"author":4,"featured_media":4118,"comment_status":"open","ping_status":"open","sticky":false,"template":"","format":"standard","meta":{"footnotes":""},"categories":[1],"tags":[],"class_list":["post-4117","post","type-post","status-publish","format-standard","has-post-thumbnail","hentry","category-sin-categoria"],"yoast_head":"<!-- This site is optimized with the Yoast SEO plugin v27.4 - https:\/\/yoast.com\/product\/yoast-seo-wordpress\/ -->\n<title>Am\u00e9rica Latina mide el impacto de los aranceles rec\u00edprocos de EE. UU. y eval\u00faa cursos de acci\u00f3n - JPEV Logistics<\/title>\n<meta name=\"robots\" content=\"index, follow, max-snippet:-1, max-image-preview:large, max-video-preview:-1\" \/>\n<link rel=\"canonical\" href=\"https:\/\/jpevlogistics.com\/en\/america-latina-mide-el-impacto-de-los-aranceles-reciprocos-de-ee-uu-y-evalua-cursos-de-accion\/\" \/>\n<meta property=\"og:locale\" content=\"en_US\" \/>\n<meta property=\"og:type\" content=\"article\" \/>\n<meta property=\"og:title\" content=\"Am\u00e9rica Latina mide el impacto de los aranceles rec\u00edprocos de EE. UU. y eval\u00faa cursos de acci\u00f3n - JPEV Logistics\" \/>\n<meta property=\"og:description\" content=\"10\/04\/2025 &#8211; Si bien la regi\u00f3n est\u00e1 entre las menos afectada, Guyana, Nicaragua y Venezuela se ven ampliamente perjudicados El gobierno de Estados Unidos anunci\u00f3 la aplicaci\u00f3n de una serie de&nbsp;\u201caranceles rec\u00edprocos\u201d&nbsp; por un m\u00ednimo del 10% a la mayor\u00eda de los productos importados desde el resto del mundo, como parte de una estrategia comercial [&hellip;]\" \/>\n<meta property=\"og:url\" content=\"https:\/\/jpevlogistics.com\/en\/america-latina-mide-el-impacto-de-los-aranceles-reciprocos-de-ee-uu-y-evalua-cursos-de-accion\/\" \/>\n<meta property=\"og:site_name\" content=\"JPEV Logistics\" \/>\n<meta property=\"article:published_time\" content=\"2025-04-10T14:00:12+00:00\" \/>\n<meta property=\"article:modified_time\" content=\"2025-04-10T14:00:14+00:00\" \/>\n<meta property=\"og:image\" content=\"https:\/\/jpevlogistics.com\/wp-content\/uploads\/2025\/04\/Sudamerica-.jpeg\" \/>\n\t<meta property=\"og:image:width\" content=\"798\" \/>\n\t<meta property=\"og:image:height\" content=\"598\" \/>\n\t<meta property=\"og:image:type\" content=\"image\/jpeg\" \/>\n<meta name=\"author\" content=\"horacio\" \/>\n<meta name=\"twitter:card\" content=\"summary_large_image\" \/>\n<meta name=\"twitter:label1\" content=\"Written by\" \/>\n\t<meta name=\"twitter:data1\" content=\"horacio\" \/>\n\t<meta name=\"twitter:label2\" content=\"Est. reading time\" \/>\n\t<meta name=\"twitter:data2\" content=\"4 minutes\" \/>\n<script type=\"application\/ld+json\" class=\"yoast-schema-graph\">{\"@context\":\"https:\\\/\\\/schema.org\",\"@graph\":[{\"@type\":\"Article\",\"@id\":\"https:\\\/\\\/jpevlogistics.com\\\/america-latina-mide-el-impacto-de-los-aranceles-reciprocos-de-ee-uu-y-evalua-cursos-de-accion\\\/#article\",\"isPartOf\":{\"@id\":\"https:\\\/\\\/jpevlogistics.com\\\/america-latina-mide-el-impacto-de-los-aranceles-reciprocos-de-ee-uu-y-evalua-cursos-de-accion\\\/\"},\"author\":{\"name\":\"horacio\",\"@id\":\"https:\\\/\\\/jpevlogistics.com\\\/#\\\/schema\\\/person\\\/5cb83ed90e4ad10651470058bc190e62\"},\"headline\":\"Am\u00e9rica Latina mide el impacto de los aranceles rec\u00edprocos de EE. UU. y eval\u00faa cursos de acci\u00f3n\",\"datePublished\":\"2025-04-10T14:00:12+00:00\",\"dateModified\":\"2025-04-10T14:00:14+00:00\",\"mainEntityOfPage\":{\"@id\":\"https:\\\/\\\/jpevlogistics.com\\\/america-latina-mide-el-impacto-de-los-aranceles-reciprocos-de-ee-uu-y-evalua-cursos-de-accion\\\/\"},\"wordCount\":835,\"commentCount\":0,\"publisher\":{\"@id\":\"https:\\\/\\\/jpevlogistics.com\\\/#organization\"},\"image\":{\"@id\":\"https:\\\/\\\/jpevlogistics.com\\\/america-latina-mide-el-impacto-de-los-aranceles-reciprocos-de-ee-uu-y-evalua-cursos-de-accion\\\/#primaryimage\"},\"thumbnailUrl\":\"https:\\\/\\\/jpevlogistics.com\\\/wp-content\\\/uploads\\\/2025\\\/04\\\/Sudamerica-.jpeg\",\"articleSection\":[\"Sin categor\u00eda\"],\"inLanguage\":\"en-US\",\"potentialAction\":[{\"@type\":\"CommentAction\",\"name\":\"Comment\",\"target\":[\"https:\\\/\\\/jpevlogistics.com\\\/america-latina-mide-el-impacto-de-los-aranceles-reciprocos-de-ee-uu-y-evalua-cursos-de-accion\\\/#respond\"]}]},{\"@type\":\"WebPage\",\"@id\":\"https:\\\/\\\/jpevlogistics.com\\\/america-latina-mide-el-impacto-de-los-aranceles-reciprocos-de-ee-uu-y-evalua-cursos-de-accion\\\/\",\"url\":\"https:\\\/\\\/jpevlogistics.com\\\/america-latina-mide-el-impacto-de-los-aranceles-reciprocos-de-ee-uu-y-evalua-cursos-de-accion\\\/\",\"name\":\"Am\u00e9rica Latina mide el impacto de los aranceles rec\u00edprocos de EE. UU. y eval\u00faa cursos de acci\u00f3n - JPEV Logistics\",\"isPartOf\":{\"@id\":\"https:\\\/\\\/jpevlogistics.com\\\/#website\"},\"primaryImageOfPage\":{\"@id\":\"https:\\\/\\\/jpevlogistics.com\\\/america-latina-mide-el-impacto-de-los-aranceles-reciprocos-de-ee-uu-y-evalua-cursos-de-accion\\\/#primaryimage\"},\"image\":{\"@id\":\"https:\\\/\\\/jpevlogistics.com\\\/america-latina-mide-el-impacto-de-los-aranceles-reciprocos-de-ee-uu-y-evalua-cursos-de-accion\\\/#primaryimage\"},\"thumbnailUrl\":\"https:\\\/\\\/jpevlogistics.com\\\/wp-content\\\/uploads\\\/2025\\\/04\\\/Sudamerica-.jpeg\",\"datePublished\":\"2025-04-10T14:00:12+00:00\",\"dateModified\":\"2025-04-10T14:00:14+00:00\",\"breadcrumb\":{\"@id\":\"https:\\\/\\\/jpevlogistics.com\\\/america-latina-mide-el-impacto-de-los-aranceles-reciprocos-de-ee-uu-y-evalua-cursos-de-accion\\\/#breadcrumb\"},\"inLanguage\":\"en-US\",\"potentialAction\":[{\"@type\":\"ReadAction\",\"target\":[\"https:\\\/\\\/jpevlogistics.com\\\/america-latina-mide-el-impacto-de-los-aranceles-reciprocos-de-ee-uu-y-evalua-cursos-de-accion\\\/\"]}]},{\"@type\":\"ImageObject\",\"inLanguage\":\"en-US\",\"@id\":\"https:\\\/\\\/jpevlogistics.com\\\/america-latina-mide-el-impacto-de-los-aranceles-reciprocos-de-ee-uu-y-evalua-cursos-de-accion\\\/#primaryimage\",\"url\":\"https:\\\/\\\/jpevlogistics.com\\\/wp-content\\\/uploads\\\/2025\\\/04\\\/Sudamerica-.jpeg\",\"contentUrl\":\"https:\\\/\\\/jpevlogistics.com\\\/wp-content\\\/uploads\\\/2025\\\/04\\\/Sudamerica-.jpeg\",\"width\":798,\"height\":598},{\"@type\":\"BreadcrumbList\",\"@id\":\"https:\\\/\\\/jpevlogistics.com\\\/america-latina-mide-el-impacto-de-los-aranceles-reciprocos-de-ee-uu-y-evalua-cursos-de-accion\\\/#breadcrumb\",\"itemListElement\":[{\"@type\":\"ListItem\",\"position\":1,\"name\":\"Portada\",\"item\":\"https:\\\/\\\/jpevlogistics.com\\\/\"},{\"@type\":\"ListItem\",\"position\":2,\"name\":\"Am\u00e9rica Latina mide el impacto de los aranceles rec\u00edprocos de EE. UU. y eval\u00faa cursos de acci\u00f3n\"}]},{\"@type\":\"WebSite\",\"@id\":\"https:\\\/\\\/jpevlogistics.com\\\/#website\",\"url\":\"https:\\\/\\\/jpevlogistics.com\\\/\",\"name\":\"JPEV Logistics\",\"description\":\"\",\"publisher\":{\"@id\":\"https:\\\/\\\/jpevlogistics.com\\\/#organization\"},\"potentialAction\":[{\"@type\":\"SearchAction\",\"target\":{\"@type\":\"EntryPoint\",\"urlTemplate\":\"https:\\\/\\\/jpevlogistics.com\\\/?s={search_term_string}\"},\"query-input\":{\"@type\":\"PropertyValueSpecification\",\"valueRequired\":true,\"valueName\":\"search_term_string\"}}],\"inLanguage\":\"en-US\"},{\"@type\":\"Organization\",\"@id\":\"https:\\\/\\\/jpevlogistics.com\\\/#organization\",\"name\":\"JPEV Logistics\",\"url\":\"https:\\\/\\\/jpevlogistics.com\\\/\",\"logo\":{\"@type\":\"ImageObject\",\"inLanguage\":\"en-US\",\"@id\":\"https:\\\/\\\/jpevlogistics.com\\\/#\\\/schema\\\/logo\\\/image\\\/\",\"url\":\"https:\\\/\\\/jpevlogistics.com\\\/wp-content\\\/uploads\\\/2020\\\/07\\\/logo.png\",\"contentUrl\":\"https:\\\/\\\/jpevlogistics.com\\\/wp-content\\\/uploads\\\/2020\\\/07\\\/logo.png\",\"width\":214,\"height\":81,\"caption\":\"JPEV Logistics\"},\"image\":{\"@id\":\"https:\\\/\\\/jpevlogistics.com\\\/#\\\/schema\\\/logo\\\/image\\\/\"},\"sameAs\":[\"https:\\\/\\\/www.instagram.com\\\/jpevlogistics\\\/\",\"https:\\\/\\\/www.linkedin.com\\\/company\\\/jpev-logistics\\\/\"]},{\"@type\":\"Person\",\"@id\":\"https:\\\/\\\/jpevlogistics.com\\\/#\\\/schema\\\/person\\\/5cb83ed90e4ad10651470058bc190e62\",\"name\":\"horacio\",\"image\":{\"@type\":\"ImageObject\",\"inLanguage\":\"en-US\",\"@id\":\"https:\\\/\\\/secure.gravatar.com\\\/avatar\\\/49ba85a39487c51406dba7224109c3b2296f15c3dd1931dd024e3f540b12ea7d?s=96&d=mm&r=g\",\"url\":\"https:\\\/\\\/secure.gravatar.com\\\/avatar\\\/49ba85a39487c51406dba7224109c3b2296f15c3dd1931dd024e3f540b12ea7d?s=96&d=mm&r=g\",\"contentUrl\":\"https:\\\/\\\/secure.gravatar.com\\\/avatar\\\/49ba85a39487c51406dba7224109c3b2296f15c3dd1931dd024e3f540b12ea7d?s=96&d=mm&r=g\",\"caption\":\"horacio\"},\"url\":\"https:\\\/\\\/jpevlogistics.com\\\/en\\\/author\\\/horacio\\\/\"}]}<\/script>\n<!-- \/ Yoast SEO plugin. -->","yoast_head_json":{"title":"Am\u00e9rica Latina mide el impacto de los aranceles rec\u00edprocos de EE. UU. y eval\u00faa cursos de acci\u00f3n - JPEV Logistics","robots":{"index":"index","follow":"follow","max-snippet":"max-snippet:-1","max-image-preview":"max-image-preview:large","max-video-preview":"max-video-preview:-1"},"canonical":"https:\/\/jpevlogistics.com\/en\/america-latina-mide-el-impacto-de-los-aranceles-reciprocos-de-ee-uu-y-evalua-cursos-de-accion\/","og_locale":"en_US","og_type":"article","og_title":"Am\u00e9rica Latina mide el impacto de los aranceles rec\u00edprocos de EE. UU. y eval\u00faa cursos de acci\u00f3n - JPEV Logistics","og_description":"10\/04\/2025 &#8211; Si bien la regi\u00f3n est\u00e1 entre las menos afectada, Guyana, Nicaragua y Venezuela se ven ampliamente perjudicados El gobierno de Estados Unidos anunci\u00f3 la aplicaci\u00f3n de una serie de&nbsp;\u201caranceles rec\u00edprocos\u201d&nbsp; por un m\u00ednimo del 10% a la mayor\u00eda de los productos importados desde el resto del mundo, como parte de una estrategia comercial [&hellip;]","og_url":"https:\/\/jpevlogistics.com\/en\/america-latina-mide-el-impacto-de-los-aranceles-reciprocos-de-ee-uu-y-evalua-cursos-de-accion\/","og_site_name":"JPEV Logistics","article_published_time":"2025-04-10T14:00:12+00:00","article_modified_time":"2025-04-10T14:00:14+00:00","og_image":[{"width":798,"height":598,"url":"https:\/\/jpevlogistics.com\/wp-content\/uploads\/2025\/04\/Sudamerica-.jpeg","type":"image\/jpeg"}],"author":"horacio","twitter_card":"summary_large_image","twitter_misc":{"Written by":"horacio","Est. reading time":"4 minutes"},"schema":{"@context":"https:\/\/schema.org","@graph":[{"@type":"Article","@id":"https:\/\/jpevlogistics.com\/america-latina-mide-el-impacto-de-los-aranceles-reciprocos-de-ee-uu-y-evalua-cursos-de-accion\/#article","isPartOf":{"@id":"https:\/\/jpevlogistics.com\/america-latina-mide-el-impacto-de-los-aranceles-reciprocos-de-ee-uu-y-evalua-cursos-de-accion\/"},"author":{"name":"horacio","@id":"https:\/\/jpevlogistics.com\/#\/schema\/person\/5cb83ed90e4ad10651470058bc190e62"},"headline":"Am\u00e9rica Latina mide el impacto de los aranceles rec\u00edprocos de EE. UU. y eval\u00faa cursos de acci\u00f3n","datePublished":"2025-04-10T14:00:12+00:00","dateModified":"2025-04-10T14:00:14+00:00","mainEntityOfPage":{"@id":"https:\/\/jpevlogistics.com\/america-latina-mide-el-impacto-de-los-aranceles-reciprocos-de-ee-uu-y-evalua-cursos-de-accion\/"},"wordCount":835,"commentCount":0,"publisher":{"@id":"https:\/\/jpevlogistics.com\/#organization"},"image":{"@id":"https:\/\/jpevlogistics.com\/america-latina-mide-el-impacto-de-los-aranceles-reciprocos-de-ee-uu-y-evalua-cursos-de-accion\/#primaryimage"},"thumbnailUrl":"https:\/\/jpevlogistics.com\/wp-content\/uploads\/2025\/04\/Sudamerica-.jpeg","articleSection":["Sin categor\u00eda"],"inLanguage":"en-US","potentialAction":[{"@type":"CommentAction","name":"Comment","target":["https:\/\/jpevlogistics.com\/america-latina-mide-el-impacto-de-los-aranceles-reciprocos-de-ee-uu-y-evalua-cursos-de-accion\/#respond"]}]},{"@type":"WebPage","@id":"https:\/\/jpevlogistics.com\/america-latina-mide-el-impacto-de-los-aranceles-reciprocos-de-ee-uu-y-evalua-cursos-de-accion\/","url":"https:\/\/jpevlogistics.com\/america-latina-mide-el-impacto-de-los-aranceles-reciprocos-de-ee-uu-y-evalua-cursos-de-accion\/","name":"Am\u00e9rica Latina mide el impacto de los aranceles rec\u00edprocos de EE. UU. y eval\u00faa cursos de acci\u00f3n - JPEV Logistics","isPartOf":{"@id":"https:\/\/jpevlogistics.com\/#website"},"primaryImageOfPage":{"@id":"https:\/\/jpevlogistics.com\/america-latina-mide-el-impacto-de-los-aranceles-reciprocos-de-ee-uu-y-evalua-cursos-de-accion\/#primaryimage"},"image":{"@id":"https:\/\/jpevlogistics.com\/america-latina-mide-el-impacto-de-los-aranceles-reciprocos-de-ee-uu-y-evalua-cursos-de-accion\/#primaryimage"},"thumbnailUrl":"https:\/\/jpevlogistics.com\/wp-content\/uploads\/2025\/04\/Sudamerica-.jpeg","datePublished":"2025-04-10T14:00:12+00:00","dateModified":"2025-04-10T14:00:14+00:00","breadcrumb":{"@id":"https:\/\/jpevlogistics.com\/america-latina-mide-el-impacto-de-los-aranceles-reciprocos-de-ee-uu-y-evalua-cursos-de-accion\/#breadcrumb"},"inLanguage":"en-US","potentialAction":[{"@type":"ReadAction","target":["https:\/\/jpevlogistics.com\/america-latina-mide-el-impacto-de-los-aranceles-reciprocos-de-ee-uu-y-evalua-cursos-de-accion\/"]}]},{"@type":"ImageObject","inLanguage":"en-US","@id":"https:\/\/jpevlogistics.com\/america-latina-mide-el-impacto-de-los-aranceles-reciprocos-de-ee-uu-y-evalua-cursos-de-accion\/#primaryimage","url":"https:\/\/jpevlogistics.com\/wp-content\/uploads\/2025\/04\/Sudamerica-.jpeg","contentUrl":"https:\/\/jpevlogistics.com\/wp-content\/uploads\/2025\/04\/Sudamerica-.jpeg","width":798,"height":598},{"@type":"BreadcrumbList","@id":"https:\/\/jpevlogistics.com\/america-latina-mide-el-impacto-de-los-aranceles-reciprocos-de-ee-uu-y-evalua-cursos-de-accion\/#breadcrumb","itemListElement":[{"@type":"ListItem","position":1,"name":"Portada","item":"https:\/\/jpevlogistics.com\/"},{"@type":"ListItem","position":2,"name":"Am\u00e9rica Latina mide el impacto de los aranceles rec\u00edprocos de EE. UU. y eval\u00faa cursos de acci\u00f3n"}]},{"@type":"WebSite","@id":"https:\/\/jpevlogistics.com\/#website","url":"https:\/\/jpevlogistics.com\/","name":"JPEV Logistics","description":"","publisher":{"@id":"https:\/\/jpevlogistics.com\/#organization"},"potentialAction":[{"@type":"SearchAction","target":{"@type":"EntryPoint","urlTemplate":"https:\/\/jpevlogistics.com\/?s={search_term_string}"},"query-input":{"@type":"PropertyValueSpecification","valueRequired":true,"valueName":"search_term_string"}}],"inLanguage":"en-US"},{"@type":"Organization","@id":"https:\/\/jpevlogistics.com\/#organization","name":"JPEV Logistics","url":"https:\/\/jpevlogistics.com\/","logo":{"@type":"ImageObject","inLanguage":"en-US","@id":"https:\/\/jpevlogistics.com\/#\/schema\/logo\/image\/","url":"https:\/\/jpevlogistics.com\/wp-content\/uploads\/2020\/07\/logo.png","contentUrl":"https:\/\/jpevlogistics.com\/wp-content\/uploads\/2020\/07\/logo.png","width":214,"height":81,"caption":"JPEV Logistics"},"image":{"@id":"https:\/\/jpevlogistics.com\/#\/schema\/logo\/image\/"},"sameAs":["https:\/\/www.instagram.com\/jpevlogistics\/","https:\/\/www.linkedin.com\/company\/jpev-logistics\/"]},{"@type":"Person","@id":"https:\/\/jpevlogistics.com\/#\/schema\/person\/5cb83ed90e4ad10651470058bc190e62","name":"horacio","image":{"@type":"ImageObject","inLanguage":"en-US","@id":"https:\/\/secure.gravatar.com\/avatar\/49ba85a39487c51406dba7224109c3b2296f15c3dd1931dd024e3f540b12ea7d?s=96&d=mm&r=g","url":"https:\/\/secure.gravatar.com\/avatar\/49ba85a39487c51406dba7224109c3b2296f15c3dd1931dd024e3f540b12ea7d?s=96&d=mm&r=g","contentUrl":"https:\/\/secure.gravatar.com\/avatar\/49ba85a39487c51406dba7224109c3b2296f15c3dd1931dd024e3f540b12ea7d?s=96&d=mm&r=g","caption":"horacio"},"url":"https:\/\/jpevlogistics.com\/en\/author\/horacio\/"}]}},"_links":{"self":[{"href":"https:\/\/jpevlogistics.com\/en\/wp-json\/wp\/v2\/posts\/4117","targetHints":{"allow":["GET"]}}],"collection":[{"href":"https:\/\/jpevlogistics.com\/en\/wp-json\/wp\/v2\/posts"}],"about":[{"href":"https:\/\/jpevlogistics.com\/en\/wp-json\/wp\/v2\/types\/post"}],"author":[{"embeddable":true,"href":"https:\/\/jpevlogistics.com\/en\/wp-json\/wp\/v2\/users\/4"}],"replies":[{"embeddable":true,"href":"https:\/\/jpevlogistics.com\/en\/wp-json\/wp\/v2\/comments?post=4117"}],"version-history":[{"count":1,"href":"https:\/\/jpevlogistics.com\/en\/wp-json\/wp\/v2\/posts\/4117\/revisions"}],"predecessor-version":[{"id":4119,"href":"https:\/\/jpevlogistics.com\/en\/wp-json\/wp\/v2\/posts\/4117\/revisions\/4119"}],"wp:featuredmedia":[{"embeddable":true,"href":"https:\/\/jpevlogistics.com\/en\/wp-json\/wp\/v2\/media\/4118"}],"wp:attachment":[{"href":"https:\/\/jpevlogistics.com\/en\/wp-json\/wp\/v2\/media?parent=4117"}],"wp:term":[{"taxonomy":"category","embeddable":true,"href":"https:\/\/jpevlogistics.com\/en\/wp-json\/wp\/v2\/categories?post=4117"},{"taxonomy":"post_tag","embeddable":true,"href":"https:\/\/jpevlogistics.com\/en\/wp-json\/wp\/v2\/tags?post=4117"}],"curies":[{"name":"wp","href":"https:\/\/api.w.org\/{rel}","templated":true}]}}