{"id":4120,"date":"2025-04-11T15:50:20","date_gmt":"2025-04-11T15:50:20","guid":{"rendered":"https:\/\/jpevlogistics.com\/?p=4120"},"modified":"2025-04-11T15:50:24","modified_gmt":"2025-04-11T15:50:24","slug":"lineas-navieras-comienzan-a-cancelar-itinerarios-ante-la-incertidumbre-del-comercio-global","status":"publish","type":"post","link":"https:\/\/jpevlogistics.com\/en\/lineas-navieras-comienzan-a-cancelar-itinerarios-ante-la-incertidumbre-del-comercio-global\/","title":{"rendered":"L\u00edneas navieras comienzan a cancelar itinerarios ante la incertidumbre del comercio global"},"content":{"rendered":"<p>11-04-2025 -Prev\u00e9n una disminuci\u00f3n en la demanda de transporte mar\u00edtimo de contenedores<\/p>\n\n\n\n<p>Los apenas siete d\u00edas por los que se extendi\u00f3 la aplicaci\u00f3n de los \u201caranceles rec\u00edprocos\u201d por parte de Estados Unidos- desde el 2 al 9 de abril, \u00faltima fecha en que su prorrog\u00f3 su aplicaci\u00f3n por 90 d\u00edas-, m\u00e1s la incertidumbre sembrada en el comercio internacional por Donald Trump han sido suficientes para generar la saturaci\u00f3n de los puertos y un aumento temporal en las tarifas de transporte mar\u00edtimo, revirtiendo una extendida tendencia a la baja. Es as\u00ed como los costos de los embarques de contenedores desde Shangh\u00e1i a Los \u00c1ngeles y Nueva York se incrementaron un 10% y un 8%, respectivamente, tras los anuncios. Esto como resultado de que muchas compa\u00f1\u00edas importadoras comenzaron a acelerar sus embarques; Apple, por ejemplo, cita un reporte de<em>&nbsp;Forbes<\/em>, envi\u00f3 cinco aviones llenos de productos desde India a Estados Unidos a finales de marzo.<\/p>\n\n\n\n<figure class=\"wp-block-image size-full\"><img fetchpriority=\"high\" decoding=\"async\" width=\"798\" height=\"598\" src=\"https:\/\/jpevlogistics.com\/wp-content\/uploads\/2025\/04\/Caida-de-itinerarios.jpeg\" alt=\"\" class=\"wp-image-4121\" srcset=\"https:\/\/jpevlogistics.com\/wp-content\/uploads\/2025\/04\/Caida-de-itinerarios.jpeg 798w, https:\/\/jpevlogistics.com\/wp-content\/uploads\/2025\/04\/Caida-de-itinerarios-300x225.jpeg 300w, https:\/\/jpevlogistics.com\/wp-content\/uploads\/2025\/04\/Caida-de-itinerarios-768x576.jpeg 768w, https:\/\/jpevlogistics.com\/wp-content\/uploads\/2025\/04\/Caida-de-itinerarios-16x12.jpeg 16w\" sizes=\"(max-width: 798px) 100vw, 798px\" \/><\/figure>\n\n\n\n<p>Algunas compa\u00f1\u00edas estadounidenses, anticipando la aplicaci\u00f3n de los aranceles, comenzaron a acumular inventarios desde febrero. Esto se refleja en que las importaciones de Estados Unidos crecieron un 5% interanual en ese mes, y casi un 8% las procedentes de China. Este aumento continu\u00f3 en marzo, impulsado por otros aranceles implementados por la administraci\u00f3n Trump, como los aplicados al acero, aluminio, autom\u00f3viles y autopartes.<\/p>\n\n\n\n<p>Sin embargo, muchos importadores han comenzado a rechazar pedidos debido a la incertidumbre. Seg\u00fan Ryan Petersen, CEO de Flexport, el 28% de sus clientes han pausado todas sus reservas de transporte de contenedores desde Asia. La plataforma Tradeview de Vizion indic\u00f3 las reservas de importaci\u00f3n en contenedores desde Estados Unidos cay\u00f3 en siete d\u00edas hasta los 169.000 TEUs, desde los 516.000 TEUs. La baja se hace m\u00e1s ostensible al filtrar por China como punto de origen, al descender desde los 148.000 TEUs a solo 54.000 TEUs, tambi\u00e9n en una semana. A nivel mundial,&nbsp;del 24 de marzo al 31 de marzo, solo se hab\u00edan reservado 1,09 millones de TEUs, marcando una reducci\u00f3n del 48% respecto a una semana atr\u00e1s.<\/p>\n\n\n\n<p><strong>L\u00edneas navieras comienzan a adaptarse<\/strong><\/p>\n\n\n\n<p>En medio de anuncios arancelarios, su aplicaci\u00f3n efectiva y los posteriores anuncios de postergaciones, algunas de las principales l\u00edneas navieras como Maersk o Hapag-Lloyd, han se\u00f1alado que podr\u00edan tener que adaptar sus rutas y operaciones debido a la incertidumbre generada. Esto incluye tanto un ajuste en sus redes de servicio como una evaluaci\u00f3n del impacto en la demanda.<\/p>\n\n\n\n<p><em>Philip Damas<\/em>, analista de&nbsp;<em>Drewry<\/em>, pronostic\u00f3 una reducci\u00f3n en los vol\u00famenes y tarifas de transporte en los pr\u00f3ximos meses. De hecho, afirma que muchas l\u00edneas navieras ya est\u00e1n cancelando itinerarios (<em>blank sailings<\/em>) en la ruta Transpac\u00edfico. Seg\u00fan explica, en la ruta Asia-Costa Oeste de Norteam\u00e9rica, suelen cancelar muchos itinerarios en febrero debido al A\u00f1o Nuevo Chino, pero reducen esta pr\u00e1ctica en los meses siguientes. No obstante, este a\u00f1o continuaron cancelando m\u00e1s de 40 itinerarios en la ruta Asia-Costa Oeste de Norteam\u00e9rica al mes, tanto en marzo como en abril.<\/p>\n\n\n\n<p><em>Lars Jensen<\/em>&nbsp;concuerda en el pron\u00f3stico: \u201cmuy pronto comenzaremos a ver importantes cancelaciones de itinerarios de las l\u00edneas navieras. Esto parece comenzar ya, con ONE anunciando (el 8 de abril) que el servicio \u2018PN4\u2019 Pacific de premier Alliance, que deber\u00eda haber comenzar en mayo, est\u00e1 suspendido hasta nuevo aviso\u201d.&nbsp;<\/p>\n\n\n\n<p>Este freno ha impactado a las navieras. Las acciones de Maersk cayeron un 17,5% y las de Hapag-Lloyd un 13%. Klaus-Michael Kuehne, que posee el 30% de Hapag-Lloyd, perdi\u00f3 m\u00e1s de US$2.200 millones. La \u00fanica l\u00ednea naviera estadounidense que se sit\u00faa entre las 30 m\u00e1s grandes, Matson, tambi\u00e9n sufri\u00f3 una ca\u00edda del 22%.<\/p>\n\n\n\n<p><strong>Mientras tanto en China<\/strong><\/p>\n\n\n\n<p>China, en una escalada sin precedentes ha respondido con fuertes medidas de represalia, incluyendo un arancel del 84%, que responden al aplicado por Estados Unidos que ya va en el 125%.&nbsp;<\/p>\n\n\n\n<p>Compa\u00f1\u00edas chinas como Shein y Temu tambi\u00e9n est\u00e1n en el punto de mira. Estas compa\u00f1\u00edas han aprovechado hasta ahora la exenci\u00f3n \u201cde minimis\u201d, que permite importar productos valorados en menos de US$800 d\u00f3lares. Trump anunci\u00f3 que eliminar\u00e1 esta exenci\u00f3n para productos procedentes de China y Hong Kong a partir del 2 de mayo, lo que ha provocado una fuerte ca\u00edda en las acciones de PDD Holdings, empresa matriz de Temu, reduciendo la fortuna de su fundador en casi US$9.000 millones.<\/p>\n\n\n\n<p>Adem\u00e1s, una propuesta de la Oficina del Representante Comercial de EE. UU. (USTR) podr\u00eda imponer tasas de hasta US$1,5 millones por cada buque que entre a puertos estadounidenses si es de propiedad, operaci\u00f3n o fabricaci\u00f3n china. Esta medida que actualmente se encuentra en revisi\u00f3n, de aplicarse, podr\u00eda perjudicar gravemente a muchas l\u00edneas navieras y alterar profundamente el comercio mar\u00edtimo global.<\/p>\n\n\n\n<p>De acuerdo con el analista de la industria mar\u00edtima<em>, Lars Jensen<\/em>, \u201cser\u00e1 muy dif\u00edcil ver a los l\u00edderes chinos retroceder en la confrontaci\u00f3n sin que se considere que se humillan as\u00ed mismos, por lo que deber\u00edamos esperar que las coas empeoren\u201d.<\/p>\n\n\n\n<p>Las empresas navieras advierten que, ante estos escenarios, podr\u00edan evitar los puertos de EE. UU. si los costos se vuelven insostenibles.&nbsp;<\/p>\n\n\n\n<p>Mientras tanto, clientes y proveedores buscar\u00e1n adaptarse redireccionando flujos comerciales hacia otros mercados o ralentizando el movimiento de bienes.<\/p>\n\n\n\n<p><strong>jpevlogistics.com<\/strong><\/p>\n\n\n\n<p><\/p>","protected":false},"excerpt":{"rendered":"<p>11-04-2025 -Prev\u00e9n una disminuci\u00f3n en la demanda de transporte mar\u00edtimo de contenedores Los apenas siete d\u00edas por los que se extendi\u00f3 la aplicaci\u00f3n de los \u201caranceles rec\u00edprocos\u201d por parte de Estados Unidos- desde el 2 al 9 de abril, \u00faltima fecha en que su prorrog\u00f3 su aplicaci\u00f3n por 90 d\u00edas-, m\u00e1s la incertidumbre sembrada en [&hellip;]<\/p>\n","protected":false},"author":4,"featured_media":4121,"comment_status":"open","ping_status":"open","sticky":false,"template":"","format":"standard","meta":{"footnotes":""},"categories":[1],"tags":[],"class_list":["post-4120","post","type-post","status-publish","format-standard","has-post-thumbnail","hentry","category-sin-categoria"],"yoast_head":"<!-- This site is optimized with the Yoast SEO plugin v27.4 - https:\/\/yoast.com\/product\/yoast-seo-wordpress\/ -->\n<title>L\u00edneas navieras comienzan a cancelar itinerarios ante la incertidumbre del comercio global - JPEV Logistics<\/title>\n<meta name=\"robots\" content=\"index, follow, max-snippet:-1, max-image-preview:large, max-video-preview:-1\" \/>\n<link rel=\"canonical\" href=\"https:\/\/jpevlogistics.com\/en\/lineas-navieras-comienzan-a-cancelar-itinerarios-ante-la-incertidumbre-del-comercio-global\/\" \/>\n<meta property=\"og:locale\" content=\"en_US\" \/>\n<meta property=\"og:type\" content=\"article\" \/>\n<meta property=\"og:title\" content=\"L\u00edneas navieras comienzan a cancelar itinerarios ante la incertidumbre del comercio global - JPEV Logistics\" \/>\n<meta property=\"og:description\" content=\"11-04-2025 -Prev\u00e9n una disminuci\u00f3n en la demanda de transporte mar\u00edtimo de contenedores Los apenas siete d\u00edas por los que se extendi\u00f3 la aplicaci\u00f3n de los \u201caranceles rec\u00edprocos\u201d por parte de Estados Unidos- desde el 2 al 9 de abril, \u00faltima fecha en que su prorrog\u00f3 su aplicaci\u00f3n por 90 d\u00edas-, m\u00e1s la incertidumbre sembrada en [&hellip;]\" \/>\n<meta property=\"og:url\" content=\"https:\/\/jpevlogistics.com\/en\/lineas-navieras-comienzan-a-cancelar-itinerarios-ante-la-incertidumbre-del-comercio-global\/\" \/>\n<meta property=\"og:site_name\" content=\"JPEV Logistics\" \/>\n<meta property=\"article:published_time\" content=\"2025-04-11T15:50:20+00:00\" \/>\n<meta property=\"article:modified_time\" content=\"2025-04-11T15:50:24+00:00\" \/>\n<meta property=\"og:image\" content=\"https:\/\/jpevlogistics.com\/wp-content\/uploads\/2025\/04\/Caida-de-itinerarios.jpeg\" \/>\n\t<meta property=\"og:image:width\" content=\"798\" \/>\n\t<meta property=\"og:image:height\" content=\"598\" \/>\n\t<meta property=\"og:image:type\" content=\"image\/jpeg\" \/>\n<meta name=\"author\" content=\"horacio\" \/>\n<meta name=\"twitter:card\" content=\"summary_large_image\" \/>\n<meta name=\"twitter:label1\" content=\"Written by\" \/>\n\t<meta name=\"twitter:data1\" content=\"horacio\" \/>\n\t<meta name=\"twitter:label2\" content=\"Est. reading time\" \/>\n\t<meta name=\"twitter:data2\" content=\"5 minutes\" \/>\n<script type=\"application\/ld+json\" class=\"yoast-schema-graph\">{\"@context\":\"https:\\\/\\\/schema.org\",\"@graph\":[{\"@type\":\"Article\",\"@id\":\"https:\\\/\\\/jpevlogistics.com\\\/lineas-navieras-comienzan-a-cancelar-itinerarios-ante-la-incertidumbre-del-comercio-global\\\/#article\",\"isPartOf\":{\"@id\":\"https:\\\/\\\/jpevlogistics.com\\\/lineas-navieras-comienzan-a-cancelar-itinerarios-ante-la-incertidumbre-del-comercio-global\\\/\"},\"author\":{\"name\":\"horacio\",\"@id\":\"https:\\\/\\\/jpevlogistics.com\\\/#\\\/schema\\\/person\\\/5cb83ed90e4ad10651470058bc190e62\"},\"headline\":\"L\u00edneas navieras comienzan a cancelar itinerarios ante la incertidumbre del comercio global\",\"datePublished\":\"2025-04-11T15:50:20+00:00\",\"dateModified\":\"2025-04-11T15:50:24+00:00\",\"mainEntityOfPage\":{\"@id\":\"https:\\\/\\\/jpevlogistics.com\\\/lineas-navieras-comienzan-a-cancelar-itinerarios-ante-la-incertidumbre-del-comercio-global\\\/\"},\"wordCount\":918,\"commentCount\":0,\"publisher\":{\"@id\":\"https:\\\/\\\/jpevlogistics.com\\\/#organization\"},\"image\":{\"@id\":\"https:\\\/\\\/jpevlogistics.com\\\/lineas-navieras-comienzan-a-cancelar-itinerarios-ante-la-incertidumbre-del-comercio-global\\\/#primaryimage\"},\"thumbnailUrl\":\"https:\\\/\\\/jpevlogistics.com\\\/wp-content\\\/uploads\\\/2025\\\/04\\\/Caida-de-itinerarios.jpeg\",\"articleSection\":[\"Sin categor\u00eda\"],\"inLanguage\":\"en-US\",\"potentialAction\":[{\"@type\":\"CommentAction\",\"name\":\"Comment\",\"target\":[\"https:\\\/\\\/jpevlogistics.com\\\/lineas-navieras-comienzan-a-cancelar-itinerarios-ante-la-incertidumbre-del-comercio-global\\\/#respond\"]}]},{\"@type\":\"WebPage\",\"@id\":\"https:\\\/\\\/jpevlogistics.com\\\/lineas-navieras-comienzan-a-cancelar-itinerarios-ante-la-incertidumbre-del-comercio-global\\\/\",\"url\":\"https:\\\/\\\/jpevlogistics.com\\\/lineas-navieras-comienzan-a-cancelar-itinerarios-ante-la-incertidumbre-del-comercio-global\\\/\",\"name\":\"L\u00edneas navieras comienzan a cancelar itinerarios ante la incertidumbre del comercio global - JPEV Logistics\",\"isPartOf\":{\"@id\":\"https:\\\/\\\/jpevlogistics.com\\\/#website\"},\"primaryImageOfPage\":{\"@id\":\"https:\\\/\\\/jpevlogistics.com\\\/lineas-navieras-comienzan-a-cancelar-itinerarios-ante-la-incertidumbre-del-comercio-global\\\/#primaryimage\"},\"image\":{\"@id\":\"https:\\\/\\\/jpevlogistics.com\\\/lineas-navieras-comienzan-a-cancelar-itinerarios-ante-la-incertidumbre-del-comercio-global\\\/#primaryimage\"},\"thumbnailUrl\":\"https:\\\/\\\/jpevlogistics.com\\\/wp-content\\\/uploads\\\/2025\\\/04\\\/Caida-de-itinerarios.jpeg\",\"datePublished\":\"2025-04-11T15:50:20+00:00\",\"dateModified\":\"2025-04-11T15:50:24+00:00\",\"breadcrumb\":{\"@id\":\"https:\\\/\\\/jpevlogistics.com\\\/lineas-navieras-comienzan-a-cancelar-itinerarios-ante-la-incertidumbre-del-comercio-global\\\/#breadcrumb\"},\"inLanguage\":\"en-US\",\"potentialAction\":[{\"@type\":\"ReadAction\",\"target\":[\"https:\\\/\\\/jpevlogistics.com\\\/lineas-navieras-comienzan-a-cancelar-itinerarios-ante-la-incertidumbre-del-comercio-global\\\/\"]}]},{\"@type\":\"ImageObject\",\"inLanguage\":\"en-US\",\"@id\":\"https:\\\/\\\/jpevlogistics.com\\\/lineas-navieras-comienzan-a-cancelar-itinerarios-ante-la-incertidumbre-del-comercio-global\\\/#primaryimage\",\"url\":\"https:\\\/\\\/jpevlogistics.com\\\/wp-content\\\/uploads\\\/2025\\\/04\\\/Caida-de-itinerarios.jpeg\",\"contentUrl\":\"https:\\\/\\\/jpevlogistics.com\\\/wp-content\\\/uploads\\\/2025\\\/04\\\/Caida-de-itinerarios.jpeg\",\"width\":798,\"height\":598},{\"@type\":\"BreadcrumbList\",\"@id\":\"https:\\\/\\\/jpevlogistics.com\\\/lineas-navieras-comienzan-a-cancelar-itinerarios-ante-la-incertidumbre-del-comercio-global\\\/#breadcrumb\",\"itemListElement\":[{\"@type\":\"ListItem\",\"position\":1,\"name\":\"Portada\",\"item\":\"https:\\\/\\\/jpevlogistics.com\\\/\"},{\"@type\":\"ListItem\",\"position\":2,\"name\":\"L\u00edneas navieras comienzan a cancelar itinerarios ante la incertidumbre del comercio global\"}]},{\"@type\":\"WebSite\",\"@id\":\"https:\\\/\\\/jpevlogistics.com\\\/#website\",\"url\":\"https:\\\/\\\/jpevlogistics.com\\\/\",\"name\":\"JPEV Logistics\",\"description\":\"\",\"publisher\":{\"@id\":\"https:\\\/\\\/jpevlogistics.com\\\/#organization\"},\"potentialAction\":[{\"@type\":\"SearchAction\",\"target\":{\"@type\":\"EntryPoint\",\"urlTemplate\":\"https:\\\/\\\/jpevlogistics.com\\\/?s={search_term_string}\"},\"query-input\":{\"@type\":\"PropertyValueSpecification\",\"valueRequired\":true,\"valueName\":\"search_term_string\"}}],\"inLanguage\":\"en-US\"},{\"@type\":\"Organization\",\"@id\":\"https:\\\/\\\/jpevlogistics.com\\\/#organization\",\"name\":\"JPEV Logistics\",\"url\":\"https:\\\/\\\/jpevlogistics.com\\\/\",\"logo\":{\"@type\":\"ImageObject\",\"inLanguage\":\"en-US\",\"@id\":\"https:\\\/\\\/jpevlogistics.com\\\/#\\\/schema\\\/logo\\\/image\\\/\",\"url\":\"https:\\\/\\\/jpevlogistics.com\\\/wp-content\\\/uploads\\\/2020\\\/07\\\/logo.png\",\"contentUrl\":\"https:\\\/\\\/jpevlogistics.com\\\/wp-content\\\/uploads\\\/2020\\\/07\\\/logo.png\",\"width\":214,\"height\":81,\"caption\":\"JPEV Logistics\"},\"image\":{\"@id\":\"https:\\\/\\\/jpevlogistics.com\\\/#\\\/schema\\\/logo\\\/image\\\/\"},\"sameAs\":[\"https:\\\/\\\/www.instagram.com\\\/jpevlogistics\\\/\",\"https:\\\/\\\/www.linkedin.com\\\/company\\\/jpev-logistics\\\/\"]},{\"@type\":\"Person\",\"@id\":\"https:\\\/\\\/jpevlogistics.com\\\/#\\\/schema\\\/person\\\/5cb83ed90e4ad10651470058bc190e62\",\"name\":\"horacio\",\"image\":{\"@type\":\"ImageObject\",\"inLanguage\":\"en-US\",\"@id\":\"https:\\\/\\\/secure.gravatar.com\\\/avatar\\\/49ba85a39487c51406dba7224109c3b2296f15c3dd1931dd024e3f540b12ea7d?s=96&d=mm&r=g\",\"url\":\"https:\\\/\\\/secure.gravatar.com\\\/avatar\\\/49ba85a39487c51406dba7224109c3b2296f15c3dd1931dd024e3f540b12ea7d?s=96&d=mm&r=g\",\"contentUrl\":\"https:\\\/\\\/secure.gravatar.com\\\/avatar\\\/49ba85a39487c51406dba7224109c3b2296f15c3dd1931dd024e3f540b12ea7d?s=96&d=mm&r=g\",\"caption\":\"horacio\"},\"url\":\"https:\\\/\\\/jpevlogistics.com\\\/en\\\/author\\\/horacio\\\/\"}]}<\/script>\n<!-- \/ Yoast SEO plugin. -->","yoast_head_json":{"title":"L\u00edneas navieras comienzan a cancelar itinerarios ante la incertidumbre del comercio global - JPEV Logistics","robots":{"index":"index","follow":"follow","max-snippet":"max-snippet:-1","max-image-preview":"max-image-preview:large","max-video-preview":"max-video-preview:-1"},"canonical":"https:\/\/jpevlogistics.com\/en\/lineas-navieras-comienzan-a-cancelar-itinerarios-ante-la-incertidumbre-del-comercio-global\/","og_locale":"en_US","og_type":"article","og_title":"L\u00edneas navieras comienzan a cancelar itinerarios ante la incertidumbre del comercio global - JPEV Logistics","og_description":"11-04-2025 -Prev\u00e9n una disminuci\u00f3n en la demanda de transporte mar\u00edtimo de contenedores Los apenas siete d\u00edas por los que se extendi\u00f3 la aplicaci\u00f3n de los \u201caranceles rec\u00edprocos\u201d por parte de Estados Unidos- desde el 2 al 9 de abril, \u00faltima fecha en que su prorrog\u00f3 su aplicaci\u00f3n por 90 d\u00edas-, m\u00e1s la incertidumbre sembrada en [&hellip;]","og_url":"https:\/\/jpevlogistics.com\/en\/lineas-navieras-comienzan-a-cancelar-itinerarios-ante-la-incertidumbre-del-comercio-global\/","og_site_name":"JPEV Logistics","article_published_time":"2025-04-11T15:50:20+00:00","article_modified_time":"2025-04-11T15:50:24+00:00","og_image":[{"width":798,"height":598,"url":"https:\/\/jpevlogistics.com\/wp-content\/uploads\/2025\/04\/Caida-de-itinerarios.jpeg","type":"image\/jpeg"}],"author":"horacio","twitter_card":"summary_large_image","twitter_misc":{"Written by":"horacio","Est. reading time":"5 minutes"},"schema":{"@context":"https:\/\/schema.org","@graph":[{"@type":"Article","@id":"https:\/\/jpevlogistics.com\/lineas-navieras-comienzan-a-cancelar-itinerarios-ante-la-incertidumbre-del-comercio-global\/#article","isPartOf":{"@id":"https:\/\/jpevlogistics.com\/lineas-navieras-comienzan-a-cancelar-itinerarios-ante-la-incertidumbre-del-comercio-global\/"},"author":{"name":"horacio","@id":"https:\/\/jpevlogistics.com\/#\/schema\/person\/5cb83ed90e4ad10651470058bc190e62"},"headline":"L\u00edneas navieras comienzan a cancelar itinerarios ante la incertidumbre del comercio global","datePublished":"2025-04-11T15:50:20+00:00","dateModified":"2025-04-11T15:50:24+00:00","mainEntityOfPage":{"@id":"https:\/\/jpevlogistics.com\/lineas-navieras-comienzan-a-cancelar-itinerarios-ante-la-incertidumbre-del-comercio-global\/"},"wordCount":918,"commentCount":0,"publisher":{"@id":"https:\/\/jpevlogistics.com\/#organization"},"image":{"@id":"https:\/\/jpevlogistics.com\/lineas-navieras-comienzan-a-cancelar-itinerarios-ante-la-incertidumbre-del-comercio-global\/#primaryimage"},"thumbnailUrl":"https:\/\/jpevlogistics.com\/wp-content\/uploads\/2025\/04\/Caida-de-itinerarios.jpeg","articleSection":["Sin categor\u00eda"],"inLanguage":"en-US","potentialAction":[{"@type":"CommentAction","name":"Comment","target":["https:\/\/jpevlogistics.com\/lineas-navieras-comienzan-a-cancelar-itinerarios-ante-la-incertidumbre-del-comercio-global\/#respond"]}]},{"@type":"WebPage","@id":"https:\/\/jpevlogistics.com\/lineas-navieras-comienzan-a-cancelar-itinerarios-ante-la-incertidumbre-del-comercio-global\/","url":"https:\/\/jpevlogistics.com\/lineas-navieras-comienzan-a-cancelar-itinerarios-ante-la-incertidumbre-del-comercio-global\/","name":"L\u00edneas navieras comienzan a cancelar itinerarios ante la incertidumbre del comercio global - JPEV Logistics","isPartOf":{"@id":"https:\/\/jpevlogistics.com\/#website"},"primaryImageOfPage":{"@id":"https:\/\/jpevlogistics.com\/lineas-navieras-comienzan-a-cancelar-itinerarios-ante-la-incertidumbre-del-comercio-global\/#primaryimage"},"image":{"@id":"https:\/\/jpevlogistics.com\/lineas-navieras-comienzan-a-cancelar-itinerarios-ante-la-incertidumbre-del-comercio-global\/#primaryimage"},"thumbnailUrl":"https:\/\/jpevlogistics.com\/wp-content\/uploads\/2025\/04\/Caida-de-itinerarios.jpeg","datePublished":"2025-04-11T15:50:20+00:00","dateModified":"2025-04-11T15:50:24+00:00","breadcrumb":{"@id":"https:\/\/jpevlogistics.com\/lineas-navieras-comienzan-a-cancelar-itinerarios-ante-la-incertidumbre-del-comercio-global\/#breadcrumb"},"inLanguage":"en-US","potentialAction":[{"@type":"ReadAction","target":["https:\/\/jpevlogistics.com\/lineas-navieras-comienzan-a-cancelar-itinerarios-ante-la-incertidumbre-del-comercio-global\/"]}]},{"@type":"ImageObject","inLanguage":"en-US","@id":"https:\/\/jpevlogistics.com\/lineas-navieras-comienzan-a-cancelar-itinerarios-ante-la-incertidumbre-del-comercio-global\/#primaryimage","url":"https:\/\/jpevlogistics.com\/wp-content\/uploads\/2025\/04\/Caida-de-itinerarios.jpeg","contentUrl":"https:\/\/jpevlogistics.com\/wp-content\/uploads\/2025\/04\/Caida-de-itinerarios.jpeg","width":798,"height":598},{"@type":"BreadcrumbList","@id":"https:\/\/jpevlogistics.com\/lineas-navieras-comienzan-a-cancelar-itinerarios-ante-la-incertidumbre-del-comercio-global\/#breadcrumb","itemListElement":[{"@type":"ListItem","position":1,"name":"Portada","item":"https:\/\/jpevlogistics.com\/"},{"@type":"ListItem","position":2,"name":"L\u00edneas navieras comienzan a cancelar itinerarios ante la incertidumbre del comercio global"}]},{"@type":"WebSite","@id":"https:\/\/jpevlogistics.com\/#website","url":"https:\/\/jpevlogistics.com\/","name":"JPEV Logistics","description":"","publisher":{"@id":"https:\/\/jpevlogistics.com\/#organization"},"potentialAction":[{"@type":"SearchAction","target":{"@type":"EntryPoint","urlTemplate":"https:\/\/jpevlogistics.com\/?s={search_term_string}"},"query-input":{"@type":"PropertyValueSpecification","valueRequired":true,"valueName":"search_term_string"}}],"inLanguage":"en-US"},{"@type":"Organization","@id":"https:\/\/jpevlogistics.com\/#organization","name":"JPEV Logistics","url":"https:\/\/jpevlogistics.com\/","logo":{"@type":"ImageObject","inLanguage":"en-US","@id":"https:\/\/jpevlogistics.com\/#\/schema\/logo\/image\/","url":"https:\/\/jpevlogistics.com\/wp-content\/uploads\/2020\/07\/logo.png","contentUrl":"https:\/\/jpevlogistics.com\/wp-content\/uploads\/2020\/07\/logo.png","width":214,"height":81,"caption":"JPEV Logistics"},"image":{"@id":"https:\/\/jpevlogistics.com\/#\/schema\/logo\/image\/"},"sameAs":["https:\/\/www.instagram.com\/jpevlogistics\/","https:\/\/www.linkedin.com\/company\/jpev-logistics\/"]},{"@type":"Person","@id":"https:\/\/jpevlogistics.com\/#\/schema\/person\/5cb83ed90e4ad10651470058bc190e62","name":"horacio","image":{"@type":"ImageObject","inLanguage":"en-US","@id":"https:\/\/secure.gravatar.com\/avatar\/49ba85a39487c51406dba7224109c3b2296f15c3dd1931dd024e3f540b12ea7d?s=96&d=mm&r=g","url":"https:\/\/secure.gravatar.com\/avatar\/49ba85a39487c51406dba7224109c3b2296f15c3dd1931dd024e3f540b12ea7d?s=96&d=mm&r=g","contentUrl":"https:\/\/secure.gravatar.com\/avatar\/49ba85a39487c51406dba7224109c3b2296f15c3dd1931dd024e3f540b12ea7d?s=96&d=mm&r=g","caption":"horacio"},"url":"https:\/\/jpevlogistics.com\/en\/author\/horacio\/"}]}},"_links":{"self":[{"href":"https:\/\/jpevlogistics.com\/en\/wp-json\/wp\/v2\/posts\/4120","targetHints":{"allow":["GET"]}}],"collection":[{"href":"https:\/\/jpevlogistics.com\/en\/wp-json\/wp\/v2\/posts"}],"about":[{"href":"https:\/\/jpevlogistics.com\/en\/wp-json\/wp\/v2\/types\/post"}],"author":[{"embeddable":true,"href":"https:\/\/jpevlogistics.com\/en\/wp-json\/wp\/v2\/users\/4"}],"replies":[{"embeddable":true,"href":"https:\/\/jpevlogistics.com\/en\/wp-json\/wp\/v2\/comments?post=4120"}],"version-history":[{"count":1,"href":"https:\/\/jpevlogistics.com\/en\/wp-json\/wp\/v2\/posts\/4120\/revisions"}],"predecessor-version":[{"id":4122,"href":"https:\/\/jpevlogistics.com\/en\/wp-json\/wp\/v2\/posts\/4120\/revisions\/4122"}],"wp:featuredmedia":[{"embeddable":true,"href":"https:\/\/jpevlogistics.com\/en\/wp-json\/wp\/v2\/media\/4121"}],"wp:attachment":[{"href":"https:\/\/jpevlogistics.com\/en\/wp-json\/wp\/v2\/media?parent=4120"}],"wp:term":[{"taxonomy":"category","embeddable":true,"href":"https:\/\/jpevlogistics.com\/en\/wp-json\/wp\/v2\/categories?post=4120"},{"taxonomy":"post_tag","embeddable":true,"href":"https:\/\/jpevlogistics.com\/en\/wp-json\/wp\/v2\/tags?post=4120"}],"curies":[{"name":"wp","href":"https:\/\/api.w.org\/{rel}","templated":true}]}}