{"id":4144,"date":"2025-04-25T22:54:47","date_gmt":"2025-04-25T22:54:47","guid":{"rendered":"https:\/\/jpevlogistics.com\/?p=4144"},"modified":"2025-04-25T23:15:42","modified_gmt":"2025-04-25T23:15:42","slug":"nuestra-visita-a-la-feria-intermodal-2025-en-brasil","status":"publish","type":"post","link":"https:\/\/jpevlogistics.com\/en\/nuestra-visita-a-la-feria-intermodal-2025-en-brasil\/","title":{"rendered":"Nuestra Visita a la Feria Intermodal 2025 en Brasil"},"content":{"rendered":"<p>25\/04\/2025 &#8211; <strong>Encuentro de L\u00edderes del Sector Log\u00edstico para Impulsar el Futuro del Transporte y la Log\u00edstica<\/strong><\/p>\n\n\n\n<p>Del 22 al 24 de abril de 2025, tuvimos el privilegio de asistir a la Feria Intermodal South America en S\u00e3o Paulo, Brasil. Este evento, reconocido como el m\u00e1s grande y completo en el \u00e1mbito de la log\u00edstica, intralog\u00edstica, tecnolog\u00eda, transporte de carga y comercio exterior en Am\u00e9rica Latina, reuni\u00f3 a profesionales de m\u00e1s de 90 pa\u00edses.<\/p>\n\n\n\n<figure class=\"wp-block-image size-large\"><img fetchpriority=\"high\" decoding=\"async\" width=\"1024\" height=\"576\" src=\"https:\/\/jpevlogistics.com\/wp-content\/uploads\/2025\/04\/Intermodal-1024x576.jpeg\" alt=\"\" class=\"wp-image-4145\" srcset=\"https:\/\/jpevlogistics.com\/wp-content\/uploads\/2025\/04\/Intermodal-1024x576.jpeg 1024w, https:\/\/jpevlogistics.com\/wp-content\/uploads\/2025\/04\/Intermodal-300x169.jpeg 300w, https:\/\/jpevlogistics.com\/wp-content\/uploads\/2025\/04\/Intermodal-768x432.jpeg 768w, https:\/\/jpevlogistics.com\/wp-content\/uploads\/2025\/04\/Intermodal-18x10.jpeg 18w, https:\/\/jpevlogistics.com\/wp-content\/uploads\/2025\/04\/Intermodal.jpeg 1280w\" sizes=\"(max-width: 1024px) 100vw, 1024px\" \/><\/figure>\n\n\n\n<p>Uno de los puntos destacados fue el&nbsp;<strong>Interlog Summit<\/strong>, donde expertos compartieron conocimientos sobre temas cruciales como la inteligencia artificial en el transporte mar\u00edtimo y estrategias sostenibles para la log\u00edstica. Adem\u00e1s, tuvimos la oportunidad de interactuar con expositores de diversos sectores, incluyendo navieras, fabricantes de contenedores, operadores de terminales y transporte ferroviario.<\/p>\n\n\n\n<p>Durante tres d\u00edas, exploramos las \u00faltimas innovaciones y tecnolog\u00edas presentadas por los principales actores del sector. La feria ofreci\u00f3 una plataforma \u00fanica para establecer contactos comerciales, discutir tendencias actuales y futuras, y descubrir soluciones integrales para la cadena log\u00edstica.<\/p>\n\n\n\n<p>Nos complace anunciar que, durante la feria, hemos concretado acuerdos con diversas navieras y agentes de China y Ecuador. Estos acuerdos nos permitir\u00e1n fortalecer significativamente el tr\u00e1fico en estas rutas, abriendo nuevas oportunidades de negocio y mejorando nuestra capacidad de servicio. Adem\u00e1s, hemos estrechado los v\u00ednculos con nuestros agentes de Ecuador:&nbsp;<strong>Ecuamoving<\/strong>, Espa\u00f1a:&nbsp;<strong>Raminatrans<\/strong>, y China:&nbsp;<strong>Chinatrans<\/strong>, lo que nos permitir\u00e1 ofrecer un servicio a\u00fan m\u00e1s eficiente y coordinado.<\/p>\n\n\n\n<p>La Feria Intermodal 2025 no solo nos permiti\u00f3 actualizar nuestros conocimientos y expandir nuestra red de contactos, sino que tambi\u00e9n nos inspir\u00f3 a implementar nuevas pr\u00e1cticas y tecnolog\u00edas en nuestra empresa. Estamos emocionados por las oportunidades que este evento nos ha brindado y esperamos con ansias aplicar lo aprendido para mejorar nuestros servicios y contribuir al desarrollo sostenible del sector log\u00edstico.<\/p>\n\n\n\n<p>Finalmente, queremos expresar nuestro m\u00e1s sincero agradecimiento a todos nuestros clientes por su continuo apoyo. Sin ustedes, estos logros no ser\u00edan posibles. \u00a1Gracias por confiar en nosotros y acompa\u00f1arnos en este emocionante viaje!<\/p>\n\n\n\n<p><strong>Palabras de nuestro Director General, Horacio F. Etcheto:<\/strong><\/p>\n\n\n\n<p><em>&#8220;La Feria Intermodal 2025 ha sido una experiencia invaluable para nuestra empresa. Hemos tenido la oportunidad de fortalecer relaciones clave y explorar nuevas tecnolog\u00edas que sin duda impulsar\u00e1n nuestro crecimiento. Agradecemos profundamente a nuestros clientes y socios por su apoyo constante y por acompa\u00f1arnos en este camino hacia la innovaci\u00f3n y la excelencia en el sector log\u00edstico.&#8221;<\/em><\/p>\n\n\n\n<p><strong>jpevlogistics.com<\/strong><\/p>\n\n\n\n<p><\/p>","protected":false},"excerpt":{"rendered":"<p>25\/04\/2025 &#8211; Encuentro de L\u00edderes del Sector Log\u00edstico para Impulsar el Futuro del Transporte y la Log\u00edstica Del 22 al 24 de abril de 2025, tuvimos el privilegio de asistir a la Feria Intermodal South America en S\u00e3o Paulo, Brasil. Este evento, reconocido como el m\u00e1s grande y completo en el \u00e1mbito de la log\u00edstica, [&hellip;]<\/p>\n","protected":false},"author":4,"featured_media":4145,"comment_status":"open","ping_status":"open","sticky":false,"template":"","format":"standard","meta":{"footnotes":""},"categories":[1],"tags":[],"class_list":["post-4144","post","type-post","status-publish","format-standard","has-post-thumbnail","hentry","category-sin-categoria"],"yoast_head":"<!-- This site is optimized with the Yoast SEO plugin v27.4 - https:\/\/yoast.com\/product\/yoast-seo-wordpress\/ -->\n<title>Nuestra Visita a la Feria Intermodal 2025 en Brasil - JPEV Logistics<\/title>\n<meta name=\"robots\" content=\"index, follow, max-snippet:-1, max-image-preview:large, max-video-preview:-1\" \/>\n<link rel=\"canonical\" href=\"https:\/\/jpevlogistics.com\/en\/nuestra-visita-a-la-feria-intermodal-2025-en-brasil\/\" \/>\n<meta property=\"og:locale\" content=\"en_US\" \/>\n<meta property=\"og:type\" content=\"article\" \/>\n<meta property=\"og:title\" content=\"Nuestra Visita a la Feria Intermodal 2025 en Brasil - JPEV Logistics\" \/>\n<meta property=\"og:description\" content=\"25\/04\/2025 &#8211; Encuentro de L\u00edderes del Sector Log\u00edstico para Impulsar el Futuro del Transporte y la Log\u00edstica Del 22 al 24 de abril de 2025, tuvimos el privilegio de asistir a la Feria Intermodal South America en S\u00e3o Paulo, Brasil. Este evento, reconocido como el m\u00e1s grande y completo en el \u00e1mbito de la log\u00edstica, [&hellip;]\" \/>\n<meta property=\"og:url\" content=\"https:\/\/jpevlogistics.com\/en\/nuestra-visita-a-la-feria-intermodal-2025-en-brasil\/\" \/>\n<meta property=\"og:site_name\" content=\"JPEV Logistics\" \/>\n<meta property=\"article:published_time\" content=\"2025-04-25T22:54:47+00:00\" \/>\n<meta property=\"article:modified_time\" content=\"2025-04-25T23:15:42+00:00\" \/>\n<meta property=\"og:image\" content=\"https:\/\/jpevlogistics.com\/wp-content\/uploads\/2025\/04\/Intermodal.jpeg\" \/>\n\t<meta property=\"og:image:width\" content=\"1280\" \/>\n\t<meta property=\"og:image:height\" content=\"720\" \/>\n\t<meta property=\"og:image:type\" content=\"image\/jpeg\" \/>\n<meta name=\"author\" content=\"horacio\" \/>\n<meta name=\"twitter:card\" content=\"summary_large_image\" \/>\n<meta name=\"twitter:label1\" content=\"Written by\" \/>\n\t<meta name=\"twitter:data1\" content=\"horacio\" \/>\n\t<meta name=\"twitter:label2\" content=\"Est. reading time\" \/>\n\t<meta name=\"twitter:data2\" content=\"2 minutes\" \/>\n<script type=\"application\/ld+json\" class=\"yoast-schema-graph\">{\"@context\":\"https:\\\/\\\/schema.org\",\"@graph\":[{\"@type\":\"Article\",\"@id\":\"https:\\\/\\\/jpevlogistics.com\\\/nuestra-visita-a-la-feria-intermodal-2025-en-brasil\\\/#article\",\"isPartOf\":{\"@id\":\"https:\\\/\\\/jpevlogistics.com\\\/nuestra-visita-a-la-feria-intermodal-2025-en-brasil\\\/\"},\"author\":{\"name\":\"horacio\",\"@id\":\"https:\\\/\\\/jpevlogistics.com\\\/#\\\/schema\\\/person\\\/5cb83ed90e4ad10651470058bc190e62\"},\"headline\":\"Nuestra Visita a la Feria Intermodal 2025 en Brasil\",\"datePublished\":\"2025-04-25T22:54:47+00:00\",\"dateModified\":\"2025-04-25T23:15:42+00:00\",\"mainEntityOfPage\":{\"@id\":\"https:\\\/\\\/jpevlogistics.com\\\/nuestra-visita-a-la-feria-intermodal-2025-en-brasil\\\/\"},\"wordCount\":436,\"commentCount\":1,\"publisher\":{\"@id\":\"https:\\\/\\\/jpevlogistics.com\\\/#organization\"},\"image\":{\"@id\":\"https:\\\/\\\/jpevlogistics.com\\\/nuestra-visita-a-la-feria-intermodal-2025-en-brasil\\\/#primaryimage\"},\"thumbnailUrl\":\"https:\\\/\\\/jpevlogistics.com\\\/wp-content\\\/uploads\\\/2025\\\/04\\\/Intermodal.jpeg\",\"articleSection\":[\"Sin categor\u00eda\"],\"inLanguage\":\"en-US\",\"potentialAction\":[{\"@type\":\"CommentAction\",\"name\":\"Comment\",\"target\":[\"https:\\\/\\\/jpevlogistics.com\\\/nuestra-visita-a-la-feria-intermodal-2025-en-brasil\\\/#respond\"]}]},{\"@type\":\"WebPage\",\"@id\":\"https:\\\/\\\/jpevlogistics.com\\\/nuestra-visita-a-la-feria-intermodal-2025-en-brasil\\\/\",\"url\":\"https:\\\/\\\/jpevlogistics.com\\\/nuestra-visita-a-la-feria-intermodal-2025-en-brasil\\\/\",\"name\":\"Nuestra Visita a la Feria Intermodal 2025 en Brasil - JPEV Logistics\",\"isPartOf\":{\"@id\":\"https:\\\/\\\/jpevlogistics.com\\\/#website\"},\"primaryImageOfPage\":{\"@id\":\"https:\\\/\\\/jpevlogistics.com\\\/nuestra-visita-a-la-feria-intermodal-2025-en-brasil\\\/#primaryimage\"},\"image\":{\"@id\":\"https:\\\/\\\/jpevlogistics.com\\\/nuestra-visita-a-la-feria-intermodal-2025-en-brasil\\\/#primaryimage\"},\"thumbnailUrl\":\"https:\\\/\\\/jpevlogistics.com\\\/wp-content\\\/uploads\\\/2025\\\/04\\\/Intermodal.jpeg\",\"datePublished\":\"2025-04-25T22:54:47+00:00\",\"dateModified\":\"2025-04-25T23:15:42+00:00\",\"breadcrumb\":{\"@id\":\"https:\\\/\\\/jpevlogistics.com\\\/nuestra-visita-a-la-feria-intermodal-2025-en-brasil\\\/#breadcrumb\"},\"inLanguage\":\"en-US\",\"potentialAction\":[{\"@type\":\"ReadAction\",\"target\":[\"https:\\\/\\\/jpevlogistics.com\\\/nuestra-visita-a-la-feria-intermodal-2025-en-brasil\\\/\"]}]},{\"@type\":\"ImageObject\",\"inLanguage\":\"en-US\",\"@id\":\"https:\\\/\\\/jpevlogistics.com\\\/nuestra-visita-a-la-feria-intermodal-2025-en-brasil\\\/#primaryimage\",\"url\":\"https:\\\/\\\/jpevlogistics.com\\\/wp-content\\\/uploads\\\/2025\\\/04\\\/Intermodal.jpeg\",\"contentUrl\":\"https:\\\/\\\/jpevlogistics.com\\\/wp-content\\\/uploads\\\/2025\\\/04\\\/Intermodal.jpeg\",\"width\":1280,\"height\":720},{\"@type\":\"BreadcrumbList\",\"@id\":\"https:\\\/\\\/jpevlogistics.com\\\/nuestra-visita-a-la-feria-intermodal-2025-en-brasil\\\/#breadcrumb\",\"itemListElement\":[{\"@type\":\"ListItem\",\"position\":1,\"name\":\"Portada\",\"item\":\"https:\\\/\\\/jpevlogistics.com\\\/\"},{\"@type\":\"ListItem\",\"position\":2,\"name\":\"Nuestra Visita a la Feria Intermodal 2025 en Brasil\"}]},{\"@type\":\"WebSite\",\"@id\":\"https:\\\/\\\/jpevlogistics.com\\\/#website\",\"url\":\"https:\\\/\\\/jpevlogistics.com\\\/\",\"name\":\"JPEV Logistics\",\"description\":\"\",\"publisher\":{\"@id\":\"https:\\\/\\\/jpevlogistics.com\\\/#organization\"},\"potentialAction\":[{\"@type\":\"SearchAction\",\"target\":{\"@type\":\"EntryPoint\",\"urlTemplate\":\"https:\\\/\\\/jpevlogistics.com\\\/?s={search_term_string}\"},\"query-input\":{\"@type\":\"PropertyValueSpecification\",\"valueRequired\":true,\"valueName\":\"search_term_string\"}}],\"inLanguage\":\"en-US\"},{\"@type\":\"Organization\",\"@id\":\"https:\\\/\\\/jpevlogistics.com\\\/#organization\",\"name\":\"JPEV Logistics\",\"url\":\"https:\\\/\\\/jpevlogistics.com\\\/\",\"logo\":{\"@type\":\"ImageObject\",\"inLanguage\":\"en-US\",\"@id\":\"https:\\\/\\\/jpevlogistics.com\\\/#\\\/schema\\\/logo\\\/image\\\/\",\"url\":\"https:\\\/\\\/jpevlogistics.com\\\/wp-content\\\/uploads\\\/2020\\\/07\\\/logo.png\",\"contentUrl\":\"https:\\\/\\\/jpevlogistics.com\\\/wp-content\\\/uploads\\\/2020\\\/07\\\/logo.png\",\"width\":214,\"height\":81,\"caption\":\"JPEV Logistics\"},\"image\":{\"@id\":\"https:\\\/\\\/jpevlogistics.com\\\/#\\\/schema\\\/logo\\\/image\\\/\"},\"sameAs\":[\"https:\\\/\\\/www.instagram.com\\\/jpevlogistics\\\/\",\"https:\\\/\\\/www.linkedin.com\\\/company\\\/jpev-logistics\\\/\"]},{\"@type\":\"Person\",\"@id\":\"https:\\\/\\\/jpevlogistics.com\\\/#\\\/schema\\\/person\\\/5cb83ed90e4ad10651470058bc190e62\",\"name\":\"horacio\",\"image\":{\"@type\":\"ImageObject\",\"inLanguage\":\"en-US\",\"@id\":\"https:\\\/\\\/secure.gravatar.com\\\/avatar\\\/49ba85a39487c51406dba7224109c3b2296f15c3dd1931dd024e3f540b12ea7d?s=96&d=mm&r=g\",\"url\":\"https:\\\/\\\/secure.gravatar.com\\\/avatar\\\/49ba85a39487c51406dba7224109c3b2296f15c3dd1931dd024e3f540b12ea7d?s=96&d=mm&r=g\",\"contentUrl\":\"https:\\\/\\\/secure.gravatar.com\\\/avatar\\\/49ba85a39487c51406dba7224109c3b2296f15c3dd1931dd024e3f540b12ea7d?s=96&d=mm&r=g\",\"caption\":\"horacio\"},\"url\":\"https:\\\/\\\/jpevlogistics.com\\\/en\\\/author\\\/horacio\\\/\"}]}<\/script>\n<!-- \/ Yoast SEO plugin. -->","yoast_head_json":{"title":"Nuestra Visita a la Feria Intermodal 2025 en Brasil - JPEV Logistics","robots":{"index":"index","follow":"follow","max-snippet":"max-snippet:-1","max-image-preview":"max-image-preview:large","max-video-preview":"max-video-preview:-1"},"canonical":"https:\/\/jpevlogistics.com\/en\/nuestra-visita-a-la-feria-intermodal-2025-en-brasil\/","og_locale":"en_US","og_type":"article","og_title":"Nuestra Visita a la Feria Intermodal 2025 en Brasil - JPEV Logistics","og_description":"25\/04\/2025 &#8211; Encuentro de L\u00edderes del Sector Log\u00edstico para Impulsar el Futuro del Transporte y la Log\u00edstica Del 22 al 24 de abril de 2025, tuvimos el privilegio de asistir a la Feria Intermodal South America en S\u00e3o Paulo, Brasil. Este evento, reconocido como el m\u00e1s grande y completo en el \u00e1mbito de la log\u00edstica, [&hellip;]","og_url":"https:\/\/jpevlogistics.com\/en\/nuestra-visita-a-la-feria-intermodal-2025-en-brasil\/","og_site_name":"JPEV Logistics","article_published_time":"2025-04-25T22:54:47+00:00","article_modified_time":"2025-04-25T23:15:42+00:00","og_image":[{"width":1280,"height":720,"url":"https:\/\/jpevlogistics.com\/wp-content\/uploads\/2025\/04\/Intermodal.jpeg","type":"image\/jpeg"}],"author":"horacio","twitter_card":"summary_large_image","twitter_misc":{"Written by":"horacio","Est. reading time":"2 minutes"},"schema":{"@context":"https:\/\/schema.org","@graph":[{"@type":"Article","@id":"https:\/\/jpevlogistics.com\/nuestra-visita-a-la-feria-intermodal-2025-en-brasil\/#article","isPartOf":{"@id":"https:\/\/jpevlogistics.com\/nuestra-visita-a-la-feria-intermodal-2025-en-brasil\/"},"author":{"name":"horacio","@id":"https:\/\/jpevlogistics.com\/#\/schema\/person\/5cb83ed90e4ad10651470058bc190e62"},"headline":"Nuestra Visita a la Feria Intermodal 2025 en Brasil","datePublished":"2025-04-25T22:54:47+00:00","dateModified":"2025-04-25T23:15:42+00:00","mainEntityOfPage":{"@id":"https:\/\/jpevlogistics.com\/nuestra-visita-a-la-feria-intermodal-2025-en-brasil\/"},"wordCount":436,"commentCount":1,"publisher":{"@id":"https:\/\/jpevlogistics.com\/#organization"},"image":{"@id":"https:\/\/jpevlogistics.com\/nuestra-visita-a-la-feria-intermodal-2025-en-brasil\/#primaryimage"},"thumbnailUrl":"https:\/\/jpevlogistics.com\/wp-content\/uploads\/2025\/04\/Intermodal.jpeg","articleSection":["Sin categor\u00eda"],"inLanguage":"en-US","potentialAction":[{"@type":"CommentAction","name":"Comment","target":["https:\/\/jpevlogistics.com\/nuestra-visita-a-la-feria-intermodal-2025-en-brasil\/#respond"]}]},{"@type":"WebPage","@id":"https:\/\/jpevlogistics.com\/nuestra-visita-a-la-feria-intermodal-2025-en-brasil\/","url":"https:\/\/jpevlogistics.com\/nuestra-visita-a-la-feria-intermodal-2025-en-brasil\/","name":"Nuestra Visita a la Feria Intermodal 2025 en Brasil - JPEV Logistics","isPartOf":{"@id":"https:\/\/jpevlogistics.com\/#website"},"primaryImageOfPage":{"@id":"https:\/\/jpevlogistics.com\/nuestra-visita-a-la-feria-intermodal-2025-en-brasil\/#primaryimage"},"image":{"@id":"https:\/\/jpevlogistics.com\/nuestra-visita-a-la-feria-intermodal-2025-en-brasil\/#primaryimage"},"thumbnailUrl":"https:\/\/jpevlogistics.com\/wp-content\/uploads\/2025\/04\/Intermodal.jpeg","datePublished":"2025-04-25T22:54:47+00:00","dateModified":"2025-04-25T23:15:42+00:00","breadcrumb":{"@id":"https:\/\/jpevlogistics.com\/nuestra-visita-a-la-feria-intermodal-2025-en-brasil\/#breadcrumb"},"inLanguage":"en-US","potentialAction":[{"@type":"ReadAction","target":["https:\/\/jpevlogistics.com\/nuestra-visita-a-la-feria-intermodal-2025-en-brasil\/"]}]},{"@type":"ImageObject","inLanguage":"en-US","@id":"https:\/\/jpevlogistics.com\/nuestra-visita-a-la-feria-intermodal-2025-en-brasil\/#primaryimage","url":"https:\/\/jpevlogistics.com\/wp-content\/uploads\/2025\/04\/Intermodal.jpeg","contentUrl":"https:\/\/jpevlogistics.com\/wp-content\/uploads\/2025\/04\/Intermodal.jpeg","width":1280,"height":720},{"@type":"BreadcrumbList","@id":"https:\/\/jpevlogistics.com\/nuestra-visita-a-la-feria-intermodal-2025-en-brasil\/#breadcrumb","itemListElement":[{"@type":"ListItem","position":1,"name":"Portada","item":"https:\/\/jpevlogistics.com\/"},{"@type":"ListItem","position":2,"name":"Nuestra Visita a la Feria Intermodal 2025 en Brasil"}]},{"@type":"WebSite","@id":"https:\/\/jpevlogistics.com\/#website","url":"https:\/\/jpevlogistics.com\/","name":"JPEV Logistics","description":"","publisher":{"@id":"https:\/\/jpevlogistics.com\/#organization"},"potentialAction":[{"@type":"SearchAction","target":{"@type":"EntryPoint","urlTemplate":"https:\/\/jpevlogistics.com\/?s={search_term_string}"},"query-input":{"@type":"PropertyValueSpecification","valueRequired":true,"valueName":"search_term_string"}}],"inLanguage":"en-US"},{"@type":"Organization","@id":"https:\/\/jpevlogistics.com\/#organization","name":"JPEV Logistics","url":"https:\/\/jpevlogistics.com\/","logo":{"@type":"ImageObject","inLanguage":"en-US","@id":"https:\/\/jpevlogistics.com\/#\/schema\/logo\/image\/","url":"https:\/\/jpevlogistics.com\/wp-content\/uploads\/2020\/07\/logo.png","contentUrl":"https:\/\/jpevlogistics.com\/wp-content\/uploads\/2020\/07\/logo.png","width":214,"height":81,"caption":"JPEV Logistics"},"image":{"@id":"https:\/\/jpevlogistics.com\/#\/schema\/logo\/image\/"},"sameAs":["https:\/\/www.instagram.com\/jpevlogistics\/","https:\/\/www.linkedin.com\/company\/jpev-logistics\/"]},{"@type":"Person","@id":"https:\/\/jpevlogistics.com\/#\/schema\/person\/5cb83ed90e4ad10651470058bc190e62","name":"horacio","image":{"@type":"ImageObject","inLanguage":"en-US","@id":"https:\/\/secure.gravatar.com\/avatar\/49ba85a39487c51406dba7224109c3b2296f15c3dd1931dd024e3f540b12ea7d?s=96&d=mm&r=g","url":"https:\/\/secure.gravatar.com\/avatar\/49ba85a39487c51406dba7224109c3b2296f15c3dd1931dd024e3f540b12ea7d?s=96&d=mm&r=g","contentUrl":"https:\/\/secure.gravatar.com\/avatar\/49ba85a39487c51406dba7224109c3b2296f15c3dd1931dd024e3f540b12ea7d?s=96&d=mm&r=g","caption":"horacio"},"url":"https:\/\/jpevlogistics.com\/en\/author\/horacio\/"}]}},"_links":{"self":[{"href":"https:\/\/jpevlogistics.com\/en\/wp-json\/wp\/v2\/posts\/4144","targetHints":{"allow":["GET"]}}],"collection":[{"href":"https:\/\/jpevlogistics.com\/en\/wp-json\/wp\/v2\/posts"}],"about":[{"href":"https:\/\/jpevlogistics.com\/en\/wp-json\/wp\/v2\/types\/post"}],"author":[{"embeddable":true,"href":"https:\/\/jpevlogistics.com\/en\/wp-json\/wp\/v2\/users\/4"}],"replies":[{"embeddable":true,"href":"https:\/\/jpevlogistics.com\/en\/wp-json\/wp\/v2\/comments?post=4144"}],"version-history":[{"count":1,"href":"https:\/\/jpevlogistics.com\/en\/wp-json\/wp\/v2\/posts\/4144\/revisions"}],"predecessor-version":[{"id":4146,"href":"https:\/\/jpevlogistics.com\/en\/wp-json\/wp\/v2\/posts\/4144\/revisions\/4146"}],"wp:featuredmedia":[{"embeddable":true,"href":"https:\/\/jpevlogistics.com\/en\/wp-json\/wp\/v2\/media\/4145"}],"wp:attachment":[{"href":"https:\/\/jpevlogistics.com\/en\/wp-json\/wp\/v2\/media?parent=4144"}],"wp:term":[{"taxonomy":"category","embeddable":true,"href":"https:\/\/jpevlogistics.com\/en\/wp-json\/wp\/v2\/categories?post=4144"},{"taxonomy":"post_tag","embeddable":true,"href":"https:\/\/jpevlogistics.com\/en\/wp-json\/wp\/v2\/tags?post=4144"}],"curies":[{"name":"wp","href":"https:\/\/api.w.org\/{rel}","templated":true}]}}