{"id":4151,"date":"2025-04-30T17:24:43","date_gmt":"2025-04-30T17:24:43","guid":{"rendered":"https:\/\/jpevlogistics.com\/?p=4151"},"modified":"2025-04-30T17:31:09","modified_gmt":"2025-04-30T17:31:09","slug":"servicio-de-carga-consolidada-semanal-desde-brasil-a-argentina","status":"publish","type":"post","link":"https:\/\/jpevlogistics.com\/en\/servicio-de-carga-consolidada-semanal-desde-brasil-a-argentina\/","title":{"rendered":"Servicio de Carga Consolidada Semanal desde Brasil a Argentina"},"content":{"rendered":"<p>30\/04\/2025 &#8211; <strong>Optimizaci\u00f3n de costos y entregas puntuales con cobertura amplia<\/strong><\/p>\n\n\n\n<p>Estimados clientes,<\/p>\n\n\n\n<p>Nos complace informarles que seguimos ofreciendo nuestro servicio de carga consolidada semanal desde Brasil a Argentina, v\u00eda terrestre. Este servicio ha sido dise\u00f1ado para proporcionarles una soluci\u00f3n eficiente y econ\u00f3mica para sus necesidades de transporte.<\/p>\n\n\n\n<p><strong>Beneficios del servicio:<\/strong><\/p>\n\n\n\n<ul class=\"wp-block-list\">\n<li><strong>Frecuencia semanal:<\/strong>\u00a0Garantizamos salidas regulares cada semana, asegurando la puntualidad en las entregas.<\/li>\n\n\n\n<li><strong>Origen de las cargas:<\/strong>\u00a0Tomamos cargas desde San Pablo, Porto Alegre, Santa Catarina, Blumenau, Caxias do Sul y m\u00e1s de 30 ciudades a disposici\u00f3n.<\/li>\n<\/ul>\n\n\n\n<p><strong>Certificaci\u00f3n ISO 9001:2015:<\/strong>\u00a0Nuestro servicio est\u00e1 certificado con la garant\u00eda de ser ISO 9001:2015, lo que asegura la calidad y eficiencia de nuestros servicios.<\/p>\n\n\n\n<figure class=\"wp-block-image size-large\"><img fetchpriority=\"high\" decoding=\"async\" width=\"1024\" height=\"778\" src=\"https:\/\/jpevlogistics.com\/wp-content\/uploads\/2025\/04\/camion-JPEV--1024x778.png\" alt=\"\" class=\"wp-image-4153\" srcset=\"https:\/\/jpevlogistics.com\/wp-content\/uploads\/2025\/04\/camion-JPEV--1024x778.png 1024w, https:\/\/jpevlogistics.com\/wp-content\/uploads\/2025\/04\/camion-JPEV--300x228.png 300w, https:\/\/jpevlogistics.com\/wp-content\/uploads\/2025\/04\/camion-JPEV--768x584.png 768w, https:\/\/jpevlogistics.com\/wp-content\/uploads\/2025\/04\/camion-JPEV--16x12.png 16w, https:\/\/jpevlogistics.com\/wp-content\/uploads\/2025\/04\/camion-JPEV-.png 1184w\" sizes=\"(max-width: 1024px) 100vw, 1024px\" \/><\/figure>\n\n\n\n<ul class=\"wp-block-list\">\n<li><strong>Optimizaci\u00f3n de costos:<\/strong>\u00a0Al consolidar la carga, reducimos los costos de transporte, permiti\u00e9ndoles ahorrar en sus env\u00edos.<\/li>\n\n\n\n<li><strong>Seguridad y confiabilidad:<\/strong>\u00a0Contamos con un equipo de profesionales dedicados a asegurar que su carga llegue en perfectas condiciones.<\/li>\n\n\n\n<li><strong>Cobertura amplia:<\/strong>\u00a0Desde cualquier punto de Brasil hasta su destino en Argentina, cubrimos todas las rutas principales.<\/li>\n\n\n\n<li><strong>Aduanas eficientes:<\/strong>\u00a0Utilizamos las aduanas de Uruguayana y Paso de los Libres para agilizar el proceso de despacho y garantizar una entrega r\u00e1pida y segura.<\/li>\n\n\n\n<li><strong>Entregas en Rosario, C\u00f3rdoba y Mendoza:<\/strong>\u00a0Ofrecemos entregas directas en estas ciudades clave desde Buenos Aires a trav\u00e9s de un servicio expreso semanal, asegurando una distribuci\u00f3n eficiente y puntual.<\/li>\n<\/ul>\n\n\n\n<p>Este servicio est\u00e1 disponible tanto para nuestros clientes activos como para aquellos que buscan una soluci\u00f3n confiable y eficiente para sus env\u00edos. No dude en contactarnos para obtener m\u00e1s informaci\u00f3n y seguir disfrutando de los beneficios de nuestro servicio de carga consolidada.<\/p>\n\n\n\n<p>\u00a1Esperamos poder servirles pronto!<\/p>\n\n\n\n<p>Atentamente,<\/p>\n\n\n\n<p>jpevlogistics.com<\/p>\n\n\n\n<p><\/p>","protected":false},"excerpt":{"rendered":"<p>30\/04\/2025 &#8211; Optimizaci\u00f3n de costos y entregas puntuales con cobertura amplia Estimados clientes, Nos complace informarles que seguimos ofreciendo nuestro servicio de carga consolidada semanal desde Brasil a Argentina, v\u00eda terrestre. Este servicio ha sido dise\u00f1ado para proporcionarles una soluci\u00f3n eficiente y econ\u00f3mica para sus necesidades de transporte. Beneficios del servicio: Certificaci\u00f3n ISO 9001:2015:\u00a0Nuestro servicio [&hellip;]<\/p>\n","protected":false},"author":4,"featured_media":4091,"comment_status":"open","ping_status":"open","sticky":false,"template":"","format":"standard","meta":{"footnotes":""},"categories":[1],"tags":[],"class_list":["post-4151","post","type-post","status-publish","format-standard","has-post-thumbnail","hentry","category-sin-categoria"],"yoast_head":"<!-- This site is optimized with the Yoast SEO plugin v27.4 - https:\/\/yoast.com\/product\/yoast-seo-wordpress\/ -->\n<title>Servicio de Carga Consolidada Semanal desde Brasil a Argentina - JPEV Logistics<\/title>\n<meta name=\"robots\" content=\"index, follow, max-snippet:-1, max-image-preview:large, max-video-preview:-1\" \/>\n<link rel=\"canonical\" href=\"https:\/\/jpevlogistics.com\/en\/servicio-de-carga-consolidada-semanal-desde-brasil-a-argentina\/\" \/>\n<meta property=\"og:locale\" content=\"en_US\" \/>\n<meta property=\"og:type\" content=\"article\" \/>\n<meta property=\"og:title\" content=\"Servicio de Carga Consolidada Semanal desde Brasil a Argentina - JPEV Logistics\" \/>\n<meta property=\"og:description\" content=\"30\/04\/2025 &#8211; Optimizaci\u00f3n de costos y entregas puntuales con cobertura amplia Estimados clientes, Nos complace informarles que seguimos ofreciendo nuestro servicio de carga consolidada semanal desde Brasil a Argentina, v\u00eda terrestre. Este servicio ha sido dise\u00f1ado para proporcionarles una soluci\u00f3n eficiente y econ\u00f3mica para sus necesidades de transporte. Beneficios del servicio: Certificaci\u00f3n ISO 9001:2015:\u00a0Nuestro servicio [&hellip;]\" \/>\n<meta property=\"og:url\" content=\"https:\/\/jpevlogistics.com\/en\/servicio-de-carga-consolidada-semanal-desde-brasil-a-argentina\/\" \/>\n<meta property=\"og:site_name\" content=\"JPEV Logistics\" \/>\n<meta property=\"article:published_time\" content=\"2025-04-30T17:24:43+00:00\" \/>\n<meta property=\"article:modified_time\" content=\"2025-04-30T17:31:09+00:00\" \/>\n<meta property=\"og:image\" content=\"https:\/\/jpevlogistics.com\/wp-content\/uploads\/2025\/04\/NSN-Transportes.jpg\" \/>\n\t<meta property=\"og:image:width\" content=\"1360\" \/>\n\t<meta property=\"og:image:height\" content=\"765\" \/>\n\t<meta property=\"og:image:type\" content=\"image\/jpeg\" \/>\n<meta name=\"author\" content=\"horacio\" \/>\n<meta name=\"twitter:card\" content=\"summary_large_image\" \/>\n<meta name=\"twitter:label1\" content=\"Written by\" \/>\n\t<meta name=\"twitter:data1\" content=\"horacio\" \/>\n\t<meta name=\"twitter:label2\" content=\"Est. reading time\" \/>\n\t<meta name=\"twitter:data2\" content=\"1 minute\" \/>\n<script type=\"application\/ld+json\" class=\"yoast-schema-graph\">{\"@context\":\"https:\\\/\\\/schema.org\",\"@graph\":[{\"@type\":\"Article\",\"@id\":\"https:\\\/\\\/jpevlogistics.com\\\/servicio-de-carga-consolidada-semanal-desde-brasil-a-argentina\\\/#article\",\"isPartOf\":{\"@id\":\"https:\\\/\\\/jpevlogistics.com\\\/servicio-de-carga-consolidada-semanal-desde-brasil-a-argentina\\\/\"},\"author\":{\"name\":\"horacio\",\"@id\":\"https:\\\/\\\/jpevlogistics.com\\\/#\\\/schema\\\/person\\\/5cb83ed90e4ad10651470058bc190e62\"},\"headline\":\"Servicio de Carga Consolidada Semanal desde Brasil a Argentina\",\"datePublished\":\"2025-04-30T17:24:43+00:00\",\"dateModified\":\"2025-04-30T17:31:09+00:00\",\"mainEntityOfPage\":{\"@id\":\"https:\\\/\\\/jpevlogistics.com\\\/servicio-de-carga-consolidada-semanal-desde-brasil-a-argentina\\\/\"},\"wordCount\":293,\"commentCount\":0,\"publisher\":{\"@id\":\"https:\\\/\\\/jpevlogistics.com\\\/#organization\"},\"image\":{\"@id\":\"https:\\\/\\\/jpevlogistics.com\\\/servicio-de-carga-consolidada-semanal-desde-brasil-a-argentina\\\/#primaryimage\"},\"thumbnailUrl\":\"https:\\\/\\\/jpevlogistics.com\\\/wp-content\\\/uploads\\\/2025\\\/04\\\/NSN-Transportes.jpg\",\"articleSection\":[\"Sin categor\u00eda\"],\"inLanguage\":\"en-US\",\"potentialAction\":[{\"@type\":\"CommentAction\",\"name\":\"Comment\",\"target\":[\"https:\\\/\\\/jpevlogistics.com\\\/servicio-de-carga-consolidada-semanal-desde-brasil-a-argentina\\\/#respond\"]}]},{\"@type\":\"WebPage\",\"@id\":\"https:\\\/\\\/jpevlogistics.com\\\/servicio-de-carga-consolidada-semanal-desde-brasil-a-argentina\\\/\",\"url\":\"https:\\\/\\\/jpevlogistics.com\\\/servicio-de-carga-consolidada-semanal-desde-brasil-a-argentina\\\/\",\"name\":\"Servicio de Carga Consolidada Semanal desde Brasil a Argentina - JPEV Logistics\",\"isPartOf\":{\"@id\":\"https:\\\/\\\/jpevlogistics.com\\\/#website\"},\"primaryImageOfPage\":{\"@id\":\"https:\\\/\\\/jpevlogistics.com\\\/servicio-de-carga-consolidada-semanal-desde-brasil-a-argentina\\\/#primaryimage\"},\"image\":{\"@id\":\"https:\\\/\\\/jpevlogistics.com\\\/servicio-de-carga-consolidada-semanal-desde-brasil-a-argentina\\\/#primaryimage\"},\"thumbnailUrl\":\"https:\\\/\\\/jpevlogistics.com\\\/wp-content\\\/uploads\\\/2025\\\/04\\\/NSN-Transportes.jpg\",\"datePublished\":\"2025-04-30T17:24:43+00:00\",\"dateModified\":\"2025-04-30T17:31:09+00:00\",\"breadcrumb\":{\"@id\":\"https:\\\/\\\/jpevlogistics.com\\\/servicio-de-carga-consolidada-semanal-desde-brasil-a-argentina\\\/#breadcrumb\"},\"inLanguage\":\"en-US\",\"potentialAction\":[{\"@type\":\"ReadAction\",\"target\":[\"https:\\\/\\\/jpevlogistics.com\\\/servicio-de-carga-consolidada-semanal-desde-brasil-a-argentina\\\/\"]}]},{\"@type\":\"ImageObject\",\"inLanguage\":\"en-US\",\"@id\":\"https:\\\/\\\/jpevlogistics.com\\\/servicio-de-carga-consolidada-semanal-desde-brasil-a-argentina\\\/#primaryimage\",\"url\":\"https:\\\/\\\/jpevlogistics.com\\\/wp-content\\\/uploads\\\/2025\\\/04\\\/NSN-Transportes.jpg\",\"contentUrl\":\"https:\\\/\\\/jpevlogistics.com\\\/wp-content\\\/uploads\\\/2025\\\/04\\\/NSN-Transportes.jpg\",\"width\":1360,\"height\":765},{\"@type\":\"BreadcrumbList\",\"@id\":\"https:\\\/\\\/jpevlogistics.com\\\/servicio-de-carga-consolidada-semanal-desde-brasil-a-argentina\\\/#breadcrumb\",\"itemListElement\":[{\"@type\":\"ListItem\",\"position\":1,\"name\":\"Portada\",\"item\":\"https:\\\/\\\/jpevlogistics.com\\\/\"},{\"@type\":\"ListItem\",\"position\":2,\"name\":\"Servicio de Carga Consolidada Semanal desde Brasil a Argentina\"}]},{\"@type\":\"WebSite\",\"@id\":\"https:\\\/\\\/jpevlogistics.com\\\/#website\",\"url\":\"https:\\\/\\\/jpevlogistics.com\\\/\",\"name\":\"JPEV Logistics\",\"description\":\"\",\"publisher\":{\"@id\":\"https:\\\/\\\/jpevlogistics.com\\\/#organization\"},\"potentialAction\":[{\"@type\":\"SearchAction\",\"target\":{\"@type\":\"EntryPoint\",\"urlTemplate\":\"https:\\\/\\\/jpevlogistics.com\\\/?s={search_term_string}\"},\"query-input\":{\"@type\":\"PropertyValueSpecification\",\"valueRequired\":true,\"valueName\":\"search_term_string\"}}],\"inLanguage\":\"en-US\"},{\"@type\":\"Organization\",\"@id\":\"https:\\\/\\\/jpevlogistics.com\\\/#organization\",\"name\":\"JPEV Logistics\",\"url\":\"https:\\\/\\\/jpevlogistics.com\\\/\",\"logo\":{\"@type\":\"ImageObject\",\"inLanguage\":\"en-US\",\"@id\":\"https:\\\/\\\/jpevlogistics.com\\\/#\\\/schema\\\/logo\\\/image\\\/\",\"url\":\"https:\\\/\\\/jpevlogistics.com\\\/wp-content\\\/uploads\\\/2020\\\/07\\\/logo.png\",\"contentUrl\":\"https:\\\/\\\/jpevlogistics.com\\\/wp-content\\\/uploads\\\/2020\\\/07\\\/logo.png\",\"width\":214,\"height\":81,\"caption\":\"JPEV Logistics\"},\"image\":{\"@id\":\"https:\\\/\\\/jpevlogistics.com\\\/#\\\/schema\\\/logo\\\/image\\\/\"},\"sameAs\":[\"https:\\\/\\\/www.instagram.com\\\/jpevlogistics\\\/\",\"https:\\\/\\\/www.linkedin.com\\\/company\\\/jpev-logistics\\\/\"]},{\"@type\":\"Person\",\"@id\":\"https:\\\/\\\/jpevlogistics.com\\\/#\\\/schema\\\/person\\\/5cb83ed90e4ad10651470058bc190e62\",\"name\":\"horacio\",\"image\":{\"@type\":\"ImageObject\",\"inLanguage\":\"en-US\",\"@id\":\"https:\\\/\\\/secure.gravatar.com\\\/avatar\\\/49ba85a39487c51406dba7224109c3b2296f15c3dd1931dd024e3f540b12ea7d?s=96&d=mm&r=g\",\"url\":\"https:\\\/\\\/secure.gravatar.com\\\/avatar\\\/49ba85a39487c51406dba7224109c3b2296f15c3dd1931dd024e3f540b12ea7d?s=96&d=mm&r=g\",\"contentUrl\":\"https:\\\/\\\/secure.gravatar.com\\\/avatar\\\/49ba85a39487c51406dba7224109c3b2296f15c3dd1931dd024e3f540b12ea7d?s=96&d=mm&r=g\",\"caption\":\"horacio\"},\"url\":\"https:\\\/\\\/jpevlogistics.com\\\/en\\\/author\\\/horacio\\\/\"}]}<\/script>\n<!-- \/ Yoast SEO plugin. -->","yoast_head_json":{"title":"Servicio de Carga Consolidada Semanal desde Brasil a Argentina - JPEV Logistics","robots":{"index":"index","follow":"follow","max-snippet":"max-snippet:-1","max-image-preview":"max-image-preview:large","max-video-preview":"max-video-preview:-1"},"canonical":"https:\/\/jpevlogistics.com\/en\/servicio-de-carga-consolidada-semanal-desde-brasil-a-argentina\/","og_locale":"en_US","og_type":"article","og_title":"Servicio de Carga Consolidada Semanal desde Brasil a Argentina - JPEV Logistics","og_description":"30\/04\/2025 &#8211; Optimizaci\u00f3n de costos y entregas puntuales con cobertura amplia Estimados clientes, Nos complace informarles que seguimos ofreciendo nuestro servicio de carga consolidada semanal desde Brasil a Argentina, v\u00eda terrestre. Este servicio ha sido dise\u00f1ado para proporcionarles una soluci\u00f3n eficiente y econ\u00f3mica para sus necesidades de transporte. Beneficios del servicio: Certificaci\u00f3n ISO 9001:2015:\u00a0Nuestro servicio [&hellip;]","og_url":"https:\/\/jpevlogistics.com\/en\/servicio-de-carga-consolidada-semanal-desde-brasil-a-argentina\/","og_site_name":"JPEV Logistics","article_published_time":"2025-04-30T17:24:43+00:00","article_modified_time":"2025-04-30T17:31:09+00:00","og_image":[{"width":1360,"height":765,"url":"https:\/\/jpevlogistics.com\/wp-content\/uploads\/2025\/04\/NSN-Transportes.jpg","type":"image\/jpeg"}],"author":"horacio","twitter_card":"summary_large_image","twitter_misc":{"Written by":"horacio","Est. reading time":"1 minute"},"schema":{"@context":"https:\/\/schema.org","@graph":[{"@type":"Article","@id":"https:\/\/jpevlogistics.com\/servicio-de-carga-consolidada-semanal-desde-brasil-a-argentina\/#article","isPartOf":{"@id":"https:\/\/jpevlogistics.com\/servicio-de-carga-consolidada-semanal-desde-brasil-a-argentina\/"},"author":{"name":"horacio","@id":"https:\/\/jpevlogistics.com\/#\/schema\/person\/5cb83ed90e4ad10651470058bc190e62"},"headline":"Servicio de Carga Consolidada Semanal desde Brasil a Argentina","datePublished":"2025-04-30T17:24:43+00:00","dateModified":"2025-04-30T17:31:09+00:00","mainEntityOfPage":{"@id":"https:\/\/jpevlogistics.com\/servicio-de-carga-consolidada-semanal-desde-brasil-a-argentina\/"},"wordCount":293,"commentCount":0,"publisher":{"@id":"https:\/\/jpevlogistics.com\/#organization"},"image":{"@id":"https:\/\/jpevlogistics.com\/servicio-de-carga-consolidada-semanal-desde-brasil-a-argentina\/#primaryimage"},"thumbnailUrl":"https:\/\/jpevlogistics.com\/wp-content\/uploads\/2025\/04\/NSN-Transportes.jpg","articleSection":["Sin categor\u00eda"],"inLanguage":"en-US","potentialAction":[{"@type":"CommentAction","name":"Comment","target":["https:\/\/jpevlogistics.com\/servicio-de-carga-consolidada-semanal-desde-brasil-a-argentina\/#respond"]}]},{"@type":"WebPage","@id":"https:\/\/jpevlogistics.com\/servicio-de-carga-consolidada-semanal-desde-brasil-a-argentina\/","url":"https:\/\/jpevlogistics.com\/servicio-de-carga-consolidada-semanal-desde-brasil-a-argentina\/","name":"Servicio de Carga Consolidada Semanal desde Brasil a Argentina - JPEV Logistics","isPartOf":{"@id":"https:\/\/jpevlogistics.com\/#website"},"primaryImageOfPage":{"@id":"https:\/\/jpevlogistics.com\/servicio-de-carga-consolidada-semanal-desde-brasil-a-argentina\/#primaryimage"},"image":{"@id":"https:\/\/jpevlogistics.com\/servicio-de-carga-consolidada-semanal-desde-brasil-a-argentina\/#primaryimage"},"thumbnailUrl":"https:\/\/jpevlogistics.com\/wp-content\/uploads\/2025\/04\/NSN-Transportes.jpg","datePublished":"2025-04-30T17:24:43+00:00","dateModified":"2025-04-30T17:31:09+00:00","breadcrumb":{"@id":"https:\/\/jpevlogistics.com\/servicio-de-carga-consolidada-semanal-desde-brasil-a-argentina\/#breadcrumb"},"inLanguage":"en-US","potentialAction":[{"@type":"ReadAction","target":["https:\/\/jpevlogistics.com\/servicio-de-carga-consolidada-semanal-desde-brasil-a-argentina\/"]}]},{"@type":"ImageObject","inLanguage":"en-US","@id":"https:\/\/jpevlogistics.com\/servicio-de-carga-consolidada-semanal-desde-brasil-a-argentina\/#primaryimage","url":"https:\/\/jpevlogistics.com\/wp-content\/uploads\/2025\/04\/NSN-Transportes.jpg","contentUrl":"https:\/\/jpevlogistics.com\/wp-content\/uploads\/2025\/04\/NSN-Transportes.jpg","width":1360,"height":765},{"@type":"BreadcrumbList","@id":"https:\/\/jpevlogistics.com\/servicio-de-carga-consolidada-semanal-desde-brasil-a-argentina\/#breadcrumb","itemListElement":[{"@type":"ListItem","position":1,"name":"Portada","item":"https:\/\/jpevlogistics.com\/"},{"@type":"ListItem","position":2,"name":"Servicio de Carga Consolidada Semanal desde Brasil a Argentina"}]},{"@type":"WebSite","@id":"https:\/\/jpevlogistics.com\/#website","url":"https:\/\/jpevlogistics.com\/","name":"JPEV Logistics","description":"","publisher":{"@id":"https:\/\/jpevlogistics.com\/#organization"},"potentialAction":[{"@type":"SearchAction","target":{"@type":"EntryPoint","urlTemplate":"https:\/\/jpevlogistics.com\/?s={search_term_string}"},"query-input":{"@type":"PropertyValueSpecification","valueRequired":true,"valueName":"search_term_string"}}],"inLanguage":"en-US"},{"@type":"Organization","@id":"https:\/\/jpevlogistics.com\/#organization","name":"JPEV Logistics","url":"https:\/\/jpevlogistics.com\/","logo":{"@type":"ImageObject","inLanguage":"en-US","@id":"https:\/\/jpevlogistics.com\/#\/schema\/logo\/image\/","url":"https:\/\/jpevlogistics.com\/wp-content\/uploads\/2020\/07\/logo.png","contentUrl":"https:\/\/jpevlogistics.com\/wp-content\/uploads\/2020\/07\/logo.png","width":214,"height":81,"caption":"JPEV Logistics"},"image":{"@id":"https:\/\/jpevlogistics.com\/#\/schema\/logo\/image\/"},"sameAs":["https:\/\/www.instagram.com\/jpevlogistics\/","https:\/\/www.linkedin.com\/company\/jpev-logistics\/"]},{"@type":"Person","@id":"https:\/\/jpevlogistics.com\/#\/schema\/person\/5cb83ed90e4ad10651470058bc190e62","name":"horacio","image":{"@type":"ImageObject","inLanguage":"en-US","@id":"https:\/\/secure.gravatar.com\/avatar\/49ba85a39487c51406dba7224109c3b2296f15c3dd1931dd024e3f540b12ea7d?s=96&d=mm&r=g","url":"https:\/\/secure.gravatar.com\/avatar\/49ba85a39487c51406dba7224109c3b2296f15c3dd1931dd024e3f540b12ea7d?s=96&d=mm&r=g","contentUrl":"https:\/\/secure.gravatar.com\/avatar\/49ba85a39487c51406dba7224109c3b2296f15c3dd1931dd024e3f540b12ea7d?s=96&d=mm&r=g","caption":"horacio"},"url":"https:\/\/jpevlogistics.com\/en\/author\/horacio\/"}]}},"_links":{"self":[{"href":"https:\/\/jpevlogistics.com\/en\/wp-json\/wp\/v2\/posts\/4151","targetHints":{"allow":["GET"]}}],"collection":[{"href":"https:\/\/jpevlogistics.com\/en\/wp-json\/wp\/v2\/posts"}],"about":[{"href":"https:\/\/jpevlogistics.com\/en\/wp-json\/wp\/v2\/types\/post"}],"author":[{"embeddable":true,"href":"https:\/\/jpevlogistics.com\/en\/wp-json\/wp\/v2\/users\/4"}],"replies":[{"embeddable":true,"href":"https:\/\/jpevlogistics.com\/en\/wp-json\/wp\/v2\/comments?post=4151"}],"version-history":[{"count":2,"href":"https:\/\/jpevlogistics.com\/en\/wp-json\/wp\/v2\/posts\/4151\/revisions"}],"predecessor-version":[{"id":4155,"href":"https:\/\/jpevlogistics.com\/en\/wp-json\/wp\/v2\/posts\/4151\/revisions\/4155"}],"wp:featuredmedia":[{"embeddable":true,"href":"https:\/\/jpevlogistics.com\/en\/wp-json\/wp\/v2\/media\/4091"}],"wp:attachment":[{"href":"https:\/\/jpevlogistics.com\/en\/wp-json\/wp\/v2\/media?parent=4151"}],"wp:term":[{"taxonomy":"category","embeddable":true,"href":"https:\/\/jpevlogistics.com\/en\/wp-json\/wp\/v2\/categories?post=4151"},{"taxonomy":"post_tag","embeddable":true,"href":"https:\/\/jpevlogistics.com\/en\/wp-json\/wp\/v2\/tags?post=4151"}],"curies":[{"name":"wp","href":"https:\/\/api.w.org\/{rel}","templated":true}]}}